{"id":9886,"date":"2021-05-24T10:08:54","date_gmt":"2021-05-24T08:08:54","guid":{"rendered":"https:\/\/barcelona.euses.cat\/?p=9886"},"modified":"2021-05-24T10:08:54","modified_gmt":"2021-05-24T08:08:54","slug":"representation-des-trois-campus-de-leuses-lors-de-la-nit-de-la-fisioterapia","status":"publish","type":"post","link":"https:\/\/barcelona.euses.cat\/fr\/representation-des-trois-campus-de-leuses-lors-de-la-nit-de-la-fisioterapia\/","title":{"rendered":"Repr\u00e9sentation des trois campus de l&rsquo;EUSES lors de la\u00a0\u00ab\u00a0Nit de la Fisioter\u00e0pia\u00a0\u00bb"},"content":{"rendered":"<div><b><\/b>L&rsquo;Escola Universit\u00e0ria de la Salut i l&rsquo;Esport \u00e9tait largement repr\u00e9sent\u00e9e lors de la \u00ab\u00a0<a href=\"https:\/\/www.fisioterapeutes.cat\/ca\/comunicacio\/noticies\/2021\/5\/17\/reconeixement-professio-centra-nit-fisioterapia\" target=\"_blank\" rel=\"noopener noreferrer\" data-saferedirecturl=\"https:\/\/www.google.com\/url?q=https:\/\/www.fisioterapeutes.cat\/ca\/comunicacio\/noticies\/2021\/5\/17\/reconeixement-professio-centra-nit-fisioterapia&amp;source=gmail&amp;ust=1621926445320000&amp;usg=AFQjCNGRss3FtHf_euz_mwJiLPLGQwCq2Q\"><i>Nit de la Fisioter\u00e0pia<\/i><\/a>\u00a0\u00bb\u00a0correspondant \u00e0 l&rsquo;ann\u00e9e 2020, qui s&rsquo;est tenue \u00e0 l&rsquo;h\u00f4tel Majestic de Barcelone la semaine derni\u00e8re et qui avait d\u00fb \u00eatre report\u00e9e en raison des restrictions impos\u00e9es par la COVID. Une fois de plus, la r\u00e9union, organis\u00e9e par le Coll\u00e8ge des physioth\u00e9rapeutes, a servi \u00e0 honorer les membres et les m\u00e9decins retrait\u00e9s, ainsi qu&rsquo;\u00e0 reconna\u00eetre publiquement les meilleurs dossiers acad\u00e9miques de l&rsquo;ann\u00e9e 2019\/20.<\/div>\n<div>\nL&rsquo;EUSES \u00e9tait repr\u00e9sent\u00e9e par les directeurs acad\u00e9miques des trois campus : Ernest Esteve (Salt), Gerard Mu\u00f1oz (Bellvitge) et Jaume Guerra (Terres de l&rsquo;Ebre). Les \u00e9tudiants du Groupe ayant le meilleur dossier de l&rsquo;ann\u00e9e acad\u00e9mique 2019\/20 r\u00e9compens\u00e9s lors de la soir\u00e9e sont : David Mar\u00edn Surina (Campus de Salt), Lena Siqveland (Campus de Bellvitge) et Lydia Maestros Linares (Campus des Terres de l&rsquo;Ebre).<\/p>\n<p>Quant \u00e0 l&rsquo;un des prix vedettes de la soir\u00e9e, le kin\u00e9sith\u00e9rapeute de l&rsquo;ann\u00e9e, le coll\u00e8ge n&rsquo;a pas r\u00e9compens\u00e9 une personne en particulier mais l&rsquo;ensemble des kin\u00e9sith\u00e9rapeutes pour leur travail inlassable en premi\u00e8re ligne dans les soins et la r\u00e9habilitation des patients du COVID-19.<\/p><\/div>\n<div><\/div>\n\n\t\t<style type=\"text\/css\">\n\t\t\t#gallery-1 {\n\t\t\t\tmargin: auto;\n\t\t\t}\n\t\t\t#gallery-1 .gallery-item {\n\t\t\t\tfloat: left;\n\t\t\t\tmargin-top: 10px;\n\t\t\t\ttext-align: center;\n\t\t\t\twidth: 33%;\n\t\t\t}\n\t\t\t#gallery-1 img {\n\t\t\t\tborder: 2px solid #cfcfcf;\n\t\t\t}\n\t\t\t#gallery-1 .gallery-caption {\n\t\t\t\tmargin-left: 0;\n\t\t\t}\n\t\t\t\/* see gallery_shortcode() in wp-includes\/media.php *\/\n\t\t<\/style>\n\t\t<div id='gallery-1' class='gallery galleryid-9886 gallery-columns-3 gallery-size-medium'><dl class='gallery-item'>\n\t\t\t<dt class='gallery-icon landscape'>\n\t\t\t\t<a href='https:\/\/barcelona.euses.cat\/fr\/representation-des-trois-campus-de-leuses-lors-de-la-nit-de-la-fisioterapia\/nit-fisio-4-2\/'><img fetchpriority=\"high\" decoding=\"async\" width=\"300\" height=\"239\" src=\"https:\/\/barcelona.euses.cat\/wp-content\/uploads\/2021\/05\/nit-fisio-4-300x239.jpeg\" class=\"attachment-medium size-medium\" alt=\"\" srcset=\"https:\/\/barcelona.euses.cat\/wp-content\/uploads\/2021\/05\/nit-fisio-4-300x239.jpeg 300w, https:\/\/barcelona.euses.cat\/wp-content\/uploads\/2021\/05\/nit-fisio-4-251x200.jpeg 251w, https:\/\/barcelona.euses.cat\/wp-content\/uploads\/2021\/05\/nit-fisio-4-500x400.jpeg 500w, https:\/\/barcelona.euses.cat\/wp-content\/uploads\/2021\/05\/nit-fisio-4.jpeg 768w\" sizes=\"(max-width: 300px) 100vw, 300px\" \/><\/a>\n\t\t\t<\/dt><\/dl><dl class='gallery-item'>\n\t\t\t<dt class='gallery-icon landscape'>\n\t\t\t\t<a href='https:\/\/barcelona.euses.cat\/fr\/representation-des-trois-campus-de-leuses-lors-de-la-nit-de-la-fisioterapia\/nit-fisio-1-2\/'><img decoding=\"async\" width=\"300\" height=\"200\" src=\"https:\/\/barcelona.euses.cat\/wp-content\/uploads\/2021\/05\/nit-fisio-1-300x200.jpeg\" class=\"attachment-medium size-medium\" alt=\"\" srcset=\"https:\/\/barcelona.euses.cat\/wp-content\/uploads\/2021\/05\/nit-fisio-1-300x200.jpeg 300w, https:\/\/barcelona.euses.cat\/wp-content\/uploads\/2021\/05\/nit-fisio-1-768x512.jpeg 768w, https:\/\/barcelona.euses.cat\/wp-content\/uploads\/2021\/05\/nit-fisio-1-400x267.jpeg 400w, https:\/\/barcelona.euses.cat\/wp-content\/uploads\/2021\/05\/nit-fisio-1.jpeg 960w\" sizes=\"(max-width: 300px) 100vw, 300px\" \/><\/a>\n\t\t\t<\/dt><\/dl>\n\t\t\t<br style='clear: both' \/>\n\t\t<\/div>\n\n","protected":false},"excerpt":{"rendered":"<p>L&rsquo;Escola Universit\u00e0ria de la Salut i l&rsquo;Esport \u00e9tait largement repr\u00e9sent\u00e9e lors de la \u00ab\u00a0Nit de la Fisioter\u00e0pia\u00a0\u00bb\u00a0correspondant \u00e0 l&rsquo;ann\u00e9e 2020, qui s&rsquo;est tenue \u00e0 l&rsquo;h\u00f4tel Majestic de Barcelone la semaine derni\u00e8re et qui avait d\u00fb \u00eatre report\u00e9e en raison des restrictions impos\u00e9es par la COVID. Une fois de plus, la r\u00e9union, organis\u00e9e par le Coll\u00e8ge [&hellip;]<\/p>\n","protected":false},"author":3,"featured_media":9871,"comment_status":"open","ping_status":"closed","sticky":false,"template":"","format":"standard","meta":{"_acf_changed":false,"inline_featured_image":false,"_joinchat":[],"footnotes":""},"categories":[3],"tags":[],"class_list":["post-9886","post","type-post","status-publish","format-standard","has-post-thumbnail","hentry","category-non-classifiee"],"acf":[],"yoast_head":"<!-- This site is optimized with the Yoast SEO plugin v27.4 - https:\/\/yoast.com\/product\/yoast-seo-wordpress\/ -->\n<title>Repr\u00e9sentation des trois campus de l&#039;EUSES lors de la\u00a0&quot;Nit de la Fisioter\u00e0pia&quot; | EUSES - Campus de Bellvitge (Barcelona)<\/title>\n<meta name=\"robots\" content=\"index, follow, max-snippet:-1, max-image-preview:large, max-video-preview:-1\" \/>\n<link rel=\"canonical\" href=\"https:\/\/barcelona.euses.cat\/fr\/representation-des-trois-campus-de-leuses-lors-de-la-nit-de-la-fisioterapia\/\" \/>\n<meta property=\"og:locale\" content=\"fr_FR\" \/>\n<meta property=\"og:type\" content=\"article\" \/>\n<meta property=\"og:title\" content=\"Repr\u00e9sentation des trois campus de l&#039;EUSES lors de la\u00a0&quot;Nit de la Fisioter\u00e0pia&quot; | EUSES - Campus de Bellvitge (Barcelona)\" \/>\n<meta property=\"og:description\" content=\"L&rsquo;Escola Universit\u00e0ria de la Salut i l&rsquo;Esport \u00e9tait largement repr\u00e9sent\u00e9e lors de la \u00ab\u00a0Nit de la Fisioter\u00e0pia\u00a0\u00bb\u00a0correspondant \u00e0 l&rsquo;ann\u00e9e 2020, qui s&rsquo;est tenue \u00e0 l&rsquo;h\u00f4tel Majestic de Barcelone la semaine derni\u00e8re et qui avait d\u00fb \u00eatre report\u00e9e en raison des restrictions impos\u00e9es par la COVID. Une fois de plus, la r\u00e9union, organis\u00e9e par le Coll\u00e8ge [&hellip;]\" \/>\n<meta property=\"og:url\" content=\"https:\/\/barcelona.euses.cat\/fr\/representation-des-trois-campus-de-leuses-lors-de-la-nit-de-la-fisioterapia\/\" \/>\n<meta property=\"og:site_name\" content=\"EUSES - Campus de Bellvitge (Barcelona)\" \/>\n<meta property=\"article:publisher\" content=\"https:\/\/www.facebook.com\/PhysioBCN\/\" \/>\n<meta property=\"article:published_time\" content=\"2021-05-24T08:08:54+00:00\" \/>\n<meta property=\"og:image\" content=\"https:\/\/barcelona.euses.cat\/wp-content\/uploads\/2021\/05\/nit-fisio-2.jpeg\" \/>\n\t<meta property=\"og:image:width\" content=\"1024\" \/>\n\t<meta property=\"og:image:height\" content=\"683\" \/>\n\t<meta property=\"og:image:type\" content=\"image\/jpeg\" \/>\n<meta name=\"author\" content=\"Jordi Danes\" \/>\n<meta name=\"twitter:card\" content=\"summary_large_image\" \/>\n<meta name=\"twitter:label1\" content=\"\u00c9crit par\" \/>\n\t<meta name=\"twitter:data1\" content=\"Jordi Danes\" \/>\n\t<meta name=\"twitter:label2\" content=\"Dur\u00e9e de lecture estim\u00e9e\" \/>\n\t<meta name=\"twitter:data2\" content=\"1 minute\" \/>\n<script type=\"application\/ld+json\" class=\"yoast-schema-graph\">{\"@context\":\"https:\\\/\\\/schema.org\",\"@graph\":[{\"@type\":\"Article\",\"@id\":\"https:\\\/\\\/barcelona.euses.cat\\\/fr\\\/representation-des-trois-campus-de-leuses-lors-de-la-nit-de-la-fisioterapia\\\/#article\",\"isPartOf\":{\"@id\":\"https:\\\/\\\/barcelona.euses.cat\\\/fr\\\/representation-des-trois-campus-de-leuses-lors-de-la-nit-de-la-fisioterapia\\\/\"},\"author\":{\"name\":\"Jordi Danes\",\"@id\":\"https:\\\/\\\/barcelona.euses.cat\\\/ca\\\/#\\\/schema\\\/person\\\/8ab46080dfc4814fa59383db317735bd\"},\"headline\":\"Repr\u00e9sentation des trois campus de l&rsquo;EUSES lors de la\u00a0\u00ab\u00a0Nit de la Fisioter\u00e0pia\u00a0\u00bb\",\"datePublished\":\"2021-05-24T08:08:54+00:00\",\"mainEntityOfPage\":{\"@id\":\"https:\\\/\\\/barcelona.euses.cat\\\/fr\\\/representation-des-trois-campus-de-leuses-lors-de-la-nit-de-la-fisioterapia\\\/\"},\"wordCount\":247,\"commentCount\":0,\"image\":{\"@id\":\"https:\\\/\\\/barcelona.euses.cat\\\/fr\\\/representation-des-trois-campus-de-leuses-lors-de-la-nit-de-la-fisioterapia\\\/#primaryimage\"},\"thumbnailUrl\":\"https:\\\/\\\/barcelona.euses.cat\\\/wp-content\\\/uploads\\\/2021\\\/05\\\/nit-fisio-2.jpeg\",\"articleSection\":[\"Non classifi\u00e9(e)\"],\"inLanguage\":\"fr-FR\"},{\"@type\":\"WebPage\",\"@id\":\"https:\\\/\\\/barcelona.euses.cat\\\/fr\\\/representation-des-trois-campus-de-leuses-lors-de-la-nit-de-la-fisioterapia\\\/\",\"url\":\"https:\\\/\\\/barcelona.euses.cat\\\/fr\\\/representation-des-trois-campus-de-leuses-lors-de-la-nit-de-la-fisioterapia\\\/\",\"name\":\"Repr\u00e9sentation des trois campus de l'EUSES lors de la\u00a0\\\"Nit de la Fisioter\u00e0pia\\\" | EUSES - Campus de Bellvitge (Barcelona)\",\"isPartOf\":{\"@id\":\"https:\\\/\\\/barcelona.euses.cat\\\/ca\\\/#website\"},\"primaryImageOfPage\":{\"@id\":\"https:\\\/\\\/barcelona.euses.cat\\\/fr\\\/representation-des-trois-campus-de-leuses-lors-de-la-nit-de-la-fisioterapia\\\/#primaryimage\"},\"image\":{\"@id\":\"https:\\\/\\\/barcelona.euses.cat\\\/fr\\\/representation-des-trois-campus-de-leuses-lors-de-la-nit-de-la-fisioterapia\\\/#primaryimage\"},\"thumbnailUrl\":\"https:\\\/\\\/barcelona.euses.cat\\\/wp-content\\\/uploads\\\/2021\\\/05\\\/nit-fisio-2.jpeg\",\"datePublished\":\"2021-05-24T08:08:54+00:00\",\"author\":{\"@id\":\"https:\\\/\\\/barcelona.euses.cat\\\/ca\\\/#\\\/schema\\\/person\\\/8ab46080dfc4814fa59383db317735bd\"},\"breadcrumb\":{\"@id\":\"https:\\\/\\\/barcelona.euses.cat\\\/fr\\\/representation-des-trois-campus-de-leuses-lors-de-la-nit-de-la-fisioterapia\\\/#breadcrumb\"},\"inLanguage\":\"fr-FR\",\"potentialAction\":[{\"@type\":\"ReadAction\",\"target\":[\"https:\\\/\\\/barcelona.euses.cat\\\/fr\\\/representation-des-trois-campus-de-leuses-lors-de-la-nit-de-la-fisioterapia\\\/\"]}]},{\"@type\":\"ImageObject\",\"inLanguage\":\"fr-FR\",\"@id\":\"https:\\\/\\\/barcelona.euses.cat\\\/fr\\\/representation-des-trois-campus-de-leuses-lors-de-la-nit-de-la-fisioterapia\\\/#primaryimage\",\"url\":\"https:\\\/\\\/barcelona.euses.cat\\\/wp-content\\\/uploads\\\/2021\\\/05\\\/nit-fisio-2.jpeg\",\"contentUrl\":\"https:\\\/\\\/barcelona.euses.cat\\\/wp-content\\\/uploads\\\/2021\\\/05\\\/nit-fisio-2.jpeg\",\"width\":1024,\"height\":683},{\"@type\":\"BreadcrumbList\",\"@id\":\"https:\\\/\\\/barcelona.euses.cat\\\/fr\\\/representation-des-trois-campus-de-leuses-lors-de-la-nit-de-la-fisioterapia\\\/#breadcrumb\",\"itemListElement\":[{\"@type\":\"ListItem\",\"position\":1,\"name\":\"Portada\",\"item\":\"https:\\\/\\\/barcelona.euses.cat\\\/fr\\\/\"},{\"@type\":\"ListItem\",\"position\":2,\"name\":\"Repr\u00e9sentation des trois campus de l&rsquo;EUSES lors de la\u00a0\u00ab\u00a0Nit de la Fisioter\u00e0pia\u00a0\u00bb\"}]},{\"@type\":\"WebSite\",\"@id\":\"https:\\\/\\\/barcelona.euses.cat\\\/ca\\\/#website\",\"url\":\"https:\\\/\\\/barcelona.euses.cat\\\/ca\\\/\",\"name\":\"EUSES - Campus de Bellvitge (Barcelona)\",\"description\":\"EUSES, Ecole Universitaire de Physioth\u00e9rapie Internationale \u00e0 Barcelone\",\"potentialAction\":[{\"@type\":\"SearchAction\",\"target\":{\"@type\":\"EntryPoint\",\"urlTemplate\":\"https:\\\/\\\/barcelona.euses.cat\\\/ca\\\/?s={search_term_string}\"},\"query-input\":{\"@type\":\"PropertyValueSpecification\",\"valueRequired\":true,\"valueName\":\"search_term_string\"}}],\"inLanguage\":\"fr-FR\"},{\"@type\":\"Person\",\"@id\":\"https:\\\/\\\/barcelona.euses.cat\\\/ca\\\/#\\\/schema\\\/person\\\/8ab46080dfc4814fa59383db317735bd\",\"name\":\"Jordi Danes\",\"image\":{\"@type\":\"ImageObject\",\"inLanguage\":\"fr-FR\",\"@id\":\"https:\\\/\\\/secure.gravatar.com\\\/avatar\\\/a9e4f443b594af225625ee8cfa665e41b1e0740ea34fbe0515b4ca559f8570ef?s=96&d=mm&r=g\",\"url\":\"https:\\\/\\\/secure.gravatar.com\\\/avatar\\\/a9e4f443b594af225625ee8cfa665e41b1e0740ea34fbe0515b4ca559f8570ef?s=96&d=mm&r=g\",\"contentUrl\":\"https:\\\/\\\/secure.gravatar.com\\\/avatar\\\/a9e4f443b594af225625ee8cfa665e41b1e0740ea34fbe0515b4ca559f8570ef?s=96&d=mm&r=g\",\"caption\":\"Jordi Danes\"},\"url\":\"https:\\\/\\\/barcelona.euses.cat\\\/fr\\\/author\\\/jordi-danes\\\/\"}]}<\/script>\n<!-- \/ Yoast SEO plugin. -->","yoast_head_json":{"title":"Repr\u00e9sentation des trois campus de l'EUSES lors de la\u00a0\"Nit de la Fisioter\u00e0pia\" | EUSES - Campus de Bellvitge (Barcelona)","robots":{"index":"index","follow":"follow","max-snippet":"max-snippet:-1","max-image-preview":"max-image-preview:large","max-video-preview":"max-video-preview:-1"},"canonical":"https:\/\/barcelona.euses.cat\/fr\/representation-des-trois-campus-de-leuses-lors-de-la-nit-de-la-fisioterapia\/","og_locale":"fr_FR","og_type":"article","og_title":"Repr\u00e9sentation des trois campus de l'EUSES lors de la\u00a0\"Nit de la Fisioter\u00e0pia\" | EUSES - Campus de Bellvitge (Barcelona)","og_description":"L&rsquo;Escola Universit\u00e0ria de la Salut i l&rsquo;Esport \u00e9tait largement repr\u00e9sent\u00e9e lors de la \u00ab\u00a0Nit de la Fisioter\u00e0pia\u00a0\u00bb\u00a0correspondant \u00e0 l&rsquo;ann\u00e9e 2020, qui s&rsquo;est tenue \u00e0 l&rsquo;h\u00f4tel Majestic de Barcelone la semaine derni\u00e8re et qui avait d\u00fb \u00eatre report\u00e9e en raison des restrictions impos\u00e9es par la COVID. Une fois de plus, la r\u00e9union, organis\u00e9e par le Coll\u00e8ge [&hellip;]","og_url":"https:\/\/barcelona.euses.cat\/fr\/representation-des-trois-campus-de-leuses-lors-de-la-nit-de-la-fisioterapia\/","og_site_name":"EUSES - Campus de Bellvitge (Barcelona)","article_publisher":"https:\/\/www.facebook.com\/PhysioBCN\/","article_published_time":"2021-05-24T08:08:54+00:00","og_image":[{"width":1024,"height":683,"url":"https:\/\/barcelona.euses.cat\/wp-content\/uploads\/2021\/05\/nit-fisio-2.jpeg","type":"image\/jpeg"}],"author":"Jordi Danes","twitter_card":"summary_large_image","twitter_misc":{"\u00c9crit par":"Jordi Danes","Dur\u00e9e de lecture estim\u00e9e":"1 minute"},"schema":{"@context":"https:\/\/schema.org","@graph":[{"@type":"Article","@id":"https:\/\/barcelona.euses.cat\/fr\/representation-des-trois-campus-de-leuses-lors-de-la-nit-de-la-fisioterapia\/#article","isPartOf":{"@id":"https:\/\/barcelona.euses.cat\/fr\/representation-des-trois-campus-de-leuses-lors-de-la-nit-de-la-fisioterapia\/"},"author":{"name":"Jordi Danes","@id":"https:\/\/barcelona.euses.cat\/ca\/#\/schema\/person\/8ab46080dfc4814fa59383db317735bd"},"headline":"Repr\u00e9sentation des trois campus de l&rsquo;EUSES lors de la\u00a0\u00ab\u00a0Nit de la Fisioter\u00e0pia\u00a0\u00bb","datePublished":"2021-05-24T08:08:54+00:00","mainEntityOfPage":{"@id":"https:\/\/barcelona.euses.cat\/fr\/representation-des-trois-campus-de-leuses-lors-de-la-nit-de-la-fisioterapia\/"},"wordCount":247,"commentCount":0,"image":{"@id":"https:\/\/barcelona.euses.cat\/fr\/representation-des-trois-campus-de-leuses-lors-de-la-nit-de-la-fisioterapia\/#primaryimage"},"thumbnailUrl":"https:\/\/barcelona.euses.cat\/wp-content\/uploads\/2021\/05\/nit-fisio-2.jpeg","articleSection":["Non classifi\u00e9(e)"],"inLanguage":"fr-FR"},{"@type":"WebPage","@id":"https:\/\/barcelona.euses.cat\/fr\/representation-des-trois-campus-de-leuses-lors-de-la-nit-de-la-fisioterapia\/","url":"https:\/\/barcelona.euses.cat\/fr\/representation-des-trois-campus-de-leuses-lors-de-la-nit-de-la-fisioterapia\/","name":"Repr\u00e9sentation des trois campus de l'EUSES lors de la\u00a0\"Nit de la Fisioter\u00e0pia\" | EUSES - Campus de Bellvitge (Barcelona)","isPartOf":{"@id":"https:\/\/barcelona.euses.cat\/ca\/#website"},"primaryImageOfPage":{"@id":"https:\/\/barcelona.euses.cat\/fr\/representation-des-trois-campus-de-leuses-lors-de-la-nit-de-la-fisioterapia\/#primaryimage"},"image":{"@id":"https:\/\/barcelona.euses.cat\/fr\/representation-des-trois-campus-de-leuses-lors-de-la-nit-de-la-fisioterapia\/#primaryimage"},"thumbnailUrl":"https:\/\/barcelona.euses.cat\/wp-content\/uploads\/2021\/05\/nit-fisio-2.jpeg","datePublished":"2021-05-24T08:08:54+00:00","author":{"@id":"https:\/\/barcelona.euses.cat\/ca\/#\/schema\/person\/8ab46080dfc4814fa59383db317735bd"},"breadcrumb":{"@id":"https:\/\/barcelona.euses.cat\/fr\/representation-des-trois-campus-de-leuses-lors-de-la-nit-de-la-fisioterapia\/#breadcrumb"},"inLanguage":"fr-FR","potentialAction":[{"@type":"ReadAction","target":["https:\/\/barcelona.euses.cat\/fr\/representation-des-trois-campus-de-leuses-lors-de-la-nit-de-la-fisioterapia\/"]}]},{"@type":"ImageObject","inLanguage":"fr-FR","@id":"https:\/\/barcelona.euses.cat\/fr\/representation-des-trois-campus-de-leuses-lors-de-la-nit-de-la-fisioterapia\/#primaryimage","url":"https:\/\/barcelona.euses.cat\/wp-content\/uploads\/2021\/05\/nit-fisio-2.jpeg","contentUrl":"https:\/\/barcelona.euses.cat\/wp-content\/uploads\/2021\/05\/nit-fisio-2.jpeg","width":1024,"height":683},{"@type":"BreadcrumbList","@id":"https:\/\/barcelona.euses.cat\/fr\/representation-des-trois-campus-de-leuses-lors-de-la-nit-de-la-fisioterapia\/#breadcrumb","itemListElement":[{"@type":"ListItem","position":1,"name":"Portada","item":"https:\/\/barcelona.euses.cat\/fr\/"},{"@type":"ListItem","position":2,"name":"Repr\u00e9sentation des trois campus de l&rsquo;EUSES lors de la\u00a0\u00ab\u00a0Nit de la Fisioter\u00e0pia\u00a0\u00bb"}]},{"@type":"WebSite","@id":"https:\/\/barcelona.euses.cat\/ca\/#website","url":"https:\/\/barcelona.euses.cat\/ca\/","name":"EUSES - Campus de Bellvitge (Barcelona)","description":"EUSES, Ecole Universitaire de Physioth\u00e9rapie Internationale \u00e0 Barcelone","potentialAction":[{"@type":"SearchAction","target":{"@type":"EntryPoint","urlTemplate":"https:\/\/barcelona.euses.cat\/ca\/?s={search_term_string}"},"query-input":{"@type":"PropertyValueSpecification","valueRequired":true,"valueName":"search_term_string"}}],"inLanguage":"fr-FR"},{"@type":"Person","@id":"https:\/\/barcelona.euses.cat\/ca\/#\/schema\/person\/8ab46080dfc4814fa59383db317735bd","name":"Jordi Danes","image":{"@type":"ImageObject","inLanguage":"fr-FR","@id":"https:\/\/secure.gravatar.com\/avatar\/a9e4f443b594af225625ee8cfa665e41b1e0740ea34fbe0515b4ca559f8570ef?s=96&d=mm&r=g","url":"https:\/\/secure.gravatar.com\/avatar\/a9e4f443b594af225625ee8cfa665e41b1e0740ea34fbe0515b4ca559f8570ef?s=96&d=mm&r=g","contentUrl":"https:\/\/secure.gravatar.com\/avatar\/a9e4f443b594af225625ee8cfa665e41b1e0740ea34fbe0515b4ca559f8570ef?s=96&d=mm&r=g","caption":"Jordi Danes"},"url":"https:\/\/barcelona.euses.cat\/fr\/author\/jordi-danes\/"}]}},"_links":{"self":[{"href":"https:\/\/barcelona.euses.cat\/fr\/wp-json\/wp\/v2\/posts\/9886","targetHints":{"allow":["GET"]}}],"collection":[{"href":"https:\/\/barcelona.euses.cat\/fr\/wp-json\/wp\/v2\/posts"}],"about":[{"href":"https:\/\/barcelona.euses.cat\/fr\/wp-json\/wp\/v2\/types\/post"}],"author":[{"embeddable":true,"href":"https:\/\/barcelona.euses.cat\/fr\/wp-json\/wp\/v2\/users\/3"}],"replies":[{"embeddable":true,"href":"https:\/\/barcelona.euses.cat\/fr\/wp-json\/wp\/v2\/comments?post=9886"}],"version-history":[{"count":2,"href":"https:\/\/barcelona.euses.cat\/fr\/wp-json\/wp\/v2\/posts\/9886\/revisions"}],"predecessor-version":[{"id":9889,"href":"https:\/\/barcelona.euses.cat\/fr\/wp-json\/wp\/v2\/posts\/9886\/revisions\/9889"}],"wp:featuredmedia":[{"embeddable":true,"href":"https:\/\/barcelona.euses.cat\/fr\/wp-json\/wp\/v2\/media\/9871"}],"wp:attachment":[{"href":"https:\/\/barcelona.euses.cat\/fr\/wp-json\/wp\/v2\/media?parent=9886"}],"wp:term":[{"taxonomy":"category","embeddable":true,"href":"https:\/\/barcelona.euses.cat\/fr\/wp-json\/wp\/v2\/categories?post=9886"},{"taxonomy":"post_tag","embeddable":true,"href":"https:\/\/barcelona.euses.cat\/fr\/wp-json\/wp\/v2\/tags?post=9886"}],"curies":[{"name":"wp","href":"https:\/\/api.w.org\/{rel}","templated":true}]}}