{"id":9861,"date":"2021-05-19T01:25:20","date_gmt":"2021-05-18T23:25:20","guid":{"rendered":"https:\/\/barcelona.euses.cat\/?p=9861"},"modified":"2021-05-19T09:24:11","modified_gmt":"2021-05-19T07:24:11","slug":"le-dr-gerard-munoz-dirige-la-cinquieme-et-derniere-journee-portes-ouvertes-de-physiotherapie","status":"publish","type":"post","link":"https:\/\/barcelona.euses.cat\/fr\/le-dr-gerard-munoz-dirige-la-cinquieme-et-derniere-journee-portes-ouvertes-de-physiotherapie\/","title":{"rendered":"Le Dr Gerard Mu\u00f1oz dirige la cinqui\u00e8me et derni\u00e8re journ\u00e9e portes ouvertes de Physiotherapy"},"content":{"rendered":"<p>Physioth\u00e9rapy Barcelone a organis\u00e9 la cinqui\u00e8me et derni\u00e8re journ\u00e9e portes ouvertes virtuelle pr\u00e9vue dans le calendrier avec une exposition dirig\u00e9e par son directeur, le Dr Gerard Mu\u00f1oz. Lors de la conf\u00e9rence informative, au cours de laquelle la coordinatrice, Maria J\u00fadez, est \u00e9galement intervenue, les repr\u00e9sentants de Physiotherapy Barcelona ont abord\u00e9 avec les participants des aspects tels que le programme d&rsquo;\u00e9tudes, les possibilit\u00e9s d&#8217;emploi, la mobilit\u00e9, les accords avec les centres de stages et d&rsquo;autres universit\u00e9s&#8230;<\/p>\n<p>Les personnes inscrites \u00e0 la Journ\u00e9e Portes Ouvertes ont \u00e9galement pu faire une visite virtuelle des installations gr\u00e2ce \u00e0 une vid\u00e9o qui fait un tour complet du Campus et ont \u00e9t\u00e9 inform\u00e9es, gr\u00e2ce \u00e0 l&rsquo;intervention du repr\u00e9sentant du secr\u00e9tariat acad\u00e9mique, Albert Deulofeu, d&rsquo;aspects plus administratifs et logistiques tels que l&rsquo;inscription, les d\u00e9lais d&rsquo;inscription, les prix&#8230; Ils ont \u00e9galement pu \u00e9couter l&rsquo;exp\u00e9rience d&rsquo;un ancien \u00e9tudiant, Alejandro Revilla. A la fin des diff\u00e9rentes pr\u00e9sentations, les personnes int\u00e9ress\u00e9es ont pu poser des questions et \u00e9claircir tous leurs doutes.<\/p>\n\n\t\t<style type=\"text\/css\">\n\t\t\t#gallery-1 {\n\t\t\t\tmargin: auto;\n\t\t\t}\n\t\t\t#gallery-1 .gallery-item {\n\t\t\t\tfloat: left;\n\t\t\t\tmargin-top: 10px;\n\t\t\t\ttext-align: center;\n\t\t\t\twidth: 33%;\n\t\t\t}\n\t\t\t#gallery-1 img {\n\t\t\t\tborder: 2px solid #cfcfcf;\n\t\t\t}\n\t\t\t#gallery-1 .gallery-caption {\n\t\t\t\tmargin-left: 0;\n\t\t\t}\n\t\t\t\/* see gallery_shortcode() in wp-includes\/media.php *\/\n\t\t<\/style>\n\t\t<div id='gallery-1' class='gallery galleryid-9861 gallery-columns-3 gallery-size-medium'><dl class='gallery-item'>\n\t\t\t<dt class='gallery-icon landscape'>\n\t\t\t\t<a href='https:\/\/barcelona.euses.cat\/fr\/le-dr-gerard-munoz-dirige-la-cinquieme-et-derniere-journee-portes-ouvertes-de-physiotherapie\/jpo-bellvitge-3-2\/'><img fetchpriority=\"high\" decoding=\"async\" width=\"300\" height=\"169\" src=\"https:\/\/barcelona.euses.cat\/wp-content\/uploads\/2021\/05\/jpo-bellvitge-3-300x169.png\" class=\"attachment-medium size-medium\" alt=\"\" srcset=\"https:\/\/barcelona.euses.cat\/wp-content\/uploads\/2021\/05\/jpo-bellvitge-3-300x169.png 300w, https:\/\/barcelona.euses.cat\/wp-content\/uploads\/2021\/05\/jpo-bellvitge-3-1024x576.png 1024w, https:\/\/barcelona.euses.cat\/wp-content\/uploads\/2021\/05\/jpo-bellvitge-3-768x432.png 768w, https:\/\/barcelona.euses.cat\/wp-content\/uploads\/2021\/05\/jpo-bellvitge-3-1536x864.png 1536w, https:\/\/barcelona.euses.cat\/wp-content\/uploads\/2021\/05\/jpo-bellvitge-3-350x197.png 350w, https:\/\/barcelona.euses.cat\/wp-content\/uploads\/2021\/05\/jpo-bellvitge-3.png 1920w\" sizes=\"(max-width: 300px) 100vw, 300px\" \/><\/a>\n\t\t\t<\/dt><\/dl><dl class='gallery-item'>\n\t\t\t<dt class='gallery-icon landscape'>\n\t\t\t\t<a href='https:\/\/barcelona.euses.cat\/fr\/le-dr-gerard-munoz-dirige-la-cinquieme-et-derniere-journee-portes-ouvertes-de-physiotherapie\/jpo-bellvitge-2-2\/'><img decoding=\"async\" width=\"300\" height=\"169\" src=\"https:\/\/barcelona.euses.cat\/wp-content\/uploads\/2021\/05\/jpo-bellvitge-2-300x169.png\" class=\"attachment-medium size-medium\" alt=\"\" srcset=\"https:\/\/barcelona.euses.cat\/wp-content\/uploads\/2021\/05\/jpo-bellvitge-2-300x169.png 300w, https:\/\/barcelona.euses.cat\/wp-content\/uploads\/2021\/05\/jpo-bellvitge-2-1024x576.png 1024w, https:\/\/barcelona.euses.cat\/wp-content\/uploads\/2021\/05\/jpo-bellvitge-2-768x432.png 768w, https:\/\/barcelona.euses.cat\/wp-content\/uploads\/2021\/05\/jpo-bellvitge-2-1536x864.png 1536w, https:\/\/barcelona.euses.cat\/wp-content\/uploads\/2021\/05\/jpo-bellvitge-2-350x197.png 350w, https:\/\/barcelona.euses.cat\/wp-content\/uploads\/2021\/05\/jpo-bellvitge-2.png 1920w\" sizes=\"(max-width: 300px) 100vw, 300px\" \/><\/a>\n\t\t\t<\/dt><\/dl><dl class='gallery-item'>\n\t\t\t<dt class='gallery-icon landscape'>\n\t\t\t\t<a href='https:\/\/barcelona.euses.cat\/fr\/le-dr-gerard-munoz-dirige-la-cinquieme-et-derniere-journee-portes-ouvertes-de-physiotherapie\/jpo-bellvitge-1-2\/'><img decoding=\"async\" width=\"300\" height=\"169\" src=\"https:\/\/barcelona.euses.cat\/wp-content\/uploads\/2021\/05\/jpo-bellvitge-1-300x169.png\" class=\"attachment-medium size-medium\" alt=\"\" srcset=\"https:\/\/barcelona.euses.cat\/wp-content\/uploads\/2021\/05\/jpo-bellvitge-1-300x169.png 300w, https:\/\/barcelona.euses.cat\/wp-content\/uploads\/2021\/05\/jpo-bellvitge-1-1024x576.png 1024w, https:\/\/barcelona.euses.cat\/wp-content\/uploads\/2021\/05\/jpo-bellvitge-1-768x432.png 768w, https:\/\/barcelona.euses.cat\/wp-content\/uploads\/2021\/05\/jpo-bellvitge-1-1536x864.png 1536w, https:\/\/barcelona.euses.cat\/wp-content\/uploads\/2021\/05\/jpo-bellvitge-1-350x197.png 350w, https:\/\/barcelona.euses.cat\/wp-content\/uploads\/2021\/05\/jpo-bellvitge-1.png 1920w\" sizes=\"(max-width: 300px) 100vw, 300px\" \/><\/a>\n\t\t\t<\/dt><\/dl><br style=\"clear: both\" \/>\n\t\t<\/div>\n\n","protected":false},"excerpt":{"rendered":"<p>Physioth\u00e9rapy Barcelone a organis\u00e9 la cinqui\u00e8me et derni\u00e8re journ\u00e9e portes ouvertes virtuelle pr\u00e9vue dans le calendrier avec une exposition dirig\u00e9e par son directeur, le Dr Gerard Mu\u00f1oz. Lors de la conf\u00e9rence informative, au cours de laquelle la coordinatrice, Maria J\u00fadez, est \u00e9galement intervenue, les repr\u00e9sentants de Physiotherapy Barcelona ont abord\u00e9 avec les participants des aspects [&hellip;]<\/p>\n","protected":false},"author":3,"featured_media":9844,"comment_status":"open","ping_status":"closed","sticky":false,"template":"","format":"standard","meta":{"_acf_changed":false,"inline_featured_image":false,"_joinchat":[],"footnotes":""},"categories":[3],"tags":[],"class_list":["post-9861","post","type-post","status-publish","format-standard","has-post-thumbnail","hentry","category-non-classifiee"],"acf":[],"yoast_head":"<!-- This site is optimized with the Yoast SEO plugin v27.4 - https:\/\/yoast.com\/product\/yoast-seo-wordpress\/ -->\n<title>Le Dr Gerard Mu\u00f1oz dirige la cinqui\u00e8me et derni\u00e8re journ\u00e9e portes ouvertes de Physiotherapy | EUSES - Campus de Bellvitge (Barcelona)<\/title>\n<meta name=\"robots\" content=\"index, follow, max-snippet:-1, max-image-preview:large, max-video-preview:-1\" \/>\n<link rel=\"canonical\" href=\"https:\/\/barcelona.euses.cat\/fr\/le-dr-gerard-munoz-dirige-la-cinquieme-et-derniere-journee-portes-ouvertes-de-physiotherapie\/\" \/>\n<meta property=\"og:locale\" content=\"fr_FR\" \/>\n<meta property=\"og:type\" content=\"article\" \/>\n<meta property=\"og:title\" content=\"Le Dr Gerard Mu\u00f1oz dirige la cinqui\u00e8me et derni\u00e8re journ\u00e9e portes ouvertes de Physiotherapy | EUSES - Campus de Bellvitge (Barcelona)\" \/>\n<meta property=\"og:description\" content=\"Physioth\u00e9rapy Barcelone a organis\u00e9 la cinqui\u00e8me et derni\u00e8re journ\u00e9e portes ouvertes virtuelle pr\u00e9vue dans le calendrier avec une exposition dirig\u00e9e par son directeur, le Dr Gerard Mu\u00f1oz. Lors de la conf\u00e9rence informative, au cours de laquelle la coordinatrice, Maria J\u00fadez, est \u00e9galement intervenue, les repr\u00e9sentants de Physiotherapy Barcelona ont abord\u00e9 avec les participants des aspects [&hellip;]\" \/>\n<meta property=\"og:url\" content=\"https:\/\/barcelona.euses.cat\/fr\/le-dr-gerard-munoz-dirige-la-cinquieme-et-derniere-journee-portes-ouvertes-de-physiotherapie\/\" \/>\n<meta property=\"og:site_name\" content=\"EUSES - Campus de Bellvitge (Barcelona)\" \/>\n<meta property=\"article:publisher\" content=\"https:\/\/www.facebook.com\/PhysioBCN\/\" \/>\n<meta property=\"article:published_time\" content=\"2021-05-18T23:25:20+00:00\" \/>\n<meta property=\"article:modified_time\" content=\"2021-05-19T07:24:11+00:00\" \/>\n<meta property=\"og:image\" content=\"https:\/\/barcelona.euses.cat\/wp-content\/uploads\/2021\/05\/jpo-bellvitge-4.png\" \/>\n\t<meta property=\"og:image:width\" content=\"1920\" \/>\n\t<meta property=\"og:image:height\" content=\"1080\" \/>\n\t<meta property=\"og:image:type\" content=\"image\/png\" \/>\n<meta name=\"author\" content=\"Jordi Danes\" \/>\n<meta name=\"twitter:card\" content=\"summary_large_image\" \/>\n<meta name=\"twitter:label1\" content=\"\u00c9crit par\" \/>\n\t<meta name=\"twitter:data1\" content=\"Jordi Danes\" \/>\n\t<meta name=\"twitter:label2\" content=\"Dur\u00e9e de lecture estim\u00e9e\" \/>\n\t<meta name=\"twitter:data2\" content=\"1 minute\" \/>\n<script type=\"application\/ld+json\" class=\"yoast-schema-graph\">{\"@context\":\"https:\\\/\\\/schema.org\",\"@graph\":[{\"@type\":\"Article\",\"@id\":\"https:\\\/\\\/barcelona.euses.cat\\\/fr\\\/le-dr-gerard-munoz-dirige-la-cinquieme-et-derniere-journee-portes-ouvertes-de-physiotherapie\\\/#article\",\"isPartOf\":{\"@id\":\"https:\\\/\\\/barcelona.euses.cat\\\/fr\\\/le-dr-gerard-munoz-dirige-la-cinquieme-et-derniere-journee-portes-ouvertes-de-physiotherapie\\\/\"},\"author\":{\"name\":\"Jordi Danes\",\"@id\":\"https:\\\/\\\/barcelona.euses.cat\\\/ca\\\/#\\\/schema\\\/person\\\/8ab46080dfc4814fa59383db317735bd\"},\"headline\":\"Le Dr Gerard Mu\u00f1oz dirige la cinqui\u00e8me et derni\u00e8re journ\u00e9e portes ouvertes de Physiotherapy\",\"datePublished\":\"2021-05-18T23:25:20+00:00\",\"dateModified\":\"2021-05-19T07:24:11+00:00\",\"mainEntityOfPage\":{\"@id\":\"https:\\\/\\\/barcelona.euses.cat\\\/fr\\\/le-dr-gerard-munoz-dirige-la-cinquieme-et-derniere-journee-portes-ouvertes-de-physiotherapie\\\/\"},\"wordCount\":214,\"commentCount\":0,\"image\":{\"@id\":\"https:\\\/\\\/barcelona.euses.cat\\\/fr\\\/le-dr-gerard-munoz-dirige-la-cinquieme-et-derniere-journee-portes-ouvertes-de-physiotherapie\\\/#primaryimage\"},\"thumbnailUrl\":\"https:\\\/\\\/barcelona.euses.cat\\\/wp-content\\\/uploads\\\/2021\\\/05\\\/jpo-bellvitge-4.png\",\"articleSection\":[\"Non classifi\u00e9(e)\"],\"inLanguage\":\"fr-FR\"},{\"@type\":\"WebPage\",\"@id\":\"https:\\\/\\\/barcelona.euses.cat\\\/fr\\\/le-dr-gerard-munoz-dirige-la-cinquieme-et-derniere-journee-portes-ouvertes-de-physiotherapie\\\/\",\"url\":\"https:\\\/\\\/barcelona.euses.cat\\\/fr\\\/le-dr-gerard-munoz-dirige-la-cinquieme-et-derniere-journee-portes-ouvertes-de-physiotherapie\\\/\",\"name\":\"Le Dr Gerard Mu\u00f1oz dirige la cinqui\u00e8me et derni\u00e8re journ\u00e9e portes ouvertes de Physiotherapy | EUSES - Campus de Bellvitge (Barcelona)\",\"isPartOf\":{\"@id\":\"https:\\\/\\\/barcelona.euses.cat\\\/ca\\\/#website\"},\"primaryImageOfPage\":{\"@id\":\"https:\\\/\\\/barcelona.euses.cat\\\/fr\\\/le-dr-gerard-munoz-dirige-la-cinquieme-et-derniere-journee-portes-ouvertes-de-physiotherapie\\\/#primaryimage\"},\"image\":{\"@id\":\"https:\\\/\\\/barcelona.euses.cat\\\/fr\\\/le-dr-gerard-munoz-dirige-la-cinquieme-et-derniere-journee-portes-ouvertes-de-physiotherapie\\\/#primaryimage\"},\"thumbnailUrl\":\"https:\\\/\\\/barcelona.euses.cat\\\/wp-content\\\/uploads\\\/2021\\\/05\\\/jpo-bellvitge-4.png\",\"datePublished\":\"2021-05-18T23:25:20+00:00\",\"dateModified\":\"2021-05-19T07:24:11+00:00\",\"author\":{\"@id\":\"https:\\\/\\\/barcelona.euses.cat\\\/ca\\\/#\\\/schema\\\/person\\\/8ab46080dfc4814fa59383db317735bd\"},\"breadcrumb\":{\"@id\":\"https:\\\/\\\/barcelona.euses.cat\\\/fr\\\/le-dr-gerard-munoz-dirige-la-cinquieme-et-derniere-journee-portes-ouvertes-de-physiotherapie\\\/#breadcrumb\"},\"inLanguage\":\"fr-FR\",\"potentialAction\":[{\"@type\":\"ReadAction\",\"target\":[\"https:\\\/\\\/barcelona.euses.cat\\\/fr\\\/le-dr-gerard-munoz-dirige-la-cinquieme-et-derniere-journee-portes-ouvertes-de-physiotherapie\\\/\"]}]},{\"@type\":\"ImageObject\",\"inLanguage\":\"fr-FR\",\"@id\":\"https:\\\/\\\/barcelona.euses.cat\\\/fr\\\/le-dr-gerard-munoz-dirige-la-cinquieme-et-derniere-journee-portes-ouvertes-de-physiotherapie\\\/#primaryimage\",\"url\":\"https:\\\/\\\/barcelona.euses.cat\\\/wp-content\\\/uploads\\\/2021\\\/05\\\/jpo-bellvitge-4.png\",\"contentUrl\":\"https:\\\/\\\/barcelona.euses.cat\\\/wp-content\\\/uploads\\\/2021\\\/05\\\/jpo-bellvitge-4.png\",\"width\":1920,\"height\":1080},{\"@type\":\"BreadcrumbList\",\"@id\":\"https:\\\/\\\/barcelona.euses.cat\\\/fr\\\/le-dr-gerard-munoz-dirige-la-cinquieme-et-derniere-journee-portes-ouvertes-de-physiotherapie\\\/#breadcrumb\",\"itemListElement\":[{\"@type\":\"ListItem\",\"position\":1,\"name\":\"Portada\",\"item\":\"https:\\\/\\\/barcelona.euses.cat\\\/fr\\\/\"},{\"@type\":\"ListItem\",\"position\":2,\"name\":\"Le Dr Gerard Mu\u00f1oz dirige la cinqui\u00e8me et derni\u00e8re journ\u00e9e portes ouvertes de Physiotherapy\"}]},{\"@type\":\"WebSite\",\"@id\":\"https:\\\/\\\/barcelona.euses.cat\\\/ca\\\/#website\",\"url\":\"https:\\\/\\\/barcelona.euses.cat\\\/ca\\\/\",\"name\":\"EUSES - Campus de Bellvitge (Barcelona)\",\"description\":\"EUSES, Ecole Universitaire de Physioth\u00e9rapie Internationale \u00e0 Barcelone\",\"potentialAction\":[{\"@type\":\"SearchAction\",\"target\":{\"@type\":\"EntryPoint\",\"urlTemplate\":\"https:\\\/\\\/barcelona.euses.cat\\\/ca\\\/?s={search_term_string}\"},\"query-input\":{\"@type\":\"PropertyValueSpecification\",\"valueRequired\":true,\"valueName\":\"search_term_string\"}}],\"inLanguage\":\"fr-FR\"},{\"@type\":\"Person\",\"@id\":\"https:\\\/\\\/barcelona.euses.cat\\\/ca\\\/#\\\/schema\\\/person\\\/8ab46080dfc4814fa59383db317735bd\",\"name\":\"Jordi Danes\",\"image\":{\"@type\":\"ImageObject\",\"inLanguage\":\"fr-FR\",\"@id\":\"https:\\\/\\\/secure.gravatar.com\\\/avatar\\\/a9e4f443b594af225625ee8cfa665e41b1e0740ea34fbe0515b4ca559f8570ef?s=96&d=mm&r=g\",\"url\":\"https:\\\/\\\/secure.gravatar.com\\\/avatar\\\/a9e4f443b594af225625ee8cfa665e41b1e0740ea34fbe0515b4ca559f8570ef?s=96&d=mm&r=g\",\"contentUrl\":\"https:\\\/\\\/secure.gravatar.com\\\/avatar\\\/a9e4f443b594af225625ee8cfa665e41b1e0740ea34fbe0515b4ca559f8570ef?s=96&d=mm&r=g\",\"caption\":\"Jordi Danes\"},\"url\":\"https:\\\/\\\/barcelona.euses.cat\\\/fr\\\/author\\\/jordi-danes\\\/\"}]}<\/script>\n<!-- \/ Yoast SEO plugin. -->","yoast_head_json":{"title":"Le Dr Gerard Mu\u00f1oz dirige la cinqui\u00e8me et derni\u00e8re journ\u00e9e portes ouvertes de Physiotherapy | EUSES - Campus de Bellvitge (Barcelona)","robots":{"index":"index","follow":"follow","max-snippet":"max-snippet:-1","max-image-preview":"max-image-preview:large","max-video-preview":"max-video-preview:-1"},"canonical":"https:\/\/barcelona.euses.cat\/fr\/le-dr-gerard-munoz-dirige-la-cinquieme-et-derniere-journee-portes-ouvertes-de-physiotherapie\/","og_locale":"fr_FR","og_type":"article","og_title":"Le Dr Gerard Mu\u00f1oz dirige la cinqui\u00e8me et derni\u00e8re journ\u00e9e portes ouvertes de Physiotherapy | EUSES - Campus de Bellvitge (Barcelona)","og_description":"Physioth\u00e9rapy Barcelone a organis\u00e9 la cinqui\u00e8me et derni\u00e8re journ\u00e9e portes ouvertes virtuelle pr\u00e9vue dans le calendrier avec une exposition dirig\u00e9e par son directeur, le Dr Gerard Mu\u00f1oz. Lors de la conf\u00e9rence informative, au cours de laquelle la coordinatrice, Maria J\u00fadez, est \u00e9galement intervenue, les repr\u00e9sentants de Physiotherapy Barcelona ont abord\u00e9 avec les participants des aspects [&hellip;]","og_url":"https:\/\/barcelona.euses.cat\/fr\/le-dr-gerard-munoz-dirige-la-cinquieme-et-derniere-journee-portes-ouvertes-de-physiotherapie\/","og_site_name":"EUSES - Campus de Bellvitge (Barcelona)","article_publisher":"https:\/\/www.facebook.com\/PhysioBCN\/","article_published_time":"2021-05-18T23:25:20+00:00","article_modified_time":"2021-05-19T07:24:11+00:00","og_image":[{"width":1920,"height":1080,"url":"https:\/\/barcelona.euses.cat\/wp-content\/uploads\/2021\/05\/jpo-bellvitge-4.png","type":"image\/png"}],"author":"Jordi Danes","twitter_card":"summary_large_image","twitter_misc":{"\u00c9crit par":"Jordi Danes","Dur\u00e9e de lecture estim\u00e9e":"1 minute"},"schema":{"@context":"https:\/\/schema.org","@graph":[{"@type":"Article","@id":"https:\/\/barcelona.euses.cat\/fr\/le-dr-gerard-munoz-dirige-la-cinquieme-et-derniere-journee-portes-ouvertes-de-physiotherapie\/#article","isPartOf":{"@id":"https:\/\/barcelona.euses.cat\/fr\/le-dr-gerard-munoz-dirige-la-cinquieme-et-derniere-journee-portes-ouvertes-de-physiotherapie\/"},"author":{"name":"Jordi Danes","@id":"https:\/\/barcelona.euses.cat\/ca\/#\/schema\/person\/8ab46080dfc4814fa59383db317735bd"},"headline":"Le Dr Gerard Mu\u00f1oz dirige la cinqui\u00e8me et derni\u00e8re journ\u00e9e portes ouvertes de Physiotherapy","datePublished":"2021-05-18T23:25:20+00:00","dateModified":"2021-05-19T07:24:11+00:00","mainEntityOfPage":{"@id":"https:\/\/barcelona.euses.cat\/fr\/le-dr-gerard-munoz-dirige-la-cinquieme-et-derniere-journee-portes-ouvertes-de-physiotherapie\/"},"wordCount":214,"commentCount":0,"image":{"@id":"https:\/\/barcelona.euses.cat\/fr\/le-dr-gerard-munoz-dirige-la-cinquieme-et-derniere-journee-portes-ouvertes-de-physiotherapie\/#primaryimage"},"thumbnailUrl":"https:\/\/barcelona.euses.cat\/wp-content\/uploads\/2021\/05\/jpo-bellvitge-4.png","articleSection":["Non classifi\u00e9(e)"],"inLanguage":"fr-FR"},{"@type":"WebPage","@id":"https:\/\/barcelona.euses.cat\/fr\/le-dr-gerard-munoz-dirige-la-cinquieme-et-derniere-journee-portes-ouvertes-de-physiotherapie\/","url":"https:\/\/barcelona.euses.cat\/fr\/le-dr-gerard-munoz-dirige-la-cinquieme-et-derniere-journee-portes-ouvertes-de-physiotherapie\/","name":"Le Dr Gerard Mu\u00f1oz dirige la cinqui\u00e8me et derni\u00e8re journ\u00e9e portes ouvertes de Physiotherapy | EUSES - Campus de Bellvitge (Barcelona)","isPartOf":{"@id":"https:\/\/barcelona.euses.cat\/ca\/#website"},"primaryImageOfPage":{"@id":"https:\/\/barcelona.euses.cat\/fr\/le-dr-gerard-munoz-dirige-la-cinquieme-et-derniere-journee-portes-ouvertes-de-physiotherapie\/#primaryimage"},"image":{"@id":"https:\/\/barcelona.euses.cat\/fr\/le-dr-gerard-munoz-dirige-la-cinquieme-et-derniere-journee-portes-ouvertes-de-physiotherapie\/#primaryimage"},"thumbnailUrl":"https:\/\/barcelona.euses.cat\/wp-content\/uploads\/2021\/05\/jpo-bellvitge-4.png","datePublished":"2021-05-18T23:25:20+00:00","dateModified":"2021-05-19T07:24:11+00:00","author":{"@id":"https:\/\/barcelona.euses.cat\/ca\/#\/schema\/person\/8ab46080dfc4814fa59383db317735bd"},"breadcrumb":{"@id":"https:\/\/barcelona.euses.cat\/fr\/le-dr-gerard-munoz-dirige-la-cinquieme-et-derniere-journee-portes-ouvertes-de-physiotherapie\/#breadcrumb"},"inLanguage":"fr-FR","potentialAction":[{"@type":"ReadAction","target":["https:\/\/barcelona.euses.cat\/fr\/le-dr-gerard-munoz-dirige-la-cinquieme-et-derniere-journee-portes-ouvertes-de-physiotherapie\/"]}]},{"@type":"ImageObject","inLanguage":"fr-FR","@id":"https:\/\/barcelona.euses.cat\/fr\/le-dr-gerard-munoz-dirige-la-cinquieme-et-derniere-journee-portes-ouvertes-de-physiotherapie\/#primaryimage","url":"https:\/\/barcelona.euses.cat\/wp-content\/uploads\/2021\/05\/jpo-bellvitge-4.png","contentUrl":"https:\/\/barcelona.euses.cat\/wp-content\/uploads\/2021\/05\/jpo-bellvitge-4.png","width":1920,"height":1080},{"@type":"BreadcrumbList","@id":"https:\/\/barcelona.euses.cat\/fr\/le-dr-gerard-munoz-dirige-la-cinquieme-et-derniere-journee-portes-ouvertes-de-physiotherapie\/#breadcrumb","itemListElement":[{"@type":"ListItem","position":1,"name":"Portada","item":"https:\/\/barcelona.euses.cat\/fr\/"},{"@type":"ListItem","position":2,"name":"Le Dr Gerard Mu\u00f1oz dirige la cinqui\u00e8me et derni\u00e8re journ\u00e9e portes ouvertes de Physiotherapy"}]},{"@type":"WebSite","@id":"https:\/\/barcelona.euses.cat\/ca\/#website","url":"https:\/\/barcelona.euses.cat\/ca\/","name":"EUSES - Campus de Bellvitge (Barcelona)","description":"EUSES, Ecole Universitaire de Physioth\u00e9rapie Internationale \u00e0 Barcelone","potentialAction":[{"@type":"SearchAction","target":{"@type":"EntryPoint","urlTemplate":"https:\/\/barcelona.euses.cat\/ca\/?s={search_term_string}"},"query-input":{"@type":"PropertyValueSpecification","valueRequired":true,"valueName":"search_term_string"}}],"inLanguage":"fr-FR"},{"@type":"Person","@id":"https:\/\/barcelona.euses.cat\/ca\/#\/schema\/person\/8ab46080dfc4814fa59383db317735bd","name":"Jordi Danes","image":{"@type":"ImageObject","inLanguage":"fr-FR","@id":"https:\/\/secure.gravatar.com\/avatar\/a9e4f443b594af225625ee8cfa665e41b1e0740ea34fbe0515b4ca559f8570ef?s=96&d=mm&r=g","url":"https:\/\/secure.gravatar.com\/avatar\/a9e4f443b594af225625ee8cfa665e41b1e0740ea34fbe0515b4ca559f8570ef?s=96&d=mm&r=g","contentUrl":"https:\/\/secure.gravatar.com\/avatar\/a9e4f443b594af225625ee8cfa665e41b1e0740ea34fbe0515b4ca559f8570ef?s=96&d=mm&r=g","caption":"Jordi Danes"},"url":"https:\/\/barcelona.euses.cat\/fr\/author\/jordi-danes\/"}]}},"_links":{"self":[{"href":"https:\/\/barcelona.euses.cat\/fr\/wp-json\/wp\/v2\/posts\/9861","targetHints":{"allow":["GET"]}}],"collection":[{"href":"https:\/\/barcelona.euses.cat\/fr\/wp-json\/wp\/v2\/posts"}],"about":[{"href":"https:\/\/barcelona.euses.cat\/fr\/wp-json\/wp\/v2\/types\/post"}],"author":[{"embeddable":true,"href":"https:\/\/barcelona.euses.cat\/fr\/wp-json\/wp\/v2\/users\/3"}],"replies":[{"embeddable":true,"href":"https:\/\/barcelona.euses.cat\/fr\/wp-json\/wp\/v2\/comments?post=9861"}],"version-history":[{"count":2,"href":"https:\/\/barcelona.euses.cat\/fr\/wp-json\/wp\/v2\/posts\/9861\/revisions"}],"predecessor-version":[{"id":9865,"href":"https:\/\/barcelona.euses.cat\/fr\/wp-json\/wp\/v2\/posts\/9861\/revisions\/9865"}],"wp:featuredmedia":[{"embeddable":true,"href":"https:\/\/barcelona.euses.cat\/fr\/wp-json\/wp\/v2\/media\/9844"}],"wp:attachment":[{"href":"https:\/\/barcelona.euses.cat\/fr\/wp-json\/wp\/v2\/media?parent=9861"}],"wp:term":[{"taxonomy":"category","embeddable":true,"href":"https:\/\/barcelona.euses.cat\/fr\/wp-json\/wp\/v2\/categories?post=9861"},{"taxonomy":"post_tag","embeddable":true,"href":"https:\/\/barcelona.euses.cat\/fr\/wp-json\/wp\/v2\/tags?post=9861"}],"curies":[{"name":"wp","href":"https:\/\/api.w.org\/{rel}","templated":true}]}}