{"id":9766,"date":"2021-04-15T01:08:17","date_gmt":"2021-04-14T23:08:17","guid":{"rendered":"https:\/\/barcelona.euses.cat\/?p=9766"},"modified":"2021-04-15T01:08:17","modified_gmt":"2021-04-14T23:08:17","slug":"compte-a-rebours-pour-la-celebration-de-la-premiere-edition-du-euses-talent-day-le-mardi-27-avril","status":"publish","type":"post","link":"https:\/\/barcelona.euses.cat\/fr\/compte-a-rebours-pour-la-celebration-de-la-premiere-edition-du-euses-talent-day-le-mardi-27-avril\/","title":{"rendered":"Compte \u00e0 rebours pour la c\u00e9l\u00e9bration de la premi\u00e8re \u00e9dition du EUSES Talent Day, le mardi 27 avril"},"content":{"rendered":"<p>Con\u00e7u et organis\u00e9 par l&rsquo;\u00e9quipe de l&rsquo;EUSES Alumni, le 27 avril prochain verra la premi\u00e8re \u00e9dition de l&rsquo;EUSES Talent Day, le salon virtuel de la profession et de l&rsquo;orientation professionnelle de l&rsquo;Escola Universit\u00e0ria de la Salut i l&rsquo;Esport. L&rsquo;objectif principal de l&rsquo;EUSES Talent Day est de fournir tous les outils n\u00e9cessaires aux \u00e9tudiants sur le point d&rsquo;\u00eatre dipl\u00f4m\u00e9s afin qu&rsquo;ils puissent acc\u00e9der au march\u00e9 du travail et, parall\u00e8lement, d&rsquo;aider les dipl\u00f4m\u00e9s qui font d\u00e9j\u00e0 partie de la famille d&rsquo;ALUMNI \u00e0 trouver une opportunit\u00e9 professionnelle.<\/p>\n<p>Les inscriptions pour le Talent Day de l&rsquo;EUSES ont ouvert cette semaine et tous les \u00e9tudiants de l&rsquo;EUSES des trois campus (Salt, Bellvitge et Terres de l&rsquo;Ebre), ainsi que les dipl\u00f4m\u00e9s qui font partie de l&rsquo;association Alumni, pourront participer \u00e0 l&rsquo;\u00e9v\u00e9nement. Le salon virtuel de l&#8217;emploi et de l&rsquo;orientation professionnelle d&rsquo;EUSES d\u00e9butera \u00e0 10 heures, durera jusqu&rsquo;\u00e0 18 heures et se composera de deux parties:<\/p>\n<p>&#8211; Conf\u00e9rences et tables rondes o\u00f9 l&rsquo;on parlera des diff\u00e9rentes options professionnelles que peuvent avoir les dipl\u00f4m\u00e9s en kin\u00e9sith\u00e9rapie et en STAPS et o\u00f9 vous pourrez \u00e9galement \u00e9couter le t\u00e9moignage de dipl\u00f4m\u00e9s de l&rsquo;EUSES qui vous expliqueront leur exp\u00e9rience professionnelle ici et \u00e0 l&rsquo;\u00e9tranger.<\/p>\n<p>&#8211; Des stands virtuels o\u00f9 les entreprises et les centres, d&rsquo;ici et d&rsquo;autres pays de notre environnement, pourront publier leurs informations corporatives, leurs offres d&#8217;emploi pour les dipl\u00f4m\u00e9s de l&rsquo;EUSES et entrer en contact avec les personnes int\u00e9ress\u00e9es par le biais du chat. En m\u00eame temps, les \u00e9tudiants pourront trouver des offres de stages r\u00e9mun\u00e9r\u00e9s pendant l&rsquo;\u00e9t\u00e9.<\/p>\n<p>Pour vous inscrire \u00e0 la Journ\u00e9e des talents de l&rsquo;EUSES, <a href=\"https:\/\/eusestalentday.easyvirtualfair.com\/\" target=\"_blank\" rel=\"noopener noreferrer\">acc\u00e9dez \u00e0 ce lien<\/a> et remplissez le formulaire.<\/p>\n<p>Pour rejoindre EUSES Alumni, <a href=\"https:\/\/alumni.euses.cat\/fr\/acces?view=registration\" target=\"_blank\" rel=\"noopener noreferrer\">acc\u00e9dez \u00e0 ce lien<\/a> et remplissez le formulaire.<\/p>\n","protected":false},"excerpt":{"rendered":"<p>Con\u00e7u et organis\u00e9 par l&rsquo;\u00e9quipe de l&rsquo;EUSES Alumni, le 27 avril prochain verra la premi\u00e8re \u00e9dition de l&rsquo;EUSES Talent Day, le salon virtuel de la profession et de l&rsquo;orientation professionnelle de l&rsquo;Escola Universit\u00e0ria de la Salut i l&rsquo;Esport. L&rsquo;objectif principal de l&rsquo;EUSES Talent Day est de fournir tous les outils n\u00e9cessaires aux \u00e9tudiants sur le [&hellip;]<\/p>\n","protected":false},"author":3,"featured_media":9745,"comment_status":"open","ping_status":"closed","sticky":false,"template":"","format":"standard","meta":{"_acf_changed":false,"inline_featured_image":false,"_joinchat":[],"footnotes":""},"categories":[3],"tags":[],"class_list":["post-9766","post","type-post","status-publish","format-standard","has-post-thumbnail","hentry","category-non-classifiee"],"acf":[],"yoast_head":"<!-- This site is optimized with the Yoast SEO plugin v27.4 - https:\/\/yoast.com\/product\/yoast-seo-wordpress\/ -->\n<title>Compte \u00e0 rebours pour la c\u00e9l\u00e9bration de la premi\u00e8re \u00e9dition du EUSES Talent Day, le mardi 27 avril | EUSES - Campus de Bellvitge (Barcelona)<\/title>\n<meta name=\"robots\" content=\"index, follow, max-snippet:-1, max-image-preview:large, max-video-preview:-1\" \/>\n<link rel=\"canonical\" href=\"https:\/\/barcelona.euses.cat\/fr\/compte-a-rebours-pour-la-celebration-de-la-premiere-edition-du-euses-talent-day-le-mardi-27-avril\/\" \/>\n<meta property=\"og:locale\" content=\"fr_FR\" \/>\n<meta property=\"og:type\" content=\"article\" \/>\n<meta property=\"og:title\" content=\"Compte \u00e0 rebours pour la c\u00e9l\u00e9bration de la premi\u00e8re \u00e9dition du EUSES Talent Day, le mardi 27 avril | EUSES - Campus de Bellvitge (Barcelona)\" \/>\n<meta property=\"og:description\" content=\"Con\u00e7u et organis\u00e9 par l&rsquo;\u00e9quipe de l&rsquo;EUSES Alumni, le 27 avril prochain verra la premi\u00e8re \u00e9dition de l&rsquo;EUSES Talent Day, le salon virtuel de la profession et de l&rsquo;orientation professionnelle de l&rsquo;Escola Universit\u00e0ria de la Salut i l&rsquo;Esport. L&rsquo;objectif principal de l&rsquo;EUSES Talent Day est de fournir tous les outils n\u00e9cessaires aux \u00e9tudiants sur le [&hellip;]\" \/>\n<meta property=\"og:url\" content=\"https:\/\/barcelona.euses.cat\/fr\/compte-a-rebours-pour-la-celebration-de-la-premiere-edition-du-euses-talent-day-le-mardi-27-avril\/\" \/>\n<meta property=\"og:site_name\" content=\"EUSES - Campus de Bellvitge (Barcelona)\" \/>\n<meta property=\"article:publisher\" content=\"https:\/\/www.facebook.com\/PhysioBCN\/\" \/>\n<meta property=\"article:published_time\" content=\"2021-04-14T23:08:17+00:00\" \/>\n<meta property=\"og:image\" content=\"https:\/\/barcelona.euses.cat\/wp-content\/uploads\/2021\/04\/slide_TALENT_DAY_1920x650_fr.jpg\" \/>\n\t<meta property=\"og:image:width\" content=\"1920\" \/>\n\t<meta property=\"og:image:height\" content=\"650\" \/>\n\t<meta property=\"og:image:type\" content=\"image\/jpeg\" \/>\n<meta name=\"author\" content=\"Jordi Danes\" \/>\n<meta name=\"twitter:card\" content=\"summary_large_image\" \/>\n<meta name=\"twitter:label1\" content=\"\u00c9crit par\" \/>\n\t<meta name=\"twitter:data1\" content=\"Jordi Danes\" \/>\n\t<meta name=\"twitter:label2\" content=\"Dur\u00e9e de lecture estim\u00e9e\" \/>\n\t<meta name=\"twitter:data2\" content=\"2 minutes\" \/>\n<script type=\"application\/ld+json\" class=\"yoast-schema-graph\">{\"@context\":\"https:\\\/\\\/schema.org\",\"@graph\":[{\"@type\":\"Article\",\"@id\":\"https:\\\/\\\/barcelona.euses.cat\\\/fr\\\/compte-a-rebours-pour-la-celebration-de-la-premiere-edition-du-euses-talent-day-le-mardi-27-avril\\\/#article\",\"isPartOf\":{\"@id\":\"https:\\\/\\\/barcelona.euses.cat\\\/fr\\\/compte-a-rebours-pour-la-celebration-de-la-premiere-edition-du-euses-talent-day-le-mardi-27-avril\\\/\"},\"author\":{\"name\":\"Jordi Danes\",\"@id\":\"https:\\\/\\\/barcelona.euses.cat\\\/ca\\\/#\\\/schema\\\/person\\\/8ab46080dfc4814fa59383db317735bd\"},\"headline\":\"Compte \u00e0 rebours pour la c\u00e9l\u00e9bration de la premi\u00e8re \u00e9dition du EUSES Talent Day, le mardi 27 avril\",\"datePublished\":\"2021-04-14T23:08:17+00:00\",\"mainEntityOfPage\":{\"@id\":\"https:\\\/\\\/barcelona.euses.cat\\\/fr\\\/compte-a-rebours-pour-la-celebration-de-la-premiere-edition-du-euses-talent-day-le-mardi-27-avril\\\/\"},\"wordCount\":354,\"commentCount\":0,\"image\":{\"@id\":\"https:\\\/\\\/barcelona.euses.cat\\\/fr\\\/compte-a-rebours-pour-la-celebration-de-la-premiere-edition-du-euses-talent-day-le-mardi-27-avril\\\/#primaryimage\"},\"thumbnailUrl\":\"https:\\\/\\\/barcelona.euses.cat\\\/wp-content\\\/uploads\\\/2021\\\/04\\\/slide_TALENT_DAY_1920x650_fr.jpg\",\"articleSection\":[\"Non classifi\u00e9(e)\"],\"inLanguage\":\"fr-FR\"},{\"@type\":\"WebPage\",\"@id\":\"https:\\\/\\\/barcelona.euses.cat\\\/fr\\\/compte-a-rebours-pour-la-celebration-de-la-premiere-edition-du-euses-talent-day-le-mardi-27-avril\\\/\",\"url\":\"https:\\\/\\\/barcelona.euses.cat\\\/fr\\\/compte-a-rebours-pour-la-celebration-de-la-premiere-edition-du-euses-talent-day-le-mardi-27-avril\\\/\",\"name\":\"Compte \u00e0 rebours pour la c\u00e9l\u00e9bration de la premi\u00e8re \u00e9dition du EUSES Talent Day, le mardi 27 avril | EUSES - Campus de Bellvitge (Barcelona)\",\"isPartOf\":{\"@id\":\"https:\\\/\\\/barcelona.euses.cat\\\/ca\\\/#website\"},\"primaryImageOfPage\":{\"@id\":\"https:\\\/\\\/barcelona.euses.cat\\\/fr\\\/compte-a-rebours-pour-la-celebration-de-la-premiere-edition-du-euses-talent-day-le-mardi-27-avril\\\/#primaryimage\"},\"image\":{\"@id\":\"https:\\\/\\\/barcelona.euses.cat\\\/fr\\\/compte-a-rebours-pour-la-celebration-de-la-premiere-edition-du-euses-talent-day-le-mardi-27-avril\\\/#primaryimage\"},\"thumbnailUrl\":\"https:\\\/\\\/barcelona.euses.cat\\\/wp-content\\\/uploads\\\/2021\\\/04\\\/slide_TALENT_DAY_1920x650_fr.jpg\",\"datePublished\":\"2021-04-14T23:08:17+00:00\",\"author\":{\"@id\":\"https:\\\/\\\/barcelona.euses.cat\\\/ca\\\/#\\\/schema\\\/person\\\/8ab46080dfc4814fa59383db317735bd\"},\"breadcrumb\":{\"@id\":\"https:\\\/\\\/barcelona.euses.cat\\\/fr\\\/compte-a-rebours-pour-la-celebration-de-la-premiere-edition-du-euses-talent-day-le-mardi-27-avril\\\/#breadcrumb\"},\"inLanguage\":\"fr-FR\",\"potentialAction\":[{\"@type\":\"ReadAction\",\"target\":[\"https:\\\/\\\/barcelona.euses.cat\\\/fr\\\/compte-a-rebours-pour-la-celebration-de-la-premiere-edition-du-euses-talent-day-le-mardi-27-avril\\\/\"]}]},{\"@type\":\"ImageObject\",\"inLanguage\":\"fr-FR\",\"@id\":\"https:\\\/\\\/barcelona.euses.cat\\\/fr\\\/compte-a-rebours-pour-la-celebration-de-la-premiere-edition-du-euses-talent-day-le-mardi-27-avril\\\/#primaryimage\",\"url\":\"https:\\\/\\\/barcelona.euses.cat\\\/wp-content\\\/uploads\\\/2021\\\/04\\\/slide_TALENT_DAY_1920x650_fr.jpg\",\"contentUrl\":\"https:\\\/\\\/barcelona.euses.cat\\\/wp-content\\\/uploads\\\/2021\\\/04\\\/slide_TALENT_DAY_1920x650_fr.jpg\",\"width\":1920,\"height\":650},{\"@type\":\"BreadcrumbList\",\"@id\":\"https:\\\/\\\/barcelona.euses.cat\\\/fr\\\/compte-a-rebours-pour-la-celebration-de-la-premiere-edition-du-euses-talent-day-le-mardi-27-avril\\\/#breadcrumb\",\"itemListElement\":[{\"@type\":\"ListItem\",\"position\":1,\"name\":\"Portada\",\"item\":\"https:\\\/\\\/barcelona.euses.cat\\\/fr\\\/\"},{\"@type\":\"ListItem\",\"position\":2,\"name\":\"Compte \u00e0 rebours pour la c\u00e9l\u00e9bration de la premi\u00e8re \u00e9dition du EUSES Talent Day, le mardi 27 avril\"}]},{\"@type\":\"WebSite\",\"@id\":\"https:\\\/\\\/barcelona.euses.cat\\\/ca\\\/#website\",\"url\":\"https:\\\/\\\/barcelona.euses.cat\\\/ca\\\/\",\"name\":\"EUSES - Campus de Bellvitge (Barcelona)\",\"description\":\"EUSES, Ecole Universitaire de Physioth\u00e9rapie Internationale \u00e0 Barcelone\",\"potentialAction\":[{\"@type\":\"SearchAction\",\"target\":{\"@type\":\"EntryPoint\",\"urlTemplate\":\"https:\\\/\\\/barcelona.euses.cat\\\/ca\\\/?s={search_term_string}\"},\"query-input\":{\"@type\":\"PropertyValueSpecification\",\"valueRequired\":true,\"valueName\":\"search_term_string\"}}],\"inLanguage\":\"fr-FR\"},{\"@type\":\"Person\",\"@id\":\"https:\\\/\\\/barcelona.euses.cat\\\/ca\\\/#\\\/schema\\\/person\\\/8ab46080dfc4814fa59383db317735bd\",\"name\":\"Jordi Danes\",\"image\":{\"@type\":\"ImageObject\",\"inLanguage\":\"fr-FR\",\"@id\":\"https:\\\/\\\/secure.gravatar.com\\\/avatar\\\/a9e4f443b594af225625ee8cfa665e41b1e0740ea34fbe0515b4ca559f8570ef?s=96&d=mm&r=g\",\"url\":\"https:\\\/\\\/secure.gravatar.com\\\/avatar\\\/a9e4f443b594af225625ee8cfa665e41b1e0740ea34fbe0515b4ca559f8570ef?s=96&d=mm&r=g\",\"contentUrl\":\"https:\\\/\\\/secure.gravatar.com\\\/avatar\\\/a9e4f443b594af225625ee8cfa665e41b1e0740ea34fbe0515b4ca559f8570ef?s=96&d=mm&r=g\",\"caption\":\"Jordi Danes\"},\"url\":\"https:\\\/\\\/barcelona.euses.cat\\\/fr\\\/author\\\/jordi-danes\\\/\"}]}<\/script>\n<!-- \/ Yoast SEO plugin. -->","yoast_head_json":{"title":"Compte \u00e0 rebours pour la c\u00e9l\u00e9bration de la premi\u00e8re \u00e9dition du EUSES Talent Day, le mardi 27 avril | EUSES - Campus de Bellvitge (Barcelona)","robots":{"index":"index","follow":"follow","max-snippet":"max-snippet:-1","max-image-preview":"max-image-preview:large","max-video-preview":"max-video-preview:-1"},"canonical":"https:\/\/barcelona.euses.cat\/fr\/compte-a-rebours-pour-la-celebration-de-la-premiere-edition-du-euses-talent-day-le-mardi-27-avril\/","og_locale":"fr_FR","og_type":"article","og_title":"Compte \u00e0 rebours pour la c\u00e9l\u00e9bration de la premi\u00e8re \u00e9dition du EUSES Talent Day, le mardi 27 avril | EUSES - Campus de Bellvitge (Barcelona)","og_description":"Con\u00e7u et organis\u00e9 par l&rsquo;\u00e9quipe de l&rsquo;EUSES Alumni, le 27 avril prochain verra la premi\u00e8re \u00e9dition de l&rsquo;EUSES Talent Day, le salon virtuel de la profession et de l&rsquo;orientation professionnelle de l&rsquo;Escola Universit\u00e0ria de la Salut i l&rsquo;Esport. L&rsquo;objectif principal de l&rsquo;EUSES Talent Day est de fournir tous les outils n\u00e9cessaires aux \u00e9tudiants sur le [&hellip;]","og_url":"https:\/\/barcelona.euses.cat\/fr\/compte-a-rebours-pour-la-celebration-de-la-premiere-edition-du-euses-talent-day-le-mardi-27-avril\/","og_site_name":"EUSES - Campus de Bellvitge (Barcelona)","article_publisher":"https:\/\/www.facebook.com\/PhysioBCN\/","article_published_time":"2021-04-14T23:08:17+00:00","og_image":[{"width":1920,"height":650,"url":"https:\/\/barcelona.euses.cat\/wp-content\/uploads\/2021\/04\/slide_TALENT_DAY_1920x650_fr.jpg","type":"image\/jpeg"}],"author":"Jordi Danes","twitter_card":"summary_large_image","twitter_misc":{"\u00c9crit par":"Jordi Danes","Dur\u00e9e de lecture estim\u00e9e":"2 minutes"},"schema":{"@context":"https:\/\/schema.org","@graph":[{"@type":"Article","@id":"https:\/\/barcelona.euses.cat\/fr\/compte-a-rebours-pour-la-celebration-de-la-premiere-edition-du-euses-talent-day-le-mardi-27-avril\/#article","isPartOf":{"@id":"https:\/\/barcelona.euses.cat\/fr\/compte-a-rebours-pour-la-celebration-de-la-premiere-edition-du-euses-talent-day-le-mardi-27-avril\/"},"author":{"name":"Jordi Danes","@id":"https:\/\/barcelona.euses.cat\/ca\/#\/schema\/person\/8ab46080dfc4814fa59383db317735bd"},"headline":"Compte \u00e0 rebours pour la c\u00e9l\u00e9bration de la premi\u00e8re \u00e9dition du EUSES Talent Day, le mardi 27 avril","datePublished":"2021-04-14T23:08:17+00:00","mainEntityOfPage":{"@id":"https:\/\/barcelona.euses.cat\/fr\/compte-a-rebours-pour-la-celebration-de-la-premiere-edition-du-euses-talent-day-le-mardi-27-avril\/"},"wordCount":354,"commentCount":0,"image":{"@id":"https:\/\/barcelona.euses.cat\/fr\/compte-a-rebours-pour-la-celebration-de-la-premiere-edition-du-euses-talent-day-le-mardi-27-avril\/#primaryimage"},"thumbnailUrl":"https:\/\/barcelona.euses.cat\/wp-content\/uploads\/2021\/04\/slide_TALENT_DAY_1920x650_fr.jpg","articleSection":["Non classifi\u00e9(e)"],"inLanguage":"fr-FR"},{"@type":"WebPage","@id":"https:\/\/barcelona.euses.cat\/fr\/compte-a-rebours-pour-la-celebration-de-la-premiere-edition-du-euses-talent-day-le-mardi-27-avril\/","url":"https:\/\/barcelona.euses.cat\/fr\/compte-a-rebours-pour-la-celebration-de-la-premiere-edition-du-euses-talent-day-le-mardi-27-avril\/","name":"Compte \u00e0 rebours pour la c\u00e9l\u00e9bration de la premi\u00e8re \u00e9dition du EUSES Talent Day, le mardi 27 avril | EUSES - Campus de Bellvitge (Barcelona)","isPartOf":{"@id":"https:\/\/barcelona.euses.cat\/ca\/#website"},"primaryImageOfPage":{"@id":"https:\/\/barcelona.euses.cat\/fr\/compte-a-rebours-pour-la-celebration-de-la-premiere-edition-du-euses-talent-day-le-mardi-27-avril\/#primaryimage"},"image":{"@id":"https:\/\/barcelona.euses.cat\/fr\/compte-a-rebours-pour-la-celebration-de-la-premiere-edition-du-euses-talent-day-le-mardi-27-avril\/#primaryimage"},"thumbnailUrl":"https:\/\/barcelona.euses.cat\/wp-content\/uploads\/2021\/04\/slide_TALENT_DAY_1920x650_fr.jpg","datePublished":"2021-04-14T23:08:17+00:00","author":{"@id":"https:\/\/barcelona.euses.cat\/ca\/#\/schema\/person\/8ab46080dfc4814fa59383db317735bd"},"breadcrumb":{"@id":"https:\/\/barcelona.euses.cat\/fr\/compte-a-rebours-pour-la-celebration-de-la-premiere-edition-du-euses-talent-day-le-mardi-27-avril\/#breadcrumb"},"inLanguage":"fr-FR","potentialAction":[{"@type":"ReadAction","target":["https:\/\/barcelona.euses.cat\/fr\/compte-a-rebours-pour-la-celebration-de-la-premiere-edition-du-euses-talent-day-le-mardi-27-avril\/"]}]},{"@type":"ImageObject","inLanguage":"fr-FR","@id":"https:\/\/barcelona.euses.cat\/fr\/compte-a-rebours-pour-la-celebration-de-la-premiere-edition-du-euses-talent-day-le-mardi-27-avril\/#primaryimage","url":"https:\/\/barcelona.euses.cat\/wp-content\/uploads\/2021\/04\/slide_TALENT_DAY_1920x650_fr.jpg","contentUrl":"https:\/\/barcelona.euses.cat\/wp-content\/uploads\/2021\/04\/slide_TALENT_DAY_1920x650_fr.jpg","width":1920,"height":650},{"@type":"BreadcrumbList","@id":"https:\/\/barcelona.euses.cat\/fr\/compte-a-rebours-pour-la-celebration-de-la-premiere-edition-du-euses-talent-day-le-mardi-27-avril\/#breadcrumb","itemListElement":[{"@type":"ListItem","position":1,"name":"Portada","item":"https:\/\/barcelona.euses.cat\/fr\/"},{"@type":"ListItem","position":2,"name":"Compte \u00e0 rebours pour la c\u00e9l\u00e9bration de la premi\u00e8re \u00e9dition du EUSES Talent Day, le mardi 27 avril"}]},{"@type":"WebSite","@id":"https:\/\/barcelona.euses.cat\/ca\/#website","url":"https:\/\/barcelona.euses.cat\/ca\/","name":"EUSES - Campus de Bellvitge (Barcelona)","description":"EUSES, Ecole Universitaire de Physioth\u00e9rapie Internationale \u00e0 Barcelone","potentialAction":[{"@type":"SearchAction","target":{"@type":"EntryPoint","urlTemplate":"https:\/\/barcelona.euses.cat\/ca\/?s={search_term_string}"},"query-input":{"@type":"PropertyValueSpecification","valueRequired":true,"valueName":"search_term_string"}}],"inLanguage":"fr-FR"},{"@type":"Person","@id":"https:\/\/barcelona.euses.cat\/ca\/#\/schema\/person\/8ab46080dfc4814fa59383db317735bd","name":"Jordi Danes","image":{"@type":"ImageObject","inLanguage":"fr-FR","@id":"https:\/\/secure.gravatar.com\/avatar\/a9e4f443b594af225625ee8cfa665e41b1e0740ea34fbe0515b4ca559f8570ef?s=96&d=mm&r=g","url":"https:\/\/secure.gravatar.com\/avatar\/a9e4f443b594af225625ee8cfa665e41b1e0740ea34fbe0515b4ca559f8570ef?s=96&d=mm&r=g","contentUrl":"https:\/\/secure.gravatar.com\/avatar\/a9e4f443b594af225625ee8cfa665e41b1e0740ea34fbe0515b4ca559f8570ef?s=96&d=mm&r=g","caption":"Jordi Danes"},"url":"https:\/\/barcelona.euses.cat\/fr\/author\/jordi-danes\/"}]}},"_links":{"self":[{"href":"https:\/\/barcelona.euses.cat\/fr\/wp-json\/wp\/v2\/posts\/9766","targetHints":{"allow":["GET"]}}],"collection":[{"href":"https:\/\/barcelona.euses.cat\/fr\/wp-json\/wp\/v2\/posts"}],"about":[{"href":"https:\/\/barcelona.euses.cat\/fr\/wp-json\/wp\/v2\/types\/post"}],"author":[{"embeddable":true,"href":"https:\/\/barcelona.euses.cat\/fr\/wp-json\/wp\/v2\/users\/3"}],"replies":[{"embeddable":true,"href":"https:\/\/barcelona.euses.cat\/fr\/wp-json\/wp\/v2\/comments?post=9766"}],"version-history":[{"count":1,"href":"https:\/\/barcelona.euses.cat\/fr\/wp-json\/wp\/v2\/posts\/9766\/revisions"}],"predecessor-version":[{"id":9767,"href":"https:\/\/barcelona.euses.cat\/fr\/wp-json\/wp\/v2\/posts\/9766\/revisions\/9767"}],"wp:featuredmedia":[{"embeddable":true,"href":"https:\/\/barcelona.euses.cat\/fr\/wp-json\/wp\/v2\/media\/9745"}],"wp:attachment":[{"href":"https:\/\/barcelona.euses.cat\/fr\/wp-json\/wp\/v2\/media?parent=9766"}],"wp:term":[{"taxonomy":"category","embeddable":true,"href":"https:\/\/barcelona.euses.cat\/fr\/wp-json\/wp\/v2\/categories?post=9766"},{"taxonomy":"post_tag","embeddable":true,"href":"https:\/\/barcelona.euses.cat\/fr\/wp-json\/wp\/v2\/tags?post=9766"}],"curies":[{"name":"wp","href":"https:\/\/api.w.org\/{rel}","templated":true}]}}