{"id":9023,"date":"2021-02-01T22:49:29","date_gmt":"2021-02-01T21:49:29","guid":{"rendered":"https:\/\/barcelona.euses.cat\/?p=9023"},"modified":"2021-02-01T22:51:54","modified_gmt":"2021-02-01T21:51:54","slug":"deux-journees-portes-ouvertes-virtuelles-organisees-sur-les-campus-de-salt-et-de-bellvitge","status":"publish","type":"post","link":"https:\/\/barcelona.euses.cat\/fr\/deux-journees-portes-ouvertes-virtuelles-organisees-sur-les-campus-de-salt-et-de-bellvitge\/","title":{"rendered":"Deux journ\u00e9es portes ouvertes virtuelles organis\u00e9es sur les campus de Salt et de Bellvitge"},"content":{"rendered":"<p>Vendredi dernier, l&rsquo;Escola Universit\u00e0ria de la Salut i l&rsquo;Esport a organis\u00e9 une journ\u00e9e Portes Ouvertes qui a permis d&rsquo;exposer l&rsquo;offre acad\u00e9mique aux \u00e9tudiants int\u00e9ress\u00e9s par l&rsquo;obtention du Dipl\u00f4me de Kin\u00e9sith\u00e9rapie \u00e0 EUSES au cours de l&rsquo;ann\u00e9e acad\u00e9mique 2021\/22, soit sur le campus de Salt soit sur celui de Bellvitge. La conf\u00e9rence, qui s&rsquo;est tenue en ligne et par le biais de la plateforme zoom, a rassembl\u00e9 de nombreuses personnes int\u00e9ress\u00e9es qui ont \u00e9t\u00e9 inform\u00e9es sur des aspects tels que le programme d&rsquo;\u00e9tudes, les possibilit\u00e9s de carri\u00e8re, les accords internationaux qu&rsquo;EUSES a sign\u00e9 avec d&rsquo;autres universit\u00e9s, les accords avec diff\u00e9rentes entit\u00e9s pour les stages, le processus d&rsquo;inscription, ect&#8230; Une vid\u00e9o a \u00e9galement \u00e9t\u00e9 projet\u00e9e pour montrer les installations, les activit\u00e9s et les projets.<\/p>\n<p>Sur le Campus de Salt, l&rsquo;exposition a \u00e9t\u00e9 dirig\u00e9e par le coordinateur des \u00e9tudes de Kin\u00e9sith\u00e9rapie Eduardo Dom\u00ednguez, le membre du d\u00e9partement de promotion Pau Vila, et l&rsquo;\u00e9tudiant Alexandre Houdelat. Au Campus de Bellvitge, o\u00f9 les \u00e9tudes sont enti\u00e8rement enseign\u00e9es en anglais, les intervenants \u00e9taient le directeur G\u00e9rard Mu\u00f1oz, le membre du d\u00e9partement de promotion de l&rsquo;EUSES Albert Deulofeu et l&rsquo;ancien \u00e9tudiant Alejandro Revilla.<\/p>\n<p>Dans la derni\u00e8re partie de la session, une s\u00e9ance de questions-r\u00e9ponses a \u00e9t\u00e9 ouverte par le biais du chat afin que les \u00e9tudiants int\u00e9ress\u00e9s puissent poser leurs questions ou r\u00e9soudre leurs doutes.<\/p>\n<p>Les prochaines journ\u00e9es de Portes Ouvertes virtuelles qui sont pr\u00e9vues \u00e0 EUSES sont les suivantes :<\/p>\n<p><b>Campus de Salt (26 f\u00e9vrier 2021) :<\/b><\/p>\n<p>16h : Sciences de l&rsquo;activit\u00e9 physique et du sport (CAFyD).<br \/>\n16h : Double dipl\u00f4me en sciences de l&rsquo;activit\u00e9 physique et du sport (CAFyD) et Kin\u00e9sith\u00e9rapie<br \/>\n16h : Kin\u00e9sith\u00e9rapie<\/p>\n<p><b>Campus des Terres de l&rsquo;Ebre (26 f\u00e9vrier 2021) :<\/b><br \/>\n17h : Sciences de l&rsquo;activit\u00e9 physique et du sport (CAFyD)<br \/>\n17h : Double dipl\u00f4me en sciences de l&rsquo;activit\u00e9 physique et du sport (CAFyD) et Kin\u00e9sith\u00e9rapie<br \/>\n18h :\u00a0 Kin\u00e9sith\u00e9rapie<\/p>\n","protected":false},"excerpt":{"rendered":"<p>Vendredi dernier, l&rsquo;Escola Universit\u00e0ria de la Salut i l&rsquo;Esport a organis\u00e9 une journ\u00e9e Portes Ouvertes qui a permis d&rsquo;exposer l&rsquo;offre acad\u00e9mique aux \u00e9tudiants int\u00e9ress\u00e9s par l&rsquo;obtention du Dipl\u00f4me de Kin\u00e9sith\u00e9rapie \u00e0 EUSES au cours de l&rsquo;ann\u00e9e acad\u00e9mique 2021\/22, soit sur le campus de Salt soit sur celui de Bellvitge. La conf\u00e9rence, qui s&rsquo;est tenue en [&hellip;]<\/p>\n","protected":false},"author":3,"featured_media":9008,"comment_status":"open","ping_status":"closed","sticky":false,"template":"","format":"standard","meta":{"_acf_changed":false,"inline_featured_image":false,"_joinchat":[],"footnotes":""},"categories":[3],"tags":[],"class_list":["post-9023","post","type-post","status-publish","format-standard","has-post-thumbnail","hentry","category-non-classifiee"],"acf":[],"yoast_head":"<!-- This site is optimized with the Yoast SEO plugin v27.4 - https:\/\/yoast.com\/product\/yoast-seo-wordpress\/ -->\n<title>Deux journ\u00e9es portes ouvertes virtuelles organis\u00e9es sur les campus de Salt et de Bellvitge | EUSES - Campus de Bellvitge (Barcelona)<\/title>\n<meta name=\"robots\" content=\"index, follow, max-snippet:-1, max-image-preview:large, max-video-preview:-1\" \/>\n<link rel=\"canonical\" href=\"https:\/\/barcelona.euses.cat\/fr\/deux-journees-portes-ouvertes-virtuelles-organisees-sur-les-campus-de-salt-et-de-bellvitge\/\" \/>\n<meta property=\"og:locale\" content=\"fr_FR\" \/>\n<meta property=\"og:type\" content=\"article\" \/>\n<meta property=\"og:title\" content=\"Deux journ\u00e9es portes ouvertes virtuelles organis\u00e9es sur les campus de Salt et de Bellvitge | EUSES - Campus de Bellvitge (Barcelona)\" \/>\n<meta property=\"og:description\" content=\"Vendredi dernier, l&rsquo;Escola Universit\u00e0ria de la Salut i l&rsquo;Esport a organis\u00e9 une journ\u00e9e Portes Ouvertes qui a permis d&rsquo;exposer l&rsquo;offre acad\u00e9mique aux \u00e9tudiants int\u00e9ress\u00e9s par l&rsquo;obtention du Dipl\u00f4me de Kin\u00e9sith\u00e9rapie \u00e0 EUSES au cours de l&rsquo;ann\u00e9e acad\u00e9mique 2021\/22, soit sur le campus de Salt soit sur celui de Bellvitge. La conf\u00e9rence, qui s&rsquo;est tenue en [&hellip;]\" \/>\n<meta property=\"og:url\" content=\"https:\/\/barcelona.euses.cat\/fr\/deux-journees-portes-ouvertes-virtuelles-organisees-sur-les-campus-de-salt-et-de-bellvitge\/\" \/>\n<meta property=\"og:site_name\" content=\"EUSES - Campus de Bellvitge (Barcelona)\" \/>\n<meta property=\"article:publisher\" content=\"https:\/\/www.facebook.com\/PhysioBCN\/\" \/>\n<meta property=\"article:published_time\" content=\"2021-02-01T21:49:29+00:00\" \/>\n<meta property=\"article:modified_time\" content=\"2021-02-01T21:51:54+00:00\" \/>\n<meta property=\"og:image\" content=\"https:\/\/barcelona.euses.cat\/wp-content\/uploads\/2021\/01\/jpo-virtual-salt-29.01.jpg\" \/>\n\t<meta property=\"og:image:width\" content=\"1366\" \/>\n\t<meta property=\"og:image:height\" content=\"768\" \/>\n\t<meta property=\"og:image:type\" content=\"image\/jpeg\" \/>\n<meta name=\"author\" content=\"Jordi Danes\" \/>\n<meta name=\"twitter:card\" content=\"summary_large_image\" \/>\n<meta name=\"twitter:label1\" content=\"\u00c9crit par\" \/>\n\t<meta name=\"twitter:data1\" content=\"Jordi Danes\" \/>\n\t<meta name=\"twitter:label2\" content=\"Dur\u00e9e de lecture estim\u00e9e\" \/>\n\t<meta name=\"twitter:data2\" content=\"2 minutes\" \/>\n<script type=\"application\/ld+json\" class=\"yoast-schema-graph\">{\"@context\":\"https:\\\/\\\/schema.org\",\"@graph\":[{\"@type\":\"Article\",\"@id\":\"https:\\\/\\\/barcelona.euses.cat\\\/fr\\\/deux-journees-portes-ouvertes-virtuelles-organisees-sur-les-campus-de-salt-et-de-bellvitge\\\/#article\",\"isPartOf\":{\"@id\":\"https:\\\/\\\/barcelona.euses.cat\\\/fr\\\/deux-journees-portes-ouvertes-virtuelles-organisees-sur-les-campus-de-salt-et-de-bellvitge\\\/\"},\"author\":{\"name\":\"Jordi Danes\",\"@id\":\"https:\\\/\\\/barcelona.euses.cat\\\/ca\\\/#\\\/schema\\\/person\\\/8ab46080dfc4814fa59383db317735bd\"},\"headline\":\"Deux journ\u00e9es portes ouvertes virtuelles organis\u00e9es sur les campus de Salt et de Bellvitge\",\"datePublished\":\"2021-02-01T21:49:29+00:00\",\"dateModified\":\"2021-02-01T21:51:54+00:00\",\"mainEntityOfPage\":{\"@id\":\"https:\\\/\\\/barcelona.euses.cat\\\/fr\\\/deux-journees-portes-ouvertes-virtuelles-organisees-sur-les-campus-de-salt-et-de-bellvitge\\\/\"},\"wordCount\":378,\"commentCount\":0,\"image\":{\"@id\":\"https:\\\/\\\/barcelona.euses.cat\\\/fr\\\/deux-journees-portes-ouvertes-virtuelles-organisees-sur-les-campus-de-salt-et-de-bellvitge\\\/#primaryimage\"},\"thumbnailUrl\":\"https:\\\/\\\/barcelona.euses.cat\\\/wp-content\\\/uploads\\\/2021\\\/01\\\/jpo-virtual-salt-29.01.jpg\",\"articleSection\":[\"Non classifi\u00e9(e)\"],\"inLanguage\":\"fr-FR\"},{\"@type\":\"WebPage\",\"@id\":\"https:\\\/\\\/barcelona.euses.cat\\\/fr\\\/deux-journees-portes-ouvertes-virtuelles-organisees-sur-les-campus-de-salt-et-de-bellvitge\\\/\",\"url\":\"https:\\\/\\\/barcelona.euses.cat\\\/fr\\\/deux-journees-portes-ouvertes-virtuelles-organisees-sur-les-campus-de-salt-et-de-bellvitge\\\/\",\"name\":\"Deux journ\u00e9es portes ouvertes virtuelles organis\u00e9es sur les campus de Salt et de Bellvitge | EUSES - Campus de Bellvitge (Barcelona)\",\"isPartOf\":{\"@id\":\"https:\\\/\\\/barcelona.euses.cat\\\/ca\\\/#website\"},\"primaryImageOfPage\":{\"@id\":\"https:\\\/\\\/barcelona.euses.cat\\\/fr\\\/deux-journees-portes-ouvertes-virtuelles-organisees-sur-les-campus-de-salt-et-de-bellvitge\\\/#primaryimage\"},\"image\":{\"@id\":\"https:\\\/\\\/barcelona.euses.cat\\\/fr\\\/deux-journees-portes-ouvertes-virtuelles-organisees-sur-les-campus-de-salt-et-de-bellvitge\\\/#primaryimage\"},\"thumbnailUrl\":\"https:\\\/\\\/barcelona.euses.cat\\\/wp-content\\\/uploads\\\/2021\\\/01\\\/jpo-virtual-salt-29.01.jpg\",\"datePublished\":\"2021-02-01T21:49:29+00:00\",\"dateModified\":\"2021-02-01T21:51:54+00:00\",\"author\":{\"@id\":\"https:\\\/\\\/barcelona.euses.cat\\\/ca\\\/#\\\/schema\\\/person\\\/8ab46080dfc4814fa59383db317735bd\"},\"breadcrumb\":{\"@id\":\"https:\\\/\\\/barcelona.euses.cat\\\/fr\\\/deux-journees-portes-ouvertes-virtuelles-organisees-sur-les-campus-de-salt-et-de-bellvitge\\\/#breadcrumb\"},\"inLanguage\":\"fr-FR\",\"potentialAction\":[{\"@type\":\"ReadAction\",\"target\":[\"https:\\\/\\\/barcelona.euses.cat\\\/fr\\\/deux-journees-portes-ouvertes-virtuelles-organisees-sur-les-campus-de-salt-et-de-bellvitge\\\/\"]}]},{\"@type\":\"ImageObject\",\"inLanguage\":\"fr-FR\",\"@id\":\"https:\\\/\\\/barcelona.euses.cat\\\/fr\\\/deux-journees-portes-ouvertes-virtuelles-organisees-sur-les-campus-de-salt-et-de-bellvitge\\\/#primaryimage\",\"url\":\"https:\\\/\\\/barcelona.euses.cat\\\/wp-content\\\/uploads\\\/2021\\\/01\\\/jpo-virtual-salt-29.01.jpg\",\"contentUrl\":\"https:\\\/\\\/barcelona.euses.cat\\\/wp-content\\\/uploads\\\/2021\\\/01\\\/jpo-virtual-salt-29.01.jpg\",\"width\":1366,\"height\":768},{\"@type\":\"BreadcrumbList\",\"@id\":\"https:\\\/\\\/barcelona.euses.cat\\\/fr\\\/deux-journees-portes-ouvertes-virtuelles-organisees-sur-les-campus-de-salt-et-de-bellvitge\\\/#breadcrumb\",\"itemListElement\":[{\"@type\":\"ListItem\",\"position\":1,\"name\":\"Portada\",\"item\":\"https:\\\/\\\/barcelona.euses.cat\\\/fr\\\/\"},{\"@type\":\"ListItem\",\"position\":2,\"name\":\"Deux journ\u00e9es portes ouvertes virtuelles organis\u00e9es sur les campus de Salt et de Bellvitge\"}]},{\"@type\":\"WebSite\",\"@id\":\"https:\\\/\\\/barcelona.euses.cat\\\/ca\\\/#website\",\"url\":\"https:\\\/\\\/barcelona.euses.cat\\\/ca\\\/\",\"name\":\"EUSES - Campus de Bellvitge (Barcelona)\",\"description\":\"EUSES, Ecole Universitaire de Physioth\u00e9rapie Internationale \u00e0 Barcelone\",\"potentialAction\":[{\"@type\":\"SearchAction\",\"target\":{\"@type\":\"EntryPoint\",\"urlTemplate\":\"https:\\\/\\\/barcelona.euses.cat\\\/ca\\\/?s={search_term_string}\"},\"query-input\":{\"@type\":\"PropertyValueSpecification\",\"valueRequired\":true,\"valueName\":\"search_term_string\"}}],\"inLanguage\":\"fr-FR\"},{\"@type\":\"Person\",\"@id\":\"https:\\\/\\\/barcelona.euses.cat\\\/ca\\\/#\\\/schema\\\/person\\\/8ab46080dfc4814fa59383db317735bd\",\"name\":\"Jordi Danes\",\"image\":{\"@type\":\"ImageObject\",\"inLanguage\":\"fr-FR\",\"@id\":\"https:\\\/\\\/secure.gravatar.com\\\/avatar\\\/a9e4f443b594af225625ee8cfa665e41b1e0740ea34fbe0515b4ca559f8570ef?s=96&d=mm&r=g\",\"url\":\"https:\\\/\\\/secure.gravatar.com\\\/avatar\\\/a9e4f443b594af225625ee8cfa665e41b1e0740ea34fbe0515b4ca559f8570ef?s=96&d=mm&r=g\",\"contentUrl\":\"https:\\\/\\\/secure.gravatar.com\\\/avatar\\\/a9e4f443b594af225625ee8cfa665e41b1e0740ea34fbe0515b4ca559f8570ef?s=96&d=mm&r=g\",\"caption\":\"Jordi Danes\"},\"url\":\"https:\\\/\\\/barcelona.euses.cat\\\/fr\\\/author\\\/jordi-danes\\\/\"}]}<\/script>\n<!-- \/ Yoast SEO plugin. -->","yoast_head_json":{"title":"Deux journ\u00e9es portes ouvertes virtuelles organis\u00e9es sur les campus de Salt et de Bellvitge | EUSES - Campus de Bellvitge (Barcelona)","robots":{"index":"index","follow":"follow","max-snippet":"max-snippet:-1","max-image-preview":"max-image-preview:large","max-video-preview":"max-video-preview:-1"},"canonical":"https:\/\/barcelona.euses.cat\/fr\/deux-journees-portes-ouvertes-virtuelles-organisees-sur-les-campus-de-salt-et-de-bellvitge\/","og_locale":"fr_FR","og_type":"article","og_title":"Deux journ\u00e9es portes ouvertes virtuelles organis\u00e9es sur les campus de Salt et de Bellvitge | EUSES - Campus de Bellvitge (Barcelona)","og_description":"Vendredi dernier, l&rsquo;Escola Universit\u00e0ria de la Salut i l&rsquo;Esport a organis\u00e9 une journ\u00e9e Portes Ouvertes qui a permis d&rsquo;exposer l&rsquo;offre acad\u00e9mique aux \u00e9tudiants int\u00e9ress\u00e9s par l&rsquo;obtention du Dipl\u00f4me de Kin\u00e9sith\u00e9rapie \u00e0 EUSES au cours de l&rsquo;ann\u00e9e acad\u00e9mique 2021\/22, soit sur le campus de Salt soit sur celui de Bellvitge. La conf\u00e9rence, qui s&rsquo;est tenue en [&hellip;]","og_url":"https:\/\/barcelona.euses.cat\/fr\/deux-journees-portes-ouvertes-virtuelles-organisees-sur-les-campus-de-salt-et-de-bellvitge\/","og_site_name":"EUSES - Campus de Bellvitge (Barcelona)","article_publisher":"https:\/\/www.facebook.com\/PhysioBCN\/","article_published_time":"2021-02-01T21:49:29+00:00","article_modified_time":"2021-02-01T21:51:54+00:00","og_image":[{"width":1366,"height":768,"url":"https:\/\/barcelona.euses.cat\/wp-content\/uploads\/2021\/01\/jpo-virtual-salt-29.01.jpg","type":"image\/jpeg"}],"author":"Jordi Danes","twitter_card":"summary_large_image","twitter_misc":{"\u00c9crit par":"Jordi Danes","Dur\u00e9e de lecture estim\u00e9e":"2 minutes"},"schema":{"@context":"https:\/\/schema.org","@graph":[{"@type":"Article","@id":"https:\/\/barcelona.euses.cat\/fr\/deux-journees-portes-ouvertes-virtuelles-organisees-sur-les-campus-de-salt-et-de-bellvitge\/#article","isPartOf":{"@id":"https:\/\/barcelona.euses.cat\/fr\/deux-journees-portes-ouvertes-virtuelles-organisees-sur-les-campus-de-salt-et-de-bellvitge\/"},"author":{"name":"Jordi Danes","@id":"https:\/\/barcelona.euses.cat\/ca\/#\/schema\/person\/8ab46080dfc4814fa59383db317735bd"},"headline":"Deux journ\u00e9es portes ouvertes virtuelles organis\u00e9es sur les campus de Salt et de Bellvitge","datePublished":"2021-02-01T21:49:29+00:00","dateModified":"2021-02-01T21:51:54+00:00","mainEntityOfPage":{"@id":"https:\/\/barcelona.euses.cat\/fr\/deux-journees-portes-ouvertes-virtuelles-organisees-sur-les-campus-de-salt-et-de-bellvitge\/"},"wordCount":378,"commentCount":0,"image":{"@id":"https:\/\/barcelona.euses.cat\/fr\/deux-journees-portes-ouvertes-virtuelles-organisees-sur-les-campus-de-salt-et-de-bellvitge\/#primaryimage"},"thumbnailUrl":"https:\/\/barcelona.euses.cat\/wp-content\/uploads\/2021\/01\/jpo-virtual-salt-29.01.jpg","articleSection":["Non classifi\u00e9(e)"],"inLanguage":"fr-FR"},{"@type":"WebPage","@id":"https:\/\/barcelona.euses.cat\/fr\/deux-journees-portes-ouvertes-virtuelles-organisees-sur-les-campus-de-salt-et-de-bellvitge\/","url":"https:\/\/barcelona.euses.cat\/fr\/deux-journees-portes-ouvertes-virtuelles-organisees-sur-les-campus-de-salt-et-de-bellvitge\/","name":"Deux journ\u00e9es portes ouvertes virtuelles organis\u00e9es sur les campus de Salt et de Bellvitge | EUSES - Campus de Bellvitge (Barcelona)","isPartOf":{"@id":"https:\/\/barcelona.euses.cat\/ca\/#website"},"primaryImageOfPage":{"@id":"https:\/\/barcelona.euses.cat\/fr\/deux-journees-portes-ouvertes-virtuelles-organisees-sur-les-campus-de-salt-et-de-bellvitge\/#primaryimage"},"image":{"@id":"https:\/\/barcelona.euses.cat\/fr\/deux-journees-portes-ouvertes-virtuelles-organisees-sur-les-campus-de-salt-et-de-bellvitge\/#primaryimage"},"thumbnailUrl":"https:\/\/barcelona.euses.cat\/wp-content\/uploads\/2021\/01\/jpo-virtual-salt-29.01.jpg","datePublished":"2021-02-01T21:49:29+00:00","dateModified":"2021-02-01T21:51:54+00:00","author":{"@id":"https:\/\/barcelona.euses.cat\/ca\/#\/schema\/person\/8ab46080dfc4814fa59383db317735bd"},"breadcrumb":{"@id":"https:\/\/barcelona.euses.cat\/fr\/deux-journees-portes-ouvertes-virtuelles-organisees-sur-les-campus-de-salt-et-de-bellvitge\/#breadcrumb"},"inLanguage":"fr-FR","potentialAction":[{"@type":"ReadAction","target":["https:\/\/barcelona.euses.cat\/fr\/deux-journees-portes-ouvertes-virtuelles-organisees-sur-les-campus-de-salt-et-de-bellvitge\/"]}]},{"@type":"ImageObject","inLanguage":"fr-FR","@id":"https:\/\/barcelona.euses.cat\/fr\/deux-journees-portes-ouvertes-virtuelles-organisees-sur-les-campus-de-salt-et-de-bellvitge\/#primaryimage","url":"https:\/\/barcelona.euses.cat\/wp-content\/uploads\/2021\/01\/jpo-virtual-salt-29.01.jpg","contentUrl":"https:\/\/barcelona.euses.cat\/wp-content\/uploads\/2021\/01\/jpo-virtual-salt-29.01.jpg","width":1366,"height":768},{"@type":"BreadcrumbList","@id":"https:\/\/barcelona.euses.cat\/fr\/deux-journees-portes-ouvertes-virtuelles-organisees-sur-les-campus-de-salt-et-de-bellvitge\/#breadcrumb","itemListElement":[{"@type":"ListItem","position":1,"name":"Portada","item":"https:\/\/barcelona.euses.cat\/fr\/"},{"@type":"ListItem","position":2,"name":"Deux journ\u00e9es portes ouvertes virtuelles organis\u00e9es sur les campus de Salt et de Bellvitge"}]},{"@type":"WebSite","@id":"https:\/\/barcelona.euses.cat\/ca\/#website","url":"https:\/\/barcelona.euses.cat\/ca\/","name":"EUSES - Campus de Bellvitge (Barcelona)","description":"EUSES, Ecole Universitaire de Physioth\u00e9rapie Internationale \u00e0 Barcelone","potentialAction":[{"@type":"SearchAction","target":{"@type":"EntryPoint","urlTemplate":"https:\/\/barcelona.euses.cat\/ca\/?s={search_term_string}"},"query-input":{"@type":"PropertyValueSpecification","valueRequired":true,"valueName":"search_term_string"}}],"inLanguage":"fr-FR"},{"@type":"Person","@id":"https:\/\/barcelona.euses.cat\/ca\/#\/schema\/person\/8ab46080dfc4814fa59383db317735bd","name":"Jordi Danes","image":{"@type":"ImageObject","inLanguage":"fr-FR","@id":"https:\/\/secure.gravatar.com\/avatar\/a9e4f443b594af225625ee8cfa665e41b1e0740ea34fbe0515b4ca559f8570ef?s=96&d=mm&r=g","url":"https:\/\/secure.gravatar.com\/avatar\/a9e4f443b594af225625ee8cfa665e41b1e0740ea34fbe0515b4ca559f8570ef?s=96&d=mm&r=g","contentUrl":"https:\/\/secure.gravatar.com\/avatar\/a9e4f443b594af225625ee8cfa665e41b1e0740ea34fbe0515b4ca559f8570ef?s=96&d=mm&r=g","caption":"Jordi Danes"},"url":"https:\/\/barcelona.euses.cat\/fr\/author\/jordi-danes\/"}]}},"_links":{"self":[{"href":"https:\/\/barcelona.euses.cat\/fr\/wp-json\/wp\/v2\/posts\/9023","targetHints":{"allow":["GET"]}}],"collection":[{"href":"https:\/\/barcelona.euses.cat\/fr\/wp-json\/wp\/v2\/posts"}],"about":[{"href":"https:\/\/barcelona.euses.cat\/fr\/wp-json\/wp\/v2\/types\/post"}],"author":[{"embeddable":true,"href":"https:\/\/barcelona.euses.cat\/fr\/wp-json\/wp\/v2\/users\/3"}],"replies":[{"embeddable":true,"href":"https:\/\/barcelona.euses.cat\/fr\/wp-json\/wp\/v2\/comments?post=9023"}],"version-history":[{"count":1,"href":"https:\/\/barcelona.euses.cat\/fr\/wp-json\/wp\/v2\/posts\/9023\/revisions"}],"predecessor-version":[{"id":9024,"href":"https:\/\/barcelona.euses.cat\/fr\/wp-json\/wp\/v2\/posts\/9023\/revisions\/9024"}],"wp:featuredmedia":[{"embeddable":true,"href":"https:\/\/barcelona.euses.cat\/fr\/wp-json\/wp\/v2\/media\/9008"}],"wp:attachment":[{"href":"https:\/\/barcelona.euses.cat\/fr\/wp-json\/wp\/v2\/media?parent=9023"}],"wp:term":[{"taxonomy":"category","embeddable":true,"href":"https:\/\/barcelona.euses.cat\/fr\/wp-json\/wp\/v2\/categories?post=9023"},{"taxonomy":"post_tag","embeddable":true,"href":"https:\/\/barcelona.euses.cat\/fr\/wp-json\/wp\/v2\/tags?post=9023"}],"curies":[{"name":"wp","href":"https:\/\/api.w.org\/{rel}","templated":true}]}}