{"id":8985,"date":"2020-12-27T00:36:17","date_gmt":"2020-12-26T23:36:17","guid":{"rendered":"https:\/\/barcelona.euses.cat\/?p=8985"},"modified":"2020-12-27T00:36:17","modified_gmt":"2020-12-26T23:36:17","slug":"le-dr-gerard-munoz-nouveau-directeur-de-physiotherapy-barcelona","status":"publish","type":"post","link":"https:\/\/barcelona.euses.cat\/fr\/le-dr-gerard-munoz-nouveau-directeur-de-physiotherapy-barcelona\/","title":{"rendered":"Le Dr. Gerard Mu\u00f1oz, nouveau directeur de Physiotherapy Barcelona"},"content":{"rendered":"<p>Le Dr Gerard Mu\u00f1oz a \u00e9t\u00e9 nomm\u00e9 directeur des \u00e9tudes internationales de kin\u00e9sith\u00e9rapie, succ\u00e9dant au Dr Mariano Gacto, qui quitte un poste qu&rsquo;il occupait depuis la cr\u00e9ation de Physiotherapy Bellvitge en 2015, pour relever de nouveaux d\u00e9fis professionnels. Le nouveau directeur combinera la direction des \u00e9tudes au Campus de Bellvitge avec l&rsquo;enseignement de la kin\u00e9sith\u00e9rapie au Campus du Salt.<\/p>\n<p>Outre un doctorat obtenu \u00e0 l&rsquo;Universit\u00e9 autonome de Barcelone, G\u00e9rard Mu\u00f1oz est titulaire d&rsquo;un dipl\u00f4me de troisi\u00e8me cycle en kin\u00e9sith\u00e9rapie thoracique et d&rsquo;un master en m\u00e9decine respiratoire. Avant de rejoindre EUSES il y a quelques ann\u00e9es, il avait travaill\u00e9 \u00e0 l&rsquo;h\u00f4pital Henry Mondor (Paris), \u00e0 la Fondation Slavatora Maugeri (Pavie), \u00e0 l&rsquo;UZ Brussel (Bruxelles) et \u00e0 l&rsquo;h\u00f4pital de Mar (Barcelone), ainsi qu&rsquo;actuellement \u00e0 l&rsquo;Institut de recherche biom\u00e9dicale de G\u00e9rone (IDIBGI) dans le domaine de la respiration.<\/p>\n<p>Le Dr G\u00e9rard Mu\u00f1oz est membre de la Soci\u00e9t\u00e9 espagnole de pneumologie et de chirurgie thoracique (SEPAR), de la Soci\u00e9t\u00e9 catalane de pneumologie (SOCAP), de l&rsquo;Acad\u00e9mie des sciences m\u00e9dicales de Catalogne et des Bal\u00e9ares (ACMCB) et de la Soci\u00e9t\u00e9 respiratoire europ\u00e9enne (ERS). Depuis 2007. Le Dr Gerard Mu\u00f1oz participe \u00e9galement \u00e0 des conf\u00e9rences nationales et internationales, en tant qu&rsquo;orateur ou mod\u00e9rateur.<\/p>\n","protected":false},"excerpt":{"rendered":"<p>Le Dr Gerard Mu\u00f1oz a \u00e9t\u00e9 nomm\u00e9 directeur des \u00e9tudes internationales de kin\u00e9sith\u00e9rapie, succ\u00e9dant au Dr Mariano Gacto, qui quitte un poste qu&rsquo;il occupait depuis la cr\u00e9ation de Physiotherapy Bellvitge en 2015, pour relever de nouveaux d\u00e9fis professionnels. Le nouveau directeur combinera la direction des \u00e9tudes au Campus de Bellvitge avec l&rsquo;enseignement de la kin\u00e9sith\u00e9rapie [&hellip;]<\/p>\n","protected":false},"author":3,"featured_media":8931,"comment_status":"open","ping_status":"closed","sticky":false,"template":"","format":"standard","meta":{"_acf_changed":false,"inline_featured_image":false,"_joinchat":[],"footnotes":""},"categories":[3],"tags":[],"class_list":["post-8985","post","type-post","status-publish","format-standard","has-post-thumbnail","hentry","category-non-classifiee"],"acf":[],"yoast_head":"<!-- This site is optimized with the Yoast SEO plugin v27.4 - https:\/\/yoast.com\/product\/yoast-seo-wordpress\/ -->\n<title>Le Dr. Gerard Mu\u00f1oz, nouveau directeur de Physiotherapy Barcelona | EUSES - Campus de Bellvitge (Barcelona)<\/title>\n<meta name=\"robots\" content=\"index, follow, max-snippet:-1, max-image-preview:large, max-video-preview:-1\" \/>\n<link rel=\"canonical\" href=\"https:\/\/barcelona.euses.cat\/fr\/le-dr-gerard-munoz-nouveau-directeur-de-physiotherapy-barcelona\/\" \/>\n<meta property=\"og:locale\" content=\"fr_FR\" \/>\n<meta property=\"og:type\" content=\"article\" \/>\n<meta property=\"og:title\" content=\"Le Dr. Gerard Mu\u00f1oz, nouveau directeur de Physiotherapy Barcelona | EUSES - Campus de Bellvitge (Barcelona)\" \/>\n<meta property=\"og:description\" content=\"Le Dr Gerard Mu\u00f1oz a \u00e9t\u00e9 nomm\u00e9 directeur des \u00e9tudes internationales de kin\u00e9sith\u00e9rapie, succ\u00e9dant au Dr Mariano Gacto, qui quitte un poste qu&rsquo;il occupait depuis la cr\u00e9ation de Physiotherapy Bellvitge en 2015, pour relever de nouveaux d\u00e9fis professionnels. Le nouveau directeur combinera la direction des \u00e9tudes au Campus de Bellvitge avec l&rsquo;enseignement de la kin\u00e9sith\u00e9rapie [&hellip;]\" \/>\n<meta property=\"og:url\" content=\"https:\/\/barcelona.euses.cat\/fr\/le-dr-gerard-munoz-nouveau-directeur-de-physiotherapy-barcelona\/\" \/>\n<meta property=\"og:site_name\" content=\"EUSES - Campus de Bellvitge (Barcelona)\" \/>\n<meta property=\"article:publisher\" content=\"https:\/\/www.facebook.com\/PhysioBCN\/\" \/>\n<meta property=\"article:published_time\" content=\"2020-12-26T23:36:17+00:00\" \/>\n<meta property=\"og:image\" content=\"https:\/\/barcelona.euses.cat\/wp-content\/uploads\/2020\/12\/gerardmunoz.jpg\" \/>\n\t<meta property=\"og:image:width\" content=\"1104\" \/>\n\t<meta property=\"og:image:height\" content=\"1104\" \/>\n\t<meta property=\"og:image:type\" content=\"image\/jpeg\" \/>\n<meta name=\"author\" content=\"Jordi Danes\" \/>\n<meta name=\"twitter:card\" content=\"summary_large_image\" \/>\n<meta name=\"twitter:label1\" content=\"\u00c9crit par\" \/>\n\t<meta name=\"twitter:data1\" content=\"Jordi Danes\" \/>\n\t<meta name=\"twitter:label2\" content=\"Dur\u00e9e de lecture estim\u00e9e\" \/>\n\t<meta name=\"twitter:data2\" content=\"1 minute\" \/>\n<script type=\"application\/ld+json\" class=\"yoast-schema-graph\">{\"@context\":\"https:\\\/\\\/schema.org\",\"@graph\":[{\"@type\":\"Article\",\"@id\":\"https:\\\/\\\/barcelona.euses.cat\\\/fr\\\/le-dr-gerard-munoz-nouveau-directeur-de-physiotherapy-barcelona\\\/#article\",\"isPartOf\":{\"@id\":\"https:\\\/\\\/barcelona.euses.cat\\\/fr\\\/le-dr-gerard-munoz-nouveau-directeur-de-physiotherapy-barcelona\\\/\"},\"author\":{\"name\":\"Jordi Danes\",\"@id\":\"https:\\\/\\\/barcelona.euses.cat\\\/ca\\\/#\\\/schema\\\/person\\\/8ab46080dfc4814fa59383db317735bd\"},\"headline\":\"Le Dr. Gerard Mu\u00f1oz, nouveau directeur de Physiotherapy Barcelona\",\"datePublished\":\"2020-12-26T23:36:17+00:00\",\"mainEntityOfPage\":{\"@id\":\"https:\\\/\\\/barcelona.euses.cat\\\/fr\\\/le-dr-gerard-munoz-nouveau-directeur-de-physiotherapy-barcelona\\\/\"},\"wordCount\":241,\"commentCount\":0,\"image\":{\"@id\":\"https:\\\/\\\/barcelona.euses.cat\\\/fr\\\/le-dr-gerard-munoz-nouveau-directeur-de-physiotherapy-barcelona\\\/#primaryimage\"},\"thumbnailUrl\":\"https:\\\/\\\/barcelona.euses.cat\\\/wp-content\\\/uploads\\\/2020\\\/12\\\/gerardmunoz.jpg\",\"articleSection\":[\"Non classifi\u00e9(e)\"],\"inLanguage\":\"fr-FR\"},{\"@type\":\"WebPage\",\"@id\":\"https:\\\/\\\/barcelona.euses.cat\\\/fr\\\/le-dr-gerard-munoz-nouveau-directeur-de-physiotherapy-barcelona\\\/\",\"url\":\"https:\\\/\\\/barcelona.euses.cat\\\/fr\\\/le-dr-gerard-munoz-nouveau-directeur-de-physiotherapy-barcelona\\\/\",\"name\":\"Le Dr. Gerard Mu\u00f1oz, nouveau directeur de Physiotherapy Barcelona | EUSES - Campus de Bellvitge (Barcelona)\",\"isPartOf\":{\"@id\":\"https:\\\/\\\/barcelona.euses.cat\\\/ca\\\/#website\"},\"primaryImageOfPage\":{\"@id\":\"https:\\\/\\\/barcelona.euses.cat\\\/fr\\\/le-dr-gerard-munoz-nouveau-directeur-de-physiotherapy-barcelona\\\/#primaryimage\"},\"image\":{\"@id\":\"https:\\\/\\\/barcelona.euses.cat\\\/fr\\\/le-dr-gerard-munoz-nouveau-directeur-de-physiotherapy-barcelona\\\/#primaryimage\"},\"thumbnailUrl\":\"https:\\\/\\\/barcelona.euses.cat\\\/wp-content\\\/uploads\\\/2020\\\/12\\\/gerardmunoz.jpg\",\"datePublished\":\"2020-12-26T23:36:17+00:00\",\"author\":{\"@id\":\"https:\\\/\\\/barcelona.euses.cat\\\/ca\\\/#\\\/schema\\\/person\\\/8ab46080dfc4814fa59383db317735bd\"},\"breadcrumb\":{\"@id\":\"https:\\\/\\\/barcelona.euses.cat\\\/fr\\\/le-dr-gerard-munoz-nouveau-directeur-de-physiotherapy-barcelona\\\/#breadcrumb\"},\"inLanguage\":\"fr-FR\",\"potentialAction\":[{\"@type\":\"ReadAction\",\"target\":[\"https:\\\/\\\/barcelona.euses.cat\\\/fr\\\/le-dr-gerard-munoz-nouveau-directeur-de-physiotherapy-barcelona\\\/\"]}]},{\"@type\":\"ImageObject\",\"inLanguage\":\"fr-FR\",\"@id\":\"https:\\\/\\\/barcelona.euses.cat\\\/fr\\\/le-dr-gerard-munoz-nouveau-directeur-de-physiotherapy-barcelona\\\/#primaryimage\",\"url\":\"https:\\\/\\\/barcelona.euses.cat\\\/wp-content\\\/uploads\\\/2020\\\/12\\\/gerardmunoz.jpg\",\"contentUrl\":\"https:\\\/\\\/barcelona.euses.cat\\\/wp-content\\\/uploads\\\/2020\\\/12\\\/gerardmunoz.jpg\",\"width\":1104,\"height\":1104},{\"@type\":\"BreadcrumbList\",\"@id\":\"https:\\\/\\\/barcelona.euses.cat\\\/fr\\\/le-dr-gerard-munoz-nouveau-directeur-de-physiotherapy-barcelona\\\/#breadcrumb\",\"itemListElement\":[{\"@type\":\"ListItem\",\"position\":1,\"name\":\"Portada\",\"item\":\"https:\\\/\\\/barcelona.euses.cat\\\/fr\\\/\"},{\"@type\":\"ListItem\",\"position\":2,\"name\":\"Le Dr. Gerard Mu\u00f1oz, nouveau directeur de Physiotherapy Barcelona\"}]},{\"@type\":\"WebSite\",\"@id\":\"https:\\\/\\\/barcelona.euses.cat\\\/ca\\\/#website\",\"url\":\"https:\\\/\\\/barcelona.euses.cat\\\/ca\\\/\",\"name\":\"EUSES - Campus de Bellvitge (Barcelona)\",\"description\":\"EUSES, Ecole Universitaire de Physioth\u00e9rapie Internationale \u00e0 Barcelone\",\"potentialAction\":[{\"@type\":\"SearchAction\",\"target\":{\"@type\":\"EntryPoint\",\"urlTemplate\":\"https:\\\/\\\/barcelona.euses.cat\\\/ca\\\/?s={search_term_string}\"},\"query-input\":{\"@type\":\"PropertyValueSpecification\",\"valueRequired\":true,\"valueName\":\"search_term_string\"}}],\"inLanguage\":\"fr-FR\"},{\"@type\":\"Person\",\"@id\":\"https:\\\/\\\/barcelona.euses.cat\\\/ca\\\/#\\\/schema\\\/person\\\/8ab46080dfc4814fa59383db317735bd\",\"name\":\"Jordi Danes\",\"image\":{\"@type\":\"ImageObject\",\"inLanguage\":\"fr-FR\",\"@id\":\"https:\\\/\\\/secure.gravatar.com\\\/avatar\\\/a9e4f443b594af225625ee8cfa665e41b1e0740ea34fbe0515b4ca559f8570ef?s=96&d=mm&r=g\",\"url\":\"https:\\\/\\\/secure.gravatar.com\\\/avatar\\\/a9e4f443b594af225625ee8cfa665e41b1e0740ea34fbe0515b4ca559f8570ef?s=96&d=mm&r=g\",\"contentUrl\":\"https:\\\/\\\/secure.gravatar.com\\\/avatar\\\/a9e4f443b594af225625ee8cfa665e41b1e0740ea34fbe0515b4ca559f8570ef?s=96&d=mm&r=g\",\"caption\":\"Jordi Danes\"},\"url\":\"https:\\\/\\\/barcelona.euses.cat\\\/fr\\\/author\\\/jordi-danes\\\/\"}]}<\/script>\n<!-- \/ Yoast SEO plugin. -->","yoast_head_json":{"title":"Le Dr. Gerard Mu\u00f1oz, nouveau directeur de Physiotherapy Barcelona | EUSES - Campus de Bellvitge (Barcelona)","robots":{"index":"index","follow":"follow","max-snippet":"max-snippet:-1","max-image-preview":"max-image-preview:large","max-video-preview":"max-video-preview:-1"},"canonical":"https:\/\/barcelona.euses.cat\/fr\/le-dr-gerard-munoz-nouveau-directeur-de-physiotherapy-barcelona\/","og_locale":"fr_FR","og_type":"article","og_title":"Le Dr. Gerard Mu\u00f1oz, nouveau directeur de Physiotherapy Barcelona | EUSES - Campus de Bellvitge (Barcelona)","og_description":"Le Dr Gerard Mu\u00f1oz a \u00e9t\u00e9 nomm\u00e9 directeur des \u00e9tudes internationales de kin\u00e9sith\u00e9rapie, succ\u00e9dant au Dr Mariano Gacto, qui quitte un poste qu&rsquo;il occupait depuis la cr\u00e9ation de Physiotherapy Bellvitge en 2015, pour relever de nouveaux d\u00e9fis professionnels. Le nouveau directeur combinera la direction des \u00e9tudes au Campus de Bellvitge avec l&rsquo;enseignement de la kin\u00e9sith\u00e9rapie [&hellip;]","og_url":"https:\/\/barcelona.euses.cat\/fr\/le-dr-gerard-munoz-nouveau-directeur-de-physiotherapy-barcelona\/","og_site_name":"EUSES - Campus de Bellvitge (Barcelona)","article_publisher":"https:\/\/www.facebook.com\/PhysioBCN\/","article_published_time":"2020-12-26T23:36:17+00:00","og_image":[{"width":1104,"height":1104,"url":"https:\/\/barcelona.euses.cat\/wp-content\/uploads\/2020\/12\/gerardmunoz.jpg","type":"image\/jpeg"}],"author":"Jordi Danes","twitter_card":"summary_large_image","twitter_misc":{"\u00c9crit par":"Jordi Danes","Dur\u00e9e de lecture estim\u00e9e":"1 minute"},"schema":{"@context":"https:\/\/schema.org","@graph":[{"@type":"Article","@id":"https:\/\/barcelona.euses.cat\/fr\/le-dr-gerard-munoz-nouveau-directeur-de-physiotherapy-barcelona\/#article","isPartOf":{"@id":"https:\/\/barcelona.euses.cat\/fr\/le-dr-gerard-munoz-nouveau-directeur-de-physiotherapy-barcelona\/"},"author":{"name":"Jordi Danes","@id":"https:\/\/barcelona.euses.cat\/ca\/#\/schema\/person\/8ab46080dfc4814fa59383db317735bd"},"headline":"Le Dr. Gerard Mu\u00f1oz, nouveau directeur de Physiotherapy Barcelona","datePublished":"2020-12-26T23:36:17+00:00","mainEntityOfPage":{"@id":"https:\/\/barcelona.euses.cat\/fr\/le-dr-gerard-munoz-nouveau-directeur-de-physiotherapy-barcelona\/"},"wordCount":241,"commentCount":0,"image":{"@id":"https:\/\/barcelona.euses.cat\/fr\/le-dr-gerard-munoz-nouveau-directeur-de-physiotherapy-barcelona\/#primaryimage"},"thumbnailUrl":"https:\/\/barcelona.euses.cat\/wp-content\/uploads\/2020\/12\/gerardmunoz.jpg","articleSection":["Non classifi\u00e9(e)"],"inLanguage":"fr-FR"},{"@type":"WebPage","@id":"https:\/\/barcelona.euses.cat\/fr\/le-dr-gerard-munoz-nouveau-directeur-de-physiotherapy-barcelona\/","url":"https:\/\/barcelona.euses.cat\/fr\/le-dr-gerard-munoz-nouveau-directeur-de-physiotherapy-barcelona\/","name":"Le Dr. Gerard Mu\u00f1oz, nouveau directeur de Physiotherapy Barcelona | EUSES - Campus de Bellvitge (Barcelona)","isPartOf":{"@id":"https:\/\/barcelona.euses.cat\/ca\/#website"},"primaryImageOfPage":{"@id":"https:\/\/barcelona.euses.cat\/fr\/le-dr-gerard-munoz-nouveau-directeur-de-physiotherapy-barcelona\/#primaryimage"},"image":{"@id":"https:\/\/barcelona.euses.cat\/fr\/le-dr-gerard-munoz-nouveau-directeur-de-physiotherapy-barcelona\/#primaryimage"},"thumbnailUrl":"https:\/\/barcelona.euses.cat\/wp-content\/uploads\/2020\/12\/gerardmunoz.jpg","datePublished":"2020-12-26T23:36:17+00:00","author":{"@id":"https:\/\/barcelona.euses.cat\/ca\/#\/schema\/person\/8ab46080dfc4814fa59383db317735bd"},"breadcrumb":{"@id":"https:\/\/barcelona.euses.cat\/fr\/le-dr-gerard-munoz-nouveau-directeur-de-physiotherapy-barcelona\/#breadcrumb"},"inLanguage":"fr-FR","potentialAction":[{"@type":"ReadAction","target":["https:\/\/barcelona.euses.cat\/fr\/le-dr-gerard-munoz-nouveau-directeur-de-physiotherapy-barcelona\/"]}]},{"@type":"ImageObject","inLanguage":"fr-FR","@id":"https:\/\/barcelona.euses.cat\/fr\/le-dr-gerard-munoz-nouveau-directeur-de-physiotherapy-barcelona\/#primaryimage","url":"https:\/\/barcelona.euses.cat\/wp-content\/uploads\/2020\/12\/gerardmunoz.jpg","contentUrl":"https:\/\/barcelona.euses.cat\/wp-content\/uploads\/2020\/12\/gerardmunoz.jpg","width":1104,"height":1104},{"@type":"BreadcrumbList","@id":"https:\/\/barcelona.euses.cat\/fr\/le-dr-gerard-munoz-nouveau-directeur-de-physiotherapy-barcelona\/#breadcrumb","itemListElement":[{"@type":"ListItem","position":1,"name":"Portada","item":"https:\/\/barcelona.euses.cat\/fr\/"},{"@type":"ListItem","position":2,"name":"Le Dr. Gerard Mu\u00f1oz, nouveau directeur de Physiotherapy Barcelona"}]},{"@type":"WebSite","@id":"https:\/\/barcelona.euses.cat\/ca\/#website","url":"https:\/\/barcelona.euses.cat\/ca\/","name":"EUSES - Campus de Bellvitge (Barcelona)","description":"EUSES, Ecole Universitaire de Physioth\u00e9rapie Internationale \u00e0 Barcelone","potentialAction":[{"@type":"SearchAction","target":{"@type":"EntryPoint","urlTemplate":"https:\/\/barcelona.euses.cat\/ca\/?s={search_term_string}"},"query-input":{"@type":"PropertyValueSpecification","valueRequired":true,"valueName":"search_term_string"}}],"inLanguage":"fr-FR"},{"@type":"Person","@id":"https:\/\/barcelona.euses.cat\/ca\/#\/schema\/person\/8ab46080dfc4814fa59383db317735bd","name":"Jordi Danes","image":{"@type":"ImageObject","inLanguage":"fr-FR","@id":"https:\/\/secure.gravatar.com\/avatar\/a9e4f443b594af225625ee8cfa665e41b1e0740ea34fbe0515b4ca559f8570ef?s=96&d=mm&r=g","url":"https:\/\/secure.gravatar.com\/avatar\/a9e4f443b594af225625ee8cfa665e41b1e0740ea34fbe0515b4ca559f8570ef?s=96&d=mm&r=g","contentUrl":"https:\/\/secure.gravatar.com\/avatar\/a9e4f443b594af225625ee8cfa665e41b1e0740ea34fbe0515b4ca559f8570ef?s=96&d=mm&r=g","caption":"Jordi Danes"},"url":"https:\/\/barcelona.euses.cat\/fr\/author\/jordi-danes\/"}]}},"_links":{"self":[{"href":"https:\/\/barcelona.euses.cat\/fr\/wp-json\/wp\/v2\/posts\/8985","targetHints":{"allow":["GET"]}}],"collection":[{"href":"https:\/\/barcelona.euses.cat\/fr\/wp-json\/wp\/v2\/posts"}],"about":[{"href":"https:\/\/barcelona.euses.cat\/fr\/wp-json\/wp\/v2\/types\/post"}],"author":[{"embeddable":true,"href":"https:\/\/barcelona.euses.cat\/fr\/wp-json\/wp\/v2\/users\/3"}],"replies":[{"embeddable":true,"href":"https:\/\/barcelona.euses.cat\/fr\/wp-json\/wp\/v2\/comments?post=8985"}],"version-history":[{"count":1,"href":"https:\/\/barcelona.euses.cat\/fr\/wp-json\/wp\/v2\/posts\/8985\/revisions"}],"predecessor-version":[{"id":8986,"href":"https:\/\/barcelona.euses.cat\/fr\/wp-json\/wp\/v2\/posts\/8985\/revisions\/8986"}],"wp:featuredmedia":[{"embeddable":true,"href":"https:\/\/barcelona.euses.cat\/fr\/wp-json\/wp\/v2\/media\/8931"}],"wp:attachment":[{"href":"https:\/\/barcelona.euses.cat\/fr\/wp-json\/wp\/v2\/media?parent=8985"}],"wp:term":[{"taxonomy":"category","embeddable":true,"href":"https:\/\/barcelona.euses.cat\/fr\/wp-json\/wp\/v2\/categories?post=8985"},{"taxonomy":"post_tag","embeddable":true,"href":"https:\/\/barcelona.euses.cat\/fr\/wp-json\/wp\/v2\/tags?post=8985"}],"curies":[{"name":"wp","href":"https:\/\/api.w.org\/{rel}","templated":true}]}}