{"id":8820,"date":"2020-10-22T23:00:47","date_gmt":"2020-10-22T21:00:47","guid":{"rendered":"https:\/\/barcelona.euses.cat\/?p=8820"},"modified":"2020-10-22T23:00:47","modified_gmt":"2020-10-22T21:00:47","slug":"la-septieme-journee-des-tuteurs-en-format-online-a-reuni-une-quarantaine-de-participants","status":"publish","type":"post","link":"https:\/\/barcelona.euses.cat\/fr\/la-septieme-journee-des-tuteurs-en-format-online-a-reuni-une-quarantaine-de-participants\/","title":{"rendered":"La septi\u00e8me Journ\u00e9e des Tuteurs, en format online a r\u00e9uni une quarantaine de participants"},"content":{"rendered":"<p>EUSES Alumni, en collaboration avec le Practicum des \u00e9tudes de Kin\u00e9sith\u00e9rapie, a organis\u00e9 pour la septi\u00e8me ann\u00e9e cons\u00e9cutive la Journ\u00e9e des tuteurs, qui a eu cette fois un format online en raison de la pand\u00e9mie du Covid 19. La formation, qui s&rsquo;est d\u00e9roul\u00e9e par le biais de la plateforme Zoom, a \u00e9t\u00e9 suivie par une quarantaine de personnes, dont des membres des d&rsquo;Alumni et des \u00e9tudiants de quatri\u00e8me ann\u00e9e des campus de Salt, Bellvitge et Terres de l&rsquo;Ebre. La conf\u00e9rence a \u00e9t\u00e9 donn\u00e9e par les responsables d&rsquo;EUSES Alumni, tels que la directrice S\u00edlvia Roche et Prudence Morgan-Wood, et l&rsquo;enseignante et coordinatrice des stages, Nuria Puigti\u00f3. Au cours de la conf\u00e9rence, diff\u00e9rents sujets ont \u00e9t\u00e9 trait\u00e9s, tels que les d\u00e9tails n\u00e9cessaires pour pouvoir faire partie du groupe de tuteurs, le protocole de traitement unifi\u00e9 et les fonctions que les tuteurs doivent remplir dans le cadre des volontariats, ainsi que d&rsquo;autres aspects plus g\u00e9n\u00e9raux li\u00e9s \u00e0 Alumni.<\/p>\n\n\t\t<style type=\"text\/css\">\n\t\t\t#gallery-1 {\n\t\t\t\tmargin: auto;\n\t\t\t}\n\t\t\t#gallery-1 .gallery-item {\n\t\t\t\tfloat: left;\n\t\t\t\tmargin-top: 10px;\n\t\t\t\ttext-align: center;\n\t\t\t\twidth: 33%;\n\t\t\t}\n\t\t\t#gallery-1 img {\n\t\t\t\tborder: 2px solid #cfcfcf;\n\t\t\t}\n\t\t\t#gallery-1 .gallery-caption {\n\t\t\t\tmargin-left: 0;\n\t\t\t}\n\t\t\t\/* see gallery_shortcode() in wp-includes\/media.php *\/\n\t\t<\/style>\n\t\t<div id='gallery-1' class='gallery galleryid-8820 gallery-columns-3 gallery-size-medium'><dl class='gallery-item'>\n\t\t\t<dt class='gallery-icon landscape'>\n\t\t\t\t<a href='https:\/\/barcelona.euses.cat\/fr\/la-septieme-journee-des-tuteurs-en-format-online-a-reuni-une-quarantaine-de-participants\/jornada-v-2\/'><img fetchpriority=\"high\" decoding=\"async\" width=\"300\" height=\"169\" src=\"https:\/\/barcelona.euses.cat\/wp-content\/uploads\/2020\/10\/Jornada-V-300x169.jpg\" class=\"attachment-medium size-medium\" alt=\"\" srcset=\"https:\/\/barcelona.euses.cat\/wp-content\/uploads\/2020\/10\/Jornada-V-300x169.jpg 300w, https:\/\/barcelona.euses.cat\/wp-content\/uploads\/2020\/10\/Jornada-V-768x431.jpg 768w, https:\/\/barcelona.euses.cat\/wp-content\/uploads\/2020\/10\/Jornada-V-350x197.jpg 350w, https:\/\/barcelona.euses.cat\/wp-content\/uploads\/2020\/10\/Jornada-V.jpg 981w\" sizes=\"(max-width: 300px) 100vw, 300px\" \/><\/a>\n\t\t\t<\/dt><\/dl><dl class='gallery-item'>\n\t\t\t<dt class='gallery-icon landscape'>\n\t\t\t\t<a href='https:\/\/barcelona.euses.cat\/fr\/la-septieme-journee-des-tuteurs-en-format-online-a-reuni-une-quarantaine-de-participants\/jornada-iv-2\/'><img decoding=\"async\" width=\"300\" height=\"169\" src=\"https:\/\/barcelona.euses.cat\/wp-content\/uploads\/2020\/10\/Jornada-IV-300x169.jpg\" class=\"attachment-medium size-medium\" alt=\"\" srcset=\"https:\/\/barcelona.euses.cat\/wp-content\/uploads\/2020\/10\/Jornada-IV-300x169.jpg 300w, https:\/\/barcelona.euses.cat\/wp-content\/uploads\/2020\/10\/Jornada-IV-1024x576.jpg 1024w, https:\/\/barcelona.euses.cat\/wp-content\/uploads\/2020\/10\/Jornada-IV-768x432.jpg 768w, https:\/\/barcelona.euses.cat\/wp-content\/uploads\/2020\/10\/Jornada-IV-350x197.jpg 350w, https:\/\/barcelona.euses.cat\/wp-content\/uploads\/2020\/10\/Jornada-IV.jpg 1222w\" sizes=\"(max-width: 300px) 100vw, 300px\" \/><\/a>\n\t\t\t<\/dt><\/dl><dl class='gallery-item'>\n\t\t\t<dt class='gallery-icon landscape'>\n\t\t\t\t<a href='https:\/\/barcelona.euses.cat\/fr\/la-septieme-journee-des-tuteurs-en-format-online-a-reuni-une-quarantaine-de-participants\/jornada-ii-2\/'><img decoding=\"async\" width=\"300\" height=\"169\" src=\"https:\/\/barcelona.euses.cat\/wp-content\/uploads\/2020\/10\/Jornada-II-300x169.jpg\" class=\"attachment-medium size-medium\" alt=\"\" srcset=\"https:\/\/barcelona.euses.cat\/wp-content\/uploads\/2020\/10\/Jornada-II-300x169.jpg 300w, https:\/\/barcelona.euses.cat\/wp-content\/uploads\/2020\/10\/Jornada-II-1024x576.jpg 1024w, https:\/\/barcelona.euses.cat\/wp-content\/uploads\/2020\/10\/Jornada-II-768x432.jpg 768w, https:\/\/barcelona.euses.cat\/wp-content\/uploads\/2020\/10\/Jornada-II-350x197.jpg 350w, https:\/\/barcelona.euses.cat\/wp-content\/uploads\/2020\/10\/Jornada-II.jpg 1027w\" sizes=\"(max-width: 300px) 100vw, 300px\" \/><\/a>\n\t\t\t<\/dt><\/dl><br style=\"clear: both\" \/><dl class='gallery-item'>\n\t\t\t<dt class='gallery-icon landscape'>\n\t\t\t\t<a href='https:\/\/barcelona.euses.cat\/fr\/la-septieme-journee-des-tuteurs-en-format-online-a-reuni-une-quarantaine-de-participants\/jornada-i-2\/'><img loading=\"lazy\" decoding=\"async\" width=\"300\" height=\"169\" src=\"https:\/\/barcelona.euses.cat\/wp-content\/uploads\/2020\/10\/Jornada-I-300x169.jpg\" class=\"attachment-medium size-medium\" alt=\"\" srcset=\"https:\/\/barcelona.euses.cat\/wp-content\/uploads\/2020\/10\/Jornada-I-300x169.jpg 300w, https:\/\/barcelona.euses.cat\/wp-content\/uploads\/2020\/10\/Jornada-I-768x432.jpg 768w, https:\/\/barcelona.euses.cat\/wp-content\/uploads\/2020\/10\/Jornada-I-350x197.jpg 350w, https:\/\/barcelona.euses.cat\/wp-content\/uploads\/2020\/10\/Jornada-I.jpg 967w\" sizes=\"(max-width: 300px) 100vw, 300px\" \/><\/a>\n\t\t\t<\/dt><\/dl>\n\t\t\t<br style='clear: both' \/>\n\t\t<\/div>\n\n","protected":false},"excerpt":{"rendered":"<p>EUSES Alumni, en collaboration avec le Practicum des \u00e9tudes de Kin\u00e9sith\u00e9rapie, a organis\u00e9 pour la septi\u00e8me ann\u00e9e cons\u00e9cutive la Journ\u00e9e des tuteurs, qui a eu cette fois un format online en raison de la pand\u00e9mie du Covid 19. La formation, qui s&rsquo;est d\u00e9roul\u00e9e par le biais de la plateforme Zoom, a \u00e9t\u00e9 suivie par une [&hellip;]<\/p>\n","protected":false},"author":3,"featured_media":8797,"comment_status":"open","ping_status":"closed","sticky":false,"template":"","format":"standard","meta":{"_acf_changed":false,"inline_featured_image":false,"_joinchat":[],"footnotes":""},"categories":[3],"tags":[],"class_list":["post-8820","post","type-post","status-publish","format-standard","has-post-thumbnail","hentry","category-non-classifiee"],"acf":[],"yoast_head":"<!-- This site is optimized with the Yoast SEO plugin v27.4 - https:\/\/yoast.com\/product\/yoast-seo-wordpress\/ -->\n<title>La septi\u00e8me Journ\u00e9e des Tuteurs, en format online a r\u00e9uni une quarantaine de participants | EUSES - Campus de Bellvitge (Barcelona)<\/title>\n<meta name=\"robots\" content=\"index, follow, max-snippet:-1, max-image-preview:large, max-video-preview:-1\" \/>\n<link rel=\"canonical\" href=\"https:\/\/barcelona.euses.cat\/fr\/la-septieme-journee-des-tuteurs-en-format-online-a-reuni-une-quarantaine-de-participants\/\" \/>\n<meta property=\"og:locale\" content=\"fr_FR\" \/>\n<meta property=\"og:type\" content=\"article\" \/>\n<meta property=\"og:title\" content=\"La septi\u00e8me Journ\u00e9e des Tuteurs, en format online a r\u00e9uni une quarantaine de participants | EUSES - Campus de Bellvitge (Barcelona)\" \/>\n<meta property=\"og:description\" content=\"EUSES Alumni, en collaboration avec le Practicum des \u00e9tudes de Kin\u00e9sith\u00e9rapie, a organis\u00e9 pour la septi\u00e8me ann\u00e9e cons\u00e9cutive la Journ\u00e9e des tuteurs, qui a eu cette fois un format online en raison de la pand\u00e9mie du Covid 19. La formation, qui s&rsquo;est d\u00e9roul\u00e9e par le biais de la plateforme Zoom, a \u00e9t\u00e9 suivie par une [&hellip;]\" \/>\n<meta property=\"og:url\" content=\"https:\/\/barcelona.euses.cat\/fr\/la-septieme-journee-des-tuteurs-en-format-online-a-reuni-une-quarantaine-de-participants\/\" \/>\n<meta property=\"og:site_name\" content=\"EUSES - Campus de Bellvitge (Barcelona)\" \/>\n<meta property=\"article:publisher\" content=\"https:\/\/www.facebook.com\/PhysioBCN\/\" \/>\n<meta property=\"article:published_time\" content=\"2020-10-22T21:00:47+00:00\" \/>\n<meta property=\"og:image\" content=\"https:\/\/barcelona.euses.cat\/wp-content\/uploads\/2020\/10\/Jornada-III.jpg\" \/>\n\t<meta property=\"og:image:width\" content=\"1098\" \/>\n\t<meta property=\"og:image:height\" content=\"617\" \/>\n\t<meta property=\"og:image:type\" content=\"image\/jpeg\" \/>\n<meta name=\"author\" content=\"Jordi Danes\" \/>\n<meta name=\"twitter:card\" content=\"summary_large_image\" \/>\n<meta name=\"twitter:label1\" content=\"\u00c9crit par\" \/>\n\t<meta name=\"twitter:data1\" content=\"Jordi Danes\" \/>\n\t<meta name=\"twitter:label2\" content=\"Dur\u00e9e de lecture estim\u00e9e\" \/>\n\t<meta name=\"twitter:data2\" content=\"1 minute\" \/>\n<script type=\"application\/ld+json\" class=\"yoast-schema-graph\">{\"@context\":\"https:\\\/\\\/schema.org\",\"@graph\":[{\"@type\":\"Article\",\"@id\":\"https:\\\/\\\/barcelona.euses.cat\\\/fr\\\/la-septieme-journee-des-tuteurs-en-format-online-a-reuni-une-quarantaine-de-participants\\\/#article\",\"isPartOf\":{\"@id\":\"https:\\\/\\\/barcelona.euses.cat\\\/fr\\\/la-septieme-journee-des-tuteurs-en-format-online-a-reuni-une-quarantaine-de-participants\\\/\"},\"author\":{\"name\":\"Jordi Danes\",\"@id\":\"https:\\\/\\\/barcelona.euses.cat\\\/ca\\\/#\\\/schema\\\/person\\\/8ab46080dfc4814fa59383db317735bd\"},\"headline\":\"La septi\u00e8me Journ\u00e9e des Tuteurs, en format online a r\u00e9uni une quarantaine de participants\",\"datePublished\":\"2020-10-22T21:00:47+00:00\",\"mainEntityOfPage\":{\"@id\":\"https:\\\/\\\/barcelona.euses.cat\\\/fr\\\/la-septieme-journee-des-tuteurs-en-format-online-a-reuni-une-quarantaine-de-participants\\\/\"},\"wordCount\":202,\"commentCount\":0,\"image\":{\"@id\":\"https:\\\/\\\/barcelona.euses.cat\\\/fr\\\/la-septieme-journee-des-tuteurs-en-format-online-a-reuni-une-quarantaine-de-participants\\\/#primaryimage\"},\"thumbnailUrl\":\"https:\\\/\\\/barcelona.euses.cat\\\/wp-content\\\/uploads\\\/2020\\\/10\\\/Jornada-III.jpg\",\"articleSection\":[\"Non classifi\u00e9(e)\"],\"inLanguage\":\"fr-FR\"},{\"@type\":\"WebPage\",\"@id\":\"https:\\\/\\\/barcelona.euses.cat\\\/fr\\\/la-septieme-journee-des-tuteurs-en-format-online-a-reuni-une-quarantaine-de-participants\\\/\",\"url\":\"https:\\\/\\\/barcelona.euses.cat\\\/fr\\\/la-septieme-journee-des-tuteurs-en-format-online-a-reuni-une-quarantaine-de-participants\\\/\",\"name\":\"La septi\u00e8me Journ\u00e9e des Tuteurs, en format online a r\u00e9uni une quarantaine de participants | EUSES - Campus de Bellvitge (Barcelona)\",\"isPartOf\":{\"@id\":\"https:\\\/\\\/barcelona.euses.cat\\\/ca\\\/#website\"},\"primaryImageOfPage\":{\"@id\":\"https:\\\/\\\/barcelona.euses.cat\\\/fr\\\/la-septieme-journee-des-tuteurs-en-format-online-a-reuni-une-quarantaine-de-participants\\\/#primaryimage\"},\"image\":{\"@id\":\"https:\\\/\\\/barcelona.euses.cat\\\/fr\\\/la-septieme-journee-des-tuteurs-en-format-online-a-reuni-une-quarantaine-de-participants\\\/#primaryimage\"},\"thumbnailUrl\":\"https:\\\/\\\/barcelona.euses.cat\\\/wp-content\\\/uploads\\\/2020\\\/10\\\/Jornada-III.jpg\",\"datePublished\":\"2020-10-22T21:00:47+00:00\",\"author\":{\"@id\":\"https:\\\/\\\/barcelona.euses.cat\\\/ca\\\/#\\\/schema\\\/person\\\/8ab46080dfc4814fa59383db317735bd\"},\"breadcrumb\":{\"@id\":\"https:\\\/\\\/barcelona.euses.cat\\\/fr\\\/la-septieme-journee-des-tuteurs-en-format-online-a-reuni-une-quarantaine-de-participants\\\/#breadcrumb\"},\"inLanguage\":\"fr-FR\",\"potentialAction\":[{\"@type\":\"ReadAction\",\"target\":[\"https:\\\/\\\/barcelona.euses.cat\\\/fr\\\/la-septieme-journee-des-tuteurs-en-format-online-a-reuni-une-quarantaine-de-participants\\\/\"]}]},{\"@type\":\"ImageObject\",\"inLanguage\":\"fr-FR\",\"@id\":\"https:\\\/\\\/barcelona.euses.cat\\\/fr\\\/la-septieme-journee-des-tuteurs-en-format-online-a-reuni-une-quarantaine-de-participants\\\/#primaryimage\",\"url\":\"https:\\\/\\\/barcelona.euses.cat\\\/wp-content\\\/uploads\\\/2020\\\/10\\\/Jornada-III.jpg\",\"contentUrl\":\"https:\\\/\\\/barcelona.euses.cat\\\/wp-content\\\/uploads\\\/2020\\\/10\\\/Jornada-III.jpg\",\"width\":1098,\"height\":617},{\"@type\":\"BreadcrumbList\",\"@id\":\"https:\\\/\\\/barcelona.euses.cat\\\/fr\\\/la-septieme-journee-des-tuteurs-en-format-online-a-reuni-une-quarantaine-de-participants\\\/#breadcrumb\",\"itemListElement\":[{\"@type\":\"ListItem\",\"position\":1,\"name\":\"Portada\",\"item\":\"https:\\\/\\\/barcelona.euses.cat\\\/fr\\\/\"},{\"@type\":\"ListItem\",\"position\":2,\"name\":\"La septi\u00e8me Journ\u00e9e des Tuteurs, en format online a r\u00e9uni une quarantaine de participants\"}]},{\"@type\":\"WebSite\",\"@id\":\"https:\\\/\\\/barcelona.euses.cat\\\/ca\\\/#website\",\"url\":\"https:\\\/\\\/barcelona.euses.cat\\\/ca\\\/\",\"name\":\"EUSES - Campus de Bellvitge (Barcelona)\",\"description\":\"EUSES, Ecole Universitaire de Physioth\u00e9rapie Internationale \u00e0 Barcelone\",\"potentialAction\":[{\"@type\":\"SearchAction\",\"target\":{\"@type\":\"EntryPoint\",\"urlTemplate\":\"https:\\\/\\\/barcelona.euses.cat\\\/ca\\\/?s={search_term_string}\"},\"query-input\":{\"@type\":\"PropertyValueSpecification\",\"valueRequired\":true,\"valueName\":\"search_term_string\"}}],\"inLanguage\":\"fr-FR\"},{\"@type\":\"Person\",\"@id\":\"https:\\\/\\\/barcelona.euses.cat\\\/ca\\\/#\\\/schema\\\/person\\\/8ab46080dfc4814fa59383db317735bd\",\"name\":\"Jordi Danes\",\"image\":{\"@type\":\"ImageObject\",\"inLanguage\":\"fr-FR\",\"@id\":\"https:\\\/\\\/secure.gravatar.com\\\/avatar\\\/a9e4f443b594af225625ee8cfa665e41b1e0740ea34fbe0515b4ca559f8570ef?s=96&d=mm&r=g\",\"url\":\"https:\\\/\\\/secure.gravatar.com\\\/avatar\\\/a9e4f443b594af225625ee8cfa665e41b1e0740ea34fbe0515b4ca559f8570ef?s=96&d=mm&r=g\",\"contentUrl\":\"https:\\\/\\\/secure.gravatar.com\\\/avatar\\\/a9e4f443b594af225625ee8cfa665e41b1e0740ea34fbe0515b4ca559f8570ef?s=96&d=mm&r=g\",\"caption\":\"Jordi Danes\"},\"url\":\"https:\\\/\\\/barcelona.euses.cat\\\/fr\\\/author\\\/jordi-danes\\\/\"}]}<\/script>\n<!-- \/ Yoast SEO plugin. -->","yoast_head_json":{"title":"La septi\u00e8me Journ\u00e9e des Tuteurs, en format online a r\u00e9uni une quarantaine de participants | EUSES - Campus de Bellvitge (Barcelona)","robots":{"index":"index","follow":"follow","max-snippet":"max-snippet:-1","max-image-preview":"max-image-preview:large","max-video-preview":"max-video-preview:-1"},"canonical":"https:\/\/barcelona.euses.cat\/fr\/la-septieme-journee-des-tuteurs-en-format-online-a-reuni-une-quarantaine-de-participants\/","og_locale":"fr_FR","og_type":"article","og_title":"La septi\u00e8me Journ\u00e9e des Tuteurs, en format online a r\u00e9uni une quarantaine de participants | EUSES - Campus de Bellvitge (Barcelona)","og_description":"EUSES Alumni, en collaboration avec le Practicum des \u00e9tudes de Kin\u00e9sith\u00e9rapie, a organis\u00e9 pour la septi\u00e8me ann\u00e9e cons\u00e9cutive la Journ\u00e9e des tuteurs, qui a eu cette fois un format online en raison de la pand\u00e9mie du Covid 19. La formation, qui s&rsquo;est d\u00e9roul\u00e9e par le biais de la plateforme Zoom, a \u00e9t\u00e9 suivie par une [&hellip;]","og_url":"https:\/\/barcelona.euses.cat\/fr\/la-septieme-journee-des-tuteurs-en-format-online-a-reuni-une-quarantaine-de-participants\/","og_site_name":"EUSES - Campus de Bellvitge (Barcelona)","article_publisher":"https:\/\/www.facebook.com\/PhysioBCN\/","article_published_time":"2020-10-22T21:00:47+00:00","og_image":[{"width":1098,"height":617,"url":"https:\/\/barcelona.euses.cat\/wp-content\/uploads\/2020\/10\/Jornada-III.jpg","type":"image\/jpeg"}],"author":"Jordi Danes","twitter_card":"summary_large_image","twitter_misc":{"\u00c9crit par":"Jordi Danes","Dur\u00e9e de lecture estim\u00e9e":"1 minute"},"schema":{"@context":"https:\/\/schema.org","@graph":[{"@type":"Article","@id":"https:\/\/barcelona.euses.cat\/fr\/la-septieme-journee-des-tuteurs-en-format-online-a-reuni-une-quarantaine-de-participants\/#article","isPartOf":{"@id":"https:\/\/barcelona.euses.cat\/fr\/la-septieme-journee-des-tuteurs-en-format-online-a-reuni-une-quarantaine-de-participants\/"},"author":{"name":"Jordi Danes","@id":"https:\/\/barcelona.euses.cat\/ca\/#\/schema\/person\/8ab46080dfc4814fa59383db317735bd"},"headline":"La septi\u00e8me Journ\u00e9e des Tuteurs, en format online a r\u00e9uni une quarantaine de participants","datePublished":"2020-10-22T21:00:47+00:00","mainEntityOfPage":{"@id":"https:\/\/barcelona.euses.cat\/fr\/la-septieme-journee-des-tuteurs-en-format-online-a-reuni-une-quarantaine-de-participants\/"},"wordCount":202,"commentCount":0,"image":{"@id":"https:\/\/barcelona.euses.cat\/fr\/la-septieme-journee-des-tuteurs-en-format-online-a-reuni-une-quarantaine-de-participants\/#primaryimage"},"thumbnailUrl":"https:\/\/barcelona.euses.cat\/wp-content\/uploads\/2020\/10\/Jornada-III.jpg","articleSection":["Non classifi\u00e9(e)"],"inLanguage":"fr-FR"},{"@type":"WebPage","@id":"https:\/\/barcelona.euses.cat\/fr\/la-septieme-journee-des-tuteurs-en-format-online-a-reuni-une-quarantaine-de-participants\/","url":"https:\/\/barcelona.euses.cat\/fr\/la-septieme-journee-des-tuteurs-en-format-online-a-reuni-une-quarantaine-de-participants\/","name":"La septi\u00e8me Journ\u00e9e des Tuteurs, en format online a r\u00e9uni une quarantaine de participants | EUSES - Campus de Bellvitge (Barcelona)","isPartOf":{"@id":"https:\/\/barcelona.euses.cat\/ca\/#website"},"primaryImageOfPage":{"@id":"https:\/\/barcelona.euses.cat\/fr\/la-septieme-journee-des-tuteurs-en-format-online-a-reuni-une-quarantaine-de-participants\/#primaryimage"},"image":{"@id":"https:\/\/barcelona.euses.cat\/fr\/la-septieme-journee-des-tuteurs-en-format-online-a-reuni-une-quarantaine-de-participants\/#primaryimage"},"thumbnailUrl":"https:\/\/barcelona.euses.cat\/wp-content\/uploads\/2020\/10\/Jornada-III.jpg","datePublished":"2020-10-22T21:00:47+00:00","author":{"@id":"https:\/\/barcelona.euses.cat\/ca\/#\/schema\/person\/8ab46080dfc4814fa59383db317735bd"},"breadcrumb":{"@id":"https:\/\/barcelona.euses.cat\/fr\/la-septieme-journee-des-tuteurs-en-format-online-a-reuni-une-quarantaine-de-participants\/#breadcrumb"},"inLanguage":"fr-FR","potentialAction":[{"@type":"ReadAction","target":["https:\/\/barcelona.euses.cat\/fr\/la-septieme-journee-des-tuteurs-en-format-online-a-reuni-une-quarantaine-de-participants\/"]}]},{"@type":"ImageObject","inLanguage":"fr-FR","@id":"https:\/\/barcelona.euses.cat\/fr\/la-septieme-journee-des-tuteurs-en-format-online-a-reuni-une-quarantaine-de-participants\/#primaryimage","url":"https:\/\/barcelona.euses.cat\/wp-content\/uploads\/2020\/10\/Jornada-III.jpg","contentUrl":"https:\/\/barcelona.euses.cat\/wp-content\/uploads\/2020\/10\/Jornada-III.jpg","width":1098,"height":617},{"@type":"BreadcrumbList","@id":"https:\/\/barcelona.euses.cat\/fr\/la-septieme-journee-des-tuteurs-en-format-online-a-reuni-une-quarantaine-de-participants\/#breadcrumb","itemListElement":[{"@type":"ListItem","position":1,"name":"Portada","item":"https:\/\/barcelona.euses.cat\/fr\/"},{"@type":"ListItem","position":2,"name":"La septi\u00e8me Journ\u00e9e des Tuteurs, en format online a r\u00e9uni une quarantaine de participants"}]},{"@type":"WebSite","@id":"https:\/\/barcelona.euses.cat\/ca\/#website","url":"https:\/\/barcelona.euses.cat\/ca\/","name":"EUSES - Campus de Bellvitge (Barcelona)","description":"EUSES, Ecole Universitaire de Physioth\u00e9rapie Internationale \u00e0 Barcelone","potentialAction":[{"@type":"SearchAction","target":{"@type":"EntryPoint","urlTemplate":"https:\/\/barcelona.euses.cat\/ca\/?s={search_term_string}"},"query-input":{"@type":"PropertyValueSpecification","valueRequired":true,"valueName":"search_term_string"}}],"inLanguage":"fr-FR"},{"@type":"Person","@id":"https:\/\/barcelona.euses.cat\/ca\/#\/schema\/person\/8ab46080dfc4814fa59383db317735bd","name":"Jordi Danes","image":{"@type":"ImageObject","inLanguage":"fr-FR","@id":"https:\/\/secure.gravatar.com\/avatar\/a9e4f443b594af225625ee8cfa665e41b1e0740ea34fbe0515b4ca559f8570ef?s=96&d=mm&r=g","url":"https:\/\/secure.gravatar.com\/avatar\/a9e4f443b594af225625ee8cfa665e41b1e0740ea34fbe0515b4ca559f8570ef?s=96&d=mm&r=g","contentUrl":"https:\/\/secure.gravatar.com\/avatar\/a9e4f443b594af225625ee8cfa665e41b1e0740ea34fbe0515b4ca559f8570ef?s=96&d=mm&r=g","caption":"Jordi Danes"},"url":"https:\/\/barcelona.euses.cat\/fr\/author\/jordi-danes\/"}]}},"_links":{"self":[{"href":"https:\/\/barcelona.euses.cat\/fr\/wp-json\/wp\/v2\/posts\/8820","targetHints":{"allow":["GET"]}}],"collection":[{"href":"https:\/\/barcelona.euses.cat\/fr\/wp-json\/wp\/v2\/posts"}],"about":[{"href":"https:\/\/barcelona.euses.cat\/fr\/wp-json\/wp\/v2\/types\/post"}],"author":[{"embeddable":true,"href":"https:\/\/barcelona.euses.cat\/fr\/wp-json\/wp\/v2\/users\/3"}],"replies":[{"embeddable":true,"href":"https:\/\/barcelona.euses.cat\/fr\/wp-json\/wp\/v2\/comments?post=8820"}],"version-history":[{"count":1,"href":"https:\/\/barcelona.euses.cat\/fr\/wp-json\/wp\/v2\/posts\/8820\/revisions"}],"predecessor-version":[{"id":8821,"href":"https:\/\/barcelona.euses.cat\/fr\/wp-json\/wp\/v2\/posts\/8820\/revisions\/8821"}],"wp:featuredmedia":[{"embeddable":true,"href":"https:\/\/barcelona.euses.cat\/fr\/wp-json\/wp\/v2\/media\/8797"}],"wp:attachment":[{"href":"https:\/\/barcelona.euses.cat\/fr\/wp-json\/wp\/v2\/media?parent=8820"}],"wp:term":[{"taxonomy":"category","embeddable":true,"href":"https:\/\/barcelona.euses.cat\/fr\/wp-json\/wp\/v2\/categories?post=8820"},{"taxonomy":"post_tag","embeddable":true,"href":"https:\/\/barcelona.euses.cat\/fr\/wp-json\/wp\/v2\/tags?post=8820"}],"curies":[{"name":"wp","href":"https:\/\/api.w.org\/{rel}","templated":true}]}}