{"id":8472,"date":"2020-05-04T14:42:43","date_gmt":"2020-05-04T12:42:43","guid":{"rendered":"https:\/\/barcelona.euses.cat\/?p=8472"},"modified":"2020-05-04T14:42:43","modified_gmt":"2020-05-04T12:42:43","slug":"le-fc-barcelone-rejoint-comme-partenaire-le-master-de-readaptation-dans-lactivite-et-la-competition-sportive-de-leuses-fundacio-udg","status":"publish","type":"post","link":"https:\/\/barcelona.euses.cat\/fr\/le-fc-barcelone-rejoint-comme-partenaire-le-master-de-readaptation-dans-lactivite-et-la-competition-sportive-de-leuses-fundacio-udg\/","title":{"rendered":"Le FC Barcelone rejoint comme partenaire le Master de \u00ab\u00a0R\u00e9adaptation dans l&rsquo;Activit\u00e9 et la Comp\u00e9tition Sportive\u00a0\u00bb de l&rsquo;EUSES-Fundaci\u00f3 UdG"},"content":{"rendered":"<p>Le Master de \u201c<a href=\"https:\/\/girona.euses.cat\/fr\/formations\/master-en-readaptation-activite-physique-et-competition-sportive\/\" target=\"_blank\" rel=\"noopener noreferrer\">R\u00e9adaptation de l&rsquo;Activit\u00e9 Physique et de la Comp\u00e9tition Sportive<\/a>\u201d atteindra sa huiti\u00e8me \u00e9dition au cours de l&rsquo;ann\u00e9e Acad\u00e9mique 2020\/21 dans les installations du Campus de Salt avec comme principale nouveaut\u00e9, la collaboration du FC Barcelone \u00e0 travers son laboratoire de connaissances \u201c<a href=\"https:\/\/barcainnovationhub.com\/ca\/\" target=\"_blank\" rel=\"noopener noreferrer\"><em>Barcelona Innovation Hub<\/em><\/a>\u201d, qui a rejoint ce projet Acad\u00e9mique en tant que partenaire pour donner un nouvel \u00e9lan \u00e9ducatif et professionnel au Master. L&rsquo;accord pr\u00e9voit, entre autres, la r\u00e9alisation de certaines s\u00e9ances d&rsquo;entra\u00eenement dans les locaux du club et la participation de professionnels sp\u00e9cialis\u00e9s du club, ainsi que d&rsquo;autres invit\u00e9s de prestige.<\/p>\n<p>L&rsquo;autre grande nouveaut\u00e9 du Master est qu&rsquo;il se d\u00e9roulera enti\u00e8rement en anglais sur le campus de <a href=\"https:\/\/enti.cat\/contacto\/\" target=\"_blank\" rel=\"noopener noreferrer\">ENTI<\/a> \u00e0 Barcelone (Rue Baldiri Reixac, 7) aux m\u00eames dates : du 16 octobre 2020 au 4 novembre 2021.<\/p>\n<p>La p\u00e9riode de pr\u00e9inscription au Master (dans l&rsquo;un ou l&rsquo;autre des deux campus) a d\u00e9but\u00e9 le 1er mars et se terminera le 14 juin. Pour s\u2019incrire, il faut remplir le formulaire d&rsquo;inscription sur le site <a href=\"http:\/\/www.master-readaptacionfisicadeportivaudg.com\/\" target=\"_blank\" rel=\"noopener noreferrer\">www.fundacioudg.org<\/a>. Les places sont limit\u00e9es \u00e0 48 inscrits au campus de Salt et \u00e0 30 places pour l&rsquo;\u00e9dition qui se tiendra \u00e0 Barcelone. L\u2019attribution de place se fera sur les crit\u00e8res suivants:\u00a0 sur dossier Acad\u00e9mique des \u00e9tudes d&rsquo;acc\u00e8s au Master et l&rsquo;\u00e9valuation de l&rsquo;exp\u00e9rience professionnelle et de la formation continue li\u00e9es au Master. S&rsquo;il y a des places non pourvues, une deuxi\u00e8me p\u00e9riode d&rsquo;inscription sera ouverte entre le 3 juillet et le 10 septembre.<\/p>\n<p>Le Master de \u201cR\u00e9adaptation de l&rsquo;Activit\u00e9 Physique et de la Comp\u00e9tition Sportive\u201d de l&rsquo;Universit\u00e9 de G\u00e9rone compte 60 ECTS (180 heures de cours) et s&rsquo;adresse aux dipl\u00f4m\u00e9s en Sciences de l&rsquo;Activit\u00e9 Physique et du Sport, aux Kin\u00e9sith\u00e9rapeutes, aux m\u00e9decins et aux dipl\u00f4m\u00e9s Universitaires qui souhaitent se sp\u00e9cialiser dans un domaine \u00e9mergent comme la r\u00e9adaptation \u00e0 la comp\u00e9tition sportive ou l&rsquo;activit\u00e9 physique li\u00e9e \u00e0 la sant\u00e9.<\/p>\n<p>Certains des principaux objectifs de ce Master sont : former l&rsquo;\u00e9tudiant en sciences du sport orient\u00e9 vers la compr\u00e9hension du processus de r\u00e9adaptation d&rsquo;un sportif bless\u00e9 ; fournir les connaissances th\u00e9oriques et pratiques pour pouvoir d\u00e9velopper compl\u00e8tement le processus de r\u00e9adaptation d&rsquo;un sportif ; former l&rsquo;\u00e9tudiant \u00e0 la capacit\u00e9 de recherche et d&rsquo;analyse des bases de donn\u00e9es li\u00e9es aux sciences du sport ; r\u00e9fl\u00e9chir de mani\u00e8re critique sur les connaissances li\u00e9es \u00e0 la r\u00e9adaptation \u00e0 la comp\u00e9tition d&rsquo;un sportif.<\/p>\n<p>Pour toutes ces raisons, une \u00e9quipe d&rsquo;enseignants extraordinaire a \u00e9t\u00e9 r\u00e9unie une fois de plus avec les meilleurs professionnels dans leurs disciplines respectives, sous la direction du Directeur Daniel Romero (Docteur en sciences de l&rsquo;activit\u00e9 physique et du sport et kin\u00e9sith\u00e9rapeute). L&rsquo;\u00e9quipe p\u00e9dagogique est compos\u00e9e de Joaqu\u00edn Acedo, Eduard Alentorn, Albert Altarriba, Juanjo Bravo, Jaime Fern\u00e1ndez, Joan Forcades, Eduard Garcia, Oliver Gonzalo, Gabriel Gual, Javier Jorge, \u00c0lex Latinjak, Mauricio L\u00f3pez, Marc Madruga, V\u00edctor Moreno, Jaume Munill, David Rodr\u00edguez, Llu\u00eds Sala et Julio Tous.<\/p>\n","protected":false},"excerpt":{"rendered":"<p>Le Master de \u201cR\u00e9adaptation de l&rsquo;Activit\u00e9 Physique et de la Comp\u00e9tition Sportive\u201d atteindra sa huiti\u00e8me \u00e9dition au cours de l&rsquo;ann\u00e9e Acad\u00e9mique 2020\/21 dans les installations du Campus de Salt avec comme principale nouveaut\u00e9, la collaboration du FC Barcelone \u00e0 travers son laboratoire de connaissances \u201cBarcelona Innovation Hub\u201d, qui a rejoint ce projet Acad\u00e9mique en tant [&hellip;]<\/p>\n","protected":false},"author":3,"featured_media":8470,"comment_status":"open","ping_status":"closed","sticky":false,"template":"","format":"standard","meta":{"_acf_changed":false,"inline_featured_image":false,"_joinchat":[],"footnotes":""},"categories":[3],"tags":[],"class_list":["post-8472","post","type-post","status-publish","format-standard","has-post-thumbnail","hentry","category-non-classifiee"],"acf":[],"yoast_head":"<!-- This site is optimized with the Yoast SEO plugin v27.4 - https:\/\/yoast.com\/product\/yoast-seo-wordpress\/ -->\n<title>Le FC Barcelone rejoint comme partenaire le Master de &quot;R\u00e9adaptation dans l&#039;Activit\u00e9 et la Comp\u00e9tition Sportive&quot; de l&#039;EUSES-Fundaci\u00f3 UdG | EUSES - Campus de Bellvitge (Barcelona)<\/title>\n<meta name=\"robots\" content=\"index, follow, max-snippet:-1, max-image-preview:large, max-video-preview:-1\" \/>\n<link rel=\"canonical\" href=\"https:\/\/barcelona.euses.cat\/fr\/le-fc-barcelone-rejoint-comme-partenaire-le-master-de-readaptation-dans-lactivite-et-la-competition-sportive-de-leuses-fundacio-udg\/\" \/>\n<meta property=\"og:locale\" content=\"fr_FR\" \/>\n<meta property=\"og:type\" content=\"article\" \/>\n<meta property=\"og:title\" content=\"Le FC Barcelone rejoint comme partenaire le Master de &quot;R\u00e9adaptation dans l&#039;Activit\u00e9 et la Comp\u00e9tition Sportive&quot; de l&#039;EUSES-Fundaci\u00f3 UdG | EUSES - Campus de Bellvitge (Barcelona)\" \/>\n<meta property=\"og:description\" content=\"Le Master de \u201cR\u00e9adaptation de l&rsquo;Activit\u00e9 Physique et de la Comp\u00e9tition Sportive\u201d atteindra sa huiti\u00e8me \u00e9dition au cours de l&rsquo;ann\u00e9e Acad\u00e9mique 2020\/21 dans les installations du Campus de Salt avec comme principale nouveaut\u00e9, la collaboration du FC Barcelone \u00e0 travers son laboratoire de connaissances \u201cBarcelona Innovation Hub\u201d, qui a rejoint ce projet Acad\u00e9mique en tant [&hellip;]\" \/>\n<meta property=\"og:url\" content=\"https:\/\/barcelona.euses.cat\/fr\/le-fc-barcelone-rejoint-comme-partenaire-le-master-de-readaptation-dans-lactivite-et-la-competition-sportive-de-leuses-fundacio-udg\/\" \/>\n<meta property=\"og:site_name\" content=\"EUSES - Campus de Bellvitge (Barcelona)\" \/>\n<meta property=\"article:publisher\" content=\"https:\/\/www.facebook.com\/PhysioBCN\/\" \/>\n<meta property=\"article:published_time\" content=\"2020-05-04T12:42:43+00:00\" \/>\n<meta property=\"og:image\" content=\"https:\/\/barcelona.euses.cat\/wp-content\/uploads\/2020\/05\/master-readaptacio-3-1024x658.jpg\" \/>\n\t<meta property=\"og:image:width\" content=\"1024\" \/>\n\t<meta property=\"og:image:height\" content=\"658\" \/>\n\t<meta property=\"og:image:type\" content=\"image\/jpeg\" \/>\n<meta name=\"author\" content=\"Jordi Danes\" \/>\n<meta name=\"twitter:card\" content=\"summary_large_image\" \/>\n<meta name=\"twitter:label1\" content=\"\u00c9crit par\" \/>\n\t<meta name=\"twitter:data1\" content=\"Jordi Danes\" \/>\n\t<meta name=\"twitter:label2\" content=\"Dur\u00e9e de lecture estim\u00e9e\" \/>\n\t<meta name=\"twitter:data2\" content=\"3 minutes\" \/>\n<script type=\"application\/ld+json\" class=\"yoast-schema-graph\">{\"@context\":\"https:\\\/\\\/schema.org\",\"@graph\":[{\"@type\":\"Article\",\"@id\":\"https:\\\/\\\/barcelona.euses.cat\\\/fr\\\/le-fc-barcelone-rejoint-comme-partenaire-le-master-de-readaptation-dans-lactivite-et-la-competition-sportive-de-leuses-fundacio-udg\\\/#article\",\"isPartOf\":{\"@id\":\"https:\\\/\\\/barcelona.euses.cat\\\/fr\\\/le-fc-barcelone-rejoint-comme-partenaire-le-master-de-readaptation-dans-lactivite-et-la-competition-sportive-de-leuses-fundacio-udg\\\/\"},\"author\":{\"name\":\"Jordi Danes\",\"@id\":\"https:\\\/\\\/barcelona.euses.cat\\\/ca\\\/#\\\/schema\\\/person\\\/8ab46080dfc4814fa59383db317735bd\"},\"headline\":\"Le FC Barcelone rejoint comme partenaire le Master de \u00ab\u00a0R\u00e9adaptation dans l&rsquo;Activit\u00e9 et la Comp\u00e9tition Sportive\u00a0\u00bb de l&rsquo;EUSES-Fundaci\u00f3 UdG\",\"datePublished\":\"2020-05-04T12:42:43+00:00\",\"mainEntityOfPage\":{\"@id\":\"https:\\\/\\\/barcelona.euses.cat\\\/fr\\\/le-fc-barcelone-rejoint-comme-partenaire-le-master-de-readaptation-dans-lactivite-et-la-competition-sportive-de-leuses-fundacio-udg\\\/\"},\"wordCount\":562,\"commentCount\":0,\"image\":{\"@id\":\"https:\\\/\\\/barcelona.euses.cat\\\/fr\\\/le-fc-barcelone-rejoint-comme-partenaire-le-master-de-readaptation-dans-lactivite-et-la-competition-sportive-de-leuses-fundacio-udg\\\/#primaryimage\"},\"thumbnailUrl\":\"https:\\\/\\\/barcelona.euses.cat\\\/wp-content\\\/uploads\\\/2020\\\/05\\\/master-readaptacio-3.jpg\",\"articleSection\":[\"Non classifi\u00e9(e)\"],\"inLanguage\":\"fr-FR\"},{\"@type\":\"WebPage\",\"@id\":\"https:\\\/\\\/barcelona.euses.cat\\\/fr\\\/le-fc-barcelone-rejoint-comme-partenaire-le-master-de-readaptation-dans-lactivite-et-la-competition-sportive-de-leuses-fundacio-udg\\\/\",\"url\":\"https:\\\/\\\/barcelona.euses.cat\\\/fr\\\/le-fc-barcelone-rejoint-comme-partenaire-le-master-de-readaptation-dans-lactivite-et-la-competition-sportive-de-leuses-fundacio-udg\\\/\",\"name\":\"Le FC Barcelone rejoint comme partenaire le Master de \\\"R\u00e9adaptation dans l'Activit\u00e9 et la Comp\u00e9tition Sportive\\\" de l'EUSES-Fundaci\u00f3 UdG | EUSES - Campus de Bellvitge (Barcelona)\",\"isPartOf\":{\"@id\":\"https:\\\/\\\/barcelona.euses.cat\\\/ca\\\/#website\"},\"primaryImageOfPage\":{\"@id\":\"https:\\\/\\\/barcelona.euses.cat\\\/fr\\\/le-fc-barcelone-rejoint-comme-partenaire-le-master-de-readaptation-dans-lactivite-et-la-competition-sportive-de-leuses-fundacio-udg\\\/#primaryimage\"},\"image\":{\"@id\":\"https:\\\/\\\/barcelona.euses.cat\\\/fr\\\/le-fc-barcelone-rejoint-comme-partenaire-le-master-de-readaptation-dans-lactivite-et-la-competition-sportive-de-leuses-fundacio-udg\\\/#primaryimage\"},\"thumbnailUrl\":\"https:\\\/\\\/barcelona.euses.cat\\\/wp-content\\\/uploads\\\/2020\\\/05\\\/master-readaptacio-3.jpg\",\"datePublished\":\"2020-05-04T12:42:43+00:00\",\"author\":{\"@id\":\"https:\\\/\\\/barcelona.euses.cat\\\/ca\\\/#\\\/schema\\\/person\\\/8ab46080dfc4814fa59383db317735bd\"},\"breadcrumb\":{\"@id\":\"https:\\\/\\\/barcelona.euses.cat\\\/fr\\\/le-fc-barcelone-rejoint-comme-partenaire-le-master-de-readaptation-dans-lactivite-et-la-competition-sportive-de-leuses-fundacio-udg\\\/#breadcrumb\"},\"inLanguage\":\"fr-FR\",\"potentialAction\":[{\"@type\":\"ReadAction\",\"target\":[\"https:\\\/\\\/barcelona.euses.cat\\\/fr\\\/le-fc-barcelone-rejoint-comme-partenaire-le-master-de-readaptation-dans-lactivite-et-la-competition-sportive-de-leuses-fundacio-udg\\\/\"]}]},{\"@type\":\"ImageObject\",\"inLanguage\":\"fr-FR\",\"@id\":\"https:\\\/\\\/barcelona.euses.cat\\\/fr\\\/le-fc-barcelone-rejoint-comme-partenaire-le-master-de-readaptation-dans-lactivite-et-la-competition-sportive-de-leuses-fundacio-udg\\\/#primaryimage\",\"url\":\"https:\\\/\\\/barcelona.euses.cat\\\/wp-content\\\/uploads\\\/2020\\\/05\\\/master-readaptacio-3.jpg\",\"contentUrl\":\"https:\\\/\\\/barcelona.euses.cat\\\/wp-content\\\/uploads\\\/2020\\\/05\\\/master-readaptacio-3.jpg\",\"width\":4904,\"height\":3153,\"caption\":\"20192020_Entrenament_Futbol_1r_equip_20190808_11\"},{\"@type\":\"BreadcrumbList\",\"@id\":\"https:\\\/\\\/barcelona.euses.cat\\\/fr\\\/le-fc-barcelone-rejoint-comme-partenaire-le-master-de-readaptation-dans-lactivite-et-la-competition-sportive-de-leuses-fundacio-udg\\\/#breadcrumb\",\"itemListElement\":[{\"@type\":\"ListItem\",\"position\":1,\"name\":\"Portada\",\"item\":\"https:\\\/\\\/barcelona.euses.cat\\\/fr\\\/\"},{\"@type\":\"ListItem\",\"position\":2,\"name\":\"Le FC Barcelone rejoint comme partenaire le Master de \u00ab\u00a0R\u00e9adaptation dans l&rsquo;Activit\u00e9 et la Comp\u00e9tition Sportive\u00a0\u00bb de l&rsquo;EUSES-Fundaci\u00f3 UdG\"}]},{\"@type\":\"WebSite\",\"@id\":\"https:\\\/\\\/barcelona.euses.cat\\\/ca\\\/#website\",\"url\":\"https:\\\/\\\/barcelona.euses.cat\\\/ca\\\/\",\"name\":\"EUSES - Campus de Bellvitge (Barcelona)\",\"description\":\"EUSES, Ecole Universitaire de Physioth\u00e9rapie Internationale \u00e0 Barcelone\",\"potentialAction\":[{\"@type\":\"SearchAction\",\"target\":{\"@type\":\"EntryPoint\",\"urlTemplate\":\"https:\\\/\\\/barcelona.euses.cat\\\/ca\\\/?s={search_term_string}\"},\"query-input\":{\"@type\":\"PropertyValueSpecification\",\"valueRequired\":true,\"valueName\":\"search_term_string\"}}],\"inLanguage\":\"fr-FR\"},{\"@type\":\"Person\",\"@id\":\"https:\\\/\\\/barcelona.euses.cat\\\/ca\\\/#\\\/schema\\\/person\\\/8ab46080dfc4814fa59383db317735bd\",\"name\":\"Jordi Danes\",\"image\":{\"@type\":\"ImageObject\",\"inLanguage\":\"fr-FR\",\"@id\":\"https:\\\/\\\/secure.gravatar.com\\\/avatar\\\/a9e4f443b594af225625ee8cfa665e41b1e0740ea34fbe0515b4ca559f8570ef?s=96&d=mm&r=g\",\"url\":\"https:\\\/\\\/secure.gravatar.com\\\/avatar\\\/a9e4f443b594af225625ee8cfa665e41b1e0740ea34fbe0515b4ca559f8570ef?s=96&d=mm&r=g\",\"contentUrl\":\"https:\\\/\\\/secure.gravatar.com\\\/avatar\\\/a9e4f443b594af225625ee8cfa665e41b1e0740ea34fbe0515b4ca559f8570ef?s=96&d=mm&r=g\",\"caption\":\"Jordi Danes\"},\"url\":\"https:\\\/\\\/barcelona.euses.cat\\\/fr\\\/author\\\/jordi-danes\\\/\"}]}<\/script>\n<!-- \/ Yoast SEO plugin. -->","yoast_head_json":{"title":"Le FC Barcelone rejoint comme partenaire le Master de \"R\u00e9adaptation dans l'Activit\u00e9 et la Comp\u00e9tition Sportive\" de l'EUSES-Fundaci\u00f3 UdG | EUSES - Campus de Bellvitge (Barcelona)","robots":{"index":"index","follow":"follow","max-snippet":"max-snippet:-1","max-image-preview":"max-image-preview:large","max-video-preview":"max-video-preview:-1"},"canonical":"https:\/\/barcelona.euses.cat\/fr\/le-fc-barcelone-rejoint-comme-partenaire-le-master-de-readaptation-dans-lactivite-et-la-competition-sportive-de-leuses-fundacio-udg\/","og_locale":"fr_FR","og_type":"article","og_title":"Le FC Barcelone rejoint comme partenaire le Master de \"R\u00e9adaptation dans l'Activit\u00e9 et la Comp\u00e9tition Sportive\" de l'EUSES-Fundaci\u00f3 UdG | EUSES - Campus de Bellvitge (Barcelona)","og_description":"Le Master de \u201cR\u00e9adaptation de l&rsquo;Activit\u00e9 Physique et de la Comp\u00e9tition Sportive\u201d atteindra sa huiti\u00e8me \u00e9dition au cours de l&rsquo;ann\u00e9e Acad\u00e9mique 2020\/21 dans les installations du Campus de Salt avec comme principale nouveaut\u00e9, la collaboration du FC Barcelone \u00e0 travers son laboratoire de connaissances \u201cBarcelona Innovation Hub\u201d, qui a rejoint ce projet Acad\u00e9mique en tant [&hellip;]","og_url":"https:\/\/barcelona.euses.cat\/fr\/le-fc-barcelone-rejoint-comme-partenaire-le-master-de-readaptation-dans-lactivite-et-la-competition-sportive-de-leuses-fundacio-udg\/","og_site_name":"EUSES - Campus de Bellvitge (Barcelona)","article_publisher":"https:\/\/www.facebook.com\/PhysioBCN\/","article_published_time":"2020-05-04T12:42:43+00:00","og_image":[{"width":1024,"height":658,"url":"https:\/\/barcelona.euses.cat\/wp-content\/uploads\/2020\/05\/master-readaptacio-3-1024x658.jpg","type":"image\/jpeg"}],"author":"Jordi Danes","twitter_card":"summary_large_image","twitter_misc":{"\u00c9crit par":"Jordi Danes","Dur\u00e9e de lecture estim\u00e9e":"3 minutes"},"schema":{"@context":"https:\/\/schema.org","@graph":[{"@type":"Article","@id":"https:\/\/barcelona.euses.cat\/fr\/le-fc-barcelone-rejoint-comme-partenaire-le-master-de-readaptation-dans-lactivite-et-la-competition-sportive-de-leuses-fundacio-udg\/#article","isPartOf":{"@id":"https:\/\/barcelona.euses.cat\/fr\/le-fc-barcelone-rejoint-comme-partenaire-le-master-de-readaptation-dans-lactivite-et-la-competition-sportive-de-leuses-fundacio-udg\/"},"author":{"name":"Jordi Danes","@id":"https:\/\/barcelona.euses.cat\/ca\/#\/schema\/person\/8ab46080dfc4814fa59383db317735bd"},"headline":"Le FC Barcelone rejoint comme partenaire le Master de \u00ab\u00a0R\u00e9adaptation dans l&rsquo;Activit\u00e9 et la Comp\u00e9tition Sportive\u00a0\u00bb de l&rsquo;EUSES-Fundaci\u00f3 UdG","datePublished":"2020-05-04T12:42:43+00:00","mainEntityOfPage":{"@id":"https:\/\/barcelona.euses.cat\/fr\/le-fc-barcelone-rejoint-comme-partenaire-le-master-de-readaptation-dans-lactivite-et-la-competition-sportive-de-leuses-fundacio-udg\/"},"wordCount":562,"commentCount":0,"image":{"@id":"https:\/\/barcelona.euses.cat\/fr\/le-fc-barcelone-rejoint-comme-partenaire-le-master-de-readaptation-dans-lactivite-et-la-competition-sportive-de-leuses-fundacio-udg\/#primaryimage"},"thumbnailUrl":"https:\/\/barcelona.euses.cat\/wp-content\/uploads\/2020\/05\/master-readaptacio-3.jpg","articleSection":["Non classifi\u00e9(e)"],"inLanguage":"fr-FR"},{"@type":"WebPage","@id":"https:\/\/barcelona.euses.cat\/fr\/le-fc-barcelone-rejoint-comme-partenaire-le-master-de-readaptation-dans-lactivite-et-la-competition-sportive-de-leuses-fundacio-udg\/","url":"https:\/\/barcelona.euses.cat\/fr\/le-fc-barcelone-rejoint-comme-partenaire-le-master-de-readaptation-dans-lactivite-et-la-competition-sportive-de-leuses-fundacio-udg\/","name":"Le FC Barcelone rejoint comme partenaire le Master de \"R\u00e9adaptation dans l'Activit\u00e9 et la Comp\u00e9tition Sportive\" de l'EUSES-Fundaci\u00f3 UdG | EUSES - Campus de Bellvitge (Barcelona)","isPartOf":{"@id":"https:\/\/barcelona.euses.cat\/ca\/#website"},"primaryImageOfPage":{"@id":"https:\/\/barcelona.euses.cat\/fr\/le-fc-barcelone-rejoint-comme-partenaire-le-master-de-readaptation-dans-lactivite-et-la-competition-sportive-de-leuses-fundacio-udg\/#primaryimage"},"image":{"@id":"https:\/\/barcelona.euses.cat\/fr\/le-fc-barcelone-rejoint-comme-partenaire-le-master-de-readaptation-dans-lactivite-et-la-competition-sportive-de-leuses-fundacio-udg\/#primaryimage"},"thumbnailUrl":"https:\/\/barcelona.euses.cat\/wp-content\/uploads\/2020\/05\/master-readaptacio-3.jpg","datePublished":"2020-05-04T12:42:43+00:00","author":{"@id":"https:\/\/barcelona.euses.cat\/ca\/#\/schema\/person\/8ab46080dfc4814fa59383db317735bd"},"breadcrumb":{"@id":"https:\/\/barcelona.euses.cat\/fr\/le-fc-barcelone-rejoint-comme-partenaire-le-master-de-readaptation-dans-lactivite-et-la-competition-sportive-de-leuses-fundacio-udg\/#breadcrumb"},"inLanguage":"fr-FR","potentialAction":[{"@type":"ReadAction","target":["https:\/\/barcelona.euses.cat\/fr\/le-fc-barcelone-rejoint-comme-partenaire-le-master-de-readaptation-dans-lactivite-et-la-competition-sportive-de-leuses-fundacio-udg\/"]}]},{"@type":"ImageObject","inLanguage":"fr-FR","@id":"https:\/\/barcelona.euses.cat\/fr\/le-fc-barcelone-rejoint-comme-partenaire-le-master-de-readaptation-dans-lactivite-et-la-competition-sportive-de-leuses-fundacio-udg\/#primaryimage","url":"https:\/\/barcelona.euses.cat\/wp-content\/uploads\/2020\/05\/master-readaptacio-3.jpg","contentUrl":"https:\/\/barcelona.euses.cat\/wp-content\/uploads\/2020\/05\/master-readaptacio-3.jpg","width":4904,"height":3153,"caption":"20192020_Entrenament_Futbol_1r_equip_20190808_11"},{"@type":"BreadcrumbList","@id":"https:\/\/barcelona.euses.cat\/fr\/le-fc-barcelone-rejoint-comme-partenaire-le-master-de-readaptation-dans-lactivite-et-la-competition-sportive-de-leuses-fundacio-udg\/#breadcrumb","itemListElement":[{"@type":"ListItem","position":1,"name":"Portada","item":"https:\/\/barcelona.euses.cat\/fr\/"},{"@type":"ListItem","position":2,"name":"Le FC Barcelone rejoint comme partenaire le Master de \u00ab\u00a0R\u00e9adaptation dans l&rsquo;Activit\u00e9 et la Comp\u00e9tition Sportive\u00a0\u00bb de l&rsquo;EUSES-Fundaci\u00f3 UdG"}]},{"@type":"WebSite","@id":"https:\/\/barcelona.euses.cat\/ca\/#website","url":"https:\/\/barcelona.euses.cat\/ca\/","name":"EUSES - Campus de Bellvitge (Barcelona)","description":"EUSES, Ecole Universitaire de Physioth\u00e9rapie Internationale \u00e0 Barcelone","potentialAction":[{"@type":"SearchAction","target":{"@type":"EntryPoint","urlTemplate":"https:\/\/barcelona.euses.cat\/ca\/?s={search_term_string}"},"query-input":{"@type":"PropertyValueSpecification","valueRequired":true,"valueName":"search_term_string"}}],"inLanguage":"fr-FR"},{"@type":"Person","@id":"https:\/\/barcelona.euses.cat\/ca\/#\/schema\/person\/8ab46080dfc4814fa59383db317735bd","name":"Jordi Danes","image":{"@type":"ImageObject","inLanguage":"fr-FR","@id":"https:\/\/secure.gravatar.com\/avatar\/a9e4f443b594af225625ee8cfa665e41b1e0740ea34fbe0515b4ca559f8570ef?s=96&d=mm&r=g","url":"https:\/\/secure.gravatar.com\/avatar\/a9e4f443b594af225625ee8cfa665e41b1e0740ea34fbe0515b4ca559f8570ef?s=96&d=mm&r=g","contentUrl":"https:\/\/secure.gravatar.com\/avatar\/a9e4f443b594af225625ee8cfa665e41b1e0740ea34fbe0515b4ca559f8570ef?s=96&d=mm&r=g","caption":"Jordi Danes"},"url":"https:\/\/barcelona.euses.cat\/fr\/author\/jordi-danes\/"}]}},"_links":{"self":[{"href":"https:\/\/barcelona.euses.cat\/fr\/wp-json\/wp\/v2\/posts\/8472","targetHints":{"allow":["GET"]}}],"collection":[{"href":"https:\/\/barcelona.euses.cat\/fr\/wp-json\/wp\/v2\/posts"}],"about":[{"href":"https:\/\/barcelona.euses.cat\/fr\/wp-json\/wp\/v2\/types\/post"}],"author":[{"embeddable":true,"href":"https:\/\/barcelona.euses.cat\/fr\/wp-json\/wp\/v2\/users\/3"}],"replies":[{"embeddable":true,"href":"https:\/\/barcelona.euses.cat\/fr\/wp-json\/wp\/v2\/comments?post=8472"}],"version-history":[{"count":1,"href":"https:\/\/barcelona.euses.cat\/fr\/wp-json\/wp\/v2\/posts\/8472\/revisions"}],"predecessor-version":[{"id":8479,"href":"https:\/\/barcelona.euses.cat\/fr\/wp-json\/wp\/v2\/posts\/8472\/revisions\/8479"}],"wp:featuredmedia":[{"embeddable":true,"href":"https:\/\/barcelona.euses.cat\/fr\/wp-json\/wp\/v2\/media\/8470"}],"wp:attachment":[{"href":"https:\/\/barcelona.euses.cat\/fr\/wp-json\/wp\/v2\/media?parent=8472"}],"wp:term":[{"taxonomy":"category","embeddable":true,"href":"https:\/\/barcelona.euses.cat\/fr\/wp-json\/wp\/v2\/categories?post=8472"},{"taxonomy":"post_tag","embeddable":true,"href":"https:\/\/barcelona.euses.cat\/fr\/wp-json\/wp\/v2\/tags?post=8472"}],"curies":[{"name":"wp","href":"https:\/\/api.w.org\/{rel}","templated":true}]}}