{"id":8366,"date":"2020-04-26T15:39:36","date_gmt":"2020-04-26T13:39:36","guid":{"rendered":"https:\/\/barcelona.euses.cat\/?p=8366"},"modified":"2020-04-26T15:39:36","modified_gmt":"2020-04-26T13:39:36","slug":"premiere-journee-de-portes-ouvertes-virtuelle-du-diplome-international-de-kinesitherapie","status":"publish","type":"post","link":"https:\/\/barcelona.euses.cat\/fr\/premiere-journee-de-portes-ouvertes-virtuelle-du-diplome-international-de-kinesitherapie\/","title":{"rendered":"Premi\u00e8re journ\u00e9e de Portes Ouvertes virtuelle du Dipl\u00f4me International de Kin\u00e9sith\u00e9rapie"},"content":{"rendered":"<p>Les personnes int\u00e9ress\u00e9es par les \u00c9tudes de Kin\u00e9sith\u00e9rapie Internationales au campus de Bellvitge pour l&rsquo;ann\u00e9e Universitaire 2020\/21 ont pu recevoir toutes les informations cet apr\u00e8s-midi lors de la journ\u00e9e de Portes ouvertes virtuelle que les personnes inscrites ont pu suivre gr\u00e2ce \u00e0 la plateforme Zoom.<\/p>\n<p>Le directeur de Kin\u00e9sith\u00e9rapie Mariano Gacto, a fait une pr\u00e9sentation exhaustive du dipl\u00f4me au cours de laquelle il a d\u00e9taill\u00e9 le programme d&rsquo;\u00e9tudes et l&rsquo;\u00e9ventail de possibilit\u00e9s de carri\u00e8re des futurs dipl\u00f4m\u00e9s. Il a \u00e9galement expliqu\u00e9 les accords internationaux que l&rsquo;Universit\u00e9 a sign\u00e9s et les accords de stages avec d&rsquo;autres entit\u00e9s. Il s&rsquo;est aussi adress\u00e9 aux personnes int\u00e9ress\u00e9es pour les documenter sur le processus d&rsquo;inscription, ainsi que d&rsquo;autres aspects plus logistiques. Au cours de la session virtuelle, la dipl\u00f4m\u00e9e Maria J\u00fadez a \u00e9galement parl\u00e9 de son exp\u00e9rience en tant qu&rsquo;ancienne \u00e9tudiante. Les participants ont pu voir des images du Campus de Bellvitge et apr\u00e8s toute l&rsquo;exposition, il y a eu un temps de questions o\u00f9 les futurs \u00e9tudiants en Kin\u00e9sith\u00e9rapie ont pu intervenir par le biais du Chat pour soulever des questions et r\u00e9soudre tous leurs doutes.<\/p>\n<p>&nbsp;<\/p>\n","protected":false},"excerpt":{"rendered":"<p>Les personnes int\u00e9ress\u00e9es par les \u00c9tudes de Kin\u00e9sith\u00e9rapie Internationales au campus de Bellvitge pour l&rsquo;ann\u00e9e Universitaire 2020\/21 ont pu recevoir toutes les informations cet apr\u00e8s-midi lors de la journ\u00e9e de Portes ouvertes virtuelle que les personnes inscrites ont pu suivre gr\u00e2ce \u00e0 la plateforme Zoom. Le directeur de Kin\u00e9sith\u00e9rapie Mariano Gacto, a fait une pr\u00e9sentation [&hellip;]<\/p>\n","protected":false},"author":3,"featured_media":8357,"comment_status":"open","ping_status":"closed","sticky":false,"template":"","format":"standard","meta":{"_acf_changed":false,"inline_featured_image":false,"_joinchat":[],"footnotes":""},"categories":[3],"tags":[],"class_list":["post-8366","post","type-post","status-publish","format-standard","has-post-thumbnail","hentry","category-non-classifiee"],"acf":[],"yoast_head":"<!-- This site is optimized with the Yoast SEO plugin v27.4 - https:\/\/yoast.com\/product\/yoast-seo-wordpress\/ -->\n<title>Premi\u00e8re journ\u00e9e de Portes Ouvertes virtuelle du Dipl\u00f4me International de Kin\u00e9sith\u00e9rapie | EUSES - Campus de Bellvitge (Barcelona)<\/title>\n<meta name=\"robots\" content=\"index, follow, max-snippet:-1, max-image-preview:large, max-video-preview:-1\" \/>\n<link rel=\"canonical\" href=\"https:\/\/barcelona.euses.cat\/fr\/premiere-journee-de-portes-ouvertes-virtuelle-du-diplome-international-de-kinesitherapie\/\" \/>\n<meta property=\"og:locale\" content=\"fr_FR\" \/>\n<meta property=\"og:type\" content=\"article\" \/>\n<meta property=\"og:title\" content=\"Premi\u00e8re journ\u00e9e de Portes Ouvertes virtuelle du Dipl\u00f4me International de Kin\u00e9sith\u00e9rapie | EUSES - Campus de Bellvitge (Barcelona)\" \/>\n<meta property=\"og:description\" content=\"Les personnes int\u00e9ress\u00e9es par les \u00c9tudes de Kin\u00e9sith\u00e9rapie Internationales au campus de Bellvitge pour l&rsquo;ann\u00e9e Universitaire 2020\/21 ont pu recevoir toutes les informations cet apr\u00e8s-midi lors de la journ\u00e9e de Portes ouvertes virtuelle que les personnes inscrites ont pu suivre gr\u00e2ce \u00e0 la plateforme Zoom. Le directeur de Kin\u00e9sith\u00e9rapie Mariano Gacto, a fait une pr\u00e9sentation [&hellip;]\" \/>\n<meta property=\"og:url\" content=\"https:\/\/barcelona.euses.cat\/fr\/premiere-journee-de-portes-ouvertes-virtuelle-du-diplome-international-de-kinesitherapie\/\" \/>\n<meta property=\"og:site_name\" content=\"EUSES - Campus de Bellvitge (Barcelona)\" \/>\n<meta property=\"article:publisher\" content=\"https:\/\/www.facebook.com\/PhysioBCN\/\" \/>\n<meta property=\"article:published_time\" content=\"2020-04-26T13:39:36+00:00\" \/>\n<meta property=\"og:image\" content=\"https:\/\/barcelona.euses.cat\/wp-content\/uploads\/2020\/04\/ajpobcn1_LI-2.jpg\" \/>\n\t<meta property=\"og:image:width\" content=\"1366\" \/>\n\t<meta property=\"og:image:height\" content=\"768\" \/>\n\t<meta property=\"og:image:type\" content=\"image\/jpeg\" \/>\n<meta name=\"author\" content=\"Jordi Danes\" \/>\n<meta name=\"twitter:card\" content=\"summary_large_image\" \/>\n<meta name=\"twitter:label1\" content=\"\u00c9crit par\" \/>\n\t<meta name=\"twitter:data1\" content=\"Jordi Danes\" \/>\n\t<meta name=\"twitter:label2\" content=\"Dur\u00e9e de lecture estim\u00e9e\" \/>\n\t<meta name=\"twitter:data2\" content=\"1 minute\" \/>\n<script type=\"application\/ld+json\" class=\"yoast-schema-graph\">{\"@context\":\"https:\\\/\\\/schema.org\",\"@graph\":[{\"@type\":\"Article\",\"@id\":\"https:\\\/\\\/barcelona.euses.cat\\\/fr\\\/premiere-journee-de-portes-ouvertes-virtuelle-du-diplome-international-de-kinesitherapie\\\/#article\",\"isPartOf\":{\"@id\":\"https:\\\/\\\/barcelona.euses.cat\\\/fr\\\/premiere-journee-de-portes-ouvertes-virtuelle-du-diplome-international-de-kinesitherapie\\\/\"},\"author\":{\"name\":\"Jordi Danes\",\"@id\":\"https:\\\/\\\/barcelona.euses.cat\\\/ca\\\/#\\\/schema\\\/person\\\/8ab46080dfc4814fa59383db317735bd\"},\"headline\":\"Premi\u00e8re journ\u00e9e de Portes Ouvertes virtuelle du Dipl\u00f4me International de Kin\u00e9sith\u00e9rapie\",\"datePublished\":\"2020-04-26T13:39:36+00:00\",\"mainEntityOfPage\":{\"@id\":\"https:\\\/\\\/barcelona.euses.cat\\\/fr\\\/premiere-journee-de-portes-ouvertes-virtuelle-du-diplome-international-de-kinesitherapie\\\/\"},\"wordCount\":236,\"commentCount\":0,\"image\":{\"@id\":\"https:\\\/\\\/barcelona.euses.cat\\\/fr\\\/premiere-journee-de-portes-ouvertes-virtuelle-du-diplome-international-de-kinesitherapie\\\/#primaryimage\"},\"thumbnailUrl\":\"https:\\\/\\\/barcelona.euses.cat\\\/wp-content\\\/uploads\\\/2020\\\/04\\\/ajpobcn1_LI-2.jpg\",\"articleSection\":[\"Non classifi\u00e9(e)\"],\"inLanguage\":\"fr-FR\"},{\"@type\":\"WebPage\",\"@id\":\"https:\\\/\\\/barcelona.euses.cat\\\/fr\\\/premiere-journee-de-portes-ouvertes-virtuelle-du-diplome-international-de-kinesitherapie\\\/\",\"url\":\"https:\\\/\\\/barcelona.euses.cat\\\/fr\\\/premiere-journee-de-portes-ouvertes-virtuelle-du-diplome-international-de-kinesitherapie\\\/\",\"name\":\"Premi\u00e8re journ\u00e9e de Portes Ouvertes virtuelle du Dipl\u00f4me International de Kin\u00e9sith\u00e9rapie | EUSES - Campus de Bellvitge (Barcelona)\",\"isPartOf\":{\"@id\":\"https:\\\/\\\/barcelona.euses.cat\\\/ca\\\/#website\"},\"primaryImageOfPage\":{\"@id\":\"https:\\\/\\\/barcelona.euses.cat\\\/fr\\\/premiere-journee-de-portes-ouvertes-virtuelle-du-diplome-international-de-kinesitherapie\\\/#primaryimage\"},\"image\":{\"@id\":\"https:\\\/\\\/barcelona.euses.cat\\\/fr\\\/premiere-journee-de-portes-ouvertes-virtuelle-du-diplome-international-de-kinesitherapie\\\/#primaryimage\"},\"thumbnailUrl\":\"https:\\\/\\\/barcelona.euses.cat\\\/wp-content\\\/uploads\\\/2020\\\/04\\\/ajpobcn1_LI-2.jpg\",\"datePublished\":\"2020-04-26T13:39:36+00:00\",\"author\":{\"@id\":\"https:\\\/\\\/barcelona.euses.cat\\\/ca\\\/#\\\/schema\\\/person\\\/8ab46080dfc4814fa59383db317735bd\"},\"breadcrumb\":{\"@id\":\"https:\\\/\\\/barcelona.euses.cat\\\/fr\\\/premiere-journee-de-portes-ouvertes-virtuelle-du-diplome-international-de-kinesitherapie\\\/#breadcrumb\"},\"inLanguage\":\"fr-FR\",\"potentialAction\":[{\"@type\":\"ReadAction\",\"target\":[\"https:\\\/\\\/barcelona.euses.cat\\\/fr\\\/premiere-journee-de-portes-ouvertes-virtuelle-du-diplome-international-de-kinesitherapie\\\/\"]}]},{\"@type\":\"ImageObject\",\"inLanguage\":\"fr-FR\",\"@id\":\"https:\\\/\\\/barcelona.euses.cat\\\/fr\\\/premiere-journee-de-portes-ouvertes-virtuelle-du-diplome-international-de-kinesitherapie\\\/#primaryimage\",\"url\":\"https:\\\/\\\/barcelona.euses.cat\\\/wp-content\\\/uploads\\\/2020\\\/04\\\/ajpobcn1_LI-2.jpg\",\"contentUrl\":\"https:\\\/\\\/barcelona.euses.cat\\\/wp-content\\\/uploads\\\/2020\\\/04\\\/ajpobcn1_LI-2.jpg\",\"width\":1366,\"height\":768},{\"@type\":\"BreadcrumbList\",\"@id\":\"https:\\\/\\\/barcelona.euses.cat\\\/fr\\\/premiere-journee-de-portes-ouvertes-virtuelle-du-diplome-international-de-kinesitherapie\\\/#breadcrumb\",\"itemListElement\":[{\"@type\":\"ListItem\",\"position\":1,\"name\":\"Portada\",\"item\":\"https:\\\/\\\/barcelona.euses.cat\\\/fr\\\/\"},{\"@type\":\"ListItem\",\"position\":2,\"name\":\"Premi\u00e8re journ\u00e9e de Portes Ouvertes virtuelle du Dipl\u00f4me International de Kin\u00e9sith\u00e9rapie\"}]},{\"@type\":\"WebSite\",\"@id\":\"https:\\\/\\\/barcelona.euses.cat\\\/ca\\\/#website\",\"url\":\"https:\\\/\\\/barcelona.euses.cat\\\/ca\\\/\",\"name\":\"EUSES - Campus de Bellvitge (Barcelona)\",\"description\":\"EUSES, Ecole Universitaire de Physioth\u00e9rapie Internationale \u00e0 Barcelone\",\"potentialAction\":[{\"@type\":\"SearchAction\",\"target\":{\"@type\":\"EntryPoint\",\"urlTemplate\":\"https:\\\/\\\/barcelona.euses.cat\\\/ca\\\/?s={search_term_string}\"},\"query-input\":{\"@type\":\"PropertyValueSpecification\",\"valueRequired\":true,\"valueName\":\"search_term_string\"}}],\"inLanguage\":\"fr-FR\"},{\"@type\":\"Person\",\"@id\":\"https:\\\/\\\/barcelona.euses.cat\\\/ca\\\/#\\\/schema\\\/person\\\/8ab46080dfc4814fa59383db317735bd\",\"name\":\"Jordi Danes\",\"image\":{\"@type\":\"ImageObject\",\"inLanguage\":\"fr-FR\",\"@id\":\"https:\\\/\\\/secure.gravatar.com\\\/avatar\\\/a9e4f443b594af225625ee8cfa665e41b1e0740ea34fbe0515b4ca559f8570ef?s=96&d=mm&r=g\",\"url\":\"https:\\\/\\\/secure.gravatar.com\\\/avatar\\\/a9e4f443b594af225625ee8cfa665e41b1e0740ea34fbe0515b4ca559f8570ef?s=96&d=mm&r=g\",\"contentUrl\":\"https:\\\/\\\/secure.gravatar.com\\\/avatar\\\/a9e4f443b594af225625ee8cfa665e41b1e0740ea34fbe0515b4ca559f8570ef?s=96&d=mm&r=g\",\"caption\":\"Jordi Danes\"},\"url\":\"https:\\\/\\\/barcelona.euses.cat\\\/fr\\\/author\\\/jordi-danes\\\/\"}]}<\/script>\n<!-- \/ Yoast SEO plugin. -->","yoast_head_json":{"title":"Premi\u00e8re journ\u00e9e de Portes Ouvertes virtuelle du Dipl\u00f4me International de Kin\u00e9sith\u00e9rapie | EUSES - Campus de Bellvitge (Barcelona)","robots":{"index":"index","follow":"follow","max-snippet":"max-snippet:-1","max-image-preview":"max-image-preview:large","max-video-preview":"max-video-preview:-1"},"canonical":"https:\/\/barcelona.euses.cat\/fr\/premiere-journee-de-portes-ouvertes-virtuelle-du-diplome-international-de-kinesitherapie\/","og_locale":"fr_FR","og_type":"article","og_title":"Premi\u00e8re journ\u00e9e de Portes Ouvertes virtuelle du Dipl\u00f4me International de Kin\u00e9sith\u00e9rapie | EUSES - Campus de Bellvitge (Barcelona)","og_description":"Les personnes int\u00e9ress\u00e9es par les \u00c9tudes de Kin\u00e9sith\u00e9rapie Internationales au campus de Bellvitge pour l&rsquo;ann\u00e9e Universitaire 2020\/21 ont pu recevoir toutes les informations cet apr\u00e8s-midi lors de la journ\u00e9e de Portes ouvertes virtuelle que les personnes inscrites ont pu suivre gr\u00e2ce \u00e0 la plateforme Zoom. Le directeur de Kin\u00e9sith\u00e9rapie Mariano Gacto, a fait une pr\u00e9sentation [&hellip;]","og_url":"https:\/\/barcelona.euses.cat\/fr\/premiere-journee-de-portes-ouvertes-virtuelle-du-diplome-international-de-kinesitherapie\/","og_site_name":"EUSES - Campus de Bellvitge (Barcelona)","article_publisher":"https:\/\/www.facebook.com\/PhysioBCN\/","article_published_time":"2020-04-26T13:39:36+00:00","og_image":[{"width":1366,"height":768,"url":"https:\/\/barcelona.euses.cat\/wp-content\/uploads\/2020\/04\/ajpobcn1_LI-2.jpg","type":"image\/jpeg"}],"author":"Jordi Danes","twitter_card":"summary_large_image","twitter_misc":{"\u00c9crit par":"Jordi Danes","Dur\u00e9e de lecture estim\u00e9e":"1 minute"},"schema":{"@context":"https:\/\/schema.org","@graph":[{"@type":"Article","@id":"https:\/\/barcelona.euses.cat\/fr\/premiere-journee-de-portes-ouvertes-virtuelle-du-diplome-international-de-kinesitherapie\/#article","isPartOf":{"@id":"https:\/\/barcelona.euses.cat\/fr\/premiere-journee-de-portes-ouvertes-virtuelle-du-diplome-international-de-kinesitherapie\/"},"author":{"name":"Jordi Danes","@id":"https:\/\/barcelona.euses.cat\/ca\/#\/schema\/person\/8ab46080dfc4814fa59383db317735bd"},"headline":"Premi\u00e8re journ\u00e9e de Portes Ouvertes virtuelle du Dipl\u00f4me International de Kin\u00e9sith\u00e9rapie","datePublished":"2020-04-26T13:39:36+00:00","mainEntityOfPage":{"@id":"https:\/\/barcelona.euses.cat\/fr\/premiere-journee-de-portes-ouvertes-virtuelle-du-diplome-international-de-kinesitherapie\/"},"wordCount":236,"commentCount":0,"image":{"@id":"https:\/\/barcelona.euses.cat\/fr\/premiere-journee-de-portes-ouvertes-virtuelle-du-diplome-international-de-kinesitherapie\/#primaryimage"},"thumbnailUrl":"https:\/\/barcelona.euses.cat\/wp-content\/uploads\/2020\/04\/ajpobcn1_LI-2.jpg","articleSection":["Non classifi\u00e9(e)"],"inLanguage":"fr-FR"},{"@type":"WebPage","@id":"https:\/\/barcelona.euses.cat\/fr\/premiere-journee-de-portes-ouvertes-virtuelle-du-diplome-international-de-kinesitherapie\/","url":"https:\/\/barcelona.euses.cat\/fr\/premiere-journee-de-portes-ouvertes-virtuelle-du-diplome-international-de-kinesitherapie\/","name":"Premi\u00e8re journ\u00e9e de Portes Ouvertes virtuelle du Dipl\u00f4me International de Kin\u00e9sith\u00e9rapie | EUSES - Campus de Bellvitge (Barcelona)","isPartOf":{"@id":"https:\/\/barcelona.euses.cat\/ca\/#website"},"primaryImageOfPage":{"@id":"https:\/\/barcelona.euses.cat\/fr\/premiere-journee-de-portes-ouvertes-virtuelle-du-diplome-international-de-kinesitherapie\/#primaryimage"},"image":{"@id":"https:\/\/barcelona.euses.cat\/fr\/premiere-journee-de-portes-ouvertes-virtuelle-du-diplome-international-de-kinesitherapie\/#primaryimage"},"thumbnailUrl":"https:\/\/barcelona.euses.cat\/wp-content\/uploads\/2020\/04\/ajpobcn1_LI-2.jpg","datePublished":"2020-04-26T13:39:36+00:00","author":{"@id":"https:\/\/barcelona.euses.cat\/ca\/#\/schema\/person\/8ab46080dfc4814fa59383db317735bd"},"breadcrumb":{"@id":"https:\/\/barcelona.euses.cat\/fr\/premiere-journee-de-portes-ouvertes-virtuelle-du-diplome-international-de-kinesitherapie\/#breadcrumb"},"inLanguage":"fr-FR","potentialAction":[{"@type":"ReadAction","target":["https:\/\/barcelona.euses.cat\/fr\/premiere-journee-de-portes-ouvertes-virtuelle-du-diplome-international-de-kinesitherapie\/"]}]},{"@type":"ImageObject","inLanguage":"fr-FR","@id":"https:\/\/barcelona.euses.cat\/fr\/premiere-journee-de-portes-ouvertes-virtuelle-du-diplome-international-de-kinesitherapie\/#primaryimage","url":"https:\/\/barcelona.euses.cat\/wp-content\/uploads\/2020\/04\/ajpobcn1_LI-2.jpg","contentUrl":"https:\/\/barcelona.euses.cat\/wp-content\/uploads\/2020\/04\/ajpobcn1_LI-2.jpg","width":1366,"height":768},{"@type":"BreadcrumbList","@id":"https:\/\/barcelona.euses.cat\/fr\/premiere-journee-de-portes-ouvertes-virtuelle-du-diplome-international-de-kinesitherapie\/#breadcrumb","itemListElement":[{"@type":"ListItem","position":1,"name":"Portada","item":"https:\/\/barcelona.euses.cat\/fr\/"},{"@type":"ListItem","position":2,"name":"Premi\u00e8re journ\u00e9e de Portes Ouvertes virtuelle du Dipl\u00f4me International de Kin\u00e9sith\u00e9rapie"}]},{"@type":"WebSite","@id":"https:\/\/barcelona.euses.cat\/ca\/#website","url":"https:\/\/barcelona.euses.cat\/ca\/","name":"EUSES - Campus de Bellvitge (Barcelona)","description":"EUSES, Ecole Universitaire de Physioth\u00e9rapie Internationale \u00e0 Barcelone","potentialAction":[{"@type":"SearchAction","target":{"@type":"EntryPoint","urlTemplate":"https:\/\/barcelona.euses.cat\/ca\/?s={search_term_string}"},"query-input":{"@type":"PropertyValueSpecification","valueRequired":true,"valueName":"search_term_string"}}],"inLanguage":"fr-FR"},{"@type":"Person","@id":"https:\/\/barcelona.euses.cat\/ca\/#\/schema\/person\/8ab46080dfc4814fa59383db317735bd","name":"Jordi Danes","image":{"@type":"ImageObject","inLanguage":"fr-FR","@id":"https:\/\/secure.gravatar.com\/avatar\/a9e4f443b594af225625ee8cfa665e41b1e0740ea34fbe0515b4ca559f8570ef?s=96&d=mm&r=g","url":"https:\/\/secure.gravatar.com\/avatar\/a9e4f443b594af225625ee8cfa665e41b1e0740ea34fbe0515b4ca559f8570ef?s=96&d=mm&r=g","contentUrl":"https:\/\/secure.gravatar.com\/avatar\/a9e4f443b594af225625ee8cfa665e41b1e0740ea34fbe0515b4ca559f8570ef?s=96&d=mm&r=g","caption":"Jordi Danes"},"url":"https:\/\/barcelona.euses.cat\/fr\/author\/jordi-danes\/"}]}},"_links":{"self":[{"href":"https:\/\/barcelona.euses.cat\/fr\/wp-json\/wp\/v2\/posts\/8366","targetHints":{"allow":["GET"]}}],"collection":[{"href":"https:\/\/barcelona.euses.cat\/fr\/wp-json\/wp\/v2\/posts"}],"about":[{"href":"https:\/\/barcelona.euses.cat\/fr\/wp-json\/wp\/v2\/types\/post"}],"author":[{"embeddable":true,"href":"https:\/\/barcelona.euses.cat\/fr\/wp-json\/wp\/v2\/users\/3"}],"replies":[{"embeddable":true,"href":"https:\/\/barcelona.euses.cat\/fr\/wp-json\/wp\/v2\/comments?post=8366"}],"version-history":[{"count":1,"href":"https:\/\/barcelona.euses.cat\/fr\/wp-json\/wp\/v2\/posts\/8366\/revisions"}],"predecessor-version":[{"id":8367,"href":"https:\/\/barcelona.euses.cat\/fr\/wp-json\/wp\/v2\/posts\/8366\/revisions\/8367"}],"wp:featuredmedia":[{"embeddable":true,"href":"https:\/\/barcelona.euses.cat\/fr\/wp-json\/wp\/v2\/media\/8357"}],"wp:attachment":[{"href":"https:\/\/barcelona.euses.cat\/fr\/wp-json\/wp\/v2\/media?parent=8366"}],"wp:term":[{"taxonomy":"category","embeddable":true,"href":"https:\/\/barcelona.euses.cat\/fr\/wp-json\/wp\/v2\/categories?post=8366"},{"taxonomy":"post_tag","embeddable":true,"href":"https:\/\/barcelona.euses.cat\/fr\/wp-json\/wp\/v2\/tags?post=8366"}],"curies":[{"name":"wp","href":"https:\/\/api.w.org\/{rel}","templated":true}]}}