{"id":8154,"date":"2020-07-20T11:08:13","date_gmt":"2020-07-20T09:08:13","guid":{"rendered":"https:\/\/barcelona.euses.cat\/?p=8154"},"modified":"2022-09-16T21:53:38","modified_gmt":"2022-09-16T19:53:38","slug":"euses-prepare-le-debut-de-la-nouvelle-annee-universitaire-avec-toutes-les-mesures-de-securite","status":"publish","type":"post","link":"https:\/\/barcelona.euses.cat\/fr\/euses-prepare-le-debut-de-la-nouvelle-annee-universitaire-avec-toutes-les-mesures-de-securite\/","title":{"rendered":"EUSES pr\u00e9pare le d\u00e9but de la nouvelle Ann\u00e9e Universitaire avec toutes les mesures de s\u00e9curit\u00e9"},"content":{"rendered":"<p>En d\u00e9but d&rsquo;ann\u00e9e acad\u00e9mique 2020-2021, EUSES suivra les lignes directrices fix\u00e9es par la\u00a0<i>Generalitat\u00a0<\/i>et la<i>\u00a0Conselleria d&rsquo;Ensenyament i de Salut<\/i>, ainsi que les arr\u00eat\u00e9s minist\u00e9riels concernant les pr\u00e9cautions n\u00e9cessaires en mati\u00e8re de contagion, de mesures sanitaires de pr\u00e9caution et de pr\u00e9vention. Sur la base de l&rsquo;exp\u00e9rience acquise lors du confinement de mars 2020, des strat\u00e9gies d&rsquo;enseignement \u00e0 distance ainsi que des ressources n\u00e9cessaires ont \u00e9t\u00e9 pr\u00e9vues afin que, dans le cas d&rsquo;un nouveau confinement, l&rsquo;impact sur l&rsquo;activit\u00e9 scolaire de l&rsquo;\u00e9cole et des \u00e9l\u00e8ves soit le plus faible possible. De plus, des travaux sont en cours au sein de l&rsquo;\u00c9cole pour pr\u00e9parer des sc\u00e9narios avec diff\u00e9rents degr\u00e9s de pr\u00e9sentialit\u00e9.<\/p>\n<p>Au cours des mois qui pr\u00e9c\u00e8dent le d\u00e9but de l&rsquo;Ann\u00e9e Universitaire, nous informerons et mettrons \u00e0 jour cette page avec les donn\u00e9es disponibles afin d&rsquo;informer sur la fa\u00e7on dont l&rsquo;activit\u00e9 d&rsquo;enseignement sera d\u00e9velopp\u00e9e, sur les directives qui seront en vigueur \u00e0 chaque moment et sur les changements qui peuvent survenir.<\/p>\n<p><strong>Ann\u00e9e acad\u00e9mique 2020\/21<\/strong><\/p>\n<ul>\n<li><a href=\"https:\/\/girona.euses.cat\/wp-content\/uploads\/2020\/07\/Desenvolupament-de-les-classes-2020_2021.pdf\" target=\"_blank\" rel=\"noopener noreferrer\">Proc\u00e9dures de l&rsquo;ann\u00e9e 2020\/21 \u00e0 EUSES Salt et Bellvitge<\/a><\/li>\n<li><a href=\"https:\/\/girona.euses.cat\/wp-content\/uploads\/2020\/07\/Procediments-i-mesures-EUSES-Terres-de-lEbre-20-21.pdf\" target=\"_blank\" rel=\"noopener noreferrer\">Proc\u00e9dures de l&rsquo;ann\u00e9e 2020\/21 \u00e0 EUSES Terres de l&rsquo;Ebre<\/a><\/li>\n<li style=\"list-style-type: none;\"><\/li>\n<\/ul>\n<p><strong>P<\/strong><strong>lan d&rsquo;urgence<\/strong><\/p>\n<ul>\n<li><a href=\"https:\/\/girona.euses.cat\/wp-content\/uploads\/2020\/03\/15-07-20-Pla-de-Contingencia-EUSES-Salt.pdf\" target=\"_blank\" rel=\"noopener noreferrer\">EUSES Plan d&rsquo;urgence pour Salt<\/a><\/li>\n<li><a href=\"https:\/\/girona.euses.cat\/wp-content\/uploads\/2020\/03\/15-07-20-Pla-de-Contingencia-EUSES-Bellvitge.pdf\" target=\"_blank\" rel=\"noopener noreferrer\">EUSES le plan d&rsquo;urgence de Bellvitge<\/a><\/li>\n<li><a href=\"https:\/\/barcelona.euses.cat\/wp-content\/uploads\/2020\/07\/Pla_de_Contingecia_d_EUSES_URV.pdf\" target=\"_blank\" rel=\"noopener noreferrer\">Plan d&rsquo;urgence d&rsquo;EUSES Terres de l&rsquo;Ebre<\/a><\/li>\n<\/ul>\n<p><strong>QUESTIONS FR\u00c9QUENTES<\/strong><\/p>\n<p><strong>Quels sont les canaux d&rsquo;information officiels ?<\/strong><\/p>\n<p>Pour contacter l\u2019EUSES, vous pouvez le faire par le biais de WhatsApp ou par t\u00e9l\u00e9phone (699 90 28 89 &#8211; 972 405 130) ou par e-mail : euses@euses.cat<\/p>\n<p><strong>Que dois-je faire si je pense avoir attrap\u00e9 le Covid-19?<\/strong><\/p>\n<p>En cas de contagion, la maladie COVID-19 sera tr\u00e8s probablement b\u00e9nigne (malaise g\u00e9n\u00e9ral, fi\u00e8vre et toux). Comme pour la grippe, dans le cas du SRAS-CoV-2, la plupart des gens l&rsquo;attrapent \u00e0 la maison, sans aucune complication. Si vous avez une urgence \u00e0 cause du coronavirus, n&rsquo;oubliez pas de composer le 061 ; ou le 012 pour les questions d&rsquo;ordre g\u00e9n\u00e9ral. <a href=\"http:\/\/canalsalut.gencat.cat\/ca\/salut-a-z\/c\/coronavirus-2019-ncov\/material-divulgatiu\/index.html#googtrans(ca|fr)\">Lien vers la cha\u00eene de sant\u00e9<\/a> (num\u00e9ros et page en Espagne)<\/p>\n<p>Nous vous demandons \u00e9galement d&rsquo;envoyer un courriel \u00e0 euses@euses.cat pour nous informer de votre contagion. Nous pourrons ainsi assurer un suivi et vous fournir des informations sur les aspects susceptibles d&rsquo;affecter vos progr\u00e8s universitaires.<\/p>\n<p><strong>Que puis-je faire pour me prot\u00e9ger du COVID-19 ?<\/strong><\/p>\n<p>Vous devez rester chez vous en isolement.<\/p>\n<p>Nous sommes en phase d&rsquo;alerte et il nous a \u00e9t\u00e9 demand\u00e9 d&rsquo;\u00e9viter de sortir si ce n&rsquo;\u00e9tait pas strictement n\u00e9cessaire. N\u00e9anmoins, et au cas o\u00f9 vous auriez eu \u00e0 le faire, nous vous rappelons les mesures d&rsquo;hygi\u00e8ne de base, utiles pour pr\u00e9venir l&rsquo;infection par le coronavirus SRAS-CoV-2 et pour \u00e9viter la grippe ou toute autre infection respiratoire aigu\u00eb similaire :<\/p>\n<ul>\n<li>Lavez-vous les mains fr\u00e9quemment \u00e0 l&rsquo;eau et au savon (au moins 20 secondes) ou avec des solutions alcoolis\u00e9es, surtout apr\u00e8s un contact direct avec des personnes malades ou leur environnement.<\/li>\n<li>\u00c9vitez de vous toucher les yeux, le nez et la bouche avec des mains sales.<\/li>\n<li>\u00c9vitez tout contact \u00e9troit avec des personnes qui pr\u00e9sentent des signes de d\u00e9tresse respiratoire, comme la toux ou les \u00e9ternuements.<\/li>\n<li>\u00c9vitez de partager la nourriture ou les ustensiles (couverts, verres, serviettes, mouchoirs, etc.) et autres objets sans les nettoyer correctement.<\/li>\n<li>Gardez une distance d&rsquo;environ deux m\u00e8tres entre les personnes pr\u00e9sentant des sympt\u00f4mes d&rsquo;infection respiratoire aigu\u00eb.<\/li>\n<li>Couvrez votre bouche et votre nez avec des mouchoirs en papier ou la face interne de votre coude lorsque vous toussez ou \u00e9ternuez et lavez-vous ensuite les mains.<\/li>\n<li>Lavez et d\u00e9sinfectez fr\u00e9quemment les objets et les surfaces.<\/li>\n<\/ul>\n<p>Ces mesures prot\u00e8gent \u00e9galement contre les maladies respiratoires courantes telles que la grippe. Pour \u00e9viter l&rsquo;infection, aucune mesure particuli\u00e8re ne doit \u00eatre prise avec les animaux ou la nourriture en Catalogne.<\/p>\n<p><strong>Que dois-je faire si je reviens d&rsquo;une zone \u00e0 risque ?<\/strong><\/p>\n<p>Actuellement, la classification de la situation fa\u00eete par l&rsquo;OMS a activ\u00e9 le niveau de la pand\u00e9mie. Les zones o\u00f9 des cas ont \u00e9t\u00e9 enregistr\u00e9s ont \u00e9t\u00e9 progressivement activ\u00e9es et la transmission communautaire a augment\u00e9 progressivement.<\/p>\n<p>Si votre \u00e9tat g\u00e9n\u00e9ral est bon, suivez les indications des autorit\u00e9s sanitaires.<\/p>\n<p>N\u00e9anmoins, observez votre \u00e9tat de sant\u00e9 pendant les 14 jours suivant le voyage et si vous pr\u00e9sentez des sympt\u00f4mes tels que fi\u00e8vre, difficult\u00e9s respiratoires, toux ou malaise g\u00e9n\u00e9ral, restez chez vous et informez les services de sant\u00e9 par t\u00e9l\u00e9phone de l&rsquo;historique de votre s\u00e9jour dans une zone \u00e0 risque. Utilisez le lien suivant pour effectuer une <a href=\"http:\/\/canalsalut.gencat.cat\/ca\/salut-a-z\/c\/coronavirus-2019-ncov\/stop-covid19-cat\/index.html#googtrans(ca|fr)\">auto-\u00e9valuation<\/a> ou appelez le 061 (en Espagne).<\/p>\n<p><strong>Ressources nationales<\/strong><\/p>\n<ul>\n<li><a href=\"https:\/\/canalsalut.gencat.cat\/ca\/salut-a-z\/c\/coronavirus-2019-ncov\/stop-covid19-cat\/index.html#googtrans(ca|fr)\">Test facilit\u00e9<\/a> par\u00a0<em>Canal Salut de la Generalitat de Catalunya<\/em>\u00a0 pour savoir si tu es\u00a0porteur du Coronavirus<\/li>\n<li>Qu&rsquo;est-ce que le coronavirus ? &#8211; <a href=\"https:\/\/www.youtube.com\/watch?v=PGli_Y9G9UU&amp;feature=youtu.be\">Vid\u00e9o\u00a0<em>Canal Salut\u00a0<\/em><\/a>de la<em>\u00a0Generalitat de Catalunya<\/em><\/li>\n<li>Informations sur le COVID-19 de la <a href=\"https:\/\/canalsalut.gencat.cat\/ca\/salut-a-z\/c\/coronavirus-2019-ncov\/stop-covid19-cat\/index.html\">cha\u00eene de sant\u00e9<\/a> de la\u00a0<em>Generalitat de Catalunya<\/em><\/li>\n<li><a href=\"http:\/\/salutpublica.gencat.cat\/ca\/detalls\/Article\/Situacio-del-nou-coronavirus-2019-nCov-a-Xina\">Situation de la maladie COVID-19<\/a> par l&rsquo;Agence de sant\u00e9 publique de Catalogne (ASPCAT)<\/li>\n<li><a href=\"http:\/\/salutpublica.gencat.cat\/ca\/detalls\/Article\/nota-premsa-coronavirus\">Protocoles d&rsquo;actuation<\/a> par l&rsquo;Agence de sant\u00e9 publique de Catalogne (ASPCAT)<\/li>\n<li><a href=\"https:\/\/www.mscbs.gob.es\/profesionales\/saludPublica\/ccayes\/alertasActual\/nCov-China\/home.htm\">Page d&rsquo;information du minist\u00e8re de la sant\u00e9<\/a><\/li>\n<\/ul>\n<p><strong>Ressources mondiales<\/strong><\/p>\n<ul>\n<li><a href=\"https:\/\/www.cdc.gov\/coronavirus\/2019-ncov\/index.html?CDC_AA_refVal=https%3A%2F%2Fwww.cdc.gov%2Fcoronavirus%2Findex.html\">Centres de contr\u00f4le et de pr\u00e9vention des maladies<\/a> &#8211; CDC<\/li>\n<li><a href=\"https:\/\/www.ecdc.europa.eu\/en\/covid-19-pandemic\">Centre Europ\u00e9en de pr\u00e9vention et de contr\u00f4le des maladies<\/a><\/li>\n<li><a href=\"https:\/\/www.who.int\/fr\/emergencies\/diseases\/novel-coronavirus-2019\">Organisation mondiale de la sant\u00e9<\/a><\/li>\n<li><a href=\"https:\/\/www.who.int\/fr\/emergencies\/diseases\/novel-coronavirus-2019\/advice-for-public\">OMS &#8211; Orientations pour le public<\/a><\/li>\n<\/ul>\n","protected":false},"excerpt":{"rendered":"<p>En d\u00e9but d&rsquo;ann\u00e9e acad\u00e9mique 2020-2021, EUSES suivra les lignes directrices fix\u00e9es par la\u00a0Generalitat\u00a0et la\u00a0Conselleria d&rsquo;Ensenyament i de Salut, ainsi que les arr\u00eat\u00e9s minist\u00e9riels concernant les pr\u00e9cautions n\u00e9cessaires en mati\u00e8re de contagion, de mesures sanitaires de pr\u00e9caution et de pr\u00e9vention. Sur la base de l&rsquo;exp\u00e9rience acquise lors du confinement de mars 2020, des strat\u00e9gies d&rsquo;enseignement \u00e0 [&hellip;]<\/p>\n","protected":false},"author":3,"featured_media":7082,"comment_status":"open","ping_status":"closed","sticky":false,"template":"","format":"standard","meta":{"_acf_changed":false,"inline_featured_image":false,"_joinchat":[],"footnotes":""},"categories":[3],"tags":[],"class_list":["post-8154","post","type-post","status-publish","format-standard","has-post-thumbnail","hentry","category-non-classifiee"],"acf":[],"yoast_head":"<!-- This site is optimized with the Yoast SEO plugin v27.4 - https:\/\/yoast.com\/product\/yoast-seo-wordpress\/ -->\n<title>EUSES pr\u00e9pare le d\u00e9but de la nouvelle Ann\u00e9e Universitaire avec toutes les mesures de s\u00e9curit\u00e9 | EUSES - Campus de Bellvitge (Barcelona)<\/title>\n<meta name=\"robots\" content=\"index, follow, max-snippet:-1, max-image-preview:large, max-video-preview:-1\" \/>\n<link rel=\"canonical\" href=\"https:\/\/barcelona.euses.cat\/fr\/euses-prepare-le-debut-de-la-nouvelle-annee-universitaire-avec-toutes-les-mesures-de-securite\/\" \/>\n<meta property=\"og:locale\" content=\"fr_FR\" \/>\n<meta property=\"og:type\" content=\"article\" \/>\n<meta property=\"og:title\" content=\"EUSES pr\u00e9pare le d\u00e9but de la nouvelle Ann\u00e9e Universitaire avec toutes les mesures de s\u00e9curit\u00e9 | EUSES - Campus de Bellvitge (Barcelona)\" \/>\n<meta property=\"og:description\" content=\"En d\u00e9but d&rsquo;ann\u00e9e acad\u00e9mique 2020-2021, EUSES suivra les lignes directrices fix\u00e9es par la\u00a0Generalitat\u00a0et la\u00a0Conselleria d&rsquo;Ensenyament i de Salut, ainsi que les arr\u00eat\u00e9s minist\u00e9riels concernant les pr\u00e9cautions n\u00e9cessaires en mati\u00e8re de contagion, de mesures sanitaires de pr\u00e9caution et de pr\u00e9vention. Sur la base de l&rsquo;exp\u00e9rience acquise lors du confinement de mars 2020, des strat\u00e9gies d&rsquo;enseignement \u00e0 [&hellip;]\" \/>\n<meta property=\"og:url\" content=\"https:\/\/barcelona.euses.cat\/fr\/euses-prepare-le-debut-de-la-nouvelle-annee-universitaire-avec-toutes-les-mesures-de-securite\/\" \/>\n<meta property=\"og:site_name\" content=\"EUSES - Campus de Bellvitge (Barcelona)\" \/>\n<meta property=\"article:publisher\" content=\"https:\/\/www.facebook.com\/PhysioBCN\/\" \/>\n<meta property=\"article:published_time\" content=\"2020-07-20T09:08:13+00:00\" \/>\n<meta property=\"article:modified_time\" content=\"2022-09-16T19:53:38+00:00\" \/>\n<meta property=\"og:image\" content=\"https:\/\/barcelona.euses.cat\/wp-content\/uploads\/2015\/06\/20150114-brullet-ballbe-bellvitge-corian.jpg\" \/>\n\t<meta property=\"og:image:width\" content=\"728\" \/>\n\t<meta property=\"og:image:height\" content=\"479\" \/>\n\t<meta property=\"og:image:type\" content=\"image\/jpeg\" \/>\n<meta name=\"author\" content=\"Jordi Danes\" \/>\n<meta name=\"twitter:card\" content=\"summary_large_image\" \/>\n<meta name=\"twitter:label1\" content=\"\u00c9crit par\" \/>\n\t<meta name=\"twitter:data1\" content=\"Jordi Danes\" \/>\n\t<meta name=\"twitter:label2\" content=\"Dur\u00e9e de lecture estim\u00e9e\" \/>\n\t<meta name=\"twitter:data2\" content=\"4 minutes\" \/>\n<script type=\"application\/ld+json\" class=\"yoast-schema-graph\">{\"@context\":\"https:\\\/\\\/schema.org\",\"@graph\":[{\"@type\":\"Article\",\"@id\":\"https:\\\/\\\/barcelona.euses.cat\\\/fr\\\/euses-prepare-le-debut-de-la-nouvelle-annee-universitaire-avec-toutes-les-mesures-de-securite\\\/#article\",\"isPartOf\":{\"@id\":\"https:\\\/\\\/barcelona.euses.cat\\\/fr\\\/euses-prepare-le-debut-de-la-nouvelle-annee-universitaire-avec-toutes-les-mesures-de-securite\\\/\"},\"author\":{\"name\":\"Jordi Danes\",\"@id\":\"https:\\\/\\\/barcelona.euses.cat\\\/ca\\\/#\\\/schema\\\/person\\\/8ab46080dfc4814fa59383db317735bd\"},\"headline\":\"EUSES pr\u00e9pare le d\u00e9but de la nouvelle Ann\u00e9e Universitaire avec toutes les mesures de s\u00e9curit\u00e9\",\"datePublished\":\"2020-07-20T09:08:13+00:00\",\"dateModified\":\"2022-09-16T19:53:38+00:00\",\"mainEntityOfPage\":{\"@id\":\"https:\\\/\\\/barcelona.euses.cat\\\/fr\\\/euses-prepare-le-debut-de-la-nouvelle-annee-universitaire-avec-toutes-les-mesures-de-securite\\\/\"},\"wordCount\":953,\"commentCount\":0,\"image\":{\"@id\":\"https:\\\/\\\/barcelona.euses.cat\\\/fr\\\/euses-prepare-le-debut-de-la-nouvelle-annee-universitaire-avec-toutes-les-mesures-de-securite\\\/#primaryimage\"},\"thumbnailUrl\":\"https:\\\/\\\/barcelona.euses.cat\\\/wp-content\\\/uploads\\\/2015\\\/06\\\/20150114-brullet-ballbe-bellvitge-corian.jpg\",\"articleSection\":[\"Non classifi\u00e9(e)\"],\"inLanguage\":\"fr-FR\"},{\"@type\":\"WebPage\",\"@id\":\"https:\\\/\\\/barcelona.euses.cat\\\/fr\\\/euses-prepare-le-debut-de-la-nouvelle-annee-universitaire-avec-toutes-les-mesures-de-securite\\\/\",\"url\":\"https:\\\/\\\/barcelona.euses.cat\\\/fr\\\/euses-prepare-le-debut-de-la-nouvelle-annee-universitaire-avec-toutes-les-mesures-de-securite\\\/\",\"name\":\"EUSES pr\u00e9pare le d\u00e9but de la nouvelle Ann\u00e9e Universitaire avec toutes les mesures de s\u00e9curit\u00e9 | EUSES - Campus de Bellvitge (Barcelona)\",\"isPartOf\":{\"@id\":\"https:\\\/\\\/barcelona.euses.cat\\\/ca\\\/#website\"},\"primaryImageOfPage\":{\"@id\":\"https:\\\/\\\/barcelona.euses.cat\\\/fr\\\/euses-prepare-le-debut-de-la-nouvelle-annee-universitaire-avec-toutes-les-mesures-de-securite\\\/#primaryimage\"},\"image\":{\"@id\":\"https:\\\/\\\/barcelona.euses.cat\\\/fr\\\/euses-prepare-le-debut-de-la-nouvelle-annee-universitaire-avec-toutes-les-mesures-de-securite\\\/#primaryimage\"},\"thumbnailUrl\":\"https:\\\/\\\/barcelona.euses.cat\\\/wp-content\\\/uploads\\\/2015\\\/06\\\/20150114-brullet-ballbe-bellvitge-corian.jpg\",\"datePublished\":\"2020-07-20T09:08:13+00:00\",\"dateModified\":\"2022-09-16T19:53:38+00:00\",\"author\":{\"@id\":\"https:\\\/\\\/barcelona.euses.cat\\\/ca\\\/#\\\/schema\\\/person\\\/8ab46080dfc4814fa59383db317735bd\"},\"breadcrumb\":{\"@id\":\"https:\\\/\\\/barcelona.euses.cat\\\/fr\\\/euses-prepare-le-debut-de-la-nouvelle-annee-universitaire-avec-toutes-les-mesures-de-securite\\\/#breadcrumb\"},\"inLanguage\":\"fr-FR\",\"potentialAction\":[{\"@type\":\"ReadAction\",\"target\":[\"https:\\\/\\\/barcelona.euses.cat\\\/fr\\\/euses-prepare-le-debut-de-la-nouvelle-annee-universitaire-avec-toutes-les-mesures-de-securite\\\/\"]}]},{\"@type\":\"ImageObject\",\"inLanguage\":\"fr-FR\",\"@id\":\"https:\\\/\\\/barcelona.euses.cat\\\/fr\\\/euses-prepare-le-debut-de-la-nouvelle-annee-universitaire-avec-toutes-les-mesures-de-securite\\\/#primaryimage\",\"url\":\"https:\\\/\\\/barcelona.euses.cat\\\/wp-content\\\/uploads\\\/2015\\\/06\\\/20150114-brullet-ballbe-bellvitge-corian.jpg\",\"contentUrl\":\"https:\\\/\\\/barcelona.euses.cat\\\/wp-content\\\/uploads\\\/2015\\\/06\\\/20150114-brullet-ballbe-bellvitge-corian.jpg\",\"width\":728,\"height\":479},{\"@type\":\"BreadcrumbList\",\"@id\":\"https:\\\/\\\/barcelona.euses.cat\\\/fr\\\/euses-prepare-le-debut-de-la-nouvelle-annee-universitaire-avec-toutes-les-mesures-de-securite\\\/#breadcrumb\",\"itemListElement\":[{\"@type\":\"ListItem\",\"position\":1,\"name\":\"Portada\",\"item\":\"https:\\\/\\\/barcelona.euses.cat\\\/fr\\\/\"},{\"@type\":\"ListItem\",\"position\":2,\"name\":\"EUSES pr\u00e9pare le d\u00e9but de la nouvelle Ann\u00e9e Universitaire avec toutes les mesures de s\u00e9curit\u00e9\"}]},{\"@type\":\"WebSite\",\"@id\":\"https:\\\/\\\/barcelona.euses.cat\\\/ca\\\/#website\",\"url\":\"https:\\\/\\\/barcelona.euses.cat\\\/ca\\\/\",\"name\":\"EUSES - Campus de Bellvitge (Barcelona)\",\"description\":\"EUSES, Ecole Universitaire de Physioth\u00e9rapie Internationale \u00e0 Barcelone\",\"potentialAction\":[{\"@type\":\"SearchAction\",\"target\":{\"@type\":\"EntryPoint\",\"urlTemplate\":\"https:\\\/\\\/barcelona.euses.cat\\\/ca\\\/?s={search_term_string}\"},\"query-input\":{\"@type\":\"PropertyValueSpecification\",\"valueRequired\":true,\"valueName\":\"search_term_string\"}}],\"inLanguage\":\"fr-FR\"},{\"@type\":\"Person\",\"@id\":\"https:\\\/\\\/barcelona.euses.cat\\\/ca\\\/#\\\/schema\\\/person\\\/8ab46080dfc4814fa59383db317735bd\",\"name\":\"Jordi Danes\",\"image\":{\"@type\":\"ImageObject\",\"inLanguage\":\"fr-FR\",\"@id\":\"https:\\\/\\\/secure.gravatar.com\\\/avatar\\\/a9e4f443b594af225625ee8cfa665e41b1e0740ea34fbe0515b4ca559f8570ef?s=96&d=mm&r=g\",\"url\":\"https:\\\/\\\/secure.gravatar.com\\\/avatar\\\/a9e4f443b594af225625ee8cfa665e41b1e0740ea34fbe0515b4ca559f8570ef?s=96&d=mm&r=g\",\"contentUrl\":\"https:\\\/\\\/secure.gravatar.com\\\/avatar\\\/a9e4f443b594af225625ee8cfa665e41b1e0740ea34fbe0515b4ca559f8570ef?s=96&d=mm&r=g\",\"caption\":\"Jordi Danes\"},\"url\":\"https:\\\/\\\/barcelona.euses.cat\\\/fr\\\/author\\\/jordi-danes\\\/\"}]}<\/script>\n<!-- \/ Yoast SEO plugin. -->","yoast_head_json":{"title":"EUSES pr\u00e9pare le d\u00e9but de la nouvelle Ann\u00e9e Universitaire avec toutes les mesures de s\u00e9curit\u00e9 | EUSES - Campus de Bellvitge (Barcelona)","robots":{"index":"index","follow":"follow","max-snippet":"max-snippet:-1","max-image-preview":"max-image-preview:large","max-video-preview":"max-video-preview:-1"},"canonical":"https:\/\/barcelona.euses.cat\/fr\/euses-prepare-le-debut-de-la-nouvelle-annee-universitaire-avec-toutes-les-mesures-de-securite\/","og_locale":"fr_FR","og_type":"article","og_title":"EUSES pr\u00e9pare le d\u00e9but de la nouvelle Ann\u00e9e Universitaire avec toutes les mesures de s\u00e9curit\u00e9 | EUSES - Campus de Bellvitge (Barcelona)","og_description":"En d\u00e9but d&rsquo;ann\u00e9e acad\u00e9mique 2020-2021, EUSES suivra les lignes directrices fix\u00e9es par la\u00a0Generalitat\u00a0et la\u00a0Conselleria d&rsquo;Ensenyament i de Salut, ainsi que les arr\u00eat\u00e9s minist\u00e9riels concernant les pr\u00e9cautions n\u00e9cessaires en mati\u00e8re de contagion, de mesures sanitaires de pr\u00e9caution et de pr\u00e9vention. Sur la base de l&rsquo;exp\u00e9rience acquise lors du confinement de mars 2020, des strat\u00e9gies d&rsquo;enseignement \u00e0 [&hellip;]","og_url":"https:\/\/barcelona.euses.cat\/fr\/euses-prepare-le-debut-de-la-nouvelle-annee-universitaire-avec-toutes-les-mesures-de-securite\/","og_site_name":"EUSES - Campus de Bellvitge (Barcelona)","article_publisher":"https:\/\/www.facebook.com\/PhysioBCN\/","article_published_time":"2020-07-20T09:08:13+00:00","article_modified_time":"2022-09-16T19:53:38+00:00","og_image":[{"width":728,"height":479,"url":"https:\/\/barcelona.euses.cat\/wp-content\/uploads\/2015\/06\/20150114-brullet-ballbe-bellvitge-corian.jpg","type":"image\/jpeg"}],"author":"Jordi Danes","twitter_card":"summary_large_image","twitter_misc":{"\u00c9crit par":"Jordi Danes","Dur\u00e9e de lecture estim\u00e9e":"4 minutes"},"schema":{"@context":"https:\/\/schema.org","@graph":[{"@type":"Article","@id":"https:\/\/barcelona.euses.cat\/fr\/euses-prepare-le-debut-de-la-nouvelle-annee-universitaire-avec-toutes-les-mesures-de-securite\/#article","isPartOf":{"@id":"https:\/\/barcelona.euses.cat\/fr\/euses-prepare-le-debut-de-la-nouvelle-annee-universitaire-avec-toutes-les-mesures-de-securite\/"},"author":{"name":"Jordi Danes","@id":"https:\/\/barcelona.euses.cat\/ca\/#\/schema\/person\/8ab46080dfc4814fa59383db317735bd"},"headline":"EUSES pr\u00e9pare le d\u00e9but de la nouvelle Ann\u00e9e Universitaire avec toutes les mesures de s\u00e9curit\u00e9","datePublished":"2020-07-20T09:08:13+00:00","dateModified":"2022-09-16T19:53:38+00:00","mainEntityOfPage":{"@id":"https:\/\/barcelona.euses.cat\/fr\/euses-prepare-le-debut-de-la-nouvelle-annee-universitaire-avec-toutes-les-mesures-de-securite\/"},"wordCount":953,"commentCount":0,"image":{"@id":"https:\/\/barcelona.euses.cat\/fr\/euses-prepare-le-debut-de-la-nouvelle-annee-universitaire-avec-toutes-les-mesures-de-securite\/#primaryimage"},"thumbnailUrl":"https:\/\/barcelona.euses.cat\/wp-content\/uploads\/2015\/06\/20150114-brullet-ballbe-bellvitge-corian.jpg","articleSection":["Non classifi\u00e9(e)"],"inLanguage":"fr-FR"},{"@type":"WebPage","@id":"https:\/\/barcelona.euses.cat\/fr\/euses-prepare-le-debut-de-la-nouvelle-annee-universitaire-avec-toutes-les-mesures-de-securite\/","url":"https:\/\/barcelona.euses.cat\/fr\/euses-prepare-le-debut-de-la-nouvelle-annee-universitaire-avec-toutes-les-mesures-de-securite\/","name":"EUSES pr\u00e9pare le d\u00e9but de la nouvelle Ann\u00e9e Universitaire avec toutes les mesures de s\u00e9curit\u00e9 | EUSES - Campus de Bellvitge (Barcelona)","isPartOf":{"@id":"https:\/\/barcelona.euses.cat\/ca\/#website"},"primaryImageOfPage":{"@id":"https:\/\/barcelona.euses.cat\/fr\/euses-prepare-le-debut-de-la-nouvelle-annee-universitaire-avec-toutes-les-mesures-de-securite\/#primaryimage"},"image":{"@id":"https:\/\/barcelona.euses.cat\/fr\/euses-prepare-le-debut-de-la-nouvelle-annee-universitaire-avec-toutes-les-mesures-de-securite\/#primaryimage"},"thumbnailUrl":"https:\/\/barcelona.euses.cat\/wp-content\/uploads\/2015\/06\/20150114-brullet-ballbe-bellvitge-corian.jpg","datePublished":"2020-07-20T09:08:13+00:00","dateModified":"2022-09-16T19:53:38+00:00","author":{"@id":"https:\/\/barcelona.euses.cat\/ca\/#\/schema\/person\/8ab46080dfc4814fa59383db317735bd"},"breadcrumb":{"@id":"https:\/\/barcelona.euses.cat\/fr\/euses-prepare-le-debut-de-la-nouvelle-annee-universitaire-avec-toutes-les-mesures-de-securite\/#breadcrumb"},"inLanguage":"fr-FR","potentialAction":[{"@type":"ReadAction","target":["https:\/\/barcelona.euses.cat\/fr\/euses-prepare-le-debut-de-la-nouvelle-annee-universitaire-avec-toutes-les-mesures-de-securite\/"]}]},{"@type":"ImageObject","inLanguage":"fr-FR","@id":"https:\/\/barcelona.euses.cat\/fr\/euses-prepare-le-debut-de-la-nouvelle-annee-universitaire-avec-toutes-les-mesures-de-securite\/#primaryimage","url":"https:\/\/barcelona.euses.cat\/wp-content\/uploads\/2015\/06\/20150114-brullet-ballbe-bellvitge-corian.jpg","contentUrl":"https:\/\/barcelona.euses.cat\/wp-content\/uploads\/2015\/06\/20150114-brullet-ballbe-bellvitge-corian.jpg","width":728,"height":479},{"@type":"BreadcrumbList","@id":"https:\/\/barcelona.euses.cat\/fr\/euses-prepare-le-debut-de-la-nouvelle-annee-universitaire-avec-toutes-les-mesures-de-securite\/#breadcrumb","itemListElement":[{"@type":"ListItem","position":1,"name":"Portada","item":"https:\/\/barcelona.euses.cat\/fr\/"},{"@type":"ListItem","position":2,"name":"EUSES pr\u00e9pare le d\u00e9but de la nouvelle Ann\u00e9e Universitaire avec toutes les mesures de s\u00e9curit\u00e9"}]},{"@type":"WebSite","@id":"https:\/\/barcelona.euses.cat\/ca\/#website","url":"https:\/\/barcelona.euses.cat\/ca\/","name":"EUSES - Campus de Bellvitge (Barcelona)","description":"EUSES, Ecole Universitaire de Physioth\u00e9rapie Internationale \u00e0 Barcelone","potentialAction":[{"@type":"SearchAction","target":{"@type":"EntryPoint","urlTemplate":"https:\/\/barcelona.euses.cat\/ca\/?s={search_term_string}"},"query-input":{"@type":"PropertyValueSpecification","valueRequired":true,"valueName":"search_term_string"}}],"inLanguage":"fr-FR"},{"@type":"Person","@id":"https:\/\/barcelona.euses.cat\/ca\/#\/schema\/person\/8ab46080dfc4814fa59383db317735bd","name":"Jordi Danes","image":{"@type":"ImageObject","inLanguage":"fr-FR","@id":"https:\/\/secure.gravatar.com\/avatar\/a9e4f443b594af225625ee8cfa665e41b1e0740ea34fbe0515b4ca559f8570ef?s=96&d=mm&r=g","url":"https:\/\/secure.gravatar.com\/avatar\/a9e4f443b594af225625ee8cfa665e41b1e0740ea34fbe0515b4ca559f8570ef?s=96&d=mm&r=g","contentUrl":"https:\/\/secure.gravatar.com\/avatar\/a9e4f443b594af225625ee8cfa665e41b1e0740ea34fbe0515b4ca559f8570ef?s=96&d=mm&r=g","caption":"Jordi Danes"},"url":"https:\/\/barcelona.euses.cat\/fr\/author\/jordi-danes\/"}]}},"_links":{"self":[{"href":"https:\/\/barcelona.euses.cat\/fr\/wp-json\/wp\/v2\/posts\/8154","targetHints":{"allow":["GET"]}}],"collection":[{"href":"https:\/\/barcelona.euses.cat\/fr\/wp-json\/wp\/v2\/posts"}],"about":[{"href":"https:\/\/barcelona.euses.cat\/fr\/wp-json\/wp\/v2\/types\/post"}],"author":[{"embeddable":true,"href":"https:\/\/barcelona.euses.cat\/fr\/wp-json\/wp\/v2\/users\/3"}],"replies":[{"embeddable":true,"href":"https:\/\/barcelona.euses.cat\/fr\/wp-json\/wp\/v2\/comments?post=8154"}],"version-history":[{"count":11,"href":"https:\/\/barcelona.euses.cat\/fr\/wp-json\/wp\/v2\/posts\/8154\/revisions"}],"predecessor-version":[{"id":8792,"href":"https:\/\/barcelona.euses.cat\/fr\/wp-json\/wp\/v2\/posts\/8154\/revisions\/8792"}],"wp:featuredmedia":[{"embeddable":true,"href":"https:\/\/barcelona.euses.cat\/fr\/wp-json\/wp\/v2\/media\/7082"}],"wp:attachment":[{"href":"https:\/\/barcelona.euses.cat\/fr\/wp-json\/wp\/v2\/media?parent=8154"}],"wp:term":[{"taxonomy":"category","embeddable":true,"href":"https:\/\/barcelona.euses.cat\/fr\/wp-json\/wp\/v2\/categories?post=8154"},{"taxonomy":"post_tag","embeddable":true,"href":"https:\/\/barcelona.euses.cat\/fr\/wp-json\/wp\/v2\/tags?post=8154"}],"curies":[{"name":"wp","href":"https:\/\/api.w.org\/{rel}","templated":true}]}}