{"id":12550,"date":"2025-07-15T12:11:57","date_gmt":"2025-07-15T10:11:57","guid":{"rendered":"https:\/\/barcelona.euses.cat\/?p=12550"},"modified":"2025-07-15T12:34:13","modified_gmt":"2025-07-15T10:34:13","slug":"ouverture-de-la-periode-dinscription-aux-diplomes-universitaires-des-campus-de-salt-terres-de-lebre-et-bellvitge","status":"publish","type":"post","link":"https:\/\/barcelona.euses.cat\/fr\/ouverture-de-la-periode-dinscription-aux-diplomes-universitaires-des-campus-de-salt-terres-de-lebre-et-bellvitge\/","title":{"rendered":"Ouverture de la p\u00e9riode d&rsquo;inscription aux dipl\u00f4mes universitaires des campus de Salt, Terres de l&rsquo;Ebre et Bellvitge"},"content":{"rendered":"<p>La p\u00e9riode d&rsquo;inscription pour l&rsquo;ann\u00e9e acad\u00e9mique 2025\/26 a \u00e9t\u00e9 ouverte ce mardi dans les campus de Salt, Terres de l&rsquo;Ebre et Bellvitge. Dans tous les campus de l&rsquo;Escola Universit\u00e0ria de la Salut i l&rsquo;Esport, l&rsquo;activit\u00e9 d&rsquo;inscription des \u00e9tudiants qui rejoindront la famille EUSES \u00e0 partir de septembre est tr\u00e8s intense. En plus de ce mardi, les journ\u00e9es d&rsquo;inscription assign\u00e9es sont le mercredi 16, le jeudi 17 et le vendredi 18. Le campus de Salt offre les dipl\u00f4mes de kin\u00e9sith\u00e9rapie, d&rsquo;activit\u00e9 physique et de sciences du sport, le double dipl\u00f4me (CAFyD+kin\u00e9sith\u00e9rapie) et le dipl\u00f4me de nutrition humaine et de di\u00e9t\u00e9tique. Le campus des Terres de l&rsquo;Ebre propose les bachelors en physioth\u00e9rapie, en kin\u00e9sith\u00e9rapie et le double dipl\u00f4me, tandis que Bellvitge propose le bachelor en kin\u00e9sith\u00e9rapie internationale, qui est enti\u00e8rement enseign\u00e9 en anglais.<\/p>\n\n\t\t<style type=\"text\/css\">\n\t\t\t#gallery-1 {\n\t\t\t\tmargin: auto;\n\t\t\t}\n\t\t\t#gallery-1 .gallery-item {\n\t\t\t\tfloat: left;\n\t\t\t\tmargin-top: 10px;\n\t\t\t\ttext-align: center;\n\t\t\t\twidth: 33%;\n\t\t\t}\n\t\t\t#gallery-1 img {\n\t\t\t\tborder: 2px solid #cfcfcf;\n\t\t\t}\n\t\t\t#gallery-1 .gallery-caption {\n\t\t\t\tmargin-left: 0;\n\t\t\t}\n\t\t\t\/* see gallery_shortcode() in wp-includes\/media.php *\/\n\t\t<\/style>\n\t\t<div id='gallery-1' class='gallery galleryid-12550 gallery-columns-3 gallery-size-medium'><dl class='gallery-item'>\n\t\t\t<dt class='gallery-icon landscape'>\n\t\t\t\t<a href='https:\/\/barcelona.euses.cat\/fr\/ouverture-de-la-periode-dinscription-aux-diplomes-universitaires-des-campus-de-salt-terres-de-lebre-et-bellvitge\/bellvitge-matriculacions-2-2\/'><img fetchpriority=\"high\" decoding=\"async\" width=\"300\" height=\"225\" src=\"https:\/\/barcelona.euses.cat\/wp-content\/uploads\/2025\/07\/Bellvitge-Matriculacions-2-300x225.jpg\" class=\"attachment-medium size-medium\" alt=\"\" srcset=\"https:\/\/barcelona.euses.cat\/wp-content\/uploads\/2025\/07\/Bellvitge-Matriculacions-2-300x225.jpg 300w, https:\/\/barcelona.euses.cat\/wp-content\/uploads\/2025\/07\/Bellvitge-Matriculacions-2-267x200.jpg 267w, https:\/\/barcelona.euses.cat\/wp-content\/uploads\/2025\/07\/Bellvitge-Matriculacions-2.jpg 640w\" sizes=\"(max-width: 300px) 100vw, 300px\" \/><\/a>\n\t\t\t<\/dt><\/dl><dl class='gallery-item'>\n\t\t\t<dt class='gallery-icon landscape'>\n\t\t\t\t<a href='https:\/\/barcelona.euses.cat\/fr\/ouverture-de-la-periode-dinscription-aux-diplomes-universitaires-des-campus-de-salt-terres-de-lebre-et-bellvitge\/bellvitge-matriculacions-2\/'><img decoding=\"async\" width=\"300\" height=\"219\" src=\"https:\/\/barcelona.euses.cat\/wp-content\/uploads\/2025\/07\/Bellvitge.-Matriculacions-300x219.png\" class=\"attachment-medium size-medium\" alt=\"\" srcset=\"https:\/\/barcelona.euses.cat\/wp-content\/uploads\/2025\/07\/Bellvitge.-Matriculacions-300x219.png 300w, https:\/\/barcelona.euses.cat\/wp-content\/uploads\/2025\/07\/Bellvitge.-Matriculacions-275x200.png 275w, https:\/\/barcelona.euses.cat\/wp-content\/uploads\/2025\/07\/Bellvitge.-Matriculacions.png 615w\" sizes=\"(max-width: 300px) 100vw, 300px\" \/><\/a>\n\t\t\t<\/dt><\/dl>\n\t\t\t<br style='clear: both' \/>\n\t\t<\/div>\n\n<p>&nbsp;<\/p>\n","protected":false},"excerpt":{"rendered":"<p>La p\u00e9riode d&rsquo;inscription pour l&rsquo;ann\u00e9e acad\u00e9mique 2025\/26 a \u00e9t\u00e9 ouverte ce mardi dans les campus de Salt, Terres de l&rsquo;Ebre et Bellvitge. Dans tous les campus de l&rsquo;Escola Universit\u00e0ria de la Salut i l&rsquo;Esport, l&rsquo;activit\u00e9 d&rsquo;inscription des \u00e9tudiants qui rejoindront la famille EUSES \u00e0 partir de septembre est tr\u00e8s intense. En plus de ce mardi, [&hellip;]<\/p>\n","protected":false},"author":3,"featured_media":12555,"comment_status":"open","ping_status":"closed","sticky":false,"template":"","format":"standard","meta":{"_acf_changed":false,"inline_featured_image":false,"_joinchat":[],"footnotes":""},"categories":[3],"tags":[],"class_list":["post-12550","post","type-post","status-publish","format-standard","has-post-thumbnail","hentry","category-non-classifiee"],"acf":[],"yoast_head":"<!-- This site is optimized with the Yoast SEO plugin v27.4 - https:\/\/yoast.com\/product\/yoast-seo-wordpress\/ -->\n<title>Ouverture de la p\u00e9riode d&#039;inscription aux dipl\u00f4mes universitaires des campus de Salt, Terres de l&#039;Ebre et Bellvitge | EUSES - Campus de Bellvitge (Barcelona)<\/title>\n<meta name=\"robots\" content=\"index, follow, max-snippet:-1, max-image-preview:large, max-video-preview:-1\" \/>\n<link rel=\"canonical\" href=\"https:\/\/barcelona.euses.cat\/fr\/ouverture-de-la-periode-dinscription-aux-diplomes-universitaires-des-campus-de-salt-terres-de-lebre-et-bellvitge\/\" \/>\n<meta property=\"og:locale\" content=\"fr_FR\" \/>\n<meta property=\"og:type\" content=\"article\" \/>\n<meta property=\"og:title\" content=\"Ouverture de la p\u00e9riode d&#039;inscription aux dipl\u00f4mes universitaires des campus de Salt, Terres de l&#039;Ebre et Bellvitge | EUSES - Campus de Bellvitge (Barcelona)\" \/>\n<meta property=\"og:description\" content=\"La p\u00e9riode d&rsquo;inscription pour l&rsquo;ann\u00e9e acad\u00e9mique 2025\/26 a \u00e9t\u00e9 ouverte ce mardi dans les campus de Salt, Terres de l&rsquo;Ebre et Bellvitge. Dans tous les campus de l&rsquo;Escola Universit\u00e0ria de la Salut i l&rsquo;Esport, l&rsquo;activit\u00e9 d&rsquo;inscription des \u00e9tudiants qui rejoindront la famille EUSES \u00e0 partir de septembre est tr\u00e8s intense. En plus de ce mardi, [&hellip;]\" \/>\n<meta property=\"og:url\" content=\"https:\/\/barcelona.euses.cat\/fr\/ouverture-de-la-periode-dinscription-aux-diplomes-universitaires-des-campus-de-salt-terres-de-lebre-et-bellvitge\/\" \/>\n<meta property=\"og:site_name\" content=\"EUSES - Campus de Bellvitge (Barcelona)\" \/>\n<meta property=\"article:publisher\" content=\"https:\/\/www.facebook.com\/PhysioBCN\/\" \/>\n<meta property=\"article:published_time\" content=\"2025-07-15T10:11:57+00:00\" \/>\n<meta property=\"article:modified_time\" content=\"2025-07-15T10:34:13+00:00\" \/>\n<meta property=\"og:image\" content=\"https:\/\/barcelona.euses.cat\/wp-content\/uploads\/2025\/07\/Salt.-Matriculacions-10-scaled.jpg\" \/>\n\t<meta property=\"og:image:width\" content=\"2560\" \/>\n\t<meta property=\"og:image:height\" content=\"1920\" \/>\n\t<meta property=\"og:image:type\" content=\"image\/jpeg\" \/>\n<meta name=\"author\" content=\"Jordi Danes\" \/>\n<meta name=\"twitter:card\" content=\"summary_large_image\" \/>\n<meta name=\"twitter:label1\" content=\"\u00c9crit par\" \/>\n\t<meta name=\"twitter:data1\" content=\"Jordi Danes\" \/>\n\t<meta name=\"twitter:label2\" content=\"Dur\u00e9e de lecture estim\u00e9e\" \/>\n\t<meta name=\"twitter:data2\" content=\"1 minute\" \/>\n<script type=\"application\/ld+json\" class=\"yoast-schema-graph\">{\"@context\":\"https:\\\/\\\/schema.org\",\"@graph\":[{\"@type\":\"Article\",\"@id\":\"https:\\\/\\\/barcelona.euses.cat\\\/fr\\\/ouverture-de-la-periode-dinscription-aux-diplomes-universitaires-des-campus-de-salt-terres-de-lebre-et-bellvitge\\\/#article\",\"isPartOf\":{\"@id\":\"https:\\\/\\\/barcelona.euses.cat\\\/fr\\\/ouverture-de-la-periode-dinscription-aux-diplomes-universitaires-des-campus-de-salt-terres-de-lebre-et-bellvitge\\\/\"},\"author\":{\"name\":\"Jordi Danes\",\"@id\":\"https:\\\/\\\/barcelona.euses.cat\\\/ca\\\/#\\\/schema\\\/person\\\/8ab46080dfc4814fa59383db317735bd\"},\"headline\":\"Ouverture de la p\u00e9riode d&rsquo;inscription aux dipl\u00f4mes universitaires des campus de Salt, Terres de l&rsquo;Ebre et Bellvitge\",\"datePublished\":\"2025-07-15T10:11:57+00:00\",\"dateModified\":\"2025-07-15T10:34:13+00:00\",\"mainEntityOfPage\":{\"@id\":\"https:\\\/\\\/barcelona.euses.cat\\\/fr\\\/ouverture-de-la-periode-dinscription-aux-diplomes-universitaires-des-campus-de-salt-terres-de-lebre-et-bellvitge\\\/\"},\"wordCount\":186,\"commentCount\":0,\"image\":{\"@id\":\"https:\\\/\\\/barcelona.euses.cat\\\/fr\\\/ouverture-de-la-periode-dinscription-aux-diplomes-universitaires-des-campus-de-salt-terres-de-lebre-et-bellvitge\\\/#primaryimage\"},\"thumbnailUrl\":\"https:\\\/\\\/barcelona.euses.cat\\\/wp-content\\\/uploads\\\/2025\\\/07\\\/Salt.-Matriculacions-10-scaled.jpg\",\"articleSection\":[\"Non classifi\u00e9(e)\"],\"inLanguage\":\"fr-FR\"},{\"@type\":\"WebPage\",\"@id\":\"https:\\\/\\\/barcelona.euses.cat\\\/fr\\\/ouverture-de-la-periode-dinscription-aux-diplomes-universitaires-des-campus-de-salt-terres-de-lebre-et-bellvitge\\\/\",\"url\":\"https:\\\/\\\/barcelona.euses.cat\\\/fr\\\/ouverture-de-la-periode-dinscription-aux-diplomes-universitaires-des-campus-de-salt-terres-de-lebre-et-bellvitge\\\/\",\"name\":\"Ouverture de la p\u00e9riode d'inscription aux dipl\u00f4mes universitaires des campus de Salt, Terres de l'Ebre et Bellvitge | EUSES - Campus de Bellvitge (Barcelona)\",\"isPartOf\":{\"@id\":\"https:\\\/\\\/barcelona.euses.cat\\\/ca\\\/#website\"},\"primaryImageOfPage\":{\"@id\":\"https:\\\/\\\/barcelona.euses.cat\\\/fr\\\/ouverture-de-la-periode-dinscription-aux-diplomes-universitaires-des-campus-de-salt-terres-de-lebre-et-bellvitge\\\/#primaryimage\"},\"image\":{\"@id\":\"https:\\\/\\\/barcelona.euses.cat\\\/fr\\\/ouverture-de-la-periode-dinscription-aux-diplomes-universitaires-des-campus-de-salt-terres-de-lebre-et-bellvitge\\\/#primaryimage\"},\"thumbnailUrl\":\"https:\\\/\\\/barcelona.euses.cat\\\/wp-content\\\/uploads\\\/2025\\\/07\\\/Salt.-Matriculacions-10-scaled.jpg\",\"datePublished\":\"2025-07-15T10:11:57+00:00\",\"dateModified\":\"2025-07-15T10:34:13+00:00\",\"author\":{\"@id\":\"https:\\\/\\\/barcelona.euses.cat\\\/ca\\\/#\\\/schema\\\/person\\\/8ab46080dfc4814fa59383db317735bd\"},\"breadcrumb\":{\"@id\":\"https:\\\/\\\/barcelona.euses.cat\\\/fr\\\/ouverture-de-la-periode-dinscription-aux-diplomes-universitaires-des-campus-de-salt-terres-de-lebre-et-bellvitge\\\/#breadcrumb\"},\"inLanguage\":\"fr-FR\",\"potentialAction\":[{\"@type\":\"ReadAction\",\"target\":[\"https:\\\/\\\/barcelona.euses.cat\\\/fr\\\/ouverture-de-la-periode-dinscription-aux-diplomes-universitaires-des-campus-de-salt-terres-de-lebre-et-bellvitge\\\/\"]}]},{\"@type\":\"ImageObject\",\"inLanguage\":\"fr-FR\",\"@id\":\"https:\\\/\\\/barcelona.euses.cat\\\/fr\\\/ouverture-de-la-periode-dinscription-aux-diplomes-universitaires-des-campus-de-salt-terres-de-lebre-et-bellvitge\\\/#primaryimage\",\"url\":\"https:\\\/\\\/barcelona.euses.cat\\\/wp-content\\\/uploads\\\/2025\\\/07\\\/Salt.-Matriculacions-10-scaled.jpg\",\"contentUrl\":\"https:\\\/\\\/barcelona.euses.cat\\\/wp-content\\\/uploads\\\/2025\\\/07\\\/Salt.-Matriculacions-10-scaled.jpg\",\"width\":2560,\"height\":1920},{\"@type\":\"BreadcrumbList\",\"@id\":\"https:\\\/\\\/barcelona.euses.cat\\\/fr\\\/ouverture-de-la-periode-dinscription-aux-diplomes-universitaires-des-campus-de-salt-terres-de-lebre-et-bellvitge\\\/#breadcrumb\",\"itemListElement\":[{\"@type\":\"ListItem\",\"position\":1,\"name\":\"Portada\",\"item\":\"https:\\\/\\\/barcelona.euses.cat\\\/fr\\\/\"},{\"@type\":\"ListItem\",\"position\":2,\"name\":\"Ouverture de la p\u00e9riode d&#8217;inscription aux dipl\u00f4mes universitaires des campus de Salt, Terres de l&#8217;Ebre et Bellvitge\"}]},{\"@type\":\"WebSite\",\"@id\":\"https:\\\/\\\/barcelona.euses.cat\\\/ca\\\/#website\",\"url\":\"https:\\\/\\\/barcelona.euses.cat\\\/ca\\\/\",\"name\":\"EUSES - Campus de Bellvitge (Barcelona)\",\"description\":\"EUSES, Ecole Universitaire de Physioth\u00e9rapie Internationale \u00e0 Barcelone\",\"potentialAction\":[{\"@type\":\"SearchAction\",\"target\":{\"@type\":\"EntryPoint\",\"urlTemplate\":\"https:\\\/\\\/barcelona.euses.cat\\\/ca\\\/?s={search_term_string}\"},\"query-input\":{\"@type\":\"PropertyValueSpecification\",\"valueRequired\":true,\"valueName\":\"search_term_string\"}}],\"inLanguage\":\"fr-FR\"},{\"@type\":\"Person\",\"@id\":\"https:\\\/\\\/barcelona.euses.cat\\\/ca\\\/#\\\/schema\\\/person\\\/8ab46080dfc4814fa59383db317735bd\",\"name\":\"Jordi Danes\",\"image\":{\"@type\":\"ImageObject\",\"inLanguage\":\"fr-FR\",\"@id\":\"https:\\\/\\\/secure.gravatar.com\\\/avatar\\\/a9e4f443b594af225625ee8cfa665e41b1e0740ea34fbe0515b4ca559f8570ef?s=96&d=mm&r=g\",\"url\":\"https:\\\/\\\/secure.gravatar.com\\\/avatar\\\/a9e4f443b594af225625ee8cfa665e41b1e0740ea34fbe0515b4ca559f8570ef?s=96&d=mm&r=g\",\"contentUrl\":\"https:\\\/\\\/secure.gravatar.com\\\/avatar\\\/a9e4f443b594af225625ee8cfa665e41b1e0740ea34fbe0515b4ca559f8570ef?s=96&d=mm&r=g\",\"caption\":\"Jordi Danes\"},\"url\":\"https:\\\/\\\/barcelona.euses.cat\\\/fr\\\/author\\\/jordi-danes\\\/\"}]}<\/script>\n<!-- \/ Yoast SEO plugin. -->","yoast_head_json":{"title":"Ouverture de la p\u00e9riode d'inscription aux dipl\u00f4mes universitaires des campus de Salt, Terres de l'Ebre et Bellvitge | EUSES - Campus de Bellvitge (Barcelona)","robots":{"index":"index","follow":"follow","max-snippet":"max-snippet:-1","max-image-preview":"max-image-preview:large","max-video-preview":"max-video-preview:-1"},"canonical":"https:\/\/barcelona.euses.cat\/fr\/ouverture-de-la-periode-dinscription-aux-diplomes-universitaires-des-campus-de-salt-terres-de-lebre-et-bellvitge\/","og_locale":"fr_FR","og_type":"article","og_title":"Ouverture de la p\u00e9riode d'inscription aux dipl\u00f4mes universitaires des campus de Salt, Terres de l'Ebre et Bellvitge | EUSES - Campus de Bellvitge (Barcelona)","og_description":"La p\u00e9riode d&rsquo;inscription pour l&rsquo;ann\u00e9e acad\u00e9mique 2025\/26 a \u00e9t\u00e9 ouverte ce mardi dans les campus de Salt, Terres de l&rsquo;Ebre et Bellvitge. Dans tous les campus de l&rsquo;Escola Universit\u00e0ria de la Salut i l&rsquo;Esport, l&rsquo;activit\u00e9 d&rsquo;inscription des \u00e9tudiants qui rejoindront la famille EUSES \u00e0 partir de septembre est tr\u00e8s intense. En plus de ce mardi, [&hellip;]","og_url":"https:\/\/barcelona.euses.cat\/fr\/ouverture-de-la-periode-dinscription-aux-diplomes-universitaires-des-campus-de-salt-terres-de-lebre-et-bellvitge\/","og_site_name":"EUSES - Campus de Bellvitge (Barcelona)","article_publisher":"https:\/\/www.facebook.com\/PhysioBCN\/","article_published_time":"2025-07-15T10:11:57+00:00","article_modified_time":"2025-07-15T10:34:13+00:00","og_image":[{"width":2560,"height":1920,"url":"https:\/\/barcelona.euses.cat\/wp-content\/uploads\/2025\/07\/Salt.-Matriculacions-10-scaled.jpg","type":"image\/jpeg"}],"author":"Jordi Danes","twitter_card":"summary_large_image","twitter_misc":{"\u00c9crit par":"Jordi Danes","Dur\u00e9e de lecture estim\u00e9e":"1 minute"},"schema":{"@context":"https:\/\/schema.org","@graph":[{"@type":"Article","@id":"https:\/\/barcelona.euses.cat\/fr\/ouverture-de-la-periode-dinscription-aux-diplomes-universitaires-des-campus-de-salt-terres-de-lebre-et-bellvitge\/#article","isPartOf":{"@id":"https:\/\/barcelona.euses.cat\/fr\/ouverture-de-la-periode-dinscription-aux-diplomes-universitaires-des-campus-de-salt-terres-de-lebre-et-bellvitge\/"},"author":{"name":"Jordi Danes","@id":"https:\/\/barcelona.euses.cat\/ca\/#\/schema\/person\/8ab46080dfc4814fa59383db317735bd"},"headline":"Ouverture de la p\u00e9riode d&rsquo;inscription aux dipl\u00f4mes universitaires des campus de Salt, Terres de l&rsquo;Ebre et Bellvitge","datePublished":"2025-07-15T10:11:57+00:00","dateModified":"2025-07-15T10:34:13+00:00","mainEntityOfPage":{"@id":"https:\/\/barcelona.euses.cat\/fr\/ouverture-de-la-periode-dinscription-aux-diplomes-universitaires-des-campus-de-salt-terres-de-lebre-et-bellvitge\/"},"wordCount":186,"commentCount":0,"image":{"@id":"https:\/\/barcelona.euses.cat\/fr\/ouverture-de-la-periode-dinscription-aux-diplomes-universitaires-des-campus-de-salt-terres-de-lebre-et-bellvitge\/#primaryimage"},"thumbnailUrl":"https:\/\/barcelona.euses.cat\/wp-content\/uploads\/2025\/07\/Salt.-Matriculacions-10-scaled.jpg","articleSection":["Non classifi\u00e9(e)"],"inLanguage":"fr-FR"},{"@type":"WebPage","@id":"https:\/\/barcelona.euses.cat\/fr\/ouverture-de-la-periode-dinscription-aux-diplomes-universitaires-des-campus-de-salt-terres-de-lebre-et-bellvitge\/","url":"https:\/\/barcelona.euses.cat\/fr\/ouverture-de-la-periode-dinscription-aux-diplomes-universitaires-des-campus-de-salt-terres-de-lebre-et-bellvitge\/","name":"Ouverture de la p\u00e9riode d'inscription aux dipl\u00f4mes universitaires des campus de Salt, Terres de l'Ebre et Bellvitge | EUSES - Campus de Bellvitge (Barcelona)","isPartOf":{"@id":"https:\/\/barcelona.euses.cat\/ca\/#website"},"primaryImageOfPage":{"@id":"https:\/\/barcelona.euses.cat\/fr\/ouverture-de-la-periode-dinscription-aux-diplomes-universitaires-des-campus-de-salt-terres-de-lebre-et-bellvitge\/#primaryimage"},"image":{"@id":"https:\/\/barcelona.euses.cat\/fr\/ouverture-de-la-periode-dinscription-aux-diplomes-universitaires-des-campus-de-salt-terres-de-lebre-et-bellvitge\/#primaryimage"},"thumbnailUrl":"https:\/\/barcelona.euses.cat\/wp-content\/uploads\/2025\/07\/Salt.-Matriculacions-10-scaled.jpg","datePublished":"2025-07-15T10:11:57+00:00","dateModified":"2025-07-15T10:34:13+00:00","author":{"@id":"https:\/\/barcelona.euses.cat\/ca\/#\/schema\/person\/8ab46080dfc4814fa59383db317735bd"},"breadcrumb":{"@id":"https:\/\/barcelona.euses.cat\/fr\/ouverture-de-la-periode-dinscription-aux-diplomes-universitaires-des-campus-de-salt-terres-de-lebre-et-bellvitge\/#breadcrumb"},"inLanguage":"fr-FR","potentialAction":[{"@type":"ReadAction","target":["https:\/\/barcelona.euses.cat\/fr\/ouverture-de-la-periode-dinscription-aux-diplomes-universitaires-des-campus-de-salt-terres-de-lebre-et-bellvitge\/"]}]},{"@type":"ImageObject","inLanguage":"fr-FR","@id":"https:\/\/barcelona.euses.cat\/fr\/ouverture-de-la-periode-dinscription-aux-diplomes-universitaires-des-campus-de-salt-terres-de-lebre-et-bellvitge\/#primaryimage","url":"https:\/\/barcelona.euses.cat\/wp-content\/uploads\/2025\/07\/Salt.-Matriculacions-10-scaled.jpg","contentUrl":"https:\/\/barcelona.euses.cat\/wp-content\/uploads\/2025\/07\/Salt.-Matriculacions-10-scaled.jpg","width":2560,"height":1920},{"@type":"BreadcrumbList","@id":"https:\/\/barcelona.euses.cat\/fr\/ouverture-de-la-periode-dinscription-aux-diplomes-universitaires-des-campus-de-salt-terres-de-lebre-et-bellvitge\/#breadcrumb","itemListElement":[{"@type":"ListItem","position":1,"name":"Portada","item":"https:\/\/barcelona.euses.cat\/fr\/"},{"@type":"ListItem","position":2,"name":"Ouverture de la p\u00e9riode d&#8217;inscription aux dipl\u00f4mes universitaires des campus de Salt, Terres de l&#8217;Ebre et Bellvitge"}]},{"@type":"WebSite","@id":"https:\/\/barcelona.euses.cat\/ca\/#website","url":"https:\/\/barcelona.euses.cat\/ca\/","name":"EUSES - Campus de Bellvitge (Barcelona)","description":"EUSES, Ecole Universitaire de Physioth\u00e9rapie Internationale \u00e0 Barcelone","potentialAction":[{"@type":"SearchAction","target":{"@type":"EntryPoint","urlTemplate":"https:\/\/barcelona.euses.cat\/ca\/?s={search_term_string}"},"query-input":{"@type":"PropertyValueSpecification","valueRequired":true,"valueName":"search_term_string"}}],"inLanguage":"fr-FR"},{"@type":"Person","@id":"https:\/\/barcelona.euses.cat\/ca\/#\/schema\/person\/8ab46080dfc4814fa59383db317735bd","name":"Jordi Danes","image":{"@type":"ImageObject","inLanguage":"fr-FR","@id":"https:\/\/secure.gravatar.com\/avatar\/a9e4f443b594af225625ee8cfa665e41b1e0740ea34fbe0515b4ca559f8570ef?s=96&d=mm&r=g","url":"https:\/\/secure.gravatar.com\/avatar\/a9e4f443b594af225625ee8cfa665e41b1e0740ea34fbe0515b4ca559f8570ef?s=96&d=mm&r=g","contentUrl":"https:\/\/secure.gravatar.com\/avatar\/a9e4f443b594af225625ee8cfa665e41b1e0740ea34fbe0515b4ca559f8570ef?s=96&d=mm&r=g","caption":"Jordi Danes"},"url":"https:\/\/barcelona.euses.cat\/fr\/author\/jordi-danes\/"}]}},"_links":{"self":[{"href":"https:\/\/barcelona.euses.cat\/fr\/wp-json\/wp\/v2\/posts\/12550","targetHints":{"allow":["GET"]}}],"collection":[{"href":"https:\/\/barcelona.euses.cat\/fr\/wp-json\/wp\/v2\/posts"}],"about":[{"href":"https:\/\/barcelona.euses.cat\/fr\/wp-json\/wp\/v2\/types\/post"}],"author":[{"embeddable":true,"href":"https:\/\/barcelona.euses.cat\/fr\/wp-json\/wp\/v2\/users\/3"}],"replies":[{"embeddable":true,"href":"https:\/\/barcelona.euses.cat\/fr\/wp-json\/wp\/v2\/comments?post=12550"}],"version-history":[{"count":4,"href":"https:\/\/barcelona.euses.cat\/fr\/wp-json\/wp\/v2\/posts\/12550\/revisions"}],"predecessor-version":[{"id":12573,"href":"https:\/\/barcelona.euses.cat\/fr\/wp-json\/wp\/v2\/posts\/12550\/revisions\/12573"}],"wp:featuredmedia":[{"embeddable":true,"href":"https:\/\/barcelona.euses.cat\/fr\/wp-json\/wp\/v2\/media\/12555"}],"wp:attachment":[{"href":"https:\/\/barcelona.euses.cat\/fr\/wp-json\/wp\/v2\/media?parent=12550"}],"wp:term":[{"taxonomy":"category","embeddable":true,"href":"https:\/\/barcelona.euses.cat\/fr\/wp-json\/wp\/v2\/categories?post=12550"},{"taxonomy":"post_tag","embeddable":true,"href":"https:\/\/barcelona.euses.cat\/fr\/wp-json\/wp\/v2\/tags?post=12550"}],"curies":[{"name":"wp","href":"https:\/\/api.w.org\/{rel}","templated":true}]}}