{"id":12519,"date":"2025-06-20T16:45:32","date_gmt":"2025-06-20T14:45:32","guid":{"rendered":"https:\/\/barcelona.euses.cat\/?p=12519"},"modified":"2025-06-25T09:51:02","modified_gmt":"2025-06-25T07:51:02","slug":"ceremonie-de-remise-des-diplomes-de-la-promotion-2021-2025-du-diplome-en-kinesitherapie-internationale-udg-ub-a-la-salle-paranimf","status":"publish","type":"post","link":"https:\/\/barcelona.euses.cat\/fr\/ceremonie-de-remise-des-diplomes-de-la-promotion-2021-2025-du-diplome-en-kinesitherapie-internationale-udg-ub-a-la-salle-paranimf\/","title":{"rendered":"C\u00e9r\u00e9monie de remise des dipl\u00f4mes de la promotion 2021\/2025 du dipl\u00f4me en Kin\u00e9sith\u00e9rapie internationale (UdG-UB) \u00e0 la salle Paranimf"},"content":{"rendered":"<p>Cette ann\u00e9e encore, la salle Paranimf de l&rsquo;Universit\u00e9 de Barcelone a servi de cadre \u00e0 la c\u00e9r\u00e9monie de remise des dipl\u00f4mes de la 7e promotion du dipl\u00f4me international de Kin\u00e9sith\u00e9rapie (UdG-UB). Cinquante-cinq nouveaux kin\u00e9sith\u00e9rapeutes qui ont commenc\u00e9 leurs \u00e9tudes au Campus de Bellvitge en 2021 et qui ont re\u00e7u ce vendredi le dipl\u00f4me qui les accr\u00e9dite en tant que professionnels apr\u00e8s quatre ann\u00e9es d&rsquo;efforts.<\/p>\n<p>La c\u00e9r\u00e9monie a \u00e9t\u00e9 ouverte par la d\u00e9l\u00e9gu\u00e9e du recteur pour les centres affili\u00e9s \u00e0 l&rsquo;UdG, le Dr Pilar Marqu\u00e8s. Le discours initial a laiss\u00e9 place aux discours du directeur des \u00e9tudes de l&rsquo;ENTI-UB, Eduard Arnau, et du directeur du dipl\u00f4me de Kin\u00e9sith\u00e9rapie, le Dr Gerard Mu\u00f1oz. Tous ont salu\u00e9 la pers\u00e9v\u00e9rance, l&rsquo;attitude et le d\u00e9vouement de cette promotion (2021\/2025) et ont encourag\u00e9 les nouveaux dipl\u00f4m\u00e9s \u00e0 entrer dans le monde professionnel avec la m\u00eame d\u00e9termination et la m\u00eame ambition qu&rsquo;au cours de leurs \u00e9tudes universitaires. Au nom des \u00e9tudiants, xxxx a pris la parole et a \u00e9galement remerci\u00e9 le personnel enseignant, les camarades de classe et les membres de la famille.<\/p>\n<p>Les discours ont fait place \u00e0 la remise des dipl\u00f4mes et des \u00e9charpes, qui a \u00e9t\u00e9 le moment le plus f\u00eat\u00e9 de la c\u00e9r\u00e9monie. Apr\u00e8s cette remise, le Dr Pilar Marqu\u00e8s a repris la parole pour cl\u00f4turer la c\u00e9r\u00e9monie avant que l&rsquo;hymne de l&rsquo;universit\u00e9, Gaudeamus Igitur, ne soit jou\u00e9 dans la salle.<\/p>\n<p><a href=\"https:\/\/drive.google.com\/drive\/folders\/1yFk21j2OUsXE0ZiV1a9h5oFQMiaxUV-Q\">TOUTES LES PHOTOS DE LA C\u00c9R\u00c9MONIE DE REMISE DES DIPL\u00d4MES DE LA PROMOTION 2021\/2025. Photos : FOTO GRUP<\/a><\/p>\n\n\t\t<style type=\"text\/css\">\n\t\t\t#gallery-1 {\n\t\t\t\tmargin: auto;\n\t\t\t}\n\t\t\t#gallery-1 .gallery-item {\n\t\t\t\tfloat: left;\n\t\t\t\tmargin-top: 10px;\n\t\t\t\ttext-align: center;\n\t\t\t\twidth: 33%;\n\t\t\t}\n\t\t\t#gallery-1 img {\n\t\t\t\tborder: 2px solid #cfcfcf;\n\t\t\t}\n\t\t\t#gallery-1 .gallery-caption {\n\t\t\t\tmargin-left: 0;\n\t\t\t}\n\t\t\t\/* see gallery_shortcode() in wp-includes\/media.php *\/\n\t\t<\/style>\n\t\t<div id='gallery-1' class='gallery galleryid-12519 gallery-columns-3 gallery-size-medium'><dl class='gallery-item'>\n\t\t\t<dt class='gallery-icon landscape'>\n\t\t\t\t<a href='https:\/\/barcelona.euses.cat\/fr\/ceremonie-de-remise-des-diplomes-de-la-promotion-2021-2025-du-diplome-en-kinesitherapie-internationale-udg-ub-a-la-salle-paranimf\/graduacio-bellvitge-1-2\/'><img fetchpriority=\"high\" decoding=\"async\" width=\"300\" height=\"226\" src=\"https:\/\/barcelona.euses.cat\/wp-content\/uploads\/2025\/06\/graduacio-bellvitge-1-300x226.jpg\" class=\"attachment-medium size-medium\" alt=\"\" srcset=\"https:\/\/barcelona.euses.cat\/wp-content\/uploads\/2025\/06\/graduacio-bellvitge-1-300x226.jpg 300w, https:\/\/barcelona.euses.cat\/wp-content\/uploads\/2025\/06\/graduacio-bellvitge-1-1024x771.jpg 1024w, https:\/\/barcelona.euses.cat\/wp-content\/uploads\/2025\/06\/graduacio-bellvitge-1-768x578.jpg 768w, https:\/\/barcelona.euses.cat\/wp-content\/uploads\/2025\/06\/graduacio-bellvitge-1-1536x1156.jpg 1536w, https:\/\/barcelona.euses.cat\/wp-content\/uploads\/2025\/06\/graduacio-bellvitge-1-266x200.jpg 266w, https:\/\/barcelona.euses.cat\/wp-content\/uploads\/2025\/06\/graduacio-bellvitge-1-700x525.jpg 700w, https:\/\/barcelona.euses.cat\/wp-content\/uploads\/2025\/06\/graduacio-bellvitge-1.jpg 1600w\" sizes=\"(max-width: 300px) 100vw, 300px\" \/><\/a>\n\t\t\t<\/dt><\/dl>\n\t\t\t<br style='clear: both' \/>\n\t\t<\/div>\n\n","protected":false},"excerpt":{"rendered":"<p>Cette ann\u00e9e encore, la salle Paranimf de l&rsquo;Universit\u00e9 de Barcelone a servi de cadre \u00e0 la c\u00e9r\u00e9monie de remise des dipl\u00f4mes de la 7e promotion du dipl\u00f4me international de Kin\u00e9sith\u00e9rapie (UdG-UB). Cinquante-cinq nouveaux kin\u00e9sith\u00e9rapeutes qui ont commenc\u00e9 leurs \u00e9tudes au Campus de Bellvitge en 2021 et qui ont re\u00e7u ce vendredi le dipl\u00f4me qui les [&hellip;]<\/p>\n","protected":false},"author":3,"featured_media":12529,"comment_status":"open","ping_status":"closed","sticky":false,"template":"","format":"standard","meta":{"_acf_changed":false,"inline_featured_image":false,"_joinchat":[],"footnotes":""},"categories":[3],"tags":[],"class_list":["post-12519","post","type-post","status-publish","format-standard","has-post-thumbnail","hentry","category-non-classifiee"],"acf":[],"yoast_head":"<!-- This site is optimized with the Yoast SEO plugin v27.4 - https:\/\/yoast.com\/product\/yoast-seo-wordpress\/ -->\n<title>C\u00e9r\u00e9monie de remise des dipl\u00f4mes de la promotion 2021\/2025 du dipl\u00f4me en Kin\u00e9sith\u00e9rapie internationale (UdG-UB) \u00e0 la salle Paranimf | EUSES - Campus de Bellvitge (Barcelona)<\/title>\n<meta name=\"robots\" content=\"index, follow, max-snippet:-1, max-image-preview:large, max-video-preview:-1\" \/>\n<link rel=\"canonical\" href=\"https:\/\/barcelona.euses.cat\/fr\/ceremonie-de-remise-des-diplomes-de-la-promotion-2021-2025-du-diplome-en-kinesitherapie-internationale-udg-ub-a-la-salle-paranimf\/\" \/>\n<meta property=\"og:locale\" content=\"fr_FR\" \/>\n<meta property=\"og:type\" content=\"article\" \/>\n<meta property=\"og:title\" content=\"C\u00e9r\u00e9monie de remise des dipl\u00f4mes de la promotion 2021\/2025 du dipl\u00f4me en Kin\u00e9sith\u00e9rapie internationale (UdG-UB) \u00e0 la salle Paranimf | EUSES - Campus de Bellvitge (Barcelona)\" \/>\n<meta property=\"og:description\" content=\"Cette ann\u00e9e encore, la salle Paranimf de l&rsquo;Universit\u00e9 de Barcelone a servi de cadre \u00e0 la c\u00e9r\u00e9monie de remise des dipl\u00f4mes de la 7e promotion du dipl\u00f4me international de Kin\u00e9sith\u00e9rapie (UdG-UB). Cinquante-cinq nouveaux kin\u00e9sith\u00e9rapeutes qui ont commenc\u00e9 leurs \u00e9tudes au Campus de Bellvitge en 2021 et qui ont re\u00e7u ce vendredi le dipl\u00f4me qui les [&hellip;]\" \/>\n<meta property=\"og:url\" content=\"https:\/\/barcelona.euses.cat\/fr\/ceremonie-de-remise-des-diplomes-de-la-promotion-2021-2025-du-diplome-en-kinesitherapie-internationale-udg-ub-a-la-salle-paranimf\/\" \/>\n<meta property=\"og:site_name\" content=\"EUSES - Campus de Bellvitge (Barcelona)\" \/>\n<meta property=\"article:publisher\" content=\"https:\/\/www.facebook.com\/PhysioBCN\/\" \/>\n<meta property=\"article:published_time\" content=\"2025-06-20T14:45:32+00:00\" \/>\n<meta property=\"article:modified_time\" content=\"2025-06-25T07:51:02+00:00\" \/>\n<meta property=\"og:image\" content=\"https:\/\/barcelona.euses.cat\/wp-content\/uploads\/2025\/06\/graduacio-bellvitge-2.jpg\" \/>\n\t<meta property=\"og:image:width\" content=\"1600\" \/>\n\t<meta property=\"og:image:height\" content=\"1204\" \/>\n\t<meta property=\"og:image:type\" content=\"image\/jpeg\" \/>\n<meta name=\"author\" content=\"Jordi Danes\" \/>\n<meta name=\"twitter:card\" content=\"summary_large_image\" \/>\n<meta name=\"twitter:label1\" content=\"\u00c9crit par\" \/>\n\t<meta name=\"twitter:data1\" content=\"Jordi Danes\" \/>\n\t<meta name=\"twitter:label2\" content=\"Dur\u00e9e de lecture estim\u00e9e\" \/>\n\t<meta name=\"twitter:data2\" content=\"2 minutes\" \/>\n<script type=\"application\/ld+json\" class=\"yoast-schema-graph\">{\"@context\":\"https:\\\/\\\/schema.org\",\"@graph\":[{\"@type\":\"Article\",\"@id\":\"https:\\\/\\\/barcelona.euses.cat\\\/fr\\\/ceremonie-de-remise-des-diplomes-de-la-promotion-2021-2025-du-diplome-en-kinesitherapie-internationale-udg-ub-a-la-salle-paranimf\\\/#article\",\"isPartOf\":{\"@id\":\"https:\\\/\\\/barcelona.euses.cat\\\/fr\\\/ceremonie-de-remise-des-diplomes-de-la-promotion-2021-2025-du-diplome-en-kinesitherapie-internationale-udg-ub-a-la-salle-paranimf\\\/\"},\"author\":{\"name\":\"Jordi Danes\",\"@id\":\"https:\\\/\\\/barcelona.euses.cat\\\/ca\\\/#\\\/schema\\\/person\\\/8ab46080dfc4814fa59383db317735bd\"},\"headline\":\"C\u00e9r\u00e9monie de remise des dipl\u00f4mes de la promotion 2021\\\/2025 du dipl\u00f4me en Kin\u00e9sith\u00e9rapie internationale (UdG-UB) \u00e0 la salle Paranimf\",\"datePublished\":\"2025-06-20T14:45:32+00:00\",\"dateModified\":\"2025-06-25T07:51:02+00:00\",\"mainEntityOfPage\":{\"@id\":\"https:\\\/\\\/barcelona.euses.cat\\\/fr\\\/ceremonie-de-remise-des-diplomes-de-la-promotion-2021-2025-du-diplome-en-kinesitherapie-internationale-udg-ub-a-la-salle-paranimf\\\/\"},\"wordCount\":318,\"commentCount\":0,\"image\":{\"@id\":\"https:\\\/\\\/barcelona.euses.cat\\\/fr\\\/ceremonie-de-remise-des-diplomes-de-la-promotion-2021-2025-du-diplome-en-kinesitherapie-internationale-udg-ub-a-la-salle-paranimf\\\/#primaryimage\"},\"thumbnailUrl\":\"https:\\\/\\\/barcelona.euses.cat\\\/wp-content\\\/uploads\\\/2025\\\/06\\\/graduacio-bellvitge-2.jpg\",\"articleSection\":[\"Non classifi\u00e9(e)\"],\"inLanguage\":\"fr-FR\"},{\"@type\":\"WebPage\",\"@id\":\"https:\\\/\\\/barcelona.euses.cat\\\/fr\\\/ceremonie-de-remise-des-diplomes-de-la-promotion-2021-2025-du-diplome-en-kinesitherapie-internationale-udg-ub-a-la-salle-paranimf\\\/\",\"url\":\"https:\\\/\\\/barcelona.euses.cat\\\/fr\\\/ceremonie-de-remise-des-diplomes-de-la-promotion-2021-2025-du-diplome-en-kinesitherapie-internationale-udg-ub-a-la-salle-paranimf\\\/\",\"name\":\"C\u00e9r\u00e9monie de remise des dipl\u00f4mes de la promotion 2021\\\/2025 du dipl\u00f4me en Kin\u00e9sith\u00e9rapie internationale (UdG-UB) \u00e0 la salle Paranimf | EUSES - Campus de Bellvitge (Barcelona)\",\"isPartOf\":{\"@id\":\"https:\\\/\\\/barcelona.euses.cat\\\/ca\\\/#website\"},\"primaryImageOfPage\":{\"@id\":\"https:\\\/\\\/barcelona.euses.cat\\\/fr\\\/ceremonie-de-remise-des-diplomes-de-la-promotion-2021-2025-du-diplome-en-kinesitherapie-internationale-udg-ub-a-la-salle-paranimf\\\/#primaryimage\"},\"image\":{\"@id\":\"https:\\\/\\\/barcelona.euses.cat\\\/fr\\\/ceremonie-de-remise-des-diplomes-de-la-promotion-2021-2025-du-diplome-en-kinesitherapie-internationale-udg-ub-a-la-salle-paranimf\\\/#primaryimage\"},\"thumbnailUrl\":\"https:\\\/\\\/barcelona.euses.cat\\\/wp-content\\\/uploads\\\/2025\\\/06\\\/graduacio-bellvitge-2.jpg\",\"datePublished\":\"2025-06-20T14:45:32+00:00\",\"dateModified\":\"2025-06-25T07:51:02+00:00\",\"author\":{\"@id\":\"https:\\\/\\\/barcelona.euses.cat\\\/ca\\\/#\\\/schema\\\/person\\\/8ab46080dfc4814fa59383db317735bd\"},\"breadcrumb\":{\"@id\":\"https:\\\/\\\/barcelona.euses.cat\\\/fr\\\/ceremonie-de-remise-des-diplomes-de-la-promotion-2021-2025-du-diplome-en-kinesitherapie-internationale-udg-ub-a-la-salle-paranimf\\\/#breadcrumb\"},\"inLanguage\":\"fr-FR\",\"potentialAction\":[{\"@type\":\"ReadAction\",\"target\":[\"https:\\\/\\\/barcelona.euses.cat\\\/fr\\\/ceremonie-de-remise-des-diplomes-de-la-promotion-2021-2025-du-diplome-en-kinesitherapie-internationale-udg-ub-a-la-salle-paranimf\\\/\"]}]},{\"@type\":\"ImageObject\",\"inLanguage\":\"fr-FR\",\"@id\":\"https:\\\/\\\/barcelona.euses.cat\\\/fr\\\/ceremonie-de-remise-des-diplomes-de-la-promotion-2021-2025-du-diplome-en-kinesitherapie-internationale-udg-ub-a-la-salle-paranimf\\\/#primaryimage\",\"url\":\"https:\\\/\\\/barcelona.euses.cat\\\/wp-content\\\/uploads\\\/2025\\\/06\\\/graduacio-bellvitge-2.jpg\",\"contentUrl\":\"https:\\\/\\\/barcelona.euses.cat\\\/wp-content\\\/uploads\\\/2025\\\/06\\\/graduacio-bellvitge-2.jpg\",\"width\":1600,\"height\":1204},{\"@type\":\"BreadcrumbList\",\"@id\":\"https:\\\/\\\/barcelona.euses.cat\\\/fr\\\/ceremonie-de-remise-des-diplomes-de-la-promotion-2021-2025-du-diplome-en-kinesitherapie-internationale-udg-ub-a-la-salle-paranimf\\\/#breadcrumb\",\"itemListElement\":[{\"@type\":\"ListItem\",\"position\":1,\"name\":\"Portada\",\"item\":\"https:\\\/\\\/barcelona.euses.cat\\\/fr\\\/\"},{\"@type\":\"ListItem\",\"position\":2,\"name\":\"C\u00e9r\u00e9monie de remise des dipl\u00f4mes de la promotion 2021\\\/2025 du dipl\u00f4me en Kin\u00e9sith\u00e9rapie internationale (UdG-UB) \u00e0 la salle Paranimf\"}]},{\"@type\":\"WebSite\",\"@id\":\"https:\\\/\\\/barcelona.euses.cat\\\/ca\\\/#website\",\"url\":\"https:\\\/\\\/barcelona.euses.cat\\\/ca\\\/\",\"name\":\"EUSES - Campus de Bellvitge (Barcelona)\",\"description\":\"EUSES, Ecole Universitaire de Physioth\u00e9rapie Internationale \u00e0 Barcelone\",\"potentialAction\":[{\"@type\":\"SearchAction\",\"target\":{\"@type\":\"EntryPoint\",\"urlTemplate\":\"https:\\\/\\\/barcelona.euses.cat\\\/ca\\\/?s={search_term_string}\"},\"query-input\":{\"@type\":\"PropertyValueSpecification\",\"valueRequired\":true,\"valueName\":\"search_term_string\"}}],\"inLanguage\":\"fr-FR\"},{\"@type\":\"Person\",\"@id\":\"https:\\\/\\\/barcelona.euses.cat\\\/ca\\\/#\\\/schema\\\/person\\\/8ab46080dfc4814fa59383db317735bd\",\"name\":\"Jordi Danes\",\"image\":{\"@type\":\"ImageObject\",\"inLanguage\":\"fr-FR\",\"@id\":\"https:\\\/\\\/secure.gravatar.com\\\/avatar\\\/a9e4f443b594af225625ee8cfa665e41b1e0740ea34fbe0515b4ca559f8570ef?s=96&d=mm&r=g\",\"url\":\"https:\\\/\\\/secure.gravatar.com\\\/avatar\\\/a9e4f443b594af225625ee8cfa665e41b1e0740ea34fbe0515b4ca559f8570ef?s=96&d=mm&r=g\",\"contentUrl\":\"https:\\\/\\\/secure.gravatar.com\\\/avatar\\\/a9e4f443b594af225625ee8cfa665e41b1e0740ea34fbe0515b4ca559f8570ef?s=96&d=mm&r=g\",\"caption\":\"Jordi Danes\"},\"url\":\"https:\\\/\\\/barcelona.euses.cat\\\/fr\\\/author\\\/jordi-danes\\\/\"}]}<\/script>\n<!-- \/ Yoast SEO plugin. -->","yoast_head_json":{"title":"C\u00e9r\u00e9monie de remise des dipl\u00f4mes de la promotion 2021\/2025 du dipl\u00f4me en Kin\u00e9sith\u00e9rapie internationale (UdG-UB) \u00e0 la salle Paranimf | EUSES - Campus de Bellvitge (Barcelona)","robots":{"index":"index","follow":"follow","max-snippet":"max-snippet:-1","max-image-preview":"max-image-preview:large","max-video-preview":"max-video-preview:-1"},"canonical":"https:\/\/barcelona.euses.cat\/fr\/ceremonie-de-remise-des-diplomes-de-la-promotion-2021-2025-du-diplome-en-kinesitherapie-internationale-udg-ub-a-la-salle-paranimf\/","og_locale":"fr_FR","og_type":"article","og_title":"C\u00e9r\u00e9monie de remise des dipl\u00f4mes de la promotion 2021\/2025 du dipl\u00f4me en Kin\u00e9sith\u00e9rapie internationale (UdG-UB) \u00e0 la salle Paranimf | EUSES - Campus de Bellvitge (Barcelona)","og_description":"Cette ann\u00e9e encore, la salle Paranimf de l&rsquo;Universit\u00e9 de Barcelone a servi de cadre \u00e0 la c\u00e9r\u00e9monie de remise des dipl\u00f4mes de la 7e promotion du dipl\u00f4me international de Kin\u00e9sith\u00e9rapie (UdG-UB). Cinquante-cinq nouveaux kin\u00e9sith\u00e9rapeutes qui ont commenc\u00e9 leurs \u00e9tudes au Campus de Bellvitge en 2021 et qui ont re\u00e7u ce vendredi le dipl\u00f4me qui les [&hellip;]","og_url":"https:\/\/barcelona.euses.cat\/fr\/ceremonie-de-remise-des-diplomes-de-la-promotion-2021-2025-du-diplome-en-kinesitherapie-internationale-udg-ub-a-la-salle-paranimf\/","og_site_name":"EUSES - Campus de Bellvitge (Barcelona)","article_publisher":"https:\/\/www.facebook.com\/PhysioBCN\/","article_published_time":"2025-06-20T14:45:32+00:00","article_modified_time":"2025-06-25T07:51:02+00:00","og_image":[{"width":1600,"height":1204,"url":"https:\/\/barcelona.euses.cat\/wp-content\/uploads\/2025\/06\/graduacio-bellvitge-2.jpg","type":"image\/jpeg"}],"author":"Jordi Danes","twitter_card":"summary_large_image","twitter_misc":{"\u00c9crit par":"Jordi Danes","Dur\u00e9e de lecture estim\u00e9e":"2 minutes"},"schema":{"@context":"https:\/\/schema.org","@graph":[{"@type":"Article","@id":"https:\/\/barcelona.euses.cat\/fr\/ceremonie-de-remise-des-diplomes-de-la-promotion-2021-2025-du-diplome-en-kinesitherapie-internationale-udg-ub-a-la-salle-paranimf\/#article","isPartOf":{"@id":"https:\/\/barcelona.euses.cat\/fr\/ceremonie-de-remise-des-diplomes-de-la-promotion-2021-2025-du-diplome-en-kinesitherapie-internationale-udg-ub-a-la-salle-paranimf\/"},"author":{"name":"Jordi Danes","@id":"https:\/\/barcelona.euses.cat\/ca\/#\/schema\/person\/8ab46080dfc4814fa59383db317735bd"},"headline":"C\u00e9r\u00e9monie de remise des dipl\u00f4mes de la promotion 2021\/2025 du dipl\u00f4me en Kin\u00e9sith\u00e9rapie internationale (UdG-UB) \u00e0 la salle Paranimf","datePublished":"2025-06-20T14:45:32+00:00","dateModified":"2025-06-25T07:51:02+00:00","mainEntityOfPage":{"@id":"https:\/\/barcelona.euses.cat\/fr\/ceremonie-de-remise-des-diplomes-de-la-promotion-2021-2025-du-diplome-en-kinesitherapie-internationale-udg-ub-a-la-salle-paranimf\/"},"wordCount":318,"commentCount":0,"image":{"@id":"https:\/\/barcelona.euses.cat\/fr\/ceremonie-de-remise-des-diplomes-de-la-promotion-2021-2025-du-diplome-en-kinesitherapie-internationale-udg-ub-a-la-salle-paranimf\/#primaryimage"},"thumbnailUrl":"https:\/\/barcelona.euses.cat\/wp-content\/uploads\/2025\/06\/graduacio-bellvitge-2.jpg","articleSection":["Non classifi\u00e9(e)"],"inLanguage":"fr-FR"},{"@type":"WebPage","@id":"https:\/\/barcelona.euses.cat\/fr\/ceremonie-de-remise-des-diplomes-de-la-promotion-2021-2025-du-diplome-en-kinesitherapie-internationale-udg-ub-a-la-salle-paranimf\/","url":"https:\/\/barcelona.euses.cat\/fr\/ceremonie-de-remise-des-diplomes-de-la-promotion-2021-2025-du-diplome-en-kinesitherapie-internationale-udg-ub-a-la-salle-paranimf\/","name":"C\u00e9r\u00e9monie de remise des dipl\u00f4mes de la promotion 2021\/2025 du dipl\u00f4me en Kin\u00e9sith\u00e9rapie internationale (UdG-UB) \u00e0 la salle Paranimf | EUSES - Campus de Bellvitge (Barcelona)","isPartOf":{"@id":"https:\/\/barcelona.euses.cat\/ca\/#website"},"primaryImageOfPage":{"@id":"https:\/\/barcelona.euses.cat\/fr\/ceremonie-de-remise-des-diplomes-de-la-promotion-2021-2025-du-diplome-en-kinesitherapie-internationale-udg-ub-a-la-salle-paranimf\/#primaryimage"},"image":{"@id":"https:\/\/barcelona.euses.cat\/fr\/ceremonie-de-remise-des-diplomes-de-la-promotion-2021-2025-du-diplome-en-kinesitherapie-internationale-udg-ub-a-la-salle-paranimf\/#primaryimage"},"thumbnailUrl":"https:\/\/barcelona.euses.cat\/wp-content\/uploads\/2025\/06\/graduacio-bellvitge-2.jpg","datePublished":"2025-06-20T14:45:32+00:00","dateModified":"2025-06-25T07:51:02+00:00","author":{"@id":"https:\/\/barcelona.euses.cat\/ca\/#\/schema\/person\/8ab46080dfc4814fa59383db317735bd"},"breadcrumb":{"@id":"https:\/\/barcelona.euses.cat\/fr\/ceremonie-de-remise-des-diplomes-de-la-promotion-2021-2025-du-diplome-en-kinesitherapie-internationale-udg-ub-a-la-salle-paranimf\/#breadcrumb"},"inLanguage":"fr-FR","potentialAction":[{"@type":"ReadAction","target":["https:\/\/barcelona.euses.cat\/fr\/ceremonie-de-remise-des-diplomes-de-la-promotion-2021-2025-du-diplome-en-kinesitherapie-internationale-udg-ub-a-la-salle-paranimf\/"]}]},{"@type":"ImageObject","inLanguage":"fr-FR","@id":"https:\/\/barcelona.euses.cat\/fr\/ceremonie-de-remise-des-diplomes-de-la-promotion-2021-2025-du-diplome-en-kinesitherapie-internationale-udg-ub-a-la-salle-paranimf\/#primaryimage","url":"https:\/\/barcelona.euses.cat\/wp-content\/uploads\/2025\/06\/graduacio-bellvitge-2.jpg","contentUrl":"https:\/\/barcelona.euses.cat\/wp-content\/uploads\/2025\/06\/graduacio-bellvitge-2.jpg","width":1600,"height":1204},{"@type":"BreadcrumbList","@id":"https:\/\/barcelona.euses.cat\/fr\/ceremonie-de-remise-des-diplomes-de-la-promotion-2021-2025-du-diplome-en-kinesitherapie-internationale-udg-ub-a-la-salle-paranimf\/#breadcrumb","itemListElement":[{"@type":"ListItem","position":1,"name":"Portada","item":"https:\/\/barcelona.euses.cat\/fr\/"},{"@type":"ListItem","position":2,"name":"C\u00e9r\u00e9monie de remise des dipl\u00f4mes de la promotion 2021\/2025 du dipl\u00f4me en Kin\u00e9sith\u00e9rapie internationale (UdG-UB) \u00e0 la salle Paranimf"}]},{"@type":"WebSite","@id":"https:\/\/barcelona.euses.cat\/ca\/#website","url":"https:\/\/barcelona.euses.cat\/ca\/","name":"EUSES - Campus de Bellvitge (Barcelona)","description":"EUSES, Ecole Universitaire de Physioth\u00e9rapie Internationale \u00e0 Barcelone","potentialAction":[{"@type":"SearchAction","target":{"@type":"EntryPoint","urlTemplate":"https:\/\/barcelona.euses.cat\/ca\/?s={search_term_string}"},"query-input":{"@type":"PropertyValueSpecification","valueRequired":true,"valueName":"search_term_string"}}],"inLanguage":"fr-FR"},{"@type":"Person","@id":"https:\/\/barcelona.euses.cat\/ca\/#\/schema\/person\/8ab46080dfc4814fa59383db317735bd","name":"Jordi Danes","image":{"@type":"ImageObject","inLanguage":"fr-FR","@id":"https:\/\/secure.gravatar.com\/avatar\/a9e4f443b594af225625ee8cfa665e41b1e0740ea34fbe0515b4ca559f8570ef?s=96&d=mm&r=g","url":"https:\/\/secure.gravatar.com\/avatar\/a9e4f443b594af225625ee8cfa665e41b1e0740ea34fbe0515b4ca559f8570ef?s=96&d=mm&r=g","contentUrl":"https:\/\/secure.gravatar.com\/avatar\/a9e4f443b594af225625ee8cfa665e41b1e0740ea34fbe0515b4ca559f8570ef?s=96&d=mm&r=g","caption":"Jordi Danes"},"url":"https:\/\/barcelona.euses.cat\/fr\/author\/jordi-danes\/"}]}},"_links":{"self":[{"href":"https:\/\/barcelona.euses.cat\/fr\/wp-json\/wp\/v2\/posts\/12519","targetHints":{"allow":["GET"]}}],"collection":[{"href":"https:\/\/barcelona.euses.cat\/fr\/wp-json\/wp\/v2\/posts"}],"about":[{"href":"https:\/\/barcelona.euses.cat\/fr\/wp-json\/wp\/v2\/types\/post"}],"author":[{"embeddable":true,"href":"https:\/\/barcelona.euses.cat\/fr\/wp-json\/wp\/v2\/users\/3"}],"replies":[{"embeddable":true,"href":"https:\/\/barcelona.euses.cat\/fr\/wp-json\/wp\/v2\/comments?post=12519"}],"version-history":[{"count":4,"href":"https:\/\/barcelona.euses.cat\/fr\/wp-json\/wp\/v2\/posts\/12519\/revisions"}],"predecessor-version":[{"id":12542,"href":"https:\/\/barcelona.euses.cat\/fr\/wp-json\/wp\/v2\/posts\/12519\/revisions\/12542"}],"wp:featuredmedia":[{"embeddable":true,"href":"https:\/\/barcelona.euses.cat\/fr\/wp-json\/wp\/v2\/media\/12529"}],"wp:attachment":[{"href":"https:\/\/barcelona.euses.cat\/fr\/wp-json\/wp\/v2\/media?parent=12519"}],"wp:term":[{"taxonomy":"category","embeddable":true,"href":"https:\/\/barcelona.euses.cat\/fr\/wp-json\/wp\/v2\/categories?post=12519"},{"taxonomy":"post_tag","embeddable":true,"href":"https:\/\/barcelona.euses.cat\/fr\/wp-json\/wp\/v2\/tags?post=12519"}],"curies":[{"name":"wp","href":"https:\/\/api.w.org\/{rel}","templated":true}]}}