{"id":12401,"date":"2025-02-17T13:47:25","date_gmt":"2025-02-17T12:47:25","guid":{"rendered":"https:\/\/barcelona.euses.cat\/?p=12401"},"modified":"2025-02-17T13:47:25","modified_gmt":"2025-02-17T12:47:25","slug":"journee-portes-ouvertes-des-etudes-en-kinesitherapie-au-campus-de-bellvitge-2","status":"publish","type":"post","link":"https:\/\/barcelona.euses.cat\/fr\/journee-portes-ouvertes-des-etudes-en-kinesitherapie-au-campus-de-bellvitge-2\/","title":{"rendered":"Journ\u00e9e Portes Ouvertes des \u00e9tudes en Kin\u00e9sith\u00e9rapie au Campus de Bellvitge"},"content":{"rendered":"<p>Les installations du Campus de Bellvitge ont \u00e9t\u00e9 ouvertes ce samedi \u00e0 l\u2019occasion de la Journ\u00e9e Portes Ouvertes du Dipl\u00f4me de Kin\u00e9sith\u00e9rapie Internationale (Physiotherapy). La s\u00e9ance a permis d\u2019informer sur tous les aspects du dipl\u00f4me les \u00e9tudiants qui souhaitent rejoindre la famille EUSES durant l\u2019ann\u00e9e acad\u00e9mique 2023\/24. Le directeur de kin\u00e9sith\u00e9rapie, Gerard Mu\u00f1oz, a expliqu\u00e9 les aspects acad\u00e9miques (programme, accords, stages\u2026), tandis que les coordinateurs Alejandro Revilla et Gisela Catalan ont parl\u00e9 des aspects administratifs et logistiques (processus d\u2019inscription, logement\u2026). La secr\u00e9taire du Degr\u00e9 Anna Maria Rojo et l&rsquo;\u00e9tudiante de 3\u00e8me ann\u00e9e Bruna Sala ont \u00e9galement collabor\u00e9 \u00e0 la session. Les participants ont pu faire une visite guid\u00e9e des installations.<\/p>\n\n\t\t<style type=\"text\/css\">\n\t\t\t#gallery-1 {\n\t\t\t\tmargin: auto;\n\t\t\t}\n\t\t\t#gallery-1 .gallery-item {\n\t\t\t\tfloat: left;\n\t\t\t\tmargin-top: 10px;\n\t\t\t\ttext-align: center;\n\t\t\t\twidth: 33%;\n\t\t\t}\n\t\t\t#gallery-1 img {\n\t\t\t\tborder: 2px solid #cfcfcf;\n\t\t\t}\n\t\t\t#gallery-1 .gallery-caption {\n\t\t\t\tmargin-left: 0;\n\t\t\t}\n\t\t\t\/* see gallery_shortcode() in wp-includes\/media.php *\/\n\t\t<\/style>\n\t\t<div id='gallery-1' class='gallery galleryid-12401 gallery-columns-3 gallery-size-medium'><dl class='gallery-item'>\n\t\t\t<dt class='gallery-icon landscape'>\n\t\t\t\t<a href='https:\/\/barcelona.euses.cat\/fr\/journee-portes-ouvertes-des-etudes-en-kinesitherapie-au-campus-de-bellvitge-2\/jpo-febrer-25-1-2\/'><img decoding=\"async\" width=\"300\" height=\"146\" src=\"https:\/\/barcelona.euses.cat\/wp-content\/uploads\/2025\/02\/JPO-febrer-25-1-300x146.jpg\" class=\"attachment-medium size-medium\" alt=\"\" srcset=\"https:\/\/barcelona.euses.cat\/wp-content\/uploads\/2025\/02\/JPO-febrer-25-1-300x146.jpg 300w, https:\/\/barcelona.euses.cat\/wp-content\/uploads\/2025\/02\/JPO-febrer-25-1-1024x498.jpg 1024w, https:\/\/barcelona.euses.cat\/wp-content\/uploads\/2025\/02\/JPO-febrer-25-1-768x373.jpg 768w, https:\/\/barcelona.euses.cat\/wp-content\/uploads\/2025\/02\/JPO-febrer-25-1-1536x746.jpg 1536w, https:\/\/barcelona.euses.cat\/wp-content\/uploads\/2025\/02\/JPO-febrer-25-1-350x170.jpg 350w, https:\/\/barcelona.euses.cat\/wp-content\/uploads\/2025\/02\/JPO-febrer-25-1.jpg 2048w\" sizes=\"(max-width: 300px) 100vw, 300px\" \/><\/a>\n\t\t\t<\/dt><\/dl><dl class='gallery-item'>\n\t\t\t<dt class='gallery-icon landscape'>\n\t\t\t\t<a href='https:\/\/barcelona.euses.cat\/fr\/journee-portes-ouvertes-des-etudes-en-kinesitherapie-au-campus-de-bellvitge-2\/jpo-febrer-25-2-2\/'><img decoding=\"async\" width=\"300\" height=\"146\" src=\"https:\/\/barcelona.euses.cat\/wp-content\/uploads\/2025\/02\/JPO-febrer-25-2-300x146.jpg\" class=\"attachment-medium size-medium\" alt=\"\" srcset=\"https:\/\/barcelona.euses.cat\/wp-content\/uploads\/2025\/02\/JPO-febrer-25-2-300x146.jpg 300w, https:\/\/barcelona.euses.cat\/wp-content\/uploads\/2025\/02\/JPO-febrer-25-2-1024x498.jpg 1024w, https:\/\/barcelona.euses.cat\/wp-content\/uploads\/2025\/02\/JPO-febrer-25-2-768x373.jpg 768w, https:\/\/barcelona.euses.cat\/wp-content\/uploads\/2025\/02\/JPO-febrer-25-2-1536x746.jpg 1536w, https:\/\/barcelona.euses.cat\/wp-content\/uploads\/2025\/02\/JPO-febrer-25-2-350x170.jpg 350w, https:\/\/barcelona.euses.cat\/wp-content\/uploads\/2025\/02\/JPO-febrer-25-2.jpg 2048w\" sizes=\"(max-width: 300px) 100vw, 300px\" \/><\/a>\n\t\t\t<\/dt><\/dl><dl class='gallery-item'>\n\t\t\t<dt class='gallery-icon landscape'>\n\t\t\t\t<a href='https:\/\/barcelona.euses.cat\/fr\/journee-portes-ouvertes-des-etudes-en-kinesitherapie-au-campus-de-bellvitge-2\/jpo-febrer-25-3-2\/'><img decoding=\"async\" width=\"300\" height=\"146\" src=\"https:\/\/barcelona.euses.cat\/wp-content\/uploads\/2025\/02\/JPO-febrer-25-3-300x146.jpg\" class=\"attachment-medium size-medium\" alt=\"\" srcset=\"https:\/\/barcelona.euses.cat\/wp-content\/uploads\/2025\/02\/JPO-febrer-25-3-300x146.jpg 300w, https:\/\/barcelona.euses.cat\/wp-content\/uploads\/2025\/02\/JPO-febrer-25-3-1024x498.jpg 1024w, https:\/\/barcelona.euses.cat\/wp-content\/uploads\/2025\/02\/JPO-febrer-25-3-768x373.jpg 768w, https:\/\/barcelona.euses.cat\/wp-content\/uploads\/2025\/02\/JPO-febrer-25-3-1536x746.jpg 1536w, https:\/\/barcelona.euses.cat\/wp-content\/uploads\/2025\/02\/JPO-febrer-25-3-350x170.jpg 350w, https:\/\/barcelona.euses.cat\/wp-content\/uploads\/2025\/02\/JPO-febrer-25-3.jpg 2048w\" sizes=\"(max-width: 300px) 100vw, 300px\" \/><\/a>\n\t\t\t<\/dt><\/dl><br style=\"clear: both\" \/><dl class='gallery-item'>\n\t\t\t<dt class='gallery-icon landscape'>\n\t\t\t\t<a href='https:\/\/barcelona.euses.cat\/fr\/journee-portes-ouvertes-des-etudes-en-kinesitherapie-au-campus-de-bellvitge-2\/jpo-febrer-25-5-2\/'><img loading=\"lazy\" decoding=\"async\" width=\"300\" height=\"146\" src=\"https:\/\/barcelona.euses.cat\/wp-content\/uploads\/2025\/02\/JPO-febrer-25-5-300x146.jpg\" class=\"attachment-medium size-medium\" alt=\"\" srcset=\"https:\/\/barcelona.euses.cat\/wp-content\/uploads\/2025\/02\/JPO-febrer-25-5-300x146.jpg 300w, https:\/\/barcelona.euses.cat\/wp-content\/uploads\/2025\/02\/JPO-febrer-25-5-1024x498.jpg 1024w, https:\/\/barcelona.euses.cat\/wp-content\/uploads\/2025\/02\/JPO-febrer-25-5-768x373.jpg 768w, https:\/\/barcelona.euses.cat\/wp-content\/uploads\/2025\/02\/JPO-febrer-25-5-1536x746.jpg 1536w, https:\/\/barcelona.euses.cat\/wp-content\/uploads\/2025\/02\/JPO-febrer-25-5-350x170.jpg 350w, https:\/\/barcelona.euses.cat\/wp-content\/uploads\/2025\/02\/JPO-febrer-25-5.jpg 2048w\" sizes=\"(max-width: 300px) 100vw, 300px\" \/><\/a>\n\t\t\t<\/dt><\/dl>\n\t\t\t<br style='clear: both' \/>\n\t\t<\/div>\n\n","protected":false},"excerpt":{"rendered":"<p>Les installations du Campus de Bellvitge ont \u00e9t\u00e9 ouvertes ce samedi \u00e0 l\u2019occasion de la Journ\u00e9e Portes Ouvertes du Dipl\u00f4me de Kin\u00e9sith\u00e9rapie Internationale (Physiotherapy). La s\u00e9ance a permis d\u2019informer sur tous les aspects du dipl\u00f4me les \u00e9tudiants qui souhaitent rejoindre la famille EUSES durant l\u2019ann\u00e9e acad\u00e9mique 2023\/24. Le directeur de kin\u00e9sith\u00e9rapie, Gerard Mu\u00f1oz, a expliqu\u00e9 [&hellip;]<\/p>\n","protected":false},"author":3,"featured_media":12378,"comment_status":"open","ping_status":"closed","sticky":false,"template":"","format":"standard","meta":{"_acf_changed":false,"inline_featured_image":false,"_joinchat":[],"footnotes":""},"categories":[3],"tags":[],"class_list":["post-12401","post","type-post","status-publish","format-standard","has-post-thumbnail","hentry","category-non-classifiee"],"acf":[],"yoast_head":"<!-- This site is optimized with the Yoast SEO plugin v27.4 - https:\/\/yoast.com\/product\/yoast-seo-wordpress\/ -->\n<title>Journ\u00e9e Portes Ouvertes des \u00e9tudes en Kin\u00e9sith\u00e9rapie au Campus de Bellvitge | EUSES - Campus de Bellvitge (Barcelona)<\/title>\n<meta name=\"robots\" content=\"index, follow, max-snippet:-1, max-image-preview:large, max-video-preview:-1\" \/>\n<link rel=\"canonical\" href=\"https:\/\/barcelona.euses.cat\/fr\/journee-portes-ouvertes-des-etudes-en-kinesitherapie-au-campus-de-bellvitge-2\/\" \/>\n<meta property=\"og:locale\" content=\"fr_FR\" \/>\n<meta property=\"og:type\" content=\"article\" \/>\n<meta property=\"og:title\" content=\"Journ\u00e9e Portes Ouvertes des \u00e9tudes en Kin\u00e9sith\u00e9rapie au Campus de Bellvitge | EUSES - Campus de Bellvitge (Barcelona)\" \/>\n<meta property=\"og:description\" content=\"Les installations du Campus de Bellvitge ont \u00e9t\u00e9 ouvertes ce samedi \u00e0 l\u2019occasion de la Journ\u00e9e Portes Ouvertes du Dipl\u00f4me de Kin\u00e9sith\u00e9rapie Internationale (Physiotherapy). La s\u00e9ance a permis d\u2019informer sur tous les aspects du dipl\u00f4me les \u00e9tudiants qui souhaitent rejoindre la famille EUSES durant l\u2019ann\u00e9e acad\u00e9mique 2023\/24. Le directeur de kin\u00e9sith\u00e9rapie, Gerard Mu\u00f1oz, a expliqu\u00e9 [&hellip;]\" \/>\n<meta property=\"og:url\" content=\"https:\/\/barcelona.euses.cat\/fr\/journee-portes-ouvertes-des-etudes-en-kinesitherapie-au-campus-de-bellvitge-2\/\" \/>\n<meta property=\"og:site_name\" content=\"EUSES - Campus de Bellvitge (Barcelona)\" \/>\n<meta property=\"article:publisher\" content=\"https:\/\/www.facebook.com\/PhysioBCN\/\" \/>\n<meta property=\"article:published_time\" content=\"2025-02-17T12:47:25+00:00\" \/>\n<meta property=\"og:image\" content=\"https:\/\/barcelona.euses.cat\/wp-content\/uploads\/2025\/02\/JPO-febrer-25-4.jpg\" \/>\n\t<meta property=\"og:image:width\" content=\"2048\" \/>\n\t<meta property=\"og:image:height\" content=\"995\" \/>\n\t<meta property=\"og:image:type\" content=\"image\/jpeg\" \/>\n<meta name=\"author\" content=\"Jordi Danes\" \/>\n<meta name=\"twitter:card\" content=\"summary_large_image\" \/>\n<meta name=\"twitter:label1\" content=\"\u00c9crit par\" \/>\n\t<meta name=\"twitter:data1\" content=\"Jordi Danes\" \/>\n\t<meta name=\"twitter:label2\" content=\"Dur\u00e9e de lecture estim\u00e9e\" \/>\n\t<meta name=\"twitter:data2\" content=\"1 minute\" \/>\n<script type=\"application\/ld+json\" class=\"yoast-schema-graph\">{\"@context\":\"https:\\\/\\\/schema.org\",\"@graph\":[{\"@type\":\"Article\",\"@id\":\"https:\\\/\\\/barcelona.euses.cat\\\/fr\\\/journee-portes-ouvertes-des-etudes-en-kinesitherapie-au-campus-de-bellvitge-2\\\/#article\",\"isPartOf\":{\"@id\":\"https:\\\/\\\/barcelona.euses.cat\\\/fr\\\/journee-portes-ouvertes-des-etudes-en-kinesitherapie-au-campus-de-bellvitge-2\\\/\"},\"author\":{\"name\":\"Jordi Danes\",\"@id\":\"https:\\\/\\\/barcelona.euses.cat\\\/ca\\\/#\\\/schema\\\/person\\\/8ab46080dfc4814fa59383db317735bd\"},\"headline\":\"Journ\u00e9e Portes Ouvertes des \u00e9tudes en Kin\u00e9sith\u00e9rapie au Campus de Bellvitge\",\"datePublished\":\"2025-02-17T12:47:25+00:00\",\"mainEntityOfPage\":{\"@id\":\"https:\\\/\\\/barcelona.euses.cat\\\/fr\\\/journee-portes-ouvertes-des-etudes-en-kinesitherapie-au-campus-de-bellvitge-2\\\/\"},\"wordCount\":145,\"commentCount\":0,\"image\":{\"@id\":\"https:\\\/\\\/barcelona.euses.cat\\\/fr\\\/journee-portes-ouvertes-des-etudes-en-kinesitherapie-au-campus-de-bellvitge-2\\\/#primaryimage\"},\"thumbnailUrl\":\"https:\\\/\\\/barcelona.euses.cat\\\/wp-content\\\/uploads\\\/2025\\\/02\\\/JPO-febrer-25-4.jpg\",\"articleSection\":[\"Non classifi\u00e9(e)\"],\"inLanguage\":\"fr-FR\"},{\"@type\":\"WebPage\",\"@id\":\"https:\\\/\\\/barcelona.euses.cat\\\/fr\\\/journee-portes-ouvertes-des-etudes-en-kinesitherapie-au-campus-de-bellvitge-2\\\/\",\"url\":\"https:\\\/\\\/barcelona.euses.cat\\\/fr\\\/journee-portes-ouvertes-des-etudes-en-kinesitherapie-au-campus-de-bellvitge-2\\\/\",\"name\":\"Journ\u00e9e Portes Ouvertes des \u00e9tudes en Kin\u00e9sith\u00e9rapie au Campus de Bellvitge | EUSES - Campus de Bellvitge (Barcelona)\",\"isPartOf\":{\"@id\":\"https:\\\/\\\/barcelona.euses.cat\\\/ca\\\/#website\"},\"primaryImageOfPage\":{\"@id\":\"https:\\\/\\\/barcelona.euses.cat\\\/fr\\\/journee-portes-ouvertes-des-etudes-en-kinesitherapie-au-campus-de-bellvitge-2\\\/#primaryimage\"},\"image\":{\"@id\":\"https:\\\/\\\/barcelona.euses.cat\\\/fr\\\/journee-portes-ouvertes-des-etudes-en-kinesitherapie-au-campus-de-bellvitge-2\\\/#primaryimage\"},\"thumbnailUrl\":\"https:\\\/\\\/barcelona.euses.cat\\\/wp-content\\\/uploads\\\/2025\\\/02\\\/JPO-febrer-25-4.jpg\",\"datePublished\":\"2025-02-17T12:47:25+00:00\",\"author\":{\"@id\":\"https:\\\/\\\/barcelona.euses.cat\\\/ca\\\/#\\\/schema\\\/person\\\/8ab46080dfc4814fa59383db317735bd\"},\"breadcrumb\":{\"@id\":\"https:\\\/\\\/barcelona.euses.cat\\\/fr\\\/journee-portes-ouvertes-des-etudes-en-kinesitherapie-au-campus-de-bellvitge-2\\\/#breadcrumb\"},\"inLanguage\":\"fr-FR\",\"potentialAction\":[{\"@type\":\"ReadAction\",\"target\":[\"https:\\\/\\\/barcelona.euses.cat\\\/fr\\\/journee-portes-ouvertes-des-etudes-en-kinesitherapie-au-campus-de-bellvitge-2\\\/\"]}]},{\"@type\":\"ImageObject\",\"inLanguage\":\"fr-FR\",\"@id\":\"https:\\\/\\\/barcelona.euses.cat\\\/fr\\\/journee-portes-ouvertes-des-etudes-en-kinesitherapie-au-campus-de-bellvitge-2\\\/#primaryimage\",\"url\":\"https:\\\/\\\/barcelona.euses.cat\\\/wp-content\\\/uploads\\\/2025\\\/02\\\/JPO-febrer-25-4.jpg\",\"contentUrl\":\"https:\\\/\\\/barcelona.euses.cat\\\/wp-content\\\/uploads\\\/2025\\\/02\\\/JPO-febrer-25-4.jpg\",\"width\":2048,\"height\":995},{\"@type\":\"BreadcrumbList\",\"@id\":\"https:\\\/\\\/barcelona.euses.cat\\\/fr\\\/journee-portes-ouvertes-des-etudes-en-kinesitherapie-au-campus-de-bellvitge-2\\\/#breadcrumb\",\"itemListElement\":[{\"@type\":\"ListItem\",\"position\":1,\"name\":\"Portada\",\"item\":\"https:\\\/\\\/barcelona.euses.cat\\\/fr\\\/\"},{\"@type\":\"ListItem\",\"position\":2,\"name\":\"Journ\u00e9e Portes Ouvertes des \u00e9tudes en Kin\u00e9sith\u00e9rapie au Campus de Bellvitge\"}]},{\"@type\":\"WebSite\",\"@id\":\"https:\\\/\\\/barcelona.euses.cat\\\/ca\\\/#website\",\"url\":\"https:\\\/\\\/barcelona.euses.cat\\\/ca\\\/\",\"name\":\"EUSES - Campus de Bellvitge (Barcelona)\",\"description\":\"EUSES, Ecole Universitaire de Physioth\u00e9rapie Internationale \u00e0 Barcelone\",\"potentialAction\":[{\"@type\":\"SearchAction\",\"target\":{\"@type\":\"EntryPoint\",\"urlTemplate\":\"https:\\\/\\\/barcelona.euses.cat\\\/ca\\\/?s={search_term_string}\"},\"query-input\":{\"@type\":\"PropertyValueSpecification\",\"valueRequired\":true,\"valueName\":\"search_term_string\"}}],\"inLanguage\":\"fr-FR\"},{\"@type\":\"Person\",\"@id\":\"https:\\\/\\\/barcelona.euses.cat\\\/ca\\\/#\\\/schema\\\/person\\\/8ab46080dfc4814fa59383db317735bd\",\"name\":\"Jordi Danes\",\"image\":{\"@type\":\"ImageObject\",\"inLanguage\":\"fr-FR\",\"@id\":\"https:\\\/\\\/secure.gravatar.com\\\/avatar\\\/a9e4f443b594af225625ee8cfa665e41b1e0740ea34fbe0515b4ca559f8570ef?s=96&d=mm&r=g\",\"url\":\"https:\\\/\\\/secure.gravatar.com\\\/avatar\\\/a9e4f443b594af225625ee8cfa665e41b1e0740ea34fbe0515b4ca559f8570ef?s=96&d=mm&r=g\",\"contentUrl\":\"https:\\\/\\\/secure.gravatar.com\\\/avatar\\\/a9e4f443b594af225625ee8cfa665e41b1e0740ea34fbe0515b4ca559f8570ef?s=96&d=mm&r=g\",\"caption\":\"Jordi Danes\"},\"url\":\"https:\\\/\\\/barcelona.euses.cat\\\/fr\\\/author\\\/jordi-danes\\\/\"}]}<\/script>\n<!-- \/ Yoast SEO plugin. -->","yoast_head_json":{"title":"Journ\u00e9e Portes Ouvertes des \u00e9tudes en Kin\u00e9sith\u00e9rapie au Campus de Bellvitge | EUSES - Campus de Bellvitge (Barcelona)","robots":{"index":"index","follow":"follow","max-snippet":"max-snippet:-1","max-image-preview":"max-image-preview:large","max-video-preview":"max-video-preview:-1"},"canonical":"https:\/\/barcelona.euses.cat\/fr\/journee-portes-ouvertes-des-etudes-en-kinesitherapie-au-campus-de-bellvitge-2\/","og_locale":"fr_FR","og_type":"article","og_title":"Journ\u00e9e Portes Ouvertes des \u00e9tudes en Kin\u00e9sith\u00e9rapie au Campus de Bellvitge | EUSES - Campus de Bellvitge (Barcelona)","og_description":"Les installations du Campus de Bellvitge ont \u00e9t\u00e9 ouvertes ce samedi \u00e0 l\u2019occasion de la Journ\u00e9e Portes Ouvertes du Dipl\u00f4me de Kin\u00e9sith\u00e9rapie Internationale (Physiotherapy). La s\u00e9ance a permis d\u2019informer sur tous les aspects du dipl\u00f4me les \u00e9tudiants qui souhaitent rejoindre la famille EUSES durant l\u2019ann\u00e9e acad\u00e9mique 2023\/24. Le directeur de kin\u00e9sith\u00e9rapie, Gerard Mu\u00f1oz, a expliqu\u00e9 [&hellip;]","og_url":"https:\/\/barcelona.euses.cat\/fr\/journee-portes-ouvertes-des-etudes-en-kinesitherapie-au-campus-de-bellvitge-2\/","og_site_name":"EUSES - Campus de Bellvitge (Barcelona)","article_publisher":"https:\/\/www.facebook.com\/PhysioBCN\/","article_published_time":"2025-02-17T12:47:25+00:00","og_image":[{"width":2048,"height":995,"url":"https:\/\/barcelona.euses.cat\/wp-content\/uploads\/2025\/02\/JPO-febrer-25-4.jpg","type":"image\/jpeg"}],"author":"Jordi Danes","twitter_card":"summary_large_image","twitter_misc":{"\u00c9crit par":"Jordi Danes","Dur\u00e9e de lecture estim\u00e9e":"1 minute"},"schema":{"@context":"https:\/\/schema.org","@graph":[{"@type":"Article","@id":"https:\/\/barcelona.euses.cat\/fr\/journee-portes-ouvertes-des-etudes-en-kinesitherapie-au-campus-de-bellvitge-2\/#article","isPartOf":{"@id":"https:\/\/barcelona.euses.cat\/fr\/journee-portes-ouvertes-des-etudes-en-kinesitherapie-au-campus-de-bellvitge-2\/"},"author":{"name":"Jordi Danes","@id":"https:\/\/barcelona.euses.cat\/ca\/#\/schema\/person\/8ab46080dfc4814fa59383db317735bd"},"headline":"Journ\u00e9e Portes Ouvertes des \u00e9tudes en Kin\u00e9sith\u00e9rapie au Campus de Bellvitge","datePublished":"2025-02-17T12:47:25+00:00","mainEntityOfPage":{"@id":"https:\/\/barcelona.euses.cat\/fr\/journee-portes-ouvertes-des-etudes-en-kinesitherapie-au-campus-de-bellvitge-2\/"},"wordCount":145,"commentCount":0,"image":{"@id":"https:\/\/barcelona.euses.cat\/fr\/journee-portes-ouvertes-des-etudes-en-kinesitherapie-au-campus-de-bellvitge-2\/#primaryimage"},"thumbnailUrl":"https:\/\/barcelona.euses.cat\/wp-content\/uploads\/2025\/02\/JPO-febrer-25-4.jpg","articleSection":["Non classifi\u00e9(e)"],"inLanguage":"fr-FR"},{"@type":"WebPage","@id":"https:\/\/barcelona.euses.cat\/fr\/journee-portes-ouvertes-des-etudes-en-kinesitherapie-au-campus-de-bellvitge-2\/","url":"https:\/\/barcelona.euses.cat\/fr\/journee-portes-ouvertes-des-etudes-en-kinesitherapie-au-campus-de-bellvitge-2\/","name":"Journ\u00e9e Portes Ouvertes des \u00e9tudes en Kin\u00e9sith\u00e9rapie au Campus de Bellvitge | EUSES - Campus de Bellvitge (Barcelona)","isPartOf":{"@id":"https:\/\/barcelona.euses.cat\/ca\/#website"},"primaryImageOfPage":{"@id":"https:\/\/barcelona.euses.cat\/fr\/journee-portes-ouvertes-des-etudes-en-kinesitherapie-au-campus-de-bellvitge-2\/#primaryimage"},"image":{"@id":"https:\/\/barcelona.euses.cat\/fr\/journee-portes-ouvertes-des-etudes-en-kinesitherapie-au-campus-de-bellvitge-2\/#primaryimage"},"thumbnailUrl":"https:\/\/barcelona.euses.cat\/wp-content\/uploads\/2025\/02\/JPO-febrer-25-4.jpg","datePublished":"2025-02-17T12:47:25+00:00","author":{"@id":"https:\/\/barcelona.euses.cat\/ca\/#\/schema\/person\/8ab46080dfc4814fa59383db317735bd"},"breadcrumb":{"@id":"https:\/\/barcelona.euses.cat\/fr\/journee-portes-ouvertes-des-etudes-en-kinesitherapie-au-campus-de-bellvitge-2\/#breadcrumb"},"inLanguage":"fr-FR","potentialAction":[{"@type":"ReadAction","target":["https:\/\/barcelona.euses.cat\/fr\/journee-portes-ouvertes-des-etudes-en-kinesitherapie-au-campus-de-bellvitge-2\/"]}]},{"@type":"ImageObject","inLanguage":"fr-FR","@id":"https:\/\/barcelona.euses.cat\/fr\/journee-portes-ouvertes-des-etudes-en-kinesitherapie-au-campus-de-bellvitge-2\/#primaryimage","url":"https:\/\/barcelona.euses.cat\/wp-content\/uploads\/2025\/02\/JPO-febrer-25-4.jpg","contentUrl":"https:\/\/barcelona.euses.cat\/wp-content\/uploads\/2025\/02\/JPO-febrer-25-4.jpg","width":2048,"height":995},{"@type":"BreadcrumbList","@id":"https:\/\/barcelona.euses.cat\/fr\/journee-portes-ouvertes-des-etudes-en-kinesitherapie-au-campus-de-bellvitge-2\/#breadcrumb","itemListElement":[{"@type":"ListItem","position":1,"name":"Portada","item":"https:\/\/barcelona.euses.cat\/fr\/"},{"@type":"ListItem","position":2,"name":"Journ\u00e9e Portes Ouvertes des \u00e9tudes en Kin\u00e9sith\u00e9rapie au Campus de Bellvitge"}]},{"@type":"WebSite","@id":"https:\/\/barcelona.euses.cat\/ca\/#website","url":"https:\/\/barcelona.euses.cat\/ca\/","name":"EUSES - Campus de Bellvitge (Barcelona)","description":"EUSES, Ecole Universitaire de Physioth\u00e9rapie Internationale \u00e0 Barcelone","potentialAction":[{"@type":"SearchAction","target":{"@type":"EntryPoint","urlTemplate":"https:\/\/barcelona.euses.cat\/ca\/?s={search_term_string}"},"query-input":{"@type":"PropertyValueSpecification","valueRequired":true,"valueName":"search_term_string"}}],"inLanguage":"fr-FR"},{"@type":"Person","@id":"https:\/\/barcelona.euses.cat\/ca\/#\/schema\/person\/8ab46080dfc4814fa59383db317735bd","name":"Jordi Danes","image":{"@type":"ImageObject","inLanguage":"fr-FR","@id":"https:\/\/secure.gravatar.com\/avatar\/a9e4f443b594af225625ee8cfa665e41b1e0740ea34fbe0515b4ca559f8570ef?s=96&d=mm&r=g","url":"https:\/\/secure.gravatar.com\/avatar\/a9e4f443b594af225625ee8cfa665e41b1e0740ea34fbe0515b4ca559f8570ef?s=96&d=mm&r=g","contentUrl":"https:\/\/secure.gravatar.com\/avatar\/a9e4f443b594af225625ee8cfa665e41b1e0740ea34fbe0515b4ca559f8570ef?s=96&d=mm&r=g","caption":"Jordi Danes"},"url":"https:\/\/barcelona.euses.cat\/fr\/author\/jordi-danes\/"}]}},"_links":{"self":[{"href":"https:\/\/barcelona.euses.cat\/fr\/wp-json\/wp\/v2\/posts\/12401","targetHints":{"allow":["GET"]}}],"collection":[{"href":"https:\/\/barcelona.euses.cat\/fr\/wp-json\/wp\/v2\/posts"}],"about":[{"href":"https:\/\/barcelona.euses.cat\/fr\/wp-json\/wp\/v2\/types\/post"}],"author":[{"embeddable":true,"href":"https:\/\/barcelona.euses.cat\/fr\/wp-json\/wp\/v2\/users\/3"}],"replies":[{"embeddable":true,"href":"https:\/\/barcelona.euses.cat\/fr\/wp-json\/wp\/v2\/comments?post=12401"}],"version-history":[{"count":1,"href":"https:\/\/barcelona.euses.cat\/fr\/wp-json\/wp\/v2\/posts\/12401\/revisions"}],"predecessor-version":[{"id":12402,"href":"https:\/\/barcelona.euses.cat\/fr\/wp-json\/wp\/v2\/posts\/12401\/revisions\/12402"}],"wp:featuredmedia":[{"embeddable":true,"href":"https:\/\/barcelona.euses.cat\/fr\/wp-json\/wp\/v2\/media\/12378"}],"wp:attachment":[{"href":"https:\/\/barcelona.euses.cat\/fr\/wp-json\/wp\/v2\/media?parent=12401"}],"wp:term":[{"taxonomy":"category","embeddable":true,"href":"https:\/\/barcelona.euses.cat\/fr\/wp-json\/wp\/v2\/categories?post=12401"},{"taxonomy":"post_tag","embeddable":true,"href":"https:\/\/barcelona.euses.cat\/fr\/wp-json\/wp\/v2\/tags?post=12401"}],"curies":[{"name":"wp","href":"https:\/\/api.w.org\/{rel}","templated":true}]}}