{"id":12093,"date":"2024-07-12T13:39:44","date_gmt":"2024-07-12T11:39:44","guid":{"rendered":"https:\/\/barcelona.euses.cat\/?p=12093"},"modified":"2024-07-12T13:39:44","modified_gmt":"2024-07-12T11:39:44","slug":"ouverture-de-la-periode-dinscription-aux-diplomes-universitaires-sur-les-campus-de-salt-terres-de-lebre-et-bellvitge-2","status":"publish","type":"post","link":"https:\/\/barcelona.euses.cat\/fr\/ouverture-de-la-periode-dinscription-aux-diplomes-universitaires-sur-les-campus-de-salt-terres-de-lebre-et-bellvitge-2\/","title":{"rendered":"Ouverture de la p\u00e9riode d&rsquo;inscription aux dipl\u00f4mes universitaires sur les campus de Salt, Terres de l&rsquo;Ebre et Bellvitge"},"content":{"rendered":"<p>La p\u00e9riode d&rsquo;inscription pour l&rsquo;ann\u00e9e acad\u00e9mique 2024\/25 s&rsquo;est ouverte ce vendredi sur les campus de Salt, Terres de l&rsquo;Ebre et Bellvitge. Dans tous les campus de l&rsquo;Escola Universit\u00e0ria de la Salut i l&rsquo;Esport, le volume de personnes pour l&rsquo;inscription des \u00e9tudiants qui rejoindront la famille EUSES \u00e0 partir de septembre a \u00e9t\u00e9 tr\u00e8s intense. En plus de ce vendredi, les jours d&rsquo;inscription assign\u00e9s sont le lundi 15, le mardi 16 et le mercredi 17. Le Campus de Salt offre les \u00e9tudes en Kin\u00e9sith\u00e9rapie, STAPS, le double dipl\u00f4me (STAPS+ Kin\u00e9sith\u00e9rapie) et la nouveaut\u00e9 de l&rsquo;ann\u00e9e acad\u00e9mique 2024\/2025 qui est le Dipl\u00f4me en Nutrition Humaine et Di\u00e9t\u00e9tique. Le campus des Terres de l&rsquo;Ebre propose les dipl\u00f4mes de STAPS de Kin\u00e9sith\u00e9rapie et le double dipl\u00f4me, tandis qu&rsquo;\u00e0 Bellvitge, vous pouvez suivre le dipl\u00f4me de\u00a0 Kin\u00e9sith\u00e9rapie internationale, qui est enti\u00e8rement enseign\u00e9 en anglais.<\/p>\n<p>&nbsp;<\/p>\n","protected":false},"excerpt":{"rendered":"<p>La p\u00e9riode d&rsquo;inscription pour l&rsquo;ann\u00e9e acad\u00e9mique 2024\/25 s&rsquo;est ouverte ce vendredi sur les campus de Salt, Terres de l&rsquo;Ebre et Bellvitge. Dans tous les campus de l&rsquo;Escola Universit\u00e0ria de la Salut i l&rsquo;Esport, le volume de personnes pour l&rsquo;inscription des \u00e9tudiants qui rejoindront la famille EUSES \u00e0 partir de septembre a \u00e9t\u00e9 tr\u00e8s intense. En [&hellip;]<\/p>\n","protected":false},"author":3,"featured_media":12097,"comment_status":"open","ping_status":"closed","sticky":false,"template":"","format":"standard","meta":{"_acf_changed":false,"inline_featured_image":false,"_joinchat":[],"footnotes":""},"categories":[3],"tags":[],"class_list":["post-12093","post","type-post","status-publish","format-standard","has-post-thumbnail","hentry","category-non-classifiee"],"acf":[],"yoast_head":"<!-- This site is optimized with the Yoast SEO plugin v27.4 - https:\/\/yoast.com\/product\/yoast-seo-wordpress\/ -->\n<title>Ouverture de la p\u00e9riode d&#039;inscription aux dipl\u00f4mes universitaires sur les campus de Salt, Terres de l&#039;Ebre et Bellvitge | EUSES - Campus de Bellvitge (Barcelona)<\/title>\n<meta name=\"robots\" content=\"index, follow, max-snippet:-1, max-image-preview:large, max-video-preview:-1\" \/>\n<link rel=\"canonical\" href=\"https:\/\/barcelona.euses.cat\/fr\/ouverture-de-la-periode-dinscription-aux-diplomes-universitaires-sur-les-campus-de-salt-terres-de-lebre-et-bellvitge-2\/\" \/>\n<meta property=\"og:locale\" content=\"fr_FR\" \/>\n<meta property=\"og:type\" content=\"article\" \/>\n<meta property=\"og:title\" content=\"Ouverture de la p\u00e9riode d&#039;inscription aux dipl\u00f4mes universitaires sur les campus de Salt, Terres de l&#039;Ebre et Bellvitge | EUSES - Campus de Bellvitge (Barcelona)\" \/>\n<meta property=\"og:description\" content=\"La p\u00e9riode d&rsquo;inscription pour l&rsquo;ann\u00e9e acad\u00e9mique 2024\/25 s&rsquo;est ouverte ce vendredi sur les campus de Salt, Terres de l&rsquo;Ebre et Bellvitge. Dans tous les campus de l&rsquo;Escola Universit\u00e0ria de la Salut i l&rsquo;Esport, le volume de personnes pour l&rsquo;inscription des \u00e9tudiants qui rejoindront la famille EUSES \u00e0 partir de septembre a \u00e9t\u00e9 tr\u00e8s intense. En [&hellip;]\" \/>\n<meta property=\"og:url\" content=\"https:\/\/barcelona.euses.cat\/fr\/ouverture-de-la-periode-dinscription-aux-diplomes-universitaires-sur-les-campus-de-salt-terres-de-lebre-et-bellvitge-2\/\" \/>\n<meta property=\"og:site_name\" content=\"EUSES - Campus de Bellvitge (Barcelona)\" \/>\n<meta property=\"article:publisher\" content=\"https:\/\/www.facebook.com\/PhysioBCN\/\" \/>\n<meta property=\"article:published_time\" content=\"2024-07-12T11:39:44+00:00\" \/>\n<meta property=\"og:image\" content=\"https:\/\/barcelona.euses.cat\/wp-content\/uploads\/2024\/07\/matriculacio-bellvitge-12.07.jpg\" \/>\n\t<meta property=\"og:image:width\" content=\"902\" \/>\n\t<meta property=\"og:image:height\" content=\"1600\" \/>\n\t<meta property=\"og:image:type\" content=\"image\/jpeg\" \/>\n<meta name=\"author\" content=\"Jordi Danes\" \/>\n<meta name=\"twitter:card\" content=\"summary_large_image\" \/>\n<meta name=\"twitter:label1\" content=\"\u00c9crit par\" \/>\n\t<meta name=\"twitter:data1\" content=\"Jordi Danes\" \/>\n\t<meta name=\"twitter:label2\" content=\"Dur\u00e9e de lecture estim\u00e9e\" \/>\n\t<meta name=\"twitter:data2\" content=\"1 minute\" \/>\n<script type=\"application\/ld+json\" class=\"yoast-schema-graph\">{\"@context\":\"https:\\\/\\\/schema.org\",\"@graph\":[{\"@type\":\"Article\",\"@id\":\"https:\\\/\\\/barcelona.euses.cat\\\/fr\\\/ouverture-de-la-periode-dinscription-aux-diplomes-universitaires-sur-les-campus-de-salt-terres-de-lebre-et-bellvitge-2\\\/#article\",\"isPartOf\":{\"@id\":\"https:\\\/\\\/barcelona.euses.cat\\\/fr\\\/ouverture-de-la-periode-dinscription-aux-diplomes-universitaires-sur-les-campus-de-salt-terres-de-lebre-et-bellvitge-2\\\/\"},\"author\":{\"name\":\"Jordi Danes\",\"@id\":\"https:\\\/\\\/barcelona.euses.cat\\\/ca\\\/#\\\/schema\\\/person\\\/8ab46080dfc4814fa59383db317735bd\"},\"headline\":\"Ouverture de la p\u00e9riode d&rsquo;inscription aux dipl\u00f4mes universitaires sur les campus de Salt, Terres de l&rsquo;Ebre et Bellvitge\",\"datePublished\":\"2024-07-12T11:39:44+00:00\",\"mainEntityOfPage\":{\"@id\":\"https:\\\/\\\/barcelona.euses.cat\\\/fr\\\/ouverture-de-la-periode-dinscription-aux-diplomes-universitaires-sur-les-campus-de-salt-terres-de-lebre-et-bellvitge-2\\\/\"},\"wordCount\":190,\"commentCount\":0,\"image\":{\"@id\":\"https:\\\/\\\/barcelona.euses.cat\\\/fr\\\/ouverture-de-la-periode-dinscription-aux-diplomes-universitaires-sur-les-campus-de-salt-terres-de-lebre-et-bellvitge-2\\\/#primaryimage\"},\"thumbnailUrl\":\"https:\\\/\\\/barcelona.euses.cat\\\/wp-content\\\/uploads\\\/2024\\\/07\\\/matriculacio-bellvitge-12.07.jpg\",\"articleSection\":[\"Non classifi\u00e9(e)\"],\"inLanguage\":\"fr-FR\"},{\"@type\":\"WebPage\",\"@id\":\"https:\\\/\\\/barcelona.euses.cat\\\/fr\\\/ouverture-de-la-periode-dinscription-aux-diplomes-universitaires-sur-les-campus-de-salt-terres-de-lebre-et-bellvitge-2\\\/\",\"url\":\"https:\\\/\\\/barcelona.euses.cat\\\/fr\\\/ouverture-de-la-periode-dinscription-aux-diplomes-universitaires-sur-les-campus-de-salt-terres-de-lebre-et-bellvitge-2\\\/\",\"name\":\"Ouverture de la p\u00e9riode d'inscription aux dipl\u00f4mes universitaires sur les campus de Salt, Terres de l'Ebre et Bellvitge | EUSES - Campus de Bellvitge (Barcelona)\",\"isPartOf\":{\"@id\":\"https:\\\/\\\/barcelona.euses.cat\\\/ca\\\/#website\"},\"primaryImageOfPage\":{\"@id\":\"https:\\\/\\\/barcelona.euses.cat\\\/fr\\\/ouverture-de-la-periode-dinscription-aux-diplomes-universitaires-sur-les-campus-de-salt-terres-de-lebre-et-bellvitge-2\\\/#primaryimage\"},\"image\":{\"@id\":\"https:\\\/\\\/barcelona.euses.cat\\\/fr\\\/ouverture-de-la-periode-dinscription-aux-diplomes-universitaires-sur-les-campus-de-salt-terres-de-lebre-et-bellvitge-2\\\/#primaryimage\"},\"thumbnailUrl\":\"https:\\\/\\\/barcelona.euses.cat\\\/wp-content\\\/uploads\\\/2024\\\/07\\\/matriculacio-bellvitge-12.07.jpg\",\"datePublished\":\"2024-07-12T11:39:44+00:00\",\"author\":{\"@id\":\"https:\\\/\\\/barcelona.euses.cat\\\/ca\\\/#\\\/schema\\\/person\\\/8ab46080dfc4814fa59383db317735bd\"},\"breadcrumb\":{\"@id\":\"https:\\\/\\\/barcelona.euses.cat\\\/fr\\\/ouverture-de-la-periode-dinscription-aux-diplomes-universitaires-sur-les-campus-de-salt-terres-de-lebre-et-bellvitge-2\\\/#breadcrumb\"},\"inLanguage\":\"fr-FR\",\"potentialAction\":[{\"@type\":\"ReadAction\",\"target\":[\"https:\\\/\\\/barcelona.euses.cat\\\/fr\\\/ouverture-de-la-periode-dinscription-aux-diplomes-universitaires-sur-les-campus-de-salt-terres-de-lebre-et-bellvitge-2\\\/\"]}]},{\"@type\":\"ImageObject\",\"inLanguage\":\"fr-FR\",\"@id\":\"https:\\\/\\\/barcelona.euses.cat\\\/fr\\\/ouverture-de-la-periode-dinscription-aux-diplomes-universitaires-sur-les-campus-de-salt-terres-de-lebre-et-bellvitge-2\\\/#primaryimage\",\"url\":\"https:\\\/\\\/barcelona.euses.cat\\\/wp-content\\\/uploads\\\/2024\\\/07\\\/matriculacio-bellvitge-12.07.jpg\",\"contentUrl\":\"https:\\\/\\\/barcelona.euses.cat\\\/wp-content\\\/uploads\\\/2024\\\/07\\\/matriculacio-bellvitge-12.07.jpg\",\"width\":902,\"height\":1600},{\"@type\":\"BreadcrumbList\",\"@id\":\"https:\\\/\\\/barcelona.euses.cat\\\/fr\\\/ouverture-de-la-periode-dinscription-aux-diplomes-universitaires-sur-les-campus-de-salt-terres-de-lebre-et-bellvitge-2\\\/#breadcrumb\",\"itemListElement\":[{\"@type\":\"ListItem\",\"position\":1,\"name\":\"Portada\",\"item\":\"https:\\\/\\\/barcelona.euses.cat\\\/fr\\\/\"},{\"@type\":\"ListItem\",\"position\":2,\"name\":\"Ouverture de la p\u00e9riode d&#8217;inscription aux dipl\u00f4mes universitaires sur les campus de Salt, Terres de l&#8217;Ebre et Bellvitge\"}]},{\"@type\":\"WebSite\",\"@id\":\"https:\\\/\\\/barcelona.euses.cat\\\/ca\\\/#website\",\"url\":\"https:\\\/\\\/barcelona.euses.cat\\\/ca\\\/\",\"name\":\"EUSES - Campus de Bellvitge (Barcelona)\",\"description\":\"EUSES, Ecole Universitaire de Physioth\u00e9rapie Internationale \u00e0 Barcelone\",\"potentialAction\":[{\"@type\":\"SearchAction\",\"target\":{\"@type\":\"EntryPoint\",\"urlTemplate\":\"https:\\\/\\\/barcelona.euses.cat\\\/ca\\\/?s={search_term_string}\"},\"query-input\":{\"@type\":\"PropertyValueSpecification\",\"valueRequired\":true,\"valueName\":\"search_term_string\"}}],\"inLanguage\":\"fr-FR\"},{\"@type\":\"Person\",\"@id\":\"https:\\\/\\\/barcelona.euses.cat\\\/ca\\\/#\\\/schema\\\/person\\\/8ab46080dfc4814fa59383db317735bd\",\"name\":\"Jordi Danes\",\"image\":{\"@type\":\"ImageObject\",\"inLanguage\":\"fr-FR\",\"@id\":\"https:\\\/\\\/secure.gravatar.com\\\/avatar\\\/a9e4f443b594af225625ee8cfa665e41b1e0740ea34fbe0515b4ca559f8570ef?s=96&d=mm&r=g\",\"url\":\"https:\\\/\\\/secure.gravatar.com\\\/avatar\\\/a9e4f443b594af225625ee8cfa665e41b1e0740ea34fbe0515b4ca559f8570ef?s=96&d=mm&r=g\",\"contentUrl\":\"https:\\\/\\\/secure.gravatar.com\\\/avatar\\\/a9e4f443b594af225625ee8cfa665e41b1e0740ea34fbe0515b4ca559f8570ef?s=96&d=mm&r=g\",\"caption\":\"Jordi Danes\"},\"url\":\"https:\\\/\\\/barcelona.euses.cat\\\/fr\\\/author\\\/jordi-danes\\\/\"}]}<\/script>\n<!-- \/ Yoast SEO plugin. -->","yoast_head_json":{"title":"Ouverture de la p\u00e9riode d'inscription aux dipl\u00f4mes universitaires sur les campus de Salt, Terres de l'Ebre et Bellvitge | EUSES - Campus de Bellvitge (Barcelona)","robots":{"index":"index","follow":"follow","max-snippet":"max-snippet:-1","max-image-preview":"max-image-preview:large","max-video-preview":"max-video-preview:-1"},"canonical":"https:\/\/barcelona.euses.cat\/fr\/ouverture-de-la-periode-dinscription-aux-diplomes-universitaires-sur-les-campus-de-salt-terres-de-lebre-et-bellvitge-2\/","og_locale":"fr_FR","og_type":"article","og_title":"Ouverture de la p\u00e9riode d'inscription aux dipl\u00f4mes universitaires sur les campus de Salt, Terres de l'Ebre et Bellvitge | EUSES - Campus de Bellvitge (Barcelona)","og_description":"La p\u00e9riode d&rsquo;inscription pour l&rsquo;ann\u00e9e acad\u00e9mique 2024\/25 s&rsquo;est ouverte ce vendredi sur les campus de Salt, Terres de l&rsquo;Ebre et Bellvitge. Dans tous les campus de l&rsquo;Escola Universit\u00e0ria de la Salut i l&rsquo;Esport, le volume de personnes pour l&rsquo;inscription des \u00e9tudiants qui rejoindront la famille EUSES \u00e0 partir de septembre a \u00e9t\u00e9 tr\u00e8s intense. En [&hellip;]","og_url":"https:\/\/barcelona.euses.cat\/fr\/ouverture-de-la-periode-dinscription-aux-diplomes-universitaires-sur-les-campus-de-salt-terres-de-lebre-et-bellvitge-2\/","og_site_name":"EUSES - Campus de Bellvitge (Barcelona)","article_publisher":"https:\/\/www.facebook.com\/PhysioBCN\/","article_published_time":"2024-07-12T11:39:44+00:00","og_image":[{"width":902,"height":1600,"url":"https:\/\/barcelona.euses.cat\/wp-content\/uploads\/2024\/07\/matriculacio-bellvitge-12.07.jpg","type":"image\/jpeg"}],"author":"Jordi Danes","twitter_card":"summary_large_image","twitter_misc":{"\u00c9crit par":"Jordi Danes","Dur\u00e9e de lecture estim\u00e9e":"1 minute"},"schema":{"@context":"https:\/\/schema.org","@graph":[{"@type":"Article","@id":"https:\/\/barcelona.euses.cat\/fr\/ouverture-de-la-periode-dinscription-aux-diplomes-universitaires-sur-les-campus-de-salt-terres-de-lebre-et-bellvitge-2\/#article","isPartOf":{"@id":"https:\/\/barcelona.euses.cat\/fr\/ouverture-de-la-periode-dinscription-aux-diplomes-universitaires-sur-les-campus-de-salt-terres-de-lebre-et-bellvitge-2\/"},"author":{"name":"Jordi Danes","@id":"https:\/\/barcelona.euses.cat\/ca\/#\/schema\/person\/8ab46080dfc4814fa59383db317735bd"},"headline":"Ouverture de la p\u00e9riode d&rsquo;inscription aux dipl\u00f4mes universitaires sur les campus de Salt, Terres de l&rsquo;Ebre et Bellvitge","datePublished":"2024-07-12T11:39:44+00:00","mainEntityOfPage":{"@id":"https:\/\/barcelona.euses.cat\/fr\/ouverture-de-la-periode-dinscription-aux-diplomes-universitaires-sur-les-campus-de-salt-terres-de-lebre-et-bellvitge-2\/"},"wordCount":190,"commentCount":0,"image":{"@id":"https:\/\/barcelona.euses.cat\/fr\/ouverture-de-la-periode-dinscription-aux-diplomes-universitaires-sur-les-campus-de-salt-terres-de-lebre-et-bellvitge-2\/#primaryimage"},"thumbnailUrl":"https:\/\/barcelona.euses.cat\/wp-content\/uploads\/2024\/07\/matriculacio-bellvitge-12.07.jpg","articleSection":["Non classifi\u00e9(e)"],"inLanguage":"fr-FR"},{"@type":"WebPage","@id":"https:\/\/barcelona.euses.cat\/fr\/ouverture-de-la-periode-dinscription-aux-diplomes-universitaires-sur-les-campus-de-salt-terres-de-lebre-et-bellvitge-2\/","url":"https:\/\/barcelona.euses.cat\/fr\/ouverture-de-la-periode-dinscription-aux-diplomes-universitaires-sur-les-campus-de-salt-terres-de-lebre-et-bellvitge-2\/","name":"Ouverture de la p\u00e9riode d'inscription aux dipl\u00f4mes universitaires sur les campus de Salt, Terres de l'Ebre et Bellvitge | EUSES - Campus de Bellvitge (Barcelona)","isPartOf":{"@id":"https:\/\/barcelona.euses.cat\/ca\/#website"},"primaryImageOfPage":{"@id":"https:\/\/barcelona.euses.cat\/fr\/ouverture-de-la-periode-dinscription-aux-diplomes-universitaires-sur-les-campus-de-salt-terres-de-lebre-et-bellvitge-2\/#primaryimage"},"image":{"@id":"https:\/\/barcelona.euses.cat\/fr\/ouverture-de-la-periode-dinscription-aux-diplomes-universitaires-sur-les-campus-de-salt-terres-de-lebre-et-bellvitge-2\/#primaryimage"},"thumbnailUrl":"https:\/\/barcelona.euses.cat\/wp-content\/uploads\/2024\/07\/matriculacio-bellvitge-12.07.jpg","datePublished":"2024-07-12T11:39:44+00:00","author":{"@id":"https:\/\/barcelona.euses.cat\/ca\/#\/schema\/person\/8ab46080dfc4814fa59383db317735bd"},"breadcrumb":{"@id":"https:\/\/barcelona.euses.cat\/fr\/ouverture-de-la-periode-dinscription-aux-diplomes-universitaires-sur-les-campus-de-salt-terres-de-lebre-et-bellvitge-2\/#breadcrumb"},"inLanguage":"fr-FR","potentialAction":[{"@type":"ReadAction","target":["https:\/\/barcelona.euses.cat\/fr\/ouverture-de-la-periode-dinscription-aux-diplomes-universitaires-sur-les-campus-de-salt-terres-de-lebre-et-bellvitge-2\/"]}]},{"@type":"ImageObject","inLanguage":"fr-FR","@id":"https:\/\/barcelona.euses.cat\/fr\/ouverture-de-la-periode-dinscription-aux-diplomes-universitaires-sur-les-campus-de-salt-terres-de-lebre-et-bellvitge-2\/#primaryimage","url":"https:\/\/barcelona.euses.cat\/wp-content\/uploads\/2024\/07\/matriculacio-bellvitge-12.07.jpg","contentUrl":"https:\/\/barcelona.euses.cat\/wp-content\/uploads\/2024\/07\/matriculacio-bellvitge-12.07.jpg","width":902,"height":1600},{"@type":"BreadcrumbList","@id":"https:\/\/barcelona.euses.cat\/fr\/ouverture-de-la-periode-dinscription-aux-diplomes-universitaires-sur-les-campus-de-salt-terres-de-lebre-et-bellvitge-2\/#breadcrumb","itemListElement":[{"@type":"ListItem","position":1,"name":"Portada","item":"https:\/\/barcelona.euses.cat\/fr\/"},{"@type":"ListItem","position":2,"name":"Ouverture de la p\u00e9riode d&#8217;inscription aux dipl\u00f4mes universitaires sur les campus de Salt, Terres de l&#8217;Ebre et Bellvitge"}]},{"@type":"WebSite","@id":"https:\/\/barcelona.euses.cat\/ca\/#website","url":"https:\/\/barcelona.euses.cat\/ca\/","name":"EUSES - Campus de Bellvitge (Barcelona)","description":"EUSES, Ecole Universitaire de Physioth\u00e9rapie Internationale \u00e0 Barcelone","potentialAction":[{"@type":"SearchAction","target":{"@type":"EntryPoint","urlTemplate":"https:\/\/barcelona.euses.cat\/ca\/?s={search_term_string}"},"query-input":{"@type":"PropertyValueSpecification","valueRequired":true,"valueName":"search_term_string"}}],"inLanguage":"fr-FR"},{"@type":"Person","@id":"https:\/\/barcelona.euses.cat\/ca\/#\/schema\/person\/8ab46080dfc4814fa59383db317735bd","name":"Jordi Danes","image":{"@type":"ImageObject","inLanguage":"fr-FR","@id":"https:\/\/secure.gravatar.com\/avatar\/a9e4f443b594af225625ee8cfa665e41b1e0740ea34fbe0515b4ca559f8570ef?s=96&d=mm&r=g","url":"https:\/\/secure.gravatar.com\/avatar\/a9e4f443b594af225625ee8cfa665e41b1e0740ea34fbe0515b4ca559f8570ef?s=96&d=mm&r=g","contentUrl":"https:\/\/secure.gravatar.com\/avatar\/a9e4f443b594af225625ee8cfa665e41b1e0740ea34fbe0515b4ca559f8570ef?s=96&d=mm&r=g","caption":"Jordi Danes"},"url":"https:\/\/barcelona.euses.cat\/fr\/author\/jordi-danes\/"}]}},"_links":{"self":[{"href":"https:\/\/barcelona.euses.cat\/fr\/wp-json\/wp\/v2\/posts\/12093","targetHints":{"allow":["GET"]}}],"collection":[{"href":"https:\/\/barcelona.euses.cat\/fr\/wp-json\/wp\/v2\/posts"}],"about":[{"href":"https:\/\/barcelona.euses.cat\/fr\/wp-json\/wp\/v2\/types\/post"}],"author":[{"embeddable":true,"href":"https:\/\/barcelona.euses.cat\/fr\/wp-json\/wp\/v2\/users\/3"}],"replies":[{"embeddable":true,"href":"https:\/\/barcelona.euses.cat\/fr\/wp-json\/wp\/v2\/comments?post=12093"}],"version-history":[{"count":2,"href":"https:\/\/barcelona.euses.cat\/fr\/wp-json\/wp\/v2\/posts\/12093\/revisions"}],"predecessor-version":[{"id":12100,"href":"https:\/\/barcelona.euses.cat\/fr\/wp-json\/wp\/v2\/posts\/12093\/revisions\/12100"}],"wp:featuredmedia":[{"embeddable":true,"href":"https:\/\/barcelona.euses.cat\/fr\/wp-json\/wp\/v2\/media\/12097"}],"wp:attachment":[{"href":"https:\/\/barcelona.euses.cat\/fr\/wp-json\/wp\/v2\/media?parent=12093"}],"wp:term":[{"taxonomy":"category","embeddable":true,"href":"https:\/\/barcelona.euses.cat\/fr\/wp-json\/wp\/v2\/categories?post=12093"},{"taxonomy":"post_tag","embeddable":true,"href":"https:\/\/barcelona.euses.cat\/fr\/wp-json\/wp\/v2\/tags?post=12093"}],"curies":[{"name":"wp","href":"https:\/\/api.w.org\/{rel}","templated":true}]}}