{"id":12046,"date":"2024-06-27T16:28:23","date_gmt":"2024-06-27T14:28:23","guid":{"rendered":"https:\/\/barcelona.euses.cat\/?p=12046"},"modified":"2024-06-27T16:28:23","modified_gmt":"2024-06-27T14:28:23","slug":"la-6e-promotion-de-la-licence-en-kinesitherapie-udg-ub-celebre-la-ceremonie-de-remise-des-diplomes-dans-la-salle-paranimf","status":"publish","type":"post","link":"https:\/\/barcelona.euses.cat\/fr\/la-6e-promotion-de-la-licence-en-kinesitherapie-udg-ub-celebre-la-ceremonie-de-remise-des-diplomes-dans-la-salle-paranimf\/","title":{"rendered":"La 6e promotion de la Licence en Kin\u00e9sith\u00e9rapie (UdG-UB) c\u00e9l\u00e8bre la c\u00e9r\u00e9monie de remise des dipl\u00f4mes dans la salle Paranimf"},"content":{"rendered":"<div>La salle Paranimf de l&rsquo;Universit\u00e9 de Barcelone a servi de cadre \u00e0 la c\u00e9r\u00e9monie de remise des dipl\u00f4mes de la 6e promotion du dipl\u00f4me en kin\u00e9sith\u00e9rapie internationale (UdG-UB). Une quarantaine de nouveaux kin\u00e9sith\u00e9rapeutes qui ont commenc\u00e9 leurs \u00e9tudes au Campus de Bellvitge en 2020 ont re\u00e7u le dipl\u00f4me qui les accr\u00e9dite en tant que professionnels apr\u00e8s quatre ans d&rsquo;efforts.<br \/>\nLa c\u00e9r\u00e9monie a \u00e9t\u00e9 ouverte par la d\u00e9l\u00e9gu\u00e9e du recteur pour les centres affili\u00e9s \u00e0 l&rsquo;UdG, le Dr Pilar Marqu\u00e8s. Le discours initial a laiss\u00e9 place aux discours du directeur acad\u00e9mique d&rsquo;EUSES-UdG, Rafel Madriny\u00e0 et du directeur du dipl\u00f4me de kin\u00e9sith\u00e9rapie, le Dr Gerard Mu\u00f1oz. Tous ont salu\u00e9 la pers\u00e9v\u00e9rance, l&rsquo;attitude et le d\u00e9vouement de cette promotion (2020\/2024) et ont encourag\u00e9 les nouveaux dipl\u00f4m\u00e9s \u00e0 entrer dans le monde professionnel avec la m\u00eame fermet\u00e9 et la m\u00eame ambition qu&rsquo;ils l&rsquo;ont fait au cours de leur parcours universitaire. Thomas Vivona s&rsquo;est exprim\u00e9 au nom des \u00e9tudiants, qui ont \u00e9galement remerci\u00e9 le personnel enseignant, leurs camarades de classe et les membres de leur famille.<\/div>\n<div>Les discours ont fait place \u00e0 la remise des dipl\u00f4mes, qui a \u00e9t\u00e9 le moment le plus f\u00eat\u00e9 de la c\u00e9r\u00e9monie. Apr\u00e8s cette remise, le Dr Pilar Marqu\u00e8s a repris la parole pour cl\u00f4turer la c\u00e9r\u00e9monie avant que l&rsquo;hymne de l&rsquo;universit\u00e9, Gaudeamus Igitur, ne soit jou\u00e9 dans la salle.<\/div>\n<p><a href=\"https:\/\/www.facebook.com\/media\/set\/?vanity=EUSESoficial&amp;set=a.996186949128138\" target=\"_blank\" rel=\"noopener\">TOUTES LES PHOTOS DE L&rsquo;ACTE DE DIPL\u00d4MATION 2020\/2024. Photos: FOTOGRUP<\/a><\/p>\n\n\t\t<style type=\"text\/css\">\n\t\t\t#gallery-1 {\n\t\t\t\tmargin: auto;\n\t\t\t}\n\t\t\t#gallery-1 .gallery-item {\n\t\t\t\tfloat: left;\n\t\t\t\tmargin-top: 10px;\n\t\t\t\ttext-align: center;\n\t\t\t\twidth: 33%;\n\t\t\t}\n\t\t\t#gallery-1 img {\n\t\t\t\tborder: 2px solid #cfcfcf;\n\t\t\t}\n\t\t\t#gallery-1 .gallery-caption {\n\t\t\t\tmargin-left: 0;\n\t\t\t}\n\t\t\t\/* see gallery_shortcode() in wp-includes\/media.php *\/\n\t\t<\/style>\n\t\t<div id='gallery-1' class='gallery galleryid-12046 gallery-columns-3 gallery-size-medium'><dl class='gallery-item'>\n\t\t\t<dt class='gallery-icon landscape'>\n\t\t\t\t<a href='https:\/\/barcelona.euses.cat\/fr\/la-6e-promotion-de-la-licence-en-kinesitherapie-udg-ub-celebre-la-ceremonie-de-remise-des-diplomes-dans-la-salle-paranimf\/graduacio-bellvitge-48-2\/'><img fetchpriority=\"high\" decoding=\"async\" width=\"300\" height=\"200\" src=\"https:\/\/barcelona.euses.cat\/wp-content\/uploads\/2024\/06\/GRADUACIO-BELLVITGE-48-300x200.jpg\" class=\"attachment-medium size-medium\" alt=\"\" srcset=\"https:\/\/barcelona.euses.cat\/wp-content\/uploads\/2024\/06\/GRADUACIO-BELLVITGE-48-300x200.jpg 300w, https:\/\/barcelona.euses.cat\/wp-content\/uploads\/2024\/06\/GRADUACIO-BELLVITGE-48-1024x682.jpg 1024w, https:\/\/barcelona.euses.cat\/wp-content\/uploads\/2024\/06\/GRADUACIO-BELLVITGE-48-768x512.jpg 768w, https:\/\/barcelona.euses.cat\/wp-content\/uploads\/2024\/06\/GRADUACIO-BELLVITGE-48-400x267.jpg 400w, https:\/\/barcelona.euses.cat\/wp-content\/uploads\/2024\/06\/GRADUACIO-BELLVITGE-48.jpg 1535w\" sizes=\"(max-width: 300px) 100vw, 300px\" \/><\/a>\n\t\t\t<\/dt><\/dl><dl class='gallery-item'>\n\t\t\t<dt class='gallery-icon landscape'>\n\t\t\t\t<a href='https:\/\/barcelona.euses.cat\/fr\/la-6e-promotion-de-la-licence-en-kinesitherapie-udg-ub-celebre-la-ceremonie-de-remise-des-diplomes-dans-la-salle-paranimf\/graduacio-bellvitge-77-2\/'><img decoding=\"async\" width=\"300\" height=\"200\" src=\"https:\/\/barcelona.euses.cat\/wp-content\/uploads\/2024\/06\/GRADUACIO-BELLVITGE-77-300x200.jpg\" class=\"attachment-medium size-medium\" alt=\"\" srcset=\"https:\/\/barcelona.euses.cat\/wp-content\/uploads\/2024\/06\/GRADUACIO-BELLVITGE-77-300x200.jpg 300w, https:\/\/barcelona.euses.cat\/wp-content\/uploads\/2024\/06\/GRADUACIO-BELLVITGE-77-1024x682.jpg 1024w, https:\/\/barcelona.euses.cat\/wp-content\/uploads\/2024\/06\/GRADUACIO-BELLVITGE-77-768x512.jpg 768w, https:\/\/barcelona.euses.cat\/wp-content\/uploads\/2024\/06\/GRADUACIO-BELLVITGE-77-400x267.jpg 400w, https:\/\/barcelona.euses.cat\/wp-content\/uploads\/2024\/06\/GRADUACIO-BELLVITGE-77.jpg 1535w\" sizes=\"(max-width: 300px) 100vw, 300px\" \/><\/a>\n\t\t\t<\/dt><\/dl><dl class='gallery-item'>\n\t\t\t<dt class='gallery-icon landscape'>\n\t\t\t\t<a href='https:\/\/barcelona.euses.cat\/fr\/la-6e-promotion-de-la-licence-en-kinesitherapie-udg-ub-celebre-la-ceremonie-de-remise-des-diplomes-dans-la-salle-paranimf\/graduacio-bellvitge-87-2\/'><img decoding=\"async\" width=\"300\" height=\"200\" src=\"https:\/\/barcelona.euses.cat\/wp-content\/uploads\/2024\/06\/GRADUACIO-BELLVITGE-87-300x200.jpg\" class=\"attachment-medium size-medium\" alt=\"\" srcset=\"https:\/\/barcelona.euses.cat\/wp-content\/uploads\/2024\/06\/GRADUACIO-BELLVITGE-87-300x200.jpg 300w, https:\/\/barcelona.euses.cat\/wp-content\/uploads\/2024\/06\/GRADUACIO-BELLVITGE-87-1024x682.jpg 1024w, https:\/\/barcelona.euses.cat\/wp-content\/uploads\/2024\/06\/GRADUACIO-BELLVITGE-87-768x512.jpg 768w, https:\/\/barcelona.euses.cat\/wp-content\/uploads\/2024\/06\/GRADUACIO-BELLVITGE-87-400x267.jpg 400w, https:\/\/barcelona.euses.cat\/wp-content\/uploads\/2024\/06\/GRADUACIO-BELLVITGE-87.jpg 1535w\" sizes=\"(max-width: 300px) 100vw, 300px\" \/><\/a>\n\t\t\t<\/dt><\/dl><br style=\"clear: both\" \/><dl class='gallery-item'>\n\t\t\t<dt class='gallery-icon landscape'>\n\t\t\t\t<a href='https:\/\/barcelona.euses.cat\/fr\/la-6e-promotion-de-la-licence-en-kinesitherapie-udg-ub-celebre-la-ceremonie-de-remise-des-diplomes-dans-la-salle-paranimf\/graduacio-bellvitge-100-2\/'><img loading=\"lazy\" decoding=\"async\" width=\"300\" height=\"200\" src=\"https:\/\/barcelona.euses.cat\/wp-content\/uploads\/2024\/06\/GRADUACIO-BELLVITGE-100-300x200.jpg\" class=\"attachment-medium size-medium\" alt=\"\" srcset=\"https:\/\/barcelona.euses.cat\/wp-content\/uploads\/2024\/06\/GRADUACIO-BELLVITGE-100-300x200.jpg 300w, https:\/\/barcelona.euses.cat\/wp-content\/uploads\/2024\/06\/GRADUACIO-BELLVITGE-100-1024x682.jpg 1024w, https:\/\/barcelona.euses.cat\/wp-content\/uploads\/2024\/06\/GRADUACIO-BELLVITGE-100-768x512.jpg 768w, https:\/\/barcelona.euses.cat\/wp-content\/uploads\/2024\/06\/GRADUACIO-BELLVITGE-100-400x267.jpg 400w, https:\/\/barcelona.euses.cat\/wp-content\/uploads\/2024\/06\/GRADUACIO-BELLVITGE-100.jpg 1535w\" sizes=\"(max-width: 300px) 100vw, 300px\" \/><\/a>\n\t\t\t<\/dt><\/dl><dl class='gallery-item'>\n\t\t\t<dt class='gallery-icon landscape'>\n\t\t\t\t<a href='https:\/\/barcelona.euses.cat\/fr\/la-6e-promotion-de-la-licence-en-kinesitherapie-udg-ub-celebre-la-ceremonie-de-remise-des-diplomes-dans-la-salle-paranimf\/graduacio-bellvitge-103-2\/'><img loading=\"lazy\" decoding=\"async\" width=\"300\" height=\"200\" src=\"https:\/\/barcelona.euses.cat\/wp-content\/uploads\/2024\/06\/GRADUACIO-BELLVITGE-103-300x200.jpg\" class=\"attachment-medium size-medium\" alt=\"\" srcset=\"https:\/\/barcelona.euses.cat\/wp-content\/uploads\/2024\/06\/GRADUACIO-BELLVITGE-103-300x200.jpg 300w, https:\/\/barcelona.euses.cat\/wp-content\/uploads\/2024\/06\/GRADUACIO-BELLVITGE-103-1024x682.jpg 1024w, https:\/\/barcelona.euses.cat\/wp-content\/uploads\/2024\/06\/GRADUACIO-BELLVITGE-103-768x512.jpg 768w, https:\/\/barcelona.euses.cat\/wp-content\/uploads\/2024\/06\/GRADUACIO-BELLVITGE-103-400x267.jpg 400w, https:\/\/barcelona.euses.cat\/wp-content\/uploads\/2024\/06\/GRADUACIO-BELLVITGE-103.jpg 1535w\" sizes=\"(max-width: 300px) 100vw, 300px\" \/><\/a>\n\t\t\t<\/dt><\/dl><dl class='gallery-item'>\n\t\t\t<dt class='gallery-icon landscape'>\n\t\t\t\t<a href='https:\/\/barcelona.euses.cat\/fr\/la-6e-promotion-de-la-licence-en-kinesitherapie-udg-ub-celebre-la-ceremonie-de-remise-des-diplomes-dans-la-salle-paranimf\/graduacio-bellvitge-235-2\/'><img loading=\"lazy\" decoding=\"async\" width=\"300\" height=\"200\" src=\"https:\/\/barcelona.euses.cat\/wp-content\/uploads\/2024\/06\/GRADUACIO-BELLVITGE-235-300x200.jpg\" class=\"attachment-medium size-medium\" alt=\"\" srcset=\"https:\/\/barcelona.euses.cat\/wp-content\/uploads\/2024\/06\/GRADUACIO-BELLVITGE-235-300x200.jpg 300w, https:\/\/barcelona.euses.cat\/wp-content\/uploads\/2024\/06\/GRADUACIO-BELLVITGE-235-1024x682.jpg 1024w, https:\/\/barcelona.euses.cat\/wp-content\/uploads\/2024\/06\/GRADUACIO-BELLVITGE-235-768x512.jpg 768w, https:\/\/barcelona.euses.cat\/wp-content\/uploads\/2024\/06\/GRADUACIO-BELLVITGE-235-400x267.jpg 400w, https:\/\/barcelona.euses.cat\/wp-content\/uploads\/2024\/06\/GRADUACIO-BELLVITGE-235.jpg 1535w\" sizes=\"(max-width: 300px) 100vw, 300px\" \/><\/a>\n\t\t\t<\/dt><\/dl><br style=\"clear: both\" \/>\n\t\t<\/div>\n\n<p>&nbsp;<\/p>\n<p>&nbsp;<\/p>\n","protected":false},"excerpt":{"rendered":"<p>La salle Paranimf de l&rsquo;Universit\u00e9 de Barcelone a servi de cadre \u00e0 la c\u00e9r\u00e9monie de remise des dipl\u00f4mes de la 6e promotion du dipl\u00f4me en kin\u00e9sith\u00e9rapie internationale (UdG-UB). Une quarantaine de nouveaux kin\u00e9sith\u00e9rapeutes qui ont commenc\u00e9 leurs \u00e9tudes au Campus de Bellvitge en 2020 ont re\u00e7u le dipl\u00f4me qui les accr\u00e9dite en tant que professionnels [&hellip;]<\/p>\n","protected":false},"author":3,"featured_media":12006,"comment_status":"open","ping_status":"closed","sticky":false,"template":"","format":"standard","meta":{"_acf_changed":false,"inline_featured_image":false,"_joinchat":[],"footnotes":""},"categories":[3],"tags":[],"class_list":["post-12046","post","type-post","status-publish","format-standard","has-post-thumbnail","hentry","category-non-classifiee"],"acf":[],"yoast_head":"<!-- This site is optimized with the Yoast SEO plugin v27.4 - https:\/\/yoast.com\/product\/yoast-seo-wordpress\/ -->\n<title>La 6e promotion de la Licence en Kin\u00e9sith\u00e9rapie (UdG-UB) c\u00e9l\u00e8bre la c\u00e9r\u00e9monie de remise des dipl\u00f4mes dans la salle Paranimf | EUSES - Campus de Bellvitge (Barcelona)<\/title>\n<meta name=\"robots\" content=\"index, follow, max-snippet:-1, max-image-preview:large, max-video-preview:-1\" \/>\n<link rel=\"canonical\" href=\"https:\/\/barcelona.euses.cat\/fr\/la-6e-promotion-de-la-licence-en-kinesitherapie-udg-ub-celebre-la-ceremonie-de-remise-des-diplomes-dans-la-salle-paranimf\/\" \/>\n<meta property=\"og:locale\" content=\"fr_FR\" \/>\n<meta property=\"og:type\" content=\"article\" \/>\n<meta property=\"og:title\" content=\"La 6e promotion de la Licence en Kin\u00e9sith\u00e9rapie (UdG-UB) c\u00e9l\u00e8bre la c\u00e9r\u00e9monie de remise des dipl\u00f4mes dans la salle Paranimf | EUSES - Campus de Bellvitge (Barcelona)\" \/>\n<meta property=\"og:description\" content=\"La salle Paranimf de l&rsquo;Universit\u00e9 de Barcelone a servi de cadre \u00e0 la c\u00e9r\u00e9monie de remise des dipl\u00f4mes de la 6e promotion du dipl\u00f4me en kin\u00e9sith\u00e9rapie internationale (UdG-UB). Une quarantaine de nouveaux kin\u00e9sith\u00e9rapeutes qui ont commenc\u00e9 leurs \u00e9tudes au Campus de Bellvitge en 2020 ont re\u00e7u le dipl\u00f4me qui les accr\u00e9dite en tant que professionnels [&hellip;]\" \/>\n<meta property=\"og:url\" content=\"https:\/\/barcelona.euses.cat\/fr\/la-6e-promotion-de-la-licence-en-kinesitherapie-udg-ub-celebre-la-ceremonie-de-remise-des-diplomes-dans-la-salle-paranimf\/\" \/>\n<meta property=\"og:site_name\" content=\"EUSES - Campus de Bellvitge (Barcelona)\" \/>\n<meta property=\"article:publisher\" content=\"https:\/\/www.facebook.com\/PhysioBCN\/\" \/>\n<meta property=\"article:published_time\" content=\"2024-06-27T14:28:23+00:00\" \/>\n<meta property=\"og:image\" content=\"https:\/\/barcelona.euses.cat\/wp-content\/uploads\/2024\/06\/GRADUACIO-BELLVITGE-234.jpg\" \/>\n\t<meta property=\"og:image:width\" content=\"1535\" \/>\n\t<meta property=\"og:image:height\" content=\"1023\" \/>\n\t<meta property=\"og:image:type\" content=\"image\/jpeg\" \/>\n<meta name=\"author\" content=\"Jordi Danes\" \/>\n<meta name=\"twitter:card\" content=\"summary_large_image\" \/>\n<meta name=\"twitter:label1\" content=\"\u00c9crit par\" \/>\n\t<meta name=\"twitter:data1\" content=\"Jordi Danes\" \/>\n\t<meta name=\"twitter:label2\" content=\"Dur\u00e9e de lecture estim\u00e9e\" \/>\n\t<meta name=\"twitter:data2\" content=\"2 minutes\" \/>\n<script type=\"application\/ld+json\" class=\"yoast-schema-graph\">{\"@context\":\"https:\\\/\\\/schema.org\",\"@graph\":[{\"@type\":\"Article\",\"@id\":\"https:\\\/\\\/barcelona.euses.cat\\\/fr\\\/la-6e-promotion-de-la-licence-en-kinesitherapie-udg-ub-celebre-la-ceremonie-de-remise-des-diplomes-dans-la-salle-paranimf\\\/#article\",\"isPartOf\":{\"@id\":\"https:\\\/\\\/barcelona.euses.cat\\\/fr\\\/la-6e-promotion-de-la-licence-en-kinesitherapie-udg-ub-celebre-la-ceremonie-de-remise-des-diplomes-dans-la-salle-paranimf\\\/\"},\"author\":{\"name\":\"Jordi Danes\",\"@id\":\"https:\\\/\\\/barcelona.euses.cat\\\/ca\\\/#\\\/schema\\\/person\\\/8ab46080dfc4814fa59383db317735bd\"},\"headline\":\"La 6e promotion de la Licence en Kin\u00e9sith\u00e9rapie (UdG-UB) c\u00e9l\u00e8bre la c\u00e9r\u00e9monie de remise des dipl\u00f4mes dans la salle Paranimf\",\"datePublished\":\"2024-06-27T14:28:23+00:00\",\"mainEntityOfPage\":{\"@id\":\"https:\\\/\\\/barcelona.euses.cat\\\/fr\\\/la-6e-promotion-de-la-licence-en-kinesitherapie-udg-ub-celebre-la-ceremonie-de-remise-des-diplomes-dans-la-salle-paranimf\\\/\"},\"wordCount\":308,\"commentCount\":0,\"image\":{\"@id\":\"https:\\\/\\\/barcelona.euses.cat\\\/fr\\\/la-6e-promotion-de-la-licence-en-kinesitherapie-udg-ub-celebre-la-ceremonie-de-remise-des-diplomes-dans-la-salle-paranimf\\\/#primaryimage\"},\"thumbnailUrl\":\"https:\\\/\\\/barcelona.euses.cat\\\/wp-content\\\/uploads\\\/2024\\\/06\\\/GRADUACIO-BELLVITGE-234.jpg\",\"articleSection\":[\"Non classifi\u00e9(e)\"],\"inLanguage\":\"fr-FR\"},{\"@type\":\"WebPage\",\"@id\":\"https:\\\/\\\/barcelona.euses.cat\\\/fr\\\/la-6e-promotion-de-la-licence-en-kinesitherapie-udg-ub-celebre-la-ceremonie-de-remise-des-diplomes-dans-la-salle-paranimf\\\/\",\"url\":\"https:\\\/\\\/barcelona.euses.cat\\\/fr\\\/la-6e-promotion-de-la-licence-en-kinesitherapie-udg-ub-celebre-la-ceremonie-de-remise-des-diplomes-dans-la-salle-paranimf\\\/\",\"name\":\"La 6e promotion de la Licence en Kin\u00e9sith\u00e9rapie (UdG-UB) c\u00e9l\u00e8bre la c\u00e9r\u00e9monie de remise des dipl\u00f4mes dans la salle Paranimf | EUSES - Campus de Bellvitge (Barcelona)\",\"isPartOf\":{\"@id\":\"https:\\\/\\\/barcelona.euses.cat\\\/ca\\\/#website\"},\"primaryImageOfPage\":{\"@id\":\"https:\\\/\\\/barcelona.euses.cat\\\/fr\\\/la-6e-promotion-de-la-licence-en-kinesitherapie-udg-ub-celebre-la-ceremonie-de-remise-des-diplomes-dans-la-salle-paranimf\\\/#primaryimage\"},\"image\":{\"@id\":\"https:\\\/\\\/barcelona.euses.cat\\\/fr\\\/la-6e-promotion-de-la-licence-en-kinesitherapie-udg-ub-celebre-la-ceremonie-de-remise-des-diplomes-dans-la-salle-paranimf\\\/#primaryimage\"},\"thumbnailUrl\":\"https:\\\/\\\/barcelona.euses.cat\\\/wp-content\\\/uploads\\\/2024\\\/06\\\/GRADUACIO-BELLVITGE-234.jpg\",\"datePublished\":\"2024-06-27T14:28:23+00:00\",\"author\":{\"@id\":\"https:\\\/\\\/barcelona.euses.cat\\\/ca\\\/#\\\/schema\\\/person\\\/8ab46080dfc4814fa59383db317735bd\"},\"breadcrumb\":{\"@id\":\"https:\\\/\\\/barcelona.euses.cat\\\/fr\\\/la-6e-promotion-de-la-licence-en-kinesitherapie-udg-ub-celebre-la-ceremonie-de-remise-des-diplomes-dans-la-salle-paranimf\\\/#breadcrumb\"},\"inLanguage\":\"fr-FR\",\"potentialAction\":[{\"@type\":\"ReadAction\",\"target\":[\"https:\\\/\\\/barcelona.euses.cat\\\/fr\\\/la-6e-promotion-de-la-licence-en-kinesitherapie-udg-ub-celebre-la-ceremonie-de-remise-des-diplomes-dans-la-salle-paranimf\\\/\"]}]},{\"@type\":\"ImageObject\",\"inLanguage\":\"fr-FR\",\"@id\":\"https:\\\/\\\/barcelona.euses.cat\\\/fr\\\/la-6e-promotion-de-la-licence-en-kinesitherapie-udg-ub-celebre-la-ceremonie-de-remise-des-diplomes-dans-la-salle-paranimf\\\/#primaryimage\",\"url\":\"https:\\\/\\\/barcelona.euses.cat\\\/wp-content\\\/uploads\\\/2024\\\/06\\\/GRADUACIO-BELLVITGE-234.jpg\",\"contentUrl\":\"https:\\\/\\\/barcelona.euses.cat\\\/wp-content\\\/uploads\\\/2024\\\/06\\\/GRADUACIO-BELLVITGE-234.jpg\",\"width\":1535,\"height\":1023},{\"@type\":\"BreadcrumbList\",\"@id\":\"https:\\\/\\\/barcelona.euses.cat\\\/fr\\\/la-6e-promotion-de-la-licence-en-kinesitherapie-udg-ub-celebre-la-ceremonie-de-remise-des-diplomes-dans-la-salle-paranimf\\\/#breadcrumb\",\"itemListElement\":[{\"@type\":\"ListItem\",\"position\":1,\"name\":\"Portada\",\"item\":\"https:\\\/\\\/barcelona.euses.cat\\\/fr\\\/\"},{\"@type\":\"ListItem\",\"position\":2,\"name\":\"La 6e promotion de la Licence en Kin\u00e9sith\u00e9rapie (UdG-UB) c\u00e9l\u00e8bre la c\u00e9r\u00e9monie de remise des dipl\u00f4mes dans la salle Paranimf\"}]},{\"@type\":\"WebSite\",\"@id\":\"https:\\\/\\\/barcelona.euses.cat\\\/ca\\\/#website\",\"url\":\"https:\\\/\\\/barcelona.euses.cat\\\/ca\\\/\",\"name\":\"EUSES - Campus de Bellvitge (Barcelona)\",\"description\":\"EUSES, Ecole Universitaire de Physioth\u00e9rapie Internationale \u00e0 Barcelone\",\"potentialAction\":[{\"@type\":\"SearchAction\",\"target\":{\"@type\":\"EntryPoint\",\"urlTemplate\":\"https:\\\/\\\/barcelona.euses.cat\\\/ca\\\/?s={search_term_string}\"},\"query-input\":{\"@type\":\"PropertyValueSpecification\",\"valueRequired\":true,\"valueName\":\"search_term_string\"}}],\"inLanguage\":\"fr-FR\"},{\"@type\":\"Person\",\"@id\":\"https:\\\/\\\/barcelona.euses.cat\\\/ca\\\/#\\\/schema\\\/person\\\/8ab46080dfc4814fa59383db317735bd\",\"name\":\"Jordi Danes\",\"image\":{\"@type\":\"ImageObject\",\"inLanguage\":\"fr-FR\",\"@id\":\"https:\\\/\\\/secure.gravatar.com\\\/avatar\\\/a9e4f443b594af225625ee8cfa665e41b1e0740ea34fbe0515b4ca559f8570ef?s=96&d=mm&r=g\",\"url\":\"https:\\\/\\\/secure.gravatar.com\\\/avatar\\\/a9e4f443b594af225625ee8cfa665e41b1e0740ea34fbe0515b4ca559f8570ef?s=96&d=mm&r=g\",\"contentUrl\":\"https:\\\/\\\/secure.gravatar.com\\\/avatar\\\/a9e4f443b594af225625ee8cfa665e41b1e0740ea34fbe0515b4ca559f8570ef?s=96&d=mm&r=g\",\"caption\":\"Jordi Danes\"},\"url\":\"https:\\\/\\\/barcelona.euses.cat\\\/fr\\\/author\\\/jordi-danes\\\/\"}]}<\/script>\n<!-- \/ Yoast SEO plugin. -->","yoast_head_json":{"title":"La 6e promotion de la Licence en Kin\u00e9sith\u00e9rapie (UdG-UB) c\u00e9l\u00e8bre la c\u00e9r\u00e9monie de remise des dipl\u00f4mes dans la salle Paranimf | EUSES - Campus de Bellvitge (Barcelona)","robots":{"index":"index","follow":"follow","max-snippet":"max-snippet:-1","max-image-preview":"max-image-preview:large","max-video-preview":"max-video-preview:-1"},"canonical":"https:\/\/barcelona.euses.cat\/fr\/la-6e-promotion-de-la-licence-en-kinesitherapie-udg-ub-celebre-la-ceremonie-de-remise-des-diplomes-dans-la-salle-paranimf\/","og_locale":"fr_FR","og_type":"article","og_title":"La 6e promotion de la Licence en Kin\u00e9sith\u00e9rapie (UdG-UB) c\u00e9l\u00e8bre la c\u00e9r\u00e9monie de remise des dipl\u00f4mes dans la salle Paranimf | EUSES - Campus de Bellvitge (Barcelona)","og_description":"La salle Paranimf de l&rsquo;Universit\u00e9 de Barcelone a servi de cadre \u00e0 la c\u00e9r\u00e9monie de remise des dipl\u00f4mes de la 6e promotion du dipl\u00f4me en kin\u00e9sith\u00e9rapie internationale (UdG-UB). Une quarantaine de nouveaux kin\u00e9sith\u00e9rapeutes qui ont commenc\u00e9 leurs \u00e9tudes au Campus de Bellvitge en 2020 ont re\u00e7u le dipl\u00f4me qui les accr\u00e9dite en tant que professionnels [&hellip;]","og_url":"https:\/\/barcelona.euses.cat\/fr\/la-6e-promotion-de-la-licence-en-kinesitherapie-udg-ub-celebre-la-ceremonie-de-remise-des-diplomes-dans-la-salle-paranimf\/","og_site_name":"EUSES - Campus de Bellvitge (Barcelona)","article_publisher":"https:\/\/www.facebook.com\/PhysioBCN\/","article_published_time":"2024-06-27T14:28:23+00:00","og_image":[{"width":1535,"height":1023,"url":"https:\/\/barcelona.euses.cat\/wp-content\/uploads\/2024\/06\/GRADUACIO-BELLVITGE-234.jpg","type":"image\/jpeg"}],"author":"Jordi Danes","twitter_card":"summary_large_image","twitter_misc":{"\u00c9crit par":"Jordi Danes","Dur\u00e9e de lecture estim\u00e9e":"2 minutes"},"schema":{"@context":"https:\/\/schema.org","@graph":[{"@type":"Article","@id":"https:\/\/barcelona.euses.cat\/fr\/la-6e-promotion-de-la-licence-en-kinesitherapie-udg-ub-celebre-la-ceremonie-de-remise-des-diplomes-dans-la-salle-paranimf\/#article","isPartOf":{"@id":"https:\/\/barcelona.euses.cat\/fr\/la-6e-promotion-de-la-licence-en-kinesitherapie-udg-ub-celebre-la-ceremonie-de-remise-des-diplomes-dans-la-salle-paranimf\/"},"author":{"name":"Jordi Danes","@id":"https:\/\/barcelona.euses.cat\/ca\/#\/schema\/person\/8ab46080dfc4814fa59383db317735bd"},"headline":"La 6e promotion de la Licence en Kin\u00e9sith\u00e9rapie (UdG-UB) c\u00e9l\u00e8bre la c\u00e9r\u00e9monie de remise des dipl\u00f4mes dans la salle Paranimf","datePublished":"2024-06-27T14:28:23+00:00","mainEntityOfPage":{"@id":"https:\/\/barcelona.euses.cat\/fr\/la-6e-promotion-de-la-licence-en-kinesitherapie-udg-ub-celebre-la-ceremonie-de-remise-des-diplomes-dans-la-salle-paranimf\/"},"wordCount":308,"commentCount":0,"image":{"@id":"https:\/\/barcelona.euses.cat\/fr\/la-6e-promotion-de-la-licence-en-kinesitherapie-udg-ub-celebre-la-ceremonie-de-remise-des-diplomes-dans-la-salle-paranimf\/#primaryimage"},"thumbnailUrl":"https:\/\/barcelona.euses.cat\/wp-content\/uploads\/2024\/06\/GRADUACIO-BELLVITGE-234.jpg","articleSection":["Non classifi\u00e9(e)"],"inLanguage":"fr-FR"},{"@type":"WebPage","@id":"https:\/\/barcelona.euses.cat\/fr\/la-6e-promotion-de-la-licence-en-kinesitherapie-udg-ub-celebre-la-ceremonie-de-remise-des-diplomes-dans-la-salle-paranimf\/","url":"https:\/\/barcelona.euses.cat\/fr\/la-6e-promotion-de-la-licence-en-kinesitherapie-udg-ub-celebre-la-ceremonie-de-remise-des-diplomes-dans-la-salle-paranimf\/","name":"La 6e promotion de la Licence en Kin\u00e9sith\u00e9rapie (UdG-UB) c\u00e9l\u00e8bre la c\u00e9r\u00e9monie de remise des dipl\u00f4mes dans la salle Paranimf | EUSES - Campus de Bellvitge (Barcelona)","isPartOf":{"@id":"https:\/\/barcelona.euses.cat\/ca\/#website"},"primaryImageOfPage":{"@id":"https:\/\/barcelona.euses.cat\/fr\/la-6e-promotion-de-la-licence-en-kinesitherapie-udg-ub-celebre-la-ceremonie-de-remise-des-diplomes-dans-la-salle-paranimf\/#primaryimage"},"image":{"@id":"https:\/\/barcelona.euses.cat\/fr\/la-6e-promotion-de-la-licence-en-kinesitherapie-udg-ub-celebre-la-ceremonie-de-remise-des-diplomes-dans-la-salle-paranimf\/#primaryimage"},"thumbnailUrl":"https:\/\/barcelona.euses.cat\/wp-content\/uploads\/2024\/06\/GRADUACIO-BELLVITGE-234.jpg","datePublished":"2024-06-27T14:28:23+00:00","author":{"@id":"https:\/\/barcelona.euses.cat\/ca\/#\/schema\/person\/8ab46080dfc4814fa59383db317735bd"},"breadcrumb":{"@id":"https:\/\/barcelona.euses.cat\/fr\/la-6e-promotion-de-la-licence-en-kinesitherapie-udg-ub-celebre-la-ceremonie-de-remise-des-diplomes-dans-la-salle-paranimf\/#breadcrumb"},"inLanguage":"fr-FR","potentialAction":[{"@type":"ReadAction","target":["https:\/\/barcelona.euses.cat\/fr\/la-6e-promotion-de-la-licence-en-kinesitherapie-udg-ub-celebre-la-ceremonie-de-remise-des-diplomes-dans-la-salle-paranimf\/"]}]},{"@type":"ImageObject","inLanguage":"fr-FR","@id":"https:\/\/barcelona.euses.cat\/fr\/la-6e-promotion-de-la-licence-en-kinesitherapie-udg-ub-celebre-la-ceremonie-de-remise-des-diplomes-dans-la-salle-paranimf\/#primaryimage","url":"https:\/\/barcelona.euses.cat\/wp-content\/uploads\/2024\/06\/GRADUACIO-BELLVITGE-234.jpg","contentUrl":"https:\/\/barcelona.euses.cat\/wp-content\/uploads\/2024\/06\/GRADUACIO-BELLVITGE-234.jpg","width":1535,"height":1023},{"@type":"BreadcrumbList","@id":"https:\/\/barcelona.euses.cat\/fr\/la-6e-promotion-de-la-licence-en-kinesitherapie-udg-ub-celebre-la-ceremonie-de-remise-des-diplomes-dans-la-salle-paranimf\/#breadcrumb","itemListElement":[{"@type":"ListItem","position":1,"name":"Portada","item":"https:\/\/barcelona.euses.cat\/fr\/"},{"@type":"ListItem","position":2,"name":"La 6e promotion de la Licence en Kin\u00e9sith\u00e9rapie (UdG-UB) c\u00e9l\u00e8bre la c\u00e9r\u00e9monie de remise des dipl\u00f4mes dans la salle Paranimf"}]},{"@type":"WebSite","@id":"https:\/\/barcelona.euses.cat\/ca\/#website","url":"https:\/\/barcelona.euses.cat\/ca\/","name":"EUSES - Campus de Bellvitge (Barcelona)","description":"EUSES, Ecole Universitaire de Physioth\u00e9rapie Internationale \u00e0 Barcelone","potentialAction":[{"@type":"SearchAction","target":{"@type":"EntryPoint","urlTemplate":"https:\/\/barcelona.euses.cat\/ca\/?s={search_term_string}"},"query-input":{"@type":"PropertyValueSpecification","valueRequired":true,"valueName":"search_term_string"}}],"inLanguage":"fr-FR"},{"@type":"Person","@id":"https:\/\/barcelona.euses.cat\/ca\/#\/schema\/person\/8ab46080dfc4814fa59383db317735bd","name":"Jordi Danes","image":{"@type":"ImageObject","inLanguage":"fr-FR","@id":"https:\/\/secure.gravatar.com\/avatar\/a9e4f443b594af225625ee8cfa665e41b1e0740ea34fbe0515b4ca559f8570ef?s=96&d=mm&r=g","url":"https:\/\/secure.gravatar.com\/avatar\/a9e4f443b594af225625ee8cfa665e41b1e0740ea34fbe0515b4ca559f8570ef?s=96&d=mm&r=g","contentUrl":"https:\/\/secure.gravatar.com\/avatar\/a9e4f443b594af225625ee8cfa665e41b1e0740ea34fbe0515b4ca559f8570ef?s=96&d=mm&r=g","caption":"Jordi Danes"},"url":"https:\/\/barcelona.euses.cat\/fr\/author\/jordi-danes\/"}]}},"_links":{"self":[{"href":"https:\/\/barcelona.euses.cat\/fr\/wp-json\/wp\/v2\/posts\/12046","targetHints":{"allow":["GET"]}}],"collection":[{"href":"https:\/\/barcelona.euses.cat\/fr\/wp-json\/wp\/v2\/posts"}],"about":[{"href":"https:\/\/barcelona.euses.cat\/fr\/wp-json\/wp\/v2\/types\/post"}],"author":[{"embeddable":true,"href":"https:\/\/barcelona.euses.cat\/fr\/wp-json\/wp\/v2\/users\/3"}],"replies":[{"embeddable":true,"href":"https:\/\/barcelona.euses.cat\/fr\/wp-json\/wp\/v2\/comments?post=12046"}],"version-history":[{"count":2,"href":"https:\/\/barcelona.euses.cat\/fr\/wp-json\/wp\/v2\/posts\/12046\/revisions"}],"predecessor-version":[{"id":12051,"href":"https:\/\/barcelona.euses.cat\/fr\/wp-json\/wp\/v2\/posts\/12046\/revisions\/12051"}],"wp:featuredmedia":[{"embeddable":true,"href":"https:\/\/barcelona.euses.cat\/fr\/wp-json\/wp\/v2\/media\/12006"}],"wp:attachment":[{"href":"https:\/\/barcelona.euses.cat\/fr\/wp-json\/wp\/v2\/media?parent=12046"}],"wp:term":[{"taxonomy":"category","embeddable":true,"href":"https:\/\/barcelona.euses.cat\/fr\/wp-json\/wp\/v2\/categories?post=12046"},{"taxonomy":"post_tag","embeddable":true,"href":"https:\/\/barcelona.euses.cat\/fr\/wp-json\/wp\/v2\/tags?post=12046"}],"curies":[{"name":"wp","href":"https:\/\/api.w.org\/{rel}","templated":true}]}}