{"id":11454,"date":"2023-09-13T09:53:26","date_gmt":"2023-09-13T07:53:26","guid":{"rendered":"https:\/\/barcelona.euses.cat\/?p=11454"},"modified":"2023-09-13T09:53:26","modified_gmt":"2023-09-13T07:53:26","slug":"lannee-universitaire-2023-2024-debute-sur-les-campus-de-salt-terres-de-lebre-et-bellvitge","status":"publish","type":"post","link":"https:\/\/barcelona.euses.cat\/fr\/lannee-universitaire-2023-2024-debute-sur-les-campus-de-salt-terres-de-lebre-et-bellvitge\/","title":{"rendered":"L&rsquo;ann\u00e9e universitaire 2023\/2024 d\u00e9bute sur les campus de Salt, Terres de l&rsquo;Ebre et Bellvitge"},"content":{"rendered":"<p>Aujourd&rsquo;hui, mardi, l&rsquo;ann\u00e9e acad\u00e9mique universitaire 2023\/2024 a commenc\u00e9 sur les trois campus de l&rsquo;Escola Universit\u00e0ria de la Salut i l&rsquo;Esport situ\u00e9s \u00e0 Salt, Terres de l&rsquo;Ebre et Bellvitge, o\u00f9, au total, plus de 400 nouveaux \u00e9tudiants ont \u00e9t\u00e9 accueillis dans la famille EUSES et ont commenc\u00e9 leurs \u00e9tudes en Kin\u00e9sith\u00e9rapie ou en STAPS.<\/p>\n<p>\u00c0 la fin de cette ann\u00e9e acad\u00e9mique, le Campus de Salt accueillera la douzi\u00e8me promotion en Kin\u00e9sith\u00e9rapie et STAPS et la quatri\u00e8me promotion du Double Dipl\u00f4me (STAPS + Kin\u00e9sith\u00e9rapie). Quant au campus de Bellvitge, il accueillera sa sixi\u00e8me promotion du dipl\u00f4me en Kin\u00e9sith\u00e9rapie internationale.<\/p>\n<p>Nous profitons de l&rsquo;occasion pour souhaiter \u00e0 tous les \u00e9tudiants des trois campus une excellente et tr\u00e8s profitable ann\u00e9e acad\u00e9mique.<\/p>\n<p><img decoding=\"async\" class=\"alignnone size-medium wp-image-11450\" src=\"https:\/\/barcelona.euses.cat\/wp-content\/uploads\/2023\/09\/Physio1-300x146.jpg\" alt=\"\" width=\"300\" height=\"146\" srcset=\"https:\/\/barcelona.euses.cat\/wp-content\/uploads\/2023\/09\/Physio1-300x146.jpg 300w, https:\/\/barcelona.euses.cat\/wp-content\/uploads\/2023\/09\/Physio1-1024x498.jpg 1024w, https:\/\/barcelona.euses.cat\/wp-content\/uploads\/2023\/09\/Physio1-768x373.jpg 768w, https:\/\/barcelona.euses.cat\/wp-content\/uploads\/2023\/09\/Physio1-1536x746.jpg 1536w, https:\/\/barcelona.euses.cat\/wp-content\/uploads\/2023\/09\/Physio1-2048x995.jpg 2048w, https:\/\/barcelona.euses.cat\/wp-content\/uploads\/2023\/09\/Physio1-350x170.jpg 350w\" sizes=\"(max-width: 300px) 100vw, 300px\" \/><\/p>\n","protected":false},"excerpt":{"rendered":"<p>Aujourd&rsquo;hui, mardi, l&rsquo;ann\u00e9e acad\u00e9mique universitaire 2023\/2024 a commenc\u00e9 sur les trois campus de l&rsquo;Escola Universit\u00e0ria de la Salut i l&rsquo;Esport situ\u00e9s \u00e0 Salt, Terres de l&rsquo;Ebre et Bellvitge, o\u00f9, au total, plus de 400 nouveaux \u00e9tudiants ont \u00e9t\u00e9 accueillis dans la famille EUSES et ont commenc\u00e9 leurs \u00e9tudes en Kin\u00e9sith\u00e9rapie ou en STAPS. \u00c0 la [&hellip;]<\/p>\n","protected":false},"author":3,"featured_media":11441,"comment_status":"open","ping_status":"closed","sticky":false,"template":"","format":"standard","meta":{"_acf_changed":false,"inline_featured_image":false,"_joinchat":[],"footnotes":""},"categories":[3],"tags":[],"class_list":["post-11454","post","type-post","status-publish","format-standard","has-post-thumbnail","hentry","category-non-classifiee"],"acf":[],"yoast_head":"<!-- This site is optimized with the Yoast SEO plugin v27.4 - https:\/\/yoast.com\/product\/yoast-seo-wordpress\/ -->\n<title>L&#039;ann\u00e9e universitaire 2023\/2024 d\u00e9bute sur les campus de Salt, Terres de l&#039;Ebre et Bellvitge | EUSES - Campus de Bellvitge (Barcelona)<\/title>\n<meta name=\"robots\" content=\"index, follow, max-snippet:-1, max-image-preview:large, max-video-preview:-1\" \/>\n<link rel=\"canonical\" href=\"https:\/\/barcelona.euses.cat\/?p=11456\" \/>\n<meta property=\"og:locale\" content=\"fr_FR\" \/>\n<meta property=\"og:type\" content=\"article\" \/>\n<meta property=\"og:title\" content=\"L&#039;ann\u00e9e universitaire 2023\/2024 d\u00e9bute sur les campus de Salt, Terres de l&#039;Ebre et Bellvitge | EUSES - Campus de Bellvitge (Barcelona)\" \/>\n<meta property=\"og:description\" content=\"Aujourd&rsquo;hui, mardi, l&rsquo;ann\u00e9e acad\u00e9mique universitaire 2023\/2024 a commenc\u00e9 sur les trois campus de l&rsquo;Escola Universit\u00e0ria de la Salut i l&rsquo;Esport situ\u00e9s \u00e0 Salt, Terres de l&rsquo;Ebre et Bellvitge, o\u00f9, au total, plus de 400 nouveaux \u00e9tudiants ont \u00e9t\u00e9 accueillis dans la famille EUSES et ont commenc\u00e9 leurs \u00e9tudes en Kin\u00e9sith\u00e9rapie ou en STAPS. \u00c0 la [&hellip;]\" \/>\n<meta property=\"og:url\" content=\"https:\/\/barcelona.euses.cat\/?p=11456\" \/>\n<meta property=\"og:site_name\" content=\"EUSES - Campus de Bellvitge (Barcelona)\" \/>\n<meta property=\"article:publisher\" content=\"https:\/\/www.facebook.com\/PhysioBCN\/\" \/>\n<meta property=\"article:published_time\" content=\"2023-09-13T07:53:26+00:00\" \/>\n<meta property=\"og:image\" content=\"https:\/\/barcelona.euses.cat\/wp-content\/uploads\/2023\/09\/Physio2-scaled.jpg\" \/>\n\t<meta property=\"og:image:width\" content=\"2560\" \/>\n\t<meta property=\"og:image:height\" content=\"1244\" \/>\n\t<meta property=\"og:image:type\" content=\"image\/jpeg\" \/>\n<meta name=\"author\" content=\"Jordi Danes\" \/>\n<meta name=\"twitter:card\" content=\"summary_large_image\" \/>\n<meta name=\"twitter:label1\" content=\"\u00c9crit par\" \/>\n\t<meta name=\"twitter:data1\" content=\"Jordi Danes\" \/>\n\t<meta name=\"twitter:label2\" content=\"Dur\u00e9e de lecture estim\u00e9e\" \/>\n\t<meta name=\"twitter:data2\" content=\"1 minute\" \/>\n<script type=\"application\/ld+json\" class=\"yoast-schema-graph\">{\"@context\":\"https:\\\/\\\/schema.org\",\"@graph\":[{\"@type\":\"Article\",\"@id\":\"https:\\\/\\\/barcelona.euses.cat\\\/?p=11456#article\",\"isPartOf\":{\"@id\":\"https:\\\/\\\/barcelona.euses.cat\\\/?p=11456\"},\"author\":{\"name\":\"Jordi Danes\",\"@id\":\"https:\\\/\\\/barcelona.euses.cat\\\/ca\\\/#\\\/schema\\\/person\\\/8ab46080dfc4814fa59383db317735bd\"},\"headline\":\"L&rsquo;ann\u00e9e universitaire 2023\\\/2024 d\u00e9bute sur les campus de Salt, Terres de l&rsquo;Ebre et Bellvitge\",\"datePublished\":\"2023-09-13T07:53:26+00:00\",\"mainEntityOfPage\":{\"@id\":\"https:\\\/\\\/barcelona.euses.cat\\\/?p=11456\"},\"wordCount\":156,\"commentCount\":0,\"image\":{\"@id\":\"https:\\\/\\\/barcelona.euses.cat\\\/?p=11456#primaryimage\"},\"thumbnailUrl\":\"https:\\\/\\\/barcelona.euses.cat\\\/wp-content\\\/uploads\\\/2023\\\/09\\\/Physio2-scaled.jpg\",\"articleSection\":[\"Non classifi\u00e9(e)\"],\"inLanguage\":\"fr-FR\"},{\"@type\":\"WebPage\",\"@id\":\"https:\\\/\\\/barcelona.euses.cat\\\/?p=11456\",\"url\":\"https:\\\/\\\/barcelona.euses.cat\\\/?p=11456\",\"name\":\"L'ann\u00e9e universitaire 2023\\\/2024 d\u00e9bute sur les campus de Salt, Terres de l'Ebre et Bellvitge | EUSES - Campus de Bellvitge (Barcelona)\",\"isPartOf\":{\"@id\":\"https:\\\/\\\/barcelona.euses.cat\\\/ca\\\/#website\"},\"primaryImageOfPage\":{\"@id\":\"https:\\\/\\\/barcelona.euses.cat\\\/?p=11456#primaryimage\"},\"image\":{\"@id\":\"https:\\\/\\\/barcelona.euses.cat\\\/?p=11456#primaryimage\"},\"thumbnailUrl\":\"https:\\\/\\\/barcelona.euses.cat\\\/wp-content\\\/uploads\\\/2023\\\/09\\\/Physio2-scaled.jpg\",\"datePublished\":\"2023-09-13T07:53:26+00:00\",\"author\":{\"@id\":\"https:\\\/\\\/barcelona.euses.cat\\\/ca\\\/#\\\/schema\\\/person\\\/8ab46080dfc4814fa59383db317735bd\"},\"breadcrumb\":{\"@id\":\"https:\\\/\\\/barcelona.euses.cat\\\/?p=11456#breadcrumb\"},\"inLanguage\":\"fr-FR\",\"potentialAction\":[{\"@type\":\"ReadAction\",\"target\":[\"https:\\\/\\\/barcelona.euses.cat\\\/?p=11456\"]}]},{\"@type\":\"ImageObject\",\"inLanguage\":\"fr-FR\",\"@id\":\"https:\\\/\\\/barcelona.euses.cat\\\/?p=11456#primaryimage\",\"url\":\"https:\\\/\\\/barcelona.euses.cat\\\/wp-content\\\/uploads\\\/2023\\\/09\\\/Physio2-scaled.jpg\",\"contentUrl\":\"https:\\\/\\\/barcelona.euses.cat\\\/wp-content\\\/uploads\\\/2023\\\/09\\\/Physio2-scaled.jpg\",\"width\":2560,\"height\":1244},{\"@type\":\"BreadcrumbList\",\"@id\":\"https:\\\/\\\/barcelona.euses.cat\\\/?p=11456#breadcrumb\",\"itemListElement\":[{\"@type\":\"ListItem\",\"position\":1,\"name\":\"Portada\",\"item\":\"https:\\\/\\\/barcelona.euses.cat\\\/fr\\\/\"},{\"@type\":\"ListItem\",\"position\":2,\"name\":\"L&#8217;ann\u00e9e universitaire 2023\\\/2024 d\u00e9bute sur les campus de Salt, Terres de l&#8217;Ebre et Bellvitge\"}]},{\"@type\":\"WebSite\",\"@id\":\"https:\\\/\\\/barcelona.euses.cat\\\/ca\\\/#website\",\"url\":\"https:\\\/\\\/barcelona.euses.cat\\\/ca\\\/\",\"name\":\"EUSES - Campus de Bellvitge (Barcelona)\",\"description\":\"EUSES, Ecole Universitaire de Physioth\u00e9rapie Internationale \u00e0 Barcelone\",\"potentialAction\":[{\"@type\":\"SearchAction\",\"target\":{\"@type\":\"EntryPoint\",\"urlTemplate\":\"https:\\\/\\\/barcelona.euses.cat\\\/ca\\\/?s={search_term_string}\"},\"query-input\":{\"@type\":\"PropertyValueSpecification\",\"valueRequired\":true,\"valueName\":\"search_term_string\"}}],\"inLanguage\":\"fr-FR\"},{\"@type\":\"Person\",\"@id\":\"https:\\\/\\\/barcelona.euses.cat\\\/ca\\\/#\\\/schema\\\/person\\\/8ab46080dfc4814fa59383db317735bd\",\"name\":\"Jordi Danes\",\"image\":{\"@type\":\"ImageObject\",\"inLanguage\":\"fr-FR\",\"@id\":\"https:\\\/\\\/secure.gravatar.com\\\/avatar\\\/a9e4f443b594af225625ee8cfa665e41b1e0740ea34fbe0515b4ca559f8570ef?s=96&d=mm&r=g\",\"url\":\"https:\\\/\\\/secure.gravatar.com\\\/avatar\\\/a9e4f443b594af225625ee8cfa665e41b1e0740ea34fbe0515b4ca559f8570ef?s=96&d=mm&r=g\",\"contentUrl\":\"https:\\\/\\\/secure.gravatar.com\\\/avatar\\\/a9e4f443b594af225625ee8cfa665e41b1e0740ea34fbe0515b4ca559f8570ef?s=96&d=mm&r=g\",\"caption\":\"Jordi Danes\"},\"url\":\"https:\\\/\\\/barcelona.euses.cat\\\/fr\\\/author\\\/jordi-danes\\\/\"}]}<\/script>\n<!-- \/ Yoast SEO plugin. -->","yoast_head_json":{"title":"L'ann\u00e9e universitaire 2023\/2024 d\u00e9bute sur les campus de Salt, Terres de l'Ebre et Bellvitge | EUSES - Campus de Bellvitge (Barcelona)","robots":{"index":"index","follow":"follow","max-snippet":"max-snippet:-1","max-image-preview":"max-image-preview:large","max-video-preview":"max-video-preview:-1"},"canonical":"https:\/\/barcelona.euses.cat\/?p=11456","og_locale":"fr_FR","og_type":"article","og_title":"L'ann\u00e9e universitaire 2023\/2024 d\u00e9bute sur les campus de Salt, Terres de l'Ebre et Bellvitge | EUSES - Campus de Bellvitge (Barcelona)","og_description":"Aujourd&rsquo;hui, mardi, l&rsquo;ann\u00e9e acad\u00e9mique universitaire 2023\/2024 a commenc\u00e9 sur les trois campus de l&rsquo;Escola Universit\u00e0ria de la Salut i l&rsquo;Esport situ\u00e9s \u00e0 Salt, Terres de l&rsquo;Ebre et Bellvitge, o\u00f9, au total, plus de 400 nouveaux \u00e9tudiants ont \u00e9t\u00e9 accueillis dans la famille EUSES et ont commenc\u00e9 leurs \u00e9tudes en Kin\u00e9sith\u00e9rapie ou en STAPS. \u00c0 la [&hellip;]","og_url":"https:\/\/barcelona.euses.cat\/?p=11456","og_site_name":"EUSES - Campus de Bellvitge (Barcelona)","article_publisher":"https:\/\/www.facebook.com\/PhysioBCN\/","article_published_time":"2023-09-13T07:53:26+00:00","og_image":[{"width":2560,"height":1244,"url":"https:\/\/barcelona.euses.cat\/wp-content\/uploads\/2023\/09\/Physio2-scaled.jpg","type":"image\/jpeg"}],"author":"Jordi Danes","twitter_card":"summary_large_image","twitter_misc":{"\u00c9crit par":"Jordi Danes","Dur\u00e9e de lecture estim\u00e9e":"1 minute"},"schema":{"@context":"https:\/\/schema.org","@graph":[{"@type":"Article","@id":"https:\/\/barcelona.euses.cat\/?p=11456#article","isPartOf":{"@id":"https:\/\/barcelona.euses.cat\/?p=11456"},"author":{"name":"Jordi Danes","@id":"https:\/\/barcelona.euses.cat\/ca\/#\/schema\/person\/8ab46080dfc4814fa59383db317735bd"},"headline":"L&rsquo;ann\u00e9e universitaire 2023\/2024 d\u00e9bute sur les campus de Salt, Terres de l&rsquo;Ebre et Bellvitge","datePublished":"2023-09-13T07:53:26+00:00","mainEntityOfPage":{"@id":"https:\/\/barcelona.euses.cat\/?p=11456"},"wordCount":156,"commentCount":0,"image":{"@id":"https:\/\/barcelona.euses.cat\/?p=11456#primaryimage"},"thumbnailUrl":"https:\/\/barcelona.euses.cat\/wp-content\/uploads\/2023\/09\/Physio2-scaled.jpg","articleSection":["Non classifi\u00e9(e)"],"inLanguage":"fr-FR"},{"@type":"WebPage","@id":"https:\/\/barcelona.euses.cat\/?p=11456","url":"https:\/\/barcelona.euses.cat\/?p=11456","name":"L'ann\u00e9e universitaire 2023\/2024 d\u00e9bute sur les campus de Salt, Terres de l'Ebre et Bellvitge | EUSES - Campus de Bellvitge (Barcelona)","isPartOf":{"@id":"https:\/\/barcelona.euses.cat\/ca\/#website"},"primaryImageOfPage":{"@id":"https:\/\/barcelona.euses.cat\/?p=11456#primaryimage"},"image":{"@id":"https:\/\/barcelona.euses.cat\/?p=11456#primaryimage"},"thumbnailUrl":"https:\/\/barcelona.euses.cat\/wp-content\/uploads\/2023\/09\/Physio2-scaled.jpg","datePublished":"2023-09-13T07:53:26+00:00","author":{"@id":"https:\/\/barcelona.euses.cat\/ca\/#\/schema\/person\/8ab46080dfc4814fa59383db317735bd"},"breadcrumb":{"@id":"https:\/\/barcelona.euses.cat\/?p=11456#breadcrumb"},"inLanguage":"fr-FR","potentialAction":[{"@type":"ReadAction","target":["https:\/\/barcelona.euses.cat\/?p=11456"]}]},{"@type":"ImageObject","inLanguage":"fr-FR","@id":"https:\/\/barcelona.euses.cat\/?p=11456#primaryimage","url":"https:\/\/barcelona.euses.cat\/wp-content\/uploads\/2023\/09\/Physio2-scaled.jpg","contentUrl":"https:\/\/barcelona.euses.cat\/wp-content\/uploads\/2023\/09\/Physio2-scaled.jpg","width":2560,"height":1244},{"@type":"BreadcrumbList","@id":"https:\/\/barcelona.euses.cat\/?p=11456#breadcrumb","itemListElement":[{"@type":"ListItem","position":1,"name":"Portada","item":"https:\/\/barcelona.euses.cat\/fr\/"},{"@type":"ListItem","position":2,"name":"L&#8217;ann\u00e9e universitaire 2023\/2024 d\u00e9bute sur les campus de Salt, Terres de l&#8217;Ebre et Bellvitge"}]},{"@type":"WebSite","@id":"https:\/\/barcelona.euses.cat\/ca\/#website","url":"https:\/\/barcelona.euses.cat\/ca\/","name":"EUSES - Campus de Bellvitge (Barcelona)","description":"EUSES, Ecole Universitaire de Physioth\u00e9rapie Internationale \u00e0 Barcelone","potentialAction":[{"@type":"SearchAction","target":{"@type":"EntryPoint","urlTemplate":"https:\/\/barcelona.euses.cat\/ca\/?s={search_term_string}"},"query-input":{"@type":"PropertyValueSpecification","valueRequired":true,"valueName":"search_term_string"}}],"inLanguage":"fr-FR"},{"@type":"Person","@id":"https:\/\/barcelona.euses.cat\/ca\/#\/schema\/person\/8ab46080dfc4814fa59383db317735bd","name":"Jordi Danes","image":{"@type":"ImageObject","inLanguage":"fr-FR","@id":"https:\/\/secure.gravatar.com\/avatar\/a9e4f443b594af225625ee8cfa665e41b1e0740ea34fbe0515b4ca559f8570ef?s=96&d=mm&r=g","url":"https:\/\/secure.gravatar.com\/avatar\/a9e4f443b594af225625ee8cfa665e41b1e0740ea34fbe0515b4ca559f8570ef?s=96&d=mm&r=g","contentUrl":"https:\/\/secure.gravatar.com\/avatar\/a9e4f443b594af225625ee8cfa665e41b1e0740ea34fbe0515b4ca559f8570ef?s=96&d=mm&r=g","caption":"Jordi Danes"},"url":"https:\/\/barcelona.euses.cat\/fr\/author\/jordi-danes\/"}]}},"_links":{"self":[{"href":"https:\/\/barcelona.euses.cat\/fr\/wp-json\/wp\/v2\/posts\/11454","targetHints":{"allow":["GET"]}}],"collection":[{"href":"https:\/\/barcelona.euses.cat\/fr\/wp-json\/wp\/v2\/posts"}],"about":[{"href":"https:\/\/barcelona.euses.cat\/fr\/wp-json\/wp\/v2\/types\/post"}],"author":[{"embeddable":true,"href":"https:\/\/barcelona.euses.cat\/fr\/wp-json\/wp\/v2\/users\/3"}],"replies":[{"embeddable":true,"href":"https:\/\/barcelona.euses.cat\/fr\/wp-json\/wp\/v2\/comments?post=11454"}],"version-history":[{"count":1,"href":"https:\/\/barcelona.euses.cat\/fr\/wp-json\/wp\/v2\/posts\/11454\/revisions"}],"predecessor-version":[{"id":11455,"href":"https:\/\/barcelona.euses.cat\/fr\/wp-json\/wp\/v2\/posts\/11454\/revisions\/11455"}],"wp:featuredmedia":[{"embeddable":true,"href":"https:\/\/barcelona.euses.cat\/fr\/wp-json\/wp\/v2\/media\/11441"}],"wp:attachment":[{"href":"https:\/\/barcelona.euses.cat\/fr\/wp-json\/wp\/v2\/media?parent=11454"}],"wp:term":[{"taxonomy":"category","embeddable":true,"href":"https:\/\/barcelona.euses.cat\/fr\/wp-json\/wp\/v2\/categories?post=11454"},{"taxonomy":"post_tag","embeddable":true,"href":"https:\/\/barcelona.euses.cat\/fr\/wp-json\/wp\/v2\/tags?post=11454"}],"curies":[{"name":"wp","href":"https:\/\/api.w.org\/{rel}","templated":true}]}}