{"id":11281,"date":"2023-07-14T14:19:56","date_gmt":"2023-07-14T12:19:56","guid":{"rendered":"https:\/\/barcelona.euses.cat\/?p=11281"},"modified":"2023-07-17T20:11:07","modified_gmt":"2023-07-17T18:11:07","slug":"ouverture-de-la-periode-dinscription-aux-diplomes-universitaires-sur-les-campus-de-salt-terres-de-lebre-et-bellvitge","status":"publish","type":"post","link":"https:\/\/barcelona.euses.cat\/fr\/ouverture-de-la-periode-dinscription-aux-diplomes-universitaires-sur-les-campus-de-salt-terres-de-lebre-et-bellvitge\/","title":{"rendered":"Ouverture de la p\u00e9riode d\u2019inscription aux dipl\u00f4mes universitaires sur les campus de Salt, Terres de l\u2019Ebre et Bellvitge"},"content":{"rendered":"<p>La p\u00e9riode d\u2019inscription pour l\u2019ann\u00e9e acad\u00e9mique 2022\/23 sur les campus de Salt, Terres de l\u2019Ebre et Bellvitge s\u2019est ouverte ce vendredi. Dans tous les campus de l\u2019Escola Universit\u00e0ria de la Salut i l\u2019Esport, l\u2019activit\u00e9 d\u2019inscription des \u00e9tudiants qui rejoindront la famille EUSES \u00e0 partir de septembre a \u00e9t\u00e9 tr\u00e8s intense. En plus de ce vendredi, les autres jours d\u2019inscription assign\u00e9s seront le lundi 17, le mardi 18 et le mercredi 19 juillet. Au Campus de Salt et Terres de l\u2019Ebre, les dipl\u00f4mes propos\u00e9s sont la kin\u00e9sith\u00e9rapie, STAPS et le double cursus (STAPS + kin\u00e9sith\u00e9rapie) ; tandis que Bellvitge propose le dipl\u00f4me de kin\u00e9sith\u00e9rapie internationale, qui est enseign\u00e9 enti\u00e8rement en anglais.<\/p>\n<p>&nbsp;<\/p>\n","protected":false},"excerpt":{"rendered":"<p>La p\u00e9riode d\u2019inscription pour l\u2019ann\u00e9e acad\u00e9mique 2022\/23 sur les campus de Salt, Terres de l\u2019Ebre et Bellvitge s\u2019est ouverte ce vendredi. Dans tous les campus de l\u2019Escola Universit\u00e0ria de la Salut i l\u2019Esport, l\u2019activit\u00e9 d\u2019inscription des \u00e9tudiants qui rejoindront la famille EUSES \u00e0 partir de septembre a \u00e9t\u00e9 tr\u00e8s intense. En plus de ce vendredi, [&hellip;]<\/p>\n","protected":false},"author":3,"featured_media":11285,"comment_status":"open","ping_status":"closed","sticky":false,"template":"","format":"standard","meta":{"_acf_changed":false,"inline_featured_image":false,"_joinchat":[],"footnotes":""},"categories":[3],"tags":[],"class_list":["post-11281","post","type-post","status-publish","format-standard","has-post-thumbnail","hentry","category-non-classifiee"],"acf":[],"yoast_head":"<!-- This site is optimized with the Yoast SEO plugin v27.4 - https:\/\/yoast.com\/product\/yoast-seo-wordpress\/ -->\n<title>Ouverture de la p\u00e9riode d\u2019inscription aux dipl\u00f4mes universitaires sur les campus de Salt, Terres de l\u2019Ebre et Bellvitge | EUSES - Campus de Bellvitge (Barcelona)<\/title>\n<meta name=\"robots\" content=\"index, follow, max-snippet:-1, max-image-preview:large, max-video-preview:-1\" \/>\n<link rel=\"canonical\" href=\"https:\/\/barcelona.euses.cat\/fr\/ouverture-de-la-periode-dinscription-aux-diplomes-universitaires-sur-les-campus-de-salt-terres-de-lebre-et-bellvitge\/\" \/>\n<meta property=\"og:locale\" content=\"fr_FR\" \/>\n<meta property=\"og:type\" content=\"article\" \/>\n<meta property=\"og:title\" content=\"Ouverture de la p\u00e9riode d\u2019inscription aux dipl\u00f4mes universitaires sur les campus de Salt, Terres de l\u2019Ebre et Bellvitge | EUSES - Campus de Bellvitge (Barcelona)\" \/>\n<meta property=\"og:description\" content=\"La p\u00e9riode d\u2019inscription pour l\u2019ann\u00e9e acad\u00e9mique 2022\/23 sur les campus de Salt, Terres de l\u2019Ebre et Bellvitge s\u2019est ouverte ce vendredi. Dans tous les campus de l\u2019Escola Universit\u00e0ria de la Salut i l\u2019Esport, l\u2019activit\u00e9 d\u2019inscription des \u00e9tudiants qui rejoindront la famille EUSES \u00e0 partir de septembre a \u00e9t\u00e9 tr\u00e8s intense. En plus de ce vendredi, [&hellip;]\" \/>\n<meta property=\"og:url\" content=\"https:\/\/barcelona.euses.cat\/fr\/ouverture-de-la-periode-dinscription-aux-diplomes-universitaires-sur-les-campus-de-salt-terres-de-lebre-et-bellvitge\/\" \/>\n<meta property=\"og:site_name\" content=\"EUSES - Campus de Bellvitge (Barcelona)\" \/>\n<meta property=\"article:publisher\" content=\"https:\/\/www.facebook.com\/PhysioBCN\/\" \/>\n<meta property=\"article:published_time\" content=\"2023-07-14T12:19:56+00:00\" \/>\n<meta property=\"article:modified_time\" content=\"2023-07-17T18:11:07+00:00\" \/>\n<meta property=\"og:image\" content=\"https:\/\/barcelona.euses.cat\/wp-content\/uploads\/2023\/07\/bellvitge-2.jpeg\" \/>\n\t<meta property=\"og:image:width\" content=\"768\" \/>\n\t<meta property=\"og:image:height\" content=\"537\" \/>\n\t<meta property=\"og:image:type\" content=\"image\/jpeg\" \/>\n<meta name=\"author\" content=\"Jordi Danes\" \/>\n<meta name=\"twitter:card\" content=\"summary_large_image\" \/>\n<meta name=\"twitter:label1\" content=\"\u00c9crit par\" \/>\n\t<meta name=\"twitter:data1\" content=\"Jordi Danes\" \/>\n\t<meta name=\"twitter:label2\" content=\"Dur\u00e9e de lecture estim\u00e9e\" \/>\n\t<meta name=\"twitter:data2\" content=\"1 minute\" \/>\n<script type=\"application\/ld+json\" class=\"yoast-schema-graph\">{\"@context\":\"https:\\\/\\\/schema.org\",\"@graph\":[{\"@type\":\"Article\",\"@id\":\"https:\\\/\\\/barcelona.euses.cat\\\/fr\\\/ouverture-de-la-periode-dinscription-aux-diplomes-universitaires-sur-les-campus-de-salt-terres-de-lebre-et-bellvitge\\\/#article\",\"isPartOf\":{\"@id\":\"https:\\\/\\\/barcelona.euses.cat\\\/fr\\\/ouverture-de-la-periode-dinscription-aux-diplomes-universitaires-sur-les-campus-de-salt-terres-de-lebre-et-bellvitge\\\/\"},\"author\":{\"name\":\"Jordi Danes\",\"@id\":\"https:\\\/\\\/barcelona.euses.cat\\\/ca\\\/#\\\/schema\\\/person\\\/8ab46080dfc4814fa59383db317735bd\"},\"headline\":\"Ouverture de la p\u00e9riode d\u2019inscription aux dipl\u00f4mes universitaires sur les campus de Salt, Terres de l\u2019Ebre et Bellvitge\",\"datePublished\":\"2023-07-14T12:19:56+00:00\",\"dateModified\":\"2023-07-17T18:11:07+00:00\",\"mainEntityOfPage\":{\"@id\":\"https:\\\/\\\/barcelona.euses.cat\\\/fr\\\/ouverture-de-la-periode-dinscription-aux-diplomes-universitaires-sur-les-campus-de-salt-terres-de-lebre-et-bellvitge\\\/\"},\"wordCount\":152,\"commentCount\":0,\"image\":{\"@id\":\"https:\\\/\\\/barcelona.euses.cat\\\/fr\\\/ouverture-de-la-periode-dinscription-aux-diplomes-universitaires-sur-les-campus-de-salt-terres-de-lebre-et-bellvitge\\\/#primaryimage\"},\"thumbnailUrl\":\"https:\\\/\\\/barcelona.euses.cat\\\/wp-content\\\/uploads\\\/2023\\\/07\\\/bellvitge-2.jpeg\",\"articleSection\":[\"Non classifi\u00e9(e)\"],\"inLanguage\":\"fr-FR\"},{\"@type\":\"WebPage\",\"@id\":\"https:\\\/\\\/barcelona.euses.cat\\\/fr\\\/ouverture-de-la-periode-dinscription-aux-diplomes-universitaires-sur-les-campus-de-salt-terres-de-lebre-et-bellvitge\\\/\",\"url\":\"https:\\\/\\\/barcelona.euses.cat\\\/fr\\\/ouverture-de-la-periode-dinscription-aux-diplomes-universitaires-sur-les-campus-de-salt-terres-de-lebre-et-bellvitge\\\/\",\"name\":\"Ouverture de la p\u00e9riode d\u2019inscription aux dipl\u00f4mes universitaires sur les campus de Salt, Terres de l\u2019Ebre et Bellvitge | EUSES - Campus de Bellvitge (Barcelona)\",\"isPartOf\":{\"@id\":\"https:\\\/\\\/barcelona.euses.cat\\\/ca\\\/#website\"},\"primaryImageOfPage\":{\"@id\":\"https:\\\/\\\/barcelona.euses.cat\\\/fr\\\/ouverture-de-la-periode-dinscription-aux-diplomes-universitaires-sur-les-campus-de-salt-terres-de-lebre-et-bellvitge\\\/#primaryimage\"},\"image\":{\"@id\":\"https:\\\/\\\/barcelona.euses.cat\\\/fr\\\/ouverture-de-la-periode-dinscription-aux-diplomes-universitaires-sur-les-campus-de-salt-terres-de-lebre-et-bellvitge\\\/#primaryimage\"},\"thumbnailUrl\":\"https:\\\/\\\/barcelona.euses.cat\\\/wp-content\\\/uploads\\\/2023\\\/07\\\/bellvitge-2.jpeg\",\"datePublished\":\"2023-07-14T12:19:56+00:00\",\"dateModified\":\"2023-07-17T18:11:07+00:00\",\"author\":{\"@id\":\"https:\\\/\\\/barcelona.euses.cat\\\/ca\\\/#\\\/schema\\\/person\\\/8ab46080dfc4814fa59383db317735bd\"},\"breadcrumb\":{\"@id\":\"https:\\\/\\\/barcelona.euses.cat\\\/fr\\\/ouverture-de-la-periode-dinscription-aux-diplomes-universitaires-sur-les-campus-de-salt-terres-de-lebre-et-bellvitge\\\/#breadcrumb\"},\"inLanguage\":\"fr-FR\",\"potentialAction\":[{\"@type\":\"ReadAction\",\"target\":[\"https:\\\/\\\/barcelona.euses.cat\\\/fr\\\/ouverture-de-la-periode-dinscription-aux-diplomes-universitaires-sur-les-campus-de-salt-terres-de-lebre-et-bellvitge\\\/\"]}]},{\"@type\":\"ImageObject\",\"inLanguage\":\"fr-FR\",\"@id\":\"https:\\\/\\\/barcelona.euses.cat\\\/fr\\\/ouverture-de-la-periode-dinscription-aux-diplomes-universitaires-sur-les-campus-de-salt-terres-de-lebre-et-bellvitge\\\/#primaryimage\",\"url\":\"https:\\\/\\\/barcelona.euses.cat\\\/wp-content\\\/uploads\\\/2023\\\/07\\\/bellvitge-2.jpeg\",\"contentUrl\":\"https:\\\/\\\/barcelona.euses.cat\\\/wp-content\\\/uploads\\\/2023\\\/07\\\/bellvitge-2.jpeg\",\"width\":768,\"height\":537},{\"@type\":\"BreadcrumbList\",\"@id\":\"https:\\\/\\\/barcelona.euses.cat\\\/fr\\\/ouverture-de-la-periode-dinscription-aux-diplomes-universitaires-sur-les-campus-de-salt-terres-de-lebre-et-bellvitge\\\/#breadcrumb\",\"itemListElement\":[{\"@type\":\"ListItem\",\"position\":1,\"name\":\"Portada\",\"item\":\"https:\\\/\\\/barcelona.euses.cat\\\/fr\\\/\"},{\"@type\":\"ListItem\",\"position\":2,\"name\":\"Ouverture de la p\u00e9riode d\u2019inscription aux dipl\u00f4mes universitaires sur les campus de Salt, Terres de l\u2019Ebre et Bellvitge\"}]},{\"@type\":\"WebSite\",\"@id\":\"https:\\\/\\\/barcelona.euses.cat\\\/ca\\\/#website\",\"url\":\"https:\\\/\\\/barcelona.euses.cat\\\/ca\\\/\",\"name\":\"EUSES - Campus de Bellvitge (Barcelona)\",\"description\":\"EUSES, Ecole Universitaire de Physioth\u00e9rapie Internationale \u00e0 Barcelone\",\"potentialAction\":[{\"@type\":\"SearchAction\",\"target\":{\"@type\":\"EntryPoint\",\"urlTemplate\":\"https:\\\/\\\/barcelona.euses.cat\\\/ca\\\/?s={search_term_string}\"},\"query-input\":{\"@type\":\"PropertyValueSpecification\",\"valueRequired\":true,\"valueName\":\"search_term_string\"}}],\"inLanguage\":\"fr-FR\"},{\"@type\":\"Person\",\"@id\":\"https:\\\/\\\/barcelona.euses.cat\\\/ca\\\/#\\\/schema\\\/person\\\/8ab46080dfc4814fa59383db317735bd\",\"name\":\"Jordi Danes\",\"image\":{\"@type\":\"ImageObject\",\"inLanguage\":\"fr-FR\",\"@id\":\"https:\\\/\\\/secure.gravatar.com\\\/avatar\\\/a9e4f443b594af225625ee8cfa665e41b1e0740ea34fbe0515b4ca559f8570ef?s=96&d=mm&r=g\",\"url\":\"https:\\\/\\\/secure.gravatar.com\\\/avatar\\\/a9e4f443b594af225625ee8cfa665e41b1e0740ea34fbe0515b4ca559f8570ef?s=96&d=mm&r=g\",\"contentUrl\":\"https:\\\/\\\/secure.gravatar.com\\\/avatar\\\/a9e4f443b594af225625ee8cfa665e41b1e0740ea34fbe0515b4ca559f8570ef?s=96&d=mm&r=g\",\"caption\":\"Jordi Danes\"},\"url\":\"https:\\\/\\\/barcelona.euses.cat\\\/fr\\\/author\\\/jordi-danes\\\/\"}]}<\/script>\n<!-- \/ Yoast SEO plugin. -->","yoast_head_json":{"title":"Ouverture de la p\u00e9riode d\u2019inscription aux dipl\u00f4mes universitaires sur les campus de Salt, Terres de l\u2019Ebre et Bellvitge | EUSES - Campus de Bellvitge (Barcelona)","robots":{"index":"index","follow":"follow","max-snippet":"max-snippet:-1","max-image-preview":"max-image-preview:large","max-video-preview":"max-video-preview:-1"},"canonical":"https:\/\/barcelona.euses.cat\/fr\/ouverture-de-la-periode-dinscription-aux-diplomes-universitaires-sur-les-campus-de-salt-terres-de-lebre-et-bellvitge\/","og_locale":"fr_FR","og_type":"article","og_title":"Ouverture de la p\u00e9riode d\u2019inscription aux dipl\u00f4mes universitaires sur les campus de Salt, Terres de l\u2019Ebre et Bellvitge | EUSES - Campus de Bellvitge (Barcelona)","og_description":"La p\u00e9riode d\u2019inscription pour l\u2019ann\u00e9e acad\u00e9mique 2022\/23 sur les campus de Salt, Terres de l\u2019Ebre et Bellvitge s\u2019est ouverte ce vendredi. Dans tous les campus de l\u2019Escola Universit\u00e0ria de la Salut i l\u2019Esport, l\u2019activit\u00e9 d\u2019inscription des \u00e9tudiants qui rejoindront la famille EUSES \u00e0 partir de septembre a \u00e9t\u00e9 tr\u00e8s intense. En plus de ce vendredi, [&hellip;]","og_url":"https:\/\/barcelona.euses.cat\/fr\/ouverture-de-la-periode-dinscription-aux-diplomes-universitaires-sur-les-campus-de-salt-terres-de-lebre-et-bellvitge\/","og_site_name":"EUSES - Campus de Bellvitge (Barcelona)","article_publisher":"https:\/\/www.facebook.com\/PhysioBCN\/","article_published_time":"2023-07-14T12:19:56+00:00","article_modified_time":"2023-07-17T18:11:07+00:00","og_image":[{"width":768,"height":537,"url":"https:\/\/barcelona.euses.cat\/wp-content\/uploads\/2023\/07\/bellvitge-2.jpeg","type":"image\/jpeg"}],"author":"Jordi Danes","twitter_card":"summary_large_image","twitter_misc":{"\u00c9crit par":"Jordi Danes","Dur\u00e9e de lecture estim\u00e9e":"1 minute"},"schema":{"@context":"https:\/\/schema.org","@graph":[{"@type":"Article","@id":"https:\/\/barcelona.euses.cat\/fr\/ouverture-de-la-periode-dinscription-aux-diplomes-universitaires-sur-les-campus-de-salt-terres-de-lebre-et-bellvitge\/#article","isPartOf":{"@id":"https:\/\/barcelona.euses.cat\/fr\/ouverture-de-la-periode-dinscription-aux-diplomes-universitaires-sur-les-campus-de-salt-terres-de-lebre-et-bellvitge\/"},"author":{"name":"Jordi Danes","@id":"https:\/\/barcelona.euses.cat\/ca\/#\/schema\/person\/8ab46080dfc4814fa59383db317735bd"},"headline":"Ouverture de la p\u00e9riode d\u2019inscription aux dipl\u00f4mes universitaires sur les campus de Salt, Terres de l\u2019Ebre et Bellvitge","datePublished":"2023-07-14T12:19:56+00:00","dateModified":"2023-07-17T18:11:07+00:00","mainEntityOfPage":{"@id":"https:\/\/barcelona.euses.cat\/fr\/ouverture-de-la-periode-dinscription-aux-diplomes-universitaires-sur-les-campus-de-salt-terres-de-lebre-et-bellvitge\/"},"wordCount":152,"commentCount":0,"image":{"@id":"https:\/\/barcelona.euses.cat\/fr\/ouverture-de-la-periode-dinscription-aux-diplomes-universitaires-sur-les-campus-de-salt-terres-de-lebre-et-bellvitge\/#primaryimage"},"thumbnailUrl":"https:\/\/barcelona.euses.cat\/wp-content\/uploads\/2023\/07\/bellvitge-2.jpeg","articleSection":["Non classifi\u00e9(e)"],"inLanguage":"fr-FR"},{"@type":"WebPage","@id":"https:\/\/barcelona.euses.cat\/fr\/ouverture-de-la-periode-dinscription-aux-diplomes-universitaires-sur-les-campus-de-salt-terres-de-lebre-et-bellvitge\/","url":"https:\/\/barcelona.euses.cat\/fr\/ouverture-de-la-periode-dinscription-aux-diplomes-universitaires-sur-les-campus-de-salt-terres-de-lebre-et-bellvitge\/","name":"Ouverture de la p\u00e9riode d\u2019inscription aux dipl\u00f4mes universitaires sur les campus de Salt, Terres de l\u2019Ebre et Bellvitge | EUSES - Campus de Bellvitge (Barcelona)","isPartOf":{"@id":"https:\/\/barcelona.euses.cat\/ca\/#website"},"primaryImageOfPage":{"@id":"https:\/\/barcelona.euses.cat\/fr\/ouverture-de-la-periode-dinscription-aux-diplomes-universitaires-sur-les-campus-de-salt-terres-de-lebre-et-bellvitge\/#primaryimage"},"image":{"@id":"https:\/\/barcelona.euses.cat\/fr\/ouverture-de-la-periode-dinscription-aux-diplomes-universitaires-sur-les-campus-de-salt-terres-de-lebre-et-bellvitge\/#primaryimage"},"thumbnailUrl":"https:\/\/barcelona.euses.cat\/wp-content\/uploads\/2023\/07\/bellvitge-2.jpeg","datePublished":"2023-07-14T12:19:56+00:00","dateModified":"2023-07-17T18:11:07+00:00","author":{"@id":"https:\/\/barcelona.euses.cat\/ca\/#\/schema\/person\/8ab46080dfc4814fa59383db317735bd"},"breadcrumb":{"@id":"https:\/\/barcelona.euses.cat\/fr\/ouverture-de-la-periode-dinscription-aux-diplomes-universitaires-sur-les-campus-de-salt-terres-de-lebre-et-bellvitge\/#breadcrumb"},"inLanguage":"fr-FR","potentialAction":[{"@type":"ReadAction","target":["https:\/\/barcelona.euses.cat\/fr\/ouverture-de-la-periode-dinscription-aux-diplomes-universitaires-sur-les-campus-de-salt-terres-de-lebre-et-bellvitge\/"]}]},{"@type":"ImageObject","inLanguage":"fr-FR","@id":"https:\/\/barcelona.euses.cat\/fr\/ouverture-de-la-periode-dinscription-aux-diplomes-universitaires-sur-les-campus-de-salt-terres-de-lebre-et-bellvitge\/#primaryimage","url":"https:\/\/barcelona.euses.cat\/wp-content\/uploads\/2023\/07\/bellvitge-2.jpeg","contentUrl":"https:\/\/barcelona.euses.cat\/wp-content\/uploads\/2023\/07\/bellvitge-2.jpeg","width":768,"height":537},{"@type":"BreadcrumbList","@id":"https:\/\/barcelona.euses.cat\/fr\/ouverture-de-la-periode-dinscription-aux-diplomes-universitaires-sur-les-campus-de-salt-terres-de-lebre-et-bellvitge\/#breadcrumb","itemListElement":[{"@type":"ListItem","position":1,"name":"Portada","item":"https:\/\/barcelona.euses.cat\/fr\/"},{"@type":"ListItem","position":2,"name":"Ouverture de la p\u00e9riode d\u2019inscription aux dipl\u00f4mes universitaires sur les campus de Salt, Terres de l\u2019Ebre et Bellvitge"}]},{"@type":"WebSite","@id":"https:\/\/barcelona.euses.cat\/ca\/#website","url":"https:\/\/barcelona.euses.cat\/ca\/","name":"EUSES - Campus de Bellvitge (Barcelona)","description":"EUSES, Ecole Universitaire de Physioth\u00e9rapie Internationale \u00e0 Barcelone","potentialAction":[{"@type":"SearchAction","target":{"@type":"EntryPoint","urlTemplate":"https:\/\/barcelona.euses.cat\/ca\/?s={search_term_string}"},"query-input":{"@type":"PropertyValueSpecification","valueRequired":true,"valueName":"search_term_string"}}],"inLanguage":"fr-FR"},{"@type":"Person","@id":"https:\/\/barcelona.euses.cat\/ca\/#\/schema\/person\/8ab46080dfc4814fa59383db317735bd","name":"Jordi Danes","image":{"@type":"ImageObject","inLanguage":"fr-FR","@id":"https:\/\/secure.gravatar.com\/avatar\/a9e4f443b594af225625ee8cfa665e41b1e0740ea34fbe0515b4ca559f8570ef?s=96&d=mm&r=g","url":"https:\/\/secure.gravatar.com\/avatar\/a9e4f443b594af225625ee8cfa665e41b1e0740ea34fbe0515b4ca559f8570ef?s=96&d=mm&r=g","contentUrl":"https:\/\/secure.gravatar.com\/avatar\/a9e4f443b594af225625ee8cfa665e41b1e0740ea34fbe0515b4ca559f8570ef?s=96&d=mm&r=g","caption":"Jordi Danes"},"url":"https:\/\/barcelona.euses.cat\/fr\/author\/jordi-danes\/"}]}},"_links":{"self":[{"href":"https:\/\/barcelona.euses.cat\/fr\/wp-json\/wp\/v2\/posts\/11281","targetHints":{"allow":["GET"]}}],"collection":[{"href":"https:\/\/barcelona.euses.cat\/fr\/wp-json\/wp\/v2\/posts"}],"about":[{"href":"https:\/\/barcelona.euses.cat\/fr\/wp-json\/wp\/v2\/types\/post"}],"author":[{"embeddable":true,"href":"https:\/\/barcelona.euses.cat\/fr\/wp-json\/wp\/v2\/users\/3"}],"replies":[{"embeddable":true,"href":"https:\/\/barcelona.euses.cat\/fr\/wp-json\/wp\/v2\/comments?post=11281"}],"version-history":[{"count":1,"href":"https:\/\/barcelona.euses.cat\/fr\/wp-json\/wp\/v2\/posts\/11281\/revisions"}],"predecessor-version":[{"id":11282,"href":"https:\/\/barcelona.euses.cat\/fr\/wp-json\/wp\/v2\/posts\/11281\/revisions\/11282"}],"wp:featuredmedia":[{"embeddable":true,"href":"https:\/\/barcelona.euses.cat\/fr\/wp-json\/wp\/v2\/media\/11285"}],"wp:attachment":[{"href":"https:\/\/barcelona.euses.cat\/fr\/wp-json\/wp\/v2\/media?parent=11281"}],"wp:term":[{"taxonomy":"category","embeddable":true,"href":"https:\/\/barcelona.euses.cat\/fr\/wp-json\/wp\/v2\/categories?post=11281"},{"taxonomy":"post_tag","embeddable":true,"href":"https:\/\/barcelona.euses.cat\/fr\/wp-json\/wp\/v2\/tags?post=11281"}],"curies":[{"name":"wp","href":"https:\/\/api.w.org\/{rel}","templated":true}]}}