{"id":11265,"date":"2023-06-23T09:43:04","date_gmt":"2023-06-23T07:43:04","guid":{"rendered":"https:\/\/barcelona.euses.cat\/?p=11265"},"modified":"2023-06-23T09:43:04","modified_gmt":"2023-06-23T07:43:04","slug":"la-ceremonie-de-remise-des-diplomes-de-la-5e-promotion-du-diplome-international-de-physiotherapie-udg-ub-sest-deroulee-dans-la-salle-paraninfo","status":"publish","type":"post","link":"https:\/\/barcelona.euses.cat\/fr\/la-ceremonie-de-remise-des-diplomes-de-la-5e-promotion-du-diplome-international-de-physiotherapie-udg-ub-sest-deroulee-dans-la-salle-paraninfo\/","title":{"rendered":"La c\u00e9r\u00e9monie de remise des dipl\u00f4mes de la 5e promotion du dipl\u00f4me international de Physioth\u00e9rapie (UdG-UB) s&rsquo;est d\u00e9roul\u00e9e dans la salle Paraninfo"},"content":{"rendered":"<p><b><\/b>La salle Paraninfo de l&rsquo;Universit\u00e9 de Barcelone a servi de cadre \u00e0 la c\u00e9r\u00e9monie de remise des dipl\u00f4mes de la 5e promotion du dipl\u00f4me international de Physioth\u00e9rapie (UdG-UB). Plus de quarante nouveaux kin\u00e9sitherapeutes qui ont commenc\u00e9 leurs \u00e9tudes au Campus de Bellvitge en 2019 ont re\u00e7u leur dipl\u00f4me ce jeudi, les accr\u00e9ditant en tant que professionnels apr\u00e8s quatre ann\u00e9es d&rsquo;efforts intenses.<\/p>\n<p>La c\u00e9r\u00e9monie a \u00e9t\u00e9 ouverte par le vice-doyen acad\u00e9mique et coordinateur du Campus de Bellvitge de la Facult\u00e9 de m\u00e9decine et des sciences de la sant\u00e9, le Dr Joan M. Nolla. Le discours initial a laiss\u00e9 place aux discours du directeur acad\u00e9mique de l&rsquo;ENTI-UB, le Dr \u00d2scar Garcia et du directeur du dipl\u00f4me de Physioth\u00e9rapie, le Dr Gerard Mu\u00f1oz. Tous ont salu\u00e9 la pers\u00e9v\u00e9rance, l&rsquo;attitude et le d\u00e9vouement de cette promotion (2019-2023) et ont encourag\u00e9 les nouveaux dipl\u00f4m\u00e9s \u00e0 entrer dans le monde professionnel avec la m\u00eame d\u00e9termination et la m\u00eame ambition qu&rsquo;ils l&rsquo;ont fait pendant leur s\u00e9jour \u00e0 l&rsquo;universit\u00e9.<\/p>\n<p>Les discours ont pr\u00e9c\u00e9d\u00e9 la remise des dipl\u00f4mes, qui a \u00e9t\u00e9 le moment le plus f\u00eat\u00e9 de la journ\u00e9e. Apr\u00e8s la remise des dipl\u00f4mes, la d\u00e9l\u00e9gu\u00e9e du recteur pour les centres affili\u00e9s \u00e0 l&rsquo;UdG, Pilar Marqu\u00e9s, a pris la parole et l&rsquo;a redonn\u00e9e au Dr Joan M. Nolla pour cl\u00f4turer officiellement l&rsquo;\u00e9v\u00e9nement avant que l&rsquo;hymne universitaire, Gaudeamus Igitur, ne soit jou\u00e9 dans la salle.<\/p>\n\n\t\t<style type=\"text\/css\">\n\t\t\t#gallery-1 {\n\t\t\t\tmargin: auto;\n\t\t\t}\n\t\t\t#gallery-1 .gallery-item {\n\t\t\t\tfloat: left;\n\t\t\t\tmargin-top: 10px;\n\t\t\t\ttext-align: center;\n\t\t\t\twidth: 33%;\n\t\t\t}\n\t\t\t#gallery-1 img {\n\t\t\t\tborder: 2px solid #cfcfcf;\n\t\t\t}\n\t\t\t#gallery-1 .gallery-caption {\n\t\t\t\tmargin-left: 0;\n\t\t\t}\n\t\t\t\/* see gallery_shortcode() in wp-includes\/media.php *\/\n\t\t<\/style>\n\t\t<div id='gallery-1' class='gallery galleryid-11265 gallery-columns-3 gallery-size-medium'><dl class='gallery-item'>\n\t\t\t<dt class='gallery-icon portrait'>\n\t\t\t\t<a href='https:\/\/barcelona.euses.cat\/fr\/la-ceremonie-de-remise-des-diplomes-de-la-5e-promotion-du-diplome-international-de-physiotherapie-udg-ub-sest-deroulee-dans-la-salle-paraninfo\/graduacio-2019_2023-1-2\/'><img fetchpriority=\"high\" decoding=\"async\" width=\"169\" height=\"300\" src=\"https:\/\/barcelona.euses.cat\/wp-content\/uploads\/2023\/06\/graduacio-2019_2023-1-169x300.jpeg\" class=\"attachment-medium size-medium\" alt=\"\" srcset=\"https:\/\/barcelona.euses.cat\/wp-content\/uploads\/2023\/06\/graduacio-2019_2023-1-169x300.jpeg 169w, https:\/\/barcelona.euses.cat\/wp-content\/uploads\/2023\/06\/graduacio-2019_2023-1-576x1024.jpeg 576w, https:\/\/barcelona.euses.cat\/wp-content\/uploads\/2023\/06\/graduacio-2019_2023-1-768x1365.jpeg 768w, https:\/\/barcelona.euses.cat\/wp-content\/uploads\/2023\/06\/graduacio-2019_2023-1-864x1536.jpeg 864w, https:\/\/barcelona.euses.cat\/wp-content\/uploads\/2023\/06\/graduacio-2019_2023-1-113x200.jpeg 113w, https:\/\/barcelona.euses.cat\/wp-content\/uploads\/2023\/06\/graduacio-2019_2023-1.jpeg 1152w\" sizes=\"(max-width: 169px) 100vw, 169px\" \/><\/a>\n\t\t\t<\/dt><\/dl><dl class='gallery-item'>\n\t\t\t<dt class='gallery-icon portrait'>\n\t\t\t\t<a href='https:\/\/barcelona.euses.cat\/fr\/la-ceremonie-de-remise-des-diplomes-de-la-5e-promotion-du-diplome-international-de-physiotherapie-udg-ub-sest-deroulee-dans-la-salle-paraninfo\/graduacio-2019_2023-3-2\/'><img decoding=\"async\" width=\"225\" height=\"300\" src=\"https:\/\/barcelona.euses.cat\/wp-content\/uploads\/2023\/06\/graduacio-2019_2023-3-225x300.jpeg\" class=\"attachment-medium size-medium\" alt=\"\" srcset=\"https:\/\/barcelona.euses.cat\/wp-content\/uploads\/2023\/06\/graduacio-2019_2023-3-225x300.jpeg 225w, https:\/\/barcelona.euses.cat\/wp-content\/uploads\/2023\/06\/graduacio-2019_2023-3-768x1024.jpeg 768w, https:\/\/barcelona.euses.cat\/wp-content\/uploads\/2023\/06\/graduacio-2019_2023-3-1152x1536.jpeg 1152w, https:\/\/barcelona.euses.cat\/wp-content\/uploads\/2023\/06\/graduacio-2019_2023-3-150x200.jpeg 150w, https:\/\/barcelona.euses.cat\/wp-content\/uploads\/2023\/06\/graduacio-2019_2023-3-290x385.jpeg 290w, https:\/\/barcelona.euses.cat\/wp-content\/uploads\/2023\/06\/graduacio-2019_2023-3-400x531.jpeg 400w, https:\/\/barcelona.euses.cat\/wp-content\/uploads\/2023\/06\/graduacio-2019_2023-3.jpeg 1536w\" sizes=\"(max-width: 225px) 100vw, 225px\" \/><\/a>\n\t\t\t<\/dt><\/dl><dl class='gallery-item'>\n\t\t\t<dt class='gallery-icon landscape'>\n\t\t\t\t<a href='https:\/\/barcelona.euses.cat\/fr\/la-ceremonie-de-remise-des-diplomes-de-la-5e-promotion-du-diplome-international-de-physiotherapie-udg-ub-sest-deroulee-dans-la-salle-paraninfo\/graduacio-2019_2023-4-2\/'><img decoding=\"async\" width=\"300\" height=\"225\" src=\"https:\/\/barcelona.euses.cat\/wp-content\/uploads\/2023\/06\/graduacio-2019_2023-4-300x225.jpeg\" class=\"attachment-medium size-medium\" alt=\"\" srcset=\"https:\/\/barcelona.euses.cat\/wp-content\/uploads\/2023\/06\/graduacio-2019_2023-4-300x225.jpeg 300w, https:\/\/barcelona.euses.cat\/wp-content\/uploads\/2023\/06\/graduacio-2019_2023-4-1024x768.jpeg 1024w, https:\/\/barcelona.euses.cat\/wp-content\/uploads\/2023\/06\/graduacio-2019_2023-4-768x576.jpeg 768w, https:\/\/barcelona.euses.cat\/wp-content\/uploads\/2023\/06\/graduacio-2019_2023-4-1536x1152.jpeg 1536w, https:\/\/barcelona.euses.cat\/wp-content\/uploads\/2023\/06\/graduacio-2019_2023-4-267x200.jpeg 267w, https:\/\/barcelona.euses.cat\/wp-content\/uploads\/2023\/06\/graduacio-2019_2023-4-700x525.jpeg 700w, https:\/\/barcelona.euses.cat\/wp-content\/uploads\/2023\/06\/graduacio-2019_2023-4.jpeg 2048w\" sizes=\"(max-width: 300px) 100vw, 300px\" \/><\/a>\n\t\t\t<\/dt><\/dl><br style=\"clear: both\" \/>\n\t\t<\/div>\n\n","protected":false},"excerpt":{"rendered":"<p>La salle Paraninfo de l&rsquo;Universit\u00e9 de Barcelone a servi de cadre \u00e0 la c\u00e9r\u00e9monie de remise des dipl\u00f4mes de la 5e promotion du dipl\u00f4me international de Physioth\u00e9rapie (UdG-UB). Plus de quarante nouveaux kin\u00e9sitherapeutes qui ont commenc\u00e9 leurs \u00e9tudes au Campus de Bellvitge en 2019 ont re\u00e7u leur dipl\u00f4me ce jeudi, les accr\u00e9ditant en tant que [&hellip;]<\/p>\n","protected":false},"author":3,"featured_media":11246,"comment_status":"open","ping_status":"closed","sticky":false,"template":"","format":"standard","meta":{"_acf_changed":false,"inline_featured_image":false,"_joinchat":[],"footnotes":""},"categories":[3],"tags":[],"class_list":["post-11265","post","type-post","status-publish","format-standard","has-post-thumbnail","hentry","category-non-classifiee"],"acf":[],"yoast_head":"<!-- This site is optimized with the Yoast SEO plugin v27.4 - https:\/\/yoast.com\/product\/yoast-seo-wordpress\/ -->\n<title>La c\u00e9r\u00e9monie de remise des dipl\u00f4mes de la 5e promotion du dipl\u00f4me international de Physioth\u00e9rapie (UdG-UB) s&#039;est d\u00e9roul\u00e9e dans la salle Paraninfo | EUSES - Campus de Bellvitge (Barcelona)<\/title>\n<meta name=\"robots\" content=\"index, follow, max-snippet:-1, max-image-preview:large, max-video-preview:-1\" \/>\n<link rel=\"canonical\" href=\"https:\/\/barcelona.euses.cat\/fr\/la-ceremonie-de-remise-des-diplomes-de-la-5e-promotion-du-diplome-international-de-physiotherapie-udg-ub-sest-deroulee-dans-la-salle-paraninfo\/\" \/>\n<meta property=\"og:locale\" content=\"fr_FR\" \/>\n<meta property=\"og:type\" content=\"article\" \/>\n<meta property=\"og:title\" content=\"La c\u00e9r\u00e9monie de remise des dipl\u00f4mes de la 5e promotion du dipl\u00f4me international de Physioth\u00e9rapie (UdG-UB) s&#039;est d\u00e9roul\u00e9e dans la salle Paraninfo | EUSES - Campus de Bellvitge (Barcelona)\" \/>\n<meta property=\"og:description\" content=\"La salle Paraninfo de l&rsquo;Universit\u00e9 de Barcelone a servi de cadre \u00e0 la c\u00e9r\u00e9monie de remise des dipl\u00f4mes de la 5e promotion du dipl\u00f4me international de Physioth\u00e9rapie (UdG-UB). Plus de quarante nouveaux kin\u00e9sitherapeutes qui ont commenc\u00e9 leurs \u00e9tudes au Campus de Bellvitge en 2019 ont re\u00e7u leur dipl\u00f4me ce jeudi, les accr\u00e9ditant en tant que [&hellip;]\" \/>\n<meta property=\"og:url\" content=\"https:\/\/barcelona.euses.cat\/fr\/la-ceremonie-de-remise-des-diplomes-de-la-5e-promotion-du-diplome-international-de-physiotherapie-udg-ub-sest-deroulee-dans-la-salle-paraninfo\/\" \/>\n<meta property=\"og:site_name\" content=\"EUSES - Campus de Bellvitge (Barcelona)\" \/>\n<meta property=\"article:publisher\" content=\"https:\/\/www.facebook.com\/PhysioBCN\/\" \/>\n<meta property=\"article:published_time\" content=\"2023-06-23T07:43:04+00:00\" \/>\n<meta property=\"og:image\" content=\"https:\/\/barcelona.euses.cat\/wp-content\/uploads\/2023\/06\/graduacio-2019_2023-2.jpeg\" \/>\n\t<meta property=\"og:image:width\" content=\"2048\" \/>\n\t<meta property=\"og:image:height\" content=\"1152\" \/>\n\t<meta property=\"og:image:type\" content=\"image\/jpeg\" \/>\n<meta name=\"author\" content=\"Jordi Danes\" \/>\n<meta name=\"twitter:card\" content=\"summary_large_image\" \/>\n<meta name=\"twitter:label1\" content=\"\u00c9crit par\" \/>\n\t<meta name=\"twitter:data1\" content=\"Jordi Danes\" \/>\n\t<meta name=\"twitter:label2\" content=\"Dur\u00e9e de lecture estim\u00e9e\" \/>\n\t<meta name=\"twitter:data2\" content=\"1 minute\" \/>\n<script type=\"application\/ld+json\" class=\"yoast-schema-graph\">{\"@context\":\"https:\\\/\\\/schema.org\",\"@graph\":[{\"@type\":\"Article\",\"@id\":\"https:\\\/\\\/barcelona.euses.cat\\\/fr\\\/la-ceremonie-de-remise-des-diplomes-de-la-5e-promotion-du-diplome-international-de-physiotherapie-udg-ub-sest-deroulee-dans-la-salle-paraninfo\\\/#article\",\"isPartOf\":{\"@id\":\"https:\\\/\\\/barcelona.euses.cat\\\/fr\\\/la-ceremonie-de-remise-des-diplomes-de-la-5e-promotion-du-diplome-international-de-physiotherapie-udg-ub-sest-deroulee-dans-la-salle-paraninfo\\\/\"},\"author\":{\"name\":\"Jordi Danes\",\"@id\":\"https:\\\/\\\/barcelona.euses.cat\\\/ca\\\/#\\\/schema\\\/person\\\/8ab46080dfc4814fa59383db317735bd\"},\"headline\":\"La c\u00e9r\u00e9monie de remise des dipl\u00f4mes de la 5e promotion du dipl\u00f4me international de Physioth\u00e9rapie (UdG-UB) s&rsquo;est d\u00e9roul\u00e9e dans la salle Paraninfo\",\"datePublished\":\"2023-06-23T07:43:04+00:00\",\"mainEntityOfPage\":{\"@id\":\"https:\\\/\\\/barcelona.euses.cat\\\/fr\\\/la-ceremonie-de-remise-des-diplomes-de-la-5e-promotion-du-diplome-international-de-physiotherapie-udg-ub-sest-deroulee-dans-la-salle-paraninfo\\\/\"},\"wordCount\":308,\"commentCount\":0,\"image\":{\"@id\":\"https:\\\/\\\/barcelona.euses.cat\\\/fr\\\/la-ceremonie-de-remise-des-diplomes-de-la-5e-promotion-du-diplome-international-de-physiotherapie-udg-ub-sest-deroulee-dans-la-salle-paraninfo\\\/#primaryimage\"},\"thumbnailUrl\":\"https:\\\/\\\/barcelona.euses.cat\\\/wp-content\\\/uploads\\\/2023\\\/06\\\/graduacio-2019_2023-2.jpeg\",\"articleSection\":[\"Non classifi\u00e9(e)\"],\"inLanguage\":\"fr-FR\"},{\"@type\":\"WebPage\",\"@id\":\"https:\\\/\\\/barcelona.euses.cat\\\/fr\\\/la-ceremonie-de-remise-des-diplomes-de-la-5e-promotion-du-diplome-international-de-physiotherapie-udg-ub-sest-deroulee-dans-la-salle-paraninfo\\\/\",\"url\":\"https:\\\/\\\/barcelona.euses.cat\\\/fr\\\/la-ceremonie-de-remise-des-diplomes-de-la-5e-promotion-du-diplome-international-de-physiotherapie-udg-ub-sest-deroulee-dans-la-salle-paraninfo\\\/\",\"name\":\"La c\u00e9r\u00e9monie de remise des dipl\u00f4mes de la 5e promotion du dipl\u00f4me international de Physioth\u00e9rapie (UdG-UB) s'est d\u00e9roul\u00e9e dans la salle Paraninfo | EUSES - Campus de Bellvitge (Barcelona)\",\"isPartOf\":{\"@id\":\"https:\\\/\\\/barcelona.euses.cat\\\/ca\\\/#website\"},\"primaryImageOfPage\":{\"@id\":\"https:\\\/\\\/barcelona.euses.cat\\\/fr\\\/la-ceremonie-de-remise-des-diplomes-de-la-5e-promotion-du-diplome-international-de-physiotherapie-udg-ub-sest-deroulee-dans-la-salle-paraninfo\\\/#primaryimage\"},\"image\":{\"@id\":\"https:\\\/\\\/barcelona.euses.cat\\\/fr\\\/la-ceremonie-de-remise-des-diplomes-de-la-5e-promotion-du-diplome-international-de-physiotherapie-udg-ub-sest-deroulee-dans-la-salle-paraninfo\\\/#primaryimage\"},\"thumbnailUrl\":\"https:\\\/\\\/barcelona.euses.cat\\\/wp-content\\\/uploads\\\/2023\\\/06\\\/graduacio-2019_2023-2.jpeg\",\"datePublished\":\"2023-06-23T07:43:04+00:00\",\"author\":{\"@id\":\"https:\\\/\\\/barcelona.euses.cat\\\/ca\\\/#\\\/schema\\\/person\\\/8ab46080dfc4814fa59383db317735bd\"},\"breadcrumb\":{\"@id\":\"https:\\\/\\\/barcelona.euses.cat\\\/fr\\\/la-ceremonie-de-remise-des-diplomes-de-la-5e-promotion-du-diplome-international-de-physiotherapie-udg-ub-sest-deroulee-dans-la-salle-paraninfo\\\/#breadcrumb\"},\"inLanguage\":\"fr-FR\",\"potentialAction\":[{\"@type\":\"ReadAction\",\"target\":[\"https:\\\/\\\/barcelona.euses.cat\\\/fr\\\/la-ceremonie-de-remise-des-diplomes-de-la-5e-promotion-du-diplome-international-de-physiotherapie-udg-ub-sest-deroulee-dans-la-salle-paraninfo\\\/\"]}]},{\"@type\":\"ImageObject\",\"inLanguage\":\"fr-FR\",\"@id\":\"https:\\\/\\\/barcelona.euses.cat\\\/fr\\\/la-ceremonie-de-remise-des-diplomes-de-la-5e-promotion-du-diplome-international-de-physiotherapie-udg-ub-sest-deroulee-dans-la-salle-paraninfo\\\/#primaryimage\",\"url\":\"https:\\\/\\\/barcelona.euses.cat\\\/wp-content\\\/uploads\\\/2023\\\/06\\\/graduacio-2019_2023-2.jpeg\",\"contentUrl\":\"https:\\\/\\\/barcelona.euses.cat\\\/wp-content\\\/uploads\\\/2023\\\/06\\\/graduacio-2019_2023-2.jpeg\",\"width\":2048,\"height\":1152},{\"@type\":\"BreadcrumbList\",\"@id\":\"https:\\\/\\\/barcelona.euses.cat\\\/fr\\\/la-ceremonie-de-remise-des-diplomes-de-la-5e-promotion-du-diplome-international-de-physiotherapie-udg-ub-sest-deroulee-dans-la-salle-paraninfo\\\/#breadcrumb\",\"itemListElement\":[{\"@type\":\"ListItem\",\"position\":1,\"name\":\"Portada\",\"item\":\"https:\\\/\\\/barcelona.euses.cat\\\/fr\\\/\"},{\"@type\":\"ListItem\",\"position\":2,\"name\":\"La c\u00e9r\u00e9monie de remise des dipl\u00f4mes de la 5e promotion du dipl\u00f4me international de Physioth\u00e9rapie (UdG-UB) s&#8217;est d\u00e9roul\u00e9e dans la salle Paraninfo\"}]},{\"@type\":\"WebSite\",\"@id\":\"https:\\\/\\\/barcelona.euses.cat\\\/ca\\\/#website\",\"url\":\"https:\\\/\\\/barcelona.euses.cat\\\/ca\\\/\",\"name\":\"EUSES - Campus de Bellvitge (Barcelona)\",\"description\":\"EUSES, Ecole Universitaire de Physioth\u00e9rapie Internationale \u00e0 Barcelone\",\"potentialAction\":[{\"@type\":\"SearchAction\",\"target\":{\"@type\":\"EntryPoint\",\"urlTemplate\":\"https:\\\/\\\/barcelona.euses.cat\\\/ca\\\/?s={search_term_string}\"},\"query-input\":{\"@type\":\"PropertyValueSpecification\",\"valueRequired\":true,\"valueName\":\"search_term_string\"}}],\"inLanguage\":\"fr-FR\"},{\"@type\":\"Person\",\"@id\":\"https:\\\/\\\/barcelona.euses.cat\\\/ca\\\/#\\\/schema\\\/person\\\/8ab46080dfc4814fa59383db317735bd\",\"name\":\"Jordi Danes\",\"image\":{\"@type\":\"ImageObject\",\"inLanguage\":\"fr-FR\",\"@id\":\"https:\\\/\\\/secure.gravatar.com\\\/avatar\\\/a9e4f443b594af225625ee8cfa665e41b1e0740ea34fbe0515b4ca559f8570ef?s=96&d=mm&r=g\",\"url\":\"https:\\\/\\\/secure.gravatar.com\\\/avatar\\\/a9e4f443b594af225625ee8cfa665e41b1e0740ea34fbe0515b4ca559f8570ef?s=96&d=mm&r=g\",\"contentUrl\":\"https:\\\/\\\/secure.gravatar.com\\\/avatar\\\/a9e4f443b594af225625ee8cfa665e41b1e0740ea34fbe0515b4ca559f8570ef?s=96&d=mm&r=g\",\"caption\":\"Jordi Danes\"},\"url\":\"https:\\\/\\\/barcelona.euses.cat\\\/fr\\\/author\\\/jordi-danes\\\/\"}]}<\/script>\n<!-- \/ Yoast SEO plugin. -->","yoast_head_json":{"title":"La c\u00e9r\u00e9monie de remise des dipl\u00f4mes de la 5e promotion du dipl\u00f4me international de Physioth\u00e9rapie (UdG-UB) s'est d\u00e9roul\u00e9e dans la salle Paraninfo | EUSES - Campus de Bellvitge (Barcelona)","robots":{"index":"index","follow":"follow","max-snippet":"max-snippet:-1","max-image-preview":"max-image-preview:large","max-video-preview":"max-video-preview:-1"},"canonical":"https:\/\/barcelona.euses.cat\/fr\/la-ceremonie-de-remise-des-diplomes-de-la-5e-promotion-du-diplome-international-de-physiotherapie-udg-ub-sest-deroulee-dans-la-salle-paraninfo\/","og_locale":"fr_FR","og_type":"article","og_title":"La c\u00e9r\u00e9monie de remise des dipl\u00f4mes de la 5e promotion du dipl\u00f4me international de Physioth\u00e9rapie (UdG-UB) s'est d\u00e9roul\u00e9e dans la salle Paraninfo | EUSES - Campus de Bellvitge (Barcelona)","og_description":"La salle Paraninfo de l&rsquo;Universit\u00e9 de Barcelone a servi de cadre \u00e0 la c\u00e9r\u00e9monie de remise des dipl\u00f4mes de la 5e promotion du dipl\u00f4me international de Physioth\u00e9rapie (UdG-UB). Plus de quarante nouveaux kin\u00e9sitherapeutes qui ont commenc\u00e9 leurs \u00e9tudes au Campus de Bellvitge en 2019 ont re\u00e7u leur dipl\u00f4me ce jeudi, les accr\u00e9ditant en tant que [&hellip;]","og_url":"https:\/\/barcelona.euses.cat\/fr\/la-ceremonie-de-remise-des-diplomes-de-la-5e-promotion-du-diplome-international-de-physiotherapie-udg-ub-sest-deroulee-dans-la-salle-paraninfo\/","og_site_name":"EUSES - Campus de Bellvitge (Barcelona)","article_publisher":"https:\/\/www.facebook.com\/PhysioBCN\/","article_published_time":"2023-06-23T07:43:04+00:00","og_image":[{"width":2048,"height":1152,"url":"https:\/\/barcelona.euses.cat\/wp-content\/uploads\/2023\/06\/graduacio-2019_2023-2.jpeg","type":"image\/jpeg"}],"author":"Jordi Danes","twitter_card":"summary_large_image","twitter_misc":{"\u00c9crit par":"Jordi Danes","Dur\u00e9e de lecture estim\u00e9e":"1 minute"},"schema":{"@context":"https:\/\/schema.org","@graph":[{"@type":"Article","@id":"https:\/\/barcelona.euses.cat\/fr\/la-ceremonie-de-remise-des-diplomes-de-la-5e-promotion-du-diplome-international-de-physiotherapie-udg-ub-sest-deroulee-dans-la-salle-paraninfo\/#article","isPartOf":{"@id":"https:\/\/barcelona.euses.cat\/fr\/la-ceremonie-de-remise-des-diplomes-de-la-5e-promotion-du-diplome-international-de-physiotherapie-udg-ub-sest-deroulee-dans-la-salle-paraninfo\/"},"author":{"name":"Jordi Danes","@id":"https:\/\/barcelona.euses.cat\/ca\/#\/schema\/person\/8ab46080dfc4814fa59383db317735bd"},"headline":"La c\u00e9r\u00e9monie de remise des dipl\u00f4mes de la 5e promotion du dipl\u00f4me international de Physioth\u00e9rapie (UdG-UB) s&rsquo;est d\u00e9roul\u00e9e dans la salle Paraninfo","datePublished":"2023-06-23T07:43:04+00:00","mainEntityOfPage":{"@id":"https:\/\/barcelona.euses.cat\/fr\/la-ceremonie-de-remise-des-diplomes-de-la-5e-promotion-du-diplome-international-de-physiotherapie-udg-ub-sest-deroulee-dans-la-salle-paraninfo\/"},"wordCount":308,"commentCount":0,"image":{"@id":"https:\/\/barcelona.euses.cat\/fr\/la-ceremonie-de-remise-des-diplomes-de-la-5e-promotion-du-diplome-international-de-physiotherapie-udg-ub-sest-deroulee-dans-la-salle-paraninfo\/#primaryimage"},"thumbnailUrl":"https:\/\/barcelona.euses.cat\/wp-content\/uploads\/2023\/06\/graduacio-2019_2023-2.jpeg","articleSection":["Non classifi\u00e9(e)"],"inLanguage":"fr-FR"},{"@type":"WebPage","@id":"https:\/\/barcelona.euses.cat\/fr\/la-ceremonie-de-remise-des-diplomes-de-la-5e-promotion-du-diplome-international-de-physiotherapie-udg-ub-sest-deroulee-dans-la-salle-paraninfo\/","url":"https:\/\/barcelona.euses.cat\/fr\/la-ceremonie-de-remise-des-diplomes-de-la-5e-promotion-du-diplome-international-de-physiotherapie-udg-ub-sest-deroulee-dans-la-salle-paraninfo\/","name":"La c\u00e9r\u00e9monie de remise des dipl\u00f4mes de la 5e promotion du dipl\u00f4me international de Physioth\u00e9rapie (UdG-UB) s'est d\u00e9roul\u00e9e dans la salle Paraninfo | EUSES - Campus de Bellvitge (Barcelona)","isPartOf":{"@id":"https:\/\/barcelona.euses.cat\/ca\/#website"},"primaryImageOfPage":{"@id":"https:\/\/barcelona.euses.cat\/fr\/la-ceremonie-de-remise-des-diplomes-de-la-5e-promotion-du-diplome-international-de-physiotherapie-udg-ub-sest-deroulee-dans-la-salle-paraninfo\/#primaryimage"},"image":{"@id":"https:\/\/barcelona.euses.cat\/fr\/la-ceremonie-de-remise-des-diplomes-de-la-5e-promotion-du-diplome-international-de-physiotherapie-udg-ub-sest-deroulee-dans-la-salle-paraninfo\/#primaryimage"},"thumbnailUrl":"https:\/\/barcelona.euses.cat\/wp-content\/uploads\/2023\/06\/graduacio-2019_2023-2.jpeg","datePublished":"2023-06-23T07:43:04+00:00","author":{"@id":"https:\/\/barcelona.euses.cat\/ca\/#\/schema\/person\/8ab46080dfc4814fa59383db317735bd"},"breadcrumb":{"@id":"https:\/\/barcelona.euses.cat\/fr\/la-ceremonie-de-remise-des-diplomes-de-la-5e-promotion-du-diplome-international-de-physiotherapie-udg-ub-sest-deroulee-dans-la-salle-paraninfo\/#breadcrumb"},"inLanguage":"fr-FR","potentialAction":[{"@type":"ReadAction","target":["https:\/\/barcelona.euses.cat\/fr\/la-ceremonie-de-remise-des-diplomes-de-la-5e-promotion-du-diplome-international-de-physiotherapie-udg-ub-sest-deroulee-dans-la-salle-paraninfo\/"]}]},{"@type":"ImageObject","inLanguage":"fr-FR","@id":"https:\/\/barcelona.euses.cat\/fr\/la-ceremonie-de-remise-des-diplomes-de-la-5e-promotion-du-diplome-international-de-physiotherapie-udg-ub-sest-deroulee-dans-la-salle-paraninfo\/#primaryimage","url":"https:\/\/barcelona.euses.cat\/wp-content\/uploads\/2023\/06\/graduacio-2019_2023-2.jpeg","contentUrl":"https:\/\/barcelona.euses.cat\/wp-content\/uploads\/2023\/06\/graduacio-2019_2023-2.jpeg","width":2048,"height":1152},{"@type":"BreadcrumbList","@id":"https:\/\/barcelona.euses.cat\/fr\/la-ceremonie-de-remise-des-diplomes-de-la-5e-promotion-du-diplome-international-de-physiotherapie-udg-ub-sest-deroulee-dans-la-salle-paraninfo\/#breadcrumb","itemListElement":[{"@type":"ListItem","position":1,"name":"Portada","item":"https:\/\/barcelona.euses.cat\/fr\/"},{"@type":"ListItem","position":2,"name":"La c\u00e9r\u00e9monie de remise des dipl\u00f4mes de la 5e promotion du dipl\u00f4me international de Physioth\u00e9rapie (UdG-UB) s&#8217;est d\u00e9roul\u00e9e dans la salle Paraninfo"}]},{"@type":"WebSite","@id":"https:\/\/barcelona.euses.cat\/ca\/#website","url":"https:\/\/barcelona.euses.cat\/ca\/","name":"EUSES - Campus de Bellvitge (Barcelona)","description":"EUSES, Ecole Universitaire de Physioth\u00e9rapie Internationale \u00e0 Barcelone","potentialAction":[{"@type":"SearchAction","target":{"@type":"EntryPoint","urlTemplate":"https:\/\/barcelona.euses.cat\/ca\/?s={search_term_string}"},"query-input":{"@type":"PropertyValueSpecification","valueRequired":true,"valueName":"search_term_string"}}],"inLanguage":"fr-FR"},{"@type":"Person","@id":"https:\/\/barcelona.euses.cat\/ca\/#\/schema\/person\/8ab46080dfc4814fa59383db317735bd","name":"Jordi Danes","image":{"@type":"ImageObject","inLanguage":"fr-FR","@id":"https:\/\/secure.gravatar.com\/avatar\/a9e4f443b594af225625ee8cfa665e41b1e0740ea34fbe0515b4ca559f8570ef?s=96&d=mm&r=g","url":"https:\/\/secure.gravatar.com\/avatar\/a9e4f443b594af225625ee8cfa665e41b1e0740ea34fbe0515b4ca559f8570ef?s=96&d=mm&r=g","contentUrl":"https:\/\/secure.gravatar.com\/avatar\/a9e4f443b594af225625ee8cfa665e41b1e0740ea34fbe0515b4ca559f8570ef?s=96&d=mm&r=g","caption":"Jordi Danes"},"url":"https:\/\/barcelona.euses.cat\/fr\/author\/jordi-danes\/"}]}},"_links":{"self":[{"href":"https:\/\/barcelona.euses.cat\/fr\/wp-json\/wp\/v2\/posts\/11265","targetHints":{"allow":["GET"]}}],"collection":[{"href":"https:\/\/barcelona.euses.cat\/fr\/wp-json\/wp\/v2\/posts"}],"about":[{"href":"https:\/\/barcelona.euses.cat\/fr\/wp-json\/wp\/v2\/types\/post"}],"author":[{"embeddable":true,"href":"https:\/\/barcelona.euses.cat\/fr\/wp-json\/wp\/v2\/users\/3"}],"replies":[{"embeddable":true,"href":"https:\/\/barcelona.euses.cat\/fr\/wp-json\/wp\/v2\/comments?post=11265"}],"version-history":[{"count":3,"href":"https:\/\/barcelona.euses.cat\/fr\/wp-json\/wp\/v2\/posts\/11265\/revisions"}],"predecessor-version":[{"id":11269,"href":"https:\/\/barcelona.euses.cat\/fr\/wp-json\/wp\/v2\/posts\/11265\/revisions\/11269"}],"wp:featuredmedia":[{"embeddable":true,"href":"https:\/\/barcelona.euses.cat\/fr\/wp-json\/wp\/v2\/media\/11246"}],"wp:attachment":[{"href":"https:\/\/barcelona.euses.cat\/fr\/wp-json\/wp\/v2\/media?parent=11265"}],"wp:term":[{"taxonomy":"category","embeddable":true,"href":"https:\/\/barcelona.euses.cat\/fr\/wp-json\/wp\/v2\/categories?post=11265"},{"taxonomy":"post_tag","embeddable":true,"href":"https:\/\/barcelona.euses.cat\/fr\/wp-json\/wp\/v2\/tags?post=11265"}],"curies":[{"name":"wp","href":"https:\/\/api.w.org\/{rel}","templated":true}]}}