{"id":11127,"date":"2023-03-29T22:22:45","date_gmt":"2023-03-29T20:22:45","guid":{"rendered":"https:\/\/barcelona.euses.cat\/?p=11127"},"modified":"2023-03-29T22:22:45","modified_gmt":"2023-03-29T20:22:45","slug":"la-troisieme-edition-du-talent-day-aura-lieu-les-24-et-25-avril-et-les-inscriptions-sont-desormais-ouvertes","status":"publish","type":"post","link":"https:\/\/barcelona.euses.cat\/fr\/la-troisieme-edition-du-talent-day-aura-lieu-les-24-et-25-avril-et-les-inscriptions-sont-desormais-ouvertes\/","title":{"rendered":"La troisi\u00e8me \u00e9dition du Talent Day aura lieu les 24 et 25 avril et les inscriptions sont d\u00e9sormais ouvertes"},"content":{"rendered":"<p>Le compte \u00e0 rebours du Talent Day 2023 a d\u00e9j\u00e0 commenc\u00e9. Le salon virtuel de l&#8217;emploi et de l&rsquo;orientation professionnelle de l&rsquo;Escola Universit\u00e0ria de la Salut i l&rsquo;Esport se tiendra les 24 et 25 avril et en est \u00e0 sa troisi\u00e8me \u00e9dition. Le Talent Day, une initiative de l&rsquo;\u00e9quipe d&rsquo;anciens \u00e9l\u00e8ves d&rsquo;EUSES dirig\u00e9e par S\u00edlvia Roche, compte d\u00e9j\u00e0 une quarantaine de stands confirm\u00e9s d&rsquo;entreprises, de centres et de clubs, et il est pr\u00e9vu que ce nombre augmente encore dans les jours qui pr\u00e9c\u00e8dent l&rsquo;\u00e9v\u00e9nement.<\/p>\n<p>Les inscriptions (gratuites) sont d\u00e9j\u00e0 ouvertes et, bien que le public potentiel soit les \u00e9tudiants de 4\u00e8me ann\u00e9e, des dipl\u00f4mes de STAPS et Kin\u00e9sith\u00e9rapie et ceux associ\u00e9s \u00e0 EUSES Alumni (en vue d&rsquo;entrer sur le march\u00e9 du travail ou \u00e0 la recherche d&rsquo;une offre professionnelle adapt\u00e9e \u00e0 leur profil), le Talent Day est \u00e9galement ouvert aux \u00e9tudiants de 1\u00e8re, 2\u00e8me et 3\u00e8me ann\u00e9e de tous les campus du groupe (Salt, Bellvitge et Terres de l&rsquo;Ebre).<\/p>\n<p>Lors du Talent Day, les \u00e9tudiants auront un acc\u00e8s virtuel aux stands des entreprises (dont certaines viennent de l&rsquo;\u00e9tranger) qui afficheront diff\u00e9rentes offres d&#8217;emploi auxquelles les participants pourront non seulement acc\u00e9der pour en voir les caract\u00e9ristiques, mais ils auront aussi la possibilit\u00e9 de poser des questions, d&rsquo;envoyer un CV, de discuter avec les responsables de ces entreprises et m\u00eame de passer un entretien d&#8217;embauche par vid\u00e9oconf\u00e9rence.<\/p>\n<p>L&rsquo;une des nouveaut\u00e9s de cette ann\u00e9e sera la possibilit\u00e9 pour les participants de faire du r\u00e9seautage. Ils pourront interagir avec d&rsquo;autres visiteurs du salon (\u00e9tudiants et anciens \u00e9l\u00e8ves) et \u00e9largir leur r\u00e9seau de contacts. Pour ce faire, il suffit d&rsquo;activer l&rsquo;option de r\u00e9seautage lors de l&rsquo;inscription.<\/p>\n<p><strong>Conf\u00e9rences et tables rondes<\/strong><\/p>\n<p>En plus des stands, cinq conf\u00e9rences et trois tables rondes ont \u00e9t\u00e9 programm\u00e9es lors du Talent Day, toujours dans le but d&rsquo;aider les \u00e9tudiants \u00e0 trouver l&#8217;emploi qui leur convient le mieux. Toutes les conf\u00e9rences et tables rondes se d\u00e9rouleront virtuellement via la plateforme, \u00e0 l&rsquo;exception des deux ateliers de Nuria Sanlleh\u00ed, qui se d\u00e9rouleront en face \u00e0 face. Toutefois, ces conf\u00e9rences seront \u00e9galement diffus\u00e9es en direct sur Zoom pour les personnes inscrites qui ne pourront pas se rendre en personne au Salt Campus).<\/p>\n<p>&nbsp;<\/p>\n","protected":false},"excerpt":{"rendered":"<p>Le compte \u00e0 rebours du Talent Day 2023 a d\u00e9j\u00e0 commenc\u00e9. Le salon virtuel de l&#8217;emploi et de l&rsquo;orientation professionnelle de l&rsquo;Escola Universit\u00e0ria de la Salut i l&rsquo;Esport se tiendra les 24 et 25 avril et en est \u00e0 sa troisi\u00e8me \u00e9dition. Le Talent Day, une initiative de l&rsquo;\u00e9quipe d&rsquo;anciens \u00e9l\u00e8ves d&rsquo;EUSES dirig\u00e9e par S\u00edlvia [&hellip;]<\/p>\n","protected":false},"author":3,"featured_media":11119,"comment_status":"open","ping_status":"closed","sticky":false,"template":"","format":"standard","meta":{"_acf_changed":false,"inline_featured_image":false,"_joinchat":[],"footnotes":""},"categories":[3],"tags":[],"class_list":["post-11127","post","type-post","status-publish","format-standard","has-post-thumbnail","hentry","category-non-classifiee"],"acf":[],"yoast_head":"<!-- This site is optimized with the Yoast SEO plugin v27.4 - https:\/\/yoast.com\/product\/yoast-seo-wordpress\/ -->\n<title>La troisi\u00e8me \u00e9dition du Talent Day aura lieu les 24 et 25 avril et les inscriptions sont d\u00e9sormais ouvertes | EUSES - Campus de Bellvitge (Barcelona)<\/title>\n<meta name=\"robots\" content=\"index, follow, max-snippet:-1, max-image-preview:large, max-video-preview:-1\" \/>\n<link rel=\"canonical\" href=\"https:\/\/barcelona.euses.cat\/fr\/la-troisieme-edition-du-talent-day-aura-lieu-les-24-et-25-avril-et-les-inscriptions-sont-desormais-ouvertes\/\" \/>\n<meta property=\"og:locale\" content=\"fr_FR\" \/>\n<meta property=\"og:type\" content=\"article\" \/>\n<meta property=\"og:title\" content=\"La troisi\u00e8me \u00e9dition du Talent Day aura lieu les 24 et 25 avril et les inscriptions sont d\u00e9sormais ouvertes | EUSES - Campus de Bellvitge (Barcelona)\" \/>\n<meta property=\"og:description\" content=\"Le compte \u00e0 rebours du Talent Day 2023 a d\u00e9j\u00e0 commenc\u00e9. Le salon virtuel de l&#8217;emploi et de l&rsquo;orientation professionnelle de l&rsquo;Escola Universit\u00e0ria de la Salut i l&rsquo;Esport se tiendra les 24 et 25 avril et en est \u00e0 sa troisi\u00e8me \u00e9dition. Le Talent Day, une initiative de l&rsquo;\u00e9quipe d&rsquo;anciens \u00e9l\u00e8ves d&rsquo;EUSES dirig\u00e9e par S\u00edlvia [&hellip;]\" \/>\n<meta property=\"og:url\" content=\"https:\/\/barcelona.euses.cat\/fr\/la-troisieme-edition-du-talent-day-aura-lieu-les-24-et-25-avril-et-les-inscriptions-sont-desormais-ouvertes\/\" \/>\n<meta property=\"og:site_name\" content=\"EUSES - Campus de Bellvitge (Barcelona)\" \/>\n<meta property=\"article:publisher\" content=\"https:\/\/www.facebook.com\/PhysioBCN\/\" \/>\n<meta property=\"article:published_time\" content=\"2023-03-29T20:22:45+00:00\" \/>\n<meta property=\"og:image\" content=\"https:\/\/barcelona.euses.cat\/wp-content\/uploads\/2023\/03\/talent-day.jpg\" \/>\n\t<meta property=\"og:image:width\" content=\"2048\" \/>\n\t<meta property=\"og:image:height\" content=\"1094\" \/>\n\t<meta property=\"og:image:type\" content=\"image\/jpeg\" \/>\n<meta name=\"author\" content=\"Jordi Danes\" \/>\n<meta name=\"twitter:card\" content=\"summary_large_image\" \/>\n<meta name=\"twitter:label1\" content=\"\u00c9crit par\" \/>\n\t<meta name=\"twitter:data1\" content=\"Jordi Danes\" \/>\n\t<meta name=\"twitter:label2\" content=\"Dur\u00e9e de lecture estim\u00e9e\" \/>\n\t<meta name=\"twitter:data2\" content=\"2 minutes\" \/>\n<script type=\"application\/ld+json\" class=\"yoast-schema-graph\">{\"@context\":\"https:\\\/\\\/schema.org\",\"@graph\":[{\"@type\":\"Article\",\"@id\":\"https:\\\/\\\/barcelona.euses.cat\\\/fr\\\/la-troisieme-edition-du-talent-day-aura-lieu-les-24-et-25-avril-et-les-inscriptions-sont-desormais-ouvertes\\\/#article\",\"isPartOf\":{\"@id\":\"https:\\\/\\\/barcelona.euses.cat\\\/fr\\\/la-troisieme-edition-du-talent-day-aura-lieu-les-24-et-25-avril-et-les-inscriptions-sont-desormais-ouvertes\\\/\"},\"author\":{\"name\":\"Jordi Danes\",\"@id\":\"https:\\\/\\\/barcelona.euses.cat\\\/ca\\\/#\\\/schema\\\/person\\\/8ab46080dfc4814fa59383db317735bd\"},\"headline\":\"La troisi\u00e8me \u00e9dition du Talent Day aura lieu les 24 et 25 avril et les inscriptions sont d\u00e9sormais ouvertes\",\"datePublished\":\"2023-03-29T20:22:45+00:00\",\"mainEntityOfPage\":{\"@id\":\"https:\\\/\\\/barcelona.euses.cat\\\/fr\\\/la-troisieme-edition-du-talent-day-aura-lieu-les-24-et-25-avril-et-les-inscriptions-sont-desormais-ouvertes\\\/\"},\"wordCount\":433,\"commentCount\":0,\"image\":{\"@id\":\"https:\\\/\\\/barcelona.euses.cat\\\/fr\\\/la-troisieme-edition-du-talent-day-aura-lieu-les-24-et-25-avril-et-les-inscriptions-sont-desormais-ouvertes\\\/#primaryimage\"},\"thumbnailUrl\":\"https:\\\/\\\/barcelona.euses.cat\\\/wp-content\\\/uploads\\\/2023\\\/03\\\/talent-day.jpg\",\"articleSection\":[\"Non classifi\u00e9(e)\"],\"inLanguage\":\"fr-FR\"},{\"@type\":\"WebPage\",\"@id\":\"https:\\\/\\\/barcelona.euses.cat\\\/fr\\\/la-troisieme-edition-du-talent-day-aura-lieu-les-24-et-25-avril-et-les-inscriptions-sont-desormais-ouvertes\\\/\",\"url\":\"https:\\\/\\\/barcelona.euses.cat\\\/fr\\\/la-troisieme-edition-du-talent-day-aura-lieu-les-24-et-25-avril-et-les-inscriptions-sont-desormais-ouvertes\\\/\",\"name\":\"La troisi\u00e8me \u00e9dition du Talent Day aura lieu les 24 et 25 avril et les inscriptions sont d\u00e9sormais ouvertes | EUSES - Campus de Bellvitge (Barcelona)\",\"isPartOf\":{\"@id\":\"https:\\\/\\\/barcelona.euses.cat\\\/ca\\\/#website\"},\"primaryImageOfPage\":{\"@id\":\"https:\\\/\\\/barcelona.euses.cat\\\/fr\\\/la-troisieme-edition-du-talent-day-aura-lieu-les-24-et-25-avril-et-les-inscriptions-sont-desormais-ouvertes\\\/#primaryimage\"},\"image\":{\"@id\":\"https:\\\/\\\/barcelona.euses.cat\\\/fr\\\/la-troisieme-edition-du-talent-day-aura-lieu-les-24-et-25-avril-et-les-inscriptions-sont-desormais-ouvertes\\\/#primaryimage\"},\"thumbnailUrl\":\"https:\\\/\\\/barcelona.euses.cat\\\/wp-content\\\/uploads\\\/2023\\\/03\\\/talent-day.jpg\",\"datePublished\":\"2023-03-29T20:22:45+00:00\",\"author\":{\"@id\":\"https:\\\/\\\/barcelona.euses.cat\\\/ca\\\/#\\\/schema\\\/person\\\/8ab46080dfc4814fa59383db317735bd\"},\"breadcrumb\":{\"@id\":\"https:\\\/\\\/barcelona.euses.cat\\\/fr\\\/la-troisieme-edition-du-talent-day-aura-lieu-les-24-et-25-avril-et-les-inscriptions-sont-desormais-ouvertes\\\/#breadcrumb\"},\"inLanguage\":\"fr-FR\",\"potentialAction\":[{\"@type\":\"ReadAction\",\"target\":[\"https:\\\/\\\/barcelona.euses.cat\\\/fr\\\/la-troisieme-edition-du-talent-day-aura-lieu-les-24-et-25-avril-et-les-inscriptions-sont-desormais-ouvertes\\\/\"]}]},{\"@type\":\"ImageObject\",\"inLanguage\":\"fr-FR\",\"@id\":\"https:\\\/\\\/barcelona.euses.cat\\\/fr\\\/la-troisieme-edition-du-talent-day-aura-lieu-les-24-et-25-avril-et-les-inscriptions-sont-desormais-ouvertes\\\/#primaryimage\",\"url\":\"https:\\\/\\\/barcelona.euses.cat\\\/wp-content\\\/uploads\\\/2023\\\/03\\\/talent-day.jpg\",\"contentUrl\":\"https:\\\/\\\/barcelona.euses.cat\\\/wp-content\\\/uploads\\\/2023\\\/03\\\/talent-day.jpg\",\"width\":2048,\"height\":1094},{\"@type\":\"BreadcrumbList\",\"@id\":\"https:\\\/\\\/barcelona.euses.cat\\\/fr\\\/la-troisieme-edition-du-talent-day-aura-lieu-les-24-et-25-avril-et-les-inscriptions-sont-desormais-ouvertes\\\/#breadcrumb\",\"itemListElement\":[{\"@type\":\"ListItem\",\"position\":1,\"name\":\"Portada\",\"item\":\"https:\\\/\\\/barcelona.euses.cat\\\/fr\\\/\"},{\"@type\":\"ListItem\",\"position\":2,\"name\":\"La troisi\u00e8me \u00e9dition du Talent Day aura lieu les 24 et 25 avril et les inscriptions sont d\u00e9sormais ouvertes\"}]},{\"@type\":\"WebSite\",\"@id\":\"https:\\\/\\\/barcelona.euses.cat\\\/ca\\\/#website\",\"url\":\"https:\\\/\\\/barcelona.euses.cat\\\/ca\\\/\",\"name\":\"EUSES - Campus de Bellvitge (Barcelona)\",\"description\":\"EUSES, Ecole Universitaire de Physioth\u00e9rapie Internationale \u00e0 Barcelone\",\"potentialAction\":[{\"@type\":\"SearchAction\",\"target\":{\"@type\":\"EntryPoint\",\"urlTemplate\":\"https:\\\/\\\/barcelona.euses.cat\\\/ca\\\/?s={search_term_string}\"},\"query-input\":{\"@type\":\"PropertyValueSpecification\",\"valueRequired\":true,\"valueName\":\"search_term_string\"}}],\"inLanguage\":\"fr-FR\"},{\"@type\":\"Person\",\"@id\":\"https:\\\/\\\/barcelona.euses.cat\\\/ca\\\/#\\\/schema\\\/person\\\/8ab46080dfc4814fa59383db317735bd\",\"name\":\"Jordi Danes\",\"image\":{\"@type\":\"ImageObject\",\"inLanguage\":\"fr-FR\",\"@id\":\"https:\\\/\\\/secure.gravatar.com\\\/avatar\\\/a9e4f443b594af225625ee8cfa665e41b1e0740ea34fbe0515b4ca559f8570ef?s=96&d=mm&r=g\",\"url\":\"https:\\\/\\\/secure.gravatar.com\\\/avatar\\\/a9e4f443b594af225625ee8cfa665e41b1e0740ea34fbe0515b4ca559f8570ef?s=96&d=mm&r=g\",\"contentUrl\":\"https:\\\/\\\/secure.gravatar.com\\\/avatar\\\/a9e4f443b594af225625ee8cfa665e41b1e0740ea34fbe0515b4ca559f8570ef?s=96&d=mm&r=g\",\"caption\":\"Jordi Danes\"},\"url\":\"https:\\\/\\\/barcelona.euses.cat\\\/fr\\\/author\\\/jordi-danes\\\/\"}]}<\/script>\n<!-- \/ Yoast SEO plugin. -->","yoast_head_json":{"title":"La troisi\u00e8me \u00e9dition du Talent Day aura lieu les 24 et 25 avril et les inscriptions sont d\u00e9sormais ouvertes | EUSES - Campus de Bellvitge (Barcelona)","robots":{"index":"index","follow":"follow","max-snippet":"max-snippet:-1","max-image-preview":"max-image-preview:large","max-video-preview":"max-video-preview:-1"},"canonical":"https:\/\/barcelona.euses.cat\/fr\/la-troisieme-edition-du-talent-day-aura-lieu-les-24-et-25-avril-et-les-inscriptions-sont-desormais-ouvertes\/","og_locale":"fr_FR","og_type":"article","og_title":"La troisi\u00e8me \u00e9dition du Talent Day aura lieu les 24 et 25 avril et les inscriptions sont d\u00e9sormais ouvertes | EUSES - Campus de Bellvitge (Barcelona)","og_description":"Le compte \u00e0 rebours du Talent Day 2023 a d\u00e9j\u00e0 commenc\u00e9. Le salon virtuel de l&#8217;emploi et de l&rsquo;orientation professionnelle de l&rsquo;Escola Universit\u00e0ria de la Salut i l&rsquo;Esport se tiendra les 24 et 25 avril et en est \u00e0 sa troisi\u00e8me \u00e9dition. Le Talent Day, une initiative de l&rsquo;\u00e9quipe d&rsquo;anciens \u00e9l\u00e8ves d&rsquo;EUSES dirig\u00e9e par S\u00edlvia [&hellip;]","og_url":"https:\/\/barcelona.euses.cat\/fr\/la-troisieme-edition-du-talent-day-aura-lieu-les-24-et-25-avril-et-les-inscriptions-sont-desormais-ouvertes\/","og_site_name":"EUSES - Campus de Bellvitge (Barcelona)","article_publisher":"https:\/\/www.facebook.com\/PhysioBCN\/","article_published_time":"2023-03-29T20:22:45+00:00","og_image":[{"width":2048,"height":1094,"url":"https:\/\/barcelona.euses.cat\/wp-content\/uploads\/2023\/03\/talent-day.jpg","type":"image\/jpeg"}],"author":"Jordi Danes","twitter_card":"summary_large_image","twitter_misc":{"\u00c9crit par":"Jordi Danes","Dur\u00e9e de lecture estim\u00e9e":"2 minutes"},"schema":{"@context":"https:\/\/schema.org","@graph":[{"@type":"Article","@id":"https:\/\/barcelona.euses.cat\/fr\/la-troisieme-edition-du-talent-day-aura-lieu-les-24-et-25-avril-et-les-inscriptions-sont-desormais-ouvertes\/#article","isPartOf":{"@id":"https:\/\/barcelona.euses.cat\/fr\/la-troisieme-edition-du-talent-day-aura-lieu-les-24-et-25-avril-et-les-inscriptions-sont-desormais-ouvertes\/"},"author":{"name":"Jordi Danes","@id":"https:\/\/barcelona.euses.cat\/ca\/#\/schema\/person\/8ab46080dfc4814fa59383db317735bd"},"headline":"La troisi\u00e8me \u00e9dition du Talent Day aura lieu les 24 et 25 avril et les inscriptions sont d\u00e9sormais ouvertes","datePublished":"2023-03-29T20:22:45+00:00","mainEntityOfPage":{"@id":"https:\/\/barcelona.euses.cat\/fr\/la-troisieme-edition-du-talent-day-aura-lieu-les-24-et-25-avril-et-les-inscriptions-sont-desormais-ouvertes\/"},"wordCount":433,"commentCount":0,"image":{"@id":"https:\/\/barcelona.euses.cat\/fr\/la-troisieme-edition-du-talent-day-aura-lieu-les-24-et-25-avril-et-les-inscriptions-sont-desormais-ouvertes\/#primaryimage"},"thumbnailUrl":"https:\/\/barcelona.euses.cat\/wp-content\/uploads\/2023\/03\/talent-day.jpg","articleSection":["Non classifi\u00e9(e)"],"inLanguage":"fr-FR"},{"@type":"WebPage","@id":"https:\/\/barcelona.euses.cat\/fr\/la-troisieme-edition-du-talent-day-aura-lieu-les-24-et-25-avril-et-les-inscriptions-sont-desormais-ouvertes\/","url":"https:\/\/barcelona.euses.cat\/fr\/la-troisieme-edition-du-talent-day-aura-lieu-les-24-et-25-avril-et-les-inscriptions-sont-desormais-ouvertes\/","name":"La troisi\u00e8me \u00e9dition du Talent Day aura lieu les 24 et 25 avril et les inscriptions sont d\u00e9sormais ouvertes | EUSES - Campus de Bellvitge (Barcelona)","isPartOf":{"@id":"https:\/\/barcelona.euses.cat\/ca\/#website"},"primaryImageOfPage":{"@id":"https:\/\/barcelona.euses.cat\/fr\/la-troisieme-edition-du-talent-day-aura-lieu-les-24-et-25-avril-et-les-inscriptions-sont-desormais-ouvertes\/#primaryimage"},"image":{"@id":"https:\/\/barcelona.euses.cat\/fr\/la-troisieme-edition-du-talent-day-aura-lieu-les-24-et-25-avril-et-les-inscriptions-sont-desormais-ouvertes\/#primaryimage"},"thumbnailUrl":"https:\/\/barcelona.euses.cat\/wp-content\/uploads\/2023\/03\/talent-day.jpg","datePublished":"2023-03-29T20:22:45+00:00","author":{"@id":"https:\/\/barcelona.euses.cat\/ca\/#\/schema\/person\/8ab46080dfc4814fa59383db317735bd"},"breadcrumb":{"@id":"https:\/\/barcelona.euses.cat\/fr\/la-troisieme-edition-du-talent-day-aura-lieu-les-24-et-25-avril-et-les-inscriptions-sont-desormais-ouvertes\/#breadcrumb"},"inLanguage":"fr-FR","potentialAction":[{"@type":"ReadAction","target":["https:\/\/barcelona.euses.cat\/fr\/la-troisieme-edition-du-talent-day-aura-lieu-les-24-et-25-avril-et-les-inscriptions-sont-desormais-ouvertes\/"]}]},{"@type":"ImageObject","inLanguage":"fr-FR","@id":"https:\/\/barcelona.euses.cat\/fr\/la-troisieme-edition-du-talent-day-aura-lieu-les-24-et-25-avril-et-les-inscriptions-sont-desormais-ouvertes\/#primaryimage","url":"https:\/\/barcelona.euses.cat\/wp-content\/uploads\/2023\/03\/talent-day.jpg","contentUrl":"https:\/\/barcelona.euses.cat\/wp-content\/uploads\/2023\/03\/talent-day.jpg","width":2048,"height":1094},{"@type":"BreadcrumbList","@id":"https:\/\/barcelona.euses.cat\/fr\/la-troisieme-edition-du-talent-day-aura-lieu-les-24-et-25-avril-et-les-inscriptions-sont-desormais-ouvertes\/#breadcrumb","itemListElement":[{"@type":"ListItem","position":1,"name":"Portada","item":"https:\/\/barcelona.euses.cat\/fr\/"},{"@type":"ListItem","position":2,"name":"La troisi\u00e8me \u00e9dition du Talent Day aura lieu les 24 et 25 avril et les inscriptions sont d\u00e9sormais ouvertes"}]},{"@type":"WebSite","@id":"https:\/\/barcelona.euses.cat\/ca\/#website","url":"https:\/\/barcelona.euses.cat\/ca\/","name":"EUSES - Campus de Bellvitge (Barcelona)","description":"EUSES, Ecole Universitaire de Physioth\u00e9rapie Internationale \u00e0 Barcelone","potentialAction":[{"@type":"SearchAction","target":{"@type":"EntryPoint","urlTemplate":"https:\/\/barcelona.euses.cat\/ca\/?s={search_term_string}"},"query-input":{"@type":"PropertyValueSpecification","valueRequired":true,"valueName":"search_term_string"}}],"inLanguage":"fr-FR"},{"@type":"Person","@id":"https:\/\/barcelona.euses.cat\/ca\/#\/schema\/person\/8ab46080dfc4814fa59383db317735bd","name":"Jordi Danes","image":{"@type":"ImageObject","inLanguage":"fr-FR","@id":"https:\/\/secure.gravatar.com\/avatar\/a9e4f443b594af225625ee8cfa665e41b1e0740ea34fbe0515b4ca559f8570ef?s=96&d=mm&r=g","url":"https:\/\/secure.gravatar.com\/avatar\/a9e4f443b594af225625ee8cfa665e41b1e0740ea34fbe0515b4ca559f8570ef?s=96&d=mm&r=g","contentUrl":"https:\/\/secure.gravatar.com\/avatar\/a9e4f443b594af225625ee8cfa665e41b1e0740ea34fbe0515b4ca559f8570ef?s=96&d=mm&r=g","caption":"Jordi Danes"},"url":"https:\/\/barcelona.euses.cat\/fr\/author\/jordi-danes\/"}]}},"_links":{"self":[{"href":"https:\/\/barcelona.euses.cat\/fr\/wp-json\/wp\/v2\/posts\/11127","targetHints":{"allow":["GET"]}}],"collection":[{"href":"https:\/\/barcelona.euses.cat\/fr\/wp-json\/wp\/v2\/posts"}],"about":[{"href":"https:\/\/barcelona.euses.cat\/fr\/wp-json\/wp\/v2\/types\/post"}],"author":[{"embeddable":true,"href":"https:\/\/barcelona.euses.cat\/fr\/wp-json\/wp\/v2\/users\/3"}],"replies":[{"embeddable":true,"href":"https:\/\/barcelona.euses.cat\/fr\/wp-json\/wp\/v2\/comments?post=11127"}],"version-history":[{"count":1,"href":"https:\/\/barcelona.euses.cat\/fr\/wp-json\/wp\/v2\/posts\/11127\/revisions"}],"predecessor-version":[{"id":11128,"href":"https:\/\/barcelona.euses.cat\/fr\/wp-json\/wp\/v2\/posts\/11127\/revisions\/11128"}],"wp:featuredmedia":[{"embeddable":true,"href":"https:\/\/barcelona.euses.cat\/fr\/wp-json\/wp\/v2\/media\/11119"}],"wp:attachment":[{"href":"https:\/\/barcelona.euses.cat\/fr\/wp-json\/wp\/v2\/media?parent=11127"}],"wp:term":[{"taxonomy":"category","embeddable":true,"href":"https:\/\/barcelona.euses.cat\/fr\/wp-json\/wp\/v2\/categories?post=11127"},{"taxonomy":"post_tag","embeddable":true,"href":"https:\/\/barcelona.euses.cat\/fr\/wp-json\/wp\/v2\/tags?post=11127"}],"curies":[{"name":"wp","href":"https:\/\/api.w.org\/{rel}","templated":true}]}}