{"id":10895,"date":"2022-11-03T00:22:44","date_gmt":"2022-11-02T23:22:44","guid":{"rendered":"https:\/\/barcelona.euses.cat\/?p=10895"},"modified":"2022-11-03T00:22:44","modified_gmt":"2022-11-02T23:22:44","slug":"les-etudiants-de-kinesitherapie-font-la-recuperation-des-participants-de-la-half-sitges","status":"publish","type":"post","link":"https:\/\/barcelona.euses.cat\/fr\/les-etudiants-de-kinesitherapie-font-la-recuperation-des-participants-de-la-half-sitges\/","title":{"rendered":"Les \u00e9tudiants de kin\u00e9sith\u00e9rapie font la r\u00e9cup\u00e9ration des participants de la Half Sitges"},"content":{"rendered":"<p style=\"font-weight: 400;\">Sous la tutelle de la kin\u00e9sith\u00e9rapeute Laura Vilella, de l&rsquo;EUSES Alumni, les \u00e9tudiants du Campus de Bellvitge ont effectu\u00e9 le week-end dernier un volontariat acad\u00e9mique \u00e0 Sitges, plus pr\u00e9cis\u00e9ment lors du <a href=\"https:\/\/100x100half.com\/fr\/sitges\" target=\"_blank\" rel=\"noopener noreferrer\">Half triathlon<\/a> qui s&rsquo;est d\u00e9roul\u00e9 dans la ville du Garraf. Les \u00e9tudiants Tommaso Moia, Marcos Ajuelos, Ma\u00ebline Lemair\u00e9, Vicenta Mar\u00edn, Maxime Marry, Pauline Negrier, Jouannic Benoit, Maeva Agniel et Antoine Courthaliac ont effectu\u00e9 des techniques de r\u00e9cup\u00e9ration musculaire (essentiellement des massages et des \u00e9tirements) pour les participants dans une installation d\u00e9di\u00e9e, install\u00e9e dans la zone d&rsquo;arriv\u00e9e. Les athl\u00e8tes avaient le choix entre trois parcours : la demi-distance (1,9 km de natation, 90 km de v\u00e9lo et 21 km de course \u00e0 pied), la distance olympique (1,5 km de natation, 40 km de v\u00e9lo et 10 km de course \u00e0 pied) ou l&rsquo;aquabike (1,9 km de natation et 90 km de v\u00e9lo).<\/p>\n\n\t\t<style type=\"text\/css\">\n\t\t\t#gallery-1 {\n\t\t\t\tmargin: auto;\n\t\t\t}\n\t\t\t#gallery-1 .gallery-item {\n\t\t\t\tfloat: left;\n\t\t\t\tmargin-top: 10px;\n\t\t\t\ttext-align: center;\n\t\t\t\twidth: 33%;\n\t\t\t}\n\t\t\t#gallery-1 img {\n\t\t\t\tborder: 2px solid #cfcfcf;\n\t\t\t}\n\t\t\t#gallery-1 .gallery-caption {\n\t\t\t\tmargin-left: 0;\n\t\t\t}\n\t\t\t\/* see gallery_shortcode() in wp-includes\/media.php *\/\n\t\t<\/style>\n\t\t<div id='gallery-1' class='gallery galleryid-10895 gallery-columns-3 gallery-size-medium'><dl class='gallery-item'>\n\t\t\t<dt class='gallery-icon portrait'>\n\t\t\t\t<a href='https:\/\/barcelona.euses.cat\/fr\/les-etudiants-de-kinesitherapie-font-la-recuperation-des-participants-de-la-half-sitges\/halfsitges-6-2\/'><img fetchpriority=\"high\" decoding=\"async\" width=\"224\" height=\"300\" src=\"https:\/\/barcelona.euses.cat\/wp-content\/uploads\/2022\/11\/halfsitges-6-224x300.jpg\" class=\"attachment-medium size-medium\" alt=\"\" srcset=\"https:\/\/barcelona.euses.cat\/wp-content\/uploads\/2022\/11\/halfsitges-6-224x300.jpg 224w, https:\/\/barcelona.euses.cat\/wp-content\/uploads\/2022\/11\/halfsitges-6-766x1024.jpg 766w, https:\/\/barcelona.euses.cat\/wp-content\/uploads\/2022\/11\/halfsitges-6-768x1026.jpg 768w, https:\/\/barcelona.euses.cat\/wp-content\/uploads\/2022\/11\/halfsitges-6-1149x1536.jpg 1149w, https:\/\/barcelona.euses.cat\/wp-content\/uploads\/2022\/11\/halfsitges-6-1532x2048.jpg 1532w, https:\/\/barcelona.euses.cat\/wp-content\/uploads\/2022\/11\/halfsitges-6-150x200.jpg 150w, https:\/\/barcelona.euses.cat\/wp-content\/uploads\/2022\/11\/halfsitges-6-scaled.jpg 1916w\" sizes=\"(max-width: 224px) 100vw, 224px\" \/><\/a>\n\t\t\t<\/dt><\/dl><dl class='gallery-item'>\n\t\t\t<dt class='gallery-icon portrait'>\n\t\t\t\t<a href='https:\/\/barcelona.euses.cat\/fr\/les-etudiants-de-kinesitherapie-font-la-recuperation-des-participants-de-la-half-sitges\/halfsitges-5-2\/'><img decoding=\"async\" width=\"224\" height=\"300\" src=\"https:\/\/barcelona.euses.cat\/wp-content\/uploads\/2022\/11\/halfsitges-5-224x300.jpg\" class=\"attachment-medium size-medium\" alt=\"\" srcset=\"https:\/\/barcelona.euses.cat\/wp-content\/uploads\/2022\/11\/halfsitges-5-224x300.jpg 224w, https:\/\/barcelona.euses.cat\/wp-content\/uploads\/2022\/11\/halfsitges-5-766x1024.jpg 766w, https:\/\/barcelona.euses.cat\/wp-content\/uploads\/2022\/11\/halfsitges-5-768x1026.jpg 768w, https:\/\/barcelona.euses.cat\/wp-content\/uploads\/2022\/11\/halfsitges-5-1149x1536.jpg 1149w, https:\/\/barcelona.euses.cat\/wp-content\/uploads\/2022\/11\/halfsitges-5-1532x2048.jpg 1532w, https:\/\/barcelona.euses.cat\/wp-content\/uploads\/2022\/11\/halfsitges-5-150x200.jpg 150w, https:\/\/barcelona.euses.cat\/wp-content\/uploads\/2022\/11\/halfsitges-5-scaled.jpg 1916w\" sizes=\"(max-width: 224px) 100vw, 224px\" \/><\/a>\n\t\t\t<\/dt><\/dl><dl class='gallery-item'>\n\t\t\t<dt class='gallery-icon portrait'>\n\t\t\t\t<a href='https:\/\/barcelona.euses.cat\/fr\/les-etudiants-de-kinesitherapie-font-la-recuperation-des-participants-de-la-half-sitges\/halfsitges-4-2\/'><img decoding=\"async\" width=\"224\" height=\"300\" src=\"https:\/\/barcelona.euses.cat\/wp-content\/uploads\/2022\/11\/halfsitges-4-224x300.jpg\" class=\"attachment-medium size-medium\" alt=\"\" srcset=\"https:\/\/barcelona.euses.cat\/wp-content\/uploads\/2022\/11\/halfsitges-4-224x300.jpg 224w, https:\/\/barcelona.euses.cat\/wp-content\/uploads\/2022\/11\/halfsitges-4-766x1024.jpg 766w, https:\/\/barcelona.euses.cat\/wp-content\/uploads\/2022\/11\/halfsitges-4-768x1026.jpg 768w, https:\/\/barcelona.euses.cat\/wp-content\/uploads\/2022\/11\/halfsitges-4-1149x1536.jpg 1149w, https:\/\/barcelona.euses.cat\/wp-content\/uploads\/2022\/11\/halfsitges-4-1532x2048.jpg 1532w, https:\/\/barcelona.euses.cat\/wp-content\/uploads\/2022\/11\/halfsitges-4-150x200.jpg 150w, https:\/\/barcelona.euses.cat\/wp-content\/uploads\/2022\/11\/halfsitges-4-scaled.jpg 1916w\" sizes=\"(max-width: 224px) 100vw, 224px\" \/><\/a>\n\t\t\t<\/dt><\/dl><br style=\"clear: both\" \/><dl class='gallery-item'>\n\t\t\t<dt class='gallery-icon portrait'>\n\t\t\t\t<a href='https:\/\/barcelona.euses.cat\/fr\/les-etudiants-de-kinesitherapie-font-la-recuperation-des-participants-de-la-half-sitges\/halfsitges-3-2\/'><img loading=\"lazy\" decoding=\"async\" width=\"224\" height=\"300\" src=\"https:\/\/barcelona.euses.cat\/wp-content\/uploads\/2022\/11\/halfsitges-3-224x300.jpg\" class=\"attachment-medium size-medium\" alt=\"\" srcset=\"https:\/\/barcelona.euses.cat\/wp-content\/uploads\/2022\/11\/halfsitges-3-224x300.jpg 224w, https:\/\/barcelona.euses.cat\/wp-content\/uploads\/2022\/11\/halfsitges-3-766x1024.jpg 766w, https:\/\/barcelona.euses.cat\/wp-content\/uploads\/2022\/11\/halfsitges-3-768x1026.jpg 768w, https:\/\/barcelona.euses.cat\/wp-content\/uploads\/2022\/11\/halfsitges-3-1149x1536.jpg 1149w, https:\/\/barcelona.euses.cat\/wp-content\/uploads\/2022\/11\/halfsitges-3-1532x2048.jpg 1532w, https:\/\/barcelona.euses.cat\/wp-content\/uploads\/2022\/11\/halfsitges-3-150x200.jpg 150w, https:\/\/barcelona.euses.cat\/wp-content\/uploads\/2022\/11\/halfsitges-3-scaled.jpg 1916w\" sizes=\"(max-width: 224px) 100vw, 224px\" \/><\/a>\n\t\t\t<\/dt><\/dl><dl class='gallery-item'>\n\t\t\t<dt class='gallery-icon landscape'>\n\t\t\t\t<a href='https:\/\/barcelona.euses.cat\/fr\/les-etudiants-de-kinesitherapie-font-la-recuperation-des-participants-de-la-half-sitges\/halfsitges-1-2\/'><img loading=\"lazy\" decoding=\"async\" width=\"300\" height=\"225\" src=\"https:\/\/barcelona.euses.cat\/wp-content\/uploads\/2022\/11\/halfsitges-1-300x225.jpg\" class=\"attachment-medium size-medium\" alt=\"\" srcset=\"https:\/\/barcelona.euses.cat\/wp-content\/uploads\/2022\/11\/halfsitges-1-300x225.jpg 300w, https:\/\/barcelona.euses.cat\/wp-content\/uploads\/2022\/11\/halfsitges-1-1024x768.jpg 1024w, https:\/\/barcelona.euses.cat\/wp-content\/uploads\/2022\/11\/halfsitges-1-768x576.jpg 768w, https:\/\/barcelona.euses.cat\/wp-content\/uploads\/2022\/11\/halfsitges-1-1536x1153.jpg 1536w, https:\/\/barcelona.euses.cat\/wp-content\/uploads\/2022\/11\/halfsitges-1-267x200.jpg 267w, https:\/\/barcelona.euses.cat\/wp-content\/uploads\/2022\/11\/halfsitges-1-700x525.jpg 700w, https:\/\/barcelona.euses.cat\/wp-content\/uploads\/2022\/11\/halfsitges-1.jpg 1599w\" sizes=\"(max-width: 300px) 100vw, 300px\" \/><\/a>\n\t\t\t<\/dt><\/dl>\n\t\t\t<br style='clear: both' \/>\n\t\t<\/div>\n\n","protected":false},"excerpt":{"rendered":"<p>Sous la tutelle de la kin\u00e9sith\u00e9rapeute Laura Vilella, de l&rsquo;EUSES Alumni, les \u00e9tudiants du Campus de Bellvitge ont effectu\u00e9 le week-end dernier un volontariat acad\u00e9mique \u00e0 Sitges, plus pr\u00e9cis\u00e9ment lors du Half triathlon qui s&rsquo;est d\u00e9roul\u00e9 dans la ville du Garraf. Les \u00e9tudiants Tommaso Moia, Marcos Ajuelos, Ma\u00ebline Lemair\u00e9, Vicenta Mar\u00edn, Maxime Marry, Pauline Negrier, [&hellip;]<\/p>\n","protected":false},"author":3,"featured_media":10868,"comment_status":"open","ping_status":"closed","sticky":false,"template":"","format":"standard","meta":{"_acf_changed":false,"inline_featured_image":false,"_joinchat":[],"footnotes":""},"categories":[3],"tags":[],"class_list":["post-10895","post","type-post","status-publish","format-standard","has-post-thumbnail","hentry","category-non-classifiee"],"acf":[],"yoast_head":"<!-- This site is optimized with the Yoast SEO plugin v27.4 - https:\/\/yoast.com\/product\/yoast-seo-wordpress\/ -->\n<title>Les \u00e9tudiants de kin\u00e9sith\u00e9rapie font la r\u00e9cup\u00e9ration des participants de la Half Sitges | EUSES - Campus de Bellvitge (Barcelona)<\/title>\n<meta name=\"robots\" content=\"index, follow, max-snippet:-1, max-image-preview:large, max-video-preview:-1\" \/>\n<link rel=\"canonical\" href=\"https:\/\/barcelona.euses.cat\/fr\/les-etudiants-de-kinesitherapie-font-la-recuperation-des-participants-de-la-half-sitges\/\" \/>\n<meta property=\"og:locale\" content=\"fr_FR\" \/>\n<meta property=\"og:type\" content=\"article\" \/>\n<meta property=\"og:title\" content=\"Les \u00e9tudiants de kin\u00e9sith\u00e9rapie font la r\u00e9cup\u00e9ration des participants de la Half Sitges | EUSES - Campus de Bellvitge (Barcelona)\" \/>\n<meta property=\"og:description\" content=\"Sous la tutelle de la kin\u00e9sith\u00e9rapeute Laura Vilella, de l&rsquo;EUSES Alumni, les \u00e9tudiants du Campus de Bellvitge ont effectu\u00e9 le week-end dernier un volontariat acad\u00e9mique \u00e0 Sitges, plus pr\u00e9cis\u00e9ment lors du Half triathlon qui s&rsquo;est d\u00e9roul\u00e9 dans la ville du Garraf. Les \u00e9tudiants Tommaso Moia, Marcos Ajuelos, Ma\u00ebline Lemair\u00e9, Vicenta Mar\u00edn, Maxime Marry, Pauline Negrier, [&hellip;]\" \/>\n<meta property=\"og:url\" content=\"https:\/\/barcelona.euses.cat\/fr\/les-etudiants-de-kinesitherapie-font-la-recuperation-des-participants-de-la-half-sitges\/\" \/>\n<meta property=\"og:site_name\" content=\"EUSES - Campus de Bellvitge (Barcelona)\" \/>\n<meta property=\"article:publisher\" content=\"https:\/\/www.facebook.com\/PhysioBCN\/\" \/>\n<meta property=\"article:published_time\" content=\"2022-11-02T23:22:44+00:00\" \/>\n<meta property=\"og:image\" content=\"https:\/\/barcelona.euses.cat\/wp-content\/uploads\/2022\/11\/halfsitges-2.jpg\" \/>\n\t<meta property=\"og:image:width\" content=\"1198\" \/>\n\t<meta property=\"og:image:height\" content=\"1600\" \/>\n\t<meta property=\"og:image:type\" content=\"image\/jpeg\" \/>\n<meta name=\"author\" content=\"Jordi Danes\" \/>\n<meta name=\"twitter:card\" content=\"summary_large_image\" \/>\n<meta name=\"twitter:label1\" content=\"\u00c9crit par\" \/>\n\t<meta name=\"twitter:data1\" content=\"Jordi Danes\" \/>\n\t<meta name=\"twitter:label2\" content=\"Dur\u00e9e de lecture estim\u00e9e\" \/>\n\t<meta name=\"twitter:data2\" content=\"1 minute\" \/>\n<script type=\"application\/ld+json\" class=\"yoast-schema-graph\">{\"@context\":\"https:\\\/\\\/schema.org\",\"@graph\":[{\"@type\":\"Article\",\"@id\":\"https:\\\/\\\/barcelona.euses.cat\\\/fr\\\/les-etudiants-de-kinesitherapie-font-la-recuperation-des-participants-de-la-half-sitges\\\/#article\",\"isPartOf\":{\"@id\":\"https:\\\/\\\/barcelona.euses.cat\\\/fr\\\/les-etudiants-de-kinesitherapie-font-la-recuperation-des-participants-de-la-half-sitges\\\/\"},\"author\":{\"name\":\"Jordi Danes\",\"@id\":\"https:\\\/\\\/barcelona.euses.cat\\\/ca\\\/#\\\/schema\\\/person\\\/8ab46080dfc4814fa59383db317735bd\"},\"headline\":\"Les \u00e9tudiants de kin\u00e9sith\u00e9rapie font la r\u00e9cup\u00e9ration des participants de la Half Sitges\",\"datePublished\":\"2022-11-02T23:22:44+00:00\",\"mainEntityOfPage\":{\"@id\":\"https:\\\/\\\/barcelona.euses.cat\\\/fr\\\/les-etudiants-de-kinesitherapie-font-la-recuperation-des-participants-de-la-half-sitges\\\/\"},\"wordCount\":173,\"commentCount\":0,\"image\":{\"@id\":\"https:\\\/\\\/barcelona.euses.cat\\\/fr\\\/les-etudiants-de-kinesitherapie-font-la-recuperation-des-participants-de-la-half-sitges\\\/#primaryimage\"},\"thumbnailUrl\":\"https:\\\/\\\/barcelona.euses.cat\\\/wp-content\\\/uploads\\\/2022\\\/11\\\/halfsitges-2.jpg\",\"articleSection\":[\"Non classifi\u00e9(e)\"],\"inLanguage\":\"fr-FR\"},{\"@type\":\"WebPage\",\"@id\":\"https:\\\/\\\/barcelona.euses.cat\\\/fr\\\/les-etudiants-de-kinesitherapie-font-la-recuperation-des-participants-de-la-half-sitges\\\/\",\"url\":\"https:\\\/\\\/barcelona.euses.cat\\\/fr\\\/les-etudiants-de-kinesitherapie-font-la-recuperation-des-participants-de-la-half-sitges\\\/\",\"name\":\"Les \u00e9tudiants de kin\u00e9sith\u00e9rapie font la r\u00e9cup\u00e9ration des participants de la Half Sitges | EUSES - Campus de Bellvitge (Barcelona)\",\"isPartOf\":{\"@id\":\"https:\\\/\\\/barcelona.euses.cat\\\/ca\\\/#website\"},\"primaryImageOfPage\":{\"@id\":\"https:\\\/\\\/barcelona.euses.cat\\\/fr\\\/les-etudiants-de-kinesitherapie-font-la-recuperation-des-participants-de-la-half-sitges\\\/#primaryimage\"},\"image\":{\"@id\":\"https:\\\/\\\/barcelona.euses.cat\\\/fr\\\/les-etudiants-de-kinesitherapie-font-la-recuperation-des-participants-de-la-half-sitges\\\/#primaryimage\"},\"thumbnailUrl\":\"https:\\\/\\\/barcelona.euses.cat\\\/wp-content\\\/uploads\\\/2022\\\/11\\\/halfsitges-2.jpg\",\"datePublished\":\"2022-11-02T23:22:44+00:00\",\"author\":{\"@id\":\"https:\\\/\\\/barcelona.euses.cat\\\/ca\\\/#\\\/schema\\\/person\\\/8ab46080dfc4814fa59383db317735bd\"},\"breadcrumb\":{\"@id\":\"https:\\\/\\\/barcelona.euses.cat\\\/fr\\\/les-etudiants-de-kinesitherapie-font-la-recuperation-des-participants-de-la-half-sitges\\\/#breadcrumb\"},\"inLanguage\":\"fr-FR\",\"potentialAction\":[{\"@type\":\"ReadAction\",\"target\":[\"https:\\\/\\\/barcelona.euses.cat\\\/fr\\\/les-etudiants-de-kinesitherapie-font-la-recuperation-des-participants-de-la-half-sitges\\\/\"]}]},{\"@type\":\"ImageObject\",\"inLanguage\":\"fr-FR\",\"@id\":\"https:\\\/\\\/barcelona.euses.cat\\\/fr\\\/les-etudiants-de-kinesitherapie-font-la-recuperation-des-participants-de-la-half-sitges\\\/#primaryimage\",\"url\":\"https:\\\/\\\/barcelona.euses.cat\\\/wp-content\\\/uploads\\\/2022\\\/11\\\/halfsitges-2.jpg\",\"contentUrl\":\"https:\\\/\\\/barcelona.euses.cat\\\/wp-content\\\/uploads\\\/2022\\\/11\\\/halfsitges-2.jpg\",\"width\":1198,\"height\":1600},{\"@type\":\"BreadcrumbList\",\"@id\":\"https:\\\/\\\/barcelona.euses.cat\\\/fr\\\/les-etudiants-de-kinesitherapie-font-la-recuperation-des-participants-de-la-half-sitges\\\/#breadcrumb\",\"itemListElement\":[{\"@type\":\"ListItem\",\"position\":1,\"name\":\"Portada\",\"item\":\"https:\\\/\\\/barcelona.euses.cat\\\/fr\\\/\"},{\"@type\":\"ListItem\",\"position\":2,\"name\":\"Les \u00e9tudiants de kin\u00e9sith\u00e9rapie font la r\u00e9cup\u00e9ration des participants de la Half Sitges\"}]},{\"@type\":\"WebSite\",\"@id\":\"https:\\\/\\\/barcelona.euses.cat\\\/ca\\\/#website\",\"url\":\"https:\\\/\\\/barcelona.euses.cat\\\/ca\\\/\",\"name\":\"EUSES - Campus de Bellvitge (Barcelona)\",\"description\":\"EUSES, Ecole Universitaire de Physioth\u00e9rapie Internationale \u00e0 Barcelone\",\"potentialAction\":[{\"@type\":\"SearchAction\",\"target\":{\"@type\":\"EntryPoint\",\"urlTemplate\":\"https:\\\/\\\/barcelona.euses.cat\\\/ca\\\/?s={search_term_string}\"},\"query-input\":{\"@type\":\"PropertyValueSpecification\",\"valueRequired\":true,\"valueName\":\"search_term_string\"}}],\"inLanguage\":\"fr-FR\"},{\"@type\":\"Person\",\"@id\":\"https:\\\/\\\/barcelona.euses.cat\\\/ca\\\/#\\\/schema\\\/person\\\/8ab46080dfc4814fa59383db317735bd\",\"name\":\"Jordi Danes\",\"image\":{\"@type\":\"ImageObject\",\"inLanguage\":\"fr-FR\",\"@id\":\"https:\\\/\\\/secure.gravatar.com\\\/avatar\\\/a9e4f443b594af225625ee8cfa665e41b1e0740ea34fbe0515b4ca559f8570ef?s=96&d=mm&r=g\",\"url\":\"https:\\\/\\\/secure.gravatar.com\\\/avatar\\\/a9e4f443b594af225625ee8cfa665e41b1e0740ea34fbe0515b4ca559f8570ef?s=96&d=mm&r=g\",\"contentUrl\":\"https:\\\/\\\/secure.gravatar.com\\\/avatar\\\/a9e4f443b594af225625ee8cfa665e41b1e0740ea34fbe0515b4ca559f8570ef?s=96&d=mm&r=g\",\"caption\":\"Jordi Danes\"},\"url\":\"https:\\\/\\\/barcelona.euses.cat\\\/fr\\\/author\\\/jordi-danes\\\/\"}]}<\/script>\n<!-- \/ Yoast SEO plugin. -->","yoast_head_json":{"title":"Les \u00e9tudiants de kin\u00e9sith\u00e9rapie font la r\u00e9cup\u00e9ration des participants de la Half Sitges | EUSES - Campus de Bellvitge (Barcelona)","robots":{"index":"index","follow":"follow","max-snippet":"max-snippet:-1","max-image-preview":"max-image-preview:large","max-video-preview":"max-video-preview:-1"},"canonical":"https:\/\/barcelona.euses.cat\/fr\/les-etudiants-de-kinesitherapie-font-la-recuperation-des-participants-de-la-half-sitges\/","og_locale":"fr_FR","og_type":"article","og_title":"Les \u00e9tudiants de kin\u00e9sith\u00e9rapie font la r\u00e9cup\u00e9ration des participants de la Half Sitges | EUSES - Campus de Bellvitge (Barcelona)","og_description":"Sous la tutelle de la kin\u00e9sith\u00e9rapeute Laura Vilella, de l&rsquo;EUSES Alumni, les \u00e9tudiants du Campus de Bellvitge ont effectu\u00e9 le week-end dernier un volontariat acad\u00e9mique \u00e0 Sitges, plus pr\u00e9cis\u00e9ment lors du Half triathlon qui s&rsquo;est d\u00e9roul\u00e9 dans la ville du Garraf. Les \u00e9tudiants Tommaso Moia, Marcos Ajuelos, Ma\u00ebline Lemair\u00e9, Vicenta Mar\u00edn, Maxime Marry, Pauline Negrier, [&hellip;]","og_url":"https:\/\/barcelona.euses.cat\/fr\/les-etudiants-de-kinesitherapie-font-la-recuperation-des-participants-de-la-half-sitges\/","og_site_name":"EUSES - Campus de Bellvitge (Barcelona)","article_publisher":"https:\/\/www.facebook.com\/PhysioBCN\/","article_published_time":"2022-11-02T23:22:44+00:00","og_image":[{"width":1198,"height":1600,"url":"https:\/\/barcelona.euses.cat\/wp-content\/uploads\/2022\/11\/halfsitges-2.jpg","type":"image\/jpeg"}],"author":"Jordi Danes","twitter_card":"summary_large_image","twitter_misc":{"\u00c9crit par":"Jordi Danes","Dur\u00e9e de lecture estim\u00e9e":"1 minute"},"schema":{"@context":"https:\/\/schema.org","@graph":[{"@type":"Article","@id":"https:\/\/barcelona.euses.cat\/fr\/les-etudiants-de-kinesitherapie-font-la-recuperation-des-participants-de-la-half-sitges\/#article","isPartOf":{"@id":"https:\/\/barcelona.euses.cat\/fr\/les-etudiants-de-kinesitherapie-font-la-recuperation-des-participants-de-la-half-sitges\/"},"author":{"name":"Jordi Danes","@id":"https:\/\/barcelona.euses.cat\/ca\/#\/schema\/person\/8ab46080dfc4814fa59383db317735bd"},"headline":"Les \u00e9tudiants de kin\u00e9sith\u00e9rapie font la r\u00e9cup\u00e9ration des participants de la Half Sitges","datePublished":"2022-11-02T23:22:44+00:00","mainEntityOfPage":{"@id":"https:\/\/barcelona.euses.cat\/fr\/les-etudiants-de-kinesitherapie-font-la-recuperation-des-participants-de-la-half-sitges\/"},"wordCount":173,"commentCount":0,"image":{"@id":"https:\/\/barcelona.euses.cat\/fr\/les-etudiants-de-kinesitherapie-font-la-recuperation-des-participants-de-la-half-sitges\/#primaryimage"},"thumbnailUrl":"https:\/\/barcelona.euses.cat\/wp-content\/uploads\/2022\/11\/halfsitges-2.jpg","articleSection":["Non classifi\u00e9(e)"],"inLanguage":"fr-FR"},{"@type":"WebPage","@id":"https:\/\/barcelona.euses.cat\/fr\/les-etudiants-de-kinesitherapie-font-la-recuperation-des-participants-de-la-half-sitges\/","url":"https:\/\/barcelona.euses.cat\/fr\/les-etudiants-de-kinesitherapie-font-la-recuperation-des-participants-de-la-half-sitges\/","name":"Les \u00e9tudiants de kin\u00e9sith\u00e9rapie font la r\u00e9cup\u00e9ration des participants de la Half Sitges | EUSES - Campus de Bellvitge (Barcelona)","isPartOf":{"@id":"https:\/\/barcelona.euses.cat\/ca\/#website"},"primaryImageOfPage":{"@id":"https:\/\/barcelona.euses.cat\/fr\/les-etudiants-de-kinesitherapie-font-la-recuperation-des-participants-de-la-half-sitges\/#primaryimage"},"image":{"@id":"https:\/\/barcelona.euses.cat\/fr\/les-etudiants-de-kinesitherapie-font-la-recuperation-des-participants-de-la-half-sitges\/#primaryimage"},"thumbnailUrl":"https:\/\/barcelona.euses.cat\/wp-content\/uploads\/2022\/11\/halfsitges-2.jpg","datePublished":"2022-11-02T23:22:44+00:00","author":{"@id":"https:\/\/barcelona.euses.cat\/ca\/#\/schema\/person\/8ab46080dfc4814fa59383db317735bd"},"breadcrumb":{"@id":"https:\/\/barcelona.euses.cat\/fr\/les-etudiants-de-kinesitherapie-font-la-recuperation-des-participants-de-la-half-sitges\/#breadcrumb"},"inLanguage":"fr-FR","potentialAction":[{"@type":"ReadAction","target":["https:\/\/barcelona.euses.cat\/fr\/les-etudiants-de-kinesitherapie-font-la-recuperation-des-participants-de-la-half-sitges\/"]}]},{"@type":"ImageObject","inLanguage":"fr-FR","@id":"https:\/\/barcelona.euses.cat\/fr\/les-etudiants-de-kinesitherapie-font-la-recuperation-des-participants-de-la-half-sitges\/#primaryimage","url":"https:\/\/barcelona.euses.cat\/wp-content\/uploads\/2022\/11\/halfsitges-2.jpg","contentUrl":"https:\/\/barcelona.euses.cat\/wp-content\/uploads\/2022\/11\/halfsitges-2.jpg","width":1198,"height":1600},{"@type":"BreadcrumbList","@id":"https:\/\/barcelona.euses.cat\/fr\/les-etudiants-de-kinesitherapie-font-la-recuperation-des-participants-de-la-half-sitges\/#breadcrumb","itemListElement":[{"@type":"ListItem","position":1,"name":"Portada","item":"https:\/\/barcelona.euses.cat\/fr\/"},{"@type":"ListItem","position":2,"name":"Les \u00e9tudiants de kin\u00e9sith\u00e9rapie font la r\u00e9cup\u00e9ration des participants de la Half Sitges"}]},{"@type":"WebSite","@id":"https:\/\/barcelona.euses.cat\/ca\/#website","url":"https:\/\/barcelona.euses.cat\/ca\/","name":"EUSES - Campus de Bellvitge (Barcelona)","description":"EUSES, Ecole Universitaire de Physioth\u00e9rapie Internationale \u00e0 Barcelone","potentialAction":[{"@type":"SearchAction","target":{"@type":"EntryPoint","urlTemplate":"https:\/\/barcelona.euses.cat\/ca\/?s={search_term_string}"},"query-input":{"@type":"PropertyValueSpecification","valueRequired":true,"valueName":"search_term_string"}}],"inLanguage":"fr-FR"},{"@type":"Person","@id":"https:\/\/barcelona.euses.cat\/ca\/#\/schema\/person\/8ab46080dfc4814fa59383db317735bd","name":"Jordi Danes","image":{"@type":"ImageObject","inLanguage":"fr-FR","@id":"https:\/\/secure.gravatar.com\/avatar\/a9e4f443b594af225625ee8cfa665e41b1e0740ea34fbe0515b4ca559f8570ef?s=96&d=mm&r=g","url":"https:\/\/secure.gravatar.com\/avatar\/a9e4f443b594af225625ee8cfa665e41b1e0740ea34fbe0515b4ca559f8570ef?s=96&d=mm&r=g","contentUrl":"https:\/\/secure.gravatar.com\/avatar\/a9e4f443b594af225625ee8cfa665e41b1e0740ea34fbe0515b4ca559f8570ef?s=96&d=mm&r=g","caption":"Jordi Danes"},"url":"https:\/\/barcelona.euses.cat\/fr\/author\/jordi-danes\/"}]}},"_links":{"self":[{"href":"https:\/\/barcelona.euses.cat\/fr\/wp-json\/wp\/v2\/posts\/10895","targetHints":{"allow":["GET"]}}],"collection":[{"href":"https:\/\/barcelona.euses.cat\/fr\/wp-json\/wp\/v2\/posts"}],"about":[{"href":"https:\/\/barcelona.euses.cat\/fr\/wp-json\/wp\/v2\/types\/post"}],"author":[{"embeddable":true,"href":"https:\/\/barcelona.euses.cat\/fr\/wp-json\/wp\/v2\/users\/3"}],"replies":[{"embeddable":true,"href":"https:\/\/barcelona.euses.cat\/fr\/wp-json\/wp\/v2\/comments?post=10895"}],"version-history":[{"count":2,"href":"https:\/\/barcelona.euses.cat\/fr\/wp-json\/wp\/v2\/posts\/10895\/revisions"}],"predecessor-version":[{"id":10897,"href":"https:\/\/barcelona.euses.cat\/fr\/wp-json\/wp\/v2\/posts\/10895\/revisions\/10897"}],"wp:featuredmedia":[{"embeddable":true,"href":"https:\/\/barcelona.euses.cat\/fr\/wp-json\/wp\/v2\/media\/10868"}],"wp:attachment":[{"href":"https:\/\/barcelona.euses.cat\/fr\/wp-json\/wp\/v2\/media?parent=10895"}],"wp:term":[{"taxonomy":"category","embeddable":true,"href":"https:\/\/barcelona.euses.cat\/fr\/wp-json\/wp\/v2\/categories?post=10895"},{"taxonomy":"post_tag","embeddable":true,"href":"https:\/\/barcelona.euses.cat\/fr\/wp-json\/wp\/v2\/tags?post=10895"}],"curies":[{"name":"wp","href":"https:\/\/api.w.org\/{rel}","templated":true}]}}