{"id":10753,"date":"2022-06-08T23:20:58","date_gmt":"2022-06-08T21:20:58","guid":{"rendered":"https:\/\/barcelona.euses.cat\/?p=10753"},"modified":"2022-06-13T12:27:51","modified_gmt":"2022-06-13T10:27:51","slug":"55-nouveaux-diplomes-de-la-4eme-promotion-du-diplome-en-kinesitherapie-euses-udg-enti-ub-lors-dune-ceremonie-qui-sest-tenue-dans-la-salle-paraninfo","status":"publish","type":"post","link":"https:\/\/barcelona.euses.cat\/fr\/55-nouveaux-diplomes-de-la-4eme-promotion-du-diplome-en-kinesitherapie-euses-udg-enti-ub-lors-dune-ceremonie-qui-sest-tenue-dans-la-salle-paraninfo\/","title":{"rendered":"55 nouveaux dipl\u00f4m\u00e9s de la 4\u00e8me promotion du dipl\u00f4me en Kin\u00e9sith\u00e9rapie (EUSES-UdG, ENTI-UB) lors d&rsquo;une c\u00e9r\u00e9monie qui s&rsquo;est tenue dans la salle Paraninfo"},"content":{"rendered":"<div><b><\/b>La salle Paraninfo de l&rsquo;Universit\u00e9 de Barcelone a \u00e9t\u00e9 ce mardi un cadre incomparable pour la c\u00e9r\u00e9monie de remise des dipl\u00f4mes des \u00e9tudiants de la 4\u00e8me promotion du Dipl\u00f4me en Kin\u00e9sith\u00e9rapie Internationale (EUSES-UdG, ENTI-UB). De cette fourn\u00e9e, 55 fra\u00eechement dipl\u00f4m\u00e9s de sept nationalit\u00e9s diff\u00e9rentes qui ont commenc\u00e9 leurs \u00e9tudes au Campus de Bellvitge en 2018 ont obtenu leur dipl\u00f4me. La c\u00e9r\u00e9monie a \u00e9t\u00e9 pr\u00e9sid\u00e9e par la d\u00e9l\u00e9gu\u00e9e du recteur des centres rattach\u00e9s de l&rsquo;UdG, le Dr Pilar Marqu\u00e8s, par le directeur acad\u00e9mique de l&rsquo;ENTI-UB, le Dr \u00d2scar Garcia, et par le directeur du dipl\u00f4me en kin\u00e9sith\u00e9rapie internationale, le Dr Gerard Mu\u00f1oz. Tous ont adress\u00e9 aux dipl\u00f4m\u00e9s des mots de f\u00e9licitations pour le travail accompli et des encouragements pour leur insertion imminente dans le monde du travail. Les repr\u00e9sentants des \u00e9tudiants ont \u00e9galement adress\u00e9 leurs remerciements au corps enseignant, puis la remise des dipl\u00f4mes a eu lieu. La c\u00e9r\u00e9monie s&rsquo;est cl\u00f4tur\u00e9e avec le chant du Gaudeamus Igitur.<\/div>\n<div>\n<p><a href=\"https:\/\/www.facebook.com\/media\/set\/?set=a.2070628679785119&amp;type=3\" target=\"_blank\" rel=\"noopener noreferrer\">TOUTES LES PHOTOS DE LA C\u00c9R\u00c9MONIE DE REMISE DES DIPL\u00d4MES (Photos: NATALIA CEDRES)<\/a><\/p>\n<\/div>\n","protected":false},"excerpt":{"rendered":"<p>La salle Paraninfo de l&rsquo;Universit\u00e9 de Barcelone a \u00e9t\u00e9 ce mardi un cadre incomparable pour la c\u00e9r\u00e9monie de remise des dipl\u00f4mes des \u00e9tudiants de la 4\u00e8me promotion du Dipl\u00f4me en Kin\u00e9sith\u00e9rapie Internationale (EUSES-UdG, ENTI-UB). De cette fourn\u00e9e, 55 fra\u00eechement dipl\u00f4m\u00e9s de sept nationalit\u00e9s diff\u00e9rentes qui ont commenc\u00e9 leurs \u00e9tudes au Campus de Bellvitge en 2018 [&hellip;]<\/p>\n","protected":false},"author":3,"featured_media":10760,"comment_status":"open","ping_status":"closed","sticky":false,"template":"","format":"standard","meta":{"_acf_changed":false,"inline_featured_image":false,"_joinchat":[],"footnotes":""},"categories":[3],"tags":[],"class_list":["post-10753","post","type-post","status-publish","format-standard","has-post-thumbnail","hentry","category-non-classifiee"],"acf":[],"yoast_head":"<!-- This site is optimized with the Yoast SEO plugin v27.4 - https:\/\/yoast.com\/product\/yoast-seo-wordpress\/ -->\n<title>55 nouveaux dipl\u00f4m\u00e9s de la 4\u00e8me promotion du dipl\u00f4me en Kin\u00e9sith\u00e9rapie (EUSES-UdG, ENTI-UB) lors d&#039;une c\u00e9r\u00e9monie qui s&#039;est tenue dans la salle Paraninfo | EUSES - Campus de Bellvitge (Barcelona)<\/title>\n<meta name=\"robots\" content=\"index, follow, max-snippet:-1, max-image-preview:large, max-video-preview:-1\" \/>\n<link rel=\"canonical\" href=\"https:\/\/barcelona.euses.cat\/fr\/55-nouveaux-diplomes-de-la-4eme-promotion-du-diplome-en-kinesitherapie-euses-udg-enti-ub-lors-dune-ceremonie-qui-sest-tenue-dans-la-salle-paraninfo\/\" \/>\n<meta property=\"og:locale\" content=\"fr_FR\" \/>\n<meta property=\"og:type\" content=\"article\" \/>\n<meta property=\"og:title\" content=\"55 nouveaux dipl\u00f4m\u00e9s de la 4\u00e8me promotion du dipl\u00f4me en Kin\u00e9sith\u00e9rapie (EUSES-UdG, ENTI-UB) lors d&#039;une c\u00e9r\u00e9monie qui s&#039;est tenue dans la salle Paraninfo | EUSES - Campus de Bellvitge (Barcelona)\" \/>\n<meta property=\"og:description\" content=\"La salle Paraninfo de l&rsquo;Universit\u00e9 de Barcelone a \u00e9t\u00e9 ce mardi un cadre incomparable pour la c\u00e9r\u00e9monie de remise des dipl\u00f4mes des \u00e9tudiants de la 4\u00e8me promotion du Dipl\u00f4me en Kin\u00e9sith\u00e9rapie Internationale (EUSES-UdG, ENTI-UB). De cette fourn\u00e9e, 55 fra\u00eechement dipl\u00f4m\u00e9s de sept nationalit\u00e9s diff\u00e9rentes qui ont commenc\u00e9 leurs \u00e9tudes au Campus de Bellvitge en 2018 [&hellip;]\" \/>\n<meta property=\"og:url\" content=\"https:\/\/barcelona.euses.cat\/fr\/55-nouveaux-diplomes-de-la-4eme-promotion-du-diplome-en-kinesitherapie-euses-udg-enti-ub-lors-dune-ceremonie-qui-sest-tenue-dans-la-salle-paraninfo\/\" \/>\n<meta property=\"og:site_name\" content=\"EUSES - Campus de Bellvitge (Barcelona)\" \/>\n<meta property=\"article:publisher\" content=\"https:\/\/www.facebook.com\/PhysioBCN\/\" \/>\n<meta property=\"article:published_time\" content=\"2022-06-08T21:20:58+00:00\" \/>\n<meta property=\"article:modified_time\" content=\"2022-06-13T10:27:51+00:00\" \/>\n<meta property=\"og:image\" content=\"https:\/\/barcelona.euses.cat\/wp-content\/uploads\/2022\/06\/GRADFISIO.jpg\" \/>\n\t<meta property=\"og:image:width\" content=\"2048\" \/>\n\t<meta property=\"og:image:height\" content=\"1365\" \/>\n\t<meta property=\"og:image:type\" content=\"image\/jpeg\" \/>\n<meta name=\"author\" content=\"Jordi Danes\" \/>\n<meta name=\"twitter:card\" content=\"summary_large_image\" \/>\n<meta name=\"twitter:label1\" content=\"\u00c9crit par\" \/>\n\t<meta name=\"twitter:data1\" content=\"Jordi Danes\" \/>\n\t<meta name=\"twitter:label2\" content=\"Dur\u00e9e de lecture estim\u00e9e\" \/>\n\t<meta name=\"twitter:data2\" content=\"1 minute\" \/>\n<script type=\"application\/ld+json\" class=\"yoast-schema-graph\">{\"@context\":\"https:\\\/\\\/schema.org\",\"@graph\":[{\"@type\":\"Article\",\"@id\":\"https:\\\/\\\/barcelona.euses.cat\\\/fr\\\/55-nouveaux-diplomes-de-la-4eme-promotion-du-diplome-en-kinesitherapie-euses-udg-enti-ub-lors-dune-ceremonie-qui-sest-tenue-dans-la-salle-paraninfo\\\/#article\",\"isPartOf\":{\"@id\":\"https:\\\/\\\/barcelona.euses.cat\\\/fr\\\/55-nouveaux-diplomes-de-la-4eme-promotion-du-diplome-en-kinesitherapie-euses-udg-enti-ub-lors-dune-ceremonie-qui-sest-tenue-dans-la-salle-paraninfo\\\/\"},\"author\":{\"name\":\"Jordi Danes\",\"@id\":\"https:\\\/\\\/barcelona.euses.cat\\\/ca\\\/#\\\/schema\\\/person\\\/8ab46080dfc4814fa59383db317735bd\"},\"headline\":\"55 nouveaux dipl\u00f4m\u00e9s de la 4\u00e8me promotion du dipl\u00f4me en Kin\u00e9sith\u00e9rapie (EUSES-UdG, ENTI-UB) lors d&rsquo;une c\u00e9r\u00e9monie qui s&rsquo;est tenue dans la salle Paraninfo\",\"datePublished\":\"2022-06-08T21:20:58+00:00\",\"dateModified\":\"2022-06-13T10:27:51+00:00\",\"mainEntityOfPage\":{\"@id\":\"https:\\\/\\\/barcelona.euses.cat\\\/fr\\\/55-nouveaux-diplomes-de-la-4eme-promotion-du-diplome-en-kinesitherapie-euses-udg-enti-ub-lors-dune-ceremonie-qui-sest-tenue-dans-la-salle-paraninfo\\\/\"},\"wordCount\":241,\"commentCount\":0,\"image\":{\"@id\":\"https:\\\/\\\/barcelona.euses.cat\\\/fr\\\/55-nouveaux-diplomes-de-la-4eme-promotion-du-diplome-en-kinesitherapie-euses-udg-enti-ub-lors-dune-ceremonie-qui-sest-tenue-dans-la-salle-paraninfo\\\/#primaryimage\"},\"thumbnailUrl\":\"https:\\\/\\\/barcelona.euses.cat\\\/wp-content\\\/uploads\\\/2022\\\/06\\\/GRADFISIO.jpg\",\"articleSection\":[\"Non classifi\u00e9(e)\"],\"inLanguage\":\"fr-FR\"},{\"@type\":\"WebPage\",\"@id\":\"https:\\\/\\\/barcelona.euses.cat\\\/fr\\\/55-nouveaux-diplomes-de-la-4eme-promotion-du-diplome-en-kinesitherapie-euses-udg-enti-ub-lors-dune-ceremonie-qui-sest-tenue-dans-la-salle-paraninfo\\\/\",\"url\":\"https:\\\/\\\/barcelona.euses.cat\\\/fr\\\/55-nouveaux-diplomes-de-la-4eme-promotion-du-diplome-en-kinesitherapie-euses-udg-enti-ub-lors-dune-ceremonie-qui-sest-tenue-dans-la-salle-paraninfo\\\/\",\"name\":\"55 nouveaux dipl\u00f4m\u00e9s de la 4\u00e8me promotion du dipl\u00f4me en Kin\u00e9sith\u00e9rapie (EUSES-UdG, ENTI-UB) lors d'une c\u00e9r\u00e9monie qui s'est tenue dans la salle Paraninfo | EUSES - Campus de Bellvitge (Barcelona)\",\"isPartOf\":{\"@id\":\"https:\\\/\\\/barcelona.euses.cat\\\/ca\\\/#website\"},\"primaryImageOfPage\":{\"@id\":\"https:\\\/\\\/barcelona.euses.cat\\\/fr\\\/55-nouveaux-diplomes-de-la-4eme-promotion-du-diplome-en-kinesitherapie-euses-udg-enti-ub-lors-dune-ceremonie-qui-sest-tenue-dans-la-salle-paraninfo\\\/#primaryimage\"},\"image\":{\"@id\":\"https:\\\/\\\/barcelona.euses.cat\\\/fr\\\/55-nouveaux-diplomes-de-la-4eme-promotion-du-diplome-en-kinesitherapie-euses-udg-enti-ub-lors-dune-ceremonie-qui-sest-tenue-dans-la-salle-paraninfo\\\/#primaryimage\"},\"thumbnailUrl\":\"https:\\\/\\\/barcelona.euses.cat\\\/wp-content\\\/uploads\\\/2022\\\/06\\\/GRADFISIO.jpg\",\"datePublished\":\"2022-06-08T21:20:58+00:00\",\"dateModified\":\"2022-06-13T10:27:51+00:00\",\"author\":{\"@id\":\"https:\\\/\\\/barcelona.euses.cat\\\/ca\\\/#\\\/schema\\\/person\\\/8ab46080dfc4814fa59383db317735bd\"},\"breadcrumb\":{\"@id\":\"https:\\\/\\\/barcelona.euses.cat\\\/fr\\\/55-nouveaux-diplomes-de-la-4eme-promotion-du-diplome-en-kinesitherapie-euses-udg-enti-ub-lors-dune-ceremonie-qui-sest-tenue-dans-la-salle-paraninfo\\\/#breadcrumb\"},\"inLanguage\":\"fr-FR\",\"potentialAction\":[{\"@type\":\"ReadAction\",\"target\":[\"https:\\\/\\\/barcelona.euses.cat\\\/fr\\\/55-nouveaux-diplomes-de-la-4eme-promotion-du-diplome-en-kinesitherapie-euses-udg-enti-ub-lors-dune-ceremonie-qui-sest-tenue-dans-la-salle-paraninfo\\\/\"]}]},{\"@type\":\"ImageObject\",\"inLanguage\":\"fr-FR\",\"@id\":\"https:\\\/\\\/barcelona.euses.cat\\\/fr\\\/55-nouveaux-diplomes-de-la-4eme-promotion-du-diplome-en-kinesitherapie-euses-udg-enti-ub-lors-dune-ceremonie-qui-sest-tenue-dans-la-salle-paraninfo\\\/#primaryimage\",\"url\":\"https:\\\/\\\/barcelona.euses.cat\\\/wp-content\\\/uploads\\\/2022\\\/06\\\/GRADFISIO.jpg\",\"contentUrl\":\"https:\\\/\\\/barcelona.euses.cat\\\/wp-content\\\/uploads\\\/2022\\\/06\\\/GRADFISIO.jpg\",\"width\":2048,\"height\":1365},{\"@type\":\"BreadcrumbList\",\"@id\":\"https:\\\/\\\/barcelona.euses.cat\\\/fr\\\/55-nouveaux-diplomes-de-la-4eme-promotion-du-diplome-en-kinesitherapie-euses-udg-enti-ub-lors-dune-ceremonie-qui-sest-tenue-dans-la-salle-paraninfo\\\/#breadcrumb\",\"itemListElement\":[{\"@type\":\"ListItem\",\"position\":1,\"name\":\"Portada\",\"item\":\"https:\\\/\\\/barcelona.euses.cat\\\/fr\\\/\"},{\"@type\":\"ListItem\",\"position\":2,\"name\":\"55 nouveaux dipl\u00f4m\u00e9s de la 4\u00e8me promotion du dipl\u00f4me en Kin\u00e9sith\u00e9rapie (EUSES-UdG, ENTI-UB) lors d&rsquo;une c\u00e9r\u00e9monie qui s&rsquo;est tenue dans la salle Paraninfo\"}]},{\"@type\":\"WebSite\",\"@id\":\"https:\\\/\\\/barcelona.euses.cat\\\/ca\\\/#website\",\"url\":\"https:\\\/\\\/barcelona.euses.cat\\\/ca\\\/\",\"name\":\"EUSES - Campus de Bellvitge (Barcelona)\",\"description\":\"EUSES, Ecole Universitaire de Physioth\u00e9rapie Internationale \u00e0 Barcelone\",\"potentialAction\":[{\"@type\":\"SearchAction\",\"target\":{\"@type\":\"EntryPoint\",\"urlTemplate\":\"https:\\\/\\\/barcelona.euses.cat\\\/ca\\\/?s={search_term_string}\"},\"query-input\":{\"@type\":\"PropertyValueSpecification\",\"valueRequired\":true,\"valueName\":\"search_term_string\"}}],\"inLanguage\":\"fr-FR\"},{\"@type\":\"Person\",\"@id\":\"https:\\\/\\\/barcelona.euses.cat\\\/ca\\\/#\\\/schema\\\/person\\\/8ab46080dfc4814fa59383db317735bd\",\"name\":\"Jordi Danes\",\"image\":{\"@type\":\"ImageObject\",\"inLanguage\":\"fr-FR\",\"@id\":\"https:\\\/\\\/secure.gravatar.com\\\/avatar\\\/a9e4f443b594af225625ee8cfa665e41b1e0740ea34fbe0515b4ca559f8570ef?s=96&d=mm&r=g\",\"url\":\"https:\\\/\\\/secure.gravatar.com\\\/avatar\\\/a9e4f443b594af225625ee8cfa665e41b1e0740ea34fbe0515b4ca559f8570ef?s=96&d=mm&r=g\",\"contentUrl\":\"https:\\\/\\\/secure.gravatar.com\\\/avatar\\\/a9e4f443b594af225625ee8cfa665e41b1e0740ea34fbe0515b4ca559f8570ef?s=96&d=mm&r=g\",\"caption\":\"Jordi Danes\"},\"url\":\"https:\\\/\\\/barcelona.euses.cat\\\/fr\\\/author\\\/jordi-danes\\\/\"}]}<\/script>\n<!-- \/ Yoast SEO plugin. -->","yoast_head_json":{"title":"55 nouveaux dipl\u00f4m\u00e9s de la 4\u00e8me promotion du dipl\u00f4me en Kin\u00e9sith\u00e9rapie (EUSES-UdG, ENTI-UB) lors d'une c\u00e9r\u00e9monie qui s'est tenue dans la salle Paraninfo | EUSES - Campus de Bellvitge (Barcelona)","robots":{"index":"index","follow":"follow","max-snippet":"max-snippet:-1","max-image-preview":"max-image-preview:large","max-video-preview":"max-video-preview:-1"},"canonical":"https:\/\/barcelona.euses.cat\/fr\/55-nouveaux-diplomes-de-la-4eme-promotion-du-diplome-en-kinesitherapie-euses-udg-enti-ub-lors-dune-ceremonie-qui-sest-tenue-dans-la-salle-paraninfo\/","og_locale":"fr_FR","og_type":"article","og_title":"55 nouveaux dipl\u00f4m\u00e9s de la 4\u00e8me promotion du dipl\u00f4me en Kin\u00e9sith\u00e9rapie (EUSES-UdG, ENTI-UB) lors d'une c\u00e9r\u00e9monie qui s'est tenue dans la salle Paraninfo | EUSES - Campus de Bellvitge (Barcelona)","og_description":"La salle Paraninfo de l&rsquo;Universit\u00e9 de Barcelone a \u00e9t\u00e9 ce mardi un cadre incomparable pour la c\u00e9r\u00e9monie de remise des dipl\u00f4mes des \u00e9tudiants de la 4\u00e8me promotion du Dipl\u00f4me en Kin\u00e9sith\u00e9rapie Internationale (EUSES-UdG, ENTI-UB). De cette fourn\u00e9e, 55 fra\u00eechement dipl\u00f4m\u00e9s de sept nationalit\u00e9s diff\u00e9rentes qui ont commenc\u00e9 leurs \u00e9tudes au Campus de Bellvitge en 2018 [&hellip;]","og_url":"https:\/\/barcelona.euses.cat\/fr\/55-nouveaux-diplomes-de-la-4eme-promotion-du-diplome-en-kinesitherapie-euses-udg-enti-ub-lors-dune-ceremonie-qui-sest-tenue-dans-la-salle-paraninfo\/","og_site_name":"EUSES - Campus de Bellvitge (Barcelona)","article_publisher":"https:\/\/www.facebook.com\/PhysioBCN\/","article_published_time":"2022-06-08T21:20:58+00:00","article_modified_time":"2022-06-13T10:27:51+00:00","og_image":[{"width":2048,"height":1365,"url":"https:\/\/barcelona.euses.cat\/wp-content\/uploads\/2022\/06\/GRADFISIO.jpg","type":"image\/jpeg"}],"author":"Jordi Danes","twitter_card":"summary_large_image","twitter_misc":{"\u00c9crit par":"Jordi Danes","Dur\u00e9e de lecture estim\u00e9e":"1 minute"},"schema":{"@context":"https:\/\/schema.org","@graph":[{"@type":"Article","@id":"https:\/\/barcelona.euses.cat\/fr\/55-nouveaux-diplomes-de-la-4eme-promotion-du-diplome-en-kinesitherapie-euses-udg-enti-ub-lors-dune-ceremonie-qui-sest-tenue-dans-la-salle-paraninfo\/#article","isPartOf":{"@id":"https:\/\/barcelona.euses.cat\/fr\/55-nouveaux-diplomes-de-la-4eme-promotion-du-diplome-en-kinesitherapie-euses-udg-enti-ub-lors-dune-ceremonie-qui-sest-tenue-dans-la-salle-paraninfo\/"},"author":{"name":"Jordi Danes","@id":"https:\/\/barcelona.euses.cat\/ca\/#\/schema\/person\/8ab46080dfc4814fa59383db317735bd"},"headline":"55 nouveaux dipl\u00f4m\u00e9s de la 4\u00e8me promotion du dipl\u00f4me en Kin\u00e9sith\u00e9rapie (EUSES-UdG, ENTI-UB) lors d&rsquo;une c\u00e9r\u00e9monie qui s&rsquo;est tenue dans la salle Paraninfo","datePublished":"2022-06-08T21:20:58+00:00","dateModified":"2022-06-13T10:27:51+00:00","mainEntityOfPage":{"@id":"https:\/\/barcelona.euses.cat\/fr\/55-nouveaux-diplomes-de-la-4eme-promotion-du-diplome-en-kinesitherapie-euses-udg-enti-ub-lors-dune-ceremonie-qui-sest-tenue-dans-la-salle-paraninfo\/"},"wordCount":241,"commentCount":0,"image":{"@id":"https:\/\/barcelona.euses.cat\/fr\/55-nouveaux-diplomes-de-la-4eme-promotion-du-diplome-en-kinesitherapie-euses-udg-enti-ub-lors-dune-ceremonie-qui-sest-tenue-dans-la-salle-paraninfo\/#primaryimage"},"thumbnailUrl":"https:\/\/barcelona.euses.cat\/wp-content\/uploads\/2022\/06\/GRADFISIO.jpg","articleSection":["Non classifi\u00e9(e)"],"inLanguage":"fr-FR"},{"@type":"WebPage","@id":"https:\/\/barcelona.euses.cat\/fr\/55-nouveaux-diplomes-de-la-4eme-promotion-du-diplome-en-kinesitherapie-euses-udg-enti-ub-lors-dune-ceremonie-qui-sest-tenue-dans-la-salle-paraninfo\/","url":"https:\/\/barcelona.euses.cat\/fr\/55-nouveaux-diplomes-de-la-4eme-promotion-du-diplome-en-kinesitherapie-euses-udg-enti-ub-lors-dune-ceremonie-qui-sest-tenue-dans-la-salle-paraninfo\/","name":"55 nouveaux dipl\u00f4m\u00e9s de la 4\u00e8me promotion du dipl\u00f4me en Kin\u00e9sith\u00e9rapie (EUSES-UdG, ENTI-UB) lors d'une c\u00e9r\u00e9monie qui s'est tenue dans la salle Paraninfo | EUSES - Campus de Bellvitge (Barcelona)","isPartOf":{"@id":"https:\/\/barcelona.euses.cat\/ca\/#website"},"primaryImageOfPage":{"@id":"https:\/\/barcelona.euses.cat\/fr\/55-nouveaux-diplomes-de-la-4eme-promotion-du-diplome-en-kinesitherapie-euses-udg-enti-ub-lors-dune-ceremonie-qui-sest-tenue-dans-la-salle-paraninfo\/#primaryimage"},"image":{"@id":"https:\/\/barcelona.euses.cat\/fr\/55-nouveaux-diplomes-de-la-4eme-promotion-du-diplome-en-kinesitherapie-euses-udg-enti-ub-lors-dune-ceremonie-qui-sest-tenue-dans-la-salle-paraninfo\/#primaryimage"},"thumbnailUrl":"https:\/\/barcelona.euses.cat\/wp-content\/uploads\/2022\/06\/GRADFISIO.jpg","datePublished":"2022-06-08T21:20:58+00:00","dateModified":"2022-06-13T10:27:51+00:00","author":{"@id":"https:\/\/barcelona.euses.cat\/ca\/#\/schema\/person\/8ab46080dfc4814fa59383db317735bd"},"breadcrumb":{"@id":"https:\/\/barcelona.euses.cat\/fr\/55-nouveaux-diplomes-de-la-4eme-promotion-du-diplome-en-kinesitherapie-euses-udg-enti-ub-lors-dune-ceremonie-qui-sest-tenue-dans-la-salle-paraninfo\/#breadcrumb"},"inLanguage":"fr-FR","potentialAction":[{"@type":"ReadAction","target":["https:\/\/barcelona.euses.cat\/fr\/55-nouveaux-diplomes-de-la-4eme-promotion-du-diplome-en-kinesitherapie-euses-udg-enti-ub-lors-dune-ceremonie-qui-sest-tenue-dans-la-salle-paraninfo\/"]}]},{"@type":"ImageObject","inLanguage":"fr-FR","@id":"https:\/\/barcelona.euses.cat\/fr\/55-nouveaux-diplomes-de-la-4eme-promotion-du-diplome-en-kinesitherapie-euses-udg-enti-ub-lors-dune-ceremonie-qui-sest-tenue-dans-la-salle-paraninfo\/#primaryimage","url":"https:\/\/barcelona.euses.cat\/wp-content\/uploads\/2022\/06\/GRADFISIO.jpg","contentUrl":"https:\/\/barcelona.euses.cat\/wp-content\/uploads\/2022\/06\/GRADFISIO.jpg","width":2048,"height":1365},{"@type":"BreadcrumbList","@id":"https:\/\/barcelona.euses.cat\/fr\/55-nouveaux-diplomes-de-la-4eme-promotion-du-diplome-en-kinesitherapie-euses-udg-enti-ub-lors-dune-ceremonie-qui-sest-tenue-dans-la-salle-paraninfo\/#breadcrumb","itemListElement":[{"@type":"ListItem","position":1,"name":"Portada","item":"https:\/\/barcelona.euses.cat\/fr\/"},{"@type":"ListItem","position":2,"name":"55 nouveaux dipl\u00f4m\u00e9s de la 4\u00e8me promotion du dipl\u00f4me en Kin\u00e9sith\u00e9rapie (EUSES-UdG, ENTI-UB) lors d&rsquo;une c\u00e9r\u00e9monie qui s&rsquo;est tenue dans la salle Paraninfo"}]},{"@type":"WebSite","@id":"https:\/\/barcelona.euses.cat\/ca\/#website","url":"https:\/\/barcelona.euses.cat\/ca\/","name":"EUSES - Campus de Bellvitge (Barcelona)","description":"EUSES, Ecole Universitaire de Physioth\u00e9rapie Internationale \u00e0 Barcelone","potentialAction":[{"@type":"SearchAction","target":{"@type":"EntryPoint","urlTemplate":"https:\/\/barcelona.euses.cat\/ca\/?s={search_term_string}"},"query-input":{"@type":"PropertyValueSpecification","valueRequired":true,"valueName":"search_term_string"}}],"inLanguage":"fr-FR"},{"@type":"Person","@id":"https:\/\/barcelona.euses.cat\/ca\/#\/schema\/person\/8ab46080dfc4814fa59383db317735bd","name":"Jordi Danes","image":{"@type":"ImageObject","inLanguage":"fr-FR","@id":"https:\/\/secure.gravatar.com\/avatar\/a9e4f443b594af225625ee8cfa665e41b1e0740ea34fbe0515b4ca559f8570ef?s=96&d=mm&r=g","url":"https:\/\/secure.gravatar.com\/avatar\/a9e4f443b594af225625ee8cfa665e41b1e0740ea34fbe0515b4ca559f8570ef?s=96&d=mm&r=g","contentUrl":"https:\/\/secure.gravatar.com\/avatar\/a9e4f443b594af225625ee8cfa665e41b1e0740ea34fbe0515b4ca559f8570ef?s=96&d=mm&r=g","caption":"Jordi Danes"},"url":"https:\/\/barcelona.euses.cat\/fr\/author\/jordi-danes\/"}]}},"_links":{"self":[{"href":"https:\/\/barcelona.euses.cat\/fr\/wp-json\/wp\/v2\/posts\/10753","targetHints":{"allow":["GET"]}}],"collection":[{"href":"https:\/\/barcelona.euses.cat\/fr\/wp-json\/wp\/v2\/posts"}],"about":[{"href":"https:\/\/barcelona.euses.cat\/fr\/wp-json\/wp\/v2\/types\/post"}],"author":[{"embeddable":true,"href":"https:\/\/barcelona.euses.cat\/fr\/wp-json\/wp\/v2\/users\/3"}],"replies":[{"embeddable":true,"href":"https:\/\/barcelona.euses.cat\/fr\/wp-json\/wp\/v2\/comments?post=10753"}],"version-history":[{"count":2,"href":"https:\/\/barcelona.euses.cat\/fr\/wp-json\/wp\/v2\/posts\/10753\/revisions"}],"predecessor-version":[{"id":10765,"href":"https:\/\/barcelona.euses.cat\/fr\/wp-json\/wp\/v2\/posts\/10753\/revisions\/10765"}],"wp:featuredmedia":[{"embeddable":true,"href":"https:\/\/barcelona.euses.cat\/fr\/wp-json\/wp\/v2\/media\/10760"}],"wp:attachment":[{"href":"https:\/\/barcelona.euses.cat\/fr\/wp-json\/wp\/v2\/media?parent=10753"}],"wp:term":[{"taxonomy":"category","embeddable":true,"href":"https:\/\/barcelona.euses.cat\/fr\/wp-json\/wp\/v2\/categories?post=10753"},{"taxonomy":"post_tag","embeddable":true,"href":"https:\/\/barcelona.euses.cat\/fr\/wp-json\/wp\/v2\/tags?post=10753"}],"curies":[{"name":"wp","href":"https:\/\/api.w.org\/{rel}","templated":true}]}}