{"id":10726,"date":"2022-04-28T07:58:55","date_gmt":"2022-04-28T05:58:55","guid":{"rendered":"https:\/\/barcelona.euses.cat\/?p=10726"},"modified":"2022-04-28T07:58:55","modified_gmt":"2022-04-28T05:58:55","slug":"euses-alumni-consolide-la-journee-des-talents-dans-une-2eme-edition-avec-un-succes-retentissant-de-participation","status":"publish","type":"post","link":"https:\/\/barcelona.euses.cat\/fr\/euses-alumni-consolide-la-journee-des-talents-dans-une-2eme-edition-avec-un-succes-retentissant-de-participation\/","title":{"rendered":"EUSES Alumni consolide la Journ\u00e9e des Talents dans une 2\u00e8me \u00e9dition avec un succ\u00e8s retentissant de participation"},"content":{"rendered":"<p>Tous les objectifs fix\u00e9s par EUSES Alumni concernant le \u00ab\u00a0Talent Day\u00a0\u00bb ont \u00e9t\u00e9 plus qu&rsquo;atteints lors d&rsquo;une deuxi\u00e8me \u00e9dition qui a doubl\u00e9 les performances de la premi\u00e8re. Le Salon virtuel des m\u00e9tiers et de l&rsquo;orientation professionnelle de l&rsquo;Escola Universit\u00e0ria de la Salut i l&rsquo;Esport, qui a dur\u00e9 deux jours (lundi et mardi), a connu un grand succ\u00e8s, avec la participation des \u00e9tudiants de 4e ann\u00e9e des trois campus (Salt, Bellvitge et Terres de l&rsquo;Ebre) ainsi que des membres de la famille Alumni en CAFyD et en kin\u00e9sith\u00e9rapie. Tous ont pu profiter de deux jours pendant lesquels ils ont pu s&rsquo;organiser pour naviguer entre les diff\u00e9rentes conf\u00e9rences et tables rondes propos\u00e9es par l&rsquo;organisation et aussi pour visiter les stands o\u00f9 les entreprises, tant nationales qu&rsquo;\u00e9trang\u00e8res, qui se sont fait conna\u00eetre et ont pr\u00e9sent\u00e9 des offres d&#8217;emploi. Justement, c&rsquo;est l&rsquo;acc\u00e8s aux offres d&#8217;emploi qui a \u00e9t\u00e9 la destination la plus pris\u00e9e des \u00e9tudiants. Ils ont pu soumettre des CV et passer des entretiens d&#8217;embauche par visioconf\u00e9rence. Le Talent Day a \u00e9galement b\u00e9n\u00e9fici\u00e9 du soutien et de la collaboration des coll\u00e8ges officiels (COPLEFC et Physioth\u00e9rapeutes) et d&rsquo;EURES (European Employement Services), le r\u00e9seau de coop\u00e9ration pour l&#8217;emploi et la libre circulation des travailleurs, qui est l&rsquo;un des principes fondamentaux de l&rsquo;Union europ\u00e9enne. Au total, il y avait 40 stands et jusqu&rsquo;\u00e0 13 conf\u00e9rences ont \u00e9t\u00e9 organis\u00e9es avec la participation d&rsquo;une trentaine d&rsquo;intervenants, dont beaucoup \u00e9taient des dipl\u00f4m\u00e9s de l&rsquo;EUSES qui ont fourni des conseils professionnels aux \u00e9tudiants et anciens \u00e9tudiants inscrits.<\/p>\n<p>&nbsp;<\/p>\n","protected":false},"excerpt":{"rendered":"<p>Tous les objectifs fix\u00e9s par EUSES Alumni concernant le \u00ab\u00a0Talent Day\u00a0\u00bb ont \u00e9t\u00e9 plus qu&rsquo;atteints lors d&rsquo;une deuxi\u00e8me \u00e9dition qui a doubl\u00e9 les performances de la premi\u00e8re. Le Salon virtuel des m\u00e9tiers et de l&rsquo;orientation professionnelle de l&rsquo;Escola Universit\u00e0ria de la Salut i l&rsquo;Esport, qui a dur\u00e9 deux jours (lundi et mardi), a connu un [&hellip;]<\/p>\n","protected":false},"author":3,"featured_media":10720,"comment_status":"open","ping_status":"closed","sticky":false,"template":"","format":"standard","meta":{"_acf_changed":false,"inline_featured_image":false,"_joinchat":[],"footnotes":""},"categories":[3],"tags":[],"class_list":["post-10726","post","type-post","status-publish","format-standard","has-post-thumbnail","hentry","category-non-classifiee"],"acf":[],"yoast_head":"<!-- This site is optimized with the Yoast SEO plugin v27.4 - https:\/\/yoast.com\/product\/yoast-seo-wordpress\/ -->\n<title>EUSES Alumni consolide la Journ\u00e9e des Talents dans une 2\u00e8me \u00e9dition avec un succ\u00e8s retentissant de participation | EUSES - Campus de Bellvitge (Barcelona)<\/title>\n<meta name=\"robots\" content=\"index, follow, max-snippet:-1, max-image-preview:large, max-video-preview:-1\" \/>\n<link rel=\"canonical\" href=\"https:\/\/barcelona.euses.cat\/fr\/euses-alumni-consolide-la-journee-des-talents-dans-une-2eme-edition-avec-un-succes-retentissant-de-participation\/\" \/>\n<meta property=\"og:locale\" content=\"fr_FR\" \/>\n<meta property=\"og:type\" content=\"article\" \/>\n<meta property=\"og:title\" content=\"EUSES Alumni consolide la Journ\u00e9e des Talents dans une 2\u00e8me \u00e9dition avec un succ\u00e8s retentissant de participation | EUSES - Campus de Bellvitge (Barcelona)\" \/>\n<meta property=\"og:description\" content=\"Tous les objectifs fix\u00e9s par EUSES Alumni concernant le \u00ab\u00a0Talent Day\u00a0\u00bb ont \u00e9t\u00e9 plus qu&rsquo;atteints lors d&rsquo;une deuxi\u00e8me \u00e9dition qui a doubl\u00e9 les performances de la premi\u00e8re. Le Salon virtuel des m\u00e9tiers et de l&rsquo;orientation professionnelle de l&rsquo;Escola Universit\u00e0ria de la Salut i l&rsquo;Esport, qui a dur\u00e9 deux jours (lundi et mardi), a connu un [&hellip;]\" \/>\n<meta property=\"og:url\" content=\"https:\/\/barcelona.euses.cat\/fr\/euses-alumni-consolide-la-journee-des-talents-dans-une-2eme-edition-avec-un-succes-retentissant-de-participation\/\" \/>\n<meta property=\"og:site_name\" content=\"EUSES - Campus de Bellvitge (Barcelona)\" \/>\n<meta property=\"article:publisher\" content=\"https:\/\/www.facebook.com\/PhysioBCN\/\" \/>\n<meta property=\"article:published_time\" content=\"2022-04-28T05:58:55+00:00\" \/>\n<meta property=\"og:image\" content=\"https:\/\/barcelona.euses.cat\/wp-content\/uploads\/2022\/04\/talentday.jpg\" \/>\n\t<meta property=\"og:image:width\" content=\"1920\" \/>\n\t<meta property=\"og:image:height\" content=\"1080\" \/>\n\t<meta property=\"og:image:type\" content=\"image\/jpeg\" \/>\n<meta name=\"author\" content=\"Jordi Danes\" \/>\n<meta name=\"twitter:card\" content=\"summary_large_image\" \/>\n<meta name=\"twitter:label1\" content=\"\u00c9crit par\" \/>\n\t<meta name=\"twitter:data1\" content=\"Jordi Danes\" \/>\n\t<meta name=\"twitter:label2\" content=\"Dur\u00e9e de lecture estim\u00e9e\" \/>\n\t<meta name=\"twitter:data2\" content=\"1 minute\" \/>\n<script type=\"application\/ld+json\" class=\"yoast-schema-graph\">{\"@context\":\"https:\\\/\\\/schema.org\",\"@graph\":[{\"@type\":\"Article\",\"@id\":\"https:\\\/\\\/barcelona.euses.cat\\\/fr\\\/euses-alumni-consolide-la-journee-des-talents-dans-une-2eme-edition-avec-un-succes-retentissant-de-participation\\\/#article\",\"isPartOf\":{\"@id\":\"https:\\\/\\\/barcelona.euses.cat\\\/fr\\\/euses-alumni-consolide-la-journee-des-talents-dans-une-2eme-edition-avec-un-succes-retentissant-de-participation\\\/\"},\"author\":{\"name\":\"Jordi Danes\",\"@id\":\"https:\\\/\\\/barcelona.euses.cat\\\/ca\\\/#\\\/schema\\\/person\\\/8ab46080dfc4814fa59383db317735bd\"},\"headline\":\"EUSES Alumni consolide la Journ\u00e9e des Talents dans une 2\u00e8me \u00e9dition avec un succ\u00e8s retentissant de participation\",\"datePublished\":\"2022-04-28T05:58:55+00:00\",\"mainEntityOfPage\":{\"@id\":\"https:\\\/\\\/barcelona.euses.cat\\\/fr\\\/euses-alumni-consolide-la-journee-des-talents-dans-une-2eme-edition-avec-un-succes-retentissant-de-participation\\\/\"},\"wordCount\":315,\"commentCount\":0,\"image\":{\"@id\":\"https:\\\/\\\/barcelona.euses.cat\\\/fr\\\/euses-alumni-consolide-la-journee-des-talents-dans-une-2eme-edition-avec-un-succes-retentissant-de-participation\\\/#primaryimage\"},\"thumbnailUrl\":\"https:\\\/\\\/barcelona.euses.cat\\\/wp-content\\\/uploads\\\/2022\\\/04\\\/talentday.jpg\",\"articleSection\":[\"Non classifi\u00e9(e)\"],\"inLanguage\":\"fr-FR\"},{\"@type\":\"WebPage\",\"@id\":\"https:\\\/\\\/barcelona.euses.cat\\\/fr\\\/euses-alumni-consolide-la-journee-des-talents-dans-une-2eme-edition-avec-un-succes-retentissant-de-participation\\\/\",\"url\":\"https:\\\/\\\/barcelona.euses.cat\\\/fr\\\/euses-alumni-consolide-la-journee-des-talents-dans-une-2eme-edition-avec-un-succes-retentissant-de-participation\\\/\",\"name\":\"EUSES Alumni consolide la Journ\u00e9e des Talents dans une 2\u00e8me \u00e9dition avec un succ\u00e8s retentissant de participation | EUSES - Campus de Bellvitge (Barcelona)\",\"isPartOf\":{\"@id\":\"https:\\\/\\\/barcelona.euses.cat\\\/ca\\\/#website\"},\"primaryImageOfPage\":{\"@id\":\"https:\\\/\\\/barcelona.euses.cat\\\/fr\\\/euses-alumni-consolide-la-journee-des-talents-dans-une-2eme-edition-avec-un-succes-retentissant-de-participation\\\/#primaryimage\"},\"image\":{\"@id\":\"https:\\\/\\\/barcelona.euses.cat\\\/fr\\\/euses-alumni-consolide-la-journee-des-talents-dans-une-2eme-edition-avec-un-succes-retentissant-de-participation\\\/#primaryimage\"},\"thumbnailUrl\":\"https:\\\/\\\/barcelona.euses.cat\\\/wp-content\\\/uploads\\\/2022\\\/04\\\/talentday.jpg\",\"datePublished\":\"2022-04-28T05:58:55+00:00\",\"author\":{\"@id\":\"https:\\\/\\\/barcelona.euses.cat\\\/ca\\\/#\\\/schema\\\/person\\\/8ab46080dfc4814fa59383db317735bd\"},\"breadcrumb\":{\"@id\":\"https:\\\/\\\/barcelona.euses.cat\\\/fr\\\/euses-alumni-consolide-la-journee-des-talents-dans-une-2eme-edition-avec-un-succes-retentissant-de-participation\\\/#breadcrumb\"},\"inLanguage\":\"fr-FR\",\"potentialAction\":[{\"@type\":\"ReadAction\",\"target\":[\"https:\\\/\\\/barcelona.euses.cat\\\/fr\\\/euses-alumni-consolide-la-journee-des-talents-dans-une-2eme-edition-avec-un-succes-retentissant-de-participation\\\/\"]}]},{\"@type\":\"ImageObject\",\"inLanguage\":\"fr-FR\",\"@id\":\"https:\\\/\\\/barcelona.euses.cat\\\/fr\\\/euses-alumni-consolide-la-journee-des-talents-dans-une-2eme-edition-avec-un-succes-retentissant-de-participation\\\/#primaryimage\",\"url\":\"https:\\\/\\\/barcelona.euses.cat\\\/wp-content\\\/uploads\\\/2022\\\/04\\\/talentday.jpg\",\"contentUrl\":\"https:\\\/\\\/barcelona.euses.cat\\\/wp-content\\\/uploads\\\/2022\\\/04\\\/talentday.jpg\",\"width\":1920,\"height\":1080},{\"@type\":\"BreadcrumbList\",\"@id\":\"https:\\\/\\\/barcelona.euses.cat\\\/fr\\\/euses-alumni-consolide-la-journee-des-talents-dans-une-2eme-edition-avec-un-succes-retentissant-de-participation\\\/#breadcrumb\",\"itemListElement\":[{\"@type\":\"ListItem\",\"position\":1,\"name\":\"Portada\",\"item\":\"https:\\\/\\\/barcelona.euses.cat\\\/fr\\\/\"},{\"@type\":\"ListItem\",\"position\":2,\"name\":\"EUSES Alumni consolide la Journ\u00e9e des Talents dans une 2\u00e8me \u00e9dition avec un succ\u00e8s retentissant de participation\"}]},{\"@type\":\"WebSite\",\"@id\":\"https:\\\/\\\/barcelona.euses.cat\\\/ca\\\/#website\",\"url\":\"https:\\\/\\\/barcelona.euses.cat\\\/ca\\\/\",\"name\":\"EUSES - Campus de Bellvitge (Barcelona)\",\"description\":\"EUSES, Ecole Universitaire de Physioth\u00e9rapie Internationale \u00e0 Barcelone\",\"potentialAction\":[{\"@type\":\"SearchAction\",\"target\":{\"@type\":\"EntryPoint\",\"urlTemplate\":\"https:\\\/\\\/barcelona.euses.cat\\\/ca\\\/?s={search_term_string}\"},\"query-input\":{\"@type\":\"PropertyValueSpecification\",\"valueRequired\":true,\"valueName\":\"search_term_string\"}}],\"inLanguage\":\"fr-FR\"},{\"@type\":\"Person\",\"@id\":\"https:\\\/\\\/barcelona.euses.cat\\\/ca\\\/#\\\/schema\\\/person\\\/8ab46080dfc4814fa59383db317735bd\",\"name\":\"Jordi Danes\",\"image\":{\"@type\":\"ImageObject\",\"inLanguage\":\"fr-FR\",\"@id\":\"https:\\\/\\\/secure.gravatar.com\\\/avatar\\\/a9e4f443b594af225625ee8cfa665e41b1e0740ea34fbe0515b4ca559f8570ef?s=96&d=mm&r=g\",\"url\":\"https:\\\/\\\/secure.gravatar.com\\\/avatar\\\/a9e4f443b594af225625ee8cfa665e41b1e0740ea34fbe0515b4ca559f8570ef?s=96&d=mm&r=g\",\"contentUrl\":\"https:\\\/\\\/secure.gravatar.com\\\/avatar\\\/a9e4f443b594af225625ee8cfa665e41b1e0740ea34fbe0515b4ca559f8570ef?s=96&d=mm&r=g\",\"caption\":\"Jordi Danes\"},\"url\":\"https:\\\/\\\/barcelona.euses.cat\\\/fr\\\/author\\\/jordi-danes\\\/\"}]}<\/script>\n<!-- \/ Yoast SEO plugin. -->","yoast_head_json":{"title":"EUSES Alumni consolide la Journ\u00e9e des Talents dans une 2\u00e8me \u00e9dition avec un succ\u00e8s retentissant de participation | EUSES - Campus de Bellvitge (Barcelona)","robots":{"index":"index","follow":"follow","max-snippet":"max-snippet:-1","max-image-preview":"max-image-preview:large","max-video-preview":"max-video-preview:-1"},"canonical":"https:\/\/barcelona.euses.cat\/fr\/euses-alumni-consolide-la-journee-des-talents-dans-une-2eme-edition-avec-un-succes-retentissant-de-participation\/","og_locale":"fr_FR","og_type":"article","og_title":"EUSES Alumni consolide la Journ\u00e9e des Talents dans une 2\u00e8me \u00e9dition avec un succ\u00e8s retentissant de participation | EUSES - Campus de Bellvitge (Barcelona)","og_description":"Tous les objectifs fix\u00e9s par EUSES Alumni concernant le \u00ab\u00a0Talent Day\u00a0\u00bb ont \u00e9t\u00e9 plus qu&rsquo;atteints lors d&rsquo;une deuxi\u00e8me \u00e9dition qui a doubl\u00e9 les performances de la premi\u00e8re. Le Salon virtuel des m\u00e9tiers et de l&rsquo;orientation professionnelle de l&rsquo;Escola Universit\u00e0ria de la Salut i l&rsquo;Esport, qui a dur\u00e9 deux jours (lundi et mardi), a connu un [&hellip;]","og_url":"https:\/\/barcelona.euses.cat\/fr\/euses-alumni-consolide-la-journee-des-talents-dans-une-2eme-edition-avec-un-succes-retentissant-de-participation\/","og_site_name":"EUSES - Campus de Bellvitge (Barcelona)","article_publisher":"https:\/\/www.facebook.com\/PhysioBCN\/","article_published_time":"2022-04-28T05:58:55+00:00","og_image":[{"width":1920,"height":1080,"url":"https:\/\/barcelona.euses.cat\/wp-content\/uploads\/2022\/04\/talentday.jpg","type":"image\/jpeg"}],"author":"Jordi Danes","twitter_card":"summary_large_image","twitter_misc":{"\u00c9crit par":"Jordi Danes","Dur\u00e9e de lecture estim\u00e9e":"1 minute"},"schema":{"@context":"https:\/\/schema.org","@graph":[{"@type":"Article","@id":"https:\/\/barcelona.euses.cat\/fr\/euses-alumni-consolide-la-journee-des-talents-dans-une-2eme-edition-avec-un-succes-retentissant-de-participation\/#article","isPartOf":{"@id":"https:\/\/barcelona.euses.cat\/fr\/euses-alumni-consolide-la-journee-des-talents-dans-une-2eme-edition-avec-un-succes-retentissant-de-participation\/"},"author":{"name":"Jordi Danes","@id":"https:\/\/barcelona.euses.cat\/ca\/#\/schema\/person\/8ab46080dfc4814fa59383db317735bd"},"headline":"EUSES Alumni consolide la Journ\u00e9e des Talents dans une 2\u00e8me \u00e9dition avec un succ\u00e8s retentissant de participation","datePublished":"2022-04-28T05:58:55+00:00","mainEntityOfPage":{"@id":"https:\/\/barcelona.euses.cat\/fr\/euses-alumni-consolide-la-journee-des-talents-dans-une-2eme-edition-avec-un-succes-retentissant-de-participation\/"},"wordCount":315,"commentCount":0,"image":{"@id":"https:\/\/barcelona.euses.cat\/fr\/euses-alumni-consolide-la-journee-des-talents-dans-une-2eme-edition-avec-un-succes-retentissant-de-participation\/#primaryimage"},"thumbnailUrl":"https:\/\/barcelona.euses.cat\/wp-content\/uploads\/2022\/04\/talentday.jpg","articleSection":["Non classifi\u00e9(e)"],"inLanguage":"fr-FR"},{"@type":"WebPage","@id":"https:\/\/barcelona.euses.cat\/fr\/euses-alumni-consolide-la-journee-des-talents-dans-une-2eme-edition-avec-un-succes-retentissant-de-participation\/","url":"https:\/\/barcelona.euses.cat\/fr\/euses-alumni-consolide-la-journee-des-talents-dans-une-2eme-edition-avec-un-succes-retentissant-de-participation\/","name":"EUSES Alumni consolide la Journ\u00e9e des Talents dans une 2\u00e8me \u00e9dition avec un succ\u00e8s retentissant de participation | EUSES - Campus de Bellvitge (Barcelona)","isPartOf":{"@id":"https:\/\/barcelona.euses.cat\/ca\/#website"},"primaryImageOfPage":{"@id":"https:\/\/barcelona.euses.cat\/fr\/euses-alumni-consolide-la-journee-des-talents-dans-une-2eme-edition-avec-un-succes-retentissant-de-participation\/#primaryimage"},"image":{"@id":"https:\/\/barcelona.euses.cat\/fr\/euses-alumni-consolide-la-journee-des-talents-dans-une-2eme-edition-avec-un-succes-retentissant-de-participation\/#primaryimage"},"thumbnailUrl":"https:\/\/barcelona.euses.cat\/wp-content\/uploads\/2022\/04\/talentday.jpg","datePublished":"2022-04-28T05:58:55+00:00","author":{"@id":"https:\/\/barcelona.euses.cat\/ca\/#\/schema\/person\/8ab46080dfc4814fa59383db317735bd"},"breadcrumb":{"@id":"https:\/\/barcelona.euses.cat\/fr\/euses-alumni-consolide-la-journee-des-talents-dans-une-2eme-edition-avec-un-succes-retentissant-de-participation\/#breadcrumb"},"inLanguage":"fr-FR","potentialAction":[{"@type":"ReadAction","target":["https:\/\/barcelona.euses.cat\/fr\/euses-alumni-consolide-la-journee-des-talents-dans-une-2eme-edition-avec-un-succes-retentissant-de-participation\/"]}]},{"@type":"ImageObject","inLanguage":"fr-FR","@id":"https:\/\/barcelona.euses.cat\/fr\/euses-alumni-consolide-la-journee-des-talents-dans-une-2eme-edition-avec-un-succes-retentissant-de-participation\/#primaryimage","url":"https:\/\/barcelona.euses.cat\/wp-content\/uploads\/2022\/04\/talentday.jpg","contentUrl":"https:\/\/barcelona.euses.cat\/wp-content\/uploads\/2022\/04\/talentday.jpg","width":1920,"height":1080},{"@type":"BreadcrumbList","@id":"https:\/\/barcelona.euses.cat\/fr\/euses-alumni-consolide-la-journee-des-talents-dans-une-2eme-edition-avec-un-succes-retentissant-de-participation\/#breadcrumb","itemListElement":[{"@type":"ListItem","position":1,"name":"Portada","item":"https:\/\/barcelona.euses.cat\/fr\/"},{"@type":"ListItem","position":2,"name":"EUSES Alumni consolide la Journ\u00e9e des Talents dans une 2\u00e8me \u00e9dition avec un succ\u00e8s retentissant de participation"}]},{"@type":"WebSite","@id":"https:\/\/barcelona.euses.cat\/ca\/#website","url":"https:\/\/barcelona.euses.cat\/ca\/","name":"EUSES - Campus de Bellvitge (Barcelona)","description":"EUSES, Ecole Universitaire de Physioth\u00e9rapie Internationale \u00e0 Barcelone","potentialAction":[{"@type":"SearchAction","target":{"@type":"EntryPoint","urlTemplate":"https:\/\/barcelona.euses.cat\/ca\/?s={search_term_string}"},"query-input":{"@type":"PropertyValueSpecification","valueRequired":true,"valueName":"search_term_string"}}],"inLanguage":"fr-FR"},{"@type":"Person","@id":"https:\/\/barcelona.euses.cat\/ca\/#\/schema\/person\/8ab46080dfc4814fa59383db317735bd","name":"Jordi Danes","image":{"@type":"ImageObject","inLanguage":"fr-FR","@id":"https:\/\/secure.gravatar.com\/avatar\/a9e4f443b594af225625ee8cfa665e41b1e0740ea34fbe0515b4ca559f8570ef?s=96&d=mm&r=g","url":"https:\/\/secure.gravatar.com\/avatar\/a9e4f443b594af225625ee8cfa665e41b1e0740ea34fbe0515b4ca559f8570ef?s=96&d=mm&r=g","contentUrl":"https:\/\/secure.gravatar.com\/avatar\/a9e4f443b594af225625ee8cfa665e41b1e0740ea34fbe0515b4ca559f8570ef?s=96&d=mm&r=g","caption":"Jordi Danes"},"url":"https:\/\/barcelona.euses.cat\/fr\/author\/jordi-danes\/"}]}},"_links":{"self":[{"href":"https:\/\/barcelona.euses.cat\/fr\/wp-json\/wp\/v2\/posts\/10726","targetHints":{"allow":["GET"]}}],"collection":[{"href":"https:\/\/barcelona.euses.cat\/fr\/wp-json\/wp\/v2\/posts"}],"about":[{"href":"https:\/\/barcelona.euses.cat\/fr\/wp-json\/wp\/v2\/types\/post"}],"author":[{"embeddable":true,"href":"https:\/\/barcelona.euses.cat\/fr\/wp-json\/wp\/v2\/users\/3"}],"replies":[{"embeddable":true,"href":"https:\/\/barcelona.euses.cat\/fr\/wp-json\/wp\/v2\/comments?post=10726"}],"version-history":[{"count":1,"href":"https:\/\/barcelona.euses.cat\/fr\/wp-json\/wp\/v2\/posts\/10726\/revisions"}],"predecessor-version":[{"id":10727,"href":"https:\/\/barcelona.euses.cat\/fr\/wp-json\/wp\/v2\/posts\/10726\/revisions\/10727"}],"wp:featuredmedia":[{"embeddable":true,"href":"https:\/\/barcelona.euses.cat\/fr\/wp-json\/wp\/v2\/media\/10720"}],"wp:attachment":[{"href":"https:\/\/barcelona.euses.cat\/fr\/wp-json\/wp\/v2\/media?parent=10726"}],"wp:term":[{"taxonomy":"category","embeddable":true,"href":"https:\/\/barcelona.euses.cat\/fr\/wp-json\/wp\/v2\/categories?post=10726"},{"taxonomy":"post_tag","embeddable":true,"href":"https:\/\/barcelona.euses.cat\/fr\/wp-json\/wp\/v2\/tags?post=10726"}],"curies":[{"name":"wp","href":"https:\/\/api.w.org\/{rel}","templated":true}]}}