{"id":10610,"date":"2022-02-21T12:39:10","date_gmt":"2022-02-21T11:39:10","guid":{"rendered":"https:\/\/barcelona.euses.cat\/?p=10610"},"modified":"2022-02-21T12:39:10","modified_gmt":"2022-02-21T11:39:10","slug":"samedi-dernier-la-journee-des-portes-ouvertes-sest-tenue-au-campus-de-bellvitge-avec-une-tres-bonne-affluence-du-public","status":"publish","type":"post","link":"https:\/\/barcelona.euses.cat\/fr\/samedi-dernier-la-journee-des-portes-ouvertes-sest-tenue-au-campus-de-bellvitge-avec-une-tres-bonne-affluence-du-public\/","title":{"rendered":"Samedi dernier, la journ\u00e9e des Portes Ouvertes s&rsquo;est tenue au Campus de Bellvitge avec une tr\u00e8s bonne affluence du public"},"content":{"rendered":"<p>Samedi 19 f\u00e9vrier, les portes du Campus de Bellvitge ont \u00e9t\u00e9 ouvertes \u00e0 toutes les personnes int\u00e9ress\u00e9es par la formation 2022\/23 du Dipl\u00f4me International de Physioth\u00e9rapie EUSES UdG-ENTI UB. Une tr\u00e8s bonne affluence de public a assist\u00e9 pour conna\u00eetre de premi\u00e8re main les aspects les plus pertinents de ce dipl\u00f4me, tels que le syllabus, les sp\u00e9cialit\u00e9s de travail, les accords que le Groupe a sign\u00e9 avec diff\u00e9rentes entreprises pour les stages et avec d&rsquo;autres universit\u00e9s, ainsi que d&rsquo;autres questions d&rsquo;int\u00e9r\u00eat comme le processus d&rsquo;inscription et d&rsquo;autres d\u00e9tails logistiques. Tout d&rsquo;abord, notre \u00e9tudiante Alice Darlow a effectu\u00e9 une visite guid\u00e9e des installations du campus. Ensuite, le Dr Gerard Mu\u00f1oz, Directeur de la formation, a fait la pr\u00e9sentation principale et Albert Deulofeu, membre du personnel de l&rsquo;EUSES, a fourni des informations suppl\u00e9mentaires concernant les d\u00e9marches administratives (\u00e9quivalence du bac et processus de pr\u00e9inscription ainsi que d&rsquo;autres questions d&rsquo;int\u00e9r\u00eat). A la fin de la journ\u00e9e, les participants ont pu poser des questions et soulever des doutes.<\/p>\n\n\t\t<style type=\"text\/css\">\n\t\t\t#gallery-1 {\n\t\t\t\tmargin: auto;\n\t\t\t}\n\t\t\t#gallery-1 .gallery-item {\n\t\t\t\tfloat: left;\n\t\t\t\tmargin-top: 10px;\n\t\t\t\ttext-align: center;\n\t\t\t\twidth: 33%;\n\t\t\t}\n\t\t\t#gallery-1 img {\n\t\t\t\tborder: 2px solid #cfcfcf;\n\t\t\t}\n\t\t\t#gallery-1 .gallery-caption {\n\t\t\t\tmargin-left: 0;\n\t\t\t}\n\t\t\t\/* see gallery_shortcode() in wp-includes\/media.php *\/\n\t\t<\/style>\n\t\t<div id='gallery-1' class='gallery galleryid-10610 gallery-columns-3 gallery-size-medium'><dl class='gallery-item'>\n\t\t\t<dt class='gallery-icon landscape'>\n\t\t\t\t<a href='https:\/\/barcelona.euses.cat\/fr\/samedi-dernier-la-journee-des-portes-ouvertes-sest-tenue-au-campus-de-bellvitge-avec-une-tres-bonne-affluence-du-public\/jpo-19-febrer-4-2\/'><img fetchpriority=\"high\" decoding=\"async\" width=\"300\" height=\"225\" src=\"https:\/\/barcelona.euses.cat\/wp-content\/uploads\/2022\/02\/jpo-19-febrer-4-300x225.jpeg\" class=\"attachment-medium size-medium\" alt=\"\" srcset=\"https:\/\/barcelona.euses.cat\/wp-content\/uploads\/2022\/02\/jpo-19-febrer-4-300x225.jpeg 300w, https:\/\/barcelona.euses.cat\/wp-content\/uploads\/2022\/02\/jpo-19-febrer-4-1024x768.jpeg 1024w, https:\/\/barcelona.euses.cat\/wp-content\/uploads\/2022\/02\/jpo-19-febrer-4-768x576.jpeg 768w, https:\/\/barcelona.euses.cat\/wp-content\/uploads\/2022\/02\/jpo-19-febrer-4-1536x1152.jpeg 1536w, https:\/\/barcelona.euses.cat\/wp-content\/uploads\/2022\/02\/jpo-19-febrer-4-267x200.jpeg 267w, https:\/\/barcelona.euses.cat\/wp-content\/uploads\/2022\/02\/jpo-19-febrer-4-700x525.jpeg 700w, https:\/\/barcelona.euses.cat\/wp-content\/uploads\/2022\/02\/jpo-19-febrer-4.jpeg 2016w\" sizes=\"(max-width: 300px) 100vw, 300px\" \/><\/a>\n\t\t\t<\/dt><\/dl><dl class='gallery-item'>\n\t\t\t<dt class='gallery-icon landscape'>\n\t\t\t\t<a href='https:\/\/barcelona.euses.cat\/fr\/samedi-dernier-la-journee-des-portes-ouvertes-sest-tenue-au-campus-de-bellvitge-avec-une-tres-bonne-affluence-du-public\/jpo-19-febrer-3-2\/'><img decoding=\"async\" width=\"300\" height=\"225\" src=\"https:\/\/barcelona.euses.cat\/wp-content\/uploads\/2022\/02\/jpo-19-febrer-3-300x225.jpeg\" class=\"attachment-medium size-medium\" alt=\"\" srcset=\"https:\/\/barcelona.euses.cat\/wp-content\/uploads\/2022\/02\/jpo-19-febrer-3-300x225.jpeg 300w, https:\/\/barcelona.euses.cat\/wp-content\/uploads\/2022\/02\/jpo-19-febrer-3-1024x768.jpeg 1024w, https:\/\/barcelona.euses.cat\/wp-content\/uploads\/2022\/02\/jpo-19-febrer-3-768x576.jpeg 768w, https:\/\/barcelona.euses.cat\/wp-content\/uploads\/2022\/02\/jpo-19-febrer-3-1536x1152.jpeg 1536w, https:\/\/barcelona.euses.cat\/wp-content\/uploads\/2022\/02\/jpo-19-febrer-3-267x200.jpeg 267w, https:\/\/barcelona.euses.cat\/wp-content\/uploads\/2022\/02\/jpo-19-febrer-3-700x525.jpeg 700w, https:\/\/barcelona.euses.cat\/wp-content\/uploads\/2022\/02\/jpo-19-febrer-3.jpeg 2016w\" sizes=\"(max-width: 300px) 100vw, 300px\" \/><\/a>\n\t\t\t<\/dt><\/dl><dl class='gallery-item'>\n\t\t\t<dt class='gallery-icon landscape'>\n\t\t\t\t<a href='https:\/\/barcelona.euses.cat\/fr\/samedi-dernier-la-journee-des-portes-ouvertes-sest-tenue-au-campus-de-bellvitge-avec-une-tres-bonne-affluence-du-public\/jpo-19-febrer-2-2\/'><img decoding=\"async\" width=\"300\" height=\"225\" src=\"https:\/\/barcelona.euses.cat\/wp-content\/uploads\/2022\/02\/jpo-19-febrer-2-300x225.jpeg\" class=\"attachment-medium size-medium\" alt=\"\" srcset=\"https:\/\/barcelona.euses.cat\/wp-content\/uploads\/2022\/02\/jpo-19-febrer-2-300x225.jpeg 300w, https:\/\/barcelona.euses.cat\/wp-content\/uploads\/2022\/02\/jpo-19-febrer-2-1024x768.jpeg 1024w, https:\/\/barcelona.euses.cat\/wp-content\/uploads\/2022\/02\/jpo-19-febrer-2-768x576.jpeg 768w, https:\/\/barcelona.euses.cat\/wp-content\/uploads\/2022\/02\/jpo-19-febrer-2-1536x1152.jpeg 1536w, https:\/\/barcelona.euses.cat\/wp-content\/uploads\/2022\/02\/jpo-19-febrer-2-267x200.jpeg 267w, https:\/\/barcelona.euses.cat\/wp-content\/uploads\/2022\/02\/jpo-19-febrer-2-700x525.jpeg 700w, https:\/\/barcelona.euses.cat\/wp-content\/uploads\/2022\/02\/jpo-19-febrer-2.jpeg 2016w\" sizes=\"(max-width: 300px) 100vw, 300px\" \/><\/a>\n\t\t\t<\/dt><\/dl><br style=\"clear: both\" \/><dl class='gallery-item'>\n\t\t\t<dt class='gallery-icon landscape'>\n\t\t\t\t<a href='https:\/\/barcelona.euses.cat\/fr\/samedi-dernier-la-journee-des-portes-ouvertes-sest-tenue-au-campus-de-bellvitge-avec-une-tres-bonne-affluence-du-public\/jpo-19-febrer-1-2\/'><img loading=\"lazy\" decoding=\"async\" width=\"300\" height=\"225\" src=\"https:\/\/barcelona.euses.cat\/wp-content\/uploads\/2022\/02\/jpo-19-febrer-1-300x225.jpeg\" class=\"attachment-medium size-medium\" alt=\"\" srcset=\"https:\/\/barcelona.euses.cat\/wp-content\/uploads\/2022\/02\/jpo-19-febrer-1-300x225.jpeg 300w, https:\/\/barcelona.euses.cat\/wp-content\/uploads\/2022\/02\/jpo-19-febrer-1-1024x768.jpeg 1024w, https:\/\/barcelona.euses.cat\/wp-content\/uploads\/2022\/02\/jpo-19-febrer-1-768x576.jpeg 768w, https:\/\/barcelona.euses.cat\/wp-content\/uploads\/2022\/02\/jpo-19-febrer-1-1536x1152.jpeg 1536w, https:\/\/barcelona.euses.cat\/wp-content\/uploads\/2022\/02\/jpo-19-febrer-1-267x200.jpeg 267w, https:\/\/barcelona.euses.cat\/wp-content\/uploads\/2022\/02\/jpo-19-febrer-1-700x525.jpeg 700w, https:\/\/barcelona.euses.cat\/wp-content\/uploads\/2022\/02\/jpo-19-febrer-1.jpeg 2016w\" sizes=\"(max-width: 300px) 100vw, 300px\" \/><\/a>\n\t\t\t<\/dt><\/dl>\n\t\t\t<br style='clear: both' \/>\n\t\t<\/div>\n\n","protected":false},"excerpt":{"rendered":"<p>Samedi 19 f\u00e9vrier, les portes du Campus de Bellvitge ont \u00e9t\u00e9 ouvertes \u00e0 toutes les personnes int\u00e9ress\u00e9es par la formation 2022\/23 du Dipl\u00f4me International de Physioth\u00e9rapie EUSES UdG-ENTI UB. Une tr\u00e8s bonne affluence de public a assist\u00e9 pour conna\u00eetre de premi\u00e8re main les aspects les plus pertinents de ce dipl\u00f4me, tels que le syllabus, les [&hellip;]<\/p>\n","protected":false},"author":3,"featured_media":10571,"comment_status":"open","ping_status":"closed","sticky":false,"template":"","format":"standard","meta":{"_acf_changed":false,"inline_featured_image":false,"_joinchat":[],"footnotes":""},"categories":[3],"tags":[],"class_list":["post-10610","post","type-post","status-publish","format-standard","has-post-thumbnail","hentry","category-non-classifiee"],"acf":[],"yoast_head":"<!-- This site is optimized with the Yoast SEO plugin v27.4 - https:\/\/yoast.com\/product\/yoast-seo-wordpress\/ -->\n<title>Samedi dernier, la journ\u00e9e des Portes Ouvertes s&#039;est tenue au Campus de Bellvitge avec une tr\u00e8s bonne affluence du public | EUSES - Campus de Bellvitge (Barcelona)<\/title>\n<meta name=\"robots\" content=\"index, follow, max-snippet:-1, max-image-preview:large, max-video-preview:-1\" \/>\n<link rel=\"canonical\" href=\"https:\/\/barcelona.euses.cat\/fr\/samedi-dernier-la-journee-des-portes-ouvertes-sest-tenue-au-campus-de-bellvitge-avec-une-tres-bonne-affluence-du-public\/\" \/>\n<meta property=\"og:locale\" content=\"fr_FR\" \/>\n<meta property=\"og:type\" content=\"article\" \/>\n<meta property=\"og:title\" content=\"Samedi dernier, la journ\u00e9e des Portes Ouvertes s&#039;est tenue au Campus de Bellvitge avec une tr\u00e8s bonne affluence du public | EUSES - Campus de Bellvitge (Barcelona)\" \/>\n<meta property=\"og:description\" content=\"Samedi 19 f\u00e9vrier, les portes du Campus de Bellvitge ont \u00e9t\u00e9 ouvertes \u00e0 toutes les personnes int\u00e9ress\u00e9es par la formation 2022\/23 du Dipl\u00f4me International de Physioth\u00e9rapie EUSES UdG-ENTI UB. Une tr\u00e8s bonne affluence de public a assist\u00e9 pour conna\u00eetre de premi\u00e8re main les aspects les plus pertinents de ce dipl\u00f4me, tels que le syllabus, les [&hellip;]\" \/>\n<meta property=\"og:url\" content=\"https:\/\/barcelona.euses.cat\/fr\/samedi-dernier-la-journee-des-portes-ouvertes-sest-tenue-au-campus-de-bellvitge-avec-une-tres-bonne-affluence-du-public\/\" \/>\n<meta property=\"og:site_name\" content=\"EUSES - Campus de Bellvitge (Barcelona)\" \/>\n<meta property=\"article:publisher\" content=\"https:\/\/www.facebook.com\/PhysioBCN\/\" \/>\n<meta property=\"article:published_time\" content=\"2022-02-21T11:39:10+00:00\" \/>\n<meta property=\"og:image\" content=\"https:\/\/barcelona.euses.cat\/wp-content\/uploads\/2022\/02\/jpo-19-febrer-5.jpeg\" \/>\n\t<meta property=\"og:image:width\" content=\"2016\" \/>\n\t<meta property=\"og:image:height\" content=\"1512\" \/>\n\t<meta property=\"og:image:type\" content=\"image\/jpeg\" \/>\n<meta name=\"author\" content=\"Jordi Danes\" \/>\n<meta name=\"twitter:card\" content=\"summary_large_image\" \/>\n<meta name=\"twitter:label1\" content=\"\u00c9crit par\" \/>\n\t<meta name=\"twitter:data1\" content=\"Jordi Danes\" \/>\n\t<meta name=\"twitter:label2\" content=\"Dur\u00e9e de lecture estim\u00e9e\" \/>\n\t<meta name=\"twitter:data2\" content=\"1 minute\" \/>\n<script type=\"application\/ld+json\" class=\"yoast-schema-graph\">{\"@context\":\"https:\\\/\\\/schema.org\",\"@graph\":[{\"@type\":\"Article\",\"@id\":\"https:\\\/\\\/barcelona.euses.cat\\\/fr\\\/samedi-dernier-la-journee-des-portes-ouvertes-sest-tenue-au-campus-de-bellvitge-avec-une-tres-bonne-affluence-du-public\\\/#article\",\"isPartOf\":{\"@id\":\"https:\\\/\\\/barcelona.euses.cat\\\/fr\\\/samedi-dernier-la-journee-des-portes-ouvertes-sest-tenue-au-campus-de-bellvitge-avec-une-tres-bonne-affluence-du-public\\\/\"},\"author\":{\"name\":\"Jordi Danes\",\"@id\":\"https:\\\/\\\/barcelona.euses.cat\\\/ca\\\/#\\\/schema\\\/person\\\/8ab46080dfc4814fa59383db317735bd\"},\"headline\":\"Samedi dernier, la journ\u00e9e des Portes Ouvertes s&rsquo;est tenue au Campus de Bellvitge avec une tr\u00e8s bonne affluence du public\",\"datePublished\":\"2022-02-21T11:39:10+00:00\",\"mainEntityOfPage\":{\"@id\":\"https:\\\/\\\/barcelona.euses.cat\\\/fr\\\/samedi-dernier-la-journee-des-portes-ouvertes-sest-tenue-au-campus-de-bellvitge-avec-une-tres-bonne-affluence-du-public\\\/\"},\"wordCount\":221,\"commentCount\":0,\"image\":{\"@id\":\"https:\\\/\\\/barcelona.euses.cat\\\/fr\\\/samedi-dernier-la-journee-des-portes-ouvertes-sest-tenue-au-campus-de-bellvitge-avec-une-tres-bonne-affluence-du-public\\\/#primaryimage\"},\"thumbnailUrl\":\"https:\\\/\\\/barcelona.euses.cat\\\/wp-content\\\/uploads\\\/2022\\\/02\\\/jpo-19-febrer-5.jpeg\",\"articleSection\":[\"Non classifi\u00e9(e)\"],\"inLanguage\":\"fr-FR\"},{\"@type\":\"WebPage\",\"@id\":\"https:\\\/\\\/barcelona.euses.cat\\\/fr\\\/samedi-dernier-la-journee-des-portes-ouvertes-sest-tenue-au-campus-de-bellvitge-avec-une-tres-bonne-affluence-du-public\\\/\",\"url\":\"https:\\\/\\\/barcelona.euses.cat\\\/fr\\\/samedi-dernier-la-journee-des-portes-ouvertes-sest-tenue-au-campus-de-bellvitge-avec-une-tres-bonne-affluence-du-public\\\/\",\"name\":\"Samedi dernier, la journ\u00e9e des Portes Ouvertes s'est tenue au Campus de Bellvitge avec une tr\u00e8s bonne affluence du public | EUSES - Campus de Bellvitge (Barcelona)\",\"isPartOf\":{\"@id\":\"https:\\\/\\\/barcelona.euses.cat\\\/ca\\\/#website\"},\"primaryImageOfPage\":{\"@id\":\"https:\\\/\\\/barcelona.euses.cat\\\/fr\\\/samedi-dernier-la-journee-des-portes-ouvertes-sest-tenue-au-campus-de-bellvitge-avec-une-tres-bonne-affluence-du-public\\\/#primaryimage\"},\"image\":{\"@id\":\"https:\\\/\\\/barcelona.euses.cat\\\/fr\\\/samedi-dernier-la-journee-des-portes-ouvertes-sest-tenue-au-campus-de-bellvitge-avec-une-tres-bonne-affluence-du-public\\\/#primaryimage\"},\"thumbnailUrl\":\"https:\\\/\\\/barcelona.euses.cat\\\/wp-content\\\/uploads\\\/2022\\\/02\\\/jpo-19-febrer-5.jpeg\",\"datePublished\":\"2022-02-21T11:39:10+00:00\",\"author\":{\"@id\":\"https:\\\/\\\/barcelona.euses.cat\\\/ca\\\/#\\\/schema\\\/person\\\/8ab46080dfc4814fa59383db317735bd\"},\"breadcrumb\":{\"@id\":\"https:\\\/\\\/barcelona.euses.cat\\\/fr\\\/samedi-dernier-la-journee-des-portes-ouvertes-sest-tenue-au-campus-de-bellvitge-avec-une-tres-bonne-affluence-du-public\\\/#breadcrumb\"},\"inLanguage\":\"fr-FR\",\"potentialAction\":[{\"@type\":\"ReadAction\",\"target\":[\"https:\\\/\\\/barcelona.euses.cat\\\/fr\\\/samedi-dernier-la-journee-des-portes-ouvertes-sest-tenue-au-campus-de-bellvitge-avec-une-tres-bonne-affluence-du-public\\\/\"]}]},{\"@type\":\"ImageObject\",\"inLanguage\":\"fr-FR\",\"@id\":\"https:\\\/\\\/barcelona.euses.cat\\\/fr\\\/samedi-dernier-la-journee-des-portes-ouvertes-sest-tenue-au-campus-de-bellvitge-avec-une-tres-bonne-affluence-du-public\\\/#primaryimage\",\"url\":\"https:\\\/\\\/barcelona.euses.cat\\\/wp-content\\\/uploads\\\/2022\\\/02\\\/jpo-19-febrer-5.jpeg\",\"contentUrl\":\"https:\\\/\\\/barcelona.euses.cat\\\/wp-content\\\/uploads\\\/2022\\\/02\\\/jpo-19-febrer-5.jpeg\",\"width\":2016,\"height\":1512},{\"@type\":\"BreadcrumbList\",\"@id\":\"https:\\\/\\\/barcelona.euses.cat\\\/fr\\\/samedi-dernier-la-journee-des-portes-ouvertes-sest-tenue-au-campus-de-bellvitge-avec-une-tres-bonne-affluence-du-public\\\/#breadcrumb\",\"itemListElement\":[{\"@type\":\"ListItem\",\"position\":1,\"name\":\"Portada\",\"item\":\"https:\\\/\\\/barcelona.euses.cat\\\/fr\\\/\"},{\"@type\":\"ListItem\",\"position\":2,\"name\":\"Samedi dernier, la journ\u00e9e des Portes Ouvertes s&rsquo;est tenue au Campus de Bellvitge avec une tr\u00e8s bonne affluence du public\"}]},{\"@type\":\"WebSite\",\"@id\":\"https:\\\/\\\/barcelona.euses.cat\\\/ca\\\/#website\",\"url\":\"https:\\\/\\\/barcelona.euses.cat\\\/ca\\\/\",\"name\":\"EUSES - Campus de Bellvitge (Barcelona)\",\"description\":\"EUSES, Ecole Universitaire de Physioth\u00e9rapie Internationale \u00e0 Barcelone\",\"potentialAction\":[{\"@type\":\"SearchAction\",\"target\":{\"@type\":\"EntryPoint\",\"urlTemplate\":\"https:\\\/\\\/barcelona.euses.cat\\\/ca\\\/?s={search_term_string}\"},\"query-input\":{\"@type\":\"PropertyValueSpecification\",\"valueRequired\":true,\"valueName\":\"search_term_string\"}}],\"inLanguage\":\"fr-FR\"},{\"@type\":\"Person\",\"@id\":\"https:\\\/\\\/barcelona.euses.cat\\\/ca\\\/#\\\/schema\\\/person\\\/8ab46080dfc4814fa59383db317735bd\",\"name\":\"Jordi Danes\",\"image\":{\"@type\":\"ImageObject\",\"inLanguage\":\"fr-FR\",\"@id\":\"https:\\\/\\\/secure.gravatar.com\\\/avatar\\\/a9e4f443b594af225625ee8cfa665e41b1e0740ea34fbe0515b4ca559f8570ef?s=96&d=mm&r=g\",\"url\":\"https:\\\/\\\/secure.gravatar.com\\\/avatar\\\/a9e4f443b594af225625ee8cfa665e41b1e0740ea34fbe0515b4ca559f8570ef?s=96&d=mm&r=g\",\"contentUrl\":\"https:\\\/\\\/secure.gravatar.com\\\/avatar\\\/a9e4f443b594af225625ee8cfa665e41b1e0740ea34fbe0515b4ca559f8570ef?s=96&d=mm&r=g\",\"caption\":\"Jordi Danes\"},\"url\":\"https:\\\/\\\/barcelona.euses.cat\\\/fr\\\/author\\\/jordi-danes\\\/\"}]}<\/script>\n<!-- \/ Yoast SEO plugin. -->","yoast_head_json":{"title":"Samedi dernier, la journ\u00e9e des Portes Ouvertes s'est tenue au Campus de Bellvitge avec une tr\u00e8s bonne affluence du public | EUSES - Campus de Bellvitge (Barcelona)","robots":{"index":"index","follow":"follow","max-snippet":"max-snippet:-1","max-image-preview":"max-image-preview:large","max-video-preview":"max-video-preview:-1"},"canonical":"https:\/\/barcelona.euses.cat\/fr\/samedi-dernier-la-journee-des-portes-ouvertes-sest-tenue-au-campus-de-bellvitge-avec-une-tres-bonne-affluence-du-public\/","og_locale":"fr_FR","og_type":"article","og_title":"Samedi dernier, la journ\u00e9e des Portes Ouvertes s'est tenue au Campus de Bellvitge avec une tr\u00e8s bonne affluence du public | EUSES - Campus de Bellvitge (Barcelona)","og_description":"Samedi 19 f\u00e9vrier, les portes du Campus de Bellvitge ont \u00e9t\u00e9 ouvertes \u00e0 toutes les personnes int\u00e9ress\u00e9es par la formation 2022\/23 du Dipl\u00f4me International de Physioth\u00e9rapie EUSES UdG-ENTI UB. Une tr\u00e8s bonne affluence de public a assist\u00e9 pour conna\u00eetre de premi\u00e8re main les aspects les plus pertinents de ce dipl\u00f4me, tels que le syllabus, les [&hellip;]","og_url":"https:\/\/barcelona.euses.cat\/fr\/samedi-dernier-la-journee-des-portes-ouvertes-sest-tenue-au-campus-de-bellvitge-avec-une-tres-bonne-affluence-du-public\/","og_site_name":"EUSES - Campus de Bellvitge (Barcelona)","article_publisher":"https:\/\/www.facebook.com\/PhysioBCN\/","article_published_time":"2022-02-21T11:39:10+00:00","og_image":[{"width":2016,"height":1512,"url":"https:\/\/barcelona.euses.cat\/wp-content\/uploads\/2022\/02\/jpo-19-febrer-5.jpeg","type":"image\/jpeg"}],"author":"Jordi Danes","twitter_card":"summary_large_image","twitter_misc":{"\u00c9crit par":"Jordi Danes","Dur\u00e9e de lecture estim\u00e9e":"1 minute"},"schema":{"@context":"https:\/\/schema.org","@graph":[{"@type":"Article","@id":"https:\/\/barcelona.euses.cat\/fr\/samedi-dernier-la-journee-des-portes-ouvertes-sest-tenue-au-campus-de-bellvitge-avec-une-tres-bonne-affluence-du-public\/#article","isPartOf":{"@id":"https:\/\/barcelona.euses.cat\/fr\/samedi-dernier-la-journee-des-portes-ouvertes-sest-tenue-au-campus-de-bellvitge-avec-une-tres-bonne-affluence-du-public\/"},"author":{"name":"Jordi Danes","@id":"https:\/\/barcelona.euses.cat\/ca\/#\/schema\/person\/8ab46080dfc4814fa59383db317735bd"},"headline":"Samedi dernier, la journ\u00e9e des Portes Ouvertes s&rsquo;est tenue au Campus de Bellvitge avec une tr\u00e8s bonne affluence du public","datePublished":"2022-02-21T11:39:10+00:00","mainEntityOfPage":{"@id":"https:\/\/barcelona.euses.cat\/fr\/samedi-dernier-la-journee-des-portes-ouvertes-sest-tenue-au-campus-de-bellvitge-avec-une-tres-bonne-affluence-du-public\/"},"wordCount":221,"commentCount":0,"image":{"@id":"https:\/\/barcelona.euses.cat\/fr\/samedi-dernier-la-journee-des-portes-ouvertes-sest-tenue-au-campus-de-bellvitge-avec-une-tres-bonne-affluence-du-public\/#primaryimage"},"thumbnailUrl":"https:\/\/barcelona.euses.cat\/wp-content\/uploads\/2022\/02\/jpo-19-febrer-5.jpeg","articleSection":["Non classifi\u00e9(e)"],"inLanguage":"fr-FR"},{"@type":"WebPage","@id":"https:\/\/barcelona.euses.cat\/fr\/samedi-dernier-la-journee-des-portes-ouvertes-sest-tenue-au-campus-de-bellvitge-avec-une-tres-bonne-affluence-du-public\/","url":"https:\/\/barcelona.euses.cat\/fr\/samedi-dernier-la-journee-des-portes-ouvertes-sest-tenue-au-campus-de-bellvitge-avec-une-tres-bonne-affluence-du-public\/","name":"Samedi dernier, la journ\u00e9e des Portes Ouvertes s'est tenue au Campus de Bellvitge avec une tr\u00e8s bonne affluence du public | EUSES - Campus de Bellvitge (Barcelona)","isPartOf":{"@id":"https:\/\/barcelona.euses.cat\/ca\/#website"},"primaryImageOfPage":{"@id":"https:\/\/barcelona.euses.cat\/fr\/samedi-dernier-la-journee-des-portes-ouvertes-sest-tenue-au-campus-de-bellvitge-avec-une-tres-bonne-affluence-du-public\/#primaryimage"},"image":{"@id":"https:\/\/barcelona.euses.cat\/fr\/samedi-dernier-la-journee-des-portes-ouvertes-sest-tenue-au-campus-de-bellvitge-avec-une-tres-bonne-affluence-du-public\/#primaryimage"},"thumbnailUrl":"https:\/\/barcelona.euses.cat\/wp-content\/uploads\/2022\/02\/jpo-19-febrer-5.jpeg","datePublished":"2022-02-21T11:39:10+00:00","author":{"@id":"https:\/\/barcelona.euses.cat\/ca\/#\/schema\/person\/8ab46080dfc4814fa59383db317735bd"},"breadcrumb":{"@id":"https:\/\/barcelona.euses.cat\/fr\/samedi-dernier-la-journee-des-portes-ouvertes-sest-tenue-au-campus-de-bellvitge-avec-une-tres-bonne-affluence-du-public\/#breadcrumb"},"inLanguage":"fr-FR","potentialAction":[{"@type":"ReadAction","target":["https:\/\/barcelona.euses.cat\/fr\/samedi-dernier-la-journee-des-portes-ouvertes-sest-tenue-au-campus-de-bellvitge-avec-une-tres-bonne-affluence-du-public\/"]}]},{"@type":"ImageObject","inLanguage":"fr-FR","@id":"https:\/\/barcelona.euses.cat\/fr\/samedi-dernier-la-journee-des-portes-ouvertes-sest-tenue-au-campus-de-bellvitge-avec-une-tres-bonne-affluence-du-public\/#primaryimage","url":"https:\/\/barcelona.euses.cat\/wp-content\/uploads\/2022\/02\/jpo-19-febrer-5.jpeg","contentUrl":"https:\/\/barcelona.euses.cat\/wp-content\/uploads\/2022\/02\/jpo-19-febrer-5.jpeg","width":2016,"height":1512},{"@type":"BreadcrumbList","@id":"https:\/\/barcelona.euses.cat\/fr\/samedi-dernier-la-journee-des-portes-ouvertes-sest-tenue-au-campus-de-bellvitge-avec-une-tres-bonne-affluence-du-public\/#breadcrumb","itemListElement":[{"@type":"ListItem","position":1,"name":"Portada","item":"https:\/\/barcelona.euses.cat\/fr\/"},{"@type":"ListItem","position":2,"name":"Samedi dernier, la journ\u00e9e des Portes Ouvertes s&rsquo;est tenue au Campus de Bellvitge avec une tr\u00e8s bonne affluence du public"}]},{"@type":"WebSite","@id":"https:\/\/barcelona.euses.cat\/ca\/#website","url":"https:\/\/barcelona.euses.cat\/ca\/","name":"EUSES - Campus de Bellvitge (Barcelona)","description":"EUSES, Ecole Universitaire de Physioth\u00e9rapie Internationale \u00e0 Barcelone","potentialAction":[{"@type":"SearchAction","target":{"@type":"EntryPoint","urlTemplate":"https:\/\/barcelona.euses.cat\/ca\/?s={search_term_string}"},"query-input":{"@type":"PropertyValueSpecification","valueRequired":true,"valueName":"search_term_string"}}],"inLanguage":"fr-FR"},{"@type":"Person","@id":"https:\/\/barcelona.euses.cat\/ca\/#\/schema\/person\/8ab46080dfc4814fa59383db317735bd","name":"Jordi Danes","image":{"@type":"ImageObject","inLanguage":"fr-FR","@id":"https:\/\/secure.gravatar.com\/avatar\/a9e4f443b594af225625ee8cfa665e41b1e0740ea34fbe0515b4ca559f8570ef?s=96&d=mm&r=g","url":"https:\/\/secure.gravatar.com\/avatar\/a9e4f443b594af225625ee8cfa665e41b1e0740ea34fbe0515b4ca559f8570ef?s=96&d=mm&r=g","contentUrl":"https:\/\/secure.gravatar.com\/avatar\/a9e4f443b594af225625ee8cfa665e41b1e0740ea34fbe0515b4ca559f8570ef?s=96&d=mm&r=g","caption":"Jordi Danes"},"url":"https:\/\/barcelona.euses.cat\/fr\/author\/jordi-danes\/"}]}},"_links":{"self":[{"href":"https:\/\/barcelona.euses.cat\/fr\/wp-json\/wp\/v2\/posts\/10610","targetHints":{"allow":["GET"]}}],"collection":[{"href":"https:\/\/barcelona.euses.cat\/fr\/wp-json\/wp\/v2\/posts"}],"about":[{"href":"https:\/\/barcelona.euses.cat\/fr\/wp-json\/wp\/v2\/types\/post"}],"author":[{"embeddable":true,"href":"https:\/\/barcelona.euses.cat\/fr\/wp-json\/wp\/v2\/users\/3"}],"replies":[{"embeddable":true,"href":"https:\/\/barcelona.euses.cat\/fr\/wp-json\/wp\/v2\/comments?post=10610"}],"version-history":[{"count":1,"href":"https:\/\/barcelona.euses.cat\/fr\/wp-json\/wp\/v2\/posts\/10610\/revisions"}],"predecessor-version":[{"id":10611,"href":"https:\/\/barcelona.euses.cat\/fr\/wp-json\/wp\/v2\/posts\/10610\/revisions\/10611"}],"wp:featuredmedia":[{"embeddable":true,"href":"https:\/\/barcelona.euses.cat\/fr\/wp-json\/wp\/v2\/media\/10571"}],"wp:attachment":[{"href":"https:\/\/barcelona.euses.cat\/fr\/wp-json\/wp\/v2\/media?parent=10610"}],"wp:term":[{"taxonomy":"category","embeddable":true,"href":"https:\/\/barcelona.euses.cat\/fr\/wp-json\/wp\/v2\/categories?post=10610"},{"taxonomy":"post_tag","embeddable":true,"href":"https:\/\/barcelona.euses.cat\/fr\/wp-json\/wp\/v2\/tags?post=10610"}],"curies":[{"name":"wp","href":"https:\/\/api.w.org\/{rel}","templated":true}]}}