{"id":10230,"date":"2021-12-15T08:42:38","date_gmt":"2021-12-15T07:42:38","guid":{"rendered":"https:\/\/barcelona.euses.cat\/?p=10230"},"modified":"2021-12-21T11:01:08","modified_gmt":"2021-12-21T10:01:08","slug":"10-ans-deuses-alumni-entretien-avec-sa-directrice-et-fondeatrice-silvia-roche","status":"publish","type":"post","link":"https:\/\/barcelona.euses.cat\/fr\/10-ans-deuses-alumni-entretien-avec-sa-directrice-et-fondeatrice-silvia-roche\/","title":{"rendered":"10 ans d&rsquo;EUSES Alumni: Entretien avec sa directrice et fondeatrice, S\u00edlvia Roche"},"content":{"rendered":"<p><a href=\"https:\/\/www.alumni.euses.cat\/fr\/\" target=\"_blank\" rel=\"noopener noreferrer\">EUSES Alumni<\/a> est n\u00e9 il y a 10 ans le jour d\u2019une conf\u00e9rance \u00e0 laquelle particip\u00e8rent deux cyclistes d&rsquo;\u00e9lite, Michael Barry (alors membre de l&rsquo;\u00e9quipe Sky) et sa femme, Deirdre Dede Barry (m\u00e9daill\u00e9e d&rsquo;argent du contre-la-montre aux Jeux d&rsquo;Ath\u00e8nes en 2004). Ils ont tout deux parrain\u00e9 une association qui est aujourd&rsquo;hui l&rsquo;un des grands atouts d&rsquo;EUSES avec plus de 1 000 membres. S\u00edlvia Roche, fondatrice et directrice, continue de diriger Alumni\u00a0; dans cet entretien interview, elle passe en revue le pass\u00e9, le pr\u00e9sent et l&rsquo;avenir de l&rsquo;association des dipl\u00f4m\u00e9s de l&rsquo;Escola Univesit\u00e0ria de la Salut i l&rsquo;Esport.<\/p>\n<p><strong>Bien que l&rsquo;EUSES avait d\u00e9j\u00e0 ses formations pleinement op\u00e9rationnelles, la section Alumni est n\u00e9e il y a dix ans en partant de z\u00e9ro. O\u00f9 est-il maintenant ? <\/strong><\/p>\n<p>En fait, EUSES Alumni n&rsquo;a \u00e9t\u00e9 cr\u00e9\u00e9 que lorsque EUSES avait d\u00e9j\u00e0 dipl\u00f4m\u00e9 plusieurs promotions. C&rsquo;est \u00e0 ce moment-l\u00e0 que nous avons compris la n\u00e9cessit\u00e9 d&rsquo;avoir une association qui soutiendrait nos dipl\u00f4m\u00e9s dans le d\u00e9veloppement de leur carri\u00e8re professionnelle et qui leur permettrait \u00e9galement de garder le contact avec EUSES. En outre, faire partie d&rsquo;Alumni permet \u00e0 nos associ\u00e9s de maintenir ou d&rsquo;entrer en contact avec d&rsquo;autres dipl\u00f4m\u00e9s, et de cr\u00e9er leur propre r\u00e9seau de contacts, tout en ayant la possibilit\u00e9 de b\u00e9n\u00e9ficier de tous les services que nous leur offrons.<\/p>\n<p><strong>Vous \u00eates directrice depuis la premi\u00e8re minute. Vous souvenez-vous des d\u00e9buts?<\/strong><\/p>\n<p>EUSES Alumni a commenc\u00e9 sa trajectoire au d\u00e9but de l&rsquo;ann\u00e9e acad\u00e9mique 2011\/2012, mais d\u00e8s l&rsquo;ann\u00e9e acad\u00e9mique pr\u00e9c\u00e9dente, nous avions travaill\u00e9 pour pr\u00e9ciser et structurer comment l&rsquo;association devait \u00eatre et les services qu&rsquo;elle devait offrir. En ce sens, nous avons d\u00e9fini le profil de nos \u00e9tudiants et de nos dipl\u00f4m\u00e9s, nous avons pris en compte les formations que nous proposons, et nous avons analys\u00e9 les besoins professionnels que nos membres auraient tout au long de leur carri\u00e8re. Nous avons \u00e9galement consid\u00e9r\u00e9 que plusieurs promotions \u00e9taient d\u00e9j\u00e0 dipl\u00f4m\u00e9es et qu&rsquo;il serait n\u00e9cessaire de prendre contact avec les anciens \u00e9tudiants qui, n&rsquo;\u00e9tant plus \u00e0 l&rsquo;EUSES, n&rsquo;auraient probablement pas eu connaissance de la cr\u00e9ation de l&rsquo;association. Nous avons commenc\u00e9 notre parcours avec deux services de base : une bourse d&#8217;emplois et un service d&rsquo;orientation professionnelle.<\/p>\n<p><strong>Quel est l&rsquo;objectif de l&rsquo;Association des anciens \u00e9l\u00e8ves ?<\/strong><\/p>\n<p>Notre principal objectif est d&rsquo;\u00eatre le point de r\u00e9f\u00e9rence entre l&rsquo;EUSES et tous les dipl\u00f4m\u00e9s de ses trois campus (Salt, Barcelone et Terres de l&rsquo;Ebre). Nous esp\u00e9rons mettre en lien nos associ\u00e9s de mani\u00e8re permanente en tant que membres de la communaut\u00e9 de l&rsquo;EUSES, les accompagner et leur donner des r\u00e9ponses aux pr\u00e9occupations qui se pr\u00e9sentent tout au long de leur d\u00e9veloppement professionnel.<\/p>\n<p><strong>La bourse d&#8217;emploi est-elle la \u00ab\u00a0cerise sur le g\u00e2teau\u00a0\u00bb de votre d\u00e9partement?<\/strong><\/p>\n<p>Nous pouvons le consid\u00e9rer ainsi, dans le sens o\u00f9 c&rsquo;est le service qui, pour nous, est le plus important de tous et auquel, depuis le d\u00e9but, nous avons consacr\u00e9 le plus d&rsquo;efforts et de temps. Actuellement, notre bourse d&#8217;emploi dispose d&rsquo;un large \u00e9ventail d&rsquo;offres, de diff\u00e9rentes disciplines et sp\u00e9cialit\u00e9s, provenant de tout notre territoire ainsi que des pays voisins, comme la France. Il fait \u00e9galement partie du service des carri\u00e8res professionnelles, dans lequel on trouve \u00e9galement le service d&rsquo;orientation professionnelle, le service des ressources et le service pour travailler \u00e0 l&rsquo;\u00e9tranger.<\/p>\n<p><strong>Est-il compl\u00e9t\u00e9 par la \u00ab\u00a0Talent Day\u00a0\u00bb, qui a \u00e9t\u00e9 lanc\u00e9e l&rsquo;ann\u00e9e derni\u00e8re ?<\/strong><\/p>\n<p>En effet, la bourse d&#8217;emploi est pleinement compl\u00e9t\u00e9e par l&rsquo;EUSES Talent Day, qui est le salon de l&#8217;emploi et de l&rsquo;orientation professionnelle de l&rsquo;EUSES et qui se fait dans un format virtuel, ce qui permet aux anciens et aux \u00e9tudiants des trois campus de l&rsquo;EUSES de participer.<\/p>\n<p><strong>Un salon de l&#8217;emploi qui aura une continuit\u00e9&#8230;<\/strong><\/p>\n<p>Oui, nous sommes en train de pr\u00e9parer l&rsquo;\u00e9dition 2022, qui, suite au succ\u00e8s de l&rsquo;ann\u00e9e derni\u00e8re, durera 2 jours et se tiendra les 25 et 26 avril. Cette ann\u00e9e, nous pourrons compter sur davantage de stands d&rsquo;entreprises et de centres qui pr\u00e9senteront leurs offres et nous organiserons \u00e9galement plusieurs conf\u00e9rences et tables rondes. La journ\u00e9e des talents d&rsquo;EUSES renforce notre service de carri\u00e8re professionnelle et nous aide \u00e0 promouvoir la relation avec les entreprises et les centres du secteur, ce qui est tr\u00e8s important pour nous.<\/p>\n<p><strong>Vous coordonnez <\/strong><strong>\u00e9galement le volontariat acad\u00e9mique, peut-\u00eatre l&rsquo;un des \u00e9v\u00e9nements qui donne plus de visibilit\u00e9 \u00e0 EUSES &#8230;..<\/strong><\/p>\n<p>Oui, je partage l&rsquo;opinion selon laquelle le volontariat est l&rsquo;un des \u00e9v\u00e9nements qui donne le plus de visibilit\u00e9 \u00e0 la marque EUSES et qui contribue \u00e9galement \u00e0 faire conna\u00eetre le travail de kin\u00e9sith\u00e9rapeute. Ils sont \u00e9galement tr\u00e8s int\u00e9ressants pour nos anciens \u00e9l\u00e8ves, car ils peuvent participer en tant que tuteurs des \u00e9tudiants. Apr\u00e8s une p\u00e9riode o\u00f9 il a \u00e9t\u00e9 pratiquement impossible de les r\u00e9aliser, depuis septembre dernier, les organisations d&rsquo;\u00e9v\u00e9nements sportifs nous recontactent et demandent notre participation.<\/p>\n<p><strong>Vous organisez <\/strong><strong>\u00e9galement une journ\u00e9e annuelle \u00e0 l&rsquo;automne. Normalement, vous utilisez la formule du professeur interne et de l&rsquo;invit\u00e9 sp\u00e9cial. Dites-nous&#8230;<\/strong><\/p>\n<p>Oui, chaque ann\u00e9e, nous organisons une conf\u00e9rence annuelle en automne sur le campus de Salt et au printemps sur le campus des Terres de l&rsquo;Ebre. Nous avons toujours un invit\u00e9 sp\u00e9cial du monde du sport d&rsquo;\u00e9lite et un professeur interne. Cette journ\u00e9e permet \u00e0 nos anciens \u00e9l\u00e8ves de revenir \u00e0 l&rsquo;EUSES et de rencontrer \u00e0 nouveau leurs anciens professeurs et autres collaborateurs. Cette journ\u00e9e est \u00e9galement l&rsquo;occasion de remettre les prix extraordinaires de l&rsquo;ann\u00e9e acad\u00e9mique pr\u00e9c\u00e9dente.<\/p>\n<p><strong>Au Campus de Salt, la journ\u00e9e des anciens \u00e9l\u00e8ves *EUSES *a eu lieu il y a quelques semaines&#8230;<\/strong><\/p>\n<p>Et nous en avons profit\u00e9 pour changer un peu la formule dans le sens o\u00f9, comme nous c\u00e9l\u00e9brons le 10e anniversaire de la cr\u00e9ation de l&rsquo;association, nous avons consid\u00e9r\u00e9 que les protagonistes devaient \u00eatre nos anciens \u00e9l\u00e8ves. C&rsquo;est pourquoi, lors de la conf\u00e9rence annuelle du campus de Salt, nous avons pu compter sur Mar\u00eda Goretti Font, kin\u00e9sith\u00e9rapeute dipl\u00f4m\u00e9e en 2014, cofondatrice de Gabinet M\u00e8dic Girona et qui a particip\u00e9 aux derniers Jeux Olympiques de Tokyo en tant que kin\u00e9sith\u00e9rapeute pour le Comit\u00e9 olympique canadien ; et Arnau Sacot, dipl\u00f4m\u00e9 en CAFE en 2015, pr\u00e9parateur physique pour B\u00e0squet Girona et professeur du dipl\u00f4me CAFE sur le campus de Salt. Au campus des Terres de l&rsquo;Ebre, nous sommes encore en train de le pr\u00e9parer et les invit\u00e9s seront \u00e9galement des anciens \u00e9l\u00e8ves.<\/p>\n<p><strong>Qu&rsquo;est-ce qu&rsquo;un ancien \u00e9l\u00e8ve peut trouver d&rsquo;autre dans cette section ?<\/strong><\/p>\n<p>En dehors de tout ce que nous avons mentionn\u00e9, il existe un plan d&rsquo;avantages tr\u00e8s \u00e9tendu qui doit \u00eatre utile \u00e0 nos dipl\u00f4m\u00e9s dans l&rsquo;exercice de leur profession. Parmi tous les avantages et les r\u00e9ductions que nos membres peuvent trouver, je mettrais particuli\u00e8rement en avant celui li\u00e9 \u00e0 la formation continue \u00e0 EUSES pour les aider \u00e0 poursuivre leur formation.<\/p>\n<p><strong>Vous avez \u00e9galement votre propre compte sur les r\u00e9seaux sociaux&#8230;<\/strong><\/p>\n<p>Les r\u00e9seaux sociaux nous permettent de communiquer plus directement sur tout ce que nous faisons, et ils constituent un bon canal de communication avec nos anciens \u00e9l\u00e8ves, qui sont nos principaux suiveurs (followers). En ayant nos propres r\u00e9seaux, les contenus ne sont pas m\u00e9lang\u00e9s par rapport \u00e0 tout ce qui peut \u00eatre publi\u00e9 depuis l&rsquo;EUSES, avec un contenu qui est \u00e9videmment davantage destin\u00e9 \u00e0 ses \u00e9tudiants.<\/p>\n<p><strong>Une autre caract\u00e9ristique distinctive est que l&rsquo;inscription \u00e0 *EUSES *Alumni est gratuite alors que dans d&rsquo;autres universit\u00e9s, les <em>Alumni<\/em> paient des frais. Pourquoi cette d\u00e9cision ?<\/strong><\/p>\n<p>EUSES Alumni a \u00e9t\u00e9 cr\u00e9\u00e9 \u00e0 un moment o\u00f9 la pr\u00e9c\u00e9dente crise \u00e9conomique se prolongeait et avec l&rsquo;intention de devenir un service efficace pour nos dipl\u00f4m\u00e9s et nos licenci\u00e9s lorsqu&rsquo;il s&rsquo;agit de trouver un emploi. Pour \u00eatre coh\u00e9rent avec tout cela, EUSES Alumni se devait d&rsquo;\u00eatre gratuit. Et cela a \u00e9t\u00e9 maintenu.<\/p>\n<p><strong>Quels sont les objectifs futurs d&rsquo;EUSES *Alumni ?<\/strong><\/p>\n<p>Les objectifs futurs d&rsquo;EUSES Alumni sont de continuer \u00e0 offrir des services utiles et efficaces \u00e0 nos dipl\u00f4m\u00e9s lors de la recherche d&rsquo;un emploi et dans le d\u00e9veloppement de leur carri\u00e8re professionnelle. C&rsquo;est pourquoi nous am\u00e9liorons et d\u00e9veloppons constamment les services que nous offrons \u00e0 nos membres et les adaptons en fonction de l&rsquo;\u00e9volution du march\u00e9 du travail et du march\u00e9 professionnel.<\/p>\n<p><a href=\"https:\/\/www.alumni.euses.cat\/fr\/acces?view=registration\" target=\"_blank\" rel=\"noopener noreferrer\">INSCRIS-TOI \u00c0 EUSES ALUMNI<\/a><\/p>\n","protected":false},"excerpt":{"rendered":"<p>EUSES Alumni est n\u00e9 il y a 10 ans le jour d\u2019une conf\u00e9rance \u00e0 laquelle particip\u00e8rent deux cyclistes d&rsquo;\u00e9lite, Michael Barry (alors membre de l&rsquo;\u00e9quipe Sky) et sa femme, Deirdre Dede Barry (m\u00e9daill\u00e9e d&rsquo;argent du contre-la-montre aux Jeux d&rsquo;Ath\u00e8nes en 2004). Ils ont tout deux parrain\u00e9 une association qui est aujourd&rsquo;hui l&rsquo;un des grands atouts [&hellip;]<\/p>\n","protected":false},"author":3,"featured_media":10224,"comment_status":"open","ping_status":"closed","sticky":false,"template":"","format":"standard","meta":{"_acf_changed":false,"inline_featured_image":false,"_joinchat":[],"footnotes":""},"categories":[3],"tags":[],"class_list":["post-10230","post","type-post","status-publish","format-standard","has-post-thumbnail","hentry","category-non-classifiee"],"acf":[],"yoast_head":"<!-- This site is optimized with the Yoast SEO plugin v27.4 - https:\/\/yoast.com\/product\/yoast-seo-wordpress\/ -->\n<title>10 ans d&#039;EUSES Alumni: Entretien avec sa directrice et fondeatrice, S\u00edlvia Roche | EUSES - Campus de Bellvitge (Barcelona)<\/title>\n<meta name=\"robots\" content=\"index, follow, max-snippet:-1, max-image-preview:large, max-video-preview:-1\" \/>\n<link rel=\"canonical\" href=\"https:\/\/barcelona.euses.cat\/fr\/10-ans-deuses-alumni-entretien-avec-sa-directrice-et-fondeatrice-silvia-roche\/\" \/>\n<meta property=\"og:locale\" content=\"fr_FR\" \/>\n<meta property=\"og:type\" content=\"article\" \/>\n<meta property=\"og:title\" content=\"10 ans d&#039;EUSES Alumni: Entretien avec sa directrice et fondeatrice, S\u00edlvia Roche | EUSES - Campus de Bellvitge (Barcelona)\" \/>\n<meta property=\"og:description\" content=\"EUSES Alumni est n\u00e9 il y a 10 ans le jour d\u2019une conf\u00e9rance \u00e0 laquelle particip\u00e8rent deux cyclistes d&rsquo;\u00e9lite, Michael Barry (alors membre de l&rsquo;\u00e9quipe Sky) et sa femme, Deirdre Dede Barry (m\u00e9daill\u00e9e d&rsquo;argent du contre-la-montre aux Jeux d&rsquo;Ath\u00e8nes en 2004). Ils ont tout deux parrain\u00e9 une association qui est aujourd&rsquo;hui l&rsquo;un des grands atouts [&hellip;]\" \/>\n<meta property=\"og:url\" content=\"https:\/\/barcelona.euses.cat\/fr\/10-ans-deuses-alumni-entretien-avec-sa-directrice-et-fondeatrice-silvia-roche\/\" \/>\n<meta property=\"og:site_name\" content=\"EUSES - Campus de Bellvitge (Barcelona)\" \/>\n<meta property=\"article:publisher\" content=\"https:\/\/www.facebook.com\/PhysioBCN\/\" \/>\n<meta property=\"article:published_time\" content=\"2021-12-15T07:42:38+00:00\" \/>\n<meta property=\"article:modified_time\" content=\"2021-12-21T10:01:08+00:00\" \/>\n<meta property=\"og:image\" content=\"https:\/\/barcelona.euses.cat\/wp-content\/uploads\/2021\/12\/silvia-roche-4.jpeg\" \/>\n\t<meta property=\"og:image:width\" content=\"1388\" \/>\n\t<meta property=\"og:image:height\" content=\"1045\" \/>\n\t<meta property=\"og:image:type\" content=\"image\/jpeg\" \/>\n<meta name=\"author\" content=\"Jordi Danes\" \/>\n<meta name=\"twitter:card\" content=\"summary_large_image\" \/>\n<meta name=\"twitter:label1\" content=\"\u00c9crit par\" \/>\n\t<meta name=\"twitter:data1\" content=\"Jordi Danes\" \/>\n\t<meta name=\"twitter:label2\" content=\"Dur\u00e9e de lecture estim\u00e9e\" \/>\n\t<meta name=\"twitter:data2\" content=\"7 minutes\" \/>\n<script type=\"application\/ld+json\" class=\"yoast-schema-graph\">{\"@context\":\"https:\\\/\\\/schema.org\",\"@graph\":[{\"@type\":\"Article\",\"@id\":\"https:\\\/\\\/barcelona.euses.cat\\\/fr\\\/10-ans-deuses-alumni-entretien-avec-sa-directrice-et-fondeatrice-silvia-roche\\\/#article\",\"isPartOf\":{\"@id\":\"https:\\\/\\\/barcelona.euses.cat\\\/fr\\\/10-ans-deuses-alumni-entretien-avec-sa-directrice-et-fondeatrice-silvia-roche\\\/\"},\"author\":{\"name\":\"Jordi Danes\",\"@id\":\"https:\\\/\\\/barcelona.euses.cat\\\/ca\\\/#\\\/schema\\\/person\\\/8ab46080dfc4814fa59383db317735bd\"},\"headline\":\"10 ans d&rsquo;EUSES Alumni: Entretien avec sa directrice et fondeatrice, S\u00edlvia Roche\",\"datePublished\":\"2021-12-15T07:42:38+00:00\",\"dateModified\":\"2021-12-21T10:01:08+00:00\",\"mainEntityOfPage\":{\"@id\":\"https:\\\/\\\/barcelona.euses.cat\\\/fr\\\/10-ans-deuses-alumni-entretien-avec-sa-directrice-et-fondeatrice-silvia-roche\\\/\"},\"wordCount\":1541,\"commentCount\":0,\"image\":{\"@id\":\"https:\\\/\\\/barcelona.euses.cat\\\/fr\\\/10-ans-deuses-alumni-entretien-avec-sa-directrice-et-fondeatrice-silvia-roche\\\/#primaryimage\"},\"thumbnailUrl\":\"https:\\\/\\\/barcelona.euses.cat\\\/wp-content\\\/uploads\\\/2021\\\/12\\\/silvia-roche-4.jpeg\",\"articleSection\":[\"Non classifi\u00e9(e)\"],\"inLanguage\":\"fr-FR\"},{\"@type\":\"WebPage\",\"@id\":\"https:\\\/\\\/barcelona.euses.cat\\\/fr\\\/10-ans-deuses-alumni-entretien-avec-sa-directrice-et-fondeatrice-silvia-roche\\\/\",\"url\":\"https:\\\/\\\/barcelona.euses.cat\\\/fr\\\/10-ans-deuses-alumni-entretien-avec-sa-directrice-et-fondeatrice-silvia-roche\\\/\",\"name\":\"10 ans d'EUSES Alumni: Entretien avec sa directrice et fondeatrice, S\u00edlvia Roche | EUSES - Campus de Bellvitge (Barcelona)\",\"isPartOf\":{\"@id\":\"https:\\\/\\\/barcelona.euses.cat\\\/ca\\\/#website\"},\"primaryImageOfPage\":{\"@id\":\"https:\\\/\\\/barcelona.euses.cat\\\/fr\\\/10-ans-deuses-alumni-entretien-avec-sa-directrice-et-fondeatrice-silvia-roche\\\/#primaryimage\"},\"image\":{\"@id\":\"https:\\\/\\\/barcelona.euses.cat\\\/fr\\\/10-ans-deuses-alumni-entretien-avec-sa-directrice-et-fondeatrice-silvia-roche\\\/#primaryimage\"},\"thumbnailUrl\":\"https:\\\/\\\/barcelona.euses.cat\\\/wp-content\\\/uploads\\\/2021\\\/12\\\/silvia-roche-4.jpeg\",\"datePublished\":\"2021-12-15T07:42:38+00:00\",\"dateModified\":\"2021-12-21T10:01:08+00:00\",\"author\":{\"@id\":\"https:\\\/\\\/barcelona.euses.cat\\\/ca\\\/#\\\/schema\\\/person\\\/8ab46080dfc4814fa59383db317735bd\"},\"breadcrumb\":{\"@id\":\"https:\\\/\\\/barcelona.euses.cat\\\/fr\\\/10-ans-deuses-alumni-entretien-avec-sa-directrice-et-fondeatrice-silvia-roche\\\/#breadcrumb\"},\"inLanguage\":\"fr-FR\",\"potentialAction\":[{\"@type\":\"ReadAction\",\"target\":[\"https:\\\/\\\/barcelona.euses.cat\\\/fr\\\/10-ans-deuses-alumni-entretien-avec-sa-directrice-et-fondeatrice-silvia-roche\\\/\"]}]},{\"@type\":\"ImageObject\",\"inLanguage\":\"fr-FR\",\"@id\":\"https:\\\/\\\/barcelona.euses.cat\\\/fr\\\/10-ans-deuses-alumni-entretien-avec-sa-directrice-et-fondeatrice-silvia-roche\\\/#primaryimage\",\"url\":\"https:\\\/\\\/barcelona.euses.cat\\\/wp-content\\\/uploads\\\/2021\\\/12\\\/silvia-roche-4.jpeg\",\"contentUrl\":\"https:\\\/\\\/barcelona.euses.cat\\\/wp-content\\\/uploads\\\/2021\\\/12\\\/silvia-roche-4.jpeg\",\"width\":1388,\"height\":1045},{\"@type\":\"BreadcrumbList\",\"@id\":\"https:\\\/\\\/barcelona.euses.cat\\\/fr\\\/10-ans-deuses-alumni-entretien-avec-sa-directrice-et-fondeatrice-silvia-roche\\\/#breadcrumb\",\"itemListElement\":[{\"@type\":\"ListItem\",\"position\":1,\"name\":\"Portada\",\"item\":\"https:\\\/\\\/barcelona.euses.cat\\\/fr\\\/\"},{\"@type\":\"ListItem\",\"position\":2,\"name\":\"10 ans d&rsquo;EUSES Alumni: Entretien avec sa directrice et fondeatrice, S\u00edlvia Roche\"}]},{\"@type\":\"WebSite\",\"@id\":\"https:\\\/\\\/barcelona.euses.cat\\\/ca\\\/#website\",\"url\":\"https:\\\/\\\/barcelona.euses.cat\\\/ca\\\/\",\"name\":\"EUSES - Campus de Bellvitge (Barcelona)\",\"description\":\"EUSES, Ecole Universitaire de Physioth\u00e9rapie Internationale \u00e0 Barcelone\",\"potentialAction\":[{\"@type\":\"SearchAction\",\"target\":{\"@type\":\"EntryPoint\",\"urlTemplate\":\"https:\\\/\\\/barcelona.euses.cat\\\/ca\\\/?s={search_term_string}\"},\"query-input\":{\"@type\":\"PropertyValueSpecification\",\"valueRequired\":true,\"valueName\":\"search_term_string\"}}],\"inLanguage\":\"fr-FR\"},{\"@type\":\"Person\",\"@id\":\"https:\\\/\\\/barcelona.euses.cat\\\/ca\\\/#\\\/schema\\\/person\\\/8ab46080dfc4814fa59383db317735bd\",\"name\":\"Jordi Danes\",\"image\":{\"@type\":\"ImageObject\",\"inLanguage\":\"fr-FR\",\"@id\":\"https:\\\/\\\/secure.gravatar.com\\\/avatar\\\/a9e4f443b594af225625ee8cfa665e41b1e0740ea34fbe0515b4ca559f8570ef?s=96&d=mm&r=g\",\"url\":\"https:\\\/\\\/secure.gravatar.com\\\/avatar\\\/a9e4f443b594af225625ee8cfa665e41b1e0740ea34fbe0515b4ca559f8570ef?s=96&d=mm&r=g\",\"contentUrl\":\"https:\\\/\\\/secure.gravatar.com\\\/avatar\\\/a9e4f443b594af225625ee8cfa665e41b1e0740ea34fbe0515b4ca559f8570ef?s=96&d=mm&r=g\",\"caption\":\"Jordi Danes\"},\"url\":\"https:\\\/\\\/barcelona.euses.cat\\\/fr\\\/author\\\/jordi-danes\\\/\"}]}<\/script>\n<!-- \/ Yoast SEO plugin. -->","yoast_head_json":{"title":"10 ans d'EUSES Alumni: Entretien avec sa directrice et fondeatrice, S\u00edlvia Roche | EUSES - Campus de Bellvitge (Barcelona)","robots":{"index":"index","follow":"follow","max-snippet":"max-snippet:-1","max-image-preview":"max-image-preview:large","max-video-preview":"max-video-preview:-1"},"canonical":"https:\/\/barcelona.euses.cat\/fr\/10-ans-deuses-alumni-entretien-avec-sa-directrice-et-fondeatrice-silvia-roche\/","og_locale":"fr_FR","og_type":"article","og_title":"10 ans d'EUSES Alumni: Entretien avec sa directrice et fondeatrice, S\u00edlvia Roche | EUSES - Campus de Bellvitge (Barcelona)","og_description":"EUSES Alumni est n\u00e9 il y a 10 ans le jour d\u2019une conf\u00e9rance \u00e0 laquelle particip\u00e8rent deux cyclistes d&rsquo;\u00e9lite, Michael Barry (alors membre de l&rsquo;\u00e9quipe Sky) et sa femme, Deirdre Dede Barry (m\u00e9daill\u00e9e d&rsquo;argent du contre-la-montre aux Jeux d&rsquo;Ath\u00e8nes en 2004). Ils ont tout deux parrain\u00e9 une association qui est aujourd&rsquo;hui l&rsquo;un des grands atouts [&hellip;]","og_url":"https:\/\/barcelona.euses.cat\/fr\/10-ans-deuses-alumni-entretien-avec-sa-directrice-et-fondeatrice-silvia-roche\/","og_site_name":"EUSES - Campus de Bellvitge (Barcelona)","article_publisher":"https:\/\/www.facebook.com\/PhysioBCN\/","article_published_time":"2021-12-15T07:42:38+00:00","article_modified_time":"2021-12-21T10:01:08+00:00","og_image":[{"width":1388,"height":1045,"url":"https:\/\/barcelona.euses.cat\/wp-content\/uploads\/2021\/12\/silvia-roche-4.jpeg","type":"image\/jpeg"}],"author":"Jordi Danes","twitter_card":"summary_large_image","twitter_misc":{"\u00c9crit par":"Jordi Danes","Dur\u00e9e de lecture estim\u00e9e":"7 minutes"},"schema":{"@context":"https:\/\/schema.org","@graph":[{"@type":"Article","@id":"https:\/\/barcelona.euses.cat\/fr\/10-ans-deuses-alumni-entretien-avec-sa-directrice-et-fondeatrice-silvia-roche\/#article","isPartOf":{"@id":"https:\/\/barcelona.euses.cat\/fr\/10-ans-deuses-alumni-entretien-avec-sa-directrice-et-fondeatrice-silvia-roche\/"},"author":{"name":"Jordi Danes","@id":"https:\/\/barcelona.euses.cat\/ca\/#\/schema\/person\/8ab46080dfc4814fa59383db317735bd"},"headline":"10 ans d&rsquo;EUSES Alumni: Entretien avec sa directrice et fondeatrice, S\u00edlvia Roche","datePublished":"2021-12-15T07:42:38+00:00","dateModified":"2021-12-21T10:01:08+00:00","mainEntityOfPage":{"@id":"https:\/\/barcelona.euses.cat\/fr\/10-ans-deuses-alumni-entretien-avec-sa-directrice-et-fondeatrice-silvia-roche\/"},"wordCount":1541,"commentCount":0,"image":{"@id":"https:\/\/barcelona.euses.cat\/fr\/10-ans-deuses-alumni-entretien-avec-sa-directrice-et-fondeatrice-silvia-roche\/#primaryimage"},"thumbnailUrl":"https:\/\/barcelona.euses.cat\/wp-content\/uploads\/2021\/12\/silvia-roche-4.jpeg","articleSection":["Non classifi\u00e9(e)"],"inLanguage":"fr-FR"},{"@type":"WebPage","@id":"https:\/\/barcelona.euses.cat\/fr\/10-ans-deuses-alumni-entretien-avec-sa-directrice-et-fondeatrice-silvia-roche\/","url":"https:\/\/barcelona.euses.cat\/fr\/10-ans-deuses-alumni-entretien-avec-sa-directrice-et-fondeatrice-silvia-roche\/","name":"10 ans d'EUSES Alumni: Entretien avec sa directrice et fondeatrice, S\u00edlvia Roche | EUSES - Campus de Bellvitge (Barcelona)","isPartOf":{"@id":"https:\/\/barcelona.euses.cat\/ca\/#website"},"primaryImageOfPage":{"@id":"https:\/\/barcelona.euses.cat\/fr\/10-ans-deuses-alumni-entretien-avec-sa-directrice-et-fondeatrice-silvia-roche\/#primaryimage"},"image":{"@id":"https:\/\/barcelona.euses.cat\/fr\/10-ans-deuses-alumni-entretien-avec-sa-directrice-et-fondeatrice-silvia-roche\/#primaryimage"},"thumbnailUrl":"https:\/\/barcelona.euses.cat\/wp-content\/uploads\/2021\/12\/silvia-roche-4.jpeg","datePublished":"2021-12-15T07:42:38+00:00","dateModified":"2021-12-21T10:01:08+00:00","author":{"@id":"https:\/\/barcelona.euses.cat\/ca\/#\/schema\/person\/8ab46080dfc4814fa59383db317735bd"},"breadcrumb":{"@id":"https:\/\/barcelona.euses.cat\/fr\/10-ans-deuses-alumni-entretien-avec-sa-directrice-et-fondeatrice-silvia-roche\/#breadcrumb"},"inLanguage":"fr-FR","potentialAction":[{"@type":"ReadAction","target":["https:\/\/barcelona.euses.cat\/fr\/10-ans-deuses-alumni-entretien-avec-sa-directrice-et-fondeatrice-silvia-roche\/"]}]},{"@type":"ImageObject","inLanguage":"fr-FR","@id":"https:\/\/barcelona.euses.cat\/fr\/10-ans-deuses-alumni-entretien-avec-sa-directrice-et-fondeatrice-silvia-roche\/#primaryimage","url":"https:\/\/barcelona.euses.cat\/wp-content\/uploads\/2021\/12\/silvia-roche-4.jpeg","contentUrl":"https:\/\/barcelona.euses.cat\/wp-content\/uploads\/2021\/12\/silvia-roche-4.jpeg","width":1388,"height":1045},{"@type":"BreadcrumbList","@id":"https:\/\/barcelona.euses.cat\/fr\/10-ans-deuses-alumni-entretien-avec-sa-directrice-et-fondeatrice-silvia-roche\/#breadcrumb","itemListElement":[{"@type":"ListItem","position":1,"name":"Portada","item":"https:\/\/barcelona.euses.cat\/fr\/"},{"@type":"ListItem","position":2,"name":"10 ans d&rsquo;EUSES Alumni: Entretien avec sa directrice et fondeatrice, S\u00edlvia Roche"}]},{"@type":"WebSite","@id":"https:\/\/barcelona.euses.cat\/ca\/#website","url":"https:\/\/barcelona.euses.cat\/ca\/","name":"EUSES - Campus de Bellvitge (Barcelona)","description":"EUSES, Ecole Universitaire de Physioth\u00e9rapie Internationale \u00e0 Barcelone","potentialAction":[{"@type":"SearchAction","target":{"@type":"EntryPoint","urlTemplate":"https:\/\/barcelona.euses.cat\/ca\/?s={search_term_string}"},"query-input":{"@type":"PropertyValueSpecification","valueRequired":true,"valueName":"search_term_string"}}],"inLanguage":"fr-FR"},{"@type":"Person","@id":"https:\/\/barcelona.euses.cat\/ca\/#\/schema\/person\/8ab46080dfc4814fa59383db317735bd","name":"Jordi Danes","image":{"@type":"ImageObject","inLanguage":"fr-FR","@id":"https:\/\/secure.gravatar.com\/avatar\/a9e4f443b594af225625ee8cfa665e41b1e0740ea34fbe0515b4ca559f8570ef?s=96&d=mm&r=g","url":"https:\/\/secure.gravatar.com\/avatar\/a9e4f443b594af225625ee8cfa665e41b1e0740ea34fbe0515b4ca559f8570ef?s=96&d=mm&r=g","contentUrl":"https:\/\/secure.gravatar.com\/avatar\/a9e4f443b594af225625ee8cfa665e41b1e0740ea34fbe0515b4ca559f8570ef?s=96&d=mm&r=g","caption":"Jordi Danes"},"url":"https:\/\/barcelona.euses.cat\/fr\/author\/jordi-danes\/"}]}},"_links":{"self":[{"href":"https:\/\/barcelona.euses.cat\/fr\/wp-json\/wp\/v2\/posts\/10230","targetHints":{"allow":["GET"]}}],"collection":[{"href":"https:\/\/barcelona.euses.cat\/fr\/wp-json\/wp\/v2\/posts"}],"about":[{"href":"https:\/\/barcelona.euses.cat\/fr\/wp-json\/wp\/v2\/types\/post"}],"author":[{"embeddable":true,"href":"https:\/\/barcelona.euses.cat\/fr\/wp-json\/wp\/v2\/users\/3"}],"replies":[{"embeddable":true,"href":"https:\/\/barcelona.euses.cat\/fr\/wp-json\/wp\/v2\/comments?post=10230"}],"version-history":[{"count":2,"href":"https:\/\/barcelona.euses.cat\/fr\/wp-json\/wp\/v2\/posts\/10230\/revisions"}],"predecessor-version":[{"id":10274,"href":"https:\/\/barcelona.euses.cat\/fr\/wp-json\/wp\/v2\/posts\/10230\/revisions\/10274"}],"wp:featuredmedia":[{"embeddable":true,"href":"https:\/\/barcelona.euses.cat\/fr\/wp-json\/wp\/v2\/media\/10224"}],"wp:attachment":[{"href":"https:\/\/barcelona.euses.cat\/fr\/wp-json\/wp\/v2\/media?parent=10230"}],"wp:term":[{"taxonomy":"category","embeddable":true,"href":"https:\/\/barcelona.euses.cat\/fr\/wp-json\/wp\/v2\/categories?post=10230"},{"taxonomy":"post_tag","embeddable":true,"href":"https:\/\/barcelona.euses.cat\/fr\/wp-json\/wp\/v2\/tags?post=10230"}],"curies":[{"name":"wp","href":"https:\/\/api.w.org\/{rel}","templated":true}]}}