{"id":10009,"date":"2021-06-29T10:13:22","date_gmt":"2021-06-29T08:13:22","guid":{"rendered":"https:\/\/barcelona.euses.cat\/?p=10009"},"modified":"2021-06-30T11:36:45","modified_gmt":"2021-06-30T09:36:45","slug":"realisation-de-la-ceremonie-de-remise-de-diplomes-de-la-promotion-2017-2021","status":"publish","type":"post","link":"https:\/\/barcelona.euses.cat\/fr\/realisation-de-la-ceremonie-de-remise-de-diplomes-de-la-promotion-2017-2021\/","title":{"rendered":"R\u00e9alisation de la c\u00e9r\u00e9monie de remise de dipl\u00f4mes de la promotion 2017\/2021"},"content":{"rendered":"<p>Lundi dernier a eu lieu la c\u00e9r\u00e9monie de remise des dipl\u00f4mes de la troisi\u00e8me promotion de la Licence en Kin\u00e9sith\u00e9rapie Internationale (UdG-UB) avec la pr\u00e9sence de 25 \u00e9tudiants qui ont achev\u00e9 le cycle d&rsquo;\u00e9tudes de quatre ans au Campus de Bellvitge. La c\u00e9r\u00e9monie de remise de dipl\u00f4mes a eu lieu \u00e0 l&rsquo;auditorium du Pavillon du Gouvernement de l&rsquo;Universit\u00e9 de Barcelone, sur le Campus de Bellvitge. Le directeur acad\u00e9mique de l&rsquo;EUSES-UdG et directeur de la qualit\u00e9 de l&rsquo;ENTI-UB, M. Rafel Magriny\u00e0, a ouvert et cl\u00f4tur\u00e9 un acte qui a \u00e9galement compt\u00e9 avec la participation du directeur acad\u00e9mique de l&rsquo;ENTI-UB, le Dr \u00d2scar Garcia, et du directeur du dipl\u00f4me de kin\u00e9sith\u00e9rapie, le Dr Gerard Mu\u00f1oz. Apr\u00e8s la remise de dipl\u00f4mes aux \u00e9tudants dipl\u00f4m\u00e9s, M.Victor Choux et M.\u00d2scar Roig se sont adress\u00e9s aux personnes pr\u00e9sentes en tant que repr\u00e9sentants des \u00e9tudiants de la promotion 2017\/21. La c\u00e9r\u00e9monie s&rsquo;est termin\u00e9e par le chant traditionnel de l&rsquo;hymne universitaire Gaudeamus Igitur.<\/p>\n<p><a href=\"https:\/\/www.facebook.com\/media\/set\/?vanity=EUSESoficial&amp;set=a.1807255026122487\" target=\"_blank\" rel=\"noopener noreferrer\">TOUTES LES PHOTOS DE LA C\u00c9R\u00c9MONIE DE REMISE DES DIPL\u00d4MES<\/a><\/p>\n\n\t\t<style type=\"text\/css\">\n\t\t\t#gallery-1 {\n\t\t\t\tmargin: auto;\n\t\t\t}\n\t\t\t#gallery-1 .gallery-item {\n\t\t\t\tfloat: left;\n\t\t\t\tmargin-top: 10px;\n\t\t\t\ttext-align: center;\n\t\t\t\twidth: 33%;\n\t\t\t}\n\t\t\t#gallery-1 img {\n\t\t\t\tborder: 2px solid #cfcfcf;\n\t\t\t}\n\t\t\t#gallery-1 .gallery-caption {\n\t\t\t\tmargin-left: 0;\n\t\t\t}\n\t\t\t\/* see gallery_shortcode() in wp-includes\/media.php *\/\n\t\t<\/style>\n\t\t<div id='gallery-1' class='gallery galleryid-10009 gallery-columns-3 gallery-size-medium'><dl class='gallery-item'>\n\t\t\t<dt class='gallery-icon landscape'>\n\t\t\t\t<a href='https:\/\/barcelona.euses.cat\/fr\/realisation-de-la-ceremonie-de-remise-de-diplomes-de-la-promotion-2017-2021\/21023-019-2\/'><img fetchpriority=\"high\" decoding=\"async\" width=\"300\" height=\"200\" src=\"https:\/\/barcelona.euses.cat\/wp-content\/uploads\/2021\/06\/21023-019-300x200.jpg\" class=\"attachment-medium size-medium\" alt=\"\" srcset=\"https:\/\/barcelona.euses.cat\/wp-content\/uploads\/2021\/06\/21023-019-300x200.jpg 300w, https:\/\/barcelona.euses.cat\/wp-content\/uploads\/2021\/06\/21023-019-1024x684.jpg 1024w, https:\/\/barcelona.euses.cat\/wp-content\/uploads\/2021\/06\/21023-019-768x513.jpg 768w, https:\/\/barcelona.euses.cat\/wp-content\/uploads\/2021\/06\/21023-019-1536x1025.jpg 1536w, https:\/\/barcelona.euses.cat\/wp-content\/uploads\/2021\/06\/21023-019-2048x1367.jpg 2048w, https:\/\/barcelona.euses.cat\/wp-content\/uploads\/2021\/06\/21023-019-400x267.jpg 400w\" sizes=\"(max-width: 300px) 100vw, 300px\" \/><\/a>\n\t\t\t<\/dt><\/dl><dl class='gallery-item'>\n\t\t\t<dt class='gallery-icon landscape'>\n\t\t\t\t<a href='https:\/\/barcelona.euses.cat\/fr\/realisation-de-la-ceremonie-de-remise-de-diplomes-de-la-promotion-2017-2021\/21023-023-2\/'><img decoding=\"async\" width=\"300\" height=\"200\" src=\"https:\/\/barcelona.euses.cat\/wp-content\/uploads\/2021\/06\/21023-023-300x200.jpg\" class=\"attachment-medium size-medium\" alt=\"\" srcset=\"https:\/\/barcelona.euses.cat\/wp-content\/uploads\/2021\/06\/21023-023-300x200.jpg 300w, https:\/\/barcelona.euses.cat\/wp-content\/uploads\/2021\/06\/21023-023-1024x684.jpg 1024w, https:\/\/barcelona.euses.cat\/wp-content\/uploads\/2021\/06\/21023-023-768x513.jpg 768w, https:\/\/barcelona.euses.cat\/wp-content\/uploads\/2021\/06\/21023-023-1536x1025.jpg 1536w, https:\/\/barcelona.euses.cat\/wp-content\/uploads\/2021\/06\/21023-023-2048x1367.jpg 2048w, https:\/\/barcelona.euses.cat\/wp-content\/uploads\/2021\/06\/21023-023-400x267.jpg 400w\" sizes=\"(max-width: 300px) 100vw, 300px\" \/><\/a>\n\t\t\t<\/dt><\/dl><dl class='gallery-item'>\n\t\t\t<dt class='gallery-icon landscape'>\n\t\t\t\t<a href='https:\/\/barcelona.euses.cat\/fr\/realisation-de-la-ceremonie-de-remise-de-diplomes-de-la-promotion-2017-2021\/21023-027-2\/'><img decoding=\"async\" width=\"300\" height=\"200\" src=\"https:\/\/barcelona.euses.cat\/wp-content\/uploads\/2021\/06\/21023-027-300x200.jpg\" class=\"attachment-medium size-medium\" alt=\"\" srcset=\"https:\/\/barcelona.euses.cat\/wp-content\/uploads\/2021\/06\/21023-027-300x200.jpg 300w, https:\/\/barcelona.euses.cat\/wp-content\/uploads\/2021\/06\/21023-027-1024x684.jpg 1024w, https:\/\/barcelona.euses.cat\/wp-content\/uploads\/2021\/06\/21023-027-768x513.jpg 768w, https:\/\/barcelona.euses.cat\/wp-content\/uploads\/2021\/06\/21023-027-1536x1025.jpg 1536w, https:\/\/barcelona.euses.cat\/wp-content\/uploads\/2021\/06\/21023-027-2048x1367.jpg 2048w, https:\/\/barcelona.euses.cat\/wp-content\/uploads\/2021\/06\/21023-027-400x267.jpg 400w\" sizes=\"(max-width: 300px) 100vw, 300px\" \/><\/a>\n\t\t\t<\/dt><\/dl><br style=\"clear: both\" \/><dl class='gallery-item'>\n\t\t\t<dt class='gallery-icon landscape'>\n\t\t\t\t<a href='https:\/\/barcelona.euses.cat\/fr\/realisation-de-la-ceremonie-de-remise-de-diplomes-de-la-promotion-2017-2021\/21023-056-2\/'><img loading=\"lazy\" decoding=\"async\" width=\"300\" height=\"200\" src=\"https:\/\/barcelona.euses.cat\/wp-content\/uploads\/2021\/06\/21023-056-300x200.jpg\" class=\"attachment-medium size-medium\" alt=\"\" srcset=\"https:\/\/barcelona.euses.cat\/wp-content\/uploads\/2021\/06\/21023-056-300x200.jpg 300w, https:\/\/barcelona.euses.cat\/wp-content\/uploads\/2021\/06\/21023-056-1024x684.jpg 1024w, https:\/\/barcelona.euses.cat\/wp-content\/uploads\/2021\/06\/21023-056-768x513.jpg 768w, https:\/\/barcelona.euses.cat\/wp-content\/uploads\/2021\/06\/21023-056-1536x1025.jpg 1536w, https:\/\/barcelona.euses.cat\/wp-content\/uploads\/2021\/06\/21023-056-2048x1367.jpg 2048w, https:\/\/barcelona.euses.cat\/wp-content\/uploads\/2021\/06\/21023-056-400x267.jpg 400w\" sizes=\"(max-width: 300px) 100vw, 300px\" \/><\/a>\n\t\t\t<\/dt><\/dl><dl class='gallery-item'>\n\t\t\t<dt class='gallery-icon landscape'>\n\t\t\t\t<a href='https:\/\/barcelona.euses.cat\/fr\/realisation-de-la-ceremonie-de-remise-de-diplomes-de-la-promotion-2017-2021\/21023-060-2\/'><img loading=\"lazy\" decoding=\"async\" width=\"300\" height=\"200\" src=\"https:\/\/barcelona.euses.cat\/wp-content\/uploads\/2021\/06\/21023-060-300x200.jpg\" class=\"attachment-medium size-medium\" alt=\"\" srcset=\"https:\/\/barcelona.euses.cat\/wp-content\/uploads\/2021\/06\/21023-060-300x200.jpg 300w, https:\/\/barcelona.euses.cat\/wp-content\/uploads\/2021\/06\/21023-060-1024x684.jpg 1024w, https:\/\/barcelona.euses.cat\/wp-content\/uploads\/2021\/06\/21023-060-768x513.jpg 768w, https:\/\/barcelona.euses.cat\/wp-content\/uploads\/2021\/06\/21023-060-1536x1025.jpg 1536w, https:\/\/barcelona.euses.cat\/wp-content\/uploads\/2021\/06\/21023-060-2048x1367.jpg 2048w, https:\/\/barcelona.euses.cat\/wp-content\/uploads\/2021\/06\/21023-060-400x267.jpg 400w\" sizes=\"(max-width: 300px) 100vw, 300px\" \/><\/a>\n\t\t\t<\/dt><\/dl><dl class='gallery-item'>\n\t\t\t<dt class='gallery-icon landscape'>\n\t\t\t\t<a href='https:\/\/barcelona.euses.cat\/fr\/realisation-de-la-ceremonie-de-remise-de-diplomes-de-la-promotion-2017-2021\/21023-062-2\/'><img loading=\"lazy\" decoding=\"async\" width=\"300\" height=\"200\" src=\"https:\/\/barcelona.euses.cat\/wp-content\/uploads\/2021\/06\/21023-062-300x200.jpg\" class=\"attachment-medium size-medium\" alt=\"\" srcset=\"https:\/\/barcelona.euses.cat\/wp-content\/uploads\/2021\/06\/21023-062-300x200.jpg 300w, https:\/\/barcelona.euses.cat\/wp-content\/uploads\/2021\/06\/21023-062-1024x684.jpg 1024w, https:\/\/barcelona.euses.cat\/wp-content\/uploads\/2021\/06\/21023-062-768x513.jpg 768w, https:\/\/barcelona.euses.cat\/wp-content\/uploads\/2021\/06\/21023-062-1536x1025.jpg 1536w, https:\/\/barcelona.euses.cat\/wp-content\/uploads\/2021\/06\/21023-062-2048x1367.jpg 2048w, https:\/\/barcelona.euses.cat\/wp-content\/uploads\/2021\/06\/21023-062-400x267.jpg 400w\" sizes=\"(max-width: 300px) 100vw, 300px\" \/><\/a>\n\t\t\t<\/dt><\/dl><br style=\"clear: both\" \/><dl class='gallery-item'>\n\t\t\t<dt class='gallery-icon landscape'>\n\t\t\t\t<a href='https:\/\/barcelona.euses.cat\/fr\/realisation-de-la-ceremonie-de-remise-de-diplomes-de-la-promotion-2017-2021\/21023-094-2\/'><img loading=\"lazy\" decoding=\"async\" width=\"300\" height=\"200\" src=\"https:\/\/barcelona.euses.cat\/wp-content\/uploads\/2021\/06\/21023-094-300x200.jpg\" class=\"attachment-medium size-medium\" alt=\"\" srcset=\"https:\/\/barcelona.euses.cat\/wp-content\/uploads\/2021\/06\/21023-094-300x200.jpg 300w, https:\/\/barcelona.euses.cat\/wp-content\/uploads\/2021\/06\/21023-094-1024x684.jpg 1024w, https:\/\/barcelona.euses.cat\/wp-content\/uploads\/2021\/06\/21023-094-768x513.jpg 768w, https:\/\/barcelona.euses.cat\/wp-content\/uploads\/2021\/06\/21023-094-1536x1025.jpg 1536w, https:\/\/barcelona.euses.cat\/wp-content\/uploads\/2021\/06\/21023-094-2048x1367.jpg 2048w, https:\/\/barcelona.euses.cat\/wp-content\/uploads\/2021\/06\/21023-094-400x267.jpg 400w\" sizes=\"(max-width: 300px) 100vw, 300px\" \/><\/a>\n\t\t\t<\/dt><\/dl>\n\t\t\t<br style='clear: both' \/>\n\t\t<\/div>\n\n","protected":false},"excerpt":{"rendered":"<p>Lundi dernier a eu lieu la c\u00e9r\u00e9monie de remise des dipl\u00f4mes de la troisi\u00e8me promotion de la Licence en Kin\u00e9sith\u00e9rapie Internationale (UdG-UB) avec la pr\u00e9sence de 25 \u00e9tudiants qui ont achev\u00e9 le cycle d&rsquo;\u00e9tudes de quatre ans au Campus de Bellvitge. La c\u00e9r\u00e9monie de remise de dipl\u00f4mes a eu lieu \u00e0 l&rsquo;auditorium du Pavillon du [&hellip;]<\/p>\n","protected":false},"author":3,"featured_media":10015,"comment_status":"open","ping_status":"closed","sticky":false,"template":"","format":"standard","meta":{"_acf_changed":false,"inline_featured_image":false,"_joinchat":[],"footnotes":""},"categories":[3],"tags":[],"class_list":["post-10009","post","type-post","status-publish","format-standard","has-post-thumbnail","hentry","category-non-classifiee"],"acf":[],"yoast_head":"<!-- This site is optimized with the Yoast SEO plugin v27.4 - https:\/\/yoast.com\/product\/yoast-seo-wordpress\/ -->\n<title>R\u00e9alisation de la c\u00e9r\u00e9monie de remise de dipl\u00f4mes de la promotion 2017\/2021 | EUSES - Campus de Bellvitge (Barcelona)<\/title>\n<meta name=\"robots\" content=\"index, follow, max-snippet:-1, max-image-preview:large, max-video-preview:-1\" \/>\n<link rel=\"canonical\" href=\"https:\/\/barcelona.euses.cat\/fr\/realisation-de-la-ceremonie-de-remise-de-diplomes-de-la-promotion-2017-2021\/\" \/>\n<meta property=\"og:locale\" content=\"fr_FR\" \/>\n<meta property=\"og:type\" content=\"article\" \/>\n<meta property=\"og:title\" content=\"R\u00e9alisation de la c\u00e9r\u00e9monie de remise de dipl\u00f4mes de la promotion 2017\/2021 | EUSES - Campus de Bellvitge (Barcelona)\" \/>\n<meta property=\"og:description\" content=\"Lundi dernier a eu lieu la c\u00e9r\u00e9monie de remise des dipl\u00f4mes de la troisi\u00e8me promotion de la Licence en Kin\u00e9sith\u00e9rapie Internationale (UdG-UB) avec la pr\u00e9sence de 25 \u00e9tudiants qui ont achev\u00e9 le cycle d&rsquo;\u00e9tudes de quatre ans au Campus de Bellvitge. La c\u00e9r\u00e9monie de remise de dipl\u00f4mes a eu lieu \u00e0 l&rsquo;auditorium du Pavillon du [&hellip;]\" \/>\n<meta property=\"og:url\" content=\"https:\/\/barcelona.euses.cat\/fr\/realisation-de-la-ceremonie-de-remise-de-diplomes-de-la-promotion-2017-2021\/\" \/>\n<meta property=\"og:site_name\" content=\"EUSES - Campus de Bellvitge (Barcelona)\" \/>\n<meta property=\"article:publisher\" content=\"https:\/\/www.facebook.com\/PhysioBCN\/\" \/>\n<meta property=\"article:published_time\" content=\"2021-06-29T08:13:22+00:00\" \/>\n<meta property=\"article:modified_time\" content=\"2021-06-30T09:36:45+00:00\" \/>\n<meta property=\"og:image\" content=\"https:\/\/barcelona.euses.cat\/wp-content\/uploads\/2021\/06\/21023-093-1024x684.jpg\" \/>\n\t<meta property=\"og:image:width\" content=\"1024\" \/>\n\t<meta property=\"og:image:height\" content=\"684\" \/>\n\t<meta property=\"og:image:type\" content=\"image\/jpeg\" \/>\n<meta name=\"author\" content=\"Jordi Danes\" \/>\n<meta name=\"twitter:card\" content=\"summary_large_image\" \/>\n<meta name=\"twitter:label1\" content=\"\u00c9crit par\" \/>\n\t<meta name=\"twitter:data1\" content=\"Jordi Danes\" \/>\n\t<meta name=\"twitter:label2\" content=\"Dur\u00e9e de lecture estim\u00e9e\" \/>\n\t<meta name=\"twitter:data2\" content=\"1 minute\" \/>\n<script type=\"application\/ld+json\" class=\"yoast-schema-graph\">{\"@context\":\"https:\\\/\\\/schema.org\",\"@graph\":[{\"@type\":\"Article\",\"@id\":\"https:\\\/\\\/barcelona.euses.cat\\\/fr\\\/realisation-de-la-ceremonie-de-remise-de-diplomes-de-la-promotion-2017-2021\\\/#article\",\"isPartOf\":{\"@id\":\"https:\\\/\\\/barcelona.euses.cat\\\/fr\\\/realisation-de-la-ceremonie-de-remise-de-diplomes-de-la-promotion-2017-2021\\\/\"},\"author\":{\"name\":\"Jordi Danes\",\"@id\":\"https:\\\/\\\/barcelona.euses.cat\\\/ca\\\/#\\\/schema\\\/person\\\/8ab46080dfc4814fa59383db317735bd\"},\"headline\":\"R\u00e9alisation de la c\u00e9r\u00e9monie de remise de dipl\u00f4mes de la promotion 2017\\\/2021\",\"datePublished\":\"2021-06-29T08:13:22+00:00\",\"dateModified\":\"2021-06-30T09:36:45+00:00\",\"mainEntityOfPage\":{\"@id\":\"https:\\\/\\\/barcelona.euses.cat\\\/fr\\\/realisation-de-la-ceremonie-de-remise-de-diplomes-de-la-promotion-2017-2021\\\/\"},\"wordCount\":221,\"commentCount\":0,\"image\":{\"@id\":\"https:\\\/\\\/barcelona.euses.cat\\\/fr\\\/realisation-de-la-ceremonie-de-remise-de-diplomes-de-la-promotion-2017-2021\\\/#primaryimage\"},\"thumbnailUrl\":\"https:\\\/\\\/barcelona.euses.cat\\\/wp-content\\\/uploads\\\/2021\\\/06\\\/21023-093.jpg\",\"articleSection\":[\"Non classifi\u00e9(e)\"],\"inLanguage\":\"fr-FR\"},{\"@type\":\"WebPage\",\"@id\":\"https:\\\/\\\/barcelona.euses.cat\\\/fr\\\/realisation-de-la-ceremonie-de-remise-de-diplomes-de-la-promotion-2017-2021\\\/\",\"url\":\"https:\\\/\\\/barcelona.euses.cat\\\/fr\\\/realisation-de-la-ceremonie-de-remise-de-diplomes-de-la-promotion-2017-2021\\\/\",\"name\":\"R\u00e9alisation de la c\u00e9r\u00e9monie de remise de dipl\u00f4mes de la promotion 2017\\\/2021 | EUSES - Campus de Bellvitge (Barcelona)\",\"isPartOf\":{\"@id\":\"https:\\\/\\\/barcelona.euses.cat\\\/ca\\\/#website\"},\"primaryImageOfPage\":{\"@id\":\"https:\\\/\\\/barcelona.euses.cat\\\/fr\\\/realisation-de-la-ceremonie-de-remise-de-diplomes-de-la-promotion-2017-2021\\\/#primaryimage\"},\"image\":{\"@id\":\"https:\\\/\\\/barcelona.euses.cat\\\/fr\\\/realisation-de-la-ceremonie-de-remise-de-diplomes-de-la-promotion-2017-2021\\\/#primaryimage\"},\"thumbnailUrl\":\"https:\\\/\\\/barcelona.euses.cat\\\/wp-content\\\/uploads\\\/2021\\\/06\\\/21023-093.jpg\",\"datePublished\":\"2021-06-29T08:13:22+00:00\",\"dateModified\":\"2021-06-30T09:36:45+00:00\",\"author\":{\"@id\":\"https:\\\/\\\/barcelona.euses.cat\\\/ca\\\/#\\\/schema\\\/person\\\/8ab46080dfc4814fa59383db317735bd\"},\"breadcrumb\":{\"@id\":\"https:\\\/\\\/barcelona.euses.cat\\\/fr\\\/realisation-de-la-ceremonie-de-remise-de-diplomes-de-la-promotion-2017-2021\\\/#breadcrumb\"},\"inLanguage\":\"fr-FR\",\"potentialAction\":[{\"@type\":\"ReadAction\",\"target\":[\"https:\\\/\\\/barcelona.euses.cat\\\/fr\\\/realisation-de-la-ceremonie-de-remise-de-diplomes-de-la-promotion-2017-2021\\\/\"]}]},{\"@type\":\"ImageObject\",\"inLanguage\":\"fr-FR\",\"@id\":\"https:\\\/\\\/barcelona.euses.cat\\\/fr\\\/realisation-de-la-ceremonie-de-remise-de-diplomes-de-la-promotion-2017-2021\\\/#primaryimage\",\"url\":\"https:\\\/\\\/barcelona.euses.cat\\\/wp-content\\\/uploads\\\/2021\\\/06\\\/21023-093.jpg\",\"contentUrl\":\"https:\\\/\\\/barcelona.euses.cat\\\/wp-content\\\/uploads\\\/2021\\\/06\\\/21023-093.jpg\",\"width\":2304,\"height\":1538},{\"@type\":\"BreadcrumbList\",\"@id\":\"https:\\\/\\\/barcelona.euses.cat\\\/fr\\\/realisation-de-la-ceremonie-de-remise-de-diplomes-de-la-promotion-2017-2021\\\/#breadcrumb\",\"itemListElement\":[{\"@type\":\"ListItem\",\"position\":1,\"name\":\"Portada\",\"item\":\"https:\\\/\\\/barcelona.euses.cat\\\/fr\\\/\"},{\"@type\":\"ListItem\",\"position\":2,\"name\":\"R\u00e9alisation de la c\u00e9r\u00e9monie de remise de dipl\u00f4mes de la promotion 2017\\\/2021\"}]},{\"@type\":\"WebSite\",\"@id\":\"https:\\\/\\\/barcelona.euses.cat\\\/ca\\\/#website\",\"url\":\"https:\\\/\\\/barcelona.euses.cat\\\/ca\\\/\",\"name\":\"EUSES - Campus de Bellvitge (Barcelona)\",\"description\":\"EUSES, Ecole Universitaire de Physioth\u00e9rapie Internationale \u00e0 Barcelone\",\"potentialAction\":[{\"@type\":\"SearchAction\",\"target\":{\"@type\":\"EntryPoint\",\"urlTemplate\":\"https:\\\/\\\/barcelona.euses.cat\\\/ca\\\/?s={search_term_string}\"},\"query-input\":{\"@type\":\"PropertyValueSpecification\",\"valueRequired\":true,\"valueName\":\"search_term_string\"}}],\"inLanguage\":\"fr-FR\"},{\"@type\":\"Person\",\"@id\":\"https:\\\/\\\/barcelona.euses.cat\\\/ca\\\/#\\\/schema\\\/person\\\/8ab46080dfc4814fa59383db317735bd\",\"name\":\"Jordi Danes\",\"image\":{\"@type\":\"ImageObject\",\"inLanguage\":\"fr-FR\",\"@id\":\"https:\\\/\\\/secure.gravatar.com\\\/avatar\\\/a9e4f443b594af225625ee8cfa665e41b1e0740ea34fbe0515b4ca559f8570ef?s=96&d=mm&r=g\",\"url\":\"https:\\\/\\\/secure.gravatar.com\\\/avatar\\\/a9e4f443b594af225625ee8cfa665e41b1e0740ea34fbe0515b4ca559f8570ef?s=96&d=mm&r=g\",\"contentUrl\":\"https:\\\/\\\/secure.gravatar.com\\\/avatar\\\/a9e4f443b594af225625ee8cfa665e41b1e0740ea34fbe0515b4ca559f8570ef?s=96&d=mm&r=g\",\"caption\":\"Jordi Danes\"},\"url\":\"https:\\\/\\\/barcelona.euses.cat\\\/fr\\\/author\\\/jordi-danes\\\/\"}]}<\/script>\n<!-- \/ Yoast SEO plugin. -->","yoast_head_json":{"title":"R\u00e9alisation de la c\u00e9r\u00e9monie de remise de dipl\u00f4mes de la promotion 2017\/2021 | EUSES - Campus de Bellvitge (Barcelona)","robots":{"index":"index","follow":"follow","max-snippet":"max-snippet:-1","max-image-preview":"max-image-preview:large","max-video-preview":"max-video-preview:-1"},"canonical":"https:\/\/barcelona.euses.cat\/fr\/realisation-de-la-ceremonie-de-remise-de-diplomes-de-la-promotion-2017-2021\/","og_locale":"fr_FR","og_type":"article","og_title":"R\u00e9alisation de la c\u00e9r\u00e9monie de remise de dipl\u00f4mes de la promotion 2017\/2021 | EUSES - Campus de Bellvitge (Barcelona)","og_description":"Lundi dernier a eu lieu la c\u00e9r\u00e9monie de remise des dipl\u00f4mes de la troisi\u00e8me promotion de la Licence en Kin\u00e9sith\u00e9rapie Internationale (UdG-UB) avec la pr\u00e9sence de 25 \u00e9tudiants qui ont achev\u00e9 le cycle d&rsquo;\u00e9tudes de quatre ans au Campus de Bellvitge. La c\u00e9r\u00e9monie de remise de dipl\u00f4mes a eu lieu \u00e0 l&rsquo;auditorium du Pavillon du [&hellip;]","og_url":"https:\/\/barcelona.euses.cat\/fr\/realisation-de-la-ceremonie-de-remise-de-diplomes-de-la-promotion-2017-2021\/","og_site_name":"EUSES - Campus de Bellvitge (Barcelona)","article_publisher":"https:\/\/www.facebook.com\/PhysioBCN\/","article_published_time":"2021-06-29T08:13:22+00:00","article_modified_time":"2021-06-30T09:36:45+00:00","og_image":[{"width":1024,"height":684,"url":"https:\/\/barcelona.euses.cat\/wp-content\/uploads\/2021\/06\/21023-093-1024x684.jpg","type":"image\/jpeg"}],"author":"Jordi Danes","twitter_card":"summary_large_image","twitter_misc":{"\u00c9crit par":"Jordi Danes","Dur\u00e9e de lecture estim\u00e9e":"1 minute"},"schema":{"@context":"https:\/\/schema.org","@graph":[{"@type":"Article","@id":"https:\/\/barcelona.euses.cat\/fr\/realisation-de-la-ceremonie-de-remise-de-diplomes-de-la-promotion-2017-2021\/#article","isPartOf":{"@id":"https:\/\/barcelona.euses.cat\/fr\/realisation-de-la-ceremonie-de-remise-de-diplomes-de-la-promotion-2017-2021\/"},"author":{"name":"Jordi Danes","@id":"https:\/\/barcelona.euses.cat\/ca\/#\/schema\/person\/8ab46080dfc4814fa59383db317735bd"},"headline":"R\u00e9alisation de la c\u00e9r\u00e9monie de remise de dipl\u00f4mes de la promotion 2017\/2021","datePublished":"2021-06-29T08:13:22+00:00","dateModified":"2021-06-30T09:36:45+00:00","mainEntityOfPage":{"@id":"https:\/\/barcelona.euses.cat\/fr\/realisation-de-la-ceremonie-de-remise-de-diplomes-de-la-promotion-2017-2021\/"},"wordCount":221,"commentCount":0,"image":{"@id":"https:\/\/barcelona.euses.cat\/fr\/realisation-de-la-ceremonie-de-remise-de-diplomes-de-la-promotion-2017-2021\/#primaryimage"},"thumbnailUrl":"https:\/\/barcelona.euses.cat\/wp-content\/uploads\/2021\/06\/21023-093.jpg","articleSection":["Non classifi\u00e9(e)"],"inLanguage":"fr-FR"},{"@type":"WebPage","@id":"https:\/\/barcelona.euses.cat\/fr\/realisation-de-la-ceremonie-de-remise-de-diplomes-de-la-promotion-2017-2021\/","url":"https:\/\/barcelona.euses.cat\/fr\/realisation-de-la-ceremonie-de-remise-de-diplomes-de-la-promotion-2017-2021\/","name":"R\u00e9alisation de la c\u00e9r\u00e9monie de remise de dipl\u00f4mes de la promotion 2017\/2021 | EUSES - Campus de Bellvitge (Barcelona)","isPartOf":{"@id":"https:\/\/barcelona.euses.cat\/ca\/#website"},"primaryImageOfPage":{"@id":"https:\/\/barcelona.euses.cat\/fr\/realisation-de-la-ceremonie-de-remise-de-diplomes-de-la-promotion-2017-2021\/#primaryimage"},"image":{"@id":"https:\/\/barcelona.euses.cat\/fr\/realisation-de-la-ceremonie-de-remise-de-diplomes-de-la-promotion-2017-2021\/#primaryimage"},"thumbnailUrl":"https:\/\/barcelona.euses.cat\/wp-content\/uploads\/2021\/06\/21023-093.jpg","datePublished":"2021-06-29T08:13:22+00:00","dateModified":"2021-06-30T09:36:45+00:00","author":{"@id":"https:\/\/barcelona.euses.cat\/ca\/#\/schema\/person\/8ab46080dfc4814fa59383db317735bd"},"breadcrumb":{"@id":"https:\/\/barcelona.euses.cat\/fr\/realisation-de-la-ceremonie-de-remise-de-diplomes-de-la-promotion-2017-2021\/#breadcrumb"},"inLanguage":"fr-FR","potentialAction":[{"@type":"ReadAction","target":["https:\/\/barcelona.euses.cat\/fr\/realisation-de-la-ceremonie-de-remise-de-diplomes-de-la-promotion-2017-2021\/"]}]},{"@type":"ImageObject","inLanguage":"fr-FR","@id":"https:\/\/barcelona.euses.cat\/fr\/realisation-de-la-ceremonie-de-remise-de-diplomes-de-la-promotion-2017-2021\/#primaryimage","url":"https:\/\/barcelona.euses.cat\/wp-content\/uploads\/2021\/06\/21023-093.jpg","contentUrl":"https:\/\/barcelona.euses.cat\/wp-content\/uploads\/2021\/06\/21023-093.jpg","width":2304,"height":1538},{"@type":"BreadcrumbList","@id":"https:\/\/barcelona.euses.cat\/fr\/realisation-de-la-ceremonie-de-remise-de-diplomes-de-la-promotion-2017-2021\/#breadcrumb","itemListElement":[{"@type":"ListItem","position":1,"name":"Portada","item":"https:\/\/barcelona.euses.cat\/fr\/"},{"@type":"ListItem","position":2,"name":"R\u00e9alisation de la c\u00e9r\u00e9monie de remise de dipl\u00f4mes de la promotion 2017\/2021"}]},{"@type":"WebSite","@id":"https:\/\/barcelona.euses.cat\/ca\/#website","url":"https:\/\/barcelona.euses.cat\/ca\/","name":"EUSES - Campus de Bellvitge (Barcelona)","description":"EUSES, Ecole Universitaire de Physioth\u00e9rapie Internationale \u00e0 Barcelone","potentialAction":[{"@type":"SearchAction","target":{"@type":"EntryPoint","urlTemplate":"https:\/\/barcelona.euses.cat\/ca\/?s={search_term_string}"},"query-input":{"@type":"PropertyValueSpecification","valueRequired":true,"valueName":"search_term_string"}}],"inLanguage":"fr-FR"},{"@type":"Person","@id":"https:\/\/barcelona.euses.cat\/ca\/#\/schema\/person\/8ab46080dfc4814fa59383db317735bd","name":"Jordi Danes","image":{"@type":"ImageObject","inLanguage":"fr-FR","@id":"https:\/\/secure.gravatar.com\/avatar\/a9e4f443b594af225625ee8cfa665e41b1e0740ea34fbe0515b4ca559f8570ef?s=96&d=mm&r=g","url":"https:\/\/secure.gravatar.com\/avatar\/a9e4f443b594af225625ee8cfa665e41b1e0740ea34fbe0515b4ca559f8570ef?s=96&d=mm&r=g","contentUrl":"https:\/\/secure.gravatar.com\/avatar\/a9e4f443b594af225625ee8cfa665e41b1e0740ea34fbe0515b4ca559f8570ef?s=96&d=mm&r=g","caption":"Jordi Danes"},"url":"https:\/\/barcelona.euses.cat\/fr\/author\/jordi-danes\/"}]}},"_links":{"self":[{"href":"https:\/\/barcelona.euses.cat\/fr\/wp-json\/wp\/v2\/posts\/10009","targetHints":{"allow":["GET"]}}],"collection":[{"href":"https:\/\/barcelona.euses.cat\/fr\/wp-json\/wp\/v2\/posts"}],"about":[{"href":"https:\/\/barcelona.euses.cat\/fr\/wp-json\/wp\/v2\/types\/post"}],"author":[{"embeddable":true,"href":"https:\/\/barcelona.euses.cat\/fr\/wp-json\/wp\/v2\/users\/3"}],"replies":[{"embeddable":true,"href":"https:\/\/barcelona.euses.cat\/fr\/wp-json\/wp\/v2\/comments?post=10009"}],"version-history":[{"count":3,"href":"https:\/\/barcelona.euses.cat\/fr\/wp-json\/wp\/v2\/posts\/10009\/revisions"}],"predecessor-version":[{"id":10021,"href":"https:\/\/barcelona.euses.cat\/fr\/wp-json\/wp\/v2\/posts\/10009\/revisions\/10021"}],"wp:featuredmedia":[{"embeddable":true,"href":"https:\/\/barcelona.euses.cat\/fr\/wp-json\/wp\/v2\/media\/10015"}],"wp:attachment":[{"href":"https:\/\/barcelona.euses.cat\/fr\/wp-json\/wp\/v2\/media?parent=10009"}],"wp:term":[{"taxonomy":"category","embeddable":true,"href":"https:\/\/barcelona.euses.cat\/fr\/wp-json\/wp\/v2\/categories?post=10009"},{"taxonomy":"post_tag","embeddable":true,"href":"https:\/\/barcelona.euses.cat\/fr\/wp-json\/wp\/v2\/tags?post=10009"}],"curies":[{"name":"wp","href":"https:\/\/api.w.org\/{rel}","templated":true}]}}