{"id":9882,"date":"2021-05-23T21:54:23","date_gmt":"2021-05-23T19:54:23","guid":{"rendered":"https:\/\/barcelona.euses.cat\/?p=9882"},"modified":"2021-05-23T21:59:32","modified_gmt":"2021-05-23T19:59:32","slug":"representacion-de-los-tres-campus-de-euses-en-la-noche-de-la-fisioterapia","status":"publish","type":"post","link":"https:\/\/barcelona.euses.cat\/es\/representacion-de-los-tres-campus-de-euses-en-la-noche-de-la-fisioterapia\/","title":{"rendered":"Representaci\u00f3n de los tres campus de EUSES en la \u00abNoche de la Fisioterapia\u00bb"},"content":{"rendered":"<p>La Escola Universit\u00e0ria de la Salut i l&#8217;Esport tuvo una amplia representaci\u00f3n en la <a href=\"https:\/\/www.fisioterapeutes.cat\/es\/comunicacion\/noticias\/2021\/5\/17\/reconocimiento-profesion-centra-noche-fisioterapia\" target=\"_blank\" rel=\"noopener noreferrer\">Noche de la Fisioterapia<\/a> correspondiente al a\u00f1o 2020, celebrada en el hotel Majestic de Barcelona esta semana pasada y que en su d\u00eda se tuvo que posponer como consecuencia de las restricciones impuestas por la COVID. Una vez m\u00e1s, el encuentro, organizado por el Colegio de Fisioterapeutas, sirvi\u00f3 para homenajear las colegiadas y los colegiados jubilados y doctoras, as\u00ed como para reconocer p\u00fablicamente los mejores expedientes acad\u00e9micos del curso 2019\/20.<\/p>\n<p>EUSES ha estado representada con los directores acad\u00e9micos de los tres campus: Ernest Esteve (Salt), Gerard Mu\u00f1oz (Bellvitge) y Jaume Guerra (Terres de l&#8217;Ebre). Los estudiantes del Grupo con mejor expediente en el curso 2019\/20 galardonados durante la noche fueron: David Mar\u00edn Surina (Campus de Salt), Lena Siqveland (Campus de Bellvitge) y Lydia Maestros Linares (Campus de Terres de l&#8217;Ebre).<\/p>\n<p>En cuanto a uno de los premios estrella de la noche, el del Fisioterapeuta del A\u00f1o, el colegio no galardon\u00f3 a una persona en particular sino a todo el colectivo de la fisioterapia por su trabajo sin descanso en primera l\u00ednea en la cura y rehabilitaci\u00f3n de los enfermos de la COVID-19.<\/p>\n\n\t\t<style type=\"text\/css\">\n\t\t\t#gallery-1 {\n\t\t\t\tmargin: auto;\n\t\t\t}\n\t\t\t#gallery-1 .gallery-item {\n\t\t\t\tfloat: left;\n\t\t\t\tmargin-top: 10px;\n\t\t\t\ttext-align: center;\n\t\t\t\twidth: 33%;\n\t\t\t}\n\t\t\t#gallery-1 img {\n\t\t\t\tborder: 2px solid #cfcfcf;\n\t\t\t}\n\t\t\t#gallery-1 .gallery-caption {\n\t\t\t\tmargin-left: 0;\n\t\t\t}\n\t\t\t\/* see gallery_shortcode() in wp-includes\/media.php *\/\n\t\t<\/style>\n\t\t<div id='gallery-1' class='gallery galleryid-9882 gallery-columns-3 gallery-size-medium'><dl class='gallery-item'>\n\t\t\t<dt class='gallery-icon landscape'>\n\t\t\t\t<a href='https:\/\/barcelona.euses.cat\/es\/representacion-de-los-tres-campus-de-euses-en-la-noche-de-la-fisioterapia\/nit-fisio-4-2\/'><img fetchpriority=\"high\" decoding=\"async\" width=\"300\" height=\"239\" src=\"https:\/\/barcelona.euses.cat\/wp-content\/uploads\/2021\/05\/nit-fisio-4-300x239.jpeg\" class=\"attachment-medium size-medium\" alt=\"\" srcset=\"https:\/\/barcelona.euses.cat\/wp-content\/uploads\/2021\/05\/nit-fisio-4-300x239.jpeg 300w, https:\/\/barcelona.euses.cat\/wp-content\/uploads\/2021\/05\/nit-fisio-4-251x200.jpeg 251w, https:\/\/barcelona.euses.cat\/wp-content\/uploads\/2021\/05\/nit-fisio-4-500x400.jpeg 500w, https:\/\/barcelona.euses.cat\/wp-content\/uploads\/2021\/05\/nit-fisio-4.jpeg 768w\" sizes=\"(max-width: 300px) 100vw, 300px\" \/><\/a>\n\t\t\t<\/dt><\/dl><dl class='gallery-item'>\n\t\t\t<dt class='gallery-icon landscape'>\n\t\t\t\t<a href='https:\/\/barcelona.euses.cat\/es\/representacion-de-los-tres-campus-de-euses-en-la-noche-de-la-fisioterapia\/nit-fisio-1-2\/'><img decoding=\"async\" width=\"300\" height=\"200\" src=\"https:\/\/barcelona.euses.cat\/wp-content\/uploads\/2021\/05\/nit-fisio-1-300x200.jpeg\" class=\"attachment-medium size-medium\" alt=\"\" srcset=\"https:\/\/barcelona.euses.cat\/wp-content\/uploads\/2021\/05\/nit-fisio-1-300x200.jpeg 300w, https:\/\/barcelona.euses.cat\/wp-content\/uploads\/2021\/05\/nit-fisio-1-768x512.jpeg 768w, https:\/\/barcelona.euses.cat\/wp-content\/uploads\/2021\/05\/nit-fisio-1-400x267.jpeg 400w, https:\/\/barcelona.euses.cat\/wp-content\/uploads\/2021\/05\/nit-fisio-1.jpeg 960w\" sizes=\"(max-width: 300px) 100vw, 300px\" \/><\/a>\n\t\t\t<\/dt><\/dl>\n\t\t\t<br style='clear: both' \/>\n\t\t<\/div>\n\n","protected":false},"excerpt":{"rendered":"<p>La Escola Universit\u00e0ria de la Salut i l&#8217;Esport tuvo una amplia representaci\u00f3n en la Noche de la Fisioterapia correspondiente al a\u00f1o 2020, celebrada en el hotel Majestic de Barcelona esta semana pasada y que en su d\u00eda se tuvo que posponer como consecuencia de las restricciones impuestas por la COVID. Una vez m\u00e1s, el encuentro, [&hellip;]<\/p>\n","protected":false},"author":3,"featured_media":9872,"comment_status":"open","ping_status":"closed","sticky":false,"template":"","format":"standard","meta":{"_acf_changed":false,"inline_featured_image":false,"_joinchat":[],"footnotes":""},"categories":[1],"tags":[],"class_list":["post-9882","post","type-post","status-publish","format-standard","has-post-thumbnail","hentry","category-sin-categorizar"],"acf":[],"yoast_head":"<!-- This site is optimized with the Yoast SEO plugin v27.4 - https:\/\/yoast.com\/product\/yoast-seo-wordpress\/ -->\n<title>Representaci\u00f3n de los tres campus de EUSES en la &quot;Noche de la Fisioterapia&quot; | EUSES - Campus de Bellvitge (Barcelona)<\/title>\n<meta name=\"robots\" content=\"index, follow, max-snippet:-1, max-image-preview:large, max-video-preview:-1\" \/>\n<link rel=\"canonical\" href=\"https:\/\/barcelona.euses.cat\/es\/representacion-de-los-tres-campus-de-euses-en-la-noche-de-la-fisioterapia\/\" \/>\n<meta property=\"og:locale\" content=\"es_ES\" \/>\n<meta property=\"og:type\" content=\"article\" \/>\n<meta property=\"og:title\" content=\"Representaci\u00f3n de los tres campus de EUSES en la &quot;Noche de la Fisioterapia&quot; | EUSES - Campus de Bellvitge (Barcelona)\" \/>\n<meta property=\"og:description\" content=\"La Escola Universit\u00e0ria de la Salut i l&#8217;Esport tuvo una amplia representaci\u00f3n en la Noche de la Fisioterapia correspondiente al a\u00f1o 2020, celebrada en el hotel Majestic de Barcelona esta semana pasada y que en su d\u00eda se tuvo que posponer como consecuencia de las restricciones impuestas por la COVID. Una vez m\u00e1s, el encuentro, [&hellip;]\" \/>\n<meta property=\"og:url\" content=\"https:\/\/barcelona.euses.cat\/es\/representacion-de-los-tres-campus-de-euses-en-la-noche-de-la-fisioterapia\/\" \/>\n<meta property=\"og:site_name\" content=\"EUSES - Campus de Bellvitge (Barcelona)\" \/>\n<meta property=\"article:publisher\" content=\"https:\/\/www.facebook.com\/PhysioBCN\/\" \/>\n<meta property=\"article:published_time\" content=\"2021-05-23T19:54:23+00:00\" \/>\n<meta property=\"article:modified_time\" content=\"2021-05-23T19:59:32+00:00\" \/>\n<meta property=\"og:image\" content=\"https:\/\/barcelona.euses.cat\/wp-content\/uploads\/2021\/05\/nit-fisio-2.jpeg\" \/>\n\t<meta property=\"og:image:width\" content=\"1024\" \/>\n\t<meta property=\"og:image:height\" content=\"683\" \/>\n\t<meta property=\"og:image:type\" content=\"image\/jpeg\" \/>\n<meta name=\"author\" content=\"Jordi Danes\" \/>\n<meta name=\"twitter:card\" content=\"summary_large_image\" \/>\n<meta name=\"twitter:label1\" content=\"Escrito por\" \/>\n\t<meta name=\"twitter:data1\" content=\"Jordi Danes\" \/>\n\t<meta name=\"twitter:label2\" content=\"Tiempo de lectura\" \/>\n\t<meta name=\"twitter:data2\" content=\"1 minuto\" \/>\n<script type=\"application\/ld+json\" class=\"yoast-schema-graph\">{\"@context\":\"https:\\\/\\\/schema.org\",\"@graph\":[{\"@type\":\"Article\",\"@id\":\"https:\\\/\\\/barcelona.euses.cat\\\/es\\\/representacion-de-los-tres-campus-de-euses-en-la-noche-de-la-fisioterapia\\\/#article\",\"isPartOf\":{\"@id\":\"https:\\\/\\\/barcelona.euses.cat\\\/es\\\/representacion-de-los-tres-campus-de-euses-en-la-noche-de-la-fisioterapia\\\/\"},\"author\":{\"name\":\"Jordi Danes\",\"@id\":\"https:\\\/\\\/barcelona.euses.cat\\\/ca\\\/#\\\/schema\\\/person\\\/8ab46080dfc4814fa59383db317735bd\"},\"headline\":\"Representaci\u00f3n de los tres campus de EUSES en la \u00abNoche de la Fisioterapia\u00bb\",\"datePublished\":\"2021-05-23T19:54:23+00:00\",\"dateModified\":\"2021-05-23T19:59:32+00:00\",\"mainEntityOfPage\":{\"@id\":\"https:\\\/\\\/barcelona.euses.cat\\\/es\\\/representacion-de-los-tres-campus-de-euses-en-la-noche-de-la-fisioterapia\\\/\"},\"wordCount\":227,\"commentCount\":0,\"image\":{\"@id\":\"https:\\\/\\\/barcelona.euses.cat\\\/es\\\/representacion-de-los-tres-campus-de-euses-en-la-noche-de-la-fisioterapia\\\/#primaryimage\"},\"thumbnailUrl\":\"https:\\\/\\\/barcelona.euses.cat\\\/wp-content\\\/uploads\\\/2021\\\/05\\\/nit-fisio-2.jpeg\",\"articleSection\":[\"Sin categorizar\"],\"inLanguage\":\"es\"},{\"@type\":\"WebPage\",\"@id\":\"https:\\\/\\\/barcelona.euses.cat\\\/es\\\/representacion-de-los-tres-campus-de-euses-en-la-noche-de-la-fisioterapia\\\/\",\"url\":\"https:\\\/\\\/barcelona.euses.cat\\\/es\\\/representacion-de-los-tres-campus-de-euses-en-la-noche-de-la-fisioterapia\\\/\",\"name\":\"Representaci\u00f3n de los tres campus de EUSES en la \\\"Noche de la Fisioterapia\\\" | EUSES - Campus de Bellvitge (Barcelona)\",\"isPartOf\":{\"@id\":\"https:\\\/\\\/barcelona.euses.cat\\\/ca\\\/#website\"},\"primaryImageOfPage\":{\"@id\":\"https:\\\/\\\/barcelona.euses.cat\\\/es\\\/representacion-de-los-tres-campus-de-euses-en-la-noche-de-la-fisioterapia\\\/#primaryimage\"},\"image\":{\"@id\":\"https:\\\/\\\/barcelona.euses.cat\\\/es\\\/representacion-de-los-tres-campus-de-euses-en-la-noche-de-la-fisioterapia\\\/#primaryimage\"},\"thumbnailUrl\":\"https:\\\/\\\/barcelona.euses.cat\\\/wp-content\\\/uploads\\\/2021\\\/05\\\/nit-fisio-2.jpeg\",\"datePublished\":\"2021-05-23T19:54:23+00:00\",\"dateModified\":\"2021-05-23T19:59:32+00:00\",\"author\":{\"@id\":\"https:\\\/\\\/barcelona.euses.cat\\\/ca\\\/#\\\/schema\\\/person\\\/8ab46080dfc4814fa59383db317735bd\"},\"breadcrumb\":{\"@id\":\"https:\\\/\\\/barcelona.euses.cat\\\/es\\\/representacion-de-los-tres-campus-de-euses-en-la-noche-de-la-fisioterapia\\\/#breadcrumb\"},\"inLanguage\":\"es\",\"potentialAction\":[{\"@type\":\"ReadAction\",\"target\":[\"https:\\\/\\\/barcelona.euses.cat\\\/es\\\/representacion-de-los-tres-campus-de-euses-en-la-noche-de-la-fisioterapia\\\/\"]}]},{\"@type\":\"ImageObject\",\"inLanguage\":\"es\",\"@id\":\"https:\\\/\\\/barcelona.euses.cat\\\/es\\\/representacion-de-los-tres-campus-de-euses-en-la-noche-de-la-fisioterapia\\\/#primaryimage\",\"url\":\"https:\\\/\\\/barcelona.euses.cat\\\/wp-content\\\/uploads\\\/2021\\\/05\\\/nit-fisio-2.jpeg\",\"contentUrl\":\"https:\\\/\\\/barcelona.euses.cat\\\/wp-content\\\/uploads\\\/2021\\\/05\\\/nit-fisio-2.jpeg\",\"width\":1024,\"height\":683},{\"@type\":\"BreadcrumbList\",\"@id\":\"https:\\\/\\\/barcelona.euses.cat\\\/es\\\/representacion-de-los-tres-campus-de-euses-en-la-noche-de-la-fisioterapia\\\/#breadcrumb\",\"itemListElement\":[{\"@type\":\"ListItem\",\"position\":1,\"name\":\"Portada\",\"item\":\"https:\\\/\\\/barcelona.euses.cat\\\/es\\\/\"},{\"@type\":\"ListItem\",\"position\":2,\"name\":\"Representaci\u00f3n de los tres campus de EUSES en la \u00abNoche de la Fisioterapia\u00bb\"}]},{\"@type\":\"WebSite\",\"@id\":\"https:\\\/\\\/barcelona.euses.cat\\\/ca\\\/#website\",\"url\":\"https:\\\/\\\/barcelona.euses.cat\\\/ca\\\/\",\"name\":\"EUSES - Campus de Bellvitge (Barcelona)\",\"description\":\"EUSES, Escuela Universitaria de Fisioterapia Internacional en Barcelona\",\"potentialAction\":[{\"@type\":\"SearchAction\",\"target\":{\"@type\":\"EntryPoint\",\"urlTemplate\":\"https:\\\/\\\/barcelona.euses.cat\\\/ca\\\/?s={search_term_string}\"},\"query-input\":{\"@type\":\"PropertyValueSpecification\",\"valueRequired\":true,\"valueName\":\"search_term_string\"}}],\"inLanguage\":\"es\"},{\"@type\":\"Person\",\"@id\":\"https:\\\/\\\/barcelona.euses.cat\\\/ca\\\/#\\\/schema\\\/person\\\/8ab46080dfc4814fa59383db317735bd\",\"name\":\"Jordi Danes\",\"image\":{\"@type\":\"ImageObject\",\"inLanguage\":\"es\",\"@id\":\"https:\\\/\\\/secure.gravatar.com\\\/avatar\\\/a9e4f443b594af225625ee8cfa665e41b1e0740ea34fbe0515b4ca559f8570ef?s=96&d=mm&r=g\",\"url\":\"https:\\\/\\\/secure.gravatar.com\\\/avatar\\\/a9e4f443b594af225625ee8cfa665e41b1e0740ea34fbe0515b4ca559f8570ef?s=96&d=mm&r=g\",\"contentUrl\":\"https:\\\/\\\/secure.gravatar.com\\\/avatar\\\/a9e4f443b594af225625ee8cfa665e41b1e0740ea34fbe0515b4ca559f8570ef?s=96&d=mm&r=g\",\"caption\":\"Jordi Danes\"},\"url\":\"https:\\\/\\\/barcelona.euses.cat\\\/es\\\/author\\\/jordi-danes\\\/\"}]}<\/script>\n<!-- \/ Yoast SEO plugin. -->","yoast_head_json":{"title":"Representaci\u00f3n de los tres campus de EUSES en la \"Noche de la Fisioterapia\" | EUSES - Campus de Bellvitge (Barcelona)","robots":{"index":"index","follow":"follow","max-snippet":"max-snippet:-1","max-image-preview":"max-image-preview:large","max-video-preview":"max-video-preview:-1"},"canonical":"https:\/\/barcelona.euses.cat\/es\/representacion-de-los-tres-campus-de-euses-en-la-noche-de-la-fisioterapia\/","og_locale":"es_ES","og_type":"article","og_title":"Representaci\u00f3n de los tres campus de EUSES en la \"Noche de la Fisioterapia\" | EUSES - Campus de Bellvitge (Barcelona)","og_description":"La Escola Universit\u00e0ria de la Salut i l&#8217;Esport tuvo una amplia representaci\u00f3n en la Noche de la Fisioterapia correspondiente al a\u00f1o 2020, celebrada en el hotel Majestic de Barcelona esta semana pasada y que en su d\u00eda se tuvo que posponer como consecuencia de las restricciones impuestas por la COVID. Una vez m\u00e1s, el encuentro, [&hellip;]","og_url":"https:\/\/barcelona.euses.cat\/es\/representacion-de-los-tres-campus-de-euses-en-la-noche-de-la-fisioterapia\/","og_site_name":"EUSES - Campus de Bellvitge (Barcelona)","article_publisher":"https:\/\/www.facebook.com\/PhysioBCN\/","article_published_time":"2021-05-23T19:54:23+00:00","article_modified_time":"2021-05-23T19:59:32+00:00","og_image":[{"width":1024,"height":683,"url":"https:\/\/barcelona.euses.cat\/wp-content\/uploads\/2021\/05\/nit-fisio-2.jpeg","type":"image\/jpeg"}],"author":"Jordi Danes","twitter_card":"summary_large_image","twitter_misc":{"Escrito por":"Jordi Danes","Tiempo de lectura":"1 minuto"},"schema":{"@context":"https:\/\/schema.org","@graph":[{"@type":"Article","@id":"https:\/\/barcelona.euses.cat\/es\/representacion-de-los-tres-campus-de-euses-en-la-noche-de-la-fisioterapia\/#article","isPartOf":{"@id":"https:\/\/barcelona.euses.cat\/es\/representacion-de-los-tres-campus-de-euses-en-la-noche-de-la-fisioterapia\/"},"author":{"name":"Jordi Danes","@id":"https:\/\/barcelona.euses.cat\/ca\/#\/schema\/person\/8ab46080dfc4814fa59383db317735bd"},"headline":"Representaci\u00f3n de los tres campus de EUSES en la \u00abNoche de la Fisioterapia\u00bb","datePublished":"2021-05-23T19:54:23+00:00","dateModified":"2021-05-23T19:59:32+00:00","mainEntityOfPage":{"@id":"https:\/\/barcelona.euses.cat\/es\/representacion-de-los-tres-campus-de-euses-en-la-noche-de-la-fisioterapia\/"},"wordCount":227,"commentCount":0,"image":{"@id":"https:\/\/barcelona.euses.cat\/es\/representacion-de-los-tres-campus-de-euses-en-la-noche-de-la-fisioterapia\/#primaryimage"},"thumbnailUrl":"https:\/\/barcelona.euses.cat\/wp-content\/uploads\/2021\/05\/nit-fisio-2.jpeg","articleSection":["Sin categorizar"],"inLanguage":"es"},{"@type":"WebPage","@id":"https:\/\/barcelona.euses.cat\/es\/representacion-de-los-tres-campus-de-euses-en-la-noche-de-la-fisioterapia\/","url":"https:\/\/barcelona.euses.cat\/es\/representacion-de-los-tres-campus-de-euses-en-la-noche-de-la-fisioterapia\/","name":"Representaci\u00f3n de los tres campus de EUSES en la \"Noche de la Fisioterapia\" | EUSES - Campus de Bellvitge (Barcelona)","isPartOf":{"@id":"https:\/\/barcelona.euses.cat\/ca\/#website"},"primaryImageOfPage":{"@id":"https:\/\/barcelona.euses.cat\/es\/representacion-de-los-tres-campus-de-euses-en-la-noche-de-la-fisioterapia\/#primaryimage"},"image":{"@id":"https:\/\/barcelona.euses.cat\/es\/representacion-de-los-tres-campus-de-euses-en-la-noche-de-la-fisioterapia\/#primaryimage"},"thumbnailUrl":"https:\/\/barcelona.euses.cat\/wp-content\/uploads\/2021\/05\/nit-fisio-2.jpeg","datePublished":"2021-05-23T19:54:23+00:00","dateModified":"2021-05-23T19:59:32+00:00","author":{"@id":"https:\/\/barcelona.euses.cat\/ca\/#\/schema\/person\/8ab46080dfc4814fa59383db317735bd"},"breadcrumb":{"@id":"https:\/\/barcelona.euses.cat\/es\/representacion-de-los-tres-campus-de-euses-en-la-noche-de-la-fisioterapia\/#breadcrumb"},"inLanguage":"es","potentialAction":[{"@type":"ReadAction","target":["https:\/\/barcelona.euses.cat\/es\/representacion-de-los-tres-campus-de-euses-en-la-noche-de-la-fisioterapia\/"]}]},{"@type":"ImageObject","inLanguage":"es","@id":"https:\/\/barcelona.euses.cat\/es\/representacion-de-los-tres-campus-de-euses-en-la-noche-de-la-fisioterapia\/#primaryimage","url":"https:\/\/barcelona.euses.cat\/wp-content\/uploads\/2021\/05\/nit-fisio-2.jpeg","contentUrl":"https:\/\/barcelona.euses.cat\/wp-content\/uploads\/2021\/05\/nit-fisio-2.jpeg","width":1024,"height":683},{"@type":"BreadcrumbList","@id":"https:\/\/barcelona.euses.cat\/es\/representacion-de-los-tres-campus-de-euses-en-la-noche-de-la-fisioterapia\/#breadcrumb","itemListElement":[{"@type":"ListItem","position":1,"name":"Portada","item":"https:\/\/barcelona.euses.cat\/es\/"},{"@type":"ListItem","position":2,"name":"Representaci\u00f3n de los tres campus de EUSES en la \u00abNoche de la Fisioterapia\u00bb"}]},{"@type":"WebSite","@id":"https:\/\/barcelona.euses.cat\/ca\/#website","url":"https:\/\/barcelona.euses.cat\/ca\/","name":"EUSES - Campus de Bellvitge (Barcelona)","description":"EUSES, Escuela Universitaria de Fisioterapia Internacional en Barcelona","potentialAction":[{"@type":"SearchAction","target":{"@type":"EntryPoint","urlTemplate":"https:\/\/barcelona.euses.cat\/ca\/?s={search_term_string}"},"query-input":{"@type":"PropertyValueSpecification","valueRequired":true,"valueName":"search_term_string"}}],"inLanguage":"es"},{"@type":"Person","@id":"https:\/\/barcelona.euses.cat\/ca\/#\/schema\/person\/8ab46080dfc4814fa59383db317735bd","name":"Jordi Danes","image":{"@type":"ImageObject","inLanguage":"es","@id":"https:\/\/secure.gravatar.com\/avatar\/a9e4f443b594af225625ee8cfa665e41b1e0740ea34fbe0515b4ca559f8570ef?s=96&d=mm&r=g","url":"https:\/\/secure.gravatar.com\/avatar\/a9e4f443b594af225625ee8cfa665e41b1e0740ea34fbe0515b4ca559f8570ef?s=96&d=mm&r=g","contentUrl":"https:\/\/secure.gravatar.com\/avatar\/a9e4f443b594af225625ee8cfa665e41b1e0740ea34fbe0515b4ca559f8570ef?s=96&d=mm&r=g","caption":"Jordi Danes"},"url":"https:\/\/barcelona.euses.cat\/es\/author\/jordi-danes\/"}]}},"_links":{"self":[{"href":"https:\/\/barcelona.euses.cat\/es\/wp-json\/wp\/v2\/posts\/9882","targetHints":{"allow":["GET"]}}],"collection":[{"href":"https:\/\/barcelona.euses.cat\/es\/wp-json\/wp\/v2\/posts"}],"about":[{"href":"https:\/\/barcelona.euses.cat\/es\/wp-json\/wp\/v2\/types\/post"}],"author":[{"embeddable":true,"href":"https:\/\/barcelona.euses.cat\/es\/wp-json\/wp\/v2\/users\/3"}],"replies":[{"embeddable":true,"href":"https:\/\/barcelona.euses.cat\/es\/wp-json\/wp\/v2\/comments?post=9882"}],"version-history":[{"count":1,"href":"https:\/\/barcelona.euses.cat\/es\/wp-json\/wp\/v2\/posts\/9882\/revisions"}],"predecessor-version":[{"id":9883,"href":"https:\/\/barcelona.euses.cat\/es\/wp-json\/wp\/v2\/posts\/9882\/revisions\/9883"}],"wp:featuredmedia":[{"embeddable":true,"href":"https:\/\/barcelona.euses.cat\/es\/wp-json\/wp\/v2\/media\/9872"}],"wp:attachment":[{"href":"https:\/\/barcelona.euses.cat\/es\/wp-json\/wp\/v2\/media?parent=9882"}],"wp:term":[{"taxonomy":"category","embeddable":true,"href":"https:\/\/barcelona.euses.cat\/es\/wp-json\/wp\/v2\/categories?post=9882"},{"taxonomy":"post_tag","embeddable":true,"href":"https:\/\/barcelona.euses.cat\/es\/wp-json\/wp\/v2\/tags?post=9882"}],"curies":[{"name":"wp","href":"https:\/\/api.w.org\/{rel}","templated":true}]}}