{"id":9859,"date":"2021-05-19T01:21:14","date_gmt":"2021-05-18T23:21:14","guid":{"rendered":"https:\/\/barcelona.euses.cat\/?p=9859"},"modified":"2021-05-19T01:21:14","modified_gmt":"2021-05-18T23:21:14","slug":"el-dr-gerard-munoz-dirige-la-quinta-y-ultima-jornada-de-puertas-abiertas-de-physiotherapy","status":"publish","type":"post","link":"https:\/\/barcelona.euses.cat\/es\/el-dr-gerard-munoz-dirige-la-quinta-y-ultima-jornada-de-puertas-abiertas-de-physiotherapy\/","title":{"rendered":"El Dr. Gerard Mu\u00f1oz dirige la quinta y \u00faltima Jornada de Puertas Abiertas de Physiotherapy"},"content":{"rendered":"<p>Physiotherapy Barcelona ha realizado la quinta y \u00faltima Jornada de Puertas Abiertas virtual que estaba planificada en el calendario con una exposici\u00f3n que ha ido a cargo de su director, el Dr. Gerard Mu\u00f1oz. En la charla informativa, durante la cual tambi\u00e9n ha intervenido la coordinadora, Maria J\u00fadez, los representantes de Physiotherapy Barcelona han hablado a los asistentes de aspectos como el plan de estudios, las salidas laborales, la movilidad, los convenios con centros de pr\u00e1cticas y otras universidades\u2026<\/p>\n<p>Los inscritos a la Jornada de Puertas Abiertas tambi\u00e9n han podido realizar un visita virtual por las instalaciones gracias a un video que hace un completo recorrido por el Campus y se han podido informar, gracias a la intervenci\u00f3n del representante de la secretar\u00eda acad\u00e9mica, Albert Deulofeu, de aspectos m\u00e1s administrativos y log\u00edsticos como pueden ser la matriculaci\u00f3n, los plazos de inscripci\u00f3n, los precios.. Tambi\u00e9n han podido escuchar la experiencia de un exalumno como Alejandro Revilla. Al final de las diferentes exposiciones, los interesados han podido hacer preguntas y resolver todas las dudas.<\/p>\n\n\t\t<style type=\"text\/css\">\n\t\t\t#gallery-1 {\n\t\t\t\tmargin: auto;\n\t\t\t}\n\t\t\t#gallery-1 .gallery-item {\n\t\t\t\tfloat: left;\n\t\t\t\tmargin-top: 10px;\n\t\t\t\ttext-align: center;\n\t\t\t\twidth: 33%;\n\t\t\t}\n\t\t\t#gallery-1 img {\n\t\t\t\tborder: 2px solid #cfcfcf;\n\t\t\t}\n\t\t\t#gallery-1 .gallery-caption {\n\t\t\t\tmargin-left: 0;\n\t\t\t}\n\t\t\t\/* see gallery_shortcode() in wp-includes\/media.php *\/\n\t\t<\/style>\n\t\t<div id='gallery-1' class='gallery galleryid-9859 gallery-columns-3 gallery-size-medium'><dl class='gallery-item'>\n\t\t\t<dt class='gallery-icon landscape'>\n\t\t\t\t<a href='https:\/\/barcelona.euses.cat\/es\/el-dr-gerard-munoz-dirige-la-quinta-y-ultima-jornada-de-puertas-abiertas-de-physiotherapy\/jpo-bellvitge-3-2\/'><img fetchpriority=\"high\" decoding=\"async\" width=\"300\" height=\"169\" src=\"https:\/\/barcelona.euses.cat\/wp-content\/uploads\/2021\/05\/jpo-bellvitge-3-300x169.png\" class=\"attachment-medium size-medium\" alt=\"\" srcset=\"https:\/\/barcelona.euses.cat\/wp-content\/uploads\/2021\/05\/jpo-bellvitge-3-300x169.png 300w, https:\/\/barcelona.euses.cat\/wp-content\/uploads\/2021\/05\/jpo-bellvitge-3-1024x576.png 1024w, https:\/\/barcelona.euses.cat\/wp-content\/uploads\/2021\/05\/jpo-bellvitge-3-768x432.png 768w, https:\/\/barcelona.euses.cat\/wp-content\/uploads\/2021\/05\/jpo-bellvitge-3-1536x864.png 1536w, https:\/\/barcelona.euses.cat\/wp-content\/uploads\/2021\/05\/jpo-bellvitge-3-350x197.png 350w, https:\/\/barcelona.euses.cat\/wp-content\/uploads\/2021\/05\/jpo-bellvitge-3.png 1920w\" sizes=\"(max-width: 300px) 100vw, 300px\" \/><\/a>\n\t\t\t<\/dt><\/dl><dl class='gallery-item'>\n\t\t\t<dt class='gallery-icon landscape'>\n\t\t\t\t<a href='https:\/\/barcelona.euses.cat\/es\/el-dr-gerard-munoz-dirige-la-quinta-y-ultima-jornada-de-puertas-abiertas-de-physiotherapy\/jpo-bellvitge-2-2\/'><img decoding=\"async\" width=\"300\" height=\"169\" src=\"https:\/\/barcelona.euses.cat\/wp-content\/uploads\/2021\/05\/jpo-bellvitge-2-300x169.png\" class=\"attachment-medium size-medium\" alt=\"\" srcset=\"https:\/\/barcelona.euses.cat\/wp-content\/uploads\/2021\/05\/jpo-bellvitge-2-300x169.png 300w, https:\/\/barcelona.euses.cat\/wp-content\/uploads\/2021\/05\/jpo-bellvitge-2-1024x576.png 1024w, https:\/\/barcelona.euses.cat\/wp-content\/uploads\/2021\/05\/jpo-bellvitge-2-768x432.png 768w, https:\/\/barcelona.euses.cat\/wp-content\/uploads\/2021\/05\/jpo-bellvitge-2-1536x864.png 1536w, https:\/\/barcelona.euses.cat\/wp-content\/uploads\/2021\/05\/jpo-bellvitge-2-350x197.png 350w, https:\/\/barcelona.euses.cat\/wp-content\/uploads\/2021\/05\/jpo-bellvitge-2.png 1920w\" sizes=\"(max-width: 300px) 100vw, 300px\" \/><\/a>\n\t\t\t<\/dt><\/dl><dl class='gallery-item'>\n\t\t\t<dt class='gallery-icon landscape'>\n\t\t\t\t<a href='https:\/\/barcelona.euses.cat\/es\/el-dr-gerard-munoz-dirige-la-quinta-y-ultima-jornada-de-puertas-abiertas-de-physiotherapy\/jpo-bellvitge-1-2\/'><img decoding=\"async\" width=\"300\" height=\"169\" src=\"https:\/\/barcelona.euses.cat\/wp-content\/uploads\/2021\/05\/jpo-bellvitge-1-300x169.png\" class=\"attachment-medium size-medium\" alt=\"\" srcset=\"https:\/\/barcelona.euses.cat\/wp-content\/uploads\/2021\/05\/jpo-bellvitge-1-300x169.png 300w, https:\/\/barcelona.euses.cat\/wp-content\/uploads\/2021\/05\/jpo-bellvitge-1-1024x576.png 1024w, https:\/\/barcelona.euses.cat\/wp-content\/uploads\/2021\/05\/jpo-bellvitge-1-768x432.png 768w, https:\/\/barcelona.euses.cat\/wp-content\/uploads\/2021\/05\/jpo-bellvitge-1-1536x864.png 1536w, https:\/\/barcelona.euses.cat\/wp-content\/uploads\/2021\/05\/jpo-bellvitge-1-350x197.png 350w, https:\/\/barcelona.euses.cat\/wp-content\/uploads\/2021\/05\/jpo-bellvitge-1.png 1920w\" sizes=\"(max-width: 300px) 100vw, 300px\" \/><\/a>\n\t\t\t<\/dt><\/dl><br style=\"clear: both\" \/>\n\t\t<\/div>\n\n","protected":false},"excerpt":{"rendered":"<p>Physiotherapy Barcelona ha realizado la quinta y \u00faltima Jornada de Puertas Abiertas virtual que estaba planificada en el calendario con una exposici\u00f3n que ha ido a cargo de su director, el Dr. Gerard Mu\u00f1oz. En la charla informativa, durante la cual tambi\u00e9n ha intervenido la coordinadora, Maria J\u00fadez, los representantes de Physiotherapy Barcelona han hablado [&hellip;]<\/p>\n","protected":false},"author":3,"featured_media":9845,"comment_status":"open","ping_status":"closed","sticky":false,"template":"","format":"standard","meta":{"_acf_changed":false,"inline_featured_image":false,"_joinchat":[],"footnotes":""},"categories":[1],"tags":[],"class_list":["post-9859","post","type-post","status-publish","format-standard","has-post-thumbnail","hentry","category-sin-categorizar"],"acf":[],"yoast_head":"<!-- This site is optimized with the Yoast SEO plugin v27.4 - https:\/\/yoast.com\/product\/yoast-seo-wordpress\/ -->\n<title>El Dr. Gerard Mu\u00f1oz dirige la quinta y \u00faltima Jornada de Puertas Abiertas de Physiotherapy | EUSES - Campus de Bellvitge (Barcelona)<\/title>\n<meta name=\"robots\" content=\"index, follow, max-snippet:-1, max-image-preview:large, max-video-preview:-1\" \/>\n<link rel=\"canonical\" href=\"https:\/\/barcelona.euses.cat\/es\/el-dr-gerard-munoz-dirige-la-quinta-y-ultima-jornada-de-puertas-abiertas-de-physiotherapy\/\" \/>\n<meta property=\"og:locale\" content=\"es_ES\" \/>\n<meta property=\"og:type\" content=\"article\" \/>\n<meta property=\"og:title\" content=\"El Dr. Gerard Mu\u00f1oz dirige la quinta y \u00faltima Jornada de Puertas Abiertas de Physiotherapy | EUSES - Campus de Bellvitge (Barcelona)\" \/>\n<meta property=\"og:description\" content=\"Physiotherapy Barcelona ha realizado la quinta y \u00faltima Jornada de Puertas Abiertas virtual que estaba planificada en el calendario con una exposici\u00f3n que ha ido a cargo de su director, el Dr. Gerard Mu\u00f1oz. En la charla informativa, durante la cual tambi\u00e9n ha intervenido la coordinadora, Maria J\u00fadez, los representantes de Physiotherapy Barcelona han hablado [&hellip;]\" \/>\n<meta property=\"og:url\" content=\"https:\/\/barcelona.euses.cat\/es\/el-dr-gerard-munoz-dirige-la-quinta-y-ultima-jornada-de-puertas-abiertas-de-physiotherapy\/\" \/>\n<meta property=\"og:site_name\" content=\"EUSES - Campus de Bellvitge (Barcelona)\" \/>\n<meta property=\"article:publisher\" content=\"https:\/\/www.facebook.com\/PhysioBCN\/\" \/>\n<meta property=\"article:published_time\" content=\"2021-05-18T23:21:14+00:00\" \/>\n<meta property=\"og:image\" content=\"https:\/\/barcelona.euses.cat\/wp-content\/uploads\/2021\/05\/jpo-bellvitge-4.png\" \/>\n\t<meta property=\"og:image:width\" content=\"1920\" \/>\n\t<meta property=\"og:image:height\" content=\"1080\" \/>\n\t<meta property=\"og:image:type\" content=\"image\/png\" \/>\n<meta name=\"author\" content=\"Jordi Danes\" \/>\n<meta name=\"twitter:card\" content=\"summary_large_image\" \/>\n<meta name=\"twitter:label1\" content=\"Escrito por\" \/>\n\t<meta name=\"twitter:data1\" content=\"Jordi Danes\" \/>\n\t<meta name=\"twitter:label2\" content=\"Tiempo de lectura\" \/>\n\t<meta name=\"twitter:data2\" content=\"1 minuto\" \/>\n<script type=\"application\/ld+json\" class=\"yoast-schema-graph\">{\"@context\":\"https:\\\/\\\/schema.org\",\"@graph\":[{\"@type\":\"Article\",\"@id\":\"https:\\\/\\\/barcelona.euses.cat\\\/es\\\/el-dr-gerard-munoz-dirige-la-quinta-y-ultima-jornada-de-puertas-abiertas-de-physiotherapy\\\/#article\",\"isPartOf\":{\"@id\":\"https:\\\/\\\/barcelona.euses.cat\\\/es\\\/el-dr-gerard-munoz-dirige-la-quinta-y-ultima-jornada-de-puertas-abiertas-de-physiotherapy\\\/\"},\"author\":{\"name\":\"Jordi Danes\",\"@id\":\"https:\\\/\\\/barcelona.euses.cat\\\/ca\\\/#\\\/schema\\\/person\\\/8ab46080dfc4814fa59383db317735bd\"},\"headline\":\"El Dr. Gerard Mu\u00f1oz dirige la quinta y \u00faltima Jornada de Puertas Abiertas de Physiotherapy\",\"datePublished\":\"2021-05-18T23:21:14+00:00\",\"mainEntityOfPage\":{\"@id\":\"https:\\\/\\\/barcelona.euses.cat\\\/es\\\/el-dr-gerard-munoz-dirige-la-quinta-y-ultima-jornada-de-puertas-abiertas-de-physiotherapy\\\/\"},\"wordCount\":206,\"commentCount\":0,\"image\":{\"@id\":\"https:\\\/\\\/barcelona.euses.cat\\\/es\\\/el-dr-gerard-munoz-dirige-la-quinta-y-ultima-jornada-de-puertas-abiertas-de-physiotherapy\\\/#primaryimage\"},\"thumbnailUrl\":\"https:\\\/\\\/barcelona.euses.cat\\\/wp-content\\\/uploads\\\/2021\\\/05\\\/jpo-bellvitge-4.png\",\"articleSection\":[\"Sin categorizar\"],\"inLanguage\":\"es\"},{\"@type\":\"WebPage\",\"@id\":\"https:\\\/\\\/barcelona.euses.cat\\\/es\\\/el-dr-gerard-munoz-dirige-la-quinta-y-ultima-jornada-de-puertas-abiertas-de-physiotherapy\\\/\",\"url\":\"https:\\\/\\\/barcelona.euses.cat\\\/es\\\/el-dr-gerard-munoz-dirige-la-quinta-y-ultima-jornada-de-puertas-abiertas-de-physiotherapy\\\/\",\"name\":\"El Dr. Gerard Mu\u00f1oz dirige la quinta y \u00faltima Jornada de Puertas Abiertas de Physiotherapy | EUSES - Campus de Bellvitge (Barcelona)\",\"isPartOf\":{\"@id\":\"https:\\\/\\\/barcelona.euses.cat\\\/ca\\\/#website\"},\"primaryImageOfPage\":{\"@id\":\"https:\\\/\\\/barcelona.euses.cat\\\/es\\\/el-dr-gerard-munoz-dirige-la-quinta-y-ultima-jornada-de-puertas-abiertas-de-physiotherapy\\\/#primaryimage\"},\"image\":{\"@id\":\"https:\\\/\\\/barcelona.euses.cat\\\/es\\\/el-dr-gerard-munoz-dirige-la-quinta-y-ultima-jornada-de-puertas-abiertas-de-physiotherapy\\\/#primaryimage\"},\"thumbnailUrl\":\"https:\\\/\\\/barcelona.euses.cat\\\/wp-content\\\/uploads\\\/2021\\\/05\\\/jpo-bellvitge-4.png\",\"datePublished\":\"2021-05-18T23:21:14+00:00\",\"author\":{\"@id\":\"https:\\\/\\\/barcelona.euses.cat\\\/ca\\\/#\\\/schema\\\/person\\\/8ab46080dfc4814fa59383db317735bd\"},\"breadcrumb\":{\"@id\":\"https:\\\/\\\/barcelona.euses.cat\\\/es\\\/el-dr-gerard-munoz-dirige-la-quinta-y-ultima-jornada-de-puertas-abiertas-de-physiotherapy\\\/#breadcrumb\"},\"inLanguage\":\"es\",\"potentialAction\":[{\"@type\":\"ReadAction\",\"target\":[\"https:\\\/\\\/barcelona.euses.cat\\\/es\\\/el-dr-gerard-munoz-dirige-la-quinta-y-ultima-jornada-de-puertas-abiertas-de-physiotherapy\\\/\"]}]},{\"@type\":\"ImageObject\",\"inLanguage\":\"es\",\"@id\":\"https:\\\/\\\/barcelona.euses.cat\\\/es\\\/el-dr-gerard-munoz-dirige-la-quinta-y-ultima-jornada-de-puertas-abiertas-de-physiotherapy\\\/#primaryimage\",\"url\":\"https:\\\/\\\/barcelona.euses.cat\\\/wp-content\\\/uploads\\\/2021\\\/05\\\/jpo-bellvitge-4.png\",\"contentUrl\":\"https:\\\/\\\/barcelona.euses.cat\\\/wp-content\\\/uploads\\\/2021\\\/05\\\/jpo-bellvitge-4.png\",\"width\":1920,\"height\":1080},{\"@type\":\"BreadcrumbList\",\"@id\":\"https:\\\/\\\/barcelona.euses.cat\\\/es\\\/el-dr-gerard-munoz-dirige-la-quinta-y-ultima-jornada-de-puertas-abiertas-de-physiotherapy\\\/#breadcrumb\",\"itemListElement\":[{\"@type\":\"ListItem\",\"position\":1,\"name\":\"Portada\",\"item\":\"https:\\\/\\\/barcelona.euses.cat\\\/es\\\/\"},{\"@type\":\"ListItem\",\"position\":2,\"name\":\"El Dr. Gerard Mu\u00f1oz dirige la quinta y \u00faltima Jornada de Puertas Abiertas de Physiotherapy\"}]},{\"@type\":\"WebSite\",\"@id\":\"https:\\\/\\\/barcelona.euses.cat\\\/ca\\\/#website\",\"url\":\"https:\\\/\\\/barcelona.euses.cat\\\/ca\\\/\",\"name\":\"EUSES - Campus de Bellvitge (Barcelona)\",\"description\":\"EUSES, Escuela Universitaria de Fisioterapia Internacional en Barcelona\",\"potentialAction\":[{\"@type\":\"SearchAction\",\"target\":{\"@type\":\"EntryPoint\",\"urlTemplate\":\"https:\\\/\\\/barcelona.euses.cat\\\/ca\\\/?s={search_term_string}\"},\"query-input\":{\"@type\":\"PropertyValueSpecification\",\"valueRequired\":true,\"valueName\":\"search_term_string\"}}],\"inLanguage\":\"es\"},{\"@type\":\"Person\",\"@id\":\"https:\\\/\\\/barcelona.euses.cat\\\/ca\\\/#\\\/schema\\\/person\\\/8ab46080dfc4814fa59383db317735bd\",\"name\":\"Jordi Danes\",\"image\":{\"@type\":\"ImageObject\",\"inLanguage\":\"es\",\"@id\":\"https:\\\/\\\/secure.gravatar.com\\\/avatar\\\/a9e4f443b594af225625ee8cfa665e41b1e0740ea34fbe0515b4ca559f8570ef?s=96&d=mm&r=g\",\"url\":\"https:\\\/\\\/secure.gravatar.com\\\/avatar\\\/a9e4f443b594af225625ee8cfa665e41b1e0740ea34fbe0515b4ca559f8570ef?s=96&d=mm&r=g\",\"contentUrl\":\"https:\\\/\\\/secure.gravatar.com\\\/avatar\\\/a9e4f443b594af225625ee8cfa665e41b1e0740ea34fbe0515b4ca559f8570ef?s=96&d=mm&r=g\",\"caption\":\"Jordi Danes\"},\"url\":\"https:\\\/\\\/barcelona.euses.cat\\\/es\\\/author\\\/jordi-danes\\\/\"}]}<\/script>\n<!-- \/ Yoast SEO plugin. -->","yoast_head_json":{"title":"El Dr. Gerard Mu\u00f1oz dirige la quinta y \u00faltima Jornada de Puertas Abiertas de Physiotherapy | EUSES - Campus de Bellvitge (Barcelona)","robots":{"index":"index","follow":"follow","max-snippet":"max-snippet:-1","max-image-preview":"max-image-preview:large","max-video-preview":"max-video-preview:-1"},"canonical":"https:\/\/barcelona.euses.cat\/es\/el-dr-gerard-munoz-dirige-la-quinta-y-ultima-jornada-de-puertas-abiertas-de-physiotherapy\/","og_locale":"es_ES","og_type":"article","og_title":"El Dr. Gerard Mu\u00f1oz dirige la quinta y \u00faltima Jornada de Puertas Abiertas de Physiotherapy | EUSES - Campus de Bellvitge (Barcelona)","og_description":"Physiotherapy Barcelona ha realizado la quinta y \u00faltima Jornada de Puertas Abiertas virtual que estaba planificada en el calendario con una exposici\u00f3n que ha ido a cargo de su director, el Dr. Gerard Mu\u00f1oz. En la charla informativa, durante la cual tambi\u00e9n ha intervenido la coordinadora, Maria J\u00fadez, los representantes de Physiotherapy Barcelona han hablado [&hellip;]","og_url":"https:\/\/barcelona.euses.cat\/es\/el-dr-gerard-munoz-dirige-la-quinta-y-ultima-jornada-de-puertas-abiertas-de-physiotherapy\/","og_site_name":"EUSES - Campus de Bellvitge (Barcelona)","article_publisher":"https:\/\/www.facebook.com\/PhysioBCN\/","article_published_time":"2021-05-18T23:21:14+00:00","og_image":[{"width":1920,"height":1080,"url":"https:\/\/barcelona.euses.cat\/wp-content\/uploads\/2021\/05\/jpo-bellvitge-4.png","type":"image\/png"}],"author":"Jordi Danes","twitter_card":"summary_large_image","twitter_misc":{"Escrito por":"Jordi Danes","Tiempo de lectura":"1 minuto"},"schema":{"@context":"https:\/\/schema.org","@graph":[{"@type":"Article","@id":"https:\/\/barcelona.euses.cat\/es\/el-dr-gerard-munoz-dirige-la-quinta-y-ultima-jornada-de-puertas-abiertas-de-physiotherapy\/#article","isPartOf":{"@id":"https:\/\/barcelona.euses.cat\/es\/el-dr-gerard-munoz-dirige-la-quinta-y-ultima-jornada-de-puertas-abiertas-de-physiotherapy\/"},"author":{"name":"Jordi Danes","@id":"https:\/\/barcelona.euses.cat\/ca\/#\/schema\/person\/8ab46080dfc4814fa59383db317735bd"},"headline":"El Dr. Gerard Mu\u00f1oz dirige la quinta y \u00faltima Jornada de Puertas Abiertas de Physiotherapy","datePublished":"2021-05-18T23:21:14+00:00","mainEntityOfPage":{"@id":"https:\/\/barcelona.euses.cat\/es\/el-dr-gerard-munoz-dirige-la-quinta-y-ultima-jornada-de-puertas-abiertas-de-physiotherapy\/"},"wordCount":206,"commentCount":0,"image":{"@id":"https:\/\/barcelona.euses.cat\/es\/el-dr-gerard-munoz-dirige-la-quinta-y-ultima-jornada-de-puertas-abiertas-de-physiotherapy\/#primaryimage"},"thumbnailUrl":"https:\/\/barcelona.euses.cat\/wp-content\/uploads\/2021\/05\/jpo-bellvitge-4.png","articleSection":["Sin categorizar"],"inLanguage":"es"},{"@type":"WebPage","@id":"https:\/\/barcelona.euses.cat\/es\/el-dr-gerard-munoz-dirige-la-quinta-y-ultima-jornada-de-puertas-abiertas-de-physiotherapy\/","url":"https:\/\/barcelona.euses.cat\/es\/el-dr-gerard-munoz-dirige-la-quinta-y-ultima-jornada-de-puertas-abiertas-de-physiotherapy\/","name":"El Dr. Gerard Mu\u00f1oz dirige la quinta y \u00faltima Jornada de Puertas Abiertas de Physiotherapy | EUSES - Campus de Bellvitge (Barcelona)","isPartOf":{"@id":"https:\/\/barcelona.euses.cat\/ca\/#website"},"primaryImageOfPage":{"@id":"https:\/\/barcelona.euses.cat\/es\/el-dr-gerard-munoz-dirige-la-quinta-y-ultima-jornada-de-puertas-abiertas-de-physiotherapy\/#primaryimage"},"image":{"@id":"https:\/\/barcelona.euses.cat\/es\/el-dr-gerard-munoz-dirige-la-quinta-y-ultima-jornada-de-puertas-abiertas-de-physiotherapy\/#primaryimage"},"thumbnailUrl":"https:\/\/barcelona.euses.cat\/wp-content\/uploads\/2021\/05\/jpo-bellvitge-4.png","datePublished":"2021-05-18T23:21:14+00:00","author":{"@id":"https:\/\/barcelona.euses.cat\/ca\/#\/schema\/person\/8ab46080dfc4814fa59383db317735bd"},"breadcrumb":{"@id":"https:\/\/barcelona.euses.cat\/es\/el-dr-gerard-munoz-dirige-la-quinta-y-ultima-jornada-de-puertas-abiertas-de-physiotherapy\/#breadcrumb"},"inLanguage":"es","potentialAction":[{"@type":"ReadAction","target":["https:\/\/barcelona.euses.cat\/es\/el-dr-gerard-munoz-dirige-la-quinta-y-ultima-jornada-de-puertas-abiertas-de-physiotherapy\/"]}]},{"@type":"ImageObject","inLanguage":"es","@id":"https:\/\/barcelona.euses.cat\/es\/el-dr-gerard-munoz-dirige-la-quinta-y-ultima-jornada-de-puertas-abiertas-de-physiotherapy\/#primaryimage","url":"https:\/\/barcelona.euses.cat\/wp-content\/uploads\/2021\/05\/jpo-bellvitge-4.png","contentUrl":"https:\/\/barcelona.euses.cat\/wp-content\/uploads\/2021\/05\/jpo-bellvitge-4.png","width":1920,"height":1080},{"@type":"BreadcrumbList","@id":"https:\/\/barcelona.euses.cat\/es\/el-dr-gerard-munoz-dirige-la-quinta-y-ultima-jornada-de-puertas-abiertas-de-physiotherapy\/#breadcrumb","itemListElement":[{"@type":"ListItem","position":1,"name":"Portada","item":"https:\/\/barcelona.euses.cat\/es\/"},{"@type":"ListItem","position":2,"name":"El Dr. Gerard Mu\u00f1oz dirige la quinta y \u00faltima Jornada de Puertas Abiertas de Physiotherapy"}]},{"@type":"WebSite","@id":"https:\/\/barcelona.euses.cat\/ca\/#website","url":"https:\/\/barcelona.euses.cat\/ca\/","name":"EUSES - Campus de Bellvitge (Barcelona)","description":"EUSES, Escuela Universitaria de Fisioterapia Internacional en Barcelona","potentialAction":[{"@type":"SearchAction","target":{"@type":"EntryPoint","urlTemplate":"https:\/\/barcelona.euses.cat\/ca\/?s={search_term_string}"},"query-input":{"@type":"PropertyValueSpecification","valueRequired":true,"valueName":"search_term_string"}}],"inLanguage":"es"},{"@type":"Person","@id":"https:\/\/barcelona.euses.cat\/ca\/#\/schema\/person\/8ab46080dfc4814fa59383db317735bd","name":"Jordi Danes","image":{"@type":"ImageObject","inLanguage":"es","@id":"https:\/\/secure.gravatar.com\/avatar\/a9e4f443b594af225625ee8cfa665e41b1e0740ea34fbe0515b4ca559f8570ef?s=96&d=mm&r=g","url":"https:\/\/secure.gravatar.com\/avatar\/a9e4f443b594af225625ee8cfa665e41b1e0740ea34fbe0515b4ca559f8570ef?s=96&d=mm&r=g","contentUrl":"https:\/\/secure.gravatar.com\/avatar\/a9e4f443b594af225625ee8cfa665e41b1e0740ea34fbe0515b4ca559f8570ef?s=96&d=mm&r=g","caption":"Jordi Danes"},"url":"https:\/\/barcelona.euses.cat\/es\/author\/jordi-danes\/"}]}},"_links":{"self":[{"href":"https:\/\/barcelona.euses.cat\/es\/wp-json\/wp\/v2\/posts\/9859","targetHints":{"allow":["GET"]}}],"collection":[{"href":"https:\/\/barcelona.euses.cat\/es\/wp-json\/wp\/v2\/posts"}],"about":[{"href":"https:\/\/barcelona.euses.cat\/es\/wp-json\/wp\/v2\/types\/post"}],"author":[{"embeddable":true,"href":"https:\/\/barcelona.euses.cat\/es\/wp-json\/wp\/v2\/users\/3"}],"replies":[{"embeddable":true,"href":"https:\/\/barcelona.euses.cat\/es\/wp-json\/wp\/v2\/comments?post=9859"}],"version-history":[{"count":1,"href":"https:\/\/barcelona.euses.cat\/es\/wp-json\/wp\/v2\/posts\/9859\/revisions"}],"predecessor-version":[{"id":9860,"href":"https:\/\/barcelona.euses.cat\/es\/wp-json\/wp\/v2\/posts\/9859\/revisions\/9860"}],"wp:featuredmedia":[{"embeddable":true,"href":"https:\/\/barcelona.euses.cat\/es\/wp-json\/wp\/v2\/media\/9845"}],"wp:attachment":[{"href":"https:\/\/barcelona.euses.cat\/es\/wp-json\/wp\/v2\/media?parent=9859"}],"wp:term":[{"taxonomy":"category","embeddable":true,"href":"https:\/\/barcelona.euses.cat\/es\/wp-json\/wp\/v2\/categories?post=9859"},{"taxonomy":"post_tag","embeddable":true,"href":"https:\/\/barcelona.euses.cat\/es\/wp-json\/wp\/v2\/tags?post=9859"}],"curies":[{"name":"wp","href":"https:\/\/api.w.org\/{rel}","templated":true}]}}