{"id":9757,"date":"2021-04-13T23:57:16","date_gmt":"2021-04-13T21:57:16","guid":{"rendered":"https:\/\/barcelona.euses.cat\/?p=9757"},"modified":"2021-04-13T23:57:16","modified_gmt":"2021-04-13T21:57:16","slug":"cuenta-atras-para-la-celebracion-de-la-primera-edicion-del-euses-talent-day-el-martes-27-de-abril","status":"publish","type":"post","link":"https:\/\/barcelona.euses.cat\/es\/cuenta-atras-para-la-celebracion-de-la-primera-edicion-del-euses-talent-day-el-martes-27-de-abril\/","title":{"rendered":"Cuenta atr\u00e1s para la celebraci\u00f3n de la primera edici\u00f3n del EUSES Talent Day, el martes 27 de abril"},"content":{"rendered":"<p>Dise\u00f1ado y organizado por el equipo de EUSES Alumni, el pr\u00f3ximo d\u00eda 27 de abril ver\u00e1 la luz la primera edici\u00f3n del EUSES Talent Day, la Feria Virtual de la Ocupaci\u00f3n y Orientaci\u00f3n profesional de la Escola Universit\u00e0ria de la Salut i l&#8217;Esport. El gran objetivo del EUSES Talent Day es poner al alcance todas las herramientas necesarias a los estudiantes que est\u00e1n a punto de graduarse para que puedan acceder al mercado laboral y, al mismo tiempo, ayudar a los graduados y graduadas que ya forman parte de la familia Alumni a encontrar una salida profesional.<\/p>\n<p>Las inscripciones para el EUSES Talent Day se han abierto esta semana y podr\u00e1n participar en la jornada todos los alumnos de EUSES de los tres campus (Salt, Bellvitge y Terres de l&#8217;Ebre), as\u00ed como los graduados que forman parte de la asociaci\u00f3n Alumni. La Feria Virtual de la Ocupaci\u00f3n y la Orientaci\u00f3n profesional de EUSES empezar\u00e1 a las 10 de la ma\u00f1ana, se prolongar\u00e1 hasta las 6 de la tarde y constar\u00e1 de dos partes:<\/p>\n<p>&#8211; Conferencias y mesas redondas donde se hablar\u00e1 de las diferentes opciones profesionales que pueden tener los graduados en Fisioterapia y en CAFyD y donde tambi\u00e9n se podr\u00e1 escuchar el testimonio de graduados de EUSES que nos explicar\u00e1n su experiencia profesional aqu\u00ed y en el extranjero.<\/p>\n<p>&#8211; Stands virtuales donde empresas y centros, de casa y de otros pa\u00edses de nuestro entorno, podr\u00e1n publicar su informaci\u00f3n corporativa, sus ofertas de trabajo para los graduados de EUSES y contactar con los interesados a trav\u00e9s del chat. Al mismo tiempo, los alumnos podr\u00e1n encontrar ofertas de pr\u00e1cticas remuneradas durante el verano.<\/p>\n<p>Para inscribirte al <strong>EUSES Talent Day<\/strong>, accede a <a href=\"https:\/\/eusestalentday.easyvirtualfair.com\/\" target=\"_blank\" rel=\"noopener noreferrer\">este enlace<\/a> y rellena el formulario.<\/p>\n<p>Para asociarte a <strong>EUSES Alumni<\/strong>, accede a <a href=\"https:\/\/www.alumni.euses.cat\/es\/acceder\" target=\"_blank\" rel=\"noopener noreferrer\">este enlace<\/a> y rellena el formulario.<\/p>\n","protected":false},"excerpt":{"rendered":"<p>Dise\u00f1ado y organizado por el equipo de EUSES Alumni, el pr\u00f3ximo d\u00eda 27 de abril ver\u00e1 la luz la primera edici\u00f3n del EUSES Talent Day, la Feria Virtual de la Ocupaci\u00f3n y Orientaci\u00f3n profesional de la Escola Universit\u00e0ria de la Salut i l&#8217;Esport. El gran objetivo del EUSES Talent Day es poner al alcance todas [&hellip;]<\/p>\n","protected":false},"author":3,"featured_media":9742,"comment_status":"open","ping_status":"closed","sticky":false,"template":"","format":"standard","meta":{"_acf_changed":false,"inline_featured_image":false,"_joinchat":[],"footnotes":""},"categories":[1],"tags":[],"class_list":["post-9757","post","type-post","status-publish","format-standard","has-post-thumbnail","hentry","category-sin-categorizar"],"acf":[],"yoast_head":"<!-- This site is optimized with the Yoast SEO plugin v27.4 - https:\/\/yoast.com\/product\/yoast-seo-wordpress\/ -->\n<title>Cuenta atr\u00e1s para la celebraci\u00f3n de la primera edici\u00f3n del EUSES Talent Day, el martes 27 de abril | EUSES - Campus de Bellvitge (Barcelona)<\/title>\n<meta name=\"robots\" content=\"index, follow, max-snippet:-1, max-image-preview:large, max-video-preview:-1\" \/>\n<link rel=\"canonical\" href=\"https:\/\/barcelona.euses.cat\/es\/cuenta-atras-para-la-celebracion-de-la-primera-edicion-del-euses-talent-day-el-martes-27-de-abril\/\" \/>\n<meta property=\"og:locale\" content=\"es_ES\" \/>\n<meta property=\"og:type\" content=\"article\" \/>\n<meta property=\"og:title\" content=\"Cuenta atr\u00e1s para la celebraci\u00f3n de la primera edici\u00f3n del EUSES Talent Day, el martes 27 de abril | EUSES - Campus de Bellvitge (Barcelona)\" \/>\n<meta property=\"og:description\" content=\"Dise\u00f1ado y organizado por el equipo de EUSES Alumni, el pr\u00f3ximo d\u00eda 27 de abril ver\u00e1 la luz la primera edici\u00f3n del EUSES Talent Day, la Feria Virtual de la Ocupaci\u00f3n y Orientaci\u00f3n profesional de la Escola Universit\u00e0ria de la Salut i l&#8217;Esport. El gran objetivo del EUSES Talent Day es poner al alcance todas [&hellip;]\" \/>\n<meta property=\"og:url\" content=\"https:\/\/barcelona.euses.cat\/es\/cuenta-atras-para-la-celebracion-de-la-primera-edicion-del-euses-talent-day-el-martes-27-de-abril\/\" \/>\n<meta property=\"og:site_name\" content=\"EUSES - Campus de Bellvitge (Barcelona)\" \/>\n<meta property=\"article:publisher\" content=\"https:\/\/www.facebook.com\/PhysioBCN\/\" \/>\n<meta property=\"article:published_time\" content=\"2021-04-13T21:57:16+00:00\" \/>\n<meta property=\"og:image\" content=\"https:\/\/barcelona.euses.cat\/wp-content\/uploads\/2021\/04\/slide_TALENT_DAY_1920x650_cast.jpg\" \/>\n\t<meta property=\"og:image:width\" content=\"1920\" \/>\n\t<meta property=\"og:image:height\" content=\"650\" \/>\n\t<meta property=\"og:image:type\" content=\"image\/jpeg\" \/>\n<meta name=\"author\" content=\"Jordi Danes\" \/>\n<meta name=\"twitter:card\" content=\"summary_large_image\" \/>\n<meta name=\"twitter:label1\" content=\"Escrito por\" \/>\n\t<meta name=\"twitter:data1\" content=\"Jordi Danes\" \/>\n\t<meta name=\"twitter:label2\" content=\"Tiempo de lectura\" \/>\n\t<meta name=\"twitter:data2\" content=\"2 minutos\" \/>\n<script type=\"application\/ld+json\" class=\"yoast-schema-graph\">{\"@context\":\"https:\\\/\\\/schema.org\",\"@graph\":[{\"@type\":\"Article\",\"@id\":\"https:\\\/\\\/barcelona.euses.cat\\\/es\\\/cuenta-atras-para-la-celebracion-de-la-primera-edicion-del-euses-talent-day-el-martes-27-de-abril\\\/#article\",\"isPartOf\":{\"@id\":\"https:\\\/\\\/barcelona.euses.cat\\\/es\\\/cuenta-atras-para-la-celebracion-de-la-primera-edicion-del-euses-talent-day-el-martes-27-de-abril\\\/\"},\"author\":{\"name\":\"Jordi Danes\",\"@id\":\"https:\\\/\\\/barcelona.euses.cat\\\/ca\\\/#\\\/schema\\\/person\\\/8ab46080dfc4814fa59383db317735bd\"},\"headline\":\"Cuenta atr\u00e1s para la celebraci\u00f3n de la primera edici\u00f3n del EUSES Talent Day, el martes 27 de abril\",\"datePublished\":\"2021-04-13T21:57:16+00:00\",\"mainEntityOfPage\":{\"@id\":\"https:\\\/\\\/barcelona.euses.cat\\\/es\\\/cuenta-atras-para-la-celebracion-de-la-primera-edicion-del-euses-talent-day-el-martes-27-de-abril\\\/\"},\"wordCount\":339,\"commentCount\":0,\"image\":{\"@id\":\"https:\\\/\\\/barcelona.euses.cat\\\/es\\\/cuenta-atras-para-la-celebracion-de-la-primera-edicion-del-euses-talent-day-el-martes-27-de-abril\\\/#primaryimage\"},\"thumbnailUrl\":\"https:\\\/\\\/barcelona.euses.cat\\\/wp-content\\\/uploads\\\/2021\\\/04\\\/slide_TALENT_DAY_1920x650_cast.jpg\",\"articleSection\":[\"Sin categorizar\"],\"inLanguage\":\"es\"},{\"@type\":\"WebPage\",\"@id\":\"https:\\\/\\\/barcelona.euses.cat\\\/es\\\/cuenta-atras-para-la-celebracion-de-la-primera-edicion-del-euses-talent-day-el-martes-27-de-abril\\\/\",\"url\":\"https:\\\/\\\/barcelona.euses.cat\\\/es\\\/cuenta-atras-para-la-celebracion-de-la-primera-edicion-del-euses-talent-day-el-martes-27-de-abril\\\/\",\"name\":\"Cuenta atr\u00e1s para la celebraci\u00f3n de la primera edici\u00f3n del EUSES Talent Day, el martes 27 de abril | EUSES - Campus de Bellvitge (Barcelona)\",\"isPartOf\":{\"@id\":\"https:\\\/\\\/barcelona.euses.cat\\\/ca\\\/#website\"},\"primaryImageOfPage\":{\"@id\":\"https:\\\/\\\/barcelona.euses.cat\\\/es\\\/cuenta-atras-para-la-celebracion-de-la-primera-edicion-del-euses-talent-day-el-martes-27-de-abril\\\/#primaryimage\"},\"image\":{\"@id\":\"https:\\\/\\\/barcelona.euses.cat\\\/es\\\/cuenta-atras-para-la-celebracion-de-la-primera-edicion-del-euses-talent-day-el-martes-27-de-abril\\\/#primaryimage\"},\"thumbnailUrl\":\"https:\\\/\\\/barcelona.euses.cat\\\/wp-content\\\/uploads\\\/2021\\\/04\\\/slide_TALENT_DAY_1920x650_cast.jpg\",\"datePublished\":\"2021-04-13T21:57:16+00:00\",\"author\":{\"@id\":\"https:\\\/\\\/barcelona.euses.cat\\\/ca\\\/#\\\/schema\\\/person\\\/8ab46080dfc4814fa59383db317735bd\"},\"breadcrumb\":{\"@id\":\"https:\\\/\\\/barcelona.euses.cat\\\/es\\\/cuenta-atras-para-la-celebracion-de-la-primera-edicion-del-euses-talent-day-el-martes-27-de-abril\\\/#breadcrumb\"},\"inLanguage\":\"es\",\"potentialAction\":[{\"@type\":\"ReadAction\",\"target\":[\"https:\\\/\\\/barcelona.euses.cat\\\/es\\\/cuenta-atras-para-la-celebracion-de-la-primera-edicion-del-euses-talent-day-el-martes-27-de-abril\\\/\"]}]},{\"@type\":\"ImageObject\",\"inLanguage\":\"es\",\"@id\":\"https:\\\/\\\/barcelona.euses.cat\\\/es\\\/cuenta-atras-para-la-celebracion-de-la-primera-edicion-del-euses-talent-day-el-martes-27-de-abril\\\/#primaryimage\",\"url\":\"https:\\\/\\\/barcelona.euses.cat\\\/wp-content\\\/uploads\\\/2021\\\/04\\\/slide_TALENT_DAY_1920x650_cast.jpg\",\"contentUrl\":\"https:\\\/\\\/barcelona.euses.cat\\\/wp-content\\\/uploads\\\/2021\\\/04\\\/slide_TALENT_DAY_1920x650_cast.jpg\",\"width\":1920,\"height\":650},{\"@type\":\"BreadcrumbList\",\"@id\":\"https:\\\/\\\/barcelona.euses.cat\\\/es\\\/cuenta-atras-para-la-celebracion-de-la-primera-edicion-del-euses-talent-day-el-martes-27-de-abril\\\/#breadcrumb\",\"itemListElement\":[{\"@type\":\"ListItem\",\"position\":1,\"name\":\"Portada\",\"item\":\"https:\\\/\\\/barcelona.euses.cat\\\/es\\\/\"},{\"@type\":\"ListItem\",\"position\":2,\"name\":\"Cuenta atr\u00e1s para la celebraci\u00f3n de la primera edici\u00f3n del EUSES Talent Day, el martes 27 de abril\"}]},{\"@type\":\"WebSite\",\"@id\":\"https:\\\/\\\/barcelona.euses.cat\\\/ca\\\/#website\",\"url\":\"https:\\\/\\\/barcelona.euses.cat\\\/ca\\\/\",\"name\":\"EUSES - Campus de Bellvitge (Barcelona)\",\"description\":\"EUSES, Escuela Universitaria de Fisioterapia Internacional en Barcelona\",\"potentialAction\":[{\"@type\":\"SearchAction\",\"target\":{\"@type\":\"EntryPoint\",\"urlTemplate\":\"https:\\\/\\\/barcelona.euses.cat\\\/ca\\\/?s={search_term_string}\"},\"query-input\":{\"@type\":\"PropertyValueSpecification\",\"valueRequired\":true,\"valueName\":\"search_term_string\"}}],\"inLanguage\":\"es\"},{\"@type\":\"Person\",\"@id\":\"https:\\\/\\\/barcelona.euses.cat\\\/ca\\\/#\\\/schema\\\/person\\\/8ab46080dfc4814fa59383db317735bd\",\"name\":\"Jordi Danes\",\"image\":{\"@type\":\"ImageObject\",\"inLanguage\":\"es\",\"@id\":\"https:\\\/\\\/secure.gravatar.com\\\/avatar\\\/a9e4f443b594af225625ee8cfa665e41b1e0740ea34fbe0515b4ca559f8570ef?s=96&d=mm&r=g\",\"url\":\"https:\\\/\\\/secure.gravatar.com\\\/avatar\\\/a9e4f443b594af225625ee8cfa665e41b1e0740ea34fbe0515b4ca559f8570ef?s=96&d=mm&r=g\",\"contentUrl\":\"https:\\\/\\\/secure.gravatar.com\\\/avatar\\\/a9e4f443b594af225625ee8cfa665e41b1e0740ea34fbe0515b4ca559f8570ef?s=96&d=mm&r=g\",\"caption\":\"Jordi Danes\"},\"url\":\"https:\\\/\\\/barcelona.euses.cat\\\/es\\\/author\\\/jordi-danes\\\/\"}]}<\/script>\n<!-- \/ Yoast SEO plugin. -->","yoast_head_json":{"title":"Cuenta atr\u00e1s para la celebraci\u00f3n de la primera edici\u00f3n del EUSES Talent Day, el martes 27 de abril | EUSES - Campus de Bellvitge (Barcelona)","robots":{"index":"index","follow":"follow","max-snippet":"max-snippet:-1","max-image-preview":"max-image-preview:large","max-video-preview":"max-video-preview:-1"},"canonical":"https:\/\/barcelona.euses.cat\/es\/cuenta-atras-para-la-celebracion-de-la-primera-edicion-del-euses-talent-day-el-martes-27-de-abril\/","og_locale":"es_ES","og_type":"article","og_title":"Cuenta atr\u00e1s para la celebraci\u00f3n de la primera edici\u00f3n del EUSES Talent Day, el martes 27 de abril | EUSES - Campus de Bellvitge (Barcelona)","og_description":"Dise\u00f1ado y organizado por el equipo de EUSES Alumni, el pr\u00f3ximo d\u00eda 27 de abril ver\u00e1 la luz la primera edici\u00f3n del EUSES Talent Day, la Feria Virtual de la Ocupaci\u00f3n y Orientaci\u00f3n profesional de la Escola Universit\u00e0ria de la Salut i l&#8217;Esport. El gran objetivo del EUSES Talent Day es poner al alcance todas [&hellip;]","og_url":"https:\/\/barcelona.euses.cat\/es\/cuenta-atras-para-la-celebracion-de-la-primera-edicion-del-euses-talent-day-el-martes-27-de-abril\/","og_site_name":"EUSES - Campus de Bellvitge (Barcelona)","article_publisher":"https:\/\/www.facebook.com\/PhysioBCN\/","article_published_time":"2021-04-13T21:57:16+00:00","og_image":[{"width":1920,"height":650,"url":"https:\/\/barcelona.euses.cat\/wp-content\/uploads\/2021\/04\/slide_TALENT_DAY_1920x650_cast.jpg","type":"image\/jpeg"}],"author":"Jordi Danes","twitter_card":"summary_large_image","twitter_misc":{"Escrito por":"Jordi Danes","Tiempo de lectura":"2 minutos"},"schema":{"@context":"https:\/\/schema.org","@graph":[{"@type":"Article","@id":"https:\/\/barcelona.euses.cat\/es\/cuenta-atras-para-la-celebracion-de-la-primera-edicion-del-euses-talent-day-el-martes-27-de-abril\/#article","isPartOf":{"@id":"https:\/\/barcelona.euses.cat\/es\/cuenta-atras-para-la-celebracion-de-la-primera-edicion-del-euses-talent-day-el-martes-27-de-abril\/"},"author":{"name":"Jordi Danes","@id":"https:\/\/barcelona.euses.cat\/ca\/#\/schema\/person\/8ab46080dfc4814fa59383db317735bd"},"headline":"Cuenta atr\u00e1s para la celebraci\u00f3n de la primera edici\u00f3n del EUSES Talent Day, el martes 27 de abril","datePublished":"2021-04-13T21:57:16+00:00","mainEntityOfPage":{"@id":"https:\/\/barcelona.euses.cat\/es\/cuenta-atras-para-la-celebracion-de-la-primera-edicion-del-euses-talent-day-el-martes-27-de-abril\/"},"wordCount":339,"commentCount":0,"image":{"@id":"https:\/\/barcelona.euses.cat\/es\/cuenta-atras-para-la-celebracion-de-la-primera-edicion-del-euses-talent-day-el-martes-27-de-abril\/#primaryimage"},"thumbnailUrl":"https:\/\/barcelona.euses.cat\/wp-content\/uploads\/2021\/04\/slide_TALENT_DAY_1920x650_cast.jpg","articleSection":["Sin categorizar"],"inLanguage":"es"},{"@type":"WebPage","@id":"https:\/\/barcelona.euses.cat\/es\/cuenta-atras-para-la-celebracion-de-la-primera-edicion-del-euses-talent-day-el-martes-27-de-abril\/","url":"https:\/\/barcelona.euses.cat\/es\/cuenta-atras-para-la-celebracion-de-la-primera-edicion-del-euses-talent-day-el-martes-27-de-abril\/","name":"Cuenta atr\u00e1s para la celebraci\u00f3n de la primera edici\u00f3n del EUSES Talent Day, el martes 27 de abril | EUSES - Campus de Bellvitge (Barcelona)","isPartOf":{"@id":"https:\/\/barcelona.euses.cat\/ca\/#website"},"primaryImageOfPage":{"@id":"https:\/\/barcelona.euses.cat\/es\/cuenta-atras-para-la-celebracion-de-la-primera-edicion-del-euses-talent-day-el-martes-27-de-abril\/#primaryimage"},"image":{"@id":"https:\/\/barcelona.euses.cat\/es\/cuenta-atras-para-la-celebracion-de-la-primera-edicion-del-euses-talent-day-el-martes-27-de-abril\/#primaryimage"},"thumbnailUrl":"https:\/\/barcelona.euses.cat\/wp-content\/uploads\/2021\/04\/slide_TALENT_DAY_1920x650_cast.jpg","datePublished":"2021-04-13T21:57:16+00:00","author":{"@id":"https:\/\/barcelona.euses.cat\/ca\/#\/schema\/person\/8ab46080dfc4814fa59383db317735bd"},"breadcrumb":{"@id":"https:\/\/barcelona.euses.cat\/es\/cuenta-atras-para-la-celebracion-de-la-primera-edicion-del-euses-talent-day-el-martes-27-de-abril\/#breadcrumb"},"inLanguage":"es","potentialAction":[{"@type":"ReadAction","target":["https:\/\/barcelona.euses.cat\/es\/cuenta-atras-para-la-celebracion-de-la-primera-edicion-del-euses-talent-day-el-martes-27-de-abril\/"]}]},{"@type":"ImageObject","inLanguage":"es","@id":"https:\/\/barcelona.euses.cat\/es\/cuenta-atras-para-la-celebracion-de-la-primera-edicion-del-euses-talent-day-el-martes-27-de-abril\/#primaryimage","url":"https:\/\/barcelona.euses.cat\/wp-content\/uploads\/2021\/04\/slide_TALENT_DAY_1920x650_cast.jpg","contentUrl":"https:\/\/barcelona.euses.cat\/wp-content\/uploads\/2021\/04\/slide_TALENT_DAY_1920x650_cast.jpg","width":1920,"height":650},{"@type":"BreadcrumbList","@id":"https:\/\/barcelona.euses.cat\/es\/cuenta-atras-para-la-celebracion-de-la-primera-edicion-del-euses-talent-day-el-martes-27-de-abril\/#breadcrumb","itemListElement":[{"@type":"ListItem","position":1,"name":"Portada","item":"https:\/\/barcelona.euses.cat\/es\/"},{"@type":"ListItem","position":2,"name":"Cuenta atr\u00e1s para la celebraci\u00f3n de la primera edici\u00f3n del EUSES Talent Day, el martes 27 de abril"}]},{"@type":"WebSite","@id":"https:\/\/barcelona.euses.cat\/ca\/#website","url":"https:\/\/barcelona.euses.cat\/ca\/","name":"EUSES - Campus de Bellvitge (Barcelona)","description":"EUSES, Escuela Universitaria de Fisioterapia Internacional en Barcelona","potentialAction":[{"@type":"SearchAction","target":{"@type":"EntryPoint","urlTemplate":"https:\/\/barcelona.euses.cat\/ca\/?s={search_term_string}"},"query-input":{"@type":"PropertyValueSpecification","valueRequired":true,"valueName":"search_term_string"}}],"inLanguage":"es"},{"@type":"Person","@id":"https:\/\/barcelona.euses.cat\/ca\/#\/schema\/person\/8ab46080dfc4814fa59383db317735bd","name":"Jordi Danes","image":{"@type":"ImageObject","inLanguage":"es","@id":"https:\/\/secure.gravatar.com\/avatar\/a9e4f443b594af225625ee8cfa665e41b1e0740ea34fbe0515b4ca559f8570ef?s=96&d=mm&r=g","url":"https:\/\/secure.gravatar.com\/avatar\/a9e4f443b594af225625ee8cfa665e41b1e0740ea34fbe0515b4ca559f8570ef?s=96&d=mm&r=g","contentUrl":"https:\/\/secure.gravatar.com\/avatar\/a9e4f443b594af225625ee8cfa665e41b1e0740ea34fbe0515b4ca559f8570ef?s=96&d=mm&r=g","caption":"Jordi Danes"},"url":"https:\/\/barcelona.euses.cat\/es\/author\/jordi-danes\/"}]}},"_links":{"self":[{"href":"https:\/\/barcelona.euses.cat\/es\/wp-json\/wp\/v2\/posts\/9757","targetHints":{"allow":["GET"]}}],"collection":[{"href":"https:\/\/barcelona.euses.cat\/es\/wp-json\/wp\/v2\/posts"}],"about":[{"href":"https:\/\/barcelona.euses.cat\/es\/wp-json\/wp\/v2\/types\/post"}],"author":[{"embeddable":true,"href":"https:\/\/barcelona.euses.cat\/es\/wp-json\/wp\/v2\/users\/3"}],"replies":[{"embeddable":true,"href":"https:\/\/barcelona.euses.cat\/es\/wp-json\/wp\/v2\/comments?post=9757"}],"version-history":[{"count":1,"href":"https:\/\/barcelona.euses.cat\/es\/wp-json\/wp\/v2\/posts\/9757\/revisions"}],"predecessor-version":[{"id":9758,"href":"https:\/\/barcelona.euses.cat\/es\/wp-json\/wp\/v2\/posts\/9757\/revisions\/9758"}],"wp:featuredmedia":[{"embeddable":true,"href":"https:\/\/barcelona.euses.cat\/es\/wp-json\/wp\/v2\/media\/9742"}],"wp:attachment":[{"href":"https:\/\/barcelona.euses.cat\/es\/wp-json\/wp\/v2\/media?parent=9757"}],"wp:term":[{"taxonomy":"category","embeddable":true,"href":"https:\/\/barcelona.euses.cat\/es\/wp-json\/wp\/v2\/categories?post=9757"},{"taxonomy":"post_tag","embeddable":true,"href":"https:\/\/barcelona.euses.cat\/es\/wp-json\/wp\/v2\/tags?post=9757"}],"curies":[{"name":"wp","href":"https:\/\/api.w.org\/{rel}","templated":true}]}}