{"id":9727,"date":"2021-04-11T13:14:56","date_gmt":"2021-04-11T11:14:56","guid":{"rendered":"https:\/\/barcelona.euses.cat\/?p=9727"},"modified":"2021-04-11T19:55:15","modified_gmt":"2021-04-11T17:55:15","slug":"publican-una-investigacion-de-la-profesora-andrea-fuente-sobre-los-factores-determinantes-para-la-eleccion-del-grado-en-fisioterapia","status":"publish","type":"post","link":"https:\/\/barcelona.euses.cat\/es\/publican-una-investigacion-de-la-profesora-andrea-fuente-sobre-los-factores-determinantes-para-la-eleccion-del-grado-en-fisioterapia\/","title":{"rendered":"Publican una investigaci\u00f3n de la profesora Andrea Fuente sobre los factores determinantes para la elecci\u00f3n del Grado en Fisioterapia"},"content":{"rendered":"<p>La profesora de Physiotherapy Andrea Fuente, que imparte las asignaturas de Fundamentos de Fisioterapia (1\u00ba), Valoraci\u00f3n en Fisioterapia (1\u00ba), Atenci\u00f3n Sanitaria B\u00e1sica (2\u00ba), Cinesiterapia (2\u00ba) y Trabajo Final de Grado (4\u00ba) en el Campus de Bellvitge, ha visto publicada una investigaci\u00f3n que originariamente form\u00f3 parte de su Trabajo Final de M\u00e1ster sobre los \u201cFactores que influyen en la elecci\u00f3n del Grado en Fisioterapia en Catalunya por parte de los estudiantes\u201d. El trabajo se realiz\u00f3 el a\u00f1o 2018 sobre una amplia muestra de alumnos (se encuestaron 941 estudiantes de primer curso de 10 de los 12 centros universitarios que imparten este grado en Catalunya y entre los cuales hab\u00eda representantes de los campus de Salt i de Terres de l\u2019Ebre de EUSES) y tambi\u00e9n permiti\u00f3 evaluar las diferencias entre estudiantes franceses y espa\u00f1oles y entre hombres y mujeres.<\/p>\n<p>El <a href=\"https:\/\/peerj.com\/articles\/10991\/\" target=\"_blank\" rel=\"noopener noreferrer\">art\u00edculo de investigaci\u00f3n se ha publicado en la revista Peer J<\/a> y algunas de las conclusiones han sido que los factores m\u00e1s determinantes en la hora de estudiar Fisioterapia fueron: la voluntad de ayudar los dem\u00e1s; la relaci\u00f3n de la profesi\u00f3n con el deporte y la pr\u00e1ctica manual; as\u00ed como la flexibilidad laboral en cuanto a las m\u00faltiples posibilidades de inserci\u00f3n laboral.<\/p>\n<p>Tambi\u00e9n se concluy\u00f3 que las mujeres priorizan ayudar los otros y el inter\u00e9s para las ciencias, mientras que para los estudiantes masculinos las razones de mayor peso son la relaci\u00f3n de la Fisioterapia con el deporte, el hecho de complementar estudios de grado previos, as\u00ed como factores de tipo social (admiraci\u00f3n, recomendaciones, amistad, reconocimiento) y socioecon\u00f3mico como la empleabilidad o los buenos ingresos.<\/p>\n<p>En comparaci\u00f3n con los estudiantes espa\u00f1oles, los alumnos franceses se muestran m\u00e1s motivados por la relaci\u00f3n con factores deportivos, sociales y socioecon\u00f3micos (expectativa de buenos salarios y empleo) y algunos de vocacionales, como ser un deseo de la infancia o el inter\u00e9s en una profesi\u00f3n manual.<\/p>\n","protected":false},"excerpt":{"rendered":"<p>La profesora de Physiotherapy Andrea Fuente, que imparte las asignaturas de Fundamentos de Fisioterapia (1\u00ba), Valoraci\u00f3n en Fisioterapia (1\u00ba), Atenci\u00f3n Sanitaria B\u00e1sica (2\u00ba), Cinesiterapia (2\u00ba) y Trabajo Final de Grado (4\u00ba) en el Campus de Bellvitge, ha visto publicada una investigaci\u00f3n que originariamente form\u00f3 parte de su Trabajo Final de M\u00e1ster sobre los \u201cFactores que [&hellip;]<\/p>\n","protected":false},"author":3,"featured_media":9676,"comment_status":"open","ping_status":"closed","sticky":false,"template":"","format":"standard","meta":{"_acf_changed":false,"inline_featured_image":false,"_joinchat":[],"footnotes":""},"categories":[1],"tags":[],"class_list":["post-9727","post","type-post","status-publish","format-standard","has-post-thumbnail","hentry","category-sin-categorizar"],"acf":[],"yoast_head":"<!-- This site is optimized with the Yoast SEO plugin v27.4 - https:\/\/yoast.com\/product\/yoast-seo-wordpress\/ -->\n<title>Publican una investigaci\u00f3n de la profesora Andrea Fuente sobre los factores determinantes para la elecci\u00f3n del Grado en Fisioterapia | EUSES - Campus de Bellvitge (Barcelona)<\/title>\n<meta name=\"robots\" content=\"index, follow, max-snippet:-1, max-image-preview:large, max-video-preview:-1\" \/>\n<link rel=\"canonical\" href=\"https:\/\/barcelona.euses.cat\/es\/publican-una-investigacion-de-la-profesora-andrea-fuente-sobre-los-factores-determinantes-para-la-eleccion-del-grado-en-fisioterapia\/\" \/>\n<meta property=\"og:locale\" content=\"es_ES\" \/>\n<meta property=\"og:type\" content=\"article\" \/>\n<meta property=\"og:title\" content=\"Publican una investigaci\u00f3n de la profesora Andrea Fuente sobre los factores determinantes para la elecci\u00f3n del Grado en Fisioterapia | EUSES - Campus de Bellvitge (Barcelona)\" \/>\n<meta property=\"og:description\" content=\"La profesora de Physiotherapy Andrea Fuente, que imparte las asignaturas de Fundamentos de Fisioterapia (1\u00ba), Valoraci\u00f3n en Fisioterapia (1\u00ba), Atenci\u00f3n Sanitaria B\u00e1sica (2\u00ba), Cinesiterapia (2\u00ba) y Trabajo Final de Grado (4\u00ba) en el Campus de Bellvitge, ha visto publicada una investigaci\u00f3n que originariamente form\u00f3 parte de su Trabajo Final de M\u00e1ster sobre los \u201cFactores que [&hellip;]\" \/>\n<meta property=\"og:url\" content=\"https:\/\/barcelona.euses.cat\/es\/publican-una-investigacion-de-la-profesora-andrea-fuente-sobre-los-factores-determinantes-para-la-eleccion-del-grado-en-fisioterapia\/\" \/>\n<meta property=\"og:site_name\" content=\"EUSES - Campus de Bellvitge (Barcelona)\" \/>\n<meta property=\"article:publisher\" content=\"https:\/\/www.facebook.com\/PhysioBCN\/\" \/>\n<meta property=\"article:published_time\" content=\"2021-04-11T11:14:56+00:00\" \/>\n<meta property=\"article:modified_time\" content=\"2021-04-11T17:55:15+00:00\" \/>\n<meta property=\"og:image\" content=\"https:\/\/barcelona.euses.cat\/wp-content\/uploads\/2019\/01\/Andrea-Fuente_Foto_BCN-3.jpg\" \/>\n\t<meta property=\"og:image:width\" content=\"1795\" \/>\n\t<meta property=\"og:image:height\" content=\"1699\" \/>\n\t<meta property=\"og:image:type\" content=\"image\/jpeg\" \/>\n<meta name=\"author\" content=\"Jordi Danes\" \/>\n<meta name=\"twitter:card\" content=\"summary_large_image\" \/>\n<meta name=\"twitter:label1\" content=\"Escrito por\" \/>\n\t<meta name=\"twitter:data1\" content=\"Jordi Danes\" \/>\n\t<meta name=\"twitter:label2\" content=\"Tiempo de lectura\" \/>\n\t<meta name=\"twitter:data2\" content=\"2 minutos\" \/>\n<script type=\"application\/ld+json\" class=\"yoast-schema-graph\">{\"@context\":\"https:\\\/\\\/schema.org\",\"@graph\":[{\"@type\":\"Article\",\"@id\":\"https:\\\/\\\/barcelona.euses.cat\\\/es\\\/publican-una-investigacion-de-la-profesora-andrea-fuente-sobre-los-factores-determinantes-para-la-eleccion-del-grado-en-fisioterapia\\\/#article\",\"isPartOf\":{\"@id\":\"https:\\\/\\\/barcelona.euses.cat\\\/es\\\/publican-una-investigacion-de-la-profesora-andrea-fuente-sobre-los-factores-determinantes-para-la-eleccion-del-grado-en-fisioterapia\\\/\"},\"author\":{\"name\":\"Jordi Danes\",\"@id\":\"https:\\\/\\\/barcelona.euses.cat\\\/ca\\\/#\\\/schema\\\/person\\\/8ab46080dfc4814fa59383db317735bd\"},\"headline\":\"Publican una investigaci\u00f3n de la profesora Andrea Fuente sobre los factores determinantes para la elecci\u00f3n del Grado en Fisioterapia\",\"datePublished\":\"2021-04-11T11:14:56+00:00\",\"dateModified\":\"2021-04-11T17:55:15+00:00\",\"mainEntityOfPage\":{\"@id\":\"https:\\\/\\\/barcelona.euses.cat\\\/es\\\/publican-una-investigacion-de-la-profesora-andrea-fuente-sobre-los-factores-determinantes-para-la-eleccion-del-grado-en-fisioterapia\\\/\"},\"wordCount\":353,\"commentCount\":0,\"image\":{\"@id\":\"https:\\\/\\\/barcelona.euses.cat\\\/es\\\/publican-una-investigacion-de-la-profesora-andrea-fuente-sobre-los-factores-determinantes-para-la-eleccion-del-grado-en-fisioterapia\\\/#primaryimage\"},\"thumbnailUrl\":\"https:\\\/\\\/barcelona.euses.cat\\\/wp-content\\\/uploads\\\/2019\\\/01\\\/Andrea-Fuente_Foto_BCN-3.jpg\",\"articleSection\":[\"Sin categorizar\"],\"inLanguage\":\"es\"},{\"@type\":\"WebPage\",\"@id\":\"https:\\\/\\\/barcelona.euses.cat\\\/es\\\/publican-una-investigacion-de-la-profesora-andrea-fuente-sobre-los-factores-determinantes-para-la-eleccion-del-grado-en-fisioterapia\\\/\",\"url\":\"https:\\\/\\\/barcelona.euses.cat\\\/es\\\/publican-una-investigacion-de-la-profesora-andrea-fuente-sobre-los-factores-determinantes-para-la-eleccion-del-grado-en-fisioterapia\\\/\",\"name\":\"Publican una investigaci\u00f3n de la profesora Andrea Fuente sobre los factores determinantes para la elecci\u00f3n del Grado en Fisioterapia | EUSES - Campus de Bellvitge (Barcelona)\",\"isPartOf\":{\"@id\":\"https:\\\/\\\/barcelona.euses.cat\\\/ca\\\/#website\"},\"primaryImageOfPage\":{\"@id\":\"https:\\\/\\\/barcelona.euses.cat\\\/es\\\/publican-una-investigacion-de-la-profesora-andrea-fuente-sobre-los-factores-determinantes-para-la-eleccion-del-grado-en-fisioterapia\\\/#primaryimage\"},\"image\":{\"@id\":\"https:\\\/\\\/barcelona.euses.cat\\\/es\\\/publican-una-investigacion-de-la-profesora-andrea-fuente-sobre-los-factores-determinantes-para-la-eleccion-del-grado-en-fisioterapia\\\/#primaryimage\"},\"thumbnailUrl\":\"https:\\\/\\\/barcelona.euses.cat\\\/wp-content\\\/uploads\\\/2019\\\/01\\\/Andrea-Fuente_Foto_BCN-3.jpg\",\"datePublished\":\"2021-04-11T11:14:56+00:00\",\"dateModified\":\"2021-04-11T17:55:15+00:00\",\"author\":{\"@id\":\"https:\\\/\\\/barcelona.euses.cat\\\/ca\\\/#\\\/schema\\\/person\\\/8ab46080dfc4814fa59383db317735bd\"},\"breadcrumb\":{\"@id\":\"https:\\\/\\\/barcelona.euses.cat\\\/es\\\/publican-una-investigacion-de-la-profesora-andrea-fuente-sobre-los-factores-determinantes-para-la-eleccion-del-grado-en-fisioterapia\\\/#breadcrumb\"},\"inLanguage\":\"es\",\"potentialAction\":[{\"@type\":\"ReadAction\",\"target\":[\"https:\\\/\\\/barcelona.euses.cat\\\/es\\\/publican-una-investigacion-de-la-profesora-andrea-fuente-sobre-los-factores-determinantes-para-la-eleccion-del-grado-en-fisioterapia\\\/\"]}]},{\"@type\":\"ImageObject\",\"inLanguage\":\"es\",\"@id\":\"https:\\\/\\\/barcelona.euses.cat\\\/es\\\/publican-una-investigacion-de-la-profesora-andrea-fuente-sobre-los-factores-determinantes-para-la-eleccion-del-grado-en-fisioterapia\\\/#primaryimage\",\"url\":\"https:\\\/\\\/barcelona.euses.cat\\\/wp-content\\\/uploads\\\/2019\\\/01\\\/Andrea-Fuente_Foto_BCN-3.jpg\",\"contentUrl\":\"https:\\\/\\\/barcelona.euses.cat\\\/wp-content\\\/uploads\\\/2019\\\/01\\\/Andrea-Fuente_Foto_BCN-3.jpg\",\"width\":1795,\"height\":1699},{\"@type\":\"BreadcrumbList\",\"@id\":\"https:\\\/\\\/barcelona.euses.cat\\\/es\\\/publican-una-investigacion-de-la-profesora-andrea-fuente-sobre-los-factores-determinantes-para-la-eleccion-del-grado-en-fisioterapia\\\/#breadcrumb\",\"itemListElement\":[{\"@type\":\"ListItem\",\"position\":1,\"name\":\"Portada\",\"item\":\"https:\\\/\\\/barcelona.euses.cat\\\/es\\\/\"},{\"@type\":\"ListItem\",\"position\":2,\"name\":\"Publican una investigaci\u00f3n de la profesora Andrea Fuente sobre los factores determinantes para la elecci\u00f3n del Grado en Fisioterapia\"}]},{\"@type\":\"WebSite\",\"@id\":\"https:\\\/\\\/barcelona.euses.cat\\\/ca\\\/#website\",\"url\":\"https:\\\/\\\/barcelona.euses.cat\\\/ca\\\/\",\"name\":\"EUSES - Campus de Bellvitge (Barcelona)\",\"description\":\"EUSES, Escuela Universitaria de Fisioterapia Internacional en Barcelona\",\"potentialAction\":[{\"@type\":\"SearchAction\",\"target\":{\"@type\":\"EntryPoint\",\"urlTemplate\":\"https:\\\/\\\/barcelona.euses.cat\\\/ca\\\/?s={search_term_string}\"},\"query-input\":{\"@type\":\"PropertyValueSpecification\",\"valueRequired\":true,\"valueName\":\"search_term_string\"}}],\"inLanguage\":\"es\"},{\"@type\":\"Person\",\"@id\":\"https:\\\/\\\/barcelona.euses.cat\\\/ca\\\/#\\\/schema\\\/person\\\/8ab46080dfc4814fa59383db317735bd\",\"name\":\"Jordi Danes\",\"image\":{\"@type\":\"ImageObject\",\"inLanguage\":\"es\",\"@id\":\"https:\\\/\\\/secure.gravatar.com\\\/avatar\\\/a9e4f443b594af225625ee8cfa665e41b1e0740ea34fbe0515b4ca559f8570ef?s=96&d=mm&r=g\",\"url\":\"https:\\\/\\\/secure.gravatar.com\\\/avatar\\\/a9e4f443b594af225625ee8cfa665e41b1e0740ea34fbe0515b4ca559f8570ef?s=96&d=mm&r=g\",\"contentUrl\":\"https:\\\/\\\/secure.gravatar.com\\\/avatar\\\/a9e4f443b594af225625ee8cfa665e41b1e0740ea34fbe0515b4ca559f8570ef?s=96&d=mm&r=g\",\"caption\":\"Jordi Danes\"},\"url\":\"https:\\\/\\\/barcelona.euses.cat\\\/es\\\/author\\\/jordi-danes\\\/\"}]}<\/script>\n<!-- \/ Yoast SEO plugin. -->","yoast_head_json":{"title":"Publican una investigaci\u00f3n de la profesora Andrea Fuente sobre los factores determinantes para la elecci\u00f3n del Grado en Fisioterapia | EUSES - Campus de Bellvitge (Barcelona)","robots":{"index":"index","follow":"follow","max-snippet":"max-snippet:-1","max-image-preview":"max-image-preview:large","max-video-preview":"max-video-preview:-1"},"canonical":"https:\/\/barcelona.euses.cat\/es\/publican-una-investigacion-de-la-profesora-andrea-fuente-sobre-los-factores-determinantes-para-la-eleccion-del-grado-en-fisioterapia\/","og_locale":"es_ES","og_type":"article","og_title":"Publican una investigaci\u00f3n de la profesora Andrea Fuente sobre los factores determinantes para la elecci\u00f3n del Grado en Fisioterapia | EUSES - Campus de Bellvitge (Barcelona)","og_description":"La profesora de Physiotherapy Andrea Fuente, que imparte las asignaturas de Fundamentos de Fisioterapia (1\u00ba), Valoraci\u00f3n en Fisioterapia (1\u00ba), Atenci\u00f3n Sanitaria B\u00e1sica (2\u00ba), Cinesiterapia (2\u00ba) y Trabajo Final de Grado (4\u00ba) en el Campus de Bellvitge, ha visto publicada una investigaci\u00f3n que originariamente form\u00f3 parte de su Trabajo Final de M\u00e1ster sobre los \u201cFactores que [&hellip;]","og_url":"https:\/\/barcelona.euses.cat\/es\/publican-una-investigacion-de-la-profesora-andrea-fuente-sobre-los-factores-determinantes-para-la-eleccion-del-grado-en-fisioterapia\/","og_site_name":"EUSES - Campus de Bellvitge (Barcelona)","article_publisher":"https:\/\/www.facebook.com\/PhysioBCN\/","article_published_time":"2021-04-11T11:14:56+00:00","article_modified_time":"2021-04-11T17:55:15+00:00","og_image":[{"width":1795,"height":1699,"url":"https:\/\/barcelona.euses.cat\/wp-content\/uploads\/2019\/01\/Andrea-Fuente_Foto_BCN-3.jpg","type":"image\/jpeg"}],"author":"Jordi Danes","twitter_card":"summary_large_image","twitter_misc":{"Escrito por":"Jordi Danes","Tiempo de lectura":"2 minutos"},"schema":{"@context":"https:\/\/schema.org","@graph":[{"@type":"Article","@id":"https:\/\/barcelona.euses.cat\/es\/publican-una-investigacion-de-la-profesora-andrea-fuente-sobre-los-factores-determinantes-para-la-eleccion-del-grado-en-fisioterapia\/#article","isPartOf":{"@id":"https:\/\/barcelona.euses.cat\/es\/publican-una-investigacion-de-la-profesora-andrea-fuente-sobre-los-factores-determinantes-para-la-eleccion-del-grado-en-fisioterapia\/"},"author":{"name":"Jordi Danes","@id":"https:\/\/barcelona.euses.cat\/ca\/#\/schema\/person\/8ab46080dfc4814fa59383db317735bd"},"headline":"Publican una investigaci\u00f3n de la profesora Andrea Fuente sobre los factores determinantes para la elecci\u00f3n del Grado en Fisioterapia","datePublished":"2021-04-11T11:14:56+00:00","dateModified":"2021-04-11T17:55:15+00:00","mainEntityOfPage":{"@id":"https:\/\/barcelona.euses.cat\/es\/publican-una-investigacion-de-la-profesora-andrea-fuente-sobre-los-factores-determinantes-para-la-eleccion-del-grado-en-fisioterapia\/"},"wordCount":353,"commentCount":0,"image":{"@id":"https:\/\/barcelona.euses.cat\/es\/publican-una-investigacion-de-la-profesora-andrea-fuente-sobre-los-factores-determinantes-para-la-eleccion-del-grado-en-fisioterapia\/#primaryimage"},"thumbnailUrl":"https:\/\/barcelona.euses.cat\/wp-content\/uploads\/2019\/01\/Andrea-Fuente_Foto_BCN-3.jpg","articleSection":["Sin categorizar"],"inLanguage":"es"},{"@type":"WebPage","@id":"https:\/\/barcelona.euses.cat\/es\/publican-una-investigacion-de-la-profesora-andrea-fuente-sobre-los-factores-determinantes-para-la-eleccion-del-grado-en-fisioterapia\/","url":"https:\/\/barcelona.euses.cat\/es\/publican-una-investigacion-de-la-profesora-andrea-fuente-sobre-los-factores-determinantes-para-la-eleccion-del-grado-en-fisioterapia\/","name":"Publican una investigaci\u00f3n de la profesora Andrea Fuente sobre los factores determinantes para la elecci\u00f3n del Grado en Fisioterapia | EUSES - Campus de Bellvitge (Barcelona)","isPartOf":{"@id":"https:\/\/barcelona.euses.cat\/ca\/#website"},"primaryImageOfPage":{"@id":"https:\/\/barcelona.euses.cat\/es\/publican-una-investigacion-de-la-profesora-andrea-fuente-sobre-los-factores-determinantes-para-la-eleccion-del-grado-en-fisioterapia\/#primaryimage"},"image":{"@id":"https:\/\/barcelona.euses.cat\/es\/publican-una-investigacion-de-la-profesora-andrea-fuente-sobre-los-factores-determinantes-para-la-eleccion-del-grado-en-fisioterapia\/#primaryimage"},"thumbnailUrl":"https:\/\/barcelona.euses.cat\/wp-content\/uploads\/2019\/01\/Andrea-Fuente_Foto_BCN-3.jpg","datePublished":"2021-04-11T11:14:56+00:00","dateModified":"2021-04-11T17:55:15+00:00","author":{"@id":"https:\/\/barcelona.euses.cat\/ca\/#\/schema\/person\/8ab46080dfc4814fa59383db317735bd"},"breadcrumb":{"@id":"https:\/\/barcelona.euses.cat\/es\/publican-una-investigacion-de-la-profesora-andrea-fuente-sobre-los-factores-determinantes-para-la-eleccion-del-grado-en-fisioterapia\/#breadcrumb"},"inLanguage":"es","potentialAction":[{"@type":"ReadAction","target":["https:\/\/barcelona.euses.cat\/es\/publican-una-investigacion-de-la-profesora-andrea-fuente-sobre-los-factores-determinantes-para-la-eleccion-del-grado-en-fisioterapia\/"]}]},{"@type":"ImageObject","inLanguage":"es","@id":"https:\/\/barcelona.euses.cat\/es\/publican-una-investigacion-de-la-profesora-andrea-fuente-sobre-los-factores-determinantes-para-la-eleccion-del-grado-en-fisioterapia\/#primaryimage","url":"https:\/\/barcelona.euses.cat\/wp-content\/uploads\/2019\/01\/Andrea-Fuente_Foto_BCN-3.jpg","contentUrl":"https:\/\/barcelona.euses.cat\/wp-content\/uploads\/2019\/01\/Andrea-Fuente_Foto_BCN-3.jpg","width":1795,"height":1699},{"@type":"BreadcrumbList","@id":"https:\/\/barcelona.euses.cat\/es\/publican-una-investigacion-de-la-profesora-andrea-fuente-sobre-los-factores-determinantes-para-la-eleccion-del-grado-en-fisioterapia\/#breadcrumb","itemListElement":[{"@type":"ListItem","position":1,"name":"Portada","item":"https:\/\/barcelona.euses.cat\/es\/"},{"@type":"ListItem","position":2,"name":"Publican una investigaci\u00f3n de la profesora Andrea Fuente sobre los factores determinantes para la elecci\u00f3n del Grado en Fisioterapia"}]},{"@type":"WebSite","@id":"https:\/\/barcelona.euses.cat\/ca\/#website","url":"https:\/\/barcelona.euses.cat\/ca\/","name":"EUSES - Campus de Bellvitge (Barcelona)","description":"EUSES, Escuela Universitaria de Fisioterapia Internacional en Barcelona","potentialAction":[{"@type":"SearchAction","target":{"@type":"EntryPoint","urlTemplate":"https:\/\/barcelona.euses.cat\/ca\/?s={search_term_string}"},"query-input":{"@type":"PropertyValueSpecification","valueRequired":true,"valueName":"search_term_string"}}],"inLanguage":"es"},{"@type":"Person","@id":"https:\/\/barcelona.euses.cat\/ca\/#\/schema\/person\/8ab46080dfc4814fa59383db317735bd","name":"Jordi Danes","image":{"@type":"ImageObject","inLanguage":"es","@id":"https:\/\/secure.gravatar.com\/avatar\/a9e4f443b594af225625ee8cfa665e41b1e0740ea34fbe0515b4ca559f8570ef?s=96&d=mm&r=g","url":"https:\/\/secure.gravatar.com\/avatar\/a9e4f443b594af225625ee8cfa665e41b1e0740ea34fbe0515b4ca559f8570ef?s=96&d=mm&r=g","contentUrl":"https:\/\/secure.gravatar.com\/avatar\/a9e4f443b594af225625ee8cfa665e41b1e0740ea34fbe0515b4ca559f8570ef?s=96&d=mm&r=g","caption":"Jordi Danes"},"url":"https:\/\/barcelona.euses.cat\/es\/author\/jordi-danes\/"}]}},"_links":{"self":[{"href":"https:\/\/barcelona.euses.cat\/es\/wp-json\/wp\/v2\/posts\/9727","targetHints":{"allow":["GET"]}}],"collection":[{"href":"https:\/\/barcelona.euses.cat\/es\/wp-json\/wp\/v2\/posts"}],"about":[{"href":"https:\/\/barcelona.euses.cat\/es\/wp-json\/wp\/v2\/types\/post"}],"author":[{"embeddable":true,"href":"https:\/\/barcelona.euses.cat\/es\/wp-json\/wp\/v2\/users\/3"}],"replies":[{"embeddable":true,"href":"https:\/\/barcelona.euses.cat\/es\/wp-json\/wp\/v2\/comments?post=9727"}],"version-history":[{"count":2,"href":"https:\/\/barcelona.euses.cat\/es\/wp-json\/wp\/v2\/posts\/9727\/revisions"}],"predecessor-version":[{"id":9734,"href":"https:\/\/barcelona.euses.cat\/es\/wp-json\/wp\/v2\/posts\/9727\/revisions\/9734"}],"wp:featuredmedia":[{"embeddable":true,"href":"https:\/\/barcelona.euses.cat\/es\/wp-json\/wp\/v2\/media\/9676"}],"wp:attachment":[{"href":"https:\/\/barcelona.euses.cat\/es\/wp-json\/wp\/v2\/media?parent=9727"}],"wp:term":[{"taxonomy":"category","embeddable":true,"href":"https:\/\/barcelona.euses.cat\/es\/wp-json\/wp\/v2\/categories?post=9727"},{"taxonomy":"post_tag","embeddable":true,"href":"https:\/\/barcelona.euses.cat\/es\/wp-json\/wp\/v2\/tags?post=9727"}],"curies":[{"name":"wp","href":"https:\/\/api.w.org\/{rel}","templated":true}]}}