{"id":9011,"date":"2021-01-30T17:38:40","date_gmt":"2021-01-30T16:38:40","guid":{"rendered":"https:\/\/barcelona.euses.cat\/?p=9011"},"modified":"2021-01-30T17:38:40","modified_gmt":"2021-01-30T16:38:40","slug":"celebradas-dos-jornadas-de-puertas-abiertas-virtuales-en-los-campus-de-salt-y-de-bellvitge","status":"publish","type":"post","link":"https:\/\/barcelona.euses.cat\/es\/celebradas-dos-jornadas-de-puertas-abiertas-virtuales-en-los-campus-de-salt-y-de-bellvitge\/","title":{"rendered":"Celebradas dos jornadas de puertas abiertas virtuales en los campus de Salt y de Bellvitge"},"content":{"rendered":"<p>Este viernes, la Escola Universit\u00e0ria de la Salut i l&#8217;Esport ha celebrado una jornada de puertas abiertas que ha servido para exponer la oferta acad\u00e9mica a aquellos estudiantes que est\u00e1n interesados a realizar el Grado en Fisioterapia en EUSES durante el curso 2021\/22 ya sea en el \u00a0campus de Salt o en el de Bellvitge. La jornada, que se ha celebrado online y a trav\u00e9s de la plataforma zoom, ha reunido a numerosos interesados que han sido informados de aspectos como el plan de estudios, las salidas profesionales, los convenios internacionales que EUSES tiene firmados con otras universidades, los acuerdos con diferentes entidades para las practicas, el proceso de inscripci\u00f3n&#8230; Tambi\u00e9n se ha proyectado un video en que se han mostrado las instalaciones, actividades y proyectos.<\/p>\n<p>En el Campus de Salt, la exposici\u00f3n ha ido a cargo del coordinador del Grado en Fisioterapia Eduardo Dom\u00ednguez; del miembro del departamento de promoci\u00f3n, Pau Vila; y del estudiante Alexandre Houdelat. En el Campus de Bellvitge, donde el grado se imparte \u00edntegramente en lengua inglesa, los ponentes han sido el director de Physiotherapy, Gerard Mu\u00f1oz; el miembro del departamento de promoci\u00f3n de EUSES Albert Deulofeu; y el exestudiante Alejandro Revilla.<\/p>\n<p>En la parte final de la sesi\u00f3n se ha abierto un turno de preguntas a trav\u00e9s del chat para que los estudiantes interesados pudieran plantear cualquier cuesti\u00f3n o resolver cualquier duda.<\/p>\n<p>Las pr\u00f3ximas jornadas de puertas abiertas virtuales que hay previstas en EUSES son las siguientes:<\/p>\n<p><strong>Campus de Salt (26 de febrero de 2021):<\/strong><\/p>\n<p>16h: Ciencias de la Actividad F\u00edsica y del Deporte (CAFyD)<br \/>\n16h: Doble titulaci\u00f3n en Ciencias de la Actividad F\u00edsica y del Deporte (CAFyD) y en Fisioterapia<br \/>\n16h: Fisioterapia<\/p>\n<p><strong>Campus de Terres de l&#8217;Ebre (26 de febrero de 2021):<\/strong><br \/>\n17h: Ciencias de la Actividad F\u00edsica y del Deporte (CAFyD)<br \/>\n17h: Doble titulaci\u00f3n en Ciencias de la Actividad F\u00edsica y del Deporte (CAFyD) y en Fisioterapia<br \/>\n18h: Fisioterapia<\/p>\n","protected":false},"excerpt":{"rendered":"<p>Este viernes, la Escola Universit\u00e0ria de la Salut i l&#8217;Esport ha celebrado una jornada de puertas abiertas que ha servido para exponer la oferta acad\u00e9mica a aquellos estudiantes que est\u00e1n interesados a realizar el Grado en Fisioterapia en EUSES durante el curso 2021\/22 ya sea en el \u00a0campus de Salt o en el de Bellvitge. [&hellip;]<\/p>\n","protected":false},"author":3,"featured_media":9009,"comment_status":"open","ping_status":"closed","sticky":false,"template":"","format":"standard","meta":{"_acf_changed":false,"inline_featured_image":false,"_joinchat":[],"footnotes":""},"categories":[1],"tags":[],"class_list":["post-9011","post","type-post","status-publish","format-standard","has-post-thumbnail","hentry","category-sin-categorizar"],"acf":[],"yoast_head":"<!-- This site is optimized with the Yoast SEO plugin v27.4 - https:\/\/yoast.com\/product\/yoast-seo-wordpress\/ -->\n<title>Celebradas dos jornadas de puertas abiertas virtuales en los campus de Salt y de Bellvitge | EUSES - Campus de Bellvitge (Barcelona)<\/title>\n<meta name=\"robots\" content=\"index, follow, max-snippet:-1, max-image-preview:large, max-video-preview:-1\" \/>\n<link rel=\"canonical\" href=\"https:\/\/barcelona.euses.cat\/es\/celebradas-dos-jornadas-de-puertas-abiertas-virtuales-en-los-campus-de-salt-y-de-bellvitge\/\" \/>\n<meta property=\"og:locale\" content=\"es_ES\" \/>\n<meta property=\"og:type\" content=\"article\" \/>\n<meta property=\"og:title\" content=\"Celebradas dos jornadas de puertas abiertas virtuales en los campus de Salt y de Bellvitge | EUSES - Campus de Bellvitge (Barcelona)\" \/>\n<meta property=\"og:description\" content=\"Este viernes, la Escola Universit\u00e0ria de la Salut i l&#8217;Esport ha celebrado una jornada de puertas abiertas que ha servido para exponer la oferta acad\u00e9mica a aquellos estudiantes que est\u00e1n interesados a realizar el Grado en Fisioterapia en EUSES durante el curso 2021\/22 ya sea en el \u00a0campus de Salt o en el de Bellvitge. [&hellip;]\" \/>\n<meta property=\"og:url\" content=\"https:\/\/barcelona.euses.cat\/es\/celebradas-dos-jornadas-de-puertas-abiertas-virtuales-en-los-campus-de-salt-y-de-bellvitge\/\" \/>\n<meta property=\"og:site_name\" content=\"EUSES - Campus de Bellvitge (Barcelona)\" \/>\n<meta property=\"article:publisher\" content=\"https:\/\/www.facebook.com\/PhysioBCN\/\" \/>\n<meta property=\"article:published_time\" content=\"2021-01-30T16:38:40+00:00\" \/>\n<meta property=\"og:image\" content=\"https:\/\/barcelona.euses.cat\/wp-content\/uploads\/2021\/01\/jpo-virtual-salt-29.01.jpg\" \/>\n\t<meta property=\"og:image:width\" content=\"1366\" \/>\n\t<meta property=\"og:image:height\" content=\"768\" \/>\n\t<meta property=\"og:image:type\" content=\"image\/jpeg\" \/>\n<meta name=\"author\" content=\"Jordi Danes\" \/>\n<meta name=\"twitter:card\" content=\"summary_large_image\" \/>\n<meta name=\"twitter:label1\" content=\"Escrito por\" \/>\n\t<meta name=\"twitter:data1\" content=\"Jordi Danes\" \/>\n\t<meta name=\"twitter:label2\" content=\"Tiempo de lectura\" \/>\n\t<meta name=\"twitter:data2\" content=\"2 minutos\" \/>\n<script type=\"application\/ld+json\" class=\"yoast-schema-graph\">{\"@context\":\"https:\\\/\\\/schema.org\",\"@graph\":[{\"@type\":\"Article\",\"@id\":\"https:\\\/\\\/barcelona.euses.cat\\\/es\\\/celebradas-dos-jornadas-de-puertas-abiertas-virtuales-en-los-campus-de-salt-y-de-bellvitge\\\/#article\",\"isPartOf\":{\"@id\":\"https:\\\/\\\/barcelona.euses.cat\\\/es\\\/celebradas-dos-jornadas-de-puertas-abiertas-virtuales-en-los-campus-de-salt-y-de-bellvitge\\\/\"},\"author\":{\"name\":\"Jordi Danes\",\"@id\":\"https:\\\/\\\/barcelona.euses.cat\\\/ca\\\/#\\\/schema\\\/person\\\/8ab46080dfc4814fa59383db317735bd\"},\"headline\":\"Celebradas dos jornadas de puertas abiertas virtuales en los campus de Salt y de Bellvitge\",\"datePublished\":\"2021-01-30T16:38:40+00:00\",\"mainEntityOfPage\":{\"@id\":\"https:\\\/\\\/barcelona.euses.cat\\\/es\\\/celebradas-dos-jornadas-de-puertas-abiertas-virtuales-en-los-campus-de-salt-y-de-bellvitge\\\/\"},\"wordCount\":350,\"commentCount\":0,\"image\":{\"@id\":\"https:\\\/\\\/barcelona.euses.cat\\\/es\\\/celebradas-dos-jornadas-de-puertas-abiertas-virtuales-en-los-campus-de-salt-y-de-bellvitge\\\/#primaryimage\"},\"thumbnailUrl\":\"https:\\\/\\\/barcelona.euses.cat\\\/wp-content\\\/uploads\\\/2021\\\/01\\\/jpo-virtual-salt-29.01.jpg\",\"articleSection\":[\"Sin categorizar\"],\"inLanguage\":\"es\"},{\"@type\":\"WebPage\",\"@id\":\"https:\\\/\\\/barcelona.euses.cat\\\/es\\\/celebradas-dos-jornadas-de-puertas-abiertas-virtuales-en-los-campus-de-salt-y-de-bellvitge\\\/\",\"url\":\"https:\\\/\\\/barcelona.euses.cat\\\/es\\\/celebradas-dos-jornadas-de-puertas-abiertas-virtuales-en-los-campus-de-salt-y-de-bellvitge\\\/\",\"name\":\"Celebradas dos jornadas de puertas abiertas virtuales en los campus de Salt y de Bellvitge | EUSES - Campus de Bellvitge (Barcelona)\",\"isPartOf\":{\"@id\":\"https:\\\/\\\/barcelona.euses.cat\\\/ca\\\/#website\"},\"primaryImageOfPage\":{\"@id\":\"https:\\\/\\\/barcelona.euses.cat\\\/es\\\/celebradas-dos-jornadas-de-puertas-abiertas-virtuales-en-los-campus-de-salt-y-de-bellvitge\\\/#primaryimage\"},\"image\":{\"@id\":\"https:\\\/\\\/barcelona.euses.cat\\\/es\\\/celebradas-dos-jornadas-de-puertas-abiertas-virtuales-en-los-campus-de-salt-y-de-bellvitge\\\/#primaryimage\"},\"thumbnailUrl\":\"https:\\\/\\\/barcelona.euses.cat\\\/wp-content\\\/uploads\\\/2021\\\/01\\\/jpo-virtual-salt-29.01.jpg\",\"datePublished\":\"2021-01-30T16:38:40+00:00\",\"author\":{\"@id\":\"https:\\\/\\\/barcelona.euses.cat\\\/ca\\\/#\\\/schema\\\/person\\\/8ab46080dfc4814fa59383db317735bd\"},\"breadcrumb\":{\"@id\":\"https:\\\/\\\/barcelona.euses.cat\\\/es\\\/celebradas-dos-jornadas-de-puertas-abiertas-virtuales-en-los-campus-de-salt-y-de-bellvitge\\\/#breadcrumb\"},\"inLanguage\":\"es\",\"potentialAction\":[{\"@type\":\"ReadAction\",\"target\":[\"https:\\\/\\\/barcelona.euses.cat\\\/es\\\/celebradas-dos-jornadas-de-puertas-abiertas-virtuales-en-los-campus-de-salt-y-de-bellvitge\\\/\"]}]},{\"@type\":\"ImageObject\",\"inLanguage\":\"es\",\"@id\":\"https:\\\/\\\/barcelona.euses.cat\\\/es\\\/celebradas-dos-jornadas-de-puertas-abiertas-virtuales-en-los-campus-de-salt-y-de-bellvitge\\\/#primaryimage\",\"url\":\"https:\\\/\\\/barcelona.euses.cat\\\/wp-content\\\/uploads\\\/2021\\\/01\\\/jpo-virtual-salt-29.01.jpg\",\"contentUrl\":\"https:\\\/\\\/barcelona.euses.cat\\\/wp-content\\\/uploads\\\/2021\\\/01\\\/jpo-virtual-salt-29.01.jpg\",\"width\":1366,\"height\":768},{\"@type\":\"BreadcrumbList\",\"@id\":\"https:\\\/\\\/barcelona.euses.cat\\\/es\\\/celebradas-dos-jornadas-de-puertas-abiertas-virtuales-en-los-campus-de-salt-y-de-bellvitge\\\/#breadcrumb\",\"itemListElement\":[{\"@type\":\"ListItem\",\"position\":1,\"name\":\"Portada\",\"item\":\"https:\\\/\\\/barcelona.euses.cat\\\/es\\\/\"},{\"@type\":\"ListItem\",\"position\":2,\"name\":\"Celebradas dos jornadas de puertas abiertas virtuales en los campus de Salt y de Bellvitge\"}]},{\"@type\":\"WebSite\",\"@id\":\"https:\\\/\\\/barcelona.euses.cat\\\/ca\\\/#website\",\"url\":\"https:\\\/\\\/barcelona.euses.cat\\\/ca\\\/\",\"name\":\"EUSES - Campus de Bellvitge (Barcelona)\",\"description\":\"EUSES, Escuela Universitaria de Fisioterapia Internacional en Barcelona\",\"potentialAction\":[{\"@type\":\"SearchAction\",\"target\":{\"@type\":\"EntryPoint\",\"urlTemplate\":\"https:\\\/\\\/barcelona.euses.cat\\\/ca\\\/?s={search_term_string}\"},\"query-input\":{\"@type\":\"PropertyValueSpecification\",\"valueRequired\":true,\"valueName\":\"search_term_string\"}}],\"inLanguage\":\"es\"},{\"@type\":\"Person\",\"@id\":\"https:\\\/\\\/barcelona.euses.cat\\\/ca\\\/#\\\/schema\\\/person\\\/8ab46080dfc4814fa59383db317735bd\",\"name\":\"Jordi Danes\",\"image\":{\"@type\":\"ImageObject\",\"inLanguage\":\"es\",\"@id\":\"https:\\\/\\\/secure.gravatar.com\\\/avatar\\\/a9e4f443b594af225625ee8cfa665e41b1e0740ea34fbe0515b4ca559f8570ef?s=96&d=mm&r=g\",\"url\":\"https:\\\/\\\/secure.gravatar.com\\\/avatar\\\/a9e4f443b594af225625ee8cfa665e41b1e0740ea34fbe0515b4ca559f8570ef?s=96&d=mm&r=g\",\"contentUrl\":\"https:\\\/\\\/secure.gravatar.com\\\/avatar\\\/a9e4f443b594af225625ee8cfa665e41b1e0740ea34fbe0515b4ca559f8570ef?s=96&d=mm&r=g\",\"caption\":\"Jordi Danes\"},\"url\":\"https:\\\/\\\/barcelona.euses.cat\\\/es\\\/author\\\/jordi-danes\\\/\"}]}<\/script>\n<!-- \/ Yoast SEO plugin. -->","yoast_head_json":{"title":"Celebradas dos jornadas de puertas abiertas virtuales en los campus de Salt y de Bellvitge | EUSES - Campus de Bellvitge (Barcelona)","robots":{"index":"index","follow":"follow","max-snippet":"max-snippet:-1","max-image-preview":"max-image-preview:large","max-video-preview":"max-video-preview:-1"},"canonical":"https:\/\/barcelona.euses.cat\/es\/celebradas-dos-jornadas-de-puertas-abiertas-virtuales-en-los-campus-de-salt-y-de-bellvitge\/","og_locale":"es_ES","og_type":"article","og_title":"Celebradas dos jornadas de puertas abiertas virtuales en los campus de Salt y de Bellvitge | EUSES - Campus de Bellvitge (Barcelona)","og_description":"Este viernes, la Escola Universit\u00e0ria de la Salut i l&#8217;Esport ha celebrado una jornada de puertas abiertas que ha servido para exponer la oferta acad\u00e9mica a aquellos estudiantes que est\u00e1n interesados a realizar el Grado en Fisioterapia en EUSES durante el curso 2021\/22 ya sea en el \u00a0campus de Salt o en el de Bellvitge. [&hellip;]","og_url":"https:\/\/barcelona.euses.cat\/es\/celebradas-dos-jornadas-de-puertas-abiertas-virtuales-en-los-campus-de-salt-y-de-bellvitge\/","og_site_name":"EUSES - Campus de Bellvitge (Barcelona)","article_publisher":"https:\/\/www.facebook.com\/PhysioBCN\/","article_published_time":"2021-01-30T16:38:40+00:00","og_image":[{"width":1366,"height":768,"url":"https:\/\/barcelona.euses.cat\/wp-content\/uploads\/2021\/01\/jpo-virtual-salt-29.01.jpg","type":"image\/jpeg"}],"author":"Jordi Danes","twitter_card":"summary_large_image","twitter_misc":{"Escrito por":"Jordi Danes","Tiempo de lectura":"2 minutos"},"schema":{"@context":"https:\/\/schema.org","@graph":[{"@type":"Article","@id":"https:\/\/barcelona.euses.cat\/es\/celebradas-dos-jornadas-de-puertas-abiertas-virtuales-en-los-campus-de-salt-y-de-bellvitge\/#article","isPartOf":{"@id":"https:\/\/barcelona.euses.cat\/es\/celebradas-dos-jornadas-de-puertas-abiertas-virtuales-en-los-campus-de-salt-y-de-bellvitge\/"},"author":{"name":"Jordi Danes","@id":"https:\/\/barcelona.euses.cat\/ca\/#\/schema\/person\/8ab46080dfc4814fa59383db317735bd"},"headline":"Celebradas dos jornadas de puertas abiertas virtuales en los campus de Salt y de Bellvitge","datePublished":"2021-01-30T16:38:40+00:00","mainEntityOfPage":{"@id":"https:\/\/barcelona.euses.cat\/es\/celebradas-dos-jornadas-de-puertas-abiertas-virtuales-en-los-campus-de-salt-y-de-bellvitge\/"},"wordCount":350,"commentCount":0,"image":{"@id":"https:\/\/barcelona.euses.cat\/es\/celebradas-dos-jornadas-de-puertas-abiertas-virtuales-en-los-campus-de-salt-y-de-bellvitge\/#primaryimage"},"thumbnailUrl":"https:\/\/barcelona.euses.cat\/wp-content\/uploads\/2021\/01\/jpo-virtual-salt-29.01.jpg","articleSection":["Sin categorizar"],"inLanguage":"es"},{"@type":"WebPage","@id":"https:\/\/barcelona.euses.cat\/es\/celebradas-dos-jornadas-de-puertas-abiertas-virtuales-en-los-campus-de-salt-y-de-bellvitge\/","url":"https:\/\/barcelona.euses.cat\/es\/celebradas-dos-jornadas-de-puertas-abiertas-virtuales-en-los-campus-de-salt-y-de-bellvitge\/","name":"Celebradas dos jornadas de puertas abiertas virtuales en los campus de Salt y de Bellvitge | EUSES - Campus de Bellvitge (Barcelona)","isPartOf":{"@id":"https:\/\/barcelona.euses.cat\/ca\/#website"},"primaryImageOfPage":{"@id":"https:\/\/barcelona.euses.cat\/es\/celebradas-dos-jornadas-de-puertas-abiertas-virtuales-en-los-campus-de-salt-y-de-bellvitge\/#primaryimage"},"image":{"@id":"https:\/\/barcelona.euses.cat\/es\/celebradas-dos-jornadas-de-puertas-abiertas-virtuales-en-los-campus-de-salt-y-de-bellvitge\/#primaryimage"},"thumbnailUrl":"https:\/\/barcelona.euses.cat\/wp-content\/uploads\/2021\/01\/jpo-virtual-salt-29.01.jpg","datePublished":"2021-01-30T16:38:40+00:00","author":{"@id":"https:\/\/barcelona.euses.cat\/ca\/#\/schema\/person\/8ab46080dfc4814fa59383db317735bd"},"breadcrumb":{"@id":"https:\/\/barcelona.euses.cat\/es\/celebradas-dos-jornadas-de-puertas-abiertas-virtuales-en-los-campus-de-salt-y-de-bellvitge\/#breadcrumb"},"inLanguage":"es","potentialAction":[{"@type":"ReadAction","target":["https:\/\/barcelona.euses.cat\/es\/celebradas-dos-jornadas-de-puertas-abiertas-virtuales-en-los-campus-de-salt-y-de-bellvitge\/"]}]},{"@type":"ImageObject","inLanguage":"es","@id":"https:\/\/barcelona.euses.cat\/es\/celebradas-dos-jornadas-de-puertas-abiertas-virtuales-en-los-campus-de-salt-y-de-bellvitge\/#primaryimage","url":"https:\/\/barcelona.euses.cat\/wp-content\/uploads\/2021\/01\/jpo-virtual-salt-29.01.jpg","contentUrl":"https:\/\/barcelona.euses.cat\/wp-content\/uploads\/2021\/01\/jpo-virtual-salt-29.01.jpg","width":1366,"height":768},{"@type":"BreadcrumbList","@id":"https:\/\/barcelona.euses.cat\/es\/celebradas-dos-jornadas-de-puertas-abiertas-virtuales-en-los-campus-de-salt-y-de-bellvitge\/#breadcrumb","itemListElement":[{"@type":"ListItem","position":1,"name":"Portada","item":"https:\/\/barcelona.euses.cat\/es\/"},{"@type":"ListItem","position":2,"name":"Celebradas dos jornadas de puertas abiertas virtuales en los campus de Salt y de Bellvitge"}]},{"@type":"WebSite","@id":"https:\/\/barcelona.euses.cat\/ca\/#website","url":"https:\/\/barcelona.euses.cat\/ca\/","name":"EUSES - Campus de Bellvitge (Barcelona)","description":"EUSES, Escuela Universitaria de Fisioterapia Internacional en Barcelona","potentialAction":[{"@type":"SearchAction","target":{"@type":"EntryPoint","urlTemplate":"https:\/\/barcelona.euses.cat\/ca\/?s={search_term_string}"},"query-input":{"@type":"PropertyValueSpecification","valueRequired":true,"valueName":"search_term_string"}}],"inLanguage":"es"},{"@type":"Person","@id":"https:\/\/barcelona.euses.cat\/ca\/#\/schema\/person\/8ab46080dfc4814fa59383db317735bd","name":"Jordi Danes","image":{"@type":"ImageObject","inLanguage":"es","@id":"https:\/\/secure.gravatar.com\/avatar\/a9e4f443b594af225625ee8cfa665e41b1e0740ea34fbe0515b4ca559f8570ef?s=96&d=mm&r=g","url":"https:\/\/secure.gravatar.com\/avatar\/a9e4f443b594af225625ee8cfa665e41b1e0740ea34fbe0515b4ca559f8570ef?s=96&d=mm&r=g","contentUrl":"https:\/\/secure.gravatar.com\/avatar\/a9e4f443b594af225625ee8cfa665e41b1e0740ea34fbe0515b4ca559f8570ef?s=96&d=mm&r=g","caption":"Jordi Danes"},"url":"https:\/\/barcelona.euses.cat\/es\/author\/jordi-danes\/"}]}},"_links":{"self":[{"href":"https:\/\/barcelona.euses.cat\/es\/wp-json\/wp\/v2\/posts\/9011","targetHints":{"allow":["GET"]}}],"collection":[{"href":"https:\/\/barcelona.euses.cat\/es\/wp-json\/wp\/v2\/posts"}],"about":[{"href":"https:\/\/barcelona.euses.cat\/es\/wp-json\/wp\/v2\/types\/post"}],"author":[{"embeddable":true,"href":"https:\/\/barcelona.euses.cat\/es\/wp-json\/wp\/v2\/users\/3"}],"replies":[{"embeddable":true,"href":"https:\/\/barcelona.euses.cat\/es\/wp-json\/wp\/v2\/comments?post=9011"}],"version-history":[{"count":1,"href":"https:\/\/barcelona.euses.cat\/es\/wp-json\/wp\/v2\/posts\/9011\/revisions"}],"predecessor-version":[{"id":9012,"href":"https:\/\/barcelona.euses.cat\/es\/wp-json\/wp\/v2\/posts\/9011\/revisions\/9012"}],"wp:featuredmedia":[{"embeddable":true,"href":"https:\/\/barcelona.euses.cat\/es\/wp-json\/wp\/v2\/media\/9009"}],"wp:attachment":[{"href":"https:\/\/barcelona.euses.cat\/es\/wp-json\/wp\/v2\/media?parent=9011"}],"wp:term":[{"taxonomy":"category","embeddable":true,"href":"https:\/\/barcelona.euses.cat\/es\/wp-json\/wp\/v2\/categories?post=9011"},{"taxonomy":"post_tag","embeddable":true,"href":"https:\/\/barcelona.euses.cat\/es\/wp-json\/wp\/v2\/tags?post=9011"}],"curies":[{"name":"wp","href":"https:\/\/api.w.org\/{rel}","templated":true}]}}