{"id":8934,"date":"2020-12-23T00:16:57","date_gmt":"2020-12-22T23:16:57","guid":{"rendered":"https:\/\/barcelona.euses.cat\/?p=8934"},"modified":"2020-12-23T00:18:58","modified_gmt":"2020-12-22T23:18:58","slug":"el-dr-gerard-munoz-nuevo-director-de-physiotherapy-barcelona","status":"publish","type":"post","link":"https:\/\/barcelona.euses.cat\/es\/el-dr-gerard-munoz-nuevo-director-de-physiotherapy-barcelona\/","title":{"rendered":"El Dr. Gerard Mu\u00f1oz, nuevo director de Physiotherapy Barcelona"},"content":{"rendered":"<p>El Dr. Gerard Mu\u00f1oz ha sido nombrado nuevo director del Grado de Fisioterapia Internacional como relevo del Dr. Mariano Gacto, que deja un cargo que ocupaba desde la creaci\u00f3n de Physiotherapy, en 2015, para emprender nuevos retos profesionales. El nuevo director compaginar\u00e1 la direcci\u00f3n del grado que se imparte en el Campus de Bellvitge con la docencia en el Grado en Fisioterapia del Campus de Salt.<\/p>\n<p>Adem\u00e1s del Doctorado por la Universitat Aut\u00f2noma de Barcelona, Gerard Mu\u00f1oz tiene un Posgrado en Fisioterapia del T\u00f3rax y un M\u00e1ster en Medicina Respiratoria. Antes de incorporarse hace unos a\u00f1os en EUSES hab\u00eda trabajado en el Hospital Henry Mondor (Paris), en la Fundazione Slavatora Maugeri (Pavia), en el UZ Brussel (Bruselas) y en el Hospital de Mar (Barcelona), y actualmente tambi\u00e9n lo hace en el Instituto de Investigaci\u00f3n Biom\u00e9dica de Girona (IDIBGI) en el \u00e1mbito respiratorio.<\/p>\n<p>El Dr. Gerard Mu\u00f1oz es miembro de la Sociedad Espa\u00f1ola de Neumolog\u00eda y Cirug\u00eda Tor\u00e1cica (SEPAR), de la Societat Catalana de Neumolog\u00eda (SOCAP), de la Academia de las Ciencias M\u00e9dicas de Catalunya y Balears (ACMCB) y de la Sociedad Europea Respiratoria (ERS). El Dr. Gerard Mu\u00f1oz tambi\u00e9n tiene presencia activa en congresos nacionales e internacionales desde el 2007, ya sea como ponente o como moderador.<\/p>\n<p>&nbsp;<\/p>\n","protected":false},"excerpt":{"rendered":"<p>El Dr. Gerard Mu\u00f1oz ha sido nombrado nuevo director del Grado de Fisioterapia Internacional como relevo del Dr. Mariano Gacto, que deja un cargo que ocupaba desde la creaci\u00f3n de Physiotherapy, en 2015, para emprender nuevos retos profesionales. El nuevo director compaginar\u00e1 la direcci\u00f3n del grado que se imparte en el Campus de Bellvitge con [&hellip;]<\/p>\n","protected":false},"author":3,"featured_media":8932,"comment_status":"open","ping_status":"closed","sticky":false,"template":"","format":"standard","meta":{"_acf_changed":false,"inline_featured_image":false,"_joinchat":[],"footnotes":""},"categories":[1],"tags":[],"class_list":["post-8934","post","type-post","status-publish","format-standard","has-post-thumbnail","hentry","category-sin-categorizar"],"acf":[],"yoast_head":"<!-- This site is optimized with the Yoast SEO plugin v27.4 - https:\/\/yoast.com\/product\/yoast-seo-wordpress\/ -->\n<title>El Dr. Gerard Mu\u00f1oz, nuevo director de Physiotherapy Barcelona | EUSES - Campus de Bellvitge (Barcelona)<\/title>\n<meta name=\"robots\" content=\"index, follow, max-snippet:-1, max-image-preview:large, max-video-preview:-1\" \/>\n<link rel=\"canonical\" href=\"https:\/\/barcelona.euses.cat\/es\/el-dr-gerard-munoz-nuevo-director-de-physiotherapy-barcelona\/\" \/>\n<meta property=\"og:locale\" content=\"es_ES\" \/>\n<meta property=\"og:type\" content=\"article\" \/>\n<meta property=\"og:title\" content=\"El Dr. Gerard Mu\u00f1oz, nuevo director de Physiotherapy Barcelona | EUSES - Campus de Bellvitge (Barcelona)\" \/>\n<meta property=\"og:description\" content=\"El Dr. Gerard Mu\u00f1oz ha sido nombrado nuevo director del Grado de Fisioterapia Internacional como relevo del Dr. Mariano Gacto, que deja un cargo que ocupaba desde la creaci\u00f3n de Physiotherapy, en 2015, para emprender nuevos retos profesionales. El nuevo director compaginar\u00e1 la direcci\u00f3n del grado que se imparte en el Campus de Bellvitge con [&hellip;]\" \/>\n<meta property=\"og:url\" content=\"https:\/\/barcelona.euses.cat\/es\/el-dr-gerard-munoz-nuevo-director-de-physiotherapy-barcelona\/\" \/>\n<meta property=\"og:site_name\" content=\"EUSES - Campus de Bellvitge (Barcelona)\" \/>\n<meta property=\"article:publisher\" content=\"https:\/\/www.facebook.com\/PhysioBCN\/\" \/>\n<meta property=\"article:published_time\" content=\"2020-12-22T23:16:57+00:00\" \/>\n<meta property=\"article:modified_time\" content=\"2020-12-22T23:18:58+00:00\" \/>\n<meta property=\"og:image\" content=\"https:\/\/barcelona.euses.cat\/wp-content\/uploads\/2020\/12\/gerardmunoz.jpg\" \/>\n\t<meta property=\"og:image:width\" content=\"1104\" \/>\n\t<meta property=\"og:image:height\" content=\"1104\" \/>\n\t<meta property=\"og:image:type\" content=\"image\/jpeg\" \/>\n<meta name=\"author\" content=\"Jordi Danes\" \/>\n<meta name=\"twitter:card\" content=\"summary_large_image\" \/>\n<meta name=\"twitter:label1\" content=\"Escrito por\" \/>\n\t<meta name=\"twitter:data1\" content=\"Jordi Danes\" \/>\n\t<meta name=\"twitter:label2\" content=\"Tiempo de lectura\" \/>\n\t<meta name=\"twitter:data2\" content=\"1 minuto\" \/>\n<script type=\"application\/ld+json\" class=\"yoast-schema-graph\">{\"@context\":\"https:\\\/\\\/schema.org\",\"@graph\":[{\"@type\":\"Article\",\"@id\":\"https:\\\/\\\/barcelona.euses.cat\\\/es\\\/el-dr-gerard-munoz-nuevo-director-de-physiotherapy-barcelona\\\/#article\",\"isPartOf\":{\"@id\":\"https:\\\/\\\/barcelona.euses.cat\\\/es\\\/el-dr-gerard-munoz-nuevo-director-de-physiotherapy-barcelona\\\/\"},\"author\":{\"name\":\"Jordi Danes\",\"@id\":\"https:\\\/\\\/barcelona.euses.cat\\\/ca\\\/#\\\/schema\\\/person\\\/8ab46080dfc4814fa59383db317735bd\"},\"headline\":\"El Dr. Gerard Mu\u00f1oz, nuevo director de Physiotherapy Barcelona\",\"datePublished\":\"2020-12-22T23:16:57+00:00\",\"dateModified\":\"2020-12-22T23:18:58+00:00\",\"mainEntityOfPage\":{\"@id\":\"https:\\\/\\\/barcelona.euses.cat\\\/es\\\/el-dr-gerard-munoz-nuevo-director-de-physiotherapy-barcelona\\\/\"},\"wordCount\":238,\"commentCount\":0,\"image\":{\"@id\":\"https:\\\/\\\/barcelona.euses.cat\\\/es\\\/el-dr-gerard-munoz-nuevo-director-de-physiotherapy-barcelona\\\/#primaryimage\"},\"thumbnailUrl\":\"https:\\\/\\\/barcelona.euses.cat\\\/wp-content\\\/uploads\\\/2020\\\/12\\\/gerardmunoz.jpg\",\"articleSection\":[\"Sin categorizar\"],\"inLanguage\":\"es\"},{\"@type\":\"WebPage\",\"@id\":\"https:\\\/\\\/barcelona.euses.cat\\\/es\\\/el-dr-gerard-munoz-nuevo-director-de-physiotherapy-barcelona\\\/\",\"url\":\"https:\\\/\\\/barcelona.euses.cat\\\/es\\\/el-dr-gerard-munoz-nuevo-director-de-physiotherapy-barcelona\\\/\",\"name\":\"El Dr. Gerard Mu\u00f1oz, nuevo director de Physiotherapy Barcelona | EUSES - Campus de Bellvitge (Barcelona)\",\"isPartOf\":{\"@id\":\"https:\\\/\\\/barcelona.euses.cat\\\/ca\\\/#website\"},\"primaryImageOfPage\":{\"@id\":\"https:\\\/\\\/barcelona.euses.cat\\\/es\\\/el-dr-gerard-munoz-nuevo-director-de-physiotherapy-barcelona\\\/#primaryimage\"},\"image\":{\"@id\":\"https:\\\/\\\/barcelona.euses.cat\\\/es\\\/el-dr-gerard-munoz-nuevo-director-de-physiotherapy-barcelona\\\/#primaryimage\"},\"thumbnailUrl\":\"https:\\\/\\\/barcelona.euses.cat\\\/wp-content\\\/uploads\\\/2020\\\/12\\\/gerardmunoz.jpg\",\"datePublished\":\"2020-12-22T23:16:57+00:00\",\"dateModified\":\"2020-12-22T23:18:58+00:00\",\"author\":{\"@id\":\"https:\\\/\\\/barcelona.euses.cat\\\/ca\\\/#\\\/schema\\\/person\\\/8ab46080dfc4814fa59383db317735bd\"},\"breadcrumb\":{\"@id\":\"https:\\\/\\\/barcelona.euses.cat\\\/es\\\/el-dr-gerard-munoz-nuevo-director-de-physiotherapy-barcelona\\\/#breadcrumb\"},\"inLanguage\":\"es\",\"potentialAction\":[{\"@type\":\"ReadAction\",\"target\":[\"https:\\\/\\\/barcelona.euses.cat\\\/es\\\/el-dr-gerard-munoz-nuevo-director-de-physiotherapy-barcelona\\\/\"]}]},{\"@type\":\"ImageObject\",\"inLanguage\":\"es\",\"@id\":\"https:\\\/\\\/barcelona.euses.cat\\\/es\\\/el-dr-gerard-munoz-nuevo-director-de-physiotherapy-barcelona\\\/#primaryimage\",\"url\":\"https:\\\/\\\/barcelona.euses.cat\\\/wp-content\\\/uploads\\\/2020\\\/12\\\/gerardmunoz.jpg\",\"contentUrl\":\"https:\\\/\\\/barcelona.euses.cat\\\/wp-content\\\/uploads\\\/2020\\\/12\\\/gerardmunoz.jpg\",\"width\":1104,\"height\":1104},{\"@type\":\"BreadcrumbList\",\"@id\":\"https:\\\/\\\/barcelona.euses.cat\\\/es\\\/el-dr-gerard-munoz-nuevo-director-de-physiotherapy-barcelona\\\/#breadcrumb\",\"itemListElement\":[{\"@type\":\"ListItem\",\"position\":1,\"name\":\"Portada\",\"item\":\"https:\\\/\\\/barcelona.euses.cat\\\/es\\\/\"},{\"@type\":\"ListItem\",\"position\":2,\"name\":\"El Dr. Gerard Mu\u00f1oz, nuevo director de Physiotherapy Barcelona\"}]},{\"@type\":\"WebSite\",\"@id\":\"https:\\\/\\\/barcelona.euses.cat\\\/ca\\\/#website\",\"url\":\"https:\\\/\\\/barcelona.euses.cat\\\/ca\\\/\",\"name\":\"EUSES - Campus de Bellvitge (Barcelona)\",\"description\":\"EUSES, Escuela Universitaria de Fisioterapia Internacional en Barcelona\",\"potentialAction\":[{\"@type\":\"SearchAction\",\"target\":{\"@type\":\"EntryPoint\",\"urlTemplate\":\"https:\\\/\\\/barcelona.euses.cat\\\/ca\\\/?s={search_term_string}\"},\"query-input\":{\"@type\":\"PropertyValueSpecification\",\"valueRequired\":true,\"valueName\":\"search_term_string\"}}],\"inLanguage\":\"es\"},{\"@type\":\"Person\",\"@id\":\"https:\\\/\\\/barcelona.euses.cat\\\/ca\\\/#\\\/schema\\\/person\\\/8ab46080dfc4814fa59383db317735bd\",\"name\":\"Jordi Danes\",\"image\":{\"@type\":\"ImageObject\",\"inLanguage\":\"es\",\"@id\":\"https:\\\/\\\/secure.gravatar.com\\\/avatar\\\/a9e4f443b594af225625ee8cfa665e41b1e0740ea34fbe0515b4ca559f8570ef?s=96&d=mm&r=g\",\"url\":\"https:\\\/\\\/secure.gravatar.com\\\/avatar\\\/a9e4f443b594af225625ee8cfa665e41b1e0740ea34fbe0515b4ca559f8570ef?s=96&d=mm&r=g\",\"contentUrl\":\"https:\\\/\\\/secure.gravatar.com\\\/avatar\\\/a9e4f443b594af225625ee8cfa665e41b1e0740ea34fbe0515b4ca559f8570ef?s=96&d=mm&r=g\",\"caption\":\"Jordi Danes\"},\"url\":\"https:\\\/\\\/barcelona.euses.cat\\\/es\\\/author\\\/jordi-danes\\\/\"}]}<\/script>\n<!-- \/ Yoast SEO plugin. -->","yoast_head_json":{"title":"El Dr. Gerard Mu\u00f1oz, nuevo director de Physiotherapy Barcelona | EUSES - Campus de Bellvitge (Barcelona)","robots":{"index":"index","follow":"follow","max-snippet":"max-snippet:-1","max-image-preview":"max-image-preview:large","max-video-preview":"max-video-preview:-1"},"canonical":"https:\/\/barcelona.euses.cat\/es\/el-dr-gerard-munoz-nuevo-director-de-physiotherapy-barcelona\/","og_locale":"es_ES","og_type":"article","og_title":"El Dr. Gerard Mu\u00f1oz, nuevo director de Physiotherapy Barcelona | EUSES - Campus de Bellvitge (Barcelona)","og_description":"El Dr. Gerard Mu\u00f1oz ha sido nombrado nuevo director del Grado de Fisioterapia Internacional como relevo del Dr. Mariano Gacto, que deja un cargo que ocupaba desde la creaci\u00f3n de Physiotherapy, en 2015, para emprender nuevos retos profesionales. El nuevo director compaginar\u00e1 la direcci\u00f3n del grado que se imparte en el Campus de Bellvitge con [&hellip;]","og_url":"https:\/\/barcelona.euses.cat\/es\/el-dr-gerard-munoz-nuevo-director-de-physiotherapy-barcelona\/","og_site_name":"EUSES - Campus de Bellvitge (Barcelona)","article_publisher":"https:\/\/www.facebook.com\/PhysioBCN\/","article_published_time":"2020-12-22T23:16:57+00:00","article_modified_time":"2020-12-22T23:18:58+00:00","og_image":[{"width":1104,"height":1104,"url":"https:\/\/barcelona.euses.cat\/wp-content\/uploads\/2020\/12\/gerardmunoz.jpg","type":"image\/jpeg"}],"author":"Jordi Danes","twitter_card":"summary_large_image","twitter_misc":{"Escrito por":"Jordi Danes","Tiempo de lectura":"1 minuto"},"schema":{"@context":"https:\/\/schema.org","@graph":[{"@type":"Article","@id":"https:\/\/barcelona.euses.cat\/es\/el-dr-gerard-munoz-nuevo-director-de-physiotherapy-barcelona\/#article","isPartOf":{"@id":"https:\/\/barcelona.euses.cat\/es\/el-dr-gerard-munoz-nuevo-director-de-physiotherapy-barcelona\/"},"author":{"name":"Jordi Danes","@id":"https:\/\/barcelona.euses.cat\/ca\/#\/schema\/person\/8ab46080dfc4814fa59383db317735bd"},"headline":"El Dr. Gerard Mu\u00f1oz, nuevo director de Physiotherapy Barcelona","datePublished":"2020-12-22T23:16:57+00:00","dateModified":"2020-12-22T23:18:58+00:00","mainEntityOfPage":{"@id":"https:\/\/barcelona.euses.cat\/es\/el-dr-gerard-munoz-nuevo-director-de-physiotherapy-barcelona\/"},"wordCount":238,"commentCount":0,"image":{"@id":"https:\/\/barcelona.euses.cat\/es\/el-dr-gerard-munoz-nuevo-director-de-physiotherapy-barcelona\/#primaryimage"},"thumbnailUrl":"https:\/\/barcelona.euses.cat\/wp-content\/uploads\/2020\/12\/gerardmunoz.jpg","articleSection":["Sin categorizar"],"inLanguage":"es"},{"@type":"WebPage","@id":"https:\/\/barcelona.euses.cat\/es\/el-dr-gerard-munoz-nuevo-director-de-physiotherapy-barcelona\/","url":"https:\/\/barcelona.euses.cat\/es\/el-dr-gerard-munoz-nuevo-director-de-physiotherapy-barcelona\/","name":"El Dr. Gerard Mu\u00f1oz, nuevo director de Physiotherapy Barcelona | EUSES - Campus de Bellvitge (Barcelona)","isPartOf":{"@id":"https:\/\/barcelona.euses.cat\/ca\/#website"},"primaryImageOfPage":{"@id":"https:\/\/barcelona.euses.cat\/es\/el-dr-gerard-munoz-nuevo-director-de-physiotherapy-barcelona\/#primaryimage"},"image":{"@id":"https:\/\/barcelona.euses.cat\/es\/el-dr-gerard-munoz-nuevo-director-de-physiotherapy-barcelona\/#primaryimage"},"thumbnailUrl":"https:\/\/barcelona.euses.cat\/wp-content\/uploads\/2020\/12\/gerardmunoz.jpg","datePublished":"2020-12-22T23:16:57+00:00","dateModified":"2020-12-22T23:18:58+00:00","author":{"@id":"https:\/\/barcelona.euses.cat\/ca\/#\/schema\/person\/8ab46080dfc4814fa59383db317735bd"},"breadcrumb":{"@id":"https:\/\/barcelona.euses.cat\/es\/el-dr-gerard-munoz-nuevo-director-de-physiotherapy-barcelona\/#breadcrumb"},"inLanguage":"es","potentialAction":[{"@type":"ReadAction","target":["https:\/\/barcelona.euses.cat\/es\/el-dr-gerard-munoz-nuevo-director-de-physiotherapy-barcelona\/"]}]},{"@type":"ImageObject","inLanguage":"es","@id":"https:\/\/barcelona.euses.cat\/es\/el-dr-gerard-munoz-nuevo-director-de-physiotherapy-barcelona\/#primaryimage","url":"https:\/\/barcelona.euses.cat\/wp-content\/uploads\/2020\/12\/gerardmunoz.jpg","contentUrl":"https:\/\/barcelona.euses.cat\/wp-content\/uploads\/2020\/12\/gerardmunoz.jpg","width":1104,"height":1104},{"@type":"BreadcrumbList","@id":"https:\/\/barcelona.euses.cat\/es\/el-dr-gerard-munoz-nuevo-director-de-physiotherapy-barcelona\/#breadcrumb","itemListElement":[{"@type":"ListItem","position":1,"name":"Portada","item":"https:\/\/barcelona.euses.cat\/es\/"},{"@type":"ListItem","position":2,"name":"El Dr. Gerard Mu\u00f1oz, nuevo director de Physiotherapy Barcelona"}]},{"@type":"WebSite","@id":"https:\/\/barcelona.euses.cat\/ca\/#website","url":"https:\/\/barcelona.euses.cat\/ca\/","name":"EUSES - Campus de Bellvitge (Barcelona)","description":"EUSES, Escuela Universitaria de Fisioterapia Internacional en Barcelona","potentialAction":[{"@type":"SearchAction","target":{"@type":"EntryPoint","urlTemplate":"https:\/\/barcelona.euses.cat\/ca\/?s={search_term_string}"},"query-input":{"@type":"PropertyValueSpecification","valueRequired":true,"valueName":"search_term_string"}}],"inLanguage":"es"},{"@type":"Person","@id":"https:\/\/barcelona.euses.cat\/ca\/#\/schema\/person\/8ab46080dfc4814fa59383db317735bd","name":"Jordi Danes","image":{"@type":"ImageObject","inLanguage":"es","@id":"https:\/\/secure.gravatar.com\/avatar\/a9e4f443b594af225625ee8cfa665e41b1e0740ea34fbe0515b4ca559f8570ef?s=96&d=mm&r=g","url":"https:\/\/secure.gravatar.com\/avatar\/a9e4f443b594af225625ee8cfa665e41b1e0740ea34fbe0515b4ca559f8570ef?s=96&d=mm&r=g","contentUrl":"https:\/\/secure.gravatar.com\/avatar\/a9e4f443b594af225625ee8cfa665e41b1e0740ea34fbe0515b4ca559f8570ef?s=96&d=mm&r=g","caption":"Jordi Danes"},"url":"https:\/\/barcelona.euses.cat\/es\/author\/jordi-danes\/"}]}},"_links":{"self":[{"href":"https:\/\/barcelona.euses.cat\/es\/wp-json\/wp\/v2\/posts\/8934","targetHints":{"allow":["GET"]}}],"collection":[{"href":"https:\/\/barcelona.euses.cat\/es\/wp-json\/wp\/v2\/posts"}],"about":[{"href":"https:\/\/barcelona.euses.cat\/es\/wp-json\/wp\/v2\/types\/post"}],"author":[{"embeddable":true,"href":"https:\/\/barcelona.euses.cat\/es\/wp-json\/wp\/v2\/users\/3"}],"replies":[{"embeddable":true,"href":"https:\/\/barcelona.euses.cat\/es\/wp-json\/wp\/v2\/comments?post=8934"}],"version-history":[{"count":1,"href":"https:\/\/barcelona.euses.cat\/es\/wp-json\/wp\/v2\/posts\/8934\/revisions"}],"predecessor-version":[{"id":8935,"href":"https:\/\/barcelona.euses.cat\/es\/wp-json\/wp\/v2\/posts\/8934\/revisions\/8935"}],"wp:featuredmedia":[{"embeddable":true,"href":"https:\/\/barcelona.euses.cat\/es\/wp-json\/wp\/v2\/media\/8932"}],"wp:attachment":[{"href":"https:\/\/barcelona.euses.cat\/es\/wp-json\/wp\/v2\/media?parent=8934"}],"wp:term":[{"taxonomy":"category","embeddable":true,"href":"https:\/\/barcelona.euses.cat\/es\/wp-json\/wp\/v2\/categories?post=8934"},{"taxonomy":"post_tag","embeddable":true,"href":"https:\/\/barcelona.euses.cat\/es\/wp-json\/wp\/v2\/tags?post=8934"}],"curies":[{"name":"wp","href":"https:\/\/api.w.org\/{rel}","templated":true}]}}