{"id":8816,"date":"2020-10-19T17:52:05","date_gmt":"2020-10-19T15:52:05","guid":{"rendered":"https:\/\/barcelona.euses.cat\/?p=8816"},"modified":"2020-10-19T17:52:05","modified_gmt":"2020-10-19T15:52:05","slug":"la-septima-jornada-de-tutores-en-formato-on-line-reune-a-unos-cuarenta-participantes","status":"publish","type":"post","link":"https:\/\/barcelona.euses.cat\/es\/la-septima-jornada-de-tutores-en-formato-on-line-reune-a-unos-cuarenta-participantes\/","title":{"rendered":"La s\u00e9ptima Jornada de Tutores, en formato \u201con-line\u201d, re\u00fane a unos cuarenta participantes"},"content":{"rendered":"<p>EUSES Alumni, conjuntamente con la asignatura de Pr\u00e1cticum del Grado en Fisioterapia, organiz\u00f3 por s\u00e9ptimo a\u00f1o consecutivo la Jornada de Tutores, que esta vez tuvo formato \u201con-line\u201d a causa de la pandemia del C\u00f2vid 19. La formaci\u00f3n, que se realiz\u00f3 a trav\u00e9s de la plataforma Zoom, cont\u00f3 con una cuarentena de asistentes entre miembros de Alumni y estudiantes de cuarto curso de los campus de Salt, Bellvitge y Terres de l&#8217;Ebre. La charla la impartieron responsables de EUSES Alumni, como la directora S\u00edlvia Roche i Prudence Morgan-Wood; y la profesora y coordinadora de Pr\u00e1cticum, Nuria Puigti\u00f3. Durante la jornada se expusieron temas como los detalles necesarios para poder formar parte del grupo de tutores, el protocolo de tratamiento unificado y las funciones que tienen que ejercer los tutores en los voluntariados as\u00ed como otros aspectos m\u00e1s generales relacionados con Alumni.<\/p>\n\n\t\t<style type=\"text\/css\">\n\t\t\t#gallery-1 {\n\t\t\t\tmargin: auto;\n\t\t\t}\n\t\t\t#gallery-1 .gallery-item {\n\t\t\t\tfloat: left;\n\t\t\t\tmargin-top: 10px;\n\t\t\t\ttext-align: center;\n\t\t\t\twidth: 33%;\n\t\t\t}\n\t\t\t#gallery-1 img {\n\t\t\t\tborder: 2px solid #cfcfcf;\n\t\t\t}\n\t\t\t#gallery-1 .gallery-caption {\n\t\t\t\tmargin-left: 0;\n\t\t\t}\n\t\t\t\/* see gallery_shortcode() in wp-includes\/media.php *\/\n\t\t<\/style>\n\t\t<div id='gallery-1' class='gallery galleryid-8816 gallery-columns-3 gallery-size-medium'><dl class='gallery-item'>\n\t\t\t<dt class='gallery-icon landscape'>\n\t\t\t\t<a href='https:\/\/barcelona.euses.cat\/es\/la-septima-jornada-de-tutores-en-formato-on-line-reune-a-unos-cuarenta-participantes\/jornada-v-2\/'><img fetchpriority=\"high\" decoding=\"async\" width=\"300\" height=\"169\" src=\"https:\/\/barcelona.euses.cat\/wp-content\/uploads\/2020\/10\/Jornada-V-300x169.jpg\" class=\"attachment-medium size-medium\" alt=\"\" srcset=\"https:\/\/barcelona.euses.cat\/wp-content\/uploads\/2020\/10\/Jornada-V-300x169.jpg 300w, https:\/\/barcelona.euses.cat\/wp-content\/uploads\/2020\/10\/Jornada-V-768x431.jpg 768w, https:\/\/barcelona.euses.cat\/wp-content\/uploads\/2020\/10\/Jornada-V-350x197.jpg 350w, https:\/\/barcelona.euses.cat\/wp-content\/uploads\/2020\/10\/Jornada-V.jpg 981w\" sizes=\"(max-width: 300px) 100vw, 300px\" \/><\/a>\n\t\t\t<\/dt><\/dl><dl class='gallery-item'>\n\t\t\t<dt class='gallery-icon landscape'>\n\t\t\t\t<a href='https:\/\/barcelona.euses.cat\/es\/la-septima-jornada-de-tutores-en-formato-on-line-reune-a-unos-cuarenta-participantes\/jornada-iv-2\/'><img decoding=\"async\" width=\"300\" height=\"169\" src=\"https:\/\/barcelona.euses.cat\/wp-content\/uploads\/2020\/10\/Jornada-IV-300x169.jpg\" class=\"attachment-medium size-medium\" alt=\"\" srcset=\"https:\/\/barcelona.euses.cat\/wp-content\/uploads\/2020\/10\/Jornada-IV-300x169.jpg 300w, https:\/\/barcelona.euses.cat\/wp-content\/uploads\/2020\/10\/Jornada-IV-1024x576.jpg 1024w, https:\/\/barcelona.euses.cat\/wp-content\/uploads\/2020\/10\/Jornada-IV-768x432.jpg 768w, https:\/\/barcelona.euses.cat\/wp-content\/uploads\/2020\/10\/Jornada-IV-350x197.jpg 350w, https:\/\/barcelona.euses.cat\/wp-content\/uploads\/2020\/10\/Jornada-IV.jpg 1222w\" sizes=\"(max-width: 300px) 100vw, 300px\" \/><\/a>\n\t\t\t<\/dt><\/dl><dl class='gallery-item'>\n\t\t\t<dt class='gallery-icon landscape'>\n\t\t\t\t<a href='https:\/\/barcelona.euses.cat\/es\/la-septima-jornada-de-tutores-en-formato-on-line-reune-a-unos-cuarenta-participantes\/jornada-ii-2\/'><img decoding=\"async\" width=\"300\" height=\"169\" src=\"https:\/\/barcelona.euses.cat\/wp-content\/uploads\/2020\/10\/Jornada-II-300x169.jpg\" class=\"attachment-medium size-medium\" alt=\"\" srcset=\"https:\/\/barcelona.euses.cat\/wp-content\/uploads\/2020\/10\/Jornada-II-300x169.jpg 300w, https:\/\/barcelona.euses.cat\/wp-content\/uploads\/2020\/10\/Jornada-II-1024x576.jpg 1024w, https:\/\/barcelona.euses.cat\/wp-content\/uploads\/2020\/10\/Jornada-II-768x432.jpg 768w, https:\/\/barcelona.euses.cat\/wp-content\/uploads\/2020\/10\/Jornada-II-350x197.jpg 350w, https:\/\/barcelona.euses.cat\/wp-content\/uploads\/2020\/10\/Jornada-II.jpg 1027w\" sizes=\"(max-width: 300px) 100vw, 300px\" \/><\/a>\n\t\t\t<\/dt><\/dl><br style=\"clear: both\" \/><dl class='gallery-item'>\n\t\t\t<dt class='gallery-icon landscape'>\n\t\t\t\t<a href='https:\/\/barcelona.euses.cat\/es\/la-septima-jornada-de-tutores-en-formato-on-line-reune-a-unos-cuarenta-participantes\/jornada-i-2\/'><img loading=\"lazy\" decoding=\"async\" width=\"300\" height=\"169\" src=\"https:\/\/barcelona.euses.cat\/wp-content\/uploads\/2020\/10\/Jornada-I-300x169.jpg\" class=\"attachment-medium size-medium\" alt=\"\" srcset=\"https:\/\/barcelona.euses.cat\/wp-content\/uploads\/2020\/10\/Jornada-I-300x169.jpg 300w, https:\/\/barcelona.euses.cat\/wp-content\/uploads\/2020\/10\/Jornada-I-768x432.jpg 768w, https:\/\/barcelona.euses.cat\/wp-content\/uploads\/2020\/10\/Jornada-I-350x197.jpg 350w, https:\/\/barcelona.euses.cat\/wp-content\/uploads\/2020\/10\/Jornada-I.jpg 967w\" sizes=\"(max-width: 300px) 100vw, 300px\" \/><\/a>\n\t\t\t<\/dt><\/dl>\n\t\t\t<br style='clear: both' \/>\n\t\t<\/div>\n\n","protected":false},"excerpt":{"rendered":"<p>EUSES Alumni, conjuntamente con la asignatura de Pr\u00e1cticum del Grado en Fisioterapia, organiz\u00f3 por s\u00e9ptimo a\u00f1o consecutivo la Jornada de Tutores, que esta vez tuvo formato \u201con-line\u201d a causa de la pandemia del C\u00f2vid 19. La formaci\u00f3n, que se realiz\u00f3 a trav\u00e9s de la plataforma Zoom, cont\u00f3 con una cuarentena de asistentes entre miembros de [&hellip;]<\/p>\n","protected":false},"author":3,"featured_media":8798,"comment_status":"open","ping_status":"closed","sticky":false,"template":"","format":"standard","meta":{"_acf_changed":false,"inline_featured_image":false,"_joinchat":[],"footnotes":""},"categories":[1],"tags":[],"class_list":["post-8816","post","type-post","status-publish","format-standard","has-post-thumbnail","hentry","category-sin-categorizar"],"acf":[],"yoast_head":"<!-- This site is optimized with the Yoast SEO plugin v27.4 - https:\/\/yoast.com\/product\/yoast-seo-wordpress\/ -->\n<title>La s\u00e9ptima Jornada de Tutores, en formato \u201con-line\u201d, re\u00fane a unos cuarenta participantes | EUSES - Campus de Bellvitge (Barcelona)<\/title>\n<meta name=\"robots\" content=\"index, follow, max-snippet:-1, max-image-preview:large, max-video-preview:-1\" \/>\n<link rel=\"canonical\" href=\"https:\/\/barcelona.euses.cat\/es\/la-septima-jornada-de-tutores-en-formato-on-line-reune-a-unos-cuarenta-participantes\/\" \/>\n<meta property=\"og:locale\" content=\"es_ES\" \/>\n<meta property=\"og:type\" content=\"article\" \/>\n<meta property=\"og:title\" content=\"La s\u00e9ptima Jornada de Tutores, en formato \u201con-line\u201d, re\u00fane a unos cuarenta participantes | EUSES - Campus de Bellvitge (Barcelona)\" \/>\n<meta property=\"og:description\" content=\"EUSES Alumni, conjuntamente con la asignatura de Pr\u00e1cticum del Grado en Fisioterapia, organiz\u00f3 por s\u00e9ptimo a\u00f1o consecutivo la Jornada de Tutores, que esta vez tuvo formato \u201con-line\u201d a causa de la pandemia del C\u00f2vid 19. La formaci\u00f3n, que se realiz\u00f3 a trav\u00e9s de la plataforma Zoom, cont\u00f3 con una cuarentena de asistentes entre miembros de [&hellip;]\" \/>\n<meta property=\"og:url\" content=\"https:\/\/barcelona.euses.cat\/es\/la-septima-jornada-de-tutores-en-formato-on-line-reune-a-unos-cuarenta-participantes\/\" \/>\n<meta property=\"og:site_name\" content=\"EUSES - Campus de Bellvitge (Barcelona)\" \/>\n<meta property=\"article:publisher\" content=\"https:\/\/www.facebook.com\/PhysioBCN\/\" \/>\n<meta property=\"article:published_time\" content=\"2020-10-19T15:52:05+00:00\" \/>\n<meta property=\"og:image\" content=\"https:\/\/barcelona.euses.cat\/wp-content\/uploads\/2020\/10\/Jornada-III.jpg\" \/>\n\t<meta property=\"og:image:width\" content=\"1098\" \/>\n\t<meta property=\"og:image:height\" content=\"617\" \/>\n\t<meta property=\"og:image:type\" content=\"image\/jpeg\" \/>\n<meta name=\"author\" content=\"Jordi Danes\" \/>\n<meta name=\"twitter:card\" content=\"summary_large_image\" \/>\n<meta name=\"twitter:label1\" content=\"Escrito por\" \/>\n\t<meta name=\"twitter:data1\" content=\"Jordi Danes\" \/>\n\t<meta name=\"twitter:label2\" content=\"Tiempo de lectura\" \/>\n\t<meta name=\"twitter:data2\" content=\"1 minuto\" \/>\n<script type=\"application\/ld+json\" class=\"yoast-schema-graph\">{\"@context\":\"https:\\\/\\\/schema.org\",\"@graph\":[{\"@type\":\"Article\",\"@id\":\"https:\\\/\\\/barcelona.euses.cat\\\/es\\\/la-septima-jornada-de-tutores-en-formato-on-line-reune-a-unos-cuarenta-participantes\\\/#article\",\"isPartOf\":{\"@id\":\"https:\\\/\\\/barcelona.euses.cat\\\/es\\\/la-septima-jornada-de-tutores-en-formato-on-line-reune-a-unos-cuarenta-participantes\\\/\"},\"author\":{\"name\":\"Jordi Danes\",\"@id\":\"https:\\\/\\\/barcelona.euses.cat\\\/ca\\\/#\\\/schema\\\/person\\\/8ab46080dfc4814fa59383db317735bd\"},\"headline\":\"La s\u00e9ptima Jornada de Tutores, en formato \u201con-line\u201d, re\u00fane a unos cuarenta participantes\",\"datePublished\":\"2020-10-19T15:52:05+00:00\",\"mainEntityOfPage\":{\"@id\":\"https:\\\/\\\/barcelona.euses.cat\\\/es\\\/la-septima-jornada-de-tutores-en-formato-on-line-reune-a-unos-cuarenta-participantes\\\/\"},\"wordCount\":168,\"commentCount\":0,\"image\":{\"@id\":\"https:\\\/\\\/barcelona.euses.cat\\\/es\\\/la-septima-jornada-de-tutores-en-formato-on-line-reune-a-unos-cuarenta-participantes\\\/#primaryimage\"},\"thumbnailUrl\":\"https:\\\/\\\/barcelona.euses.cat\\\/wp-content\\\/uploads\\\/2020\\\/10\\\/Jornada-III.jpg\",\"articleSection\":[\"Sin categorizar\"],\"inLanguage\":\"es\"},{\"@type\":\"WebPage\",\"@id\":\"https:\\\/\\\/barcelona.euses.cat\\\/es\\\/la-septima-jornada-de-tutores-en-formato-on-line-reune-a-unos-cuarenta-participantes\\\/\",\"url\":\"https:\\\/\\\/barcelona.euses.cat\\\/es\\\/la-septima-jornada-de-tutores-en-formato-on-line-reune-a-unos-cuarenta-participantes\\\/\",\"name\":\"La s\u00e9ptima Jornada de Tutores, en formato \u201con-line\u201d, re\u00fane a unos cuarenta participantes | EUSES - Campus de Bellvitge (Barcelona)\",\"isPartOf\":{\"@id\":\"https:\\\/\\\/barcelona.euses.cat\\\/ca\\\/#website\"},\"primaryImageOfPage\":{\"@id\":\"https:\\\/\\\/barcelona.euses.cat\\\/es\\\/la-septima-jornada-de-tutores-en-formato-on-line-reune-a-unos-cuarenta-participantes\\\/#primaryimage\"},\"image\":{\"@id\":\"https:\\\/\\\/barcelona.euses.cat\\\/es\\\/la-septima-jornada-de-tutores-en-formato-on-line-reune-a-unos-cuarenta-participantes\\\/#primaryimage\"},\"thumbnailUrl\":\"https:\\\/\\\/barcelona.euses.cat\\\/wp-content\\\/uploads\\\/2020\\\/10\\\/Jornada-III.jpg\",\"datePublished\":\"2020-10-19T15:52:05+00:00\",\"author\":{\"@id\":\"https:\\\/\\\/barcelona.euses.cat\\\/ca\\\/#\\\/schema\\\/person\\\/8ab46080dfc4814fa59383db317735bd\"},\"breadcrumb\":{\"@id\":\"https:\\\/\\\/barcelona.euses.cat\\\/es\\\/la-septima-jornada-de-tutores-en-formato-on-line-reune-a-unos-cuarenta-participantes\\\/#breadcrumb\"},\"inLanguage\":\"es\",\"potentialAction\":[{\"@type\":\"ReadAction\",\"target\":[\"https:\\\/\\\/barcelona.euses.cat\\\/es\\\/la-septima-jornada-de-tutores-en-formato-on-line-reune-a-unos-cuarenta-participantes\\\/\"]}]},{\"@type\":\"ImageObject\",\"inLanguage\":\"es\",\"@id\":\"https:\\\/\\\/barcelona.euses.cat\\\/es\\\/la-septima-jornada-de-tutores-en-formato-on-line-reune-a-unos-cuarenta-participantes\\\/#primaryimage\",\"url\":\"https:\\\/\\\/barcelona.euses.cat\\\/wp-content\\\/uploads\\\/2020\\\/10\\\/Jornada-III.jpg\",\"contentUrl\":\"https:\\\/\\\/barcelona.euses.cat\\\/wp-content\\\/uploads\\\/2020\\\/10\\\/Jornada-III.jpg\",\"width\":1098,\"height\":617},{\"@type\":\"BreadcrumbList\",\"@id\":\"https:\\\/\\\/barcelona.euses.cat\\\/es\\\/la-septima-jornada-de-tutores-en-formato-on-line-reune-a-unos-cuarenta-participantes\\\/#breadcrumb\",\"itemListElement\":[{\"@type\":\"ListItem\",\"position\":1,\"name\":\"Portada\",\"item\":\"https:\\\/\\\/barcelona.euses.cat\\\/es\\\/\"},{\"@type\":\"ListItem\",\"position\":2,\"name\":\"La s\u00e9ptima Jornada de Tutores, en formato \u201con-line\u201d, re\u00fane a unos cuarenta participantes\"}]},{\"@type\":\"WebSite\",\"@id\":\"https:\\\/\\\/barcelona.euses.cat\\\/ca\\\/#website\",\"url\":\"https:\\\/\\\/barcelona.euses.cat\\\/ca\\\/\",\"name\":\"EUSES - Campus de Bellvitge (Barcelona)\",\"description\":\"EUSES, Escuela Universitaria de Fisioterapia Internacional en Barcelona\",\"potentialAction\":[{\"@type\":\"SearchAction\",\"target\":{\"@type\":\"EntryPoint\",\"urlTemplate\":\"https:\\\/\\\/barcelona.euses.cat\\\/ca\\\/?s={search_term_string}\"},\"query-input\":{\"@type\":\"PropertyValueSpecification\",\"valueRequired\":true,\"valueName\":\"search_term_string\"}}],\"inLanguage\":\"es\"},{\"@type\":\"Person\",\"@id\":\"https:\\\/\\\/barcelona.euses.cat\\\/ca\\\/#\\\/schema\\\/person\\\/8ab46080dfc4814fa59383db317735bd\",\"name\":\"Jordi Danes\",\"image\":{\"@type\":\"ImageObject\",\"inLanguage\":\"es\",\"@id\":\"https:\\\/\\\/secure.gravatar.com\\\/avatar\\\/a9e4f443b594af225625ee8cfa665e41b1e0740ea34fbe0515b4ca559f8570ef?s=96&d=mm&r=g\",\"url\":\"https:\\\/\\\/secure.gravatar.com\\\/avatar\\\/a9e4f443b594af225625ee8cfa665e41b1e0740ea34fbe0515b4ca559f8570ef?s=96&d=mm&r=g\",\"contentUrl\":\"https:\\\/\\\/secure.gravatar.com\\\/avatar\\\/a9e4f443b594af225625ee8cfa665e41b1e0740ea34fbe0515b4ca559f8570ef?s=96&d=mm&r=g\",\"caption\":\"Jordi Danes\"},\"url\":\"https:\\\/\\\/barcelona.euses.cat\\\/es\\\/author\\\/jordi-danes\\\/\"}]}<\/script>\n<!-- \/ Yoast SEO plugin. -->","yoast_head_json":{"title":"La s\u00e9ptima Jornada de Tutores, en formato \u201con-line\u201d, re\u00fane a unos cuarenta participantes | EUSES - Campus de Bellvitge (Barcelona)","robots":{"index":"index","follow":"follow","max-snippet":"max-snippet:-1","max-image-preview":"max-image-preview:large","max-video-preview":"max-video-preview:-1"},"canonical":"https:\/\/barcelona.euses.cat\/es\/la-septima-jornada-de-tutores-en-formato-on-line-reune-a-unos-cuarenta-participantes\/","og_locale":"es_ES","og_type":"article","og_title":"La s\u00e9ptima Jornada de Tutores, en formato \u201con-line\u201d, re\u00fane a unos cuarenta participantes | EUSES - Campus de Bellvitge (Barcelona)","og_description":"EUSES Alumni, conjuntamente con la asignatura de Pr\u00e1cticum del Grado en Fisioterapia, organiz\u00f3 por s\u00e9ptimo a\u00f1o consecutivo la Jornada de Tutores, que esta vez tuvo formato \u201con-line\u201d a causa de la pandemia del C\u00f2vid 19. La formaci\u00f3n, que se realiz\u00f3 a trav\u00e9s de la plataforma Zoom, cont\u00f3 con una cuarentena de asistentes entre miembros de [&hellip;]","og_url":"https:\/\/barcelona.euses.cat\/es\/la-septima-jornada-de-tutores-en-formato-on-line-reune-a-unos-cuarenta-participantes\/","og_site_name":"EUSES - Campus de Bellvitge (Barcelona)","article_publisher":"https:\/\/www.facebook.com\/PhysioBCN\/","article_published_time":"2020-10-19T15:52:05+00:00","og_image":[{"width":1098,"height":617,"url":"https:\/\/barcelona.euses.cat\/wp-content\/uploads\/2020\/10\/Jornada-III.jpg","type":"image\/jpeg"}],"author":"Jordi Danes","twitter_card":"summary_large_image","twitter_misc":{"Escrito por":"Jordi Danes","Tiempo de lectura":"1 minuto"},"schema":{"@context":"https:\/\/schema.org","@graph":[{"@type":"Article","@id":"https:\/\/barcelona.euses.cat\/es\/la-septima-jornada-de-tutores-en-formato-on-line-reune-a-unos-cuarenta-participantes\/#article","isPartOf":{"@id":"https:\/\/barcelona.euses.cat\/es\/la-septima-jornada-de-tutores-en-formato-on-line-reune-a-unos-cuarenta-participantes\/"},"author":{"name":"Jordi Danes","@id":"https:\/\/barcelona.euses.cat\/ca\/#\/schema\/person\/8ab46080dfc4814fa59383db317735bd"},"headline":"La s\u00e9ptima Jornada de Tutores, en formato \u201con-line\u201d, re\u00fane a unos cuarenta participantes","datePublished":"2020-10-19T15:52:05+00:00","mainEntityOfPage":{"@id":"https:\/\/barcelona.euses.cat\/es\/la-septima-jornada-de-tutores-en-formato-on-line-reune-a-unos-cuarenta-participantes\/"},"wordCount":168,"commentCount":0,"image":{"@id":"https:\/\/barcelona.euses.cat\/es\/la-septima-jornada-de-tutores-en-formato-on-line-reune-a-unos-cuarenta-participantes\/#primaryimage"},"thumbnailUrl":"https:\/\/barcelona.euses.cat\/wp-content\/uploads\/2020\/10\/Jornada-III.jpg","articleSection":["Sin categorizar"],"inLanguage":"es"},{"@type":"WebPage","@id":"https:\/\/barcelona.euses.cat\/es\/la-septima-jornada-de-tutores-en-formato-on-line-reune-a-unos-cuarenta-participantes\/","url":"https:\/\/barcelona.euses.cat\/es\/la-septima-jornada-de-tutores-en-formato-on-line-reune-a-unos-cuarenta-participantes\/","name":"La s\u00e9ptima Jornada de Tutores, en formato \u201con-line\u201d, re\u00fane a unos cuarenta participantes | EUSES - Campus de Bellvitge (Barcelona)","isPartOf":{"@id":"https:\/\/barcelona.euses.cat\/ca\/#website"},"primaryImageOfPage":{"@id":"https:\/\/barcelona.euses.cat\/es\/la-septima-jornada-de-tutores-en-formato-on-line-reune-a-unos-cuarenta-participantes\/#primaryimage"},"image":{"@id":"https:\/\/barcelona.euses.cat\/es\/la-septima-jornada-de-tutores-en-formato-on-line-reune-a-unos-cuarenta-participantes\/#primaryimage"},"thumbnailUrl":"https:\/\/barcelona.euses.cat\/wp-content\/uploads\/2020\/10\/Jornada-III.jpg","datePublished":"2020-10-19T15:52:05+00:00","author":{"@id":"https:\/\/barcelona.euses.cat\/ca\/#\/schema\/person\/8ab46080dfc4814fa59383db317735bd"},"breadcrumb":{"@id":"https:\/\/barcelona.euses.cat\/es\/la-septima-jornada-de-tutores-en-formato-on-line-reune-a-unos-cuarenta-participantes\/#breadcrumb"},"inLanguage":"es","potentialAction":[{"@type":"ReadAction","target":["https:\/\/barcelona.euses.cat\/es\/la-septima-jornada-de-tutores-en-formato-on-line-reune-a-unos-cuarenta-participantes\/"]}]},{"@type":"ImageObject","inLanguage":"es","@id":"https:\/\/barcelona.euses.cat\/es\/la-septima-jornada-de-tutores-en-formato-on-line-reune-a-unos-cuarenta-participantes\/#primaryimage","url":"https:\/\/barcelona.euses.cat\/wp-content\/uploads\/2020\/10\/Jornada-III.jpg","contentUrl":"https:\/\/barcelona.euses.cat\/wp-content\/uploads\/2020\/10\/Jornada-III.jpg","width":1098,"height":617},{"@type":"BreadcrumbList","@id":"https:\/\/barcelona.euses.cat\/es\/la-septima-jornada-de-tutores-en-formato-on-line-reune-a-unos-cuarenta-participantes\/#breadcrumb","itemListElement":[{"@type":"ListItem","position":1,"name":"Portada","item":"https:\/\/barcelona.euses.cat\/es\/"},{"@type":"ListItem","position":2,"name":"La s\u00e9ptima Jornada de Tutores, en formato \u201con-line\u201d, re\u00fane a unos cuarenta participantes"}]},{"@type":"WebSite","@id":"https:\/\/barcelona.euses.cat\/ca\/#website","url":"https:\/\/barcelona.euses.cat\/ca\/","name":"EUSES - Campus de Bellvitge (Barcelona)","description":"EUSES, Escuela Universitaria de Fisioterapia Internacional en Barcelona","potentialAction":[{"@type":"SearchAction","target":{"@type":"EntryPoint","urlTemplate":"https:\/\/barcelona.euses.cat\/ca\/?s={search_term_string}"},"query-input":{"@type":"PropertyValueSpecification","valueRequired":true,"valueName":"search_term_string"}}],"inLanguage":"es"},{"@type":"Person","@id":"https:\/\/barcelona.euses.cat\/ca\/#\/schema\/person\/8ab46080dfc4814fa59383db317735bd","name":"Jordi Danes","image":{"@type":"ImageObject","inLanguage":"es","@id":"https:\/\/secure.gravatar.com\/avatar\/a9e4f443b594af225625ee8cfa665e41b1e0740ea34fbe0515b4ca559f8570ef?s=96&d=mm&r=g","url":"https:\/\/secure.gravatar.com\/avatar\/a9e4f443b594af225625ee8cfa665e41b1e0740ea34fbe0515b4ca559f8570ef?s=96&d=mm&r=g","contentUrl":"https:\/\/secure.gravatar.com\/avatar\/a9e4f443b594af225625ee8cfa665e41b1e0740ea34fbe0515b4ca559f8570ef?s=96&d=mm&r=g","caption":"Jordi Danes"},"url":"https:\/\/barcelona.euses.cat\/es\/author\/jordi-danes\/"}]}},"_links":{"self":[{"href":"https:\/\/barcelona.euses.cat\/es\/wp-json\/wp\/v2\/posts\/8816","targetHints":{"allow":["GET"]}}],"collection":[{"href":"https:\/\/barcelona.euses.cat\/es\/wp-json\/wp\/v2\/posts"}],"about":[{"href":"https:\/\/barcelona.euses.cat\/es\/wp-json\/wp\/v2\/types\/post"}],"author":[{"embeddable":true,"href":"https:\/\/barcelona.euses.cat\/es\/wp-json\/wp\/v2\/users\/3"}],"replies":[{"embeddable":true,"href":"https:\/\/barcelona.euses.cat\/es\/wp-json\/wp\/v2\/comments?post=8816"}],"version-history":[{"count":1,"href":"https:\/\/barcelona.euses.cat\/es\/wp-json\/wp\/v2\/posts\/8816\/revisions"}],"predecessor-version":[{"id":8817,"href":"https:\/\/barcelona.euses.cat\/es\/wp-json\/wp\/v2\/posts\/8816\/revisions\/8817"}],"wp:featuredmedia":[{"embeddable":true,"href":"https:\/\/barcelona.euses.cat\/es\/wp-json\/wp\/v2\/media\/8798"}],"wp:attachment":[{"href":"https:\/\/barcelona.euses.cat\/es\/wp-json\/wp\/v2\/media?parent=8816"}],"wp:term":[{"taxonomy":"category","embeddable":true,"href":"https:\/\/barcelona.euses.cat\/es\/wp-json\/wp\/v2\/categories?post=8816"},{"taxonomy":"post_tag","embeddable":true,"href":"https:\/\/barcelona.euses.cat\/es\/wp-json\/wp\/v2\/tags?post=8816"}],"curies":[{"name":"wp","href":"https:\/\/api.w.org\/{rel}","templated":true}]}}