{"id":8463,"date":"2020-05-04T10:38:06","date_gmt":"2020-05-04T08:38:06","guid":{"rendered":"https:\/\/barcelona.euses.cat\/?p=8463"},"modified":"2020-05-04T10:38:06","modified_gmt":"2020-05-04T08:38:06","slug":"el-fc-barcelona-se-integra-como-partner-del-master-en-readaptacion-a-la-actividad-y-la-competicion-deportiva-de-euses-fundacion-udg","status":"publish","type":"post","link":"https:\/\/barcelona.euses.cat\/es\/el-fc-barcelona-se-integra-como-partner-del-master-en-readaptacion-a-la-actividad-y-la-competicion-deportiva-de-euses-fundacion-udg\/","title":{"rendered":"El FC Barcelona se integra como partner del M\u00e1ster en Readaptaci\u00f3n a la Actividad y la Competici\u00f3n Deportiva de EUSES-Fundaci\u00f3n UdG"},"content":{"rendered":"<p>El <a href=\"https:\/\/girona.euses.cat\/es\/estudios\/master-readaptacion-actividad-fisica-y-competencion-deportiva\/\" target=\"_blank\" rel=\"noopener noreferrer\">M\u00e1ster en Readaptaci\u00f3n a la Actividad F\u00edsica y la Competici\u00f3n Deportiva<\/a> llegar\u00e1 el curso 2020\/21 a la octava edici\u00f3n en las instalaciones del campus de Salt con la principal novedad de la colaboraci\u00f3n del FC Barcelona a trav\u00e9s de su laboratorio de conocimiento <a href=\"https:\/\/barcainnovationhub.com\/\" target=\"_blank\" rel=\"noopener noreferrer\">Barcelona Innovation Hub<\/a>, que se ha integrado a este proyecto acad\u00e9mico como partner para dar un nuevo impulso formativo y profesionalizado al M\u00e1ster. El convenio incluye, entre otros acuerdos, la celebraci\u00f3n de algunas sesiones formativas en las instalaciones del club y la participaci\u00f3n de profesionales especializados del club y otros invitados de excepci\u00f3n.<\/p>\n<p>La otra gran novedad del M\u00e1ster es que tendr\u00e1 una edici\u00f3n que se realizar\u00e1 \u00edntegramente en ingl\u00e9s en el campus de <a href=\"https:\/\/enti.cat\/es\/contacto\/\" target=\"_blank\" rel=\"noopener noreferrer\">ENTI<\/a> de Barcelona (Calle Baldiri Reixac, 7) en las mismas fechas: del 16 de octubre de 2020 hasta el 4 de noviembre del 2021.<\/p>\n<p>El periodo de preinscripci\u00f3n para el M\u00e1ster (en cualquiera de las dos sedes) se ha abierto el 1 de marzo y se cerrar\u00e1 el 14 de junio, \u00a0y se tiene que realizar llenando la hoja de inscripci\u00f3n dentro de la web <a href=\"http:\/\/www.master-readaptacionfisicadeportivaudg.com\/\" target=\"_blank\" rel=\"noopener noreferrer\">www.fundacioudg.org<\/a>. Las plazas est\u00e1n limitadas a 48 inscritos en el campus de Salt y 30 plazas para la edici\u00f3n que se llevar\u00e1 a cabo en Barcelona. Los criterios de asignaci\u00f3n ser\u00e1n la nota del expediente acad\u00e9mico de los estudios de acceso al M\u00e1ster y la valoraci\u00f3n de la experiencia profesional y de la formaci\u00f3n continuada af\u00edn al m\u00e1ster. Si hubieran plazas libres, se abrir\u00eda un segundo periodo de inscripci\u00f3n entre el 3 de julio y el 10 de septiembre.<\/p>\n<p>El M\u00e1ster en Readaptaci\u00f3n a la Actividad F\u00edsica y la Competici\u00f3n Deportiva por la Universitat de Girona tiene 60 ECTS (180 horas presenciales) y est\u00e1 dirigido a Licenciados o graduados en Ciencias de la Actividad F\u00edsica y del Deporte, fisioterapeutas, m\u00e9dicos y graduados universitarios que quieran especializarse en un \u00e1rea emergente como es la readaptaci\u00f3n a la competici\u00f3n deportiva o la actividad f\u00edsica relacionada con la salud.<\/p>\n<p>Algunos de los principales objetivos que persigue este m\u00e1ster son: formar al estudiante en las ciencias del deporte orientadas a entender el proceso de readaptaci\u00f3n de un deportista lesionado; proporcionar el conocimiento te\u00f3rico y pr\u00e1ctico para poder desarrollar de manera completa el proceso de readaptaci\u00f3n de un deportista; formar al estudiante en la capacidad de b\u00fasqueda y an\u00e1lisis de bases de datos vinculadas a las ciencias del deporte; reflexionar cr\u00edticamente sobre el conocimiento relacionado con la readaptaci\u00f3n a la competici\u00f3n de un deportista.<\/p>\n<p>Por todo ello, se ha vuelto a reunir un extraordinario equipo docente con profesionales de primer orden en sus respectivas materias que est\u00e1 encabezado por director Daniel Romero (Doctor en Ciencias de la Actividad F\u00edsica y del Deporte y Fisioterapeuta). El equipo de profesores est\u00e1 integrado por Joaqu\u00edn Acedo, Eduard Alentorn, Albert Altarriba, Juanjo Bravo, Jaime Fern\u00e1ndez, Joan Forcades, Eduard Garcia, Oliver Gonzalo, Gabriel Gual, Javier Jorge, \u00c0lex Latinjak, Mauricio L\u00f3pez, Marc Madruga, V\u00edctor Moreno, Jaume Munill, David Rodr\u00edguez, Llu\u00eds Sala y Julio Tous.<\/p>\n","protected":false},"excerpt":{"rendered":"<p>El M\u00e1ster en Readaptaci\u00f3n a la Actividad F\u00edsica y la Competici\u00f3n Deportiva llegar\u00e1 el curso 2020\/21 a la octava edici\u00f3n en las instalaciones del campus de Salt con la principal novedad de la colaboraci\u00f3n del FC Barcelona a trav\u00e9s de su laboratorio de conocimiento Barcelona Innovation Hub, que se ha integrado a este proyecto acad\u00e9mico [&hellip;]<\/p>\n","protected":false},"author":3,"featured_media":8471,"comment_status":"open","ping_status":"closed","sticky":false,"template":"","format":"standard","meta":{"_acf_changed":false,"inline_featured_image":false,"_joinchat":[],"footnotes":""},"categories":[1],"tags":[],"class_list":["post-8463","post","type-post","status-publish","format-standard","has-post-thumbnail","hentry","category-sin-categorizar"],"acf":[],"yoast_head":"<!-- This site is optimized with the Yoast SEO plugin v27.4 - https:\/\/yoast.com\/product\/yoast-seo-wordpress\/ -->\n<title>El FC Barcelona se integra como partner del M\u00e1ster en Readaptaci\u00f3n a la Actividad y la Competici\u00f3n Deportiva de EUSES-Fundaci\u00f3n UdG | EUSES - Campus de Bellvitge (Barcelona)<\/title>\n<meta name=\"robots\" content=\"index, follow, max-snippet:-1, max-image-preview:large, max-video-preview:-1\" \/>\n<link rel=\"canonical\" href=\"https:\/\/barcelona.euses.cat\/es\/el-fc-barcelona-se-integra-como-partner-del-master-en-readaptacion-a-la-actividad-y-la-competicion-deportiva-de-euses-fundacion-udg\/\" \/>\n<meta property=\"og:locale\" content=\"es_ES\" \/>\n<meta property=\"og:type\" content=\"article\" \/>\n<meta property=\"og:title\" content=\"El FC Barcelona se integra como partner del M\u00e1ster en Readaptaci\u00f3n a la Actividad y la Competici\u00f3n Deportiva de EUSES-Fundaci\u00f3n UdG | EUSES - Campus de Bellvitge (Barcelona)\" \/>\n<meta property=\"og:description\" content=\"El M\u00e1ster en Readaptaci\u00f3n a la Actividad F\u00edsica y la Competici\u00f3n Deportiva llegar\u00e1 el curso 2020\/21 a la octava edici\u00f3n en las instalaciones del campus de Salt con la principal novedad de la colaboraci\u00f3n del FC Barcelona a trav\u00e9s de su laboratorio de conocimiento Barcelona Innovation Hub, que se ha integrado a este proyecto acad\u00e9mico [&hellip;]\" \/>\n<meta property=\"og:url\" content=\"https:\/\/barcelona.euses.cat\/es\/el-fc-barcelona-se-integra-como-partner-del-master-en-readaptacion-a-la-actividad-y-la-competicion-deportiva-de-euses-fundacion-udg\/\" \/>\n<meta property=\"og:site_name\" content=\"EUSES - Campus de Bellvitge (Barcelona)\" \/>\n<meta property=\"article:publisher\" content=\"https:\/\/www.facebook.com\/PhysioBCN\/\" \/>\n<meta property=\"article:published_time\" content=\"2020-05-04T08:38:06+00:00\" \/>\n<meta property=\"og:image\" content=\"https:\/\/barcelona.euses.cat\/wp-content\/uploads\/2020\/05\/master-readaptacio-3-1024x658.jpg\" \/>\n\t<meta property=\"og:image:width\" content=\"1024\" \/>\n\t<meta property=\"og:image:height\" content=\"658\" \/>\n\t<meta property=\"og:image:type\" content=\"image\/jpeg\" \/>\n<meta name=\"author\" content=\"Jordi Danes\" \/>\n<meta name=\"twitter:card\" content=\"summary_large_image\" \/>\n<meta name=\"twitter:label1\" content=\"Escrito por\" \/>\n\t<meta name=\"twitter:data1\" content=\"Jordi Danes\" \/>\n\t<meta name=\"twitter:label2\" content=\"Tiempo de lectura\" \/>\n\t<meta name=\"twitter:data2\" content=\"3 minutos\" \/>\n<script type=\"application\/ld+json\" class=\"yoast-schema-graph\">{\"@context\":\"https:\\\/\\\/schema.org\",\"@graph\":[{\"@type\":\"Article\",\"@id\":\"https:\\\/\\\/barcelona.euses.cat\\\/es\\\/el-fc-barcelona-se-integra-como-partner-del-master-en-readaptacion-a-la-actividad-y-la-competicion-deportiva-de-euses-fundacion-udg\\\/#article\",\"isPartOf\":{\"@id\":\"https:\\\/\\\/barcelona.euses.cat\\\/es\\\/el-fc-barcelona-se-integra-como-partner-del-master-en-readaptacion-a-la-actividad-y-la-competicion-deportiva-de-euses-fundacion-udg\\\/\"},\"author\":{\"name\":\"Jordi Danes\",\"@id\":\"https:\\\/\\\/barcelona.euses.cat\\\/ca\\\/#\\\/schema\\\/person\\\/8ab46080dfc4814fa59383db317735bd\"},\"headline\":\"El FC Barcelona se integra como partner del M\u00e1ster en Readaptaci\u00f3n a la Actividad y la Competici\u00f3n Deportiva de EUSES-Fundaci\u00f3n UdG\",\"datePublished\":\"2020-05-04T08:38:06+00:00\",\"mainEntityOfPage\":{\"@id\":\"https:\\\/\\\/barcelona.euses.cat\\\/es\\\/el-fc-barcelona-se-integra-como-partner-del-master-en-readaptacion-a-la-actividad-y-la-competicion-deportiva-de-euses-fundacion-udg\\\/\"},\"wordCount\":565,\"commentCount\":0,\"image\":{\"@id\":\"https:\\\/\\\/barcelona.euses.cat\\\/es\\\/el-fc-barcelona-se-integra-como-partner-del-master-en-readaptacion-a-la-actividad-y-la-competicion-deportiva-de-euses-fundacion-udg\\\/#primaryimage\"},\"thumbnailUrl\":\"https:\\\/\\\/barcelona.euses.cat\\\/wp-content\\\/uploads\\\/2020\\\/05\\\/master-readaptacio-3.jpg\",\"articleSection\":[\"Sin categorizar\"],\"inLanguage\":\"es\"},{\"@type\":\"WebPage\",\"@id\":\"https:\\\/\\\/barcelona.euses.cat\\\/es\\\/el-fc-barcelona-se-integra-como-partner-del-master-en-readaptacion-a-la-actividad-y-la-competicion-deportiva-de-euses-fundacion-udg\\\/\",\"url\":\"https:\\\/\\\/barcelona.euses.cat\\\/es\\\/el-fc-barcelona-se-integra-como-partner-del-master-en-readaptacion-a-la-actividad-y-la-competicion-deportiva-de-euses-fundacion-udg\\\/\",\"name\":\"El FC Barcelona se integra como partner del M\u00e1ster en Readaptaci\u00f3n a la Actividad y la Competici\u00f3n Deportiva de EUSES-Fundaci\u00f3n UdG | EUSES - Campus de Bellvitge (Barcelona)\",\"isPartOf\":{\"@id\":\"https:\\\/\\\/barcelona.euses.cat\\\/ca\\\/#website\"},\"primaryImageOfPage\":{\"@id\":\"https:\\\/\\\/barcelona.euses.cat\\\/es\\\/el-fc-barcelona-se-integra-como-partner-del-master-en-readaptacion-a-la-actividad-y-la-competicion-deportiva-de-euses-fundacion-udg\\\/#primaryimage\"},\"image\":{\"@id\":\"https:\\\/\\\/barcelona.euses.cat\\\/es\\\/el-fc-barcelona-se-integra-como-partner-del-master-en-readaptacion-a-la-actividad-y-la-competicion-deportiva-de-euses-fundacion-udg\\\/#primaryimage\"},\"thumbnailUrl\":\"https:\\\/\\\/barcelona.euses.cat\\\/wp-content\\\/uploads\\\/2020\\\/05\\\/master-readaptacio-3.jpg\",\"datePublished\":\"2020-05-04T08:38:06+00:00\",\"author\":{\"@id\":\"https:\\\/\\\/barcelona.euses.cat\\\/ca\\\/#\\\/schema\\\/person\\\/8ab46080dfc4814fa59383db317735bd\"},\"breadcrumb\":{\"@id\":\"https:\\\/\\\/barcelona.euses.cat\\\/es\\\/el-fc-barcelona-se-integra-como-partner-del-master-en-readaptacion-a-la-actividad-y-la-competicion-deportiva-de-euses-fundacion-udg\\\/#breadcrumb\"},\"inLanguage\":\"es\",\"potentialAction\":[{\"@type\":\"ReadAction\",\"target\":[\"https:\\\/\\\/barcelona.euses.cat\\\/es\\\/el-fc-barcelona-se-integra-como-partner-del-master-en-readaptacion-a-la-actividad-y-la-competicion-deportiva-de-euses-fundacion-udg\\\/\"]}]},{\"@type\":\"ImageObject\",\"inLanguage\":\"es\",\"@id\":\"https:\\\/\\\/barcelona.euses.cat\\\/es\\\/el-fc-barcelona-se-integra-como-partner-del-master-en-readaptacion-a-la-actividad-y-la-competicion-deportiva-de-euses-fundacion-udg\\\/#primaryimage\",\"url\":\"https:\\\/\\\/barcelona.euses.cat\\\/wp-content\\\/uploads\\\/2020\\\/05\\\/master-readaptacio-3.jpg\",\"contentUrl\":\"https:\\\/\\\/barcelona.euses.cat\\\/wp-content\\\/uploads\\\/2020\\\/05\\\/master-readaptacio-3.jpg\",\"width\":4904,\"height\":3153,\"caption\":\"20192020_Entrenament_Futbol_1r_equip_20190808_11\"},{\"@type\":\"BreadcrumbList\",\"@id\":\"https:\\\/\\\/barcelona.euses.cat\\\/es\\\/el-fc-barcelona-se-integra-como-partner-del-master-en-readaptacion-a-la-actividad-y-la-competicion-deportiva-de-euses-fundacion-udg\\\/#breadcrumb\",\"itemListElement\":[{\"@type\":\"ListItem\",\"position\":1,\"name\":\"Portada\",\"item\":\"https:\\\/\\\/barcelona.euses.cat\\\/es\\\/\"},{\"@type\":\"ListItem\",\"position\":2,\"name\":\"El FC Barcelona se integra como partner del M\u00e1ster en Readaptaci\u00f3n a la Actividad y la Competici\u00f3n Deportiva de EUSES-Fundaci\u00f3n UdG\"}]},{\"@type\":\"WebSite\",\"@id\":\"https:\\\/\\\/barcelona.euses.cat\\\/ca\\\/#website\",\"url\":\"https:\\\/\\\/barcelona.euses.cat\\\/ca\\\/\",\"name\":\"EUSES - Campus de Bellvitge (Barcelona)\",\"description\":\"EUSES, Escuela Universitaria de Fisioterapia Internacional en Barcelona\",\"potentialAction\":[{\"@type\":\"SearchAction\",\"target\":{\"@type\":\"EntryPoint\",\"urlTemplate\":\"https:\\\/\\\/barcelona.euses.cat\\\/ca\\\/?s={search_term_string}\"},\"query-input\":{\"@type\":\"PropertyValueSpecification\",\"valueRequired\":true,\"valueName\":\"search_term_string\"}}],\"inLanguage\":\"es\"},{\"@type\":\"Person\",\"@id\":\"https:\\\/\\\/barcelona.euses.cat\\\/ca\\\/#\\\/schema\\\/person\\\/8ab46080dfc4814fa59383db317735bd\",\"name\":\"Jordi Danes\",\"image\":{\"@type\":\"ImageObject\",\"inLanguage\":\"es\",\"@id\":\"https:\\\/\\\/secure.gravatar.com\\\/avatar\\\/a9e4f443b594af225625ee8cfa665e41b1e0740ea34fbe0515b4ca559f8570ef?s=96&d=mm&r=g\",\"url\":\"https:\\\/\\\/secure.gravatar.com\\\/avatar\\\/a9e4f443b594af225625ee8cfa665e41b1e0740ea34fbe0515b4ca559f8570ef?s=96&d=mm&r=g\",\"contentUrl\":\"https:\\\/\\\/secure.gravatar.com\\\/avatar\\\/a9e4f443b594af225625ee8cfa665e41b1e0740ea34fbe0515b4ca559f8570ef?s=96&d=mm&r=g\",\"caption\":\"Jordi Danes\"},\"url\":\"https:\\\/\\\/barcelona.euses.cat\\\/es\\\/author\\\/jordi-danes\\\/\"}]}<\/script>\n<!-- \/ Yoast SEO plugin. -->","yoast_head_json":{"title":"El FC Barcelona se integra como partner del M\u00e1ster en Readaptaci\u00f3n a la Actividad y la Competici\u00f3n Deportiva de EUSES-Fundaci\u00f3n UdG | EUSES - Campus de Bellvitge (Barcelona)","robots":{"index":"index","follow":"follow","max-snippet":"max-snippet:-1","max-image-preview":"max-image-preview:large","max-video-preview":"max-video-preview:-1"},"canonical":"https:\/\/barcelona.euses.cat\/es\/el-fc-barcelona-se-integra-como-partner-del-master-en-readaptacion-a-la-actividad-y-la-competicion-deportiva-de-euses-fundacion-udg\/","og_locale":"es_ES","og_type":"article","og_title":"El FC Barcelona se integra como partner del M\u00e1ster en Readaptaci\u00f3n a la Actividad y la Competici\u00f3n Deportiva de EUSES-Fundaci\u00f3n UdG | EUSES - Campus de Bellvitge (Barcelona)","og_description":"El M\u00e1ster en Readaptaci\u00f3n a la Actividad F\u00edsica y la Competici\u00f3n Deportiva llegar\u00e1 el curso 2020\/21 a la octava edici\u00f3n en las instalaciones del campus de Salt con la principal novedad de la colaboraci\u00f3n del FC Barcelona a trav\u00e9s de su laboratorio de conocimiento Barcelona Innovation Hub, que se ha integrado a este proyecto acad\u00e9mico [&hellip;]","og_url":"https:\/\/barcelona.euses.cat\/es\/el-fc-barcelona-se-integra-como-partner-del-master-en-readaptacion-a-la-actividad-y-la-competicion-deportiva-de-euses-fundacion-udg\/","og_site_name":"EUSES - Campus de Bellvitge (Barcelona)","article_publisher":"https:\/\/www.facebook.com\/PhysioBCN\/","article_published_time":"2020-05-04T08:38:06+00:00","og_image":[{"width":1024,"height":658,"url":"https:\/\/barcelona.euses.cat\/wp-content\/uploads\/2020\/05\/master-readaptacio-3-1024x658.jpg","type":"image\/jpeg"}],"author":"Jordi Danes","twitter_card":"summary_large_image","twitter_misc":{"Escrito por":"Jordi Danes","Tiempo de lectura":"3 minutos"},"schema":{"@context":"https:\/\/schema.org","@graph":[{"@type":"Article","@id":"https:\/\/barcelona.euses.cat\/es\/el-fc-barcelona-se-integra-como-partner-del-master-en-readaptacion-a-la-actividad-y-la-competicion-deportiva-de-euses-fundacion-udg\/#article","isPartOf":{"@id":"https:\/\/barcelona.euses.cat\/es\/el-fc-barcelona-se-integra-como-partner-del-master-en-readaptacion-a-la-actividad-y-la-competicion-deportiva-de-euses-fundacion-udg\/"},"author":{"name":"Jordi Danes","@id":"https:\/\/barcelona.euses.cat\/ca\/#\/schema\/person\/8ab46080dfc4814fa59383db317735bd"},"headline":"El FC Barcelona se integra como partner del M\u00e1ster en Readaptaci\u00f3n a la Actividad y la Competici\u00f3n Deportiva de EUSES-Fundaci\u00f3n UdG","datePublished":"2020-05-04T08:38:06+00:00","mainEntityOfPage":{"@id":"https:\/\/barcelona.euses.cat\/es\/el-fc-barcelona-se-integra-como-partner-del-master-en-readaptacion-a-la-actividad-y-la-competicion-deportiva-de-euses-fundacion-udg\/"},"wordCount":565,"commentCount":0,"image":{"@id":"https:\/\/barcelona.euses.cat\/es\/el-fc-barcelona-se-integra-como-partner-del-master-en-readaptacion-a-la-actividad-y-la-competicion-deportiva-de-euses-fundacion-udg\/#primaryimage"},"thumbnailUrl":"https:\/\/barcelona.euses.cat\/wp-content\/uploads\/2020\/05\/master-readaptacio-3.jpg","articleSection":["Sin categorizar"],"inLanguage":"es"},{"@type":"WebPage","@id":"https:\/\/barcelona.euses.cat\/es\/el-fc-barcelona-se-integra-como-partner-del-master-en-readaptacion-a-la-actividad-y-la-competicion-deportiva-de-euses-fundacion-udg\/","url":"https:\/\/barcelona.euses.cat\/es\/el-fc-barcelona-se-integra-como-partner-del-master-en-readaptacion-a-la-actividad-y-la-competicion-deportiva-de-euses-fundacion-udg\/","name":"El FC Barcelona se integra como partner del M\u00e1ster en Readaptaci\u00f3n a la Actividad y la Competici\u00f3n Deportiva de EUSES-Fundaci\u00f3n UdG | EUSES - Campus de Bellvitge (Barcelona)","isPartOf":{"@id":"https:\/\/barcelona.euses.cat\/ca\/#website"},"primaryImageOfPage":{"@id":"https:\/\/barcelona.euses.cat\/es\/el-fc-barcelona-se-integra-como-partner-del-master-en-readaptacion-a-la-actividad-y-la-competicion-deportiva-de-euses-fundacion-udg\/#primaryimage"},"image":{"@id":"https:\/\/barcelona.euses.cat\/es\/el-fc-barcelona-se-integra-como-partner-del-master-en-readaptacion-a-la-actividad-y-la-competicion-deportiva-de-euses-fundacion-udg\/#primaryimage"},"thumbnailUrl":"https:\/\/barcelona.euses.cat\/wp-content\/uploads\/2020\/05\/master-readaptacio-3.jpg","datePublished":"2020-05-04T08:38:06+00:00","author":{"@id":"https:\/\/barcelona.euses.cat\/ca\/#\/schema\/person\/8ab46080dfc4814fa59383db317735bd"},"breadcrumb":{"@id":"https:\/\/barcelona.euses.cat\/es\/el-fc-barcelona-se-integra-como-partner-del-master-en-readaptacion-a-la-actividad-y-la-competicion-deportiva-de-euses-fundacion-udg\/#breadcrumb"},"inLanguage":"es","potentialAction":[{"@type":"ReadAction","target":["https:\/\/barcelona.euses.cat\/es\/el-fc-barcelona-se-integra-como-partner-del-master-en-readaptacion-a-la-actividad-y-la-competicion-deportiva-de-euses-fundacion-udg\/"]}]},{"@type":"ImageObject","inLanguage":"es","@id":"https:\/\/barcelona.euses.cat\/es\/el-fc-barcelona-se-integra-como-partner-del-master-en-readaptacion-a-la-actividad-y-la-competicion-deportiva-de-euses-fundacion-udg\/#primaryimage","url":"https:\/\/barcelona.euses.cat\/wp-content\/uploads\/2020\/05\/master-readaptacio-3.jpg","contentUrl":"https:\/\/barcelona.euses.cat\/wp-content\/uploads\/2020\/05\/master-readaptacio-3.jpg","width":4904,"height":3153,"caption":"20192020_Entrenament_Futbol_1r_equip_20190808_11"},{"@type":"BreadcrumbList","@id":"https:\/\/barcelona.euses.cat\/es\/el-fc-barcelona-se-integra-como-partner-del-master-en-readaptacion-a-la-actividad-y-la-competicion-deportiva-de-euses-fundacion-udg\/#breadcrumb","itemListElement":[{"@type":"ListItem","position":1,"name":"Portada","item":"https:\/\/barcelona.euses.cat\/es\/"},{"@type":"ListItem","position":2,"name":"El FC Barcelona se integra como partner del M\u00e1ster en Readaptaci\u00f3n a la Actividad y la Competici\u00f3n Deportiva de EUSES-Fundaci\u00f3n UdG"}]},{"@type":"WebSite","@id":"https:\/\/barcelona.euses.cat\/ca\/#website","url":"https:\/\/barcelona.euses.cat\/ca\/","name":"EUSES - Campus de Bellvitge (Barcelona)","description":"EUSES, Escuela Universitaria de Fisioterapia Internacional en Barcelona","potentialAction":[{"@type":"SearchAction","target":{"@type":"EntryPoint","urlTemplate":"https:\/\/barcelona.euses.cat\/ca\/?s={search_term_string}"},"query-input":{"@type":"PropertyValueSpecification","valueRequired":true,"valueName":"search_term_string"}}],"inLanguage":"es"},{"@type":"Person","@id":"https:\/\/barcelona.euses.cat\/ca\/#\/schema\/person\/8ab46080dfc4814fa59383db317735bd","name":"Jordi Danes","image":{"@type":"ImageObject","inLanguage":"es","@id":"https:\/\/secure.gravatar.com\/avatar\/a9e4f443b594af225625ee8cfa665e41b1e0740ea34fbe0515b4ca559f8570ef?s=96&d=mm&r=g","url":"https:\/\/secure.gravatar.com\/avatar\/a9e4f443b594af225625ee8cfa665e41b1e0740ea34fbe0515b4ca559f8570ef?s=96&d=mm&r=g","contentUrl":"https:\/\/secure.gravatar.com\/avatar\/a9e4f443b594af225625ee8cfa665e41b1e0740ea34fbe0515b4ca559f8570ef?s=96&d=mm&r=g","caption":"Jordi Danes"},"url":"https:\/\/barcelona.euses.cat\/es\/author\/jordi-danes\/"}]}},"_links":{"self":[{"href":"https:\/\/barcelona.euses.cat\/es\/wp-json\/wp\/v2\/posts\/8463","targetHints":{"allow":["GET"]}}],"collection":[{"href":"https:\/\/barcelona.euses.cat\/es\/wp-json\/wp\/v2\/posts"}],"about":[{"href":"https:\/\/barcelona.euses.cat\/es\/wp-json\/wp\/v2\/types\/post"}],"author":[{"embeddable":true,"href":"https:\/\/barcelona.euses.cat\/es\/wp-json\/wp\/v2\/users\/3"}],"replies":[{"embeddable":true,"href":"https:\/\/barcelona.euses.cat\/es\/wp-json\/wp\/v2\/comments?post=8463"}],"version-history":[{"count":1,"href":"https:\/\/barcelona.euses.cat\/es\/wp-json\/wp\/v2\/posts\/8463\/revisions"}],"predecessor-version":[{"id":8464,"href":"https:\/\/barcelona.euses.cat\/es\/wp-json\/wp\/v2\/posts\/8463\/revisions\/8464"}],"wp:featuredmedia":[{"embeddable":true,"href":"https:\/\/barcelona.euses.cat\/es\/wp-json\/wp\/v2\/media\/8471"}],"wp:attachment":[{"href":"https:\/\/barcelona.euses.cat\/es\/wp-json\/wp\/v2\/media?parent=8463"}],"wp:term":[{"taxonomy":"category","embeddable":true,"href":"https:\/\/barcelona.euses.cat\/es\/wp-json\/wp\/v2\/categories?post=8463"},{"taxonomy":"post_tag","embeddable":true,"href":"https:\/\/barcelona.euses.cat\/es\/wp-json\/wp\/v2\/tags?post=8463"}],"curies":[{"name":"wp","href":"https:\/\/api.w.org\/{rel}","templated":true}]}}