{"id":8360,"date":"2020-04-24T17:42:03","date_gmt":"2020-04-24T15:42:03","guid":{"rendered":"https:\/\/barcelona.euses.cat\/?p=8360"},"modified":"2020-04-24T17:43:19","modified_gmt":"2020-04-24T15:43:19","slug":"celebrada-la-primera-jornada-de-puertas-abiertas-virtual-del-grado-de-fisioterapia-internacional","status":"publish","type":"post","link":"https:\/\/barcelona.euses.cat\/es\/celebrada-la-primera-jornada-de-puertas-abiertas-virtual-del-grado-de-fisioterapia-internacional\/","title":{"rendered":"Celebrada la primera jornada de puertas abiertas virtual del Grado de Fisioterapia Internacional"},"content":{"rendered":"<p>Los interesados en realizar el Grado en Fisioterapia Internacional en el campus de Bellvitge el curso acad\u00e9mico 2020\/21 han podido recibir esta tarde toda la informaci\u00f3n durante la jornada de puertas abiertas virtual que los inscritos han podido seguir a trav\u00e9s de la plataforma Zoom. El director de Physiotherapy, Mariano Gacto, ha realizado una exhaustiva exposici\u00f3n del Grado durante la cual ha incidido en el plan de estudios y en el abanico de salidas profesionales que tendr\u00e1n los futuros graduados. Tambi\u00e9n ha explicado los convenios internacionales que tiene firmados la universidad y los convenios de pr\u00e1cticas con otras entidades y se ha dirigido a los interesados para comentarles el proceso de inscripci\u00f3n as\u00ed como otros aspectos m\u00e1s log\u00edsticos. Durante la sesi\u00f3n virtual, tambi\u00e9n ha intervenido la graduada Maria J\u00fadez para exponer su experiencia desde el punto de vista de una exalumna. Los asistentes han podido ver im\u00e1genes del Campus de Bellvitge y despu\u00e9s de toda la exposici\u00f3n ha habido un turno de preguntas donde los futuros estudiantes de Physiotheraphy han podido intervenir por el xat para plantear cualquier cuesti\u00f3n y resolver todas sus dudas.<\/p>\n<p>.<\/p>\n<p><a href=\"https:\/\/barcelona.euses.cat\/wp-content\/uploads\/2020\/04\/ajpobcn1_LI-2.jpg\"><img fetchpriority=\"high\" decoding=\"async\" class=\"alignnone wp-image-8358 size-medium\" src=\"https:\/\/barcelona.euses.cat\/wp-content\/uploads\/2020\/04\/ajpobcn1_LI-2-300x169.jpg\" alt=\"\" width=\"300\" height=\"169\" srcset=\"https:\/\/barcelona.euses.cat\/wp-content\/uploads\/2020\/04\/ajpobcn1_LI-2-300x169.jpg 300w, https:\/\/barcelona.euses.cat\/wp-content\/uploads\/2020\/04\/ajpobcn1_LI-2-768x432.jpg 768w, https:\/\/barcelona.euses.cat\/wp-content\/uploads\/2020\/04\/ajpobcn1_LI-2-1024x576.jpg 1024w, https:\/\/barcelona.euses.cat\/wp-content\/uploads\/2020\/04\/ajpobcn1_LI-2-350x197.jpg 350w, https:\/\/barcelona.euses.cat\/wp-content\/uploads\/2020\/04\/ajpobcn1_LI-2.jpg 1366w\" sizes=\"(max-width: 300px) 100vw, 300px\" \/><\/a><\/p>\n<p>&nbsp;<\/p>\n","protected":false},"excerpt":{"rendered":"<p>Los interesados en realizar el Grado en Fisioterapia Internacional en el campus de Bellvitge el curso acad\u00e9mico 2020\/21 han podido recibir esta tarde toda la informaci\u00f3n durante la jornada de puertas abiertas virtual que los inscritos han podido seguir a trav\u00e9s de la plataforma Zoom. El director de Physiotherapy, Mariano Gacto, ha realizado una exhaustiva [&hellip;]<\/p>\n","protected":false},"author":3,"featured_media":8354,"comment_status":"open","ping_status":"closed","sticky":false,"template":"","format":"standard","meta":{"_acf_changed":false,"inline_featured_image":false,"_joinchat":[],"footnotes":""},"categories":[1],"tags":[],"class_list":["post-8360","post","type-post","status-publish","format-standard","has-post-thumbnail","hentry","category-sin-categorizar"],"acf":[],"yoast_head":"<!-- This site is optimized with the Yoast SEO plugin v27.4 - https:\/\/yoast.com\/product\/yoast-seo-wordpress\/ -->\n<title>Celebrada la primera jornada de puertas abiertas virtual del Grado de Fisioterapia Internacional | EUSES - Campus de Bellvitge (Barcelona)<\/title>\n<meta name=\"robots\" content=\"index, follow, max-snippet:-1, max-image-preview:large, max-video-preview:-1\" \/>\n<link rel=\"canonical\" href=\"https:\/\/barcelona.euses.cat\/es\/celebrada-la-primera-jornada-de-puertas-abiertas-virtual-del-grado-de-fisioterapia-internacional\/\" \/>\n<meta property=\"og:locale\" content=\"es_ES\" \/>\n<meta property=\"og:type\" content=\"article\" \/>\n<meta property=\"og:title\" content=\"Celebrada la primera jornada de puertas abiertas virtual del Grado de Fisioterapia Internacional | EUSES - Campus de Bellvitge (Barcelona)\" \/>\n<meta property=\"og:description\" content=\"Los interesados en realizar el Grado en Fisioterapia Internacional en el campus de Bellvitge el curso acad\u00e9mico 2020\/21 han podido recibir esta tarde toda la informaci\u00f3n durante la jornada de puertas abiertas virtual que los inscritos han podido seguir a trav\u00e9s de la plataforma Zoom. El director de Physiotherapy, Mariano Gacto, ha realizado una exhaustiva [&hellip;]\" \/>\n<meta property=\"og:url\" content=\"https:\/\/barcelona.euses.cat\/es\/celebrada-la-primera-jornada-de-puertas-abiertas-virtual-del-grado-de-fisioterapia-internacional\/\" \/>\n<meta property=\"og:site_name\" content=\"EUSES - Campus de Bellvitge (Barcelona)\" \/>\n<meta property=\"article:publisher\" content=\"https:\/\/www.facebook.com\/PhysioBCN\/\" \/>\n<meta property=\"article:published_time\" content=\"2020-04-24T15:42:03+00:00\" \/>\n<meta property=\"article:modified_time\" content=\"2020-04-24T15:43:19+00:00\" \/>\n<meta property=\"og:image\" content=\"https:\/\/barcelona.euses.cat\/wp-content\/uploads\/2020\/04\/ajpo-4_LI.jpg\" \/>\n\t<meta property=\"og:image:width\" content=\"1360\" \/>\n\t<meta property=\"og:image:height\" content=\"730\" \/>\n\t<meta property=\"og:image:type\" content=\"image\/jpeg\" \/>\n<meta name=\"author\" content=\"Jordi Danes\" \/>\n<meta name=\"twitter:card\" content=\"summary_large_image\" \/>\n<meta name=\"twitter:label1\" content=\"Escrito por\" \/>\n\t<meta name=\"twitter:data1\" content=\"Jordi Danes\" \/>\n\t<meta name=\"twitter:label2\" content=\"Tiempo de lectura\" \/>\n\t<meta name=\"twitter:data2\" content=\"1 minuto\" \/>\n<script type=\"application\/ld+json\" class=\"yoast-schema-graph\">{\"@context\":\"https:\\\/\\\/schema.org\",\"@graph\":[{\"@type\":\"Article\",\"@id\":\"https:\\\/\\\/barcelona.euses.cat\\\/es\\\/celebrada-la-primera-jornada-de-puertas-abiertas-virtual-del-grado-de-fisioterapia-internacional\\\/#article\",\"isPartOf\":{\"@id\":\"https:\\\/\\\/barcelona.euses.cat\\\/es\\\/celebrada-la-primera-jornada-de-puertas-abiertas-virtual-del-grado-de-fisioterapia-internacional\\\/\"},\"author\":{\"name\":\"Jordi Danes\",\"@id\":\"https:\\\/\\\/barcelona.euses.cat\\\/ca\\\/#\\\/schema\\\/person\\\/8ab46080dfc4814fa59383db317735bd\"},\"headline\":\"Celebrada la primera jornada de puertas abiertas virtual del Grado de Fisioterapia Internacional\",\"datePublished\":\"2020-04-24T15:42:03+00:00\",\"dateModified\":\"2020-04-24T15:43:19+00:00\",\"mainEntityOfPage\":{\"@id\":\"https:\\\/\\\/barcelona.euses.cat\\\/es\\\/celebrada-la-primera-jornada-de-puertas-abiertas-virtual-del-grado-de-fisioterapia-internacional\\\/\"},\"wordCount\":214,\"commentCount\":0,\"image\":{\"@id\":\"https:\\\/\\\/barcelona.euses.cat\\\/es\\\/celebrada-la-primera-jornada-de-puertas-abiertas-virtual-del-grado-de-fisioterapia-internacional\\\/#primaryimage\"},\"thumbnailUrl\":\"https:\\\/\\\/barcelona.euses.cat\\\/wp-content\\\/uploads\\\/2020\\\/04\\\/ajpo-4_LI.jpg\",\"articleSection\":[\"Sin categorizar\"],\"inLanguage\":\"es\"},{\"@type\":\"WebPage\",\"@id\":\"https:\\\/\\\/barcelona.euses.cat\\\/es\\\/celebrada-la-primera-jornada-de-puertas-abiertas-virtual-del-grado-de-fisioterapia-internacional\\\/\",\"url\":\"https:\\\/\\\/barcelona.euses.cat\\\/es\\\/celebrada-la-primera-jornada-de-puertas-abiertas-virtual-del-grado-de-fisioterapia-internacional\\\/\",\"name\":\"Celebrada la primera jornada de puertas abiertas virtual del Grado de Fisioterapia Internacional | EUSES - Campus de Bellvitge (Barcelona)\",\"isPartOf\":{\"@id\":\"https:\\\/\\\/barcelona.euses.cat\\\/ca\\\/#website\"},\"primaryImageOfPage\":{\"@id\":\"https:\\\/\\\/barcelona.euses.cat\\\/es\\\/celebrada-la-primera-jornada-de-puertas-abiertas-virtual-del-grado-de-fisioterapia-internacional\\\/#primaryimage\"},\"image\":{\"@id\":\"https:\\\/\\\/barcelona.euses.cat\\\/es\\\/celebrada-la-primera-jornada-de-puertas-abiertas-virtual-del-grado-de-fisioterapia-internacional\\\/#primaryimage\"},\"thumbnailUrl\":\"https:\\\/\\\/barcelona.euses.cat\\\/wp-content\\\/uploads\\\/2020\\\/04\\\/ajpo-4_LI.jpg\",\"datePublished\":\"2020-04-24T15:42:03+00:00\",\"dateModified\":\"2020-04-24T15:43:19+00:00\",\"author\":{\"@id\":\"https:\\\/\\\/barcelona.euses.cat\\\/ca\\\/#\\\/schema\\\/person\\\/8ab46080dfc4814fa59383db317735bd\"},\"breadcrumb\":{\"@id\":\"https:\\\/\\\/barcelona.euses.cat\\\/es\\\/celebrada-la-primera-jornada-de-puertas-abiertas-virtual-del-grado-de-fisioterapia-internacional\\\/#breadcrumb\"},\"inLanguage\":\"es\",\"potentialAction\":[{\"@type\":\"ReadAction\",\"target\":[\"https:\\\/\\\/barcelona.euses.cat\\\/es\\\/celebrada-la-primera-jornada-de-puertas-abiertas-virtual-del-grado-de-fisioterapia-internacional\\\/\"]}]},{\"@type\":\"ImageObject\",\"inLanguage\":\"es\",\"@id\":\"https:\\\/\\\/barcelona.euses.cat\\\/es\\\/celebrada-la-primera-jornada-de-puertas-abiertas-virtual-del-grado-de-fisioterapia-internacional\\\/#primaryimage\",\"url\":\"https:\\\/\\\/barcelona.euses.cat\\\/wp-content\\\/uploads\\\/2020\\\/04\\\/ajpo-4_LI.jpg\",\"contentUrl\":\"https:\\\/\\\/barcelona.euses.cat\\\/wp-content\\\/uploads\\\/2020\\\/04\\\/ajpo-4_LI.jpg\",\"width\":1360,\"height\":730},{\"@type\":\"BreadcrumbList\",\"@id\":\"https:\\\/\\\/barcelona.euses.cat\\\/es\\\/celebrada-la-primera-jornada-de-puertas-abiertas-virtual-del-grado-de-fisioterapia-internacional\\\/#breadcrumb\",\"itemListElement\":[{\"@type\":\"ListItem\",\"position\":1,\"name\":\"Portada\",\"item\":\"https:\\\/\\\/barcelona.euses.cat\\\/es\\\/\"},{\"@type\":\"ListItem\",\"position\":2,\"name\":\"Celebrada la primera jornada de puertas abiertas virtual del Grado de Fisioterapia Internacional\"}]},{\"@type\":\"WebSite\",\"@id\":\"https:\\\/\\\/barcelona.euses.cat\\\/ca\\\/#website\",\"url\":\"https:\\\/\\\/barcelona.euses.cat\\\/ca\\\/\",\"name\":\"EUSES - Campus de Bellvitge (Barcelona)\",\"description\":\"EUSES, Escuela Universitaria de Fisioterapia Internacional en Barcelona\",\"potentialAction\":[{\"@type\":\"SearchAction\",\"target\":{\"@type\":\"EntryPoint\",\"urlTemplate\":\"https:\\\/\\\/barcelona.euses.cat\\\/ca\\\/?s={search_term_string}\"},\"query-input\":{\"@type\":\"PropertyValueSpecification\",\"valueRequired\":true,\"valueName\":\"search_term_string\"}}],\"inLanguage\":\"es\"},{\"@type\":\"Person\",\"@id\":\"https:\\\/\\\/barcelona.euses.cat\\\/ca\\\/#\\\/schema\\\/person\\\/8ab46080dfc4814fa59383db317735bd\",\"name\":\"Jordi Danes\",\"image\":{\"@type\":\"ImageObject\",\"inLanguage\":\"es\",\"@id\":\"https:\\\/\\\/secure.gravatar.com\\\/avatar\\\/a9e4f443b594af225625ee8cfa665e41b1e0740ea34fbe0515b4ca559f8570ef?s=96&d=mm&r=g\",\"url\":\"https:\\\/\\\/secure.gravatar.com\\\/avatar\\\/a9e4f443b594af225625ee8cfa665e41b1e0740ea34fbe0515b4ca559f8570ef?s=96&d=mm&r=g\",\"contentUrl\":\"https:\\\/\\\/secure.gravatar.com\\\/avatar\\\/a9e4f443b594af225625ee8cfa665e41b1e0740ea34fbe0515b4ca559f8570ef?s=96&d=mm&r=g\",\"caption\":\"Jordi Danes\"},\"url\":\"https:\\\/\\\/barcelona.euses.cat\\\/es\\\/author\\\/jordi-danes\\\/\"}]}<\/script>\n<!-- \/ Yoast SEO plugin. -->","yoast_head_json":{"title":"Celebrada la primera jornada de puertas abiertas virtual del Grado de Fisioterapia Internacional | EUSES - Campus de Bellvitge (Barcelona)","robots":{"index":"index","follow":"follow","max-snippet":"max-snippet:-1","max-image-preview":"max-image-preview:large","max-video-preview":"max-video-preview:-1"},"canonical":"https:\/\/barcelona.euses.cat\/es\/celebrada-la-primera-jornada-de-puertas-abiertas-virtual-del-grado-de-fisioterapia-internacional\/","og_locale":"es_ES","og_type":"article","og_title":"Celebrada la primera jornada de puertas abiertas virtual del Grado de Fisioterapia Internacional | EUSES - Campus de Bellvitge (Barcelona)","og_description":"Los interesados en realizar el Grado en Fisioterapia Internacional en el campus de Bellvitge el curso acad\u00e9mico 2020\/21 han podido recibir esta tarde toda la informaci\u00f3n durante la jornada de puertas abiertas virtual que los inscritos han podido seguir a trav\u00e9s de la plataforma Zoom. El director de Physiotherapy, Mariano Gacto, ha realizado una exhaustiva [&hellip;]","og_url":"https:\/\/barcelona.euses.cat\/es\/celebrada-la-primera-jornada-de-puertas-abiertas-virtual-del-grado-de-fisioterapia-internacional\/","og_site_name":"EUSES - Campus de Bellvitge (Barcelona)","article_publisher":"https:\/\/www.facebook.com\/PhysioBCN\/","article_published_time":"2020-04-24T15:42:03+00:00","article_modified_time":"2020-04-24T15:43:19+00:00","og_image":[{"width":1360,"height":730,"url":"https:\/\/barcelona.euses.cat\/wp-content\/uploads\/2020\/04\/ajpo-4_LI.jpg","type":"image\/jpeg"}],"author":"Jordi Danes","twitter_card":"summary_large_image","twitter_misc":{"Escrito por":"Jordi Danes","Tiempo de lectura":"1 minuto"},"schema":{"@context":"https:\/\/schema.org","@graph":[{"@type":"Article","@id":"https:\/\/barcelona.euses.cat\/es\/celebrada-la-primera-jornada-de-puertas-abiertas-virtual-del-grado-de-fisioterapia-internacional\/#article","isPartOf":{"@id":"https:\/\/barcelona.euses.cat\/es\/celebrada-la-primera-jornada-de-puertas-abiertas-virtual-del-grado-de-fisioterapia-internacional\/"},"author":{"name":"Jordi Danes","@id":"https:\/\/barcelona.euses.cat\/ca\/#\/schema\/person\/8ab46080dfc4814fa59383db317735bd"},"headline":"Celebrada la primera jornada de puertas abiertas virtual del Grado de Fisioterapia Internacional","datePublished":"2020-04-24T15:42:03+00:00","dateModified":"2020-04-24T15:43:19+00:00","mainEntityOfPage":{"@id":"https:\/\/barcelona.euses.cat\/es\/celebrada-la-primera-jornada-de-puertas-abiertas-virtual-del-grado-de-fisioterapia-internacional\/"},"wordCount":214,"commentCount":0,"image":{"@id":"https:\/\/barcelona.euses.cat\/es\/celebrada-la-primera-jornada-de-puertas-abiertas-virtual-del-grado-de-fisioterapia-internacional\/#primaryimage"},"thumbnailUrl":"https:\/\/barcelona.euses.cat\/wp-content\/uploads\/2020\/04\/ajpo-4_LI.jpg","articleSection":["Sin categorizar"],"inLanguage":"es"},{"@type":"WebPage","@id":"https:\/\/barcelona.euses.cat\/es\/celebrada-la-primera-jornada-de-puertas-abiertas-virtual-del-grado-de-fisioterapia-internacional\/","url":"https:\/\/barcelona.euses.cat\/es\/celebrada-la-primera-jornada-de-puertas-abiertas-virtual-del-grado-de-fisioterapia-internacional\/","name":"Celebrada la primera jornada de puertas abiertas virtual del Grado de Fisioterapia Internacional | EUSES - Campus de Bellvitge (Barcelona)","isPartOf":{"@id":"https:\/\/barcelona.euses.cat\/ca\/#website"},"primaryImageOfPage":{"@id":"https:\/\/barcelona.euses.cat\/es\/celebrada-la-primera-jornada-de-puertas-abiertas-virtual-del-grado-de-fisioterapia-internacional\/#primaryimage"},"image":{"@id":"https:\/\/barcelona.euses.cat\/es\/celebrada-la-primera-jornada-de-puertas-abiertas-virtual-del-grado-de-fisioterapia-internacional\/#primaryimage"},"thumbnailUrl":"https:\/\/barcelona.euses.cat\/wp-content\/uploads\/2020\/04\/ajpo-4_LI.jpg","datePublished":"2020-04-24T15:42:03+00:00","dateModified":"2020-04-24T15:43:19+00:00","author":{"@id":"https:\/\/barcelona.euses.cat\/ca\/#\/schema\/person\/8ab46080dfc4814fa59383db317735bd"},"breadcrumb":{"@id":"https:\/\/barcelona.euses.cat\/es\/celebrada-la-primera-jornada-de-puertas-abiertas-virtual-del-grado-de-fisioterapia-internacional\/#breadcrumb"},"inLanguage":"es","potentialAction":[{"@type":"ReadAction","target":["https:\/\/barcelona.euses.cat\/es\/celebrada-la-primera-jornada-de-puertas-abiertas-virtual-del-grado-de-fisioterapia-internacional\/"]}]},{"@type":"ImageObject","inLanguage":"es","@id":"https:\/\/barcelona.euses.cat\/es\/celebrada-la-primera-jornada-de-puertas-abiertas-virtual-del-grado-de-fisioterapia-internacional\/#primaryimage","url":"https:\/\/barcelona.euses.cat\/wp-content\/uploads\/2020\/04\/ajpo-4_LI.jpg","contentUrl":"https:\/\/barcelona.euses.cat\/wp-content\/uploads\/2020\/04\/ajpo-4_LI.jpg","width":1360,"height":730},{"@type":"BreadcrumbList","@id":"https:\/\/barcelona.euses.cat\/es\/celebrada-la-primera-jornada-de-puertas-abiertas-virtual-del-grado-de-fisioterapia-internacional\/#breadcrumb","itemListElement":[{"@type":"ListItem","position":1,"name":"Portada","item":"https:\/\/barcelona.euses.cat\/es\/"},{"@type":"ListItem","position":2,"name":"Celebrada la primera jornada de puertas abiertas virtual del Grado de Fisioterapia Internacional"}]},{"@type":"WebSite","@id":"https:\/\/barcelona.euses.cat\/ca\/#website","url":"https:\/\/barcelona.euses.cat\/ca\/","name":"EUSES - Campus de Bellvitge (Barcelona)","description":"EUSES, Escuela Universitaria de Fisioterapia Internacional en Barcelona","potentialAction":[{"@type":"SearchAction","target":{"@type":"EntryPoint","urlTemplate":"https:\/\/barcelona.euses.cat\/ca\/?s={search_term_string}"},"query-input":{"@type":"PropertyValueSpecification","valueRequired":true,"valueName":"search_term_string"}}],"inLanguage":"es"},{"@type":"Person","@id":"https:\/\/barcelona.euses.cat\/ca\/#\/schema\/person\/8ab46080dfc4814fa59383db317735bd","name":"Jordi Danes","image":{"@type":"ImageObject","inLanguage":"es","@id":"https:\/\/secure.gravatar.com\/avatar\/a9e4f443b594af225625ee8cfa665e41b1e0740ea34fbe0515b4ca559f8570ef?s=96&d=mm&r=g","url":"https:\/\/secure.gravatar.com\/avatar\/a9e4f443b594af225625ee8cfa665e41b1e0740ea34fbe0515b4ca559f8570ef?s=96&d=mm&r=g","contentUrl":"https:\/\/secure.gravatar.com\/avatar\/a9e4f443b594af225625ee8cfa665e41b1e0740ea34fbe0515b4ca559f8570ef?s=96&d=mm&r=g","caption":"Jordi Danes"},"url":"https:\/\/barcelona.euses.cat\/es\/author\/jordi-danes\/"}]}},"_links":{"self":[{"href":"https:\/\/barcelona.euses.cat\/es\/wp-json\/wp\/v2\/posts\/8360","targetHints":{"allow":["GET"]}}],"collection":[{"href":"https:\/\/barcelona.euses.cat\/es\/wp-json\/wp\/v2\/posts"}],"about":[{"href":"https:\/\/barcelona.euses.cat\/es\/wp-json\/wp\/v2\/types\/post"}],"author":[{"embeddable":true,"href":"https:\/\/barcelona.euses.cat\/es\/wp-json\/wp\/v2\/users\/3"}],"replies":[{"embeddable":true,"href":"https:\/\/barcelona.euses.cat\/es\/wp-json\/wp\/v2\/comments?post=8360"}],"version-history":[{"count":1,"href":"https:\/\/barcelona.euses.cat\/es\/wp-json\/wp\/v2\/posts\/8360\/revisions"}],"predecessor-version":[{"id":8361,"href":"https:\/\/barcelona.euses.cat\/es\/wp-json\/wp\/v2\/posts\/8360\/revisions\/8361"}],"wp:featuredmedia":[{"embeddable":true,"href":"https:\/\/barcelona.euses.cat\/es\/wp-json\/wp\/v2\/media\/8354"}],"wp:attachment":[{"href":"https:\/\/barcelona.euses.cat\/es\/wp-json\/wp\/v2\/media?parent=8360"}],"wp:term":[{"taxonomy":"category","embeddable":true,"href":"https:\/\/barcelona.euses.cat\/es\/wp-json\/wp\/v2\/categories?post=8360"},{"taxonomy":"post_tag","embeddable":true,"href":"https:\/\/barcelona.euses.cat\/es\/wp-json\/wp\/v2\/tags?post=8360"}],"curies":[{"name":"wp","href":"https:\/\/api.w.org\/{rel}","templated":true}]}}