{"id":8348,"date":"2020-04-24T11:46:36","date_gmt":"2020-04-24T09:46:36","guid":{"rendered":"https:\/\/barcelona.euses.cat\/?p=8348"},"modified":"2020-04-24T11:46:36","modified_gmt":"2020-04-24T09:46:36","slug":"euses-colabora-de-nuevo-en-el-libro-relats-solidaris-apadrinado-este-ano-por-quique-setien","status":"publish","type":"post","link":"https:\/\/barcelona.euses.cat\/es\/euses-colabora-de-nuevo-en-el-libro-relats-solidaris-apadrinado-este-ano-por-quique-setien\/","title":{"rendered":"EUSES colabora de nuevo en el libro Relats Solidaris, apadrinado este a\u00f1o por Quique Seti\u00e9n"},"content":{"rendered":"<p>L&#8217;Escola Universit\u00e0ria de la Salut i l&#8217;Esport continuar\u00e1 poniendo su grano de arena en el proyecto de <a href=\"https:\/\/www.relatssolidaris.com\/\" target=\"_blank\" rel=\"noopener noreferrer\">Relats Solidaris<\/a> de l&#8217;Esport, que ya tiene a punto la edici\u00f3n del 2020 (la decimosexta) y que esta vez cambiar\u00e1 el contenido y priorizar\u00e1 el dise\u00f1o gr\u00e1fico ya que estar\u00e1 dedicado a la fotograf\u00eda en recuerdo a cuatro profesionales (Carlos P\u00e9rez de Rojas, Ferran Zueras, Miguel Moreno i Francesc Casals), fallecidos en el \u00faltimo a\u00f1o. La edici\u00f3n de 2020, que no se pudo presentar por Semana Santa ni ponerse a la venta como es tradicional por Sant Jordi a ra\u00edz de la Aplicaci\u00f3n del Estado de Alarma por el Covid-19, tiene como padrino y autor del pr\u00f3logo al entrenador del FC Barcelona, Quique Seti\u00e9n, y como motivo solidario la entidad Pallapupas (payasos que trabajan en los hospitales con el objetivo de mejorar la calidad de vida de los ni\u00f1os est\u00e1n ingresados). Los Relats Solidaris de l&#8217;Esport 2020 es un libro de recopilaci\u00f3n de fotograf\u00edas cedidas por los amigos de los fot\u00f3grafos homenajeados.<\/p>\n<p>El Coronavirus ha atrasado todo el calendario y el libro, que se est\u00e1 imprimiendo, no llegar\u00e1 al Corte Ingl\u00e9s para ponerse a la venta hasta la segunda quincena de mayo, que ser\u00e1 cuando se podr\u00e1 empezar a adquirir online hasta que se presente oficialmente el d\u00eda 23 de julio, la fecha escogida para celebrar el nuevo Sant Jordi. Cuando la edici\u00f3n del 2020 vea la luz tambi\u00e9n se cerrar\u00e1 la del 2019, que fue apadrinada por el portero del Bar\u00e7a Marc-Andr\u00e9 Ter Stegen (autor del pr\u00f3logo) y tuvo como motivo solidario la Fundaci\u00f3n Padre Manel. Uno de los relatos de la edici\u00f3n del 2019, \u201cEl aprendiz del Ter\u201d, fue escrito conjuntamente por el director de comunicaci\u00f3n de EUSES, Marcos Garc\u00eda, y por el graduado en CAFE por EUSES, Quim Fontan\u00e9, precisamente el protagonista de la historia.<\/p>\n","protected":false},"excerpt":{"rendered":"<p>L&#8217;Escola Universit\u00e0ria de la Salut i l&#8217;Esport continuar\u00e1 poniendo su grano de arena en el proyecto de Relats Solidaris de l&#8217;Esport, que ya tiene a punto la edici\u00f3n del 2020 (la decimosexta) y que esta vez cambiar\u00e1 el contenido y priorizar\u00e1 el dise\u00f1o gr\u00e1fico ya que estar\u00e1 dedicado a la fotograf\u00eda en recuerdo a cuatro [&hellip;]<\/p>\n","protected":false},"author":3,"featured_media":8345,"comment_status":"open","ping_status":"closed","sticky":false,"template":"","format":"standard","meta":{"_acf_changed":false,"inline_featured_image":false,"_joinchat":[],"footnotes":""},"categories":[1],"tags":[],"class_list":["post-8348","post","type-post","status-publish","format-standard","has-post-thumbnail","hentry","category-sin-categorizar"],"acf":[],"yoast_head":"<!-- This site is optimized with the Yoast SEO plugin v27.4 - https:\/\/yoast.com\/product\/yoast-seo-wordpress\/ -->\n<title>EUSES colabora de nuevo en el libro Relats Solidaris, apadrinado este a\u00f1o por Quique Seti\u00e9n | EUSES - Campus de Bellvitge (Barcelona)<\/title>\n<meta name=\"robots\" content=\"index, follow, max-snippet:-1, max-image-preview:large, max-video-preview:-1\" \/>\n<link rel=\"canonical\" href=\"https:\/\/barcelona.euses.cat\/es\/euses-colabora-de-nuevo-en-el-libro-relats-solidaris-apadrinado-este-ano-por-quique-setien\/\" \/>\n<meta property=\"og:locale\" content=\"es_ES\" \/>\n<meta property=\"og:type\" content=\"article\" \/>\n<meta property=\"og:title\" content=\"EUSES colabora de nuevo en el libro Relats Solidaris, apadrinado este a\u00f1o por Quique Seti\u00e9n | EUSES - Campus de Bellvitge (Barcelona)\" \/>\n<meta property=\"og:description\" content=\"L&#8217;Escola Universit\u00e0ria de la Salut i l&#8217;Esport continuar\u00e1 poniendo su grano de arena en el proyecto de Relats Solidaris de l&#8217;Esport, que ya tiene a punto la edici\u00f3n del 2020 (la decimosexta) y que esta vez cambiar\u00e1 el contenido y priorizar\u00e1 el dise\u00f1o gr\u00e1fico ya que estar\u00e1 dedicado a la fotograf\u00eda en recuerdo a cuatro [&hellip;]\" \/>\n<meta property=\"og:url\" content=\"https:\/\/barcelona.euses.cat\/es\/euses-colabora-de-nuevo-en-el-libro-relats-solidaris-apadrinado-este-ano-por-quique-setien\/\" \/>\n<meta property=\"og:site_name\" content=\"EUSES - Campus de Bellvitge (Barcelona)\" \/>\n<meta property=\"article:publisher\" content=\"https:\/\/www.facebook.com\/PhysioBCN\/\" \/>\n<meta property=\"article:published_time\" content=\"2020-04-24T09:46:36+00:00\" \/>\n<meta property=\"og:image\" content=\"https:\/\/barcelona.euses.cat\/wp-content\/uploads\/2020\/04\/Portada-2020.jpeg\" \/>\n\t<meta property=\"og:image:width\" content=\"1600\" \/>\n\t<meta property=\"og:image:height\" content=\"1463\" \/>\n\t<meta property=\"og:image:type\" content=\"image\/jpeg\" \/>\n<meta name=\"author\" content=\"Jordi Danes\" \/>\n<meta name=\"twitter:card\" content=\"summary_large_image\" \/>\n<meta name=\"twitter:label1\" content=\"Escrito por\" \/>\n\t<meta name=\"twitter:data1\" content=\"Jordi Danes\" \/>\n\t<meta name=\"twitter:label2\" content=\"Tiempo de lectura\" \/>\n\t<meta name=\"twitter:data2\" content=\"2 minutos\" \/>\n<script type=\"application\/ld+json\" class=\"yoast-schema-graph\">{\"@context\":\"https:\\\/\\\/schema.org\",\"@graph\":[{\"@type\":\"Article\",\"@id\":\"https:\\\/\\\/barcelona.euses.cat\\\/es\\\/euses-colabora-de-nuevo-en-el-libro-relats-solidaris-apadrinado-este-ano-por-quique-setien\\\/#article\",\"isPartOf\":{\"@id\":\"https:\\\/\\\/barcelona.euses.cat\\\/es\\\/euses-colabora-de-nuevo-en-el-libro-relats-solidaris-apadrinado-este-ano-por-quique-setien\\\/\"},\"author\":{\"name\":\"Jordi Danes\",\"@id\":\"https:\\\/\\\/barcelona.euses.cat\\\/ca\\\/#\\\/schema\\\/person\\\/8ab46080dfc4814fa59383db317735bd\"},\"headline\":\"EUSES colabora de nuevo en el libro Relats Solidaris, apadrinado este a\u00f1o por Quique Seti\u00e9n\",\"datePublished\":\"2020-04-24T09:46:36+00:00\",\"mainEntityOfPage\":{\"@id\":\"https:\\\/\\\/barcelona.euses.cat\\\/es\\\/euses-colabora-de-nuevo-en-el-libro-relats-solidaris-apadrinado-este-ano-por-quique-setien\\\/\"},\"wordCount\":346,\"commentCount\":0,\"image\":{\"@id\":\"https:\\\/\\\/barcelona.euses.cat\\\/es\\\/euses-colabora-de-nuevo-en-el-libro-relats-solidaris-apadrinado-este-ano-por-quique-setien\\\/#primaryimage\"},\"thumbnailUrl\":\"https:\\\/\\\/barcelona.euses.cat\\\/wp-content\\\/uploads\\\/2020\\\/04\\\/Portada-2020.jpeg\",\"articleSection\":[\"Sin categorizar\"],\"inLanguage\":\"es\"},{\"@type\":\"WebPage\",\"@id\":\"https:\\\/\\\/barcelona.euses.cat\\\/es\\\/euses-colabora-de-nuevo-en-el-libro-relats-solidaris-apadrinado-este-ano-por-quique-setien\\\/\",\"url\":\"https:\\\/\\\/barcelona.euses.cat\\\/es\\\/euses-colabora-de-nuevo-en-el-libro-relats-solidaris-apadrinado-este-ano-por-quique-setien\\\/\",\"name\":\"EUSES colabora de nuevo en el libro Relats Solidaris, apadrinado este a\u00f1o por Quique Seti\u00e9n | EUSES - Campus de Bellvitge (Barcelona)\",\"isPartOf\":{\"@id\":\"https:\\\/\\\/barcelona.euses.cat\\\/ca\\\/#website\"},\"primaryImageOfPage\":{\"@id\":\"https:\\\/\\\/barcelona.euses.cat\\\/es\\\/euses-colabora-de-nuevo-en-el-libro-relats-solidaris-apadrinado-este-ano-por-quique-setien\\\/#primaryimage\"},\"image\":{\"@id\":\"https:\\\/\\\/barcelona.euses.cat\\\/es\\\/euses-colabora-de-nuevo-en-el-libro-relats-solidaris-apadrinado-este-ano-por-quique-setien\\\/#primaryimage\"},\"thumbnailUrl\":\"https:\\\/\\\/barcelona.euses.cat\\\/wp-content\\\/uploads\\\/2020\\\/04\\\/Portada-2020.jpeg\",\"datePublished\":\"2020-04-24T09:46:36+00:00\",\"author\":{\"@id\":\"https:\\\/\\\/barcelona.euses.cat\\\/ca\\\/#\\\/schema\\\/person\\\/8ab46080dfc4814fa59383db317735bd\"},\"breadcrumb\":{\"@id\":\"https:\\\/\\\/barcelona.euses.cat\\\/es\\\/euses-colabora-de-nuevo-en-el-libro-relats-solidaris-apadrinado-este-ano-por-quique-setien\\\/#breadcrumb\"},\"inLanguage\":\"es\",\"potentialAction\":[{\"@type\":\"ReadAction\",\"target\":[\"https:\\\/\\\/barcelona.euses.cat\\\/es\\\/euses-colabora-de-nuevo-en-el-libro-relats-solidaris-apadrinado-este-ano-por-quique-setien\\\/\"]}]},{\"@type\":\"ImageObject\",\"inLanguage\":\"es\",\"@id\":\"https:\\\/\\\/barcelona.euses.cat\\\/es\\\/euses-colabora-de-nuevo-en-el-libro-relats-solidaris-apadrinado-este-ano-por-quique-setien\\\/#primaryimage\",\"url\":\"https:\\\/\\\/barcelona.euses.cat\\\/wp-content\\\/uploads\\\/2020\\\/04\\\/Portada-2020.jpeg\",\"contentUrl\":\"https:\\\/\\\/barcelona.euses.cat\\\/wp-content\\\/uploads\\\/2020\\\/04\\\/Portada-2020.jpeg\",\"width\":1600,\"height\":1463},{\"@type\":\"BreadcrumbList\",\"@id\":\"https:\\\/\\\/barcelona.euses.cat\\\/es\\\/euses-colabora-de-nuevo-en-el-libro-relats-solidaris-apadrinado-este-ano-por-quique-setien\\\/#breadcrumb\",\"itemListElement\":[{\"@type\":\"ListItem\",\"position\":1,\"name\":\"Portada\",\"item\":\"https:\\\/\\\/barcelona.euses.cat\\\/es\\\/\"},{\"@type\":\"ListItem\",\"position\":2,\"name\":\"EUSES colabora de nuevo en el libro Relats Solidaris, apadrinado este a\u00f1o por Quique Seti\u00e9n\"}]},{\"@type\":\"WebSite\",\"@id\":\"https:\\\/\\\/barcelona.euses.cat\\\/ca\\\/#website\",\"url\":\"https:\\\/\\\/barcelona.euses.cat\\\/ca\\\/\",\"name\":\"EUSES - Campus de Bellvitge (Barcelona)\",\"description\":\"EUSES, Escuela Universitaria de Fisioterapia Internacional en Barcelona\",\"potentialAction\":[{\"@type\":\"SearchAction\",\"target\":{\"@type\":\"EntryPoint\",\"urlTemplate\":\"https:\\\/\\\/barcelona.euses.cat\\\/ca\\\/?s={search_term_string}\"},\"query-input\":{\"@type\":\"PropertyValueSpecification\",\"valueRequired\":true,\"valueName\":\"search_term_string\"}}],\"inLanguage\":\"es\"},{\"@type\":\"Person\",\"@id\":\"https:\\\/\\\/barcelona.euses.cat\\\/ca\\\/#\\\/schema\\\/person\\\/8ab46080dfc4814fa59383db317735bd\",\"name\":\"Jordi Danes\",\"image\":{\"@type\":\"ImageObject\",\"inLanguage\":\"es\",\"@id\":\"https:\\\/\\\/secure.gravatar.com\\\/avatar\\\/a9e4f443b594af225625ee8cfa665e41b1e0740ea34fbe0515b4ca559f8570ef?s=96&d=mm&r=g\",\"url\":\"https:\\\/\\\/secure.gravatar.com\\\/avatar\\\/a9e4f443b594af225625ee8cfa665e41b1e0740ea34fbe0515b4ca559f8570ef?s=96&d=mm&r=g\",\"contentUrl\":\"https:\\\/\\\/secure.gravatar.com\\\/avatar\\\/a9e4f443b594af225625ee8cfa665e41b1e0740ea34fbe0515b4ca559f8570ef?s=96&d=mm&r=g\",\"caption\":\"Jordi Danes\"},\"url\":\"https:\\\/\\\/barcelona.euses.cat\\\/es\\\/author\\\/jordi-danes\\\/\"}]}<\/script>\n<!-- \/ Yoast SEO plugin. -->","yoast_head_json":{"title":"EUSES colabora de nuevo en el libro Relats Solidaris, apadrinado este a\u00f1o por Quique Seti\u00e9n | EUSES - Campus de Bellvitge (Barcelona)","robots":{"index":"index","follow":"follow","max-snippet":"max-snippet:-1","max-image-preview":"max-image-preview:large","max-video-preview":"max-video-preview:-1"},"canonical":"https:\/\/barcelona.euses.cat\/es\/euses-colabora-de-nuevo-en-el-libro-relats-solidaris-apadrinado-este-ano-por-quique-setien\/","og_locale":"es_ES","og_type":"article","og_title":"EUSES colabora de nuevo en el libro Relats Solidaris, apadrinado este a\u00f1o por Quique Seti\u00e9n | EUSES - Campus de Bellvitge (Barcelona)","og_description":"L&#8217;Escola Universit\u00e0ria de la Salut i l&#8217;Esport continuar\u00e1 poniendo su grano de arena en el proyecto de Relats Solidaris de l&#8217;Esport, que ya tiene a punto la edici\u00f3n del 2020 (la decimosexta) y que esta vez cambiar\u00e1 el contenido y priorizar\u00e1 el dise\u00f1o gr\u00e1fico ya que estar\u00e1 dedicado a la fotograf\u00eda en recuerdo a cuatro [&hellip;]","og_url":"https:\/\/barcelona.euses.cat\/es\/euses-colabora-de-nuevo-en-el-libro-relats-solidaris-apadrinado-este-ano-por-quique-setien\/","og_site_name":"EUSES - Campus de Bellvitge (Barcelona)","article_publisher":"https:\/\/www.facebook.com\/PhysioBCN\/","article_published_time":"2020-04-24T09:46:36+00:00","og_image":[{"width":1600,"height":1463,"url":"https:\/\/barcelona.euses.cat\/wp-content\/uploads\/2020\/04\/Portada-2020.jpeg","type":"image\/jpeg"}],"author":"Jordi Danes","twitter_card":"summary_large_image","twitter_misc":{"Escrito por":"Jordi Danes","Tiempo de lectura":"2 minutos"},"schema":{"@context":"https:\/\/schema.org","@graph":[{"@type":"Article","@id":"https:\/\/barcelona.euses.cat\/es\/euses-colabora-de-nuevo-en-el-libro-relats-solidaris-apadrinado-este-ano-por-quique-setien\/#article","isPartOf":{"@id":"https:\/\/barcelona.euses.cat\/es\/euses-colabora-de-nuevo-en-el-libro-relats-solidaris-apadrinado-este-ano-por-quique-setien\/"},"author":{"name":"Jordi Danes","@id":"https:\/\/barcelona.euses.cat\/ca\/#\/schema\/person\/8ab46080dfc4814fa59383db317735bd"},"headline":"EUSES colabora de nuevo en el libro Relats Solidaris, apadrinado este a\u00f1o por Quique Seti\u00e9n","datePublished":"2020-04-24T09:46:36+00:00","mainEntityOfPage":{"@id":"https:\/\/barcelona.euses.cat\/es\/euses-colabora-de-nuevo-en-el-libro-relats-solidaris-apadrinado-este-ano-por-quique-setien\/"},"wordCount":346,"commentCount":0,"image":{"@id":"https:\/\/barcelona.euses.cat\/es\/euses-colabora-de-nuevo-en-el-libro-relats-solidaris-apadrinado-este-ano-por-quique-setien\/#primaryimage"},"thumbnailUrl":"https:\/\/barcelona.euses.cat\/wp-content\/uploads\/2020\/04\/Portada-2020.jpeg","articleSection":["Sin categorizar"],"inLanguage":"es"},{"@type":"WebPage","@id":"https:\/\/barcelona.euses.cat\/es\/euses-colabora-de-nuevo-en-el-libro-relats-solidaris-apadrinado-este-ano-por-quique-setien\/","url":"https:\/\/barcelona.euses.cat\/es\/euses-colabora-de-nuevo-en-el-libro-relats-solidaris-apadrinado-este-ano-por-quique-setien\/","name":"EUSES colabora de nuevo en el libro Relats Solidaris, apadrinado este a\u00f1o por Quique Seti\u00e9n | EUSES - Campus de Bellvitge (Barcelona)","isPartOf":{"@id":"https:\/\/barcelona.euses.cat\/ca\/#website"},"primaryImageOfPage":{"@id":"https:\/\/barcelona.euses.cat\/es\/euses-colabora-de-nuevo-en-el-libro-relats-solidaris-apadrinado-este-ano-por-quique-setien\/#primaryimage"},"image":{"@id":"https:\/\/barcelona.euses.cat\/es\/euses-colabora-de-nuevo-en-el-libro-relats-solidaris-apadrinado-este-ano-por-quique-setien\/#primaryimage"},"thumbnailUrl":"https:\/\/barcelona.euses.cat\/wp-content\/uploads\/2020\/04\/Portada-2020.jpeg","datePublished":"2020-04-24T09:46:36+00:00","author":{"@id":"https:\/\/barcelona.euses.cat\/ca\/#\/schema\/person\/8ab46080dfc4814fa59383db317735bd"},"breadcrumb":{"@id":"https:\/\/barcelona.euses.cat\/es\/euses-colabora-de-nuevo-en-el-libro-relats-solidaris-apadrinado-este-ano-por-quique-setien\/#breadcrumb"},"inLanguage":"es","potentialAction":[{"@type":"ReadAction","target":["https:\/\/barcelona.euses.cat\/es\/euses-colabora-de-nuevo-en-el-libro-relats-solidaris-apadrinado-este-ano-por-quique-setien\/"]}]},{"@type":"ImageObject","inLanguage":"es","@id":"https:\/\/barcelona.euses.cat\/es\/euses-colabora-de-nuevo-en-el-libro-relats-solidaris-apadrinado-este-ano-por-quique-setien\/#primaryimage","url":"https:\/\/barcelona.euses.cat\/wp-content\/uploads\/2020\/04\/Portada-2020.jpeg","contentUrl":"https:\/\/barcelona.euses.cat\/wp-content\/uploads\/2020\/04\/Portada-2020.jpeg","width":1600,"height":1463},{"@type":"BreadcrumbList","@id":"https:\/\/barcelona.euses.cat\/es\/euses-colabora-de-nuevo-en-el-libro-relats-solidaris-apadrinado-este-ano-por-quique-setien\/#breadcrumb","itemListElement":[{"@type":"ListItem","position":1,"name":"Portada","item":"https:\/\/barcelona.euses.cat\/es\/"},{"@type":"ListItem","position":2,"name":"EUSES colabora de nuevo en el libro Relats Solidaris, apadrinado este a\u00f1o por Quique Seti\u00e9n"}]},{"@type":"WebSite","@id":"https:\/\/barcelona.euses.cat\/ca\/#website","url":"https:\/\/barcelona.euses.cat\/ca\/","name":"EUSES - Campus de Bellvitge (Barcelona)","description":"EUSES, Escuela Universitaria de Fisioterapia Internacional en Barcelona","potentialAction":[{"@type":"SearchAction","target":{"@type":"EntryPoint","urlTemplate":"https:\/\/barcelona.euses.cat\/ca\/?s={search_term_string}"},"query-input":{"@type":"PropertyValueSpecification","valueRequired":true,"valueName":"search_term_string"}}],"inLanguage":"es"},{"@type":"Person","@id":"https:\/\/barcelona.euses.cat\/ca\/#\/schema\/person\/8ab46080dfc4814fa59383db317735bd","name":"Jordi Danes","image":{"@type":"ImageObject","inLanguage":"es","@id":"https:\/\/secure.gravatar.com\/avatar\/a9e4f443b594af225625ee8cfa665e41b1e0740ea34fbe0515b4ca559f8570ef?s=96&d=mm&r=g","url":"https:\/\/secure.gravatar.com\/avatar\/a9e4f443b594af225625ee8cfa665e41b1e0740ea34fbe0515b4ca559f8570ef?s=96&d=mm&r=g","contentUrl":"https:\/\/secure.gravatar.com\/avatar\/a9e4f443b594af225625ee8cfa665e41b1e0740ea34fbe0515b4ca559f8570ef?s=96&d=mm&r=g","caption":"Jordi Danes"},"url":"https:\/\/barcelona.euses.cat\/es\/author\/jordi-danes\/"}]}},"_links":{"self":[{"href":"https:\/\/barcelona.euses.cat\/es\/wp-json\/wp\/v2\/posts\/8348","targetHints":{"allow":["GET"]}}],"collection":[{"href":"https:\/\/barcelona.euses.cat\/es\/wp-json\/wp\/v2\/posts"}],"about":[{"href":"https:\/\/barcelona.euses.cat\/es\/wp-json\/wp\/v2\/types\/post"}],"author":[{"embeddable":true,"href":"https:\/\/barcelona.euses.cat\/es\/wp-json\/wp\/v2\/users\/3"}],"replies":[{"embeddable":true,"href":"https:\/\/barcelona.euses.cat\/es\/wp-json\/wp\/v2\/comments?post=8348"}],"version-history":[{"count":1,"href":"https:\/\/barcelona.euses.cat\/es\/wp-json\/wp\/v2\/posts\/8348\/revisions"}],"predecessor-version":[{"id":8349,"href":"https:\/\/barcelona.euses.cat\/es\/wp-json\/wp\/v2\/posts\/8348\/revisions\/8349"}],"wp:featuredmedia":[{"embeddable":true,"href":"https:\/\/barcelona.euses.cat\/es\/wp-json\/wp\/v2\/media\/8345"}],"wp:attachment":[{"href":"https:\/\/barcelona.euses.cat\/es\/wp-json\/wp\/v2\/media?parent=8348"}],"wp:term":[{"taxonomy":"category","embeddable":true,"href":"https:\/\/barcelona.euses.cat\/es\/wp-json\/wp\/v2\/categories?post=8348"},{"taxonomy":"post_tag","embeddable":true,"href":"https:\/\/barcelona.euses.cat\/es\/wp-json\/wp\/v2\/tags?post=8348"}],"curies":[{"name":"wp","href":"https:\/\/api.w.org\/{rel}","templated":true}]}}