{"id":8262,"date":"2020-04-02T11:38:02","date_gmt":"2020-04-02T09:38:02","guid":{"rendered":"https:\/\/barcelona.euses.cat\/?p=8262"},"modified":"2020-04-02T12:22:46","modified_gmt":"2020-04-02T10:22:46","slug":"mariano-gacto-estamos-en-un-contexto-dificil-pero-al-mismo-tiempo-es-un-contexto-de-nuevas-oportunidades","status":"publish","type":"post","link":"https:\/\/barcelona.euses.cat\/es\/mariano-gacto-estamos-en-un-contexto-dificil-pero-al-mismo-tiempo-es-un-contexto-de-nuevas-oportunidades\/","title":{"rendered":"Mariano Gacto: \u201cEstamos en un contexto dif\u00edcil, pero al mismo tiempo es un contexto de nuevas oportunidades\u201d"},"content":{"rendered":"<p>El Dr. Mariano Gacto, director del Grado en Fisioterapia del Campus de Salt y del Grado de Fisioterapia Internacional en el Campus de Bellvitge, nos explica como se est\u00e1 desarrollando la docencia en EUSES desde la distancia y de manera virtual a causa de la alarma sanitaria por el Covid-19. Diplomado en Fisioterapia por la Universidad de Murcia, el Dr. Mariano Gacto tambi\u00e9n es M\u00e1ster en Fisioterapia y Evidencia Cient\u00edfica por la Universidad Internacional de Catalunya; y Especialista Universitario en Reeducaci\u00f3n de la Mano por la Universidad Claude Bernard de Lyon. Realiz\u00f3 la Investigaci\u00f3n Doctoral en Gesti\u00f3n de la Calidad en Servicios de Salud para la Universidad de Murcia y forma parte de un grupo de trabajo de la Organizaci\u00f3n Mundial de la Salud (OMS) como consultor externo en el \u00e1mbito de la rehabilitaci\u00f3n y la discapacidad.<\/p>\n<p><strong>C\u00f3mo est\u00e1n funcionando las clases online?<\/strong><\/p>\n<p>La experiencia est\u00e1 siendo muy positiva. Tanto el profesorado como el alumnado se han adaptado muy r\u00e1pidamente a este gran cambio de la docencia presencial al paradigma de la docencia online.<\/p>\n<p><strong>Qu\u00e9 sensaciones tienen por parte del profesorado? <\/strong><\/p>\n<p>Los docentes han respondido y est\u00e1n respondiendo de manera muy profesional. Y con una adaptaci\u00f3n extraordinaria a las nuevas necesidades, como la utilizaci\u00f3n de los recursos telem\u00e1ticos y audiovisuales.<\/p>\n<p><strong>Y por parte del alumnado?<\/strong><\/p>\n<p>Sin lugar a dudas ha sido una respuesta inmediata y \u00f3ptima<\/p>\n<p><strong>En que le ha cambiado a usted el d\u00eda a d\u00eda como director de grado? <\/strong><\/p>\n<p>En cuanto a la gesti\u00f3n los grados, sigue siendo m\u00e1s o menos la misma, con la particularidad de la distancia y las herramientas que utilizamos ahora para comunicarnos. S\u00ed que se verdad que tenemos que ser conscientes que estamos en un contexto dif\u00edcil, pero al mismo tiempo tambi\u00e9n es un contexto de oportunidades de desarrollo de nuevas metodolog\u00edas did\u00e1cticas y tambi\u00e9n de un nuevo paradigma pedag\u00f3gico.<\/p>\n<p><strong>Qu\u00e9 consejo dar\u00eda actualmente a los estudiantes del grado? <\/strong><\/p>\n<p>A los alumnos les dir\u00eda que contin\u00faen trabajando con autonom\u00eda, con voluntad y con adherencia acad\u00e9mica porque en todos los contextos, el trabajo, el sacrificio y el esfuerzo son los valores que llevar\u00e1n a cualquier estudiante a buen puerto acad\u00e9mico.<\/p>\n","protected":false},"excerpt":{"rendered":"<p>El Dr. Mariano Gacto, director del Grado en Fisioterapia del Campus de Salt y del Grado de Fisioterapia Internacional en el Campus de Bellvitge, nos explica como se est\u00e1 desarrollando la docencia en EUSES desde la distancia y de manera virtual a causa de la alarma sanitaria por el Covid-19. Diplomado en Fisioterapia por la [&hellip;]<\/p>\n","protected":false},"author":3,"featured_media":367,"comment_status":"open","ping_status":"closed","sticky":false,"template":"","format":"standard","meta":{"_acf_changed":false,"inline_featured_image":false,"_joinchat":[],"footnotes":""},"categories":[1],"tags":[],"class_list":["post-8262","post","type-post","status-publish","format-standard","has-post-thumbnail","hentry","category-sin-categorizar"],"acf":[],"yoast_head":"<!-- This site is optimized with the Yoast SEO plugin v27.4 - https:\/\/yoast.com\/product\/yoast-seo-wordpress\/ -->\n<title>Mariano Gacto: \u201cEstamos en un contexto dif\u00edcil, pero al mismo tiempo es un contexto de nuevas oportunidades\u201d | EUSES - Campus de Bellvitge (Barcelona)<\/title>\n<meta name=\"robots\" content=\"index, follow, max-snippet:-1, max-image-preview:large, max-video-preview:-1\" \/>\n<link rel=\"canonical\" href=\"https:\/\/barcelona.euses.cat\/es\/mariano-gacto-estamos-en-un-contexto-dificil-pero-al-mismo-tiempo-es-un-contexto-de-nuevas-oportunidades\/\" \/>\n<meta property=\"og:locale\" content=\"es_ES\" \/>\n<meta property=\"og:type\" content=\"article\" \/>\n<meta property=\"og:title\" content=\"Mariano Gacto: \u201cEstamos en un contexto dif\u00edcil, pero al mismo tiempo es un contexto de nuevas oportunidades\u201d | EUSES - Campus de Bellvitge (Barcelona)\" \/>\n<meta property=\"og:description\" content=\"El Dr. Mariano Gacto, director del Grado en Fisioterapia del Campus de Salt y del Grado de Fisioterapia Internacional en el Campus de Bellvitge, nos explica como se est\u00e1 desarrollando la docencia en EUSES desde la distancia y de manera virtual a causa de la alarma sanitaria por el Covid-19. Diplomado en Fisioterapia por la [&hellip;]\" \/>\n<meta property=\"og:url\" content=\"https:\/\/barcelona.euses.cat\/es\/mariano-gacto-estamos-en-un-contexto-dificil-pero-al-mismo-tiempo-es-un-contexto-de-nuevas-oportunidades\/\" \/>\n<meta property=\"og:site_name\" content=\"EUSES - Campus de Bellvitge (Barcelona)\" \/>\n<meta property=\"article:publisher\" content=\"https:\/\/www.facebook.com\/PhysioBCN\/\" \/>\n<meta property=\"article:published_time\" content=\"2020-04-02T09:38:02+00:00\" \/>\n<meta property=\"article:modified_time\" content=\"2020-04-02T10:22:46+00:00\" \/>\n<meta property=\"og:image\" content=\"https:\/\/barcelona.euses.cat\/wp-content\/uploads\/2019\/01\/marianogacto01-e1459324185713.jpg\" \/>\n\t<meta property=\"og:image:width\" content=\"1532\" \/>\n\t<meta property=\"og:image:height\" content=\"1532\" \/>\n\t<meta property=\"og:image:type\" content=\"image\/jpeg\" \/>\n<meta name=\"author\" content=\"Jordi Danes\" \/>\n<meta name=\"twitter:card\" content=\"summary_large_image\" \/>\n<meta name=\"twitter:label1\" content=\"Escrito por\" \/>\n\t<meta name=\"twitter:data1\" content=\"Jordi Danes\" \/>\n\t<meta name=\"twitter:label2\" content=\"Tiempo de lectura\" \/>\n\t<meta name=\"twitter:data2\" content=\"2 minutos\" \/>\n<script type=\"application\/ld+json\" class=\"yoast-schema-graph\">{\"@context\":\"https:\\\/\\\/schema.org\",\"@graph\":[{\"@type\":\"Article\",\"@id\":\"https:\\\/\\\/barcelona.euses.cat\\\/es\\\/mariano-gacto-estamos-en-un-contexto-dificil-pero-al-mismo-tiempo-es-un-contexto-de-nuevas-oportunidades\\\/#article\",\"isPartOf\":{\"@id\":\"https:\\\/\\\/barcelona.euses.cat\\\/es\\\/mariano-gacto-estamos-en-un-contexto-dificil-pero-al-mismo-tiempo-es-un-contexto-de-nuevas-oportunidades\\\/\"},\"author\":{\"name\":\"Jordi Danes\",\"@id\":\"https:\\\/\\\/barcelona.euses.cat\\\/ca\\\/#\\\/schema\\\/person\\\/8ab46080dfc4814fa59383db317735bd\"},\"headline\":\"Mariano Gacto: \u201cEstamos en un contexto dif\u00edcil, pero al mismo tiempo es un contexto de nuevas oportunidades\u201d\",\"datePublished\":\"2020-04-02T09:38:02+00:00\",\"dateModified\":\"2020-04-02T10:22:46+00:00\",\"mainEntityOfPage\":{\"@id\":\"https:\\\/\\\/barcelona.euses.cat\\\/es\\\/mariano-gacto-estamos-en-un-contexto-dificil-pero-al-mismo-tiempo-es-un-contexto-de-nuevas-oportunidades\\\/\"},\"wordCount\":406,\"commentCount\":0,\"image\":{\"@id\":\"https:\\\/\\\/barcelona.euses.cat\\\/es\\\/mariano-gacto-estamos-en-un-contexto-dificil-pero-al-mismo-tiempo-es-un-contexto-de-nuevas-oportunidades\\\/#primaryimage\"},\"thumbnailUrl\":\"https:\\\/\\\/barcelona.euses.cat\\\/wp-content\\\/uploads\\\/2019\\\/01\\\/marianogacto01-e1459324185713.jpg\",\"articleSection\":[\"Sin categorizar\"],\"inLanguage\":\"es\"},{\"@type\":\"WebPage\",\"@id\":\"https:\\\/\\\/barcelona.euses.cat\\\/es\\\/mariano-gacto-estamos-en-un-contexto-dificil-pero-al-mismo-tiempo-es-un-contexto-de-nuevas-oportunidades\\\/\",\"url\":\"https:\\\/\\\/barcelona.euses.cat\\\/es\\\/mariano-gacto-estamos-en-un-contexto-dificil-pero-al-mismo-tiempo-es-un-contexto-de-nuevas-oportunidades\\\/\",\"name\":\"Mariano Gacto: \u201cEstamos en un contexto dif\u00edcil, pero al mismo tiempo es un contexto de nuevas oportunidades\u201d | EUSES - Campus de Bellvitge (Barcelona)\",\"isPartOf\":{\"@id\":\"https:\\\/\\\/barcelona.euses.cat\\\/ca\\\/#website\"},\"primaryImageOfPage\":{\"@id\":\"https:\\\/\\\/barcelona.euses.cat\\\/es\\\/mariano-gacto-estamos-en-un-contexto-dificil-pero-al-mismo-tiempo-es-un-contexto-de-nuevas-oportunidades\\\/#primaryimage\"},\"image\":{\"@id\":\"https:\\\/\\\/barcelona.euses.cat\\\/es\\\/mariano-gacto-estamos-en-un-contexto-dificil-pero-al-mismo-tiempo-es-un-contexto-de-nuevas-oportunidades\\\/#primaryimage\"},\"thumbnailUrl\":\"https:\\\/\\\/barcelona.euses.cat\\\/wp-content\\\/uploads\\\/2019\\\/01\\\/marianogacto01-e1459324185713.jpg\",\"datePublished\":\"2020-04-02T09:38:02+00:00\",\"dateModified\":\"2020-04-02T10:22:46+00:00\",\"author\":{\"@id\":\"https:\\\/\\\/barcelona.euses.cat\\\/ca\\\/#\\\/schema\\\/person\\\/8ab46080dfc4814fa59383db317735bd\"},\"breadcrumb\":{\"@id\":\"https:\\\/\\\/barcelona.euses.cat\\\/es\\\/mariano-gacto-estamos-en-un-contexto-dificil-pero-al-mismo-tiempo-es-un-contexto-de-nuevas-oportunidades\\\/#breadcrumb\"},\"inLanguage\":\"es\",\"potentialAction\":[{\"@type\":\"ReadAction\",\"target\":[\"https:\\\/\\\/barcelona.euses.cat\\\/es\\\/mariano-gacto-estamos-en-un-contexto-dificil-pero-al-mismo-tiempo-es-un-contexto-de-nuevas-oportunidades\\\/\"]}]},{\"@type\":\"ImageObject\",\"inLanguage\":\"es\",\"@id\":\"https:\\\/\\\/barcelona.euses.cat\\\/es\\\/mariano-gacto-estamos-en-un-contexto-dificil-pero-al-mismo-tiempo-es-un-contexto-de-nuevas-oportunidades\\\/#primaryimage\",\"url\":\"https:\\\/\\\/barcelona.euses.cat\\\/wp-content\\\/uploads\\\/2019\\\/01\\\/marianogacto01-e1459324185713.jpg\",\"contentUrl\":\"https:\\\/\\\/barcelona.euses.cat\\\/wp-content\\\/uploads\\\/2019\\\/01\\\/marianogacto01-e1459324185713.jpg\",\"width\":1532,\"height\":1532},{\"@type\":\"BreadcrumbList\",\"@id\":\"https:\\\/\\\/barcelona.euses.cat\\\/es\\\/mariano-gacto-estamos-en-un-contexto-dificil-pero-al-mismo-tiempo-es-un-contexto-de-nuevas-oportunidades\\\/#breadcrumb\",\"itemListElement\":[{\"@type\":\"ListItem\",\"position\":1,\"name\":\"Portada\",\"item\":\"https:\\\/\\\/barcelona.euses.cat\\\/es\\\/\"},{\"@type\":\"ListItem\",\"position\":2,\"name\":\"Mariano Gacto: \u201cEstamos en un contexto dif\u00edcil, pero al mismo tiempo es un contexto de nuevas oportunidades\u201d\"}]},{\"@type\":\"WebSite\",\"@id\":\"https:\\\/\\\/barcelona.euses.cat\\\/ca\\\/#website\",\"url\":\"https:\\\/\\\/barcelona.euses.cat\\\/ca\\\/\",\"name\":\"EUSES - Campus de Bellvitge (Barcelona)\",\"description\":\"EUSES, Escuela Universitaria de Fisioterapia Internacional en Barcelona\",\"potentialAction\":[{\"@type\":\"SearchAction\",\"target\":{\"@type\":\"EntryPoint\",\"urlTemplate\":\"https:\\\/\\\/barcelona.euses.cat\\\/ca\\\/?s={search_term_string}\"},\"query-input\":{\"@type\":\"PropertyValueSpecification\",\"valueRequired\":true,\"valueName\":\"search_term_string\"}}],\"inLanguage\":\"es\"},{\"@type\":\"Person\",\"@id\":\"https:\\\/\\\/barcelona.euses.cat\\\/ca\\\/#\\\/schema\\\/person\\\/8ab46080dfc4814fa59383db317735bd\",\"name\":\"Jordi Danes\",\"image\":{\"@type\":\"ImageObject\",\"inLanguage\":\"es\",\"@id\":\"https:\\\/\\\/secure.gravatar.com\\\/avatar\\\/a9e4f443b594af225625ee8cfa665e41b1e0740ea34fbe0515b4ca559f8570ef?s=96&d=mm&r=g\",\"url\":\"https:\\\/\\\/secure.gravatar.com\\\/avatar\\\/a9e4f443b594af225625ee8cfa665e41b1e0740ea34fbe0515b4ca559f8570ef?s=96&d=mm&r=g\",\"contentUrl\":\"https:\\\/\\\/secure.gravatar.com\\\/avatar\\\/a9e4f443b594af225625ee8cfa665e41b1e0740ea34fbe0515b4ca559f8570ef?s=96&d=mm&r=g\",\"caption\":\"Jordi Danes\"},\"url\":\"https:\\\/\\\/barcelona.euses.cat\\\/es\\\/author\\\/jordi-danes\\\/\"}]}<\/script>\n<!-- \/ Yoast SEO plugin. -->","yoast_head_json":{"title":"Mariano Gacto: \u201cEstamos en un contexto dif\u00edcil, pero al mismo tiempo es un contexto de nuevas oportunidades\u201d | EUSES - Campus de Bellvitge (Barcelona)","robots":{"index":"index","follow":"follow","max-snippet":"max-snippet:-1","max-image-preview":"max-image-preview:large","max-video-preview":"max-video-preview:-1"},"canonical":"https:\/\/barcelona.euses.cat\/es\/mariano-gacto-estamos-en-un-contexto-dificil-pero-al-mismo-tiempo-es-un-contexto-de-nuevas-oportunidades\/","og_locale":"es_ES","og_type":"article","og_title":"Mariano Gacto: \u201cEstamos en un contexto dif\u00edcil, pero al mismo tiempo es un contexto de nuevas oportunidades\u201d | EUSES - Campus de Bellvitge (Barcelona)","og_description":"El Dr. Mariano Gacto, director del Grado en Fisioterapia del Campus de Salt y del Grado de Fisioterapia Internacional en el Campus de Bellvitge, nos explica como se est\u00e1 desarrollando la docencia en EUSES desde la distancia y de manera virtual a causa de la alarma sanitaria por el Covid-19. Diplomado en Fisioterapia por la [&hellip;]","og_url":"https:\/\/barcelona.euses.cat\/es\/mariano-gacto-estamos-en-un-contexto-dificil-pero-al-mismo-tiempo-es-un-contexto-de-nuevas-oportunidades\/","og_site_name":"EUSES - Campus de Bellvitge (Barcelona)","article_publisher":"https:\/\/www.facebook.com\/PhysioBCN\/","article_published_time":"2020-04-02T09:38:02+00:00","article_modified_time":"2020-04-02T10:22:46+00:00","og_image":[{"width":1532,"height":1532,"url":"https:\/\/barcelona.euses.cat\/wp-content\/uploads\/2019\/01\/marianogacto01-e1459324185713.jpg","type":"image\/jpeg"}],"author":"Jordi Danes","twitter_card":"summary_large_image","twitter_misc":{"Escrito por":"Jordi Danes","Tiempo de lectura":"2 minutos"},"schema":{"@context":"https:\/\/schema.org","@graph":[{"@type":"Article","@id":"https:\/\/barcelona.euses.cat\/es\/mariano-gacto-estamos-en-un-contexto-dificil-pero-al-mismo-tiempo-es-un-contexto-de-nuevas-oportunidades\/#article","isPartOf":{"@id":"https:\/\/barcelona.euses.cat\/es\/mariano-gacto-estamos-en-un-contexto-dificil-pero-al-mismo-tiempo-es-un-contexto-de-nuevas-oportunidades\/"},"author":{"name":"Jordi Danes","@id":"https:\/\/barcelona.euses.cat\/ca\/#\/schema\/person\/8ab46080dfc4814fa59383db317735bd"},"headline":"Mariano Gacto: \u201cEstamos en un contexto dif\u00edcil, pero al mismo tiempo es un contexto de nuevas oportunidades\u201d","datePublished":"2020-04-02T09:38:02+00:00","dateModified":"2020-04-02T10:22:46+00:00","mainEntityOfPage":{"@id":"https:\/\/barcelona.euses.cat\/es\/mariano-gacto-estamos-en-un-contexto-dificil-pero-al-mismo-tiempo-es-un-contexto-de-nuevas-oportunidades\/"},"wordCount":406,"commentCount":0,"image":{"@id":"https:\/\/barcelona.euses.cat\/es\/mariano-gacto-estamos-en-un-contexto-dificil-pero-al-mismo-tiempo-es-un-contexto-de-nuevas-oportunidades\/#primaryimage"},"thumbnailUrl":"https:\/\/barcelona.euses.cat\/wp-content\/uploads\/2019\/01\/marianogacto01-e1459324185713.jpg","articleSection":["Sin categorizar"],"inLanguage":"es"},{"@type":"WebPage","@id":"https:\/\/barcelona.euses.cat\/es\/mariano-gacto-estamos-en-un-contexto-dificil-pero-al-mismo-tiempo-es-un-contexto-de-nuevas-oportunidades\/","url":"https:\/\/barcelona.euses.cat\/es\/mariano-gacto-estamos-en-un-contexto-dificil-pero-al-mismo-tiempo-es-un-contexto-de-nuevas-oportunidades\/","name":"Mariano Gacto: \u201cEstamos en un contexto dif\u00edcil, pero al mismo tiempo es un contexto de nuevas oportunidades\u201d | EUSES - Campus de Bellvitge (Barcelona)","isPartOf":{"@id":"https:\/\/barcelona.euses.cat\/ca\/#website"},"primaryImageOfPage":{"@id":"https:\/\/barcelona.euses.cat\/es\/mariano-gacto-estamos-en-un-contexto-dificil-pero-al-mismo-tiempo-es-un-contexto-de-nuevas-oportunidades\/#primaryimage"},"image":{"@id":"https:\/\/barcelona.euses.cat\/es\/mariano-gacto-estamos-en-un-contexto-dificil-pero-al-mismo-tiempo-es-un-contexto-de-nuevas-oportunidades\/#primaryimage"},"thumbnailUrl":"https:\/\/barcelona.euses.cat\/wp-content\/uploads\/2019\/01\/marianogacto01-e1459324185713.jpg","datePublished":"2020-04-02T09:38:02+00:00","dateModified":"2020-04-02T10:22:46+00:00","author":{"@id":"https:\/\/barcelona.euses.cat\/ca\/#\/schema\/person\/8ab46080dfc4814fa59383db317735bd"},"breadcrumb":{"@id":"https:\/\/barcelona.euses.cat\/es\/mariano-gacto-estamos-en-un-contexto-dificil-pero-al-mismo-tiempo-es-un-contexto-de-nuevas-oportunidades\/#breadcrumb"},"inLanguage":"es","potentialAction":[{"@type":"ReadAction","target":["https:\/\/barcelona.euses.cat\/es\/mariano-gacto-estamos-en-un-contexto-dificil-pero-al-mismo-tiempo-es-un-contexto-de-nuevas-oportunidades\/"]}]},{"@type":"ImageObject","inLanguage":"es","@id":"https:\/\/barcelona.euses.cat\/es\/mariano-gacto-estamos-en-un-contexto-dificil-pero-al-mismo-tiempo-es-un-contexto-de-nuevas-oportunidades\/#primaryimage","url":"https:\/\/barcelona.euses.cat\/wp-content\/uploads\/2019\/01\/marianogacto01-e1459324185713.jpg","contentUrl":"https:\/\/barcelona.euses.cat\/wp-content\/uploads\/2019\/01\/marianogacto01-e1459324185713.jpg","width":1532,"height":1532},{"@type":"BreadcrumbList","@id":"https:\/\/barcelona.euses.cat\/es\/mariano-gacto-estamos-en-un-contexto-dificil-pero-al-mismo-tiempo-es-un-contexto-de-nuevas-oportunidades\/#breadcrumb","itemListElement":[{"@type":"ListItem","position":1,"name":"Portada","item":"https:\/\/barcelona.euses.cat\/es\/"},{"@type":"ListItem","position":2,"name":"Mariano Gacto: \u201cEstamos en un contexto dif\u00edcil, pero al mismo tiempo es un contexto de nuevas oportunidades\u201d"}]},{"@type":"WebSite","@id":"https:\/\/barcelona.euses.cat\/ca\/#website","url":"https:\/\/barcelona.euses.cat\/ca\/","name":"EUSES - Campus de Bellvitge (Barcelona)","description":"EUSES, Escuela Universitaria de Fisioterapia Internacional en Barcelona","potentialAction":[{"@type":"SearchAction","target":{"@type":"EntryPoint","urlTemplate":"https:\/\/barcelona.euses.cat\/ca\/?s={search_term_string}"},"query-input":{"@type":"PropertyValueSpecification","valueRequired":true,"valueName":"search_term_string"}}],"inLanguage":"es"},{"@type":"Person","@id":"https:\/\/barcelona.euses.cat\/ca\/#\/schema\/person\/8ab46080dfc4814fa59383db317735bd","name":"Jordi Danes","image":{"@type":"ImageObject","inLanguage":"es","@id":"https:\/\/secure.gravatar.com\/avatar\/a9e4f443b594af225625ee8cfa665e41b1e0740ea34fbe0515b4ca559f8570ef?s=96&d=mm&r=g","url":"https:\/\/secure.gravatar.com\/avatar\/a9e4f443b594af225625ee8cfa665e41b1e0740ea34fbe0515b4ca559f8570ef?s=96&d=mm&r=g","contentUrl":"https:\/\/secure.gravatar.com\/avatar\/a9e4f443b594af225625ee8cfa665e41b1e0740ea34fbe0515b4ca559f8570ef?s=96&d=mm&r=g","caption":"Jordi Danes"},"url":"https:\/\/barcelona.euses.cat\/es\/author\/jordi-danes\/"}]}},"_links":{"self":[{"href":"https:\/\/barcelona.euses.cat\/es\/wp-json\/wp\/v2\/posts\/8262","targetHints":{"allow":["GET"]}}],"collection":[{"href":"https:\/\/barcelona.euses.cat\/es\/wp-json\/wp\/v2\/posts"}],"about":[{"href":"https:\/\/barcelona.euses.cat\/es\/wp-json\/wp\/v2\/types\/post"}],"author":[{"embeddable":true,"href":"https:\/\/barcelona.euses.cat\/es\/wp-json\/wp\/v2\/users\/3"}],"replies":[{"embeddable":true,"href":"https:\/\/barcelona.euses.cat\/es\/wp-json\/wp\/v2\/comments?post=8262"}],"version-history":[{"count":3,"href":"https:\/\/barcelona.euses.cat\/es\/wp-json\/wp\/v2\/posts\/8262\/revisions"}],"predecessor-version":[{"id":8269,"href":"https:\/\/barcelona.euses.cat\/es\/wp-json\/wp\/v2\/posts\/8262\/revisions\/8269"}],"wp:featuredmedia":[{"embeddable":true,"href":"https:\/\/barcelona.euses.cat\/es\/wp-json\/wp\/v2\/media\/367"}],"wp:attachment":[{"href":"https:\/\/barcelona.euses.cat\/es\/wp-json\/wp\/v2\/media?parent=8262"}],"wp:term":[{"taxonomy":"category","embeddable":true,"href":"https:\/\/barcelona.euses.cat\/es\/wp-json\/wp\/v2\/categories?post=8262"},{"taxonomy":"post_tag","embeddable":true,"href":"https:\/\/barcelona.euses.cat\/es\/wp-json\/wp\/v2\/tags?post=8262"}],"curies":[{"name":"wp","href":"https:\/\/api.w.org\/{rel}","templated":true}]}}