{"id":8145,"date":"2020-07-20T12:35:42","date_gmt":"2020-07-20T10:35:42","guid":{"rendered":"https:\/\/barcelona.euses.cat\/?p=8145"},"modified":"2022-09-16T21:53:36","modified_gmt":"2022-09-16T19:53:36","slug":"euses-prepara-el-inicio-del-nuevo-curso-con-todas-las-medidas-de-seguridad","status":"publish","type":"post","link":"https:\/\/barcelona.euses.cat\/es\/euses-prepara-el-inicio-del-nuevo-curso-con-todas-las-medidas-de-seguridad\/","title":{"rendered":"EUSES prepara el inicio del nuevo curso con todas las medidas de seguridad"},"content":{"rendered":"<p>De cara al inicio del curso 2020-2021, EUSES seguir\u00e1 las directrices que se marquen desde la Generalitat y desde la Conselleria d\u2019Ensenyament i de Salut, as\u00ed como las \u00f3rdenes ministeriales al respecto de las precauciones necesarias sobre contagios, medidas sanitarias de precauci\u00f3n y prevenci\u00f3n. En base a la experiencia adquirida durante el confinamiento de marzo de 2020 se han planificado las estrategias de ense\u00f1anza a distancia y los recursos necesarios para que en el caso de un nuevo confinamiento el impacto sobre la actividad acad\u00e9mica de la escuela y de los estudiantes sea lo menor posible, y se est\u00e1 trabajando para preparar escenarios con diferentes grados de presencialidad.<\/p>\n<p>Durante los meses previos al inicio del curso, iremos informando y actualizando esta p\u00e1gina con los datos disponibles para informar sobre c\u00f3mo se desarrollar\u00e1 la actividad docente, qu\u00e9 directivas estar\u00e1n vigentes en cada momento y sobre los cambios que puedan producirse.<\/p>\n<p><strong>Curso 2020\/21<\/strong><\/p>\n<ul>\n<li><a href=\"https:\/\/girona.euses.cat\/wp-content\/uploads\/2020\/07\/Desenvolupament-de-les-classes-2020_2021.pdf\" target=\"_blank\" rel=\"noopener noreferrer\">Procedimientos de las clases 2020\/21 en EUSES Salt y en EUSES Bellvitge<\/a><\/li>\n<li><a href=\"https:\/\/girona.euses.cat\/wp-content\/uploads\/2020\/07\/Procediments-i-mesures-EUSES-Terres-de-lEbre-20-21.pdf\" target=\"_blank\" rel=\"noopener noreferrer\">Procedimientos de las clases 2020\/21 en EUSES Terres de l&#8217;Ebre<\/a><\/li>\n<li><a href=\"https:\/\/girona.euses.cat\/wp-content\/uploads\/2020\/07\/Pla-dOrganitzacio-Basic-del-Centre-Garbi-Campus-EUSES-Salt-20-07-2020.pdf\" target=\"_blank\" rel=\"noopener noreferrer\">Plan de Organizaci\u00f3n B\u00e1sico del Centre Garb\u00ed (EUSES Campus de Salt)<\/a><\/li>\n<\/ul>\n<p><strong>P<\/strong><strong>lanes de Contingencia<\/strong><\/p>\n<ul>\n<li><a href=\"https:\/\/girona.euses.cat\/wp-content\/uploads\/2020\/03\/15-07-20-Pla-de-Contingencia-EUSES-Salt.pdf\" target=\"_blank\" rel=\"noopener noreferrer\">Plan de Contingencia de EUSES Salt<\/a><\/li>\n<li><a href=\"https:\/\/girona.euses.cat\/wp-content\/uploads\/2020\/03\/15-07-20-Pla-de-Contingencia-EUSES-Bellvitge.pdf\" target=\"_blank\" rel=\"noopener noreferrer\">Plan de Contingencia de EUSES Bellvitge<\/a><\/li>\n<li><a href=\"https:\/\/barcelona.euses.cat\/wp-content\/uploads\/2020\/07\/Pla_de_Contingecia_d_EUSES_URV.pdf\" target=\"_blank\" rel=\"noopener noreferrer\">Plan de Contingencia de EUSES Terres de l&#8217;Ebre<\/a><\/li>\n<\/ul>\n<p><strong>PREGUNTAS FRECUENTES<\/strong><\/p>\n<p><strong>Cu\u00e1les son los canales oficiales de informaci\u00f3n?<\/strong><\/p>\n<p>Para contactar con EUSES pod\u00e9is hacerlo a trav\u00e9s de WhatsApp y llamadas (699 90 28 89 \u2013 972 405 130) o bien por correo electr\u00f3nico: <a href=\"mailto:euses@euses.cat\">euses@euses.cat<\/a><\/p>\n<p><strong>Qu\u00e9 tengo que hacer si creo que he cogido el Covid-19?<\/strong><\/p>\n<p>En caso de contagio, la enfermedad COVID-19 muy probablemente ser\u00e1 leve (malestar general, fiebre y tos). C\u00f3mo pasa con la gripe, en el caso de enfermar por coronavirus SARS-CoV-2, la mayor\u00eda de las personas la pasan en casa, sin ninguna complicaci\u00f3n. Si tienes alguna urgencia por el coronavirus, recuerda llamar al 061; o al 012 para consultas generales.\u00a0<a href=\"http:\/\/canalsalut.gencat.cat\/ca\/salut-a-z\/c\/coronavirus-2019-ncov\/material-divulgatiu\/\">Enlace Canal Salud<\/a><\/p>\n<p>Te pedimos tambi\u00e9n que env\u00edes un correo a euses@euses.cat para avisar. De esta manera se podr\u00e1 realizar un seguimiento y facilitarte informaci\u00f3n sobre aquellos aspectos que puedan afectar tu progresi\u00f3n acad\u00e9mica<\/p>\n<p><strong>Qu\u00e9 puedo hacer para protegerme del COVID-19?<\/strong><\/p>\n<p>Hay que quedarse en casa con confinamiento.<\/p>\n<p>Estamos en fase de alerta se ha pedido confinamiento y evitar salir si no es estrictamente necesario. Con todo, y por si lo has tenido que hacer, te recordamos las medidas higi\u00e9nicas b\u00e1sicas, \u00fatiles para prevenir la infecci\u00f3n por el coronavirus SARS-CoV-2 y para evitar la gripe o cualquier otra infecci\u00f3n respiratoria aguda similar:<\/p>\n<ul>\n<li>L\u00e1vate\u00a0las manos frecuentemente con agua y jab\u00f3n (m\u00ednimo durante 20 segundos) o con soluciones alcoh\u00f3licas, especialmente despu\u00e9s del contacto directo con personas enfermas o su entorno.<\/li>\n<li>Evita\u00a0tocarte\u00a0los ojos, la nariz y la boca con las manos sucias.<\/li>\n<li>Evita\u00a0el contacto estrecho con personas que muestren signos de afectaci\u00f3n respiratoria, como por ejemplo tos o estornudos.<\/li>\n<li>Evita\u00a0compartir comida ni utensilios (cubiertos, vasos, servilletas, pa\u00f1uelos, etc.) y otros objetos sin limpiarlos debidamente.<\/li>\n<li>Mant\u00e9n\u00a0una distancia de dos metros aproximadamente con las personas con s\u00edntomas de infecci\u00f3n respiratoria aguda.<\/li>\n<li>T\u00e1pate\u00a0la boca y la nariz con pa\u00f1uelos desechables o con la cara interna del codo en el momento de toser o estornudar y l\u00e1vate\u00a0las manos seguidamente.<\/li>\n<li>Lava\u00a0y desinfecta\u00a0frecuentemente los objetos y las superficies.<\/li>\n<\/ul>\n<p>Estas medidas tambi\u00e9n protegen frente a enfermedades respiratorias frecuentes como la gripe. Para evitar la infecci\u00f3n, en Catalunya no hay que tomar medidas especiales con los animales ni con los alimentos.<\/p>\n<p><strong>Qu\u00e9 tengo que hacer si he vuelto de una zona de riesgo?<\/strong><\/p>\n<p>Actualmente la clasificaci\u00f3n de la OMS de la situaci\u00f3n ha activado el nivel de pandemia, progresivamente se han ido activando zonas\u00a0con casos y de transmisi\u00f3n comunitaria han aumentado progresivamente.<\/p>\n<p>Si tu estado general es bueno, sigue las indicaciones de las autoridades sanitarias.<\/p>\n<p>A\u00fan as\u00ed, observa tu estado de salud durante los 14 d\u00edas posteriores al viaje y si presentas s\u00edntomas como fiebre, dificultad para respirar, tos o malestar general, qu\u00e9date en casa y comunica por tel\u00e9fono a los servicios sanitarios el antecedente de la estancia en una zona de riesgo. Utiliza\u00a0el siguiente enlace para hacer una\u00a0<a href=\"http:\/\/canalsalut.gencat.cat\/ca\/salut-a-z\/c\/coronavirus-2019-ncov\/stop-covid19-cat\/\">autovaloraci\u00f3n<\/a> o llama al\u00a0<strong>061<\/strong>.<\/p>\n<p><strong>Recursos de \u00e1mbito nacional<\/strong><\/p>\n<ul>\n<li><a href=\"http:\/\/canalsalut.gencat.cat\/coronavirus-test\/\">Test facilitado<\/a> por el Canal Salut de la Generalitat de Catalunya para saber si puedes tener el Coronavirus<\/li>\n<li>Qu\u00e9 es el Coronavirus?\u2013\u00a0<a href=\"https:\/\/youtu.be\/PGli_Y9G9UU\">V\u00eddeo Canal Salut<\/a> de la Generalitat de Catalunya<\/li>\n<li>Informaci\u00f3n sobre el COVID-19 del\u00a0<a href=\"http:\/\/canalsalut.gencat.cat\/ca\/salut-a-z\/c\/coronavirus-2019-ncov\/\">Canal Salut\u00a0<\/a>de la Generalitat de Catalunya<\/li>\n<li><a href=\"http:\/\/salutpublica.gencat.cat\/ca\/detalls\/Article\/Situacio-del-nou-coronavirus-2019-nCov-a-Xina\">Situaci\u00f3n de la enfermedad\u00a0<\/a>COVID-19 por l\u2019Ag\u00e8ncia de Salut P\u00fablica de Catalunya (ASPCAT)<\/li>\n<li><a href=\"http:\/\/salutpublica.gencat.cat\/ca\/detalls\/Article\/nota-premsa-coronavirus\">Protocolos de actuaci\u00f3n<\/a> por la Ag\u00e8ncia de Salut P\u00fablica de Catalunya (ASPCAT)<\/li>\n<li><a href=\"http:\/\/www.mscbs.gob.es\/profesionales\/saludPublica\/ccayes\/alertasActual\/nCov-China\/home.htm\">P\u00e1gina informativa<\/a> del Ministerio de Sanidad<\/li>\n<\/ul>\n<p><strong>Recursos de \u00e1mbito global<\/strong><\/p>\n<ul>\n<li><a href=\"https:\/\/www.cdc.gov\/coronavirus\/index.html\">Centers for Disease Control and Prevention<\/a>\u2013 CDC<\/li>\n<li><a href=\"https:\/\/www.ecdc.europa.eu\/en\/novel-coronavirus-china\">European Centre for Disease Prevention and Control<\/a><\/li>\n<li><a href=\"https:\/\/www.who.int\/es\/emergencies\/diseases\/novel-coronavirus-2019\">Organitzaci\u00f3n Mundial de la Salud<\/a><\/li>\n<li><a href=\"https:\/\/www.who.int\/es\/emergencies\/diseases\/novel-coronavirus-2019\/advice-for-public\">OMS \u2013 Orientaciones para el p\u00fablic<\/a>o<\/li>\n<\/ul>\n","protected":false},"excerpt":{"rendered":"<p>De cara al inicio del curso 2020-2021, EUSES seguir\u00e1 las directrices que se marquen desde la Generalitat y desde la Conselleria d\u2019Ensenyament i de Salut, as\u00ed como las \u00f3rdenes ministeriales al respecto de las precauciones necesarias sobre contagios, medidas sanitarias de precauci\u00f3n y prevenci\u00f3n. En base a la experiencia adquirida durante el confinamiento de marzo [&hellip;]<\/p>\n","protected":false},"author":3,"featured_media":7083,"comment_status":"open","ping_status":"closed","sticky":false,"template":"","format":"standard","meta":{"_acf_changed":false,"inline_featured_image":false,"_joinchat":[],"footnotes":""},"categories":[1],"tags":[],"class_list":["post-8145","post","type-post","status-publish","format-standard","has-post-thumbnail","hentry","category-sin-categorizar"],"acf":[],"yoast_head":"<!-- This site is optimized with the Yoast SEO plugin v27.4 - https:\/\/yoast.com\/product\/yoast-seo-wordpress\/ -->\n<title>EUSES prepara el inicio del nuevo curso con todas las medidas de seguridad | EUSES - Campus de Bellvitge (Barcelona)<\/title>\n<meta name=\"robots\" content=\"index, follow, max-snippet:-1, max-image-preview:large, max-video-preview:-1\" \/>\n<link rel=\"canonical\" href=\"https:\/\/barcelona.euses.cat\/es\/euses-prepara-el-inicio-del-nuevo-curso-con-todas-las-medidas-de-seguridad\/\" \/>\n<meta property=\"og:locale\" content=\"es_ES\" \/>\n<meta property=\"og:type\" content=\"article\" \/>\n<meta property=\"og:title\" content=\"EUSES prepara el inicio del nuevo curso con todas las medidas de seguridad | EUSES - Campus de Bellvitge (Barcelona)\" \/>\n<meta property=\"og:description\" content=\"De cara al inicio del curso 2020-2021, EUSES seguir\u00e1 las directrices que se marquen desde la Generalitat y desde la Conselleria d\u2019Ensenyament i de Salut, as\u00ed como las \u00f3rdenes ministeriales al respecto de las precauciones necesarias sobre contagios, medidas sanitarias de precauci\u00f3n y prevenci\u00f3n. En base a la experiencia adquirida durante el confinamiento de marzo [&hellip;]\" \/>\n<meta property=\"og:url\" content=\"https:\/\/barcelona.euses.cat\/es\/euses-prepara-el-inicio-del-nuevo-curso-con-todas-las-medidas-de-seguridad\/\" \/>\n<meta property=\"og:site_name\" content=\"EUSES - Campus de Bellvitge (Barcelona)\" \/>\n<meta property=\"article:publisher\" content=\"https:\/\/www.facebook.com\/PhysioBCN\/\" \/>\n<meta property=\"article:published_time\" content=\"2020-07-20T10:35:42+00:00\" \/>\n<meta property=\"article:modified_time\" content=\"2022-09-16T19:53:36+00:00\" \/>\n<meta property=\"og:image\" content=\"https:\/\/barcelona.euses.cat\/wp-content\/uploads\/2015\/06\/20150114-brullet-ballbe-bellvitge-corian.jpg\" \/>\n\t<meta property=\"og:image:width\" content=\"728\" \/>\n\t<meta property=\"og:image:height\" content=\"479\" \/>\n\t<meta property=\"og:image:type\" content=\"image\/jpeg\" \/>\n<meta name=\"author\" content=\"Jordi Danes\" \/>\n<meta name=\"twitter:card\" content=\"summary_large_image\" \/>\n<meta name=\"twitter:label1\" content=\"Escrito por\" \/>\n\t<meta name=\"twitter:data1\" content=\"Jordi Danes\" \/>\n\t<meta name=\"twitter:label2\" content=\"Tiempo de lectura\" \/>\n\t<meta name=\"twitter:data2\" content=\"4 minutos\" \/>\n<script type=\"application\/ld+json\" class=\"yoast-schema-graph\">{\"@context\":\"https:\\\/\\\/schema.org\",\"@graph\":[{\"@type\":\"Article\",\"@id\":\"https:\\\/\\\/barcelona.euses.cat\\\/es\\\/euses-prepara-el-inicio-del-nuevo-curso-con-todas-las-medidas-de-seguridad\\\/#article\",\"isPartOf\":{\"@id\":\"https:\\\/\\\/barcelona.euses.cat\\\/es\\\/euses-prepara-el-inicio-del-nuevo-curso-con-todas-las-medidas-de-seguridad\\\/\"},\"author\":{\"name\":\"Jordi Danes\",\"@id\":\"https:\\\/\\\/barcelona.euses.cat\\\/ca\\\/#\\\/schema\\\/person\\\/8ab46080dfc4814fa59383db317735bd\"},\"headline\":\"EUSES prepara el inicio del nuevo curso con todas las medidas de seguridad\",\"datePublished\":\"2020-07-20T10:35:42+00:00\",\"dateModified\":\"2022-09-16T19:53:36+00:00\",\"mainEntityOfPage\":{\"@id\":\"https:\\\/\\\/barcelona.euses.cat\\\/es\\\/euses-prepara-el-inicio-del-nuevo-curso-con-todas-las-medidas-de-seguridad\\\/\"},\"wordCount\":857,\"commentCount\":0,\"image\":{\"@id\":\"https:\\\/\\\/barcelona.euses.cat\\\/es\\\/euses-prepara-el-inicio-del-nuevo-curso-con-todas-las-medidas-de-seguridad\\\/#primaryimage\"},\"thumbnailUrl\":\"https:\\\/\\\/barcelona.euses.cat\\\/wp-content\\\/uploads\\\/2015\\\/06\\\/20150114-brullet-ballbe-bellvitge-corian.jpg\",\"articleSection\":[\"Sin categorizar\"],\"inLanguage\":\"es\"},{\"@type\":\"WebPage\",\"@id\":\"https:\\\/\\\/barcelona.euses.cat\\\/es\\\/euses-prepara-el-inicio-del-nuevo-curso-con-todas-las-medidas-de-seguridad\\\/\",\"url\":\"https:\\\/\\\/barcelona.euses.cat\\\/es\\\/euses-prepara-el-inicio-del-nuevo-curso-con-todas-las-medidas-de-seguridad\\\/\",\"name\":\"EUSES prepara el inicio del nuevo curso con todas las medidas de seguridad | EUSES - Campus de Bellvitge (Barcelona)\",\"isPartOf\":{\"@id\":\"https:\\\/\\\/barcelona.euses.cat\\\/ca\\\/#website\"},\"primaryImageOfPage\":{\"@id\":\"https:\\\/\\\/barcelona.euses.cat\\\/es\\\/euses-prepara-el-inicio-del-nuevo-curso-con-todas-las-medidas-de-seguridad\\\/#primaryimage\"},\"image\":{\"@id\":\"https:\\\/\\\/barcelona.euses.cat\\\/es\\\/euses-prepara-el-inicio-del-nuevo-curso-con-todas-las-medidas-de-seguridad\\\/#primaryimage\"},\"thumbnailUrl\":\"https:\\\/\\\/barcelona.euses.cat\\\/wp-content\\\/uploads\\\/2015\\\/06\\\/20150114-brullet-ballbe-bellvitge-corian.jpg\",\"datePublished\":\"2020-07-20T10:35:42+00:00\",\"dateModified\":\"2022-09-16T19:53:36+00:00\",\"author\":{\"@id\":\"https:\\\/\\\/barcelona.euses.cat\\\/ca\\\/#\\\/schema\\\/person\\\/8ab46080dfc4814fa59383db317735bd\"},\"breadcrumb\":{\"@id\":\"https:\\\/\\\/barcelona.euses.cat\\\/es\\\/euses-prepara-el-inicio-del-nuevo-curso-con-todas-las-medidas-de-seguridad\\\/#breadcrumb\"},\"inLanguage\":\"es\",\"potentialAction\":[{\"@type\":\"ReadAction\",\"target\":[\"https:\\\/\\\/barcelona.euses.cat\\\/es\\\/euses-prepara-el-inicio-del-nuevo-curso-con-todas-las-medidas-de-seguridad\\\/\"]}]},{\"@type\":\"ImageObject\",\"inLanguage\":\"es\",\"@id\":\"https:\\\/\\\/barcelona.euses.cat\\\/es\\\/euses-prepara-el-inicio-del-nuevo-curso-con-todas-las-medidas-de-seguridad\\\/#primaryimage\",\"url\":\"https:\\\/\\\/barcelona.euses.cat\\\/wp-content\\\/uploads\\\/2015\\\/06\\\/20150114-brullet-ballbe-bellvitge-corian.jpg\",\"contentUrl\":\"https:\\\/\\\/barcelona.euses.cat\\\/wp-content\\\/uploads\\\/2015\\\/06\\\/20150114-brullet-ballbe-bellvitge-corian.jpg\",\"width\":728,\"height\":479},{\"@type\":\"BreadcrumbList\",\"@id\":\"https:\\\/\\\/barcelona.euses.cat\\\/es\\\/euses-prepara-el-inicio-del-nuevo-curso-con-todas-las-medidas-de-seguridad\\\/#breadcrumb\",\"itemListElement\":[{\"@type\":\"ListItem\",\"position\":1,\"name\":\"Portada\",\"item\":\"https:\\\/\\\/barcelona.euses.cat\\\/es\\\/\"},{\"@type\":\"ListItem\",\"position\":2,\"name\":\"EUSES prepara el inicio del nuevo curso con todas las medidas de seguridad\"}]},{\"@type\":\"WebSite\",\"@id\":\"https:\\\/\\\/barcelona.euses.cat\\\/ca\\\/#website\",\"url\":\"https:\\\/\\\/barcelona.euses.cat\\\/ca\\\/\",\"name\":\"EUSES - Campus de Bellvitge (Barcelona)\",\"description\":\"EUSES, Escuela Universitaria de Fisioterapia Internacional en Barcelona\",\"potentialAction\":[{\"@type\":\"SearchAction\",\"target\":{\"@type\":\"EntryPoint\",\"urlTemplate\":\"https:\\\/\\\/barcelona.euses.cat\\\/ca\\\/?s={search_term_string}\"},\"query-input\":{\"@type\":\"PropertyValueSpecification\",\"valueRequired\":true,\"valueName\":\"search_term_string\"}}],\"inLanguage\":\"es\"},{\"@type\":\"Person\",\"@id\":\"https:\\\/\\\/barcelona.euses.cat\\\/ca\\\/#\\\/schema\\\/person\\\/8ab46080dfc4814fa59383db317735bd\",\"name\":\"Jordi Danes\",\"image\":{\"@type\":\"ImageObject\",\"inLanguage\":\"es\",\"@id\":\"https:\\\/\\\/secure.gravatar.com\\\/avatar\\\/a9e4f443b594af225625ee8cfa665e41b1e0740ea34fbe0515b4ca559f8570ef?s=96&d=mm&r=g\",\"url\":\"https:\\\/\\\/secure.gravatar.com\\\/avatar\\\/a9e4f443b594af225625ee8cfa665e41b1e0740ea34fbe0515b4ca559f8570ef?s=96&d=mm&r=g\",\"contentUrl\":\"https:\\\/\\\/secure.gravatar.com\\\/avatar\\\/a9e4f443b594af225625ee8cfa665e41b1e0740ea34fbe0515b4ca559f8570ef?s=96&d=mm&r=g\",\"caption\":\"Jordi Danes\"},\"url\":\"https:\\\/\\\/barcelona.euses.cat\\\/es\\\/author\\\/jordi-danes\\\/\"}]}<\/script>\n<!-- \/ Yoast SEO plugin. -->","yoast_head_json":{"title":"EUSES prepara el inicio del nuevo curso con todas las medidas de seguridad | EUSES - Campus de Bellvitge (Barcelona)","robots":{"index":"index","follow":"follow","max-snippet":"max-snippet:-1","max-image-preview":"max-image-preview:large","max-video-preview":"max-video-preview:-1"},"canonical":"https:\/\/barcelona.euses.cat\/es\/euses-prepara-el-inicio-del-nuevo-curso-con-todas-las-medidas-de-seguridad\/","og_locale":"es_ES","og_type":"article","og_title":"EUSES prepara el inicio del nuevo curso con todas las medidas de seguridad | EUSES - Campus de Bellvitge (Barcelona)","og_description":"De cara al inicio del curso 2020-2021, EUSES seguir\u00e1 las directrices que se marquen desde la Generalitat y desde la Conselleria d\u2019Ensenyament i de Salut, as\u00ed como las \u00f3rdenes ministeriales al respecto de las precauciones necesarias sobre contagios, medidas sanitarias de precauci\u00f3n y prevenci\u00f3n. En base a la experiencia adquirida durante el confinamiento de marzo [&hellip;]","og_url":"https:\/\/barcelona.euses.cat\/es\/euses-prepara-el-inicio-del-nuevo-curso-con-todas-las-medidas-de-seguridad\/","og_site_name":"EUSES - Campus de Bellvitge (Barcelona)","article_publisher":"https:\/\/www.facebook.com\/PhysioBCN\/","article_published_time":"2020-07-20T10:35:42+00:00","article_modified_time":"2022-09-16T19:53:36+00:00","og_image":[{"width":728,"height":479,"url":"https:\/\/barcelona.euses.cat\/wp-content\/uploads\/2015\/06\/20150114-brullet-ballbe-bellvitge-corian.jpg","type":"image\/jpeg"}],"author":"Jordi Danes","twitter_card":"summary_large_image","twitter_misc":{"Escrito por":"Jordi Danes","Tiempo de lectura":"4 minutos"},"schema":{"@context":"https:\/\/schema.org","@graph":[{"@type":"Article","@id":"https:\/\/barcelona.euses.cat\/es\/euses-prepara-el-inicio-del-nuevo-curso-con-todas-las-medidas-de-seguridad\/#article","isPartOf":{"@id":"https:\/\/barcelona.euses.cat\/es\/euses-prepara-el-inicio-del-nuevo-curso-con-todas-las-medidas-de-seguridad\/"},"author":{"name":"Jordi Danes","@id":"https:\/\/barcelona.euses.cat\/ca\/#\/schema\/person\/8ab46080dfc4814fa59383db317735bd"},"headline":"EUSES prepara el inicio del nuevo curso con todas las medidas de seguridad","datePublished":"2020-07-20T10:35:42+00:00","dateModified":"2022-09-16T19:53:36+00:00","mainEntityOfPage":{"@id":"https:\/\/barcelona.euses.cat\/es\/euses-prepara-el-inicio-del-nuevo-curso-con-todas-las-medidas-de-seguridad\/"},"wordCount":857,"commentCount":0,"image":{"@id":"https:\/\/barcelona.euses.cat\/es\/euses-prepara-el-inicio-del-nuevo-curso-con-todas-las-medidas-de-seguridad\/#primaryimage"},"thumbnailUrl":"https:\/\/barcelona.euses.cat\/wp-content\/uploads\/2015\/06\/20150114-brullet-ballbe-bellvitge-corian.jpg","articleSection":["Sin categorizar"],"inLanguage":"es"},{"@type":"WebPage","@id":"https:\/\/barcelona.euses.cat\/es\/euses-prepara-el-inicio-del-nuevo-curso-con-todas-las-medidas-de-seguridad\/","url":"https:\/\/barcelona.euses.cat\/es\/euses-prepara-el-inicio-del-nuevo-curso-con-todas-las-medidas-de-seguridad\/","name":"EUSES prepara el inicio del nuevo curso con todas las medidas de seguridad | EUSES - Campus de Bellvitge (Barcelona)","isPartOf":{"@id":"https:\/\/barcelona.euses.cat\/ca\/#website"},"primaryImageOfPage":{"@id":"https:\/\/barcelona.euses.cat\/es\/euses-prepara-el-inicio-del-nuevo-curso-con-todas-las-medidas-de-seguridad\/#primaryimage"},"image":{"@id":"https:\/\/barcelona.euses.cat\/es\/euses-prepara-el-inicio-del-nuevo-curso-con-todas-las-medidas-de-seguridad\/#primaryimage"},"thumbnailUrl":"https:\/\/barcelona.euses.cat\/wp-content\/uploads\/2015\/06\/20150114-brullet-ballbe-bellvitge-corian.jpg","datePublished":"2020-07-20T10:35:42+00:00","dateModified":"2022-09-16T19:53:36+00:00","author":{"@id":"https:\/\/barcelona.euses.cat\/ca\/#\/schema\/person\/8ab46080dfc4814fa59383db317735bd"},"breadcrumb":{"@id":"https:\/\/barcelona.euses.cat\/es\/euses-prepara-el-inicio-del-nuevo-curso-con-todas-las-medidas-de-seguridad\/#breadcrumb"},"inLanguage":"es","potentialAction":[{"@type":"ReadAction","target":["https:\/\/barcelona.euses.cat\/es\/euses-prepara-el-inicio-del-nuevo-curso-con-todas-las-medidas-de-seguridad\/"]}]},{"@type":"ImageObject","inLanguage":"es","@id":"https:\/\/barcelona.euses.cat\/es\/euses-prepara-el-inicio-del-nuevo-curso-con-todas-las-medidas-de-seguridad\/#primaryimage","url":"https:\/\/barcelona.euses.cat\/wp-content\/uploads\/2015\/06\/20150114-brullet-ballbe-bellvitge-corian.jpg","contentUrl":"https:\/\/barcelona.euses.cat\/wp-content\/uploads\/2015\/06\/20150114-brullet-ballbe-bellvitge-corian.jpg","width":728,"height":479},{"@type":"BreadcrumbList","@id":"https:\/\/barcelona.euses.cat\/es\/euses-prepara-el-inicio-del-nuevo-curso-con-todas-las-medidas-de-seguridad\/#breadcrumb","itemListElement":[{"@type":"ListItem","position":1,"name":"Portada","item":"https:\/\/barcelona.euses.cat\/es\/"},{"@type":"ListItem","position":2,"name":"EUSES prepara el inicio del nuevo curso con todas las medidas de seguridad"}]},{"@type":"WebSite","@id":"https:\/\/barcelona.euses.cat\/ca\/#website","url":"https:\/\/barcelona.euses.cat\/ca\/","name":"EUSES - Campus de Bellvitge (Barcelona)","description":"EUSES, Escuela Universitaria de Fisioterapia Internacional en Barcelona","potentialAction":[{"@type":"SearchAction","target":{"@type":"EntryPoint","urlTemplate":"https:\/\/barcelona.euses.cat\/ca\/?s={search_term_string}"},"query-input":{"@type":"PropertyValueSpecification","valueRequired":true,"valueName":"search_term_string"}}],"inLanguage":"es"},{"@type":"Person","@id":"https:\/\/barcelona.euses.cat\/ca\/#\/schema\/person\/8ab46080dfc4814fa59383db317735bd","name":"Jordi Danes","image":{"@type":"ImageObject","inLanguage":"es","@id":"https:\/\/secure.gravatar.com\/avatar\/a9e4f443b594af225625ee8cfa665e41b1e0740ea34fbe0515b4ca559f8570ef?s=96&d=mm&r=g","url":"https:\/\/secure.gravatar.com\/avatar\/a9e4f443b594af225625ee8cfa665e41b1e0740ea34fbe0515b4ca559f8570ef?s=96&d=mm&r=g","contentUrl":"https:\/\/secure.gravatar.com\/avatar\/a9e4f443b594af225625ee8cfa665e41b1e0740ea34fbe0515b4ca559f8570ef?s=96&d=mm&r=g","caption":"Jordi Danes"},"url":"https:\/\/barcelona.euses.cat\/es\/author\/jordi-danes\/"}]}},"_links":{"self":[{"href":"https:\/\/barcelona.euses.cat\/es\/wp-json\/wp\/v2\/posts\/8145","targetHints":{"allow":["GET"]}}],"collection":[{"href":"https:\/\/barcelona.euses.cat\/es\/wp-json\/wp\/v2\/posts"}],"about":[{"href":"https:\/\/barcelona.euses.cat\/es\/wp-json\/wp\/v2\/types\/post"}],"author":[{"embeddable":true,"href":"https:\/\/barcelona.euses.cat\/es\/wp-json\/wp\/v2\/users\/3"}],"replies":[{"embeddable":true,"href":"https:\/\/barcelona.euses.cat\/es\/wp-json\/wp\/v2\/comments?post=8145"}],"version-history":[{"count":10,"href":"https:\/\/barcelona.euses.cat\/es\/wp-json\/wp\/v2\/posts\/8145\/revisions"}],"predecessor-version":[{"id":8790,"href":"https:\/\/barcelona.euses.cat\/es\/wp-json\/wp\/v2\/posts\/8145\/revisions\/8790"}],"wp:featuredmedia":[{"embeddable":true,"href":"https:\/\/barcelona.euses.cat\/es\/wp-json\/wp\/v2\/media\/7083"}],"wp:attachment":[{"href":"https:\/\/barcelona.euses.cat\/es\/wp-json\/wp\/v2\/media?parent=8145"}],"wp:term":[{"taxonomy":"category","embeddable":true,"href":"https:\/\/barcelona.euses.cat\/es\/wp-json\/wp\/v2\/categories?post=8145"},{"taxonomy":"post_tag","embeddable":true,"href":"https:\/\/barcelona.euses.cat\/es\/wp-json\/wp\/v2\/tags?post=8145"}],"curies":[{"name":"wp","href":"https:\/\/api.w.org\/{rel}","templated":true}]}}