{"id":8134,"date":"2020-03-12T19:20:13","date_gmt":"2020-03-12T18:20:13","guid":{"rendered":"https:\/\/barcelona.euses.cat\/?p=8134"},"modified":"2020-03-12T19:20:13","modified_gmt":"2020-03-12T18:20:13","slug":"cese-de-la-actividad-presencial-lectiva-y-docente-en-nuestros-centros-hasta-nuevo-aviso-a-causa-de-la-alerta-sanitaria-por-el-coronavirus","status":"publish","type":"post","link":"https:\/\/barcelona.euses.cat\/es\/cese-de-la-actividad-presencial-lectiva-y-docente-en-nuestros-centros-hasta-nuevo-aviso-a-causa-de-la-alerta-sanitaria-por-el-coronavirus\/","title":{"rendered":"Cese de la actividad presencial lectiva y docente en nuestros centros hasta nuevo aviso a causa de la alerta sanitaria por el coronavirus"},"content":{"rendered":"<p>De acuerdo con las medidas decretadas por el <a href=\"http:\/\/web.gencat.cat\/ca\/coronavirus\/\" target=\"_blank\" rel=\"noopener noreferrer\">Govern de la Generalitat de Catalunya en relaci\u00f3n con el coronavirus<\/a>, y de acuerdo con el Plan de respuesta de la incidencia del COVID-19 en la comunidad universitaria para reducir el impacto, comunicamos que nuestros centros de Salt, Bellvitge y Terres de l\u2019Ebre cesar\u00e1n la actividad presencial docente y lectiva a partir del viernes 13 de marzo. Este cese de las clases presenciales se prev\u00e9 que dure 14 d\u00edas como m\u00ednimo.<\/p>\n<p>La suspensi\u00f3n de las actividades incluye el cierre de los servicios y las instalaciones como: aulas y laboratorios donde se realicen actividades docentes, incluidas las salidas programadas; bibliotecas, salas de estudio y cafeter\u00eda.<\/p>\n<p>En los pr\u00f3ximos d\u00edas iremos actualizando esta informaci\u00f3n, en funci\u00f3n de las novedades que se produzcan en relaci\u00f3n a la alerta sanitaria por el coronavirus.<\/p>\n<p>&nbsp;<\/p>\n","protected":false},"excerpt":{"rendered":"<p>De acuerdo con las medidas decretadas por el Govern de la Generalitat de Catalunya en relaci\u00f3n con el coronavirus, y de acuerdo con el Plan de respuesta de la incidencia del COVID-19 en la comunidad universitaria para reducir el impacto, comunicamos que nuestros centros de Salt, Bellvitge y Terres de l\u2019Ebre cesar\u00e1n la actividad presencial [&hellip;]<\/p>\n","protected":false},"author":3,"featured_media":7083,"comment_status":"open","ping_status":"closed","sticky":false,"template":"","format":"standard","meta":{"_acf_changed":false,"inline_featured_image":false,"_joinchat":[],"footnotes":""},"categories":[1],"tags":[],"class_list":["post-8134","post","type-post","status-publish","format-standard","has-post-thumbnail","hentry","category-sin-categorizar"],"acf":[],"yoast_head":"<!-- This site is optimized with the Yoast SEO plugin v27.4 - https:\/\/yoast.com\/product\/yoast-seo-wordpress\/ -->\n<title>Cese de la actividad presencial lectiva y docente en nuestros centros hasta nuevo aviso a causa de la alerta sanitaria por el coronavirus | EUSES - Campus de Bellvitge (Barcelona)<\/title>\n<meta name=\"robots\" content=\"index, follow, max-snippet:-1, max-image-preview:large, max-video-preview:-1\" \/>\n<link rel=\"canonical\" href=\"https:\/\/barcelona.euses.cat\/es\/cese-de-la-actividad-presencial-lectiva-y-docente-en-nuestros-centros-hasta-nuevo-aviso-a-causa-de-la-alerta-sanitaria-por-el-coronavirus\/\" \/>\n<meta property=\"og:locale\" content=\"es_ES\" \/>\n<meta property=\"og:type\" content=\"article\" \/>\n<meta property=\"og:title\" content=\"Cese de la actividad presencial lectiva y docente en nuestros centros hasta nuevo aviso a causa de la alerta sanitaria por el coronavirus | EUSES - Campus de Bellvitge (Barcelona)\" \/>\n<meta property=\"og:description\" content=\"De acuerdo con las medidas decretadas por el Govern de la Generalitat de Catalunya en relaci\u00f3n con el coronavirus, y de acuerdo con el Plan de respuesta de la incidencia del COVID-19 en la comunidad universitaria para reducir el impacto, comunicamos que nuestros centros de Salt, Bellvitge y Terres de l\u2019Ebre cesar\u00e1n la actividad presencial [&hellip;]\" \/>\n<meta property=\"og:url\" content=\"https:\/\/barcelona.euses.cat\/es\/cese-de-la-actividad-presencial-lectiva-y-docente-en-nuestros-centros-hasta-nuevo-aviso-a-causa-de-la-alerta-sanitaria-por-el-coronavirus\/\" \/>\n<meta property=\"og:site_name\" content=\"EUSES - Campus de Bellvitge (Barcelona)\" \/>\n<meta property=\"article:publisher\" content=\"https:\/\/www.facebook.com\/PhysioBCN\/\" \/>\n<meta property=\"article:published_time\" content=\"2020-03-12T18:20:13+00:00\" \/>\n<meta property=\"og:image\" content=\"https:\/\/barcelona.euses.cat\/wp-content\/uploads\/2015\/06\/20150114-brullet-ballbe-bellvitge-corian.jpg\" \/>\n\t<meta property=\"og:image:width\" content=\"728\" \/>\n\t<meta property=\"og:image:height\" content=\"479\" \/>\n\t<meta property=\"og:image:type\" content=\"image\/jpeg\" \/>\n<meta name=\"author\" content=\"Jordi Danes\" \/>\n<meta name=\"twitter:card\" content=\"summary_large_image\" \/>\n<meta name=\"twitter:label1\" content=\"Escrito por\" \/>\n\t<meta name=\"twitter:data1\" content=\"Jordi Danes\" \/>\n\t<meta name=\"twitter:label2\" content=\"Tiempo de lectura\" \/>\n\t<meta name=\"twitter:data2\" content=\"1 minuto\" \/>\n<script type=\"application\/ld+json\" class=\"yoast-schema-graph\">{\"@context\":\"https:\\\/\\\/schema.org\",\"@graph\":[{\"@type\":\"Article\",\"@id\":\"https:\\\/\\\/barcelona.euses.cat\\\/es\\\/cese-de-la-actividad-presencial-lectiva-y-docente-en-nuestros-centros-hasta-nuevo-aviso-a-causa-de-la-alerta-sanitaria-por-el-coronavirus\\\/#article\",\"isPartOf\":{\"@id\":\"https:\\\/\\\/barcelona.euses.cat\\\/es\\\/cese-de-la-actividad-presencial-lectiva-y-docente-en-nuestros-centros-hasta-nuevo-aviso-a-causa-de-la-alerta-sanitaria-por-el-coronavirus\\\/\"},\"author\":{\"name\":\"Jordi Danes\",\"@id\":\"https:\\\/\\\/barcelona.euses.cat\\\/ca\\\/#\\\/schema\\\/person\\\/8ab46080dfc4814fa59383db317735bd\"},\"headline\":\"Cese de la actividad presencial lectiva y docente en nuestros centros hasta nuevo aviso a causa de la alerta sanitaria por el coronavirus\",\"datePublished\":\"2020-03-12T18:20:13+00:00\",\"mainEntityOfPage\":{\"@id\":\"https:\\\/\\\/barcelona.euses.cat\\\/es\\\/cese-de-la-actividad-presencial-lectiva-y-docente-en-nuestros-centros-hasta-nuevo-aviso-a-causa-de-la-alerta-sanitaria-por-el-coronavirus\\\/\"},\"wordCount\":171,\"commentCount\":0,\"image\":{\"@id\":\"https:\\\/\\\/barcelona.euses.cat\\\/es\\\/cese-de-la-actividad-presencial-lectiva-y-docente-en-nuestros-centros-hasta-nuevo-aviso-a-causa-de-la-alerta-sanitaria-por-el-coronavirus\\\/#primaryimage\"},\"thumbnailUrl\":\"https:\\\/\\\/barcelona.euses.cat\\\/wp-content\\\/uploads\\\/2015\\\/06\\\/20150114-brullet-ballbe-bellvitge-corian.jpg\",\"articleSection\":[\"Sin categorizar\"],\"inLanguage\":\"es\"},{\"@type\":\"WebPage\",\"@id\":\"https:\\\/\\\/barcelona.euses.cat\\\/es\\\/cese-de-la-actividad-presencial-lectiva-y-docente-en-nuestros-centros-hasta-nuevo-aviso-a-causa-de-la-alerta-sanitaria-por-el-coronavirus\\\/\",\"url\":\"https:\\\/\\\/barcelona.euses.cat\\\/es\\\/cese-de-la-actividad-presencial-lectiva-y-docente-en-nuestros-centros-hasta-nuevo-aviso-a-causa-de-la-alerta-sanitaria-por-el-coronavirus\\\/\",\"name\":\"Cese de la actividad presencial lectiva y docente en nuestros centros hasta nuevo aviso a causa de la alerta sanitaria por el coronavirus | EUSES - Campus de Bellvitge (Barcelona)\",\"isPartOf\":{\"@id\":\"https:\\\/\\\/barcelona.euses.cat\\\/ca\\\/#website\"},\"primaryImageOfPage\":{\"@id\":\"https:\\\/\\\/barcelona.euses.cat\\\/es\\\/cese-de-la-actividad-presencial-lectiva-y-docente-en-nuestros-centros-hasta-nuevo-aviso-a-causa-de-la-alerta-sanitaria-por-el-coronavirus\\\/#primaryimage\"},\"image\":{\"@id\":\"https:\\\/\\\/barcelona.euses.cat\\\/es\\\/cese-de-la-actividad-presencial-lectiva-y-docente-en-nuestros-centros-hasta-nuevo-aviso-a-causa-de-la-alerta-sanitaria-por-el-coronavirus\\\/#primaryimage\"},\"thumbnailUrl\":\"https:\\\/\\\/barcelona.euses.cat\\\/wp-content\\\/uploads\\\/2015\\\/06\\\/20150114-brullet-ballbe-bellvitge-corian.jpg\",\"datePublished\":\"2020-03-12T18:20:13+00:00\",\"author\":{\"@id\":\"https:\\\/\\\/barcelona.euses.cat\\\/ca\\\/#\\\/schema\\\/person\\\/8ab46080dfc4814fa59383db317735bd\"},\"breadcrumb\":{\"@id\":\"https:\\\/\\\/barcelona.euses.cat\\\/es\\\/cese-de-la-actividad-presencial-lectiva-y-docente-en-nuestros-centros-hasta-nuevo-aviso-a-causa-de-la-alerta-sanitaria-por-el-coronavirus\\\/#breadcrumb\"},\"inLanguage\":\"es\",\"potentialAction\":[{\"@type\":\"ReadAction\",\"target\":[\"https:\\\/\\\/barcelona.euses.cat\\\/es\\\/cese-de-la-actividad-presencial-lectiva-y-docente-en-nuestros-centros-hasta-nuevo-aviso-a-causa-de-la-alerta-sanitaria-por-el-coronavirus\\\/\"]}]},{\"@type\":\"ImageObject\",\"inLanguage\":\"es\",\"@id\":\"https:\\\/\\\/barcelona.euses.cat\\\/es\\\/cese-de-la-actividad-presencial-lectiva-y-docente-en-nuestros-centros-hasta-nuevo-aviso-a-causa-de-la-alerta-sanitaria-por-el-coronavirus\\\/#primaryimage\",\"url\":\"https:\\\/\\\/barcelona.euses.cat\\\/wp-content\\\/uploads\\\/2015\\\/06\\\/20150114-brullet-ballbe-bellvitge-corian.jpg\",\"contentUrl\":\"https:\\\/\\\/barcelona.euses.cat\\\/wp-content\\\/uploads\\\/2015\\\/06\\\/20150114-brullet-ballbe-bellvitge-corian.jpg\",\"width\":728,\"height\":479},{\"@type\":\"BreadcrumbList\",\"@id\":\"https:\\\/\\\/barcelona.euses.cat\\\/es\\\/cese-de-la-actividad-presencial-lectiva-y-docente-en-nuestros-centros-hasta-nuevo-aviso-a-causa-de-la-alerta-sanitaria-por-el-coronavirus\\\/#breadcrumb\",\"itemListElement\":[{\"@type\":\"ListItem\",\"position\":1,\"name\":\"Portada\",\"item\":\"https:\\\/\\\/barcelona.euses.cat\\\/es\\\/\"},{\"@type\":\"ListItem\",\"position\":2,\"name\":\"Cese de la actividad presencial lectiva y docente en nuestros centros hasta nuevo aviso a causa de la alerta sanitaria por el coronavirus\"}]},{\"@type\":\"WebSite\",\"@id\":\"https:\\\/\\\/barcelona.euses.cat\\\/ca\\\/#website\",\"url\":\"https:\\\/\\\/barcelona.euses.cat\\\/ca\\\/\",\"name\":\"EUSES - Campus de Bellvitge (Barcelona)\",\"description\":\"EUSES, Escuela Universitaria de Fisioterapia Internacional en Barcelona\",\"potentialAction\":[{\"@type\":\"SearchAction\",\"target\":{\"@type\":\"EntryPoint\",\"urlTemplate\":\"https:\\\/\\\/barcelona.euses.cat\\\/ca\\\/?s={search_term_string}\"},\"query-input\":{\"@type\":\"PropertyValueSpecification\",\"valueRequired\":true,\"valueName\":\"search_term_string\"}}],\"inLanguage\":\"es\"},{\"@type\":\"Person\",\"@id\":\"https:\\\/\\\/barcelona.euses.cat\\\/ca\\\/#\\\/schema\\\/person\\\/8ab46080dfc4814fa59383db317735bd\",\"name\":\"Jordi Danes\",\"image\":{\"@type\":\"ImageObject\",\"inLanguage\":\"es\",\"@id\":\"https:\\\/\\\/secure.gravatar.com\\\/avatar\\\/a9e4f443b594af225625ee8cfa665e41b1e0740ea34fbe0515b4ca559f8570ef?s=96&d=mm&r=g\",\"url\":\"https:\\\/\\\/secure.gravatar.com\\\/avatar\\\/a9e4f443b594af225625ee8cfa665e41b1e0740ea34fbe0515b4ca559f8570ef?s=96&d=mm&r=g\",\"contentUrl\":\"https:\\\/\\\/secure.gravatar.com\\\/avatar\\\/a9e4f443b594af225625ee8cfa665e41b1e0740ea34fbe0515b4ca559f8570ef?s=96&d=mm&r=g\",\"caption\":\"Jordi Danes\"},\"url\":\"https:\\\/\\\/barcelona.euses.cat\\\/es\\\/author\\\/jordi-danes\\\/\"}]}<\/script>\n<!-- \/ Yoast SEO plugin. -->","yoast_head_json":{"title":"Cese de la actividad presencial lectiva y docente en nuestros centros hasta nuevo aviso a causa de la alerta sanitaria por el coronavirus | EUSES - Campus de Bellvitge (Barcelona)","robots":{"index":"index","follow":"follow","max-snippet":"max-snippet:-1","max-image-preview":"max-image-preview:large","max-video-preview":"max-video-preview:-1"},"canonical":"https:\/\/barcelona.euses.cat\/es\/cese-de-la-actividad-presencial-lectiva-y-docente-en-nuestros-centros-hasta-nuevo-aviso-a-causa-de-la-alerta-sanitaria-por-el-coronavirus\/","og_locale":"es_ES","og_type":"article","og_title":"Cese de la actividad presencial lectiva y docente en nuestros centros hasta nuevo aviso a causa de la alerta sanitaria por el coronavirus | EUSES - Campus de Bellvitge (Barcelona)","og_description":"De acuerdo con las medidas decretadas por el Govern de la Generalitat de Catalunya en relaci\u00f3n con el coronavirus, y de acuerdo con el Plan de respuesta de la incidencia del COVID-19 en la comunidad universitaria para reducir el impacto, comunicamos que nuestros centros de Salt, Bellvitge y Terres de l\u2019Ebre cesar\u00e1n la actividad presencial [&hellip;]","og_url":"https:\/\/barcelona.euses.cat\/es\/cese-de-la-actividad-presencial-lectiva-y-docente-en-nuestros-centros-hasta-nuevo-aviso-a-causa-de-la-alerta-sanitaria-por-el-coronavirus\/","og_site_name":"EUSES - Campus de Bellvitge (Barcelona)","article_publisher":"https:\/\/www.facebook.com\/PhysioBCN\/","article_published_time":"2020-03-12T18:20:13+00:00","og_image":[{"width":728,"height":479,"url":"https:\/\/barcelona.euses.cat\/wp-content\/uploads\/2015\/06\/20150114-brullet-ballbe-bellvitge-corian.jpg","type":"image\/jpeg"}],"author":"Jordi Danes","twitter_card":"summary_large_image","twitter_misc":{"Escrito por":"Jordi Danes","Tiempo de lectura":"1 minuto"},"schema":{"@context":"https:\/\/schema.org","@graph":[{"@type":"Article","@id":"https:\/\/barcelona.euses.cat\/es\/cese-de-la-actividad-presencial-lectiva-y-docente-en-nuestros-centros-hasta-nuevo-aviso-a-causa-de-la-alerta-sanitaria-por-el-coronavirus\/#article","isPartOf":{"@id":"https:\/\/barcelona.euses.cat\/es\/cese-de-la-actividad-presencial-lectiva-y-docente-en-nuestros-centros-hasta-nuevo-aviso-a-causa-de-la-alerta-sanitaria-por-el-coronavirus\/"},"author":{"name":"Jordi Danes","@id":"https:\/\/barcelona.euses.cat\/ca\/#\/schema\/person\/8ab46080dfc4814fa59383db317735bd"},"headline":"Cese de la actividad presencial lectiva y docente en nuestros centros hasta nuevo aviso a causa de la alerta sanitaria por el coronavirus","datePublished":"2020-03-12T18:20:13+00:00","mainEntityOfPage":{"@id":"https:\/\/barcelona.euses.cat\/es\/cese-de-la-actividad-presencial-lectiva-y-docente-en-nuestros-centros-hasta-nuevo-aviso-a-causa-de-la-alerta-sanitaria-por-el-coronavirus\/"},"wordCount":171,"commentCount":0,"image":{"@id":"https:\/\/barcelona.euses.cat\/es\/cese-de-la-actividad-presencial-lectiva-y-docente-en-nuestros-centros-hasta-nuevo-aviso-a-causa-de-la-alerta-sanitaria-por-el-coronavirus\/#primaryimage"},"thumbnailUrl":"https:\/\/barcelona.euses.cat\/wp-content\/uploads\/2015\/06\/20150114-brullet-ballbe-bellvitge-corian.jpg","articleSection":["Sin categorizar"],"inLanguage":"es"},{"@type":"WebPage","@id":"https:\/\/barcelona.euses.cat\/es\/cese-de-la-actividad-presencial-lectiva-y-docente-en-nuestros-centros-hasta-nuevo-aviso-a-causa-de-la-alerta-sanitaria-por-el-coronavirus\/","url":"https:\/\/barcelona.euses.cat\/es\/cese-de-la-actividad-presencial-lectiva-y-docente-en-nuestros-centros-hasta-nuevo-aviso-a-causa-de-la-alerta-sanitaria-por-el-coronavirus\/","name":"Cese de la actividad presencial lectiva y docente en nuestros centros hasta nuevo aviso a causa de la alerta sanitaria por el coronavirus | EUSES - Campus de Bellvitge (Barcelona)","isPartOf":{"@id":"https:\/\/barcelona.euses.cat\/ca\/#website"},"primaryImageOfPage":{"@id":"https:\/\/barcelona.euses.cat\/es\/cese-de-la-actividad-presencial-lectiva-y-docente-en-nuestros-centros-hasta-nuevo-aviso-a-causa-de-la-alerta-sanitaria-por-el-coronavirus\/#primaryimage"},"image":{"@id":"https:\/\/barcelona.euses.cat\/es\/cese-de-la-actividad-presencial-lectiva-y-docente-en-nuestros-centros-hasta-nuevo-aviso-a-causa-de-la-alerta-sanitaria-por-el-coronavirus\/#primaryimage"},"thumbnailUrl":"https:\/\/barcelona.euses.cat\/wp-content\/uploads\/2015\/06\/20150114-brullet-ballbe-bellvitge-corian.jpg","datePublished":"2020-03-12T18:20:13+00:00","author":{"@id":"https:\/\/barcelona.euses.cat\/ca\/#\/schema\/person\/8ab46080dfc4814fa59383db317735bd"},"breadcrumb":{"@id":"https:\/\/barcelona.euses.cat\/es\/cese-de-la-actividad-presencial-lectiva-y-docente-en-nuestros-centros-hasta-nuevo-aviso-a-causa-de-la-alerta-sanitaria-por-el-coronavirus\/#breadcrumb"},"inLanguage":"es","potentialAction":[{"@type":"ReadAction","target":["https:\/\/barcelona.euses.cat\/es\/cese-de-la-actividad-presencial-lectiva-y-docente-en-nuestros-centros-hasta-nuevo-aviso-a-causa-de-la-alerta-sanitaria-por-el-coronavirus\/"]}]},{"@type":"ImageObject","inLanguage":"es","@id":"https:\/\/barcelona.euses.cat\/es\/cese-de-la-actividad-presencial-lectiva-y-docente-en-nuestros-centros-hasta-nuevo-aviso-a-causa-de-la-alerta-sanitaria-por-el-coronavirus\/#primaryimage","url":"https:\/\/barcelona.euses.cat\/wp-content\/uploads\/2015\/06\/20150114-brullet-ballbe-bellvitge-corian.jpg","contentUrl":"https:\/\/barcelona.euses.cat\/wp-content\/uploads\/2015\/06\/20150114-brullet-ballbe-bellvitge-corian.jpg","width":728,"height":479},{"@type":"BreadcrumbList","@id":"https:\/\/barcelona.euses.cat\/es\/cese-de-la-actividad-presencial-lectiva-y-docente-en-nuestros-centros-hasta-nuevo-aviso-a-causa-de-la-alerta-sanitaria-por-el-coronavirus\/#breadcrumb","itemListElement":[{"@type":"ListItem","position":1,"name":"Portada","item":"https:\/\/barcelona.euses.cat\/es\/"},{"@type":"ListItem","position":2,"name":"Cese de la actividad presencial lectiva y docente en nuestros centros hasta nuevo aviso a causa de la alerta sanitaria por el coronavirus"}]},{"@type":"WebSite","@id":"https:\/\/barcelona.euses.cat\/ca\/#website","url":"https:\/\/barcelona.euses.cat\/ca\/","name":"EUSES - Campus de Bellvitge (Barcelona)","description":"EUSES, Escuela Universitaria de Fisioterapia Internacional en Barcelona","potentialAction":[{"@type":"SearchAction","target":{"@type":"EntryPoint","urlTemplate":"https:\/\/barcelona.euses.cat\/ca\/?s={search_term_string}"},"query-input":{"@type":"PropertyValueSpecification","valueRequired":true,"valueName":"search_term_string"}}],"inLanguage":"es"},{"@type":"Person","@id":"https:\/\/barcelona.euses.cat\/ca\/#\/schema\/person\/8ab46080dfc4814fa59383db317735bd","name":"Jordi Danes","image":{"@type":"ImageObject","inLanguage":"es","@id":"https:\/\/secure.gravatar.com\/avatar\/a9e4f443b594af225625ee8cfa665e41b1e0740ea34fbe0515b4ca559f8570ef?s=96&d=mm&r=g","url":"https:\/\/secure.gravatar.com\/avatar\/a9e4f443b594af225625ee8cfa665e41b1e0740ea34fbe0515b4ca559f8570ef?s=96&d=mm&r=g","contentUrl":"https:\/\/secure.gravatar.com\/avatar\/a9e4f443b594af225625ee8cfa665e41b1e0740ea34fbe0515b4ca559f8570ef?s=96&d=mm&r=g","caption":"Jordi Danes"},"url":"https:\/\/barcelona.euses.cat\/es\/author\/jordi-danes\/"}]}},"_links":{"self":[{"href":"https:\/\/barcelona.euses.cat\/es\/wp-json\/wp\/v2\/posts\/8134","targetHints":{"allow":["GET"]}}],"collection":[{"href":"https:\/\/barcelona.euses.cat\/es\/wp-json\/wp\/v2\/posts"}],"about":[{"href":"https:\/\/barcelona.euses.cat\/es\/wp-json\/wp\/v2\/types\/post"}],"author":[{"embeddable":true,"href":"https:\/\/barcelona.euses.cat\/es\/wp-json\/wp\/v2\/users\/3"}],"replies":[{"embeddable":true,"href":"https:\/\/barcelona.euses.cat\/es\/wp-json\/wp\/v2\/comments?post=8134"}],"version-history":[{"count":3,"href":"https:\/\/barcelona.euses.cat\/es\/wp-json\/wp\/v2\/posts\/8134\/revisions"}],"predecessor-version":[{"id":8140,"href":"https:\/\/barcelona.euses.cat\/es\/wp-json\/wp\/v2\/posts\/8134\/revisions\/8140"}],"wp:featuredmedia":[{"embeddable":true,"href":"https:\/\/barcelona.euses.cat\/es\/wp-json\/wp\/v2\/media\/7083"}],"wp:attachment":[{"href":"https:\/\/barcelona.euses.cat\/es\/wp-json\/wp\/v2\/media?parent=8134"}],"wp:term":[{"taxonomy":"category","embeddable":true,"href":"https:\/\/barcelona.euses.cat\/es\/wp-json\/wp\/v2\/categories?post=8134"},{"taxonomy":"post_tag","embeddable":true,"href":"https:\/\/barcelona.euses.cat\/es\/wp-json\/wp\/v2\/tags?post=8134"}],"curies":[{"name":"wp","href":"https:\/\/api.w.org\/{rel}","templated":true}]}}