{"id":8016,"date":"2020-02-24T11:06:47","date_gmt":"2020-02-24T10:06:47","guid":{"rendered":"https:\/\/barcelona.euses.cat\/?p=8016"},"modified":"2020-02-24T11:09:07","modified_gmt":"2020-02-24T10:09:07","slug":"celebrada-la-jornada-de-puertas-abiertas-en-el-campus-de-bellvitge-para-el-grado-en-fisioterapia-interuniversitario","status":"publish","type":"post","link":"https:\/\/barcelona.euses.cat\/es\/celebrada-la-jornada-de-puertas-abiertas-en-el-campus-de-bellvitge-para-el-grado-en-fisioterapia-interuniversitario\/","title":{"rendered":"Celebrada la jornada de puertas abiertas en el Campus de Bellvitge para el Grado en Fisioterapia Interuniversitario"},"content":{"rendered":"<p>Las puertas del Campus de Bellvitge se han abierto este s\u00e1bado a los estudiantes que quieren realizar el Grado en Fisioterapia Interuniversitario (UdG-\u00daB) a partir del curso acad\u00e9mico 2020\/21. El director de Physiotherapy, Mariano Gacto, ha dirigido la sesi\u00f3n informativa durante la cual ha detallado de manera exhaustiva todos los aspectos esenciales del grado, como el plan de estudios, las salidas profesionales, los convenios que lo centre universidad tiene firmados, las pr\u00e1cticas en las empresas\u2026 Los representantes de EUSES tambi\u00e9n han resuelto las dudas y han dado respuesta a las preguntas que han formulado a los asistentes, que posteriormente han realizado una visita guiada por estudiantes que est\u00e1n cursando el Grado por las instalaciones del centro universitario. La pr\u00f3xima jornada de puertas abiertas programada en el Campus de Bellvitge es el d\u00eda 23 de mayo.<\/p>\n\n\t\t<style type=\"text\/css\">\n\t\t\t#gallery-1 {\n\t\t\t\tmargin: auto;\n\t\t\t}\n\t\t\t#gallery-1 .gallery-item {\n\t\t\t\tfloat: left;\n\t\t\t\tmargin-top: 10px;\n\t\t\t\ttext-align: center;\n\t\t\t\twidth: 33%;\n\t\t\t}\n\t\t\t#gallery-1 img {\n\t\t\t\tborder: 2px solid #cfcfcf;\n\t\t\t}\n\t\t\t#gallery-1 .gallery-caption {\n\t\t\t\tmargin-left: 0;\n\t\t\t}\n\t\t\t\/* see gallery_shortcode() in wp-includes\/media.php *\/\n\t\t<\/style>\n\t\t<div id='gallery-1' class='gallery galleryid-8016 gallery-columns-3 gallery-size-medium'><dl class='gallery-item'>\n\t\t\t<dt class='gallery-icon landscape'>\n\t\t\t\t<a href='https:\/\/barcelona.euses.cat\/es\/celebrada-la-jornada-de-puertas-abiertas-en-el-campus-de-bellvitge-para-el-grado-en-fisioterapia-interuniversitario\/jpo-phy-22-f-4-2\/'><img fetchpriority=\"high\" decoding=\"async\" width=\"300\" height=\"225\" src=\"https:\/\/barcelona.euses.cat\/wp-content\/uploads\/2020\/02\/jpo-phy-22-F-4-300x225.jpg\" class=\"attachment-medium size-medium\" alt=\"\" srcset=\"https:\/\/barcelona.euses.cat\/wp-content\/uploads\/2020\/02\/jpo-phy-22-F-4-300x225.jpg 300w, https:\/\/barcelona.euses.cat\/wp-content\/uploads\/2020\/02\/jpo-phy-22-F-4-768x576.jpg 768w, https:\/\/barcelona.euses.cat\/wp-content\/uploads\/2020\/02\/jpo-phy-22-F-4-1024x768.jpg 1024w, https:\/\/barcelona.euses.cat\/wp-content\/uploads\/2020\/02\/jpo-phy-22-F-4-267x200.jpg 267w, https:\/\/barcelona.euses.cat\/wp-content\/uploads\/2020\/02\/jpo-phy-22-F-4-700x525.jpg 700w\" sizes=\"(max-width: 300px) 100vw, 300px\" \/><\/a>\n\t\t\t<\/dt><\/dl><dl class='gallery-item'>\n\t\t\t<dt class='gallery-icon landscape'>\n\t\t\t\t<a href='https:\/\/barcelona.euses.cat\/es\/celebrada-la-jornada-de-puertas-abiertas-en-el-campus-de-bellvitge-para-el-grado-en-fisioterapia-interuniversitario\/jpo-phy-22-f-3-2\/'><img decoding=\"async\" width=\"300\" height=\"225\" src=\"https:\/\/barcelona.euses.cat\/wp-content\/uploads\/2020\/02\/jpo-phy-22-F-3-300x225.jpg\" class=\"attachment-medium size-medium\" alt=\"\" srcset=\"https:\/\/barcelona.euses.cat\/wp-content\/uploads\/2020\/02\/jpo-phy-22-F-3-300x225.jpg 300w, https:\/\/barcelona.euses.cat\/wp-content\/uploads\/2020\/02\/jpo-phy-22-F-3-768x576.jpg 768w, https:\/\/barcelona.euses.cat\/wp-content\/uploads\/2020\/02\/jpo-phy-22-F-3-1024x768.jpg 1024w, https:\/\/barcelona.euses.cat\/wp-content\/uploads\/2020\/02\/jpo-phy-22-F-3-267x200.jpg 267w, https:\/\/barcelona.euses.cat\/wp-content\/uploads\/2020\/02\/jpo-phy-22-F-3-700x525.jpg 700w\" sizes=\"(max-width: 300px) 100vw, 300px\" \/><\/a>\n\t\t\t<\/dt><\/dl><dl class='gallery-item'>\n\t\t\t<dt class='gallery-icon landscape'>\n\t\t\t\t<a href='https:\/\/barcelona.euses.cat\/es\/celebrada-la-jornada-de-puertas-abiertas-en-el-campus-de-bellvitge-para-el-grado-en-fisioterapia-interuniversitario\/jpo-phy-22-f-2-2\/'><img decoding=\"async\" width=\"300\" height=\"225\" src=\"https:\/\/barcelona.euses.cat\/wp-content\/uploads\/2020\/02\/jpo-phy-22-F-2-300x225.jpg\" class=\"attachment-medium size-medium\" alt=\"\" srcset=\"https:\/\/barcelona.euses.cat\/wp-content\/uploads\/2020\/02\/jpo-phy-22-F-2-300x225.jpg 300w, https:\/\/barcelona.euses.cat\/wp-content\/uploads\/2020\/02\/jpo-phy-22-F-2-768x576.jpg 768w, https:\/\/barcelona.euses.cat\/wp-content\/uploads\/2020\/02\/jpo-phy-22-F-2-1024x768.jpg 1024w, https:\/\/barcelona.euses.cat\/wp-content\/uploads\/2020\/02\/jpo-phy-22-F-2-267x200.jpg 267w, https:\/\/barcelona.euses.cat\/wp-content\/uploads\/2020\/02\/jpo-phy-22-F-2-700x525.jpg 700w\" sizes=\"(max-width: 300px) 100vw, 300px\" \/><\/a>\n\t\t\t<\/dt><\/dl><br style=\"clear: both\" \/><dl class='gallery-item'>\n\t\t\t<dt class='gallery-icon landscape'>\n\t\t\t\t<a href='https:\/\/barcelona.euses.cat\/es\/celebrada-la-jornada-de-puertas-abiertas-en-el-campus-de-bellvitge-para-el-grado-en-fisioterapia-interuniversitario\/jpo-phy-22-f-1-2\/'><img loading=\"lazy\" decoding=\"async\" width=\"300\" height=\"225\" src=\"https:\/\/barcelona.euses.cat\/wp-content\/uploads\/2020\/02\/jpo-phy-22-F-1-300x225.jpg\" class=\"attachment-medium size-medium\" alt=\"\" srcset=\"https:\/\/barcelona.euses.cat\/wp-content\/uploads\/2020\/02\/jpo-phy-22-F-1-300x225.jpg 300w, https:\/\/barcelona.euses.cat\/wp-content\/uploads\/2020\/02\/jpo-phy-22-F-1-768x576.jpg 768w, https:\/\/barcelona.euses.cat\/wp-content\/uploads\/2020\/02\/jpo-phy-22-F-1-1024x768.jpg 1024w, https:\/\/barcelona.euses.cat\/wp-content\/uploads\/2020\/02\/jpo-phy-22-F-1-267x200.jpg 267w, https:\/\/barcelona.euses.cat\/wp-content\/uploads\/2020\/02\/jpo-phy-22-F-1-700x525.jpg 700w\" sizes=\"(max-width: 300px) 100vw, 300px\" \/><\/a>\n\t\t\t<\/dt><\/dl>\n\t\t\t<br style='clear: both' \/>\n\t\t<\/div>\n\n","protected":false},"excerpt":{"rendered":"<p>Las puertas del Campus de Bellvitge se han abierto este s\u00e1bado a los estudiantes que quieren realizar el Grado en Fisioterapia Interuniversitario (UdG-\u00daB) a partir del curso acad\u00e9mico 2020\/21. El director de Physiotherapy, Mariano Gacto, ha dirigido la sesi\u00f3n informativa durante la cual ha detallado de manera exhaustiva todos los aspectos esenciales del grado, como [&hellip;]<\/p>\n","protected":false},"author":3,"featured_media":7998,"comment_status":"open","ping_status":"closed","sticky":false,"template":"","format":"standard","meta":{"_acf_changed":false,"inline_featured_image":false,"_joinchat":[],"footnotes":""},"categories":[1],"tags":[],"class_list":["post-8016","post","type-post","status-publish","format-standard","has-post-thumbnail","hentry","category-sin-categorizar"],"acf":[],"yoast_head":"<!-- This site is optimized with the Yoast SEO plugin v27.4 - https:\/\/yoast.com\/product\/yoast-seo-wordpress\/ -->\n<title>Celebrada la jornada de puertas abiertas en el Campus de Bellvitge para el Grado en Fisioterapia Interuniversitario | EUSES - Campus de Bellvitge (Barcelona)<\/title>\n<meta name=\"robots\" content=\"index, follow, max-snippet:-1, max-image-preview:large, max-video-preview:-1\" \/>\n<link rel=\"canonical\" href=\"https:\/\/barcelona.euses.cat\/es\/celebrada-la-jornada-de-puertas-abiertas-en-el-campus-de-bellvitge-para-el-grado-en-fisioterapia-interuniversitario\/\" \/>\n<meta property=\"og:locale\" content=\"es_ES\" \/>\n<meta property=\"og:type\" content=\"article\" \/>\n<meta property=\"og:title\" content=\"Celebrada la jornada de puertas abiertas en el Campus de Bellvitge para el Grado en Fisioterapia Interuniversitario | EUSES - Campus de Bellvitge (Barcelona)\" \/>\n<meta property=\"og:description\" content=\"Las puertas del Campus de Bellvitge se han abierto este s\u00e1bado a los estudiantes que quieren realizar el Grado en Fisioterapia Interuniversitario (UdG-\u00daB) a partir del curso acad\u00e9mico 2020\/21. El director de Physiotherapy, Mariano Gacto, ha dirigido la sesi\u00f3n informativa durante la cual ha detallado de manera exhaustiva todos los aspectos esenciales del grado, como [&hellip;]\" \/>\n<meta property=\"og:url\" content=\"https:\/\/barcelona.euses.cat\/es\/celebrada-la-jornada-de-puertas-abiertas-en-el-campus-de-bellvitge-para-el-grado-en-fisioterapia-interuniversitario\/\" \/>\n<meta property=\"og:site_name\" content=\"EUSES - Campus de Bellvitge (Barcelona)\" \/>\n<meta property=\"article:publisher\" content=\"https:\/\/www.facebook.com\/PhysioBCN\/\" \/>\n<meta property=\"article:published_time\" content=\"2020-02-24T10:06:47+00:00\" \/>\n<meta property=\"article:modified_time\" content=\"2020-02-24T10:09:07+00:00\" \/>\n<meta property=\"og:image\" content=\"https:\/\/barcelona.euses.cat\/wp-content\/uploads\/2020\/02\/jpo-phy-22-F-5-1024x768.jpg\" \/>\n\t<meta property=\"og:image:width\" content=\"1024\" \/>\n\t<meta property=\"og:image:height\" content=\"768\" \/>\n\t<meta property=\"og:image:type\" content=\"image\/jpeg\" \/>\n<meta name=\"author\" content=\"Jordi Danes\" \/>\n<meta name=\"twitter:card\" content=\"summary_large_image\" \/>\n<meta name=\"twitter:label1\" content=\"Escrito por\" \/>\n\t<meta name=\"twitter:data1\" content=\"Jordi Danes\" \/>\n\t<meta name=\"twitter:label2\" content=\"Tiempo de lectura\" \/>\n\t<meta name=\"twitter:data2\" content=\"1 minuto\" \/>\n<script type=\"application\/ld+json\" class=\"yoast-schema-graph\">{\"@context\":\"https:\\\/\\\/schema.org\",\"@graph\":[{\"@type\":\"Article\",\"@id\":\"https:\\\/\\\/barcelona.euses.cat\\\/es\\\/celebrada-la-jornada-de-puertas-abiertas-en-el-campus-de-bellvitge-para-el-grado-en-fisioterapia-interuniversitario\\\/#article\",\"isPartOf\":{\"@id\":\"https:\\\/\\\/barcelona.euses.cat\\\/es\\\/celebrada-la-jornada-de-puertas-abiertas-en-el-campus-de-bellvitge-para-el-grado-en-fisioterapia-interuniversitario\\\/\"},\"author\":{\"name\":\"Jordi Danes\",\"@id\":\"https:\\\/\\\/barcelona.euses.cat\\\/ca\\\/#\\\/schema\\\/person\\\/8ab46080dfc4814fa59383db317735bd\"},\"headline\":\"Celebrada la jornada de puertas abiertas en el Campus de Bellvitge para el Grado en Fisioterapia Interuniversitario\",\"datePublished\":\"2020-02-24T10:06:47+00:00\",\"dateModified\":\"2020-02-24T10:09:07+00:00\",\"mainEntityOfPage\":{\"@id\":\"https:\\\/\\\/barcelona.euses.cat\\\/es\\\/celebrada-la-jornada-de-puertas-abiertas-en-el-campus-de-bellvitge-para-el-grado-en-fisioterapia-interuniversitario\\\/\"},\"wordCount\":163,\"commentCount\":0,\"image\":{\"@id\":\"https:\\\/\\\/barcelona.euses.cat\\\/es\\\/celebrada-la-jornada-de-puertas-abiertas-en-el-campus-de-bellvitge-para-el-grado-en-fisioterapia-interuniversitario\\\/#primaryimage\"},\"thumbnailUrl\":\"https:\\\/\\\/barcelona.euses.cat\\\/wp-content\\\/uploads\\\/2020\\\/02\\\/jpo-phy-22-F-5.jpg\",\"articleSection\":[\"Sin categorizar\"],\"inLanguage\":\"es\"},{\"@type\":\"WebPage\",\"@id\":\"https:\\\/\\\/barcelona.euses.cat\\\/es\\\/celebrada-la-jornada-de-puertas-abiertas-en-el-campus-de-bellvitge-para-el-grado-en-fisioterapia-interuniversitario\\\/\",\"url\":\"https:\\\/\\\/barcelona.euses.cat\\\/es\\\/celebrada-la-jornada-de-puertas-abiertas-en-el-campus-de-bellvitge-para-el-grado-en-fisioterapia-interuniversitario\\\/\",\"name\":\"Celebrada la jornada de puertas abiertas en el Campus de Bellvitge para el Grado en Fisioterapia Interuniversitario | EUSES - Campus de Bellvitge (Barcelona)\",\"isPartOf\":{\"@id\":\"https:\\\/\\\/barcelona.euses.cat\\\/ca\\\/#website\"},\"primaryImageOfPage\":{\"@id\":\"https:\\\/\\\/barcelona.euses.cat\\\/es\\\/celebrada-la-jornada-de-puertas-abiertas-en-el-campus-de-bellvitge-para-el-grado-en-fisioterapia-interuniversitario\\\/#primaryimage\"},\"image\":{\"@id\":\"https:\\\/\\\/barcelona.euses.cat\\\/es\\\/celebrada-la-jornada-de-puertas-abiertas-en-el-campus-de-bellvitge-para-el-grado-en-fisioterapia-interuniversitario\\\/#primaryimage\"},\"thumbnailUrl\":\"https:\\\/\\\/barcelona.euses.cat\\\/wp-content\\\/uploads\\\/2020\\\/02\\\/jpo-phy-22-F-5.jpg\",\"datePublished\":\"2020-02-24T10:06:47+00:00\",\"dateModified\":\"2020-02-24T10:09:07+00:00\",\"author\":{\"@id\":\"https:\\\/\\\/barcelona.euses.cat\\\/ca\\\/#\\\/schema\\\/person\\\/8ab46080dfc4814fa59383db317735bd\"},\"breadcrumb\":{\"@id\":\"https:\\\/\\\/barcelona.euses.cat\\\/es\\\/celebrada-la-jornada-de-puertas-abiertas-en-el-campus-de-bellvitge-para-el-grado-en-fisioterapia-interuniversitario\\\/#breadcrumb\"},\"inLanguage\":\"es\",\"potentialAction\":[{\"@type\":\"ReadAction\",\"target\":[\"https:\\\/\\\/barcelona.euses.cat\\\/es\\\/celebrada-la-jornada-de-puertas-abiertas-en-el-campus-de-bellvitge-para-el-grado-en-fisioterapia-interuniversitario\\\/\"]}]},{\"@type\":\"ImageObject\",\"inLanguage\":\"es\",\"@id\":\"https:\\\/\\\/barcelona.euses.cat\\\/es\\\/celebrada-la-jornada-de-puertas-abiertas-en-el-campus-de-bellvitge-para-el-grado-en-fisioterapia-interuniversitario\\\/#primaryimage\",\"url\":\"https:\\\/\\\/barcelona.euses.cat\\\/wp-content\\\/uploads\\\/2020\\\/02\\\/jpo-phy-22-F-5.jpg\",\"contentUrl\":\"https:\\\/\\\/barcelona.euses.cat\\\/wp-content\\\/uploads\\\/2020\\\/02\\\/jpo-phy-22-F-5.jpg\",\"width\":4608,\"height\":3456},{\"@type\":\"BreadcrumbList\",\"@id\":\"https:\\\/\\\/barcelona.euses.cat\\\/es\\\/celebrada-la-jornada-de-puertas-abiertas-en-el-campus-de-bellvitge-para-el-grado-en-fisioterapia-interuniversitario\\\/#breadcrumb\",\"itemListElement\":[{\"@type\":\"ListItem\",\"position\":1,\"name\":\"Portada\",\"item\":\"https:\\\/\\\/barcelona.euses.cat\\\/es\\\/\"},{\"@type\":\"ListItem\",\"position\":2,\"name\":\"Celebrada la jornada de puertas abiertas en el Campus de Bellvitge para el Grado en Fisioterapia Interuniversitario\"}]},{\"@type\":\"WebSite\",\"@id\":\"https:\\\/\\\/barcelona.euses.cat\\\/ca\\\/#website\",\"url\":\"https:\\\/\\\/barcelona.euses.cat\\\/ca\\\/\",\"name\":\"EUSES - Campus de Bellvitge (Barcelona)\",\"description\":\"EUSES, Escuela Universitaria de Fisioterapia Internacional en Barcelona\",\"potentialAction\":[{\"@type\":\"SearchAction\",\"target\":{\"@type\":\"EntryPoint\",\"urlTemplate\":\"https:\\\/\\\/barcelona.euses.cat\\\/ca\\\/?s={search_term_string}\"},\"query-input\":{\"@type\":\"PropertyValueSpecification\",\"valueRequired\":true,\"valueName\":\"search_term_string\"}}],\"inLanguage\":\"es\"},{\"@type\":\"Person\",\"@id\":\"https:\\\/\\\/barcelona.euses.cat\\\/ca\\\/#\\\/schema\\\/person\\\/8ab46080dfc4814fa59383db317735bd\",\"name\":\"Jordi Danes\",\"image\":{\"@type\":\"ImageObject\",\"inLanguage\":\"es\",\"@id\":\"https:\\\/\\\/secure.gravatar.com\\\/avatar\\\/a9e4f443b594af225625ee8cfa665e41b1e0740ea34fbe0515b4ca559f8570ef?s=96&d=mm&r=g\",\"url\":\"https:\\\/\\\/secure.gravatar.com\\\/avatar\\\/a9e4f443b594af225625ee8cfa665e41b1e0740ea34fbe0515b4ca559f8570ef?s=96&d=mm&r=g\",\"contentUrl\":\"https:\\\/\\\/secure.gravatar.com\\\/avatar\\\/a9e4f443b594af225625ee8cfa665e41b1e0740ea34fbe0515b4ca559f8570ef?s=96&d=mm&r=g\",\"caption\":\"Jordi Danes\"},\"url\":\"https:\\\/\\\/barcelona.euses.cat\\\/es\\\/author\\\/jordi-danes\\\/\"}]}<\/script>\n<!-- \/ Yoast SEO plugin. -->","yoast_head_json":{"title":"Celebrada la jornada de puertas abiertas en el Campus de Bellvitge para el Grado en Fisioterapia Interuniversitario | EUSES - Campus de Bellvitge (Barcelona)","robots":{"index":"index","follow":"follow","max-snippet":"max-snippet:-1","max-image-preview":"max-image-preview:large","max-video-preview":"max-video-preview:-1"},"canonical":"https:\/\/barcelona.euses.cat\/es\/celebrada-la-jornada-de-puertas-abiertas-en-el-campus-de-bellvitge-para-el-grado-en-fisioterapia-interuniversitario\/","og_locale":"es_ES","og_type":"article","og_title":"Celebrada la jornada de puertas abiertas en el Campus de Bellvitge para el Grado en Fisioterapia Interuniversitario | EUSES - Campus de Bellvitge (Barcelona)","og_description":"Las puertas del Campus de Bellvitge se han abierto este s\u00e1bado a los estudiantes que quieren realizar el Grado en Fisioterapia Interuniversitario (UdG-\u00daB) a partir del curso acad\u00e9mico 2020\/21. El director de Physiotherapy, Mariano Gacto, ha dirigido la sesi\u00f3n informativa durante la cual ha detallado de manera exhaustiva todos los aspectos esenciales del grado, como [&hellip;]","og_url":"https:\/\/barcelona.euses.cat\/es\/celebrada-la-jornada-de-puertas-abiertas-en-el-campus-de-bellvitge-para-el-grado-en-fisioterapia-interuniversitario\/","og_site_name":"EUSES - Campus de Bellvitge (Barcelona)","article_publisher":"https:\/\/www.facebook.com\/PhysioBCN\/","article_published_time":"2020-02-24T10:06:47+00:00","article_modified_time":"2020-02-24T10:09:07+00:00","og_image":[{"width":1024,"height":768,"url":"https:\/\/barcelona.euses.cat\/wp-content\/uploads\/2020\/02\/jpo-phy-22-F-5-1024x768.jpg","type":"image\/jpeg"}],"author":"Jordi Danes","twitter_card":"summary_large_image","twitter_misc":{"Escrito por":"Jordi Danes","Tiempo de lectura":"1 minuto"},"schema":{"@context":"https:\/\/schema.org","@graph":[{"@type":"Article","@id":"https:\/\/barcelona.euses.cat\/es\/celebrada-la-jornada-de-puertas-abiertas-en-el-campus-de-bellvitge-para-el-grado-en-fisioterapia-interuniversitario\/#article","isPartOf":{"@id":"https:\/\/barcelona.euses.cat\/es\/celebrada-la-jornada-de-puertas-abiertas-en-el-campus-de-bellvitge-para-el-grado-en-fisioterapia-interuniversitario\/"},"author":{"name":"Jordi Danes","@id":"https:\/\/barcelona.euses.cat\/ca\/#\/schema\/person\/8ab46080dfc4814fa59383db317735bd"},"headline":"Celebrada la jornada de puertas abiertas en el Campus de Bellvitge para el Grado en Fisioterapia Interuniversitario","datePublished":"2020-02-24T10:06:47+00:00","dateModified":"2020-02-24T10:09:07+00:00","mainEntityOfPage":{"@id":"https:\/\/barcelona.euses.cat\/es\/celebrada-la-jornada-de-puertas-abiertas-en-el-campus-de-bellvitge-para-el-grado-en-fisioterapia-interuniversitario\/"},"wordCount":163,"commentCount":0,"image":{"@id":"https:\/\/barcelona.euses.cat\/es\/celebrada-la-jornada-de-puertas-abiertas-en-el-campus-de-bellvitge-para-el-grado-en-fisioterapia-interuniversitario\/#primaryimage"},"thumbnailUrl":"https:\/\/barcelona.euses.cat\/wp-content\/uploads\/2020\/02\/jpo-phy-22-F-5.jpg","articleSection":["Sin categorizar"],"inLanguage":"es"},{"@type":"WebPage","@id":"https:\/\/barcelona.euses.cat\/es\/celebrada-la-jornada-de-puertas-abiertas-en-el-campus-de-bellvitge-para-el-grado-en-fisioterapia-interuniversitario\/","url":"https:\/\/barcelona.euses.cat\/es\/celebrada-la-jornada-de-puertas-abiertas-en-el-campus-de-bellvitge-para-el-grado-en-fisioterapia-interuniversitario\/","name":"Celebrada la jornada de puertas abiertas en el Campus de Bellvitge para el Grado en Fisioterapia Interuniversitario | EUSES - Campus de Bellvitge (Barcelona)","isPartOf":{"@id":"https:\/\/barcelona.euses.cat\/ca\/#website"},"primaryImageOfPage":{"@id":"https:\/\/barcelona.euses.cat\/es\/celebrada-la-jornada-de-puertas-abiertas-en-el-campus-de-bellvitge-para-el-grado-en-fisioterapia-interuniversitario\/#primaryimage"},"image":{"@id":"https:\/\/barcelona.euses.cat\/es\/celebrada-la-jornada-de-puertas-abiertas-en-el-campus-de-bellvitge-para-el-grado-en-fisioterapia-interuniversitario\/#primaryimage"},"thumbnailUrl":"https:\/\/barcelona.euses.cat\/wp-content\/uploads\/2020\/02\/jpo-phy-22-F-5.jpg","datePublished":"2020-02-24T10:06:47+00:00","dateModified":"2020-02-24T10:09:07+00:00","author":{"@id":"https:\/\/barcelona.euses.cat\/ca\/#\/schema\/person\/8ab46080dfc4814fa59383db317735bd"},"breadcrumb":{"@id":"https:\/\/barcelona.euses.cat\/es\/celebrada-la-jornada-de-puertas-abiertas-en-el-campus-de-bellvitge-para-el-grado-en-fisioterapia-interuniversitario\/#breadcrumb"},"inLanguage":"es","potentialAction":[{"@type":"ReadAction","target":["https:\/\/barcelona.euses.cat\/es\/celebrada-la-jornada-de-puertas-abiertas-en-el-campus-de-bellvitge-para-el-grado-en-fisioterapia-interuniversitario\/"]}]},{"@type":"ImageObject","inLanguage":"es","@id":"https:\/\/barcelona.euses.cat\/es\/celebrada-la-jornada-de-puertas-abiertas-en-el-campus-de-bellvitge-para-el-grado-en-fisioterapia-interuniversitario\/#primaryimage","url":"https:\/\/barcelona.euses.cat\/wp-content\/uploads\/2020\/02\/jpo-phy-22-F-5.jpg","contentUrl":"https:\/\/barcelona.euses.cat\/wp-content\/uploads\/2020\/02\/jpo-phy-22-F-5.jpg","width":4608,"height":3456},{"@type":"BreadcrumbList","@id":"https:\/\/barcelona.euses.cat\/es\/celebrada-la-jornada-de-puertas-abiertas-en-el-campus-de-bellvitge-para-el-grado-en-fisioterapia-interuniversitario\/#breadcrumb","itemListElement":[{"@type":"ListItem","position":1,"name":"Portada","item":"https:\/\/barcelona.euses.cat\/es\/"},{"@type":"ListItem","position":2,"name":"Celebrada la jornada de puertas abiertas en el Campus de Bellvitge para el Grado en Fisioterapia Interuniversitario"}]},{"@type":"WebSite","@id":"https:\/\/barcelona.euses.cat\/ca\/#website","url":"https:\/\/barcelona.euses.cat\/ca\/","name":"EUSES - Campus de Bellvitge (Barcelona)","description":"EUSES, Escuela Universitaria de Fisioterapia Internacional en Barcelona","potentialAction":[{"@type":"SearchAction","target":{"@type":"EntryPoint","urlTemplate":"https:\/\/barcelona.euses.cat\/ca\/?s={search_term_string}"},"query-input":{"@type":"PropertyValueSpecification","valueRequired":true,"valueName":"search_term_string"}}],"inLanguage":"es"},{"@type":"Person","@id":"https:\/\/barcelona.euses.cat\/ca\/#\/schema\/person\/8ab46080dfc4814fa59383db317735bd","name":"Jordi Danes","image":{"@type":"ImageObject","inLanguage":"es","@id":"https:\/\/secure.gravatar.com\/avatar\/a9e4f443b594af225625ee8cfa665e41b1e0740ea34fbe0515b4ca559f8570ef?s=96&d=mm&r=g","url":"https:\/\/secure.gravatar.com\/avatar\/a9e4f443b594af225625ee8cfa665e41b1e0740ea34fbe0515b4ca559f8570ef?s=96&d=mm&r=g","contentUrl":"https:\/\/secure.gravatar.com\/avatar\/a9e4f443b594af225625ee8cfa665e41b1e0740ea34fbe0515b4ca559f8570ef?s=96&d=mm&r=g","caption":"Jordi Danes"},"url":"https:\/\/barcelona.euses.cat\/es\/author\/jordi-danes\/"}]}},"_links":{"self":[{"href":"https:\/\/barcelona.euses.cat\/es\/wp-json\/wp\/v2\/posts\/8016","targetHints":{"allow":["GET"]}}],"collection":[{"href":"https:\/\/barcelona.euses.cat\/es\/wp-json\/wp\/v2\/posts"}],"about":[{"href":"https:\/\/barcelona.euses.cat\/es\/wp-json\/wp\/v2\/types\/post"}],"author":[{"embeddable":true,"href":"https:\/\/barcelona.euses.cat\/es\/wp-json\/wp\/v2\/users\/3"}],"replies":[{"embeddable":true,"href":"https:\/\/barcelona.euses.cat\/es\/wp-json\/wp\/v2\/comments?post=8016"}],"version-history":[{"count":3,"href":"https:\/\/barcelona.euses.cat\/es\/wp-json\/wp\/v2\/posts\/8016\/revisions"}],"predecessor-version":[{"id":8019,"href":"https:\/\/barcelona.euses.cat\/es\/wp-json\/wp\/v2\/posts\/8016\/revisions\/8019"}],"wp:featuredmedia":[{"embeddable":true,"href":"https:\/\/barcelona.euses.cat\/es\/wp-json\/wp\/v2\/media\/7998"}],"wp:attachment":[{"href":"https:\/\/barcelona.euses.cat\/es\/wp-json\/wp\/v2\/media?parent=8016"}],"wp:term":[{"taxonomy":"category","embeddable":true,"href":"https:\/\/barcelona.euses.cat\/es\/wp-json\/wp\/v2\/categories?post=8016"},{"taxonomy":"post_tag","embeddable":true,"href":"https:\/\/barcelona.euses.cat\/es\/wp-json\/wp\/v2\/tags?post=8016"}],"curies":[{"name":"wp","href":"https:\/\/api.w.org\/{rel}","templated":true}]}}