{"id":7969,"date":"2020-02-20T12:34:43","date_gmt":"2020-02-20T11:34:43","guid":{"rendered":"https:\/\/barcelona.euses.cat\/?p=7969"},"modified":"2020-02-20T12:35:58","modified_gmt":"2020-02-20T11:35:58","slug":"actividad-practica-de-los-estudiantes-de-1o-curso-de-anatomia-de-los-sistemas-cardiovascular-y-respiratorio","status":"publish","type":"post","link":"https:\/\/barcelona.euses.cat\/es\/actividad-practica-de-los-estudiantes-de-1o-curso-de-anatomia-de-los-sistemas-cardiovascular-y-respiratorio\/","title":{"rendered":"Actividad pr\u00e1ctica de los estudiantes de 1\u00ba curso de Anatom\u00eda de los sistemas cardiovascular y respiratorio"},"content":{"rendered":"<p lang=\"zxx\"><span style=\"color: #333333;\"><span style=\"font-family: Open Sans, Helvetica, Arial, sans-serif;\"><span style=\"font-size: large;\"><span lang=\"es-ES\">Los estudiantes de 1\u00ba curso han realizado una clase pr\u00e1ctica d<\/span><\/span><\/span><\/span><span style=\"color: #333333;\"><span style=\"font-family: Open Sans, Helvetica, Arial, sans-serif;\"><span style=\"font-size: large;\"><span lang=\"es-ES\">entro de<\/span><\/span><\/span><\/span><span style=\"color: #333333;\"><span style=\"font-family: Open Sans, Helvetica, Arial, sans-serif;\"><span style=\"font-size: large;\"><span lang=\"es-ES\"> la asignatura de Anatom\u00eda que imparte el profesor Vinicius Rosa. El objetivo de la sesi\u00f3n ha consistido e<\/span><\/span><\/span><\/span><span style=\"color: #333333;\"><span style=\"font-family: Open Sans, Helvetica, Arial, sans-serif;\"><span style=\"font-size: large;\"><span lang=\"es-ES\">n<\/span><\/span><\/span><\/span><span style=\"color: #333333;\"><span style=\"font-family: Open Sans, Helvetica, Arial, sans-serif;\"><span style=\"font-size: large;\"><span lang=\"es-ES\"> identificar estructuras anat\u00f3micas de los sistemas cardiovascular y respiratorio en un maniqu\u00ed y, posteriormente, trasladarlas en un cuerpo real dibujando los contornos <\/span><\/span><\/span><\/span><span style=\"color: #333333;\"><span style=\"font-family: Open Sans, Helvetica, Arial, sans-serif;\"><span style=\"font-size: large;\"><span lang=\"es-ES\">en el coraz\u00f3n<\/span><\/span><\/span><\/span><span style=\"color: #333333;\"><span style=\"font-family: Open Sans, Helvetica, Arial, sans-serif;\"><span style=\"font-size: large;\"><span lang=\"es-ES\"> y pulmones sobre la piel mediante la palpaci\u00f3n de estructuras \u00f3seas. De este modo, los alumnos se familiarizan con su localizaci\u00f3n real.<\/span><\/span><\/span><\/span><\/p>\n\n\t\t<style type=\"text\/css\">\n\t\t\t#gallery-1 {\n\t\t\t\tmargin: auto;\n\t\t\t}\n\t\t\t#gallery-1 .gallery-item {\n\t\t\t\tfloat: left;\n\t\t\t\tmargin-top: 10px;\n\t\t\t\ttext-align: center;\n\t\t\t\twidth: 33%;\n\t\t\t}\n\t\t\t#gallery-1 img {\n\t\t\t\tborder: 2px solid #cfcfcf;\n\t\t\t}\n\t\t\t#gallery-1 .gallery-caption {\n\t\t\t\tmargin-left: 0;\n\t\t\t}\n\t\t\t\/* see gallery_shortcode() in wp-includes\/media.php *\/\n\t\t<\/style>\n\t\t<div id='gallery-1' class='gallery galleryid-7969 gallery-columns-3 gallery-size-medium'><dl class='gallery-item'>\n\t\t\t<dt class='gallery-icon portrait'>\n\t\t\t\t<a href='https:\/\/barcelona.euses.cat\/es\/actividad-practica-de-los-estudiantes-de-1o-curso-de-anatomia-de-los-sistemas-cardiovascular-y-respiratorio\/anatomia-2-2\/'><img fetchpriority=\"high\" decoding=\"async\" width=\"225\" height=\"300\" src=\"https:\/\/barcelona.euses.cat\/wp-content\/uploads\/2020\/02\/anatomia-2-225x300.jpg\" class=\"attachment-medium size-medium\" alt=\"\" srcset=\"https:\/\/barcelona.euses.cat\/wp-content\/uploads\/2020\/02\/anatomia-2-225x300.jpg 225w, https:\/\/barcelona.euses.cat\/wp-content\/uploads\/2020\/02\/anatomia-2-768x1024.jpg 768w, https:\/\/barcelona.euses.cat\/wp-content\/uploads\/2020\/02\/anatomia-2-150x200.jpg 150w, https:\/\/barcelona.euses.cat\/wp-content\/uploads\/2020\/02\/anatomia-2-290x385.jpg 290w, https:\/\/barcelona.euses.cat\/wp-content\/uploads\/2020\/02\/anatomia-2-400x531.jpg 400w\" sizes=\"(max-width: 225px) 100vw, 225px\" \/><\/a>\n\t\t\t<\/dt><\/dl><dl class='gallery-item'>\n\t\t\t<dt class='gallery-icon portrait'>\n\t\t\t\t<a href='https:\/\/barcelona.euses.cat\/es\/actividad-practica-de-los-estudiantes-de-1o-curso-de-anatomia-de-los-sistemas-cardiovascular-y-respiratorio\/anatomia-1-2\/'><img decoding=\"async\" width=\"225\" height=\"300\" src=\"https:\/\/barcelona.euses.cat\/wp-content\/uploads\/2020\/02\/anatomia-1-225x300.jpg\" class=\"attachment-medium size-medium\" alt=\"\" srcset=\"https:\/\/barcelona.euses.cat\/wp-content\/uploads\/2020\/02\/anatomia-1-225x300.jpg 225w, https:\/\/barcelona.euses.cat\/wp-content\/uploads\/2020\/02\/anatomia-1-768x1024.jpg 768w, https:\/\/barcelona.euses.cat\/wp-content\/uploads\/2020\/02\/anatomia-1-150x200.jpg 150w, https:\/\/barcelona.euses.cat\/wp-content\/uploads\/2020\/02\/anatomia-1-290x385.jpg 290w, https:\/\/barcelona.euses.cat\/wp-content\/uploads\/2020\/02\/anatomia-1-400x531.jpg 400w\" sizes=\"(max-width: 225px) 100vw, 225px\" \/><\/a>\n\t\t\t<\/dt><\/dl>\n\t\t\t<br style='clear: both' \/>\n\t\t<\/div>\n\n<p lang=\"zxx\">\n","protected":false},"excerpt":{"rendered":"<p>Los estudiantes de 1\u00ba curso han realizado una clase pr\u00e1ctica dentro de la asignatura de Anatom\u00eda que imparte el profesor Vinicius Rosa. El objetivo de la sesi\u00f3n ha consistido en identificar estructuras anat\u00f3micas de los sistemas cardiovascular y respiratorio en un maniqu\u00ed y, posteriormente, trasladarlas en un cuerpo real dibujando los contornos en el coraz\u00f3n [&hellip;]<\/p>\n","protected":false},"author":3,"featured_media":7959,"comment_status":"open","ping_status":"closed","sticky":false,"template":"","format":"standard","meta":{"_acf_changed":false,"inline_featured_image":false,"_joinchat":[],"footnotes":""},"categories":[1],"tags":[],"class_list":["post-7969","post","type-post","status-publish","format-standard","has-post-thumbnail","hentry","category-sin-categorizar"],"acf":[],"yoast_head":"<!-- This site is optimized with the Yoast SEO plugin v27.4 - https:\/\/yoast.com\/product\/yoast-seo-wordpress\/ -->\n<title>Actividad pr\u00e1ctica de los estudiantes de 1\u00ba curso de Anatom\u00eda de los sistemas cardiovascular y respiratorio | EUSES - Campus de Bellvitge (Barcelona)<\/title>\n<meta name=\"robots\" content=\"index, follow, max-snippet:-1, max-image-preview:large, max-video-preview:-1\" \/>\n<link rel=\"canonical\" href=\"https:\/\/barcelona.euses.cat\/es\/actividad-practica-de-los-estudiantes-de-1o-curso-de-anatomia-de-los-sistemas-cardiovascular-y-respiratorio\/\" \/>\n<meta property=\"og:locale\" content=\"es_ES\" \/>\n<meta property=\"og:type\" content=\"article\" \/>\n<meta property=\"og:title\" content=\"Actividad pr\u00e1ctica de los estudiantes de 1\u00ba curso de Anatom\u00eda de los sistemas cardiovascular y respiratorio | EUSES - Campus de Bellvitge (Barcelona)\" \/>\n<meta property=\"og:description\" content=\"Los estudiantes de 1\u00ba curso han realizado una clase pr\u00e1ctica dentro de la asignatura de Anatom\u00eda que imparte el profesor Vinicius Rosa. El objetivo de la sesi\u00f3n ha consistido en identificar estructuras anat\u00f3micas de los sistemas cardiovascular y respiratorio en un maniqu\u00ed y, posteriormente, trasladarlas en un cuerpo real dibujando los contornos en el coraz\u00f3n [&hellip;]\" \/>\n<meta property=\"og:url\" content=\"https:\/\/barcelona.euses.cat\/es\/actividad-practica-de-los-estudiantes-de-1o-curso-de-anatomia-de-los-sistemas-cardiovascular-y-respiratorio\/\" \/>\n<meta property=\"og:site_name\" content=\"EUSES - Campus de Bellvitge (Barcelona)\" \/>\n<meta property=\"article:publisher\" content=\"https:\/\/www.facebook.com\/PhysioBCN\/\" \/>\n<meta property=\"article:published_time\" content=\"2020-02-20T11:34:43+00:00\" \/>\n<meta property=\"article:modified_time\" content=\"2020-02-20T11:35:58+00:00\" \/>\n<meta property=\"og:image\" content=\"https:\/\/barcelona.euses.cat\/wp-content\/uploads\/2020\/02\/anatomia-3-1024x768.jpg\" \/>\n\t<meta property=\"og:image:width\" content=\"1024\" \/>\n\t<meta property=\"og:image:height\" content=\"768\" \/>\n\t<meta property=\"og:image:type\" content=\"image\/jpeg\" \/>\n<meta name=\"author\" content=\"Jordi Danes\" \/>\n<meta name=\"twitter:card\" content=\"summary_large_image\" \/>\n<meta name=\"twitter:label1\" content=\"Escrito por\" \/>\n\t<meta name=\"twitter:data1\" content=\"Jordi Danes\" \/>\n<script type=\"application\/ld+json\" class=\"yoast-schema-graph\">{\"@context\":\"https:\\\/\\\/schema.org\",\"@graph\":[{\"@type\":\"Article\",\"@id\":\"https:\\\/\\\/barcelona.euses.cat\\\/es\\\/actividad-practica-de-los-estudiantes-de-1o-curso-de-anatomia-de-los-sistemas-cardiovascular-y-respiratorio\\\/#article\",\"isPartOf\":{\"@id\":\"https:\\\/\\\/barcelona.euses.cat\\\/es\\\/actividad-practica-de-los-estudiantes-de-1o-curso-de-anatomia-de-los-sistemas-cardiovascular-y-respiratorio\\\/\"},\"author\":{\"name\":\"Jordi Danes\",\"@id\":\"https:\\\/\\\/barcelona.euses.cat\\\/ca\\\/#\\\/schema\\\/person\\\/8ab46080dfc4814fa59383db317735bd\"},\"headline\":\"Actividad pr\u00e1ctica de los estudiantes de 1\u00ba curso de Anatom\u00eda de los sistemas cardiovascular y respiratorio\",\"datePublished\":\"2020-02-20T11:34:43+00:00\",\"dateModified\":\"2020-02-20T11:35:58+00:00\",\"mainEntityOfPage\":{\"@id\":\"https:\\\/\\\/barcelona.euses.cat\\\/es\\\/actividad-practica-de-los-estudiantes-de-1o-curso-de-anatomia-de-los-sistemas-cardiovascular-y-respiratorio\\\/\"},\"wordCount\":106,\"commentCount\":0,\"image\":{\"@id\":\"https:\\\/\\\/barcelona.euses.cat\\\/es\\\/actividad-practica-de-los-estudiantes-de-1o-curso-de-anatomia-de-los-sistemas-cardiovascular-y-respiratorio\\\/#primaryimage\"},\"thumbnailUrl\":\"https:\\\/\\\/barcelona.euses.cat\\\/wp-content\\\/uploads\\\/2020\\\/02\\\/anatomia-3.jpg\",\"articleSection\":[\"Sin categorizar\"],\"inLanguage\":\"es\"},{\"@type\":\"WebPage\",\"@id\":\"https:\\\/\\\/barcelona.euses.cat\\\/es\\\/actividad-practica-de-los-estudiantes-de-1o-curso-de-anatomia-de-los-sistemas-cardiovascular-y-respiratorio\\\/\",\"url\":\"https:\\\/\\\/barcelona.euses.cat\\\/es\\\/actividad-practica-de-los-estudiantes-de-1o-curso-de-anatomia-de-los-sistemas-cardiovascular-y-respiratorio\\\/\",\"name\":\"Actividad pr\u00e1ctica de los estudiantes de 1\u00ba curso de Anatom\u00eda de los sistemas cardiovascular y respiratorio | EUSES - Campus de Bellvitge (Barcelona)\",\"isPartOf\":{\"@id\":\"https:\\\/\\\/barcelona.euses.cat\\\/ca\\\/#website\"},\"primaryImageOfPage\":{\"@id\":\"https:\\\/\\\/barcelona.euses.cat\\\/es\\\/actividad-practica-de-los-estudiantes-de-1o-curso-de-anatomia-de-los-sistemas-cardiovascular-y-respiratorio\\\/#primaryimage\"},\"image\":{\"@id\":\"https:\\\/\\\/barcelona.euses.cat\\\/es\\\/actividad-practica-de-los-estudiantes-de-1o-curso-de-anatomia-de-los-sistemas-cardiovascular-y-respiratorio\\\/#primaryimage\"},\"thumbnailUrl\":\"https:\\\/\\\/barcelona.euses.cat\\\/wp-content\\\/uploads\\\/2020\\\/02\\\/anatomia-3.jpg\",\"datePublished\":\"2020-02-20T11:34:43+00:00\",\"dateModified\":\"2020-02-20T11:35:58+00:00\",\"author\":{\"@id\":\"https:\\\/\\\/barcelona.euses.cat\\\/ca\\\/#\\\/schema\\\/person\\\/8ab46080dfc4814fa59383db317735bd\"},\"breadcrumb\":{\"@id\":\"https:\\\/\\\/barcelona.euses.cat\\\/es\\\/actividad-practica-de-los-estudiantes-de-1o-curso-de-anatomia-de-los-sistemas-cardiovascular-y-respiratorio\\\/#breadcrumb\"},\"inLanguage\":\"es\",\"potentialAction\":[{\"@type\":\"ReadAction\",\"target\":[\"https:\\\/\\\/barcelona.euses.cat\\\/es\\\/actividad-practica-de-los-estudiantes-de-1o-curso-de-anatomia-de-los-sistemas-cardiovascular-y-respiratorio\\\/\"]}]},{\"@type\":\"ImageObject\",\"inLanguage\":\"es\",\"@id\":\"https:\\\/\\\/barcelona.euses.cat\\\/es\\\/actividad-practica-de-los-estudiantes-de-1o-curso-de-anatomia-de-los-sistemas-cardiovascular-y-respiratorio\\\/#primaryimage\",\"url\":\"https:\\\/\\\/barcelona.euses.cat\\\/wp-content\\\/uploads\\\/2020\\\/02\\\/anatomia-3.jpg\",\"contentUrl\":\"https:\\\/\\\/barcelona.euses.cat\\\/wp-content\\\/uploads\\\/2020\\\/02\\\/anatomia-3.jpg\",\"width\":4608,\"height\":3456},{\"@type\":\"BreadcrumbList\",\"@id\":\"https:\\\/\\\/barcelona.euses.cat\\\/es\\\/actividad-practica-de-los-estudiantes-de-1o-curso-de-anatomia-de-los-sistemas-cardiovascular-y-respiratorio\\\/#breadcrumb\",\"itemListElement\":[{\"@type\":\"ListItem\",\"position\":1,\"name\":\"Portada\",\"item\":\"https:\\\/\\\/barcelona.euses.cat\\\/es\\\/\"},{\"@type\":\"ListItem\",\"position\":2,\"name\":\"Actividad pr\u00e1ctica de los estudiantes de 1\u00ba curso de Anatom\u00eda de los sistemas cardiovascular y respiratorio\"}]},{\"@type\":\"WebSite\",\"@id\":\"https:\\\/\\\/barcelona.euses.cat\\\/ca\\\/#website\",\"url\":\"https:\\\/\\\/barcelona.euses.cat\\\/ca\\\/\",\"name\":\"EUSES - Campus de Bellvitge (Barcelona)\",\"description\":\"EUSES, Escuela Universitaria de Fisioterapia Internacional en Barcelona\",\"potentialAction\":[{\"@type\":\"SearchAction\",\"target\":{\"@type\":\"EntryPoint\",\"urlTemplate\":\"https:\\\/\\\/barcelona.euses.cat\\\/ca\\\/?s={search_term_string}\"},\"query-input\":{\"@type\":\"PropertyValueSpecification\",\"valueRequired\":true,\"valueName\":\"search_term_string\"}}],\"inLanguage\":\"es\"},{\"@type\":\"Person\",\"@id\":\"https:\\\/\\\/barcelona.euses.cat\\\/ca\\\/#\\\/schema\\\/person\\\/8ab46080dfc4814fa59383db317735bd\",\"name\":\"Jordi Danes\",\"image\":{\"@type\":\"ImageObject\",\"inLanguage\":\"es\",\"@id\":\"https:\\\/\\\/secure.gravatar.com\\\/avatar\\\/a9e4f443b594af225625ee8cfa665e41b1e0740ea34fbe0515b4ca559f8570ef?s=96&d=mm&r=g\",\"url\":\"https:\\\/\\\/secure.gravatar.com\\\/avatar\\\/a9e4f443b594af225625ee8cfa665e41b1e0740ea34fbe0515b4ca559f8570ef?s=96&d=mm&r=g\",\"contentUrl\":\"https:\\\/\\\/secure.gravatar.com\\\/avatar\\\/a9e4f443b594af225625ee8cfa665e41b1e0740ea34fbe0515b4ca559f8570ef?s=96&d=mm&r=g\",\"caption\":\"Jordi Danes\"},\"url\":\"https:\\\/\\\/barcelona.euses.cat\\\/es\\\/author\\\/jordi-danes\\\/\"}]}<\/script>\n<!-- \/ Yoast SEO plugin. -->","yoast_head_json":{"title":"Actividad pr\u00e1ctica de los estudiantes de 1\u00ba curso de Anatom\u00eda de los sistemas cardiovascular y respiratorio | EUSES - Campus de Bellvitge (Barcelona)","robots":{"index":"index","follow":"follow","max-snippet":"max-snippet:-1","max-image-preview":"max-image-preview:large","max-video-preview":"max-video-preview:-1"},"canonical":"https:\/\/barcelona.euses.cat\/es\/actividad-practica-de-los-estudiantes-de-1o-curso-de-anatomia-de-los-sistemas-cardiovascular-y-respiratorio\/","og_locale":"es_ES","og_type":"article","og_title":"Actividad pr\u00e1ctica de los estudiantes de 1\u00ba curso de Anatom\u00eda de los sistemas cardiovascular y respiratorio | EUSES - Campus de Bellvitge (Barcelona)","og_description":"Los estudiantes de 1\u00ba curso han realizado una clase pr\u00e1ctica dentro de la asignatura de Anatom\u00eda que imparte el profesor Vinicius Rosa. El objetivo de la sesi\u00f3n ha consistido en identificar estructuras anat\u00f3micas de los sistemas cardiovascular y respiratorio en un maniqu\u00ed y, posteriormente, trasladarlas en un cuerpo real dibujando los contornos en el coraz\u00f3n [&hellip;]","og_url":"https:\/\/barcelona.euses.cat\/es\/actividad-practica-de-los-estudiantes-de-1o-curso-de-anatomia-de-los-sistemas-cardiovascular-y-respiratorio\/","og_site_name":"EUSES - Campus de Bellvitge (Barcelona)","article_publisher":"https:\/\/www.facebook.com\/PhysioBCN\/","article_published_time":"2020-02-20T11:34:43+00:00","article_modified_time":"2020-02-20T11:35:58+00:00","og_image":[{"width":1024,"height":768,"url":"https:\/\/barcelona.euses.cat\/wp-content\/uploads\/2020\/02\/anatomia-3-1024x768.jpg","type":"image\/jpeg"}],"author":"Jordi Danes","twitter_card":"summary_large_image","twitter_misc":{"Escrito por":"Jordi Danes"},"schema":{"@context":"https:\/\/schema.org","@graph":[{"@type":"Article","@id":"https:\/\/barcelona.euses.cat\/es\/actividad-practica-de-los-estudiantes-de-1o-curso-de-anatomia-de-los-sistemas-cardiovascular-y-respiratorio\/#article","isPartOf":{"@id":"https:\/\/barcelona.euses.cat\/es\/actividad-practica-de-los-estudiantes-de-1o-curso-de-anatomia-de-los-sistemas-cardiovascular-y-respiratorio\/"},"author":{"name":"Jordi Danes","@id":"https:\/\/barcelona.euses.cat\/ca\/#\/schema\/person\/8ab46080dfc4814fa59383db317735bd"},"headline":"Actividad pr\u00e1ctica de los estudiantes de 1\u00ba curso de Anatom\u00eda de los sistemas cardiovascular y respiratorio","datePublished":"2020-02-20T11:34:43+00:00","dateModified":"2020-02-20T11:35:58+00:00","mainEntityOfPage":{"@id":"https:\/\/barcelona.euses.cat\/es\/actividad-practica-de-los-estudiantes-de-1o-curso-de-anatomia-de-los-sistemas-cardiovascular-y-respiratorio\/"},"wordCount":106,"commentCount":0,"image":{"@id":"https:\/\/barcelona.euses.cat\/es\/actividad-practica-de-los-estudiantes-de-1o-curso-de-anatomia-de-los-sistemas-cardiovascular-y-respiratorio\/#primaryimage"},"thumbnailUrl":"https:\/\/barcelona.euses.cat\/wp-content\/uploads\/2020\/02\/anatomia-3.jpg","articleSection":["Sin categorizar"],"inLanguage":"es"},{"@type":"WebPage","@id":"https:\/\/barcelona.euses.cat\/es\/actividad-practica-de-los-estudiantes-de-1o-curso-de-anatomia-de-los-sistemas-cardiovascular-y-respiratorio\/","url":"https:\/\/barcelona.euses.cat\/es\/actividad-practica-de-los-estudiantes-de-1o-curso-de-anatomia-de-los-sistemas-cardiovascular-y-respiratorio\/","name":"Actividad pr\u00e1ctica de los estudiantes de 1\u00ba curso de Anatom\u00eda de los sistemas cardiovascular y respiratorio | EUSES - Campus de Bellvitge (Barcelona)","isPartOf":{"@id":"https:\/\/barcelona.euses.cat\/ca\/#website"},"primaryImageOfPage":{"@id":"https:\/\/barcelona.euses.cat\/es\/actividad-practica-de-los-estudiantes-de-1o-curso-de-anatomia-de-los-sistemas-cardiovascular-y-respiratorio\/#primaryimage"},"image":{"@id":"https:\/\/barcelona.euses.cat\/es\/actividad-practica-de-los-estudiantes-de-1o-curso-de-anatomia-de-los-sistemas-cardiovascular-y-respiratorio\/#primaryimage"},"thumbnailUrl":"https:\/\/barcelona.euses.cat\/wp-content\/uploads\/2020\/02\/anatomia-3.jpg","datePublished":"2020-02-20T11:34:43+00:00","dateModified":"2020-02-20T11:35:58+00:00","author":{"@id":"https:\/\/barcelona.euses.cat\/ca\/#\/schema\/person\/8ab46080dfc4814fa59383db317735bd"},"breadcrumb":{"@id":"https:\/\/barcelona.euses.cat\/es\/actividad-practica-de-los-estudiantes-de-1o-curso-de-anatomia-de-los-sistemas-cardiovascular-y-respiratorio\/#breadcrumb"},"inLanguage":"es","potentialAction":[{"@type":"ReadAction","target":["https:\/\/barcelona.euses.cat\/es\/actividad-practica-de-los-estudiantes-de-1o-curso-de-anatomia-de-los-sistemas-cardiovascular-y-respiratorio\/"]}]},{"@type":"ImageObject","inLanguage":"es","@id":"https:\/\/barcelona.euses.cat\/es\/actividad-practica-de-los-estudiantes-de-1o-curso-de-anatomia-de-los-sistemas-cardiovascular-y-respiratorio\/#primaryimage","url":"https:\/\/barcelona.euses.cat\/wp-content\/uploads\/2020\/02\/anatomia-3.jpg","contentUrl":"https:\/\/barcelona.euses.cat\/wp-content\/uploads\/2020\/02\/anatomia-3.jpg","width":4608,"height":3456},{"@type":"BreadcrumbList","@id":"https:\/\/barcelona.euses.cat\/es\/actividad-practica-de-los-estudiantes-de-1o-curso-de-anatomia-de-los-sistemas-cardiovascular-y-respiratorio\/#breadcrumb","itemListElement":[{"@type":"ListItem","position":1,"name":"Portada","item":"https:\/\/barcelona.euses.cat\/es\/"},{"@type":"ListItem","position":2,"name":"Actividad pr\u00e1ctica de los estudiantes de 1\u00ba curso de Anatom\u00eda de los sistemas cardiovascular y respiratorio"}]},{"@type":"WebSite","@id":"https:\/\/barcelona.euses.cat\/ca\/#website","url":"https:\/\/barcelona.euses.cat\/ca\/","name":"EUSES - Campus de Bellvitge (Barcelona)","description":"EUSES, Escuela Universitaria de Fisioterapia Internacional en Barcelona","potentialAction":[{"@type":"SearchAction","target":{"@type":"EntryPoint","urlTemplate":"https:\/\/barcelona.euses.cat\/ca\/?s={search_term_string}"},"query-input":{"@type":"PropertyValueSpecification","valueRequired":true,"valueName":"search_term_string"}}],"inLanguage":"es"},{"@type":"Person","@id":"https:\/\/barcelona.euses.cat\/ca\/#\/schema\/person\/8ab46080dfc4814fa59383db317735bd","name":"Jordi Danes","image":{"@type":"ImageObject","inLanguage":"es","@id":"https:\/\/secure.gravatar.com\/avatar\/a9e4f443b594af225625ee8cfa665e41b1e0740ea34fbe0515b4ca559f8570ef?s=96&d=mm&r=g","url":"https:\/\/secure.gravatar.com\/avatar\/a9e4f443b594af225625ee8cfa665e41b1e0740ea34fbe0515b4ca559f8570ef?s=96&d=mm&r=g","contentUrl":"https:\/\/secure.gravatar.com\/avatar\/a9e4f443b594af225625ee8cfa665e41b1e0740ea34fbe0515b4ca559f8570ef?s=96&d=mm&r=g","caption":"Jordi Danes"},"url":"https:\/\/barcelona.euses.cat\/es\/author\/jordi-danes\/"}]}},"_links":{"self":[{"href":"https:\/\/barcelona.euses.cat\/es\/wp-json\/wp\/v2\/posts\/7969","targetHints":{"allow":["GET"]}}],"collection":[{"href":"https:\/\/barcelona.euses.cat\/es\/wp-json\/wp\/v2\/posts"}],"about":[{"href":"https:\/\/barcelona.euses.cat\/es\/wp-json\/wp\/v2\/types\/post"}],"author":[{"embeddable":true,"href":"https:\/\/barcelona.euses.cat\/es\/wp-json\/wp\/v2\/users\/3"}],"replies":[{"embeddable":true,"href":"https:\/\/barcelona.euses.cat\/es\/wp-json\/wp\/v2\/comments?post=7969"}],"version-history":[{"count":2,"href":"https:\/\/barcelona.euses.cat\/es\/wp-json\/wp\/v2\/posts\/7969\/revisions"}],"predecessor-version":[{"id":7984,"href":"https:\/\/barcelona.euses.cat\/es\/wp-json\/wp\/v2\/posts\/7969\/revisions\/7984"}],"wp:featuredmedia":[{"embeddable":true,"href":"https:\/\/barcelona.euses.cat\/es\/wp-json\/wp\/v2\/media\/7959"}],"wp:attachment":[{"href":"https:\/\/barcelona.euses.cat\/es\/wp-json\/wp\/v2\/media?parent=7969"}],"wp:term":[{"taxonomy":"category","embeddable":true,"href":"https:\/\/barcelona.euses.cat\/es\/wp-json\/wp\/v2\/categories?post=7969"},{"taxonomy":"post_tag","embeddable":true,"href":"https:\/\/barcelona.euses.cat\/es\/wp-json\/wp\/v2\/tags?post=7969"}],"curies":[{"name":"wp","href":"https:\/\/api.w.org\/{rel}","templated":true}]}}