{"id":7935,"date":"2020-02-12T10:25:38","date_gmt":"2020-02-12T09:25:38","guid":{"rendered":"https:\/\/barcelona.euses.cat\/?p=7935"},"modified":"2020-02-12T10:25:39","modified_gmt":"2020-02-12T09:25:39","slug":"la-profesora-andrea-fuente-vidal-participa-en-un-estudio-de-fisioterapia-en-la-fundacion-ace","status":"publish","type":"post","link":"https:\/\/barcelona.euses.cat\/es\/la-profesora-andrea-fuente-vidal-participa-en-un-estudio-de-fisioterapia-en-la-fundacion-ace\/","title":{"rendered":"La profesora Andrea Fuente Vidal participa en un estudio de fisioterapia en la Fundaci\u00f3n ACE"},"content":{"rendered":"<p>La profesora Andrea Fuente Vidal, que en Bellvitge imparte las asignaturas de Evaluaci\u00f3n y Fundamentos (1\u00ba curso), Kinesioterapia y Cuidados B\u00e1sicos de Salud (2\u00ba curso), ha participado como \u00fanica evaluadora de habilidades f\u00edsicas en un estudio de fisioterapia titulado<a href=\"https:\/\/content.iospress.com\/articles\/journal-of-alzheimers-disease\/jad190552\" target=\"_blank\" rel=\"noopener noreferrer\"> \u201cComparative Cognitive Effects of Choreographed Exercise and Multimodal Physical Therapy in Older Adults with Amnestic Mild Cognitive Impairment: Randomized Clinical Trial\u201d<\/a>, que se llev\u00f3 a cabo en las instalaciones de la <a href=\"https:\/\/www.fundacioace.com\/es\" target=\"_blank\" rel=\"noopener noreferrer\">Fundaci\u00f3n ACE<\/a> en Barcelona.<\/p>\n<p>La investigaci\u00f3n pretend\u00eda comprobar los efectos sobre cognici\u00f3n y funciones f\u00edsicas, de un programa de ejercicios coreografiados y con m\u00fasica, comparado con un programa de fisioterapia multimodal. Los sujetos que participaron en el ensayo fueron personas mayores con deterioro cognitivo leve amn\u00e9sico. Hubo dos grupos y participaron en sesiones de 1 hora de ejercicio grupal durante 12 semanas.<\/p>\n<p>Los resultados que se presentan en este estudio indican que los beneficios cognitivos son mayores para intervenciones coreografiadas, y que \u00e9stas podr\u00edan constituir formas efectivas de prevenci\u00f3n de demencia, que merece la pena seguir investigando.<\/p>\n<p>Adem\u00e1s de formar parte del equipo docente de EUSES en el Campus de Bellvitge, la Fisioterapeuta I M\u00e0ster en Actividad F\u00edsica y Salud tambi\u00e9n es colaboradora externa del grupo de investigaci\u00f3n M30 de la Universidad de Vic.<\/p>\n<p>La referencia del estudio realizado es la siguiente:<\/p>\n<p><span lang=\"EN-GB\">Comparative Cognitive Effects of Choreographed Exercise and Multimodal Physical Therapy in Older Adults with Amnestic Mild Cognitive Impairment: Randomized Clinical Trial.\u00a0<\/span>Bisbe, Martaa; b | Fuente-Vidal, Andreac | L\u00f3pez, Elisabetb | Moreno, Martad | Naya, Mariand | de Benetti, Claudiod | Mil\u00e0, Raimona | Bruna, Olgab | Boada, Merc\u00e8e; f | Alegret, Montserrate; f; * Journal of Alzheimer&#8217;s Disease, vol. Pre-press, no. Pre-press, pp. 1-15, 2019. Published 16 noviembre 2019. DOI 10.3233\/JAD-190552<\/p>\n","protected":false},"excerpt":{"rendered":"<p>La profesora Andrea Fuente Vidal, que en Bellvitge imparte las asignaturas de Evaluaci\u00f3n y Fundamentos (1\u00ba curso), Kinesioterapia y Cuidados B\u00e1sicos de Salud (2\u00ba curso), ha participado como \u00fanica evaluadora de habilidades f\u00edsicas en un estudio de fisioterapia titulado \u201cComparative Cognitive Effects of Choreographed Exercise and Multimodal Physical Therapy in Older Adults with Amnestic Mild [&hellip;]<\/p>\n","protected":false},"author":3,"featured_media":7936,"comment_status":"open","ping_status":"closed","sticky":false,"template":"","format":"standard","meta":{"_acf_changed":false,"inline_featured_image":false,"_joinchat":[],"footnotes":""},"categories":[1],"tags":[],"class_list":["post-7935","post","type-post","status-publish","format-standard","has-post-thumbnail","hentry","category-sin-categorizar"],"acf":[],"yoast_head":"<!-- This site is optimized with the Yoast SEO plugin v27.4 - https:\/\/yoast.com\/product\/yoast-seo-wordpress\/ -->\n<title>La profesora Andrea Fuente Vidal participa en un estudio de fisioterapia en la Fundaci\u00f3n ACE | EUSES - Campus de Bellvitge (Barcelona)<\/title>\n<meta name=\"robots\" content=\"index, follow, max-snippet:-1, max-image-preview:large, max-video-preview:-1\" \/>\n<link rel=\"canonical\" href=\"https:\/\/barcelona.euses.cat\/es\/la-profesora-andrea-fuente-vidal-participa-en-un-estudio-de-fisioterapia-en-la-fundacion-ace\/\" \/>\n<meta property=\"og:locale\" content=\"es_ES\" \/>\n<meta property=\"og:type\" content=\"article\" \/>\n<meta property=\"og:title\" content=\"La profesora Andrea Fuente Vidal participa en un estudio de fisioterapia en la Fundaci\u00f3n ACE | EUSES - Campus de Bellvitge (Barcelona)\" \/>\n<meta property=\"og:description\" content=\"La profesora Andrea Fuente Vidal, que en Bellvitge imparte las asignaturas de Evaluaci\u00f3n y Fundamentos (1\u00ba curso), Kinesioterapia y Cuidados B\u00e1sicos de Salud (2\u00ba curso), ha participado como \u00fanica evaluadora de habilidades f\u00edsicas en un estudio de fisioterapia titulado \u201cComparative Cognitive Effects of Choreographed Exercise and Multimodal Physical Therapy in Older Adults with Amnestic Mild [&hellip;]\" \/>\n<meta property=\"og:url\" content=\"https:\/\/barcelona.euses.cat\/es\/la-profesora-andrea-fuente-vidal-participa-en-un-estudio-de-fisioterapia-en-la-fundacion-ace\/\" \/>\n<meta property=\"og:site_name\" content=\"EUSES - Campus de Bellvitge (Barcelona)\" \/>\n<meta property=\"article:publisher\" content=\"https:\/\/www.facebook.com\/PhysioBCN\/\" \/>\n<meta property=\"article:published_time\" content=\"2020-02-12T09:25:38+00:00\" \/>\n<meta property=\"article:modified_time\" content=\"2020-02-12T09:25:39+00:00\" \/>\n<meta property=\"og:image\" content=\"https:\/\/barcelona.euses.cat\/wp-content\/uploads\/2020\/02\/andrea-fuente-vidal.jpg\" \/>\n\t<meta property=\"og:image:width\" content=\"960\" \/>\n\t<meta property=\"og:image:height\" content=\"824\" \/>\n\t<meta property=\"og:image:type\" content=\"image\/jpeg\" \/>\n<meta name=\"author\" content=\"Jordi Danes\" \/>\n<meta name=\"twitter:card\" content=\"summary_large_image\" \/>\n<meta name=\"twitter:label1\" content=\"Escrito por\" \/>\n\t<meta name=\"twitter:data1\" content=\"Jordi Danes\" \/>\n\t<meta name=\"twitter:label2\" content=\"Tiempo de lectura\" \/>\n\t<meta name=\"twitter:data2\" content=\"1 minuto\" \/>\n<script type=\"application\/ld+json\" class=\"yoast-schema-graph\">{\"@context\":\"https:\\\/\\\/schema.org\",\"@graph\":[{\"@type\":\"Article\",\"@id\":\"https:\\\/\\\/barcelona.euses.cat\\\/es\\\/la-profesora-andrea-fuente-vidal-participa-en-un-estudio-de-fisioterapia-en-la-fundacion-ace\\\/#article\",\"isPartOf\":{\"@id\":\"https:\\\/\\\/barcelona.euses.cat\\\/es\\\/la-profesora-andrea-fuente-vidal-participa-en-un-estudio-de-fisioterapia-en-la-fundacion-ace\\\/\"},\"author\":{\"name\":\"Jordi Danes\",\"@id\":\"https:\\\/\\\/barcelona.euses.cat\\\/ca\\\/#\\\/schema\\\/person\\\/8ab46080dfc4814fa59383db317735bd\"},\"headline\":\"La profesora Andrea Fuente Vidal participa en un estudio de fisioterapia en la Fundaci\u00f3n ACE\",\"datePublished\":\"2020-02-12T09:25:38+00:00\",\"dateModified\":\"2020-02-12T09:25:39+00:00\",\"mainEntityOfPage\":{\"@id\":\"https:\\\/\\\/barcelona.euses.cat\\\/es\\\/la-profesora-andrea-fuente-vidal-participa-en-un-estudio-de-fisioterapia-en-la-fundacion-ace\\\/\"},\"wordCount\":303,\"commentCount\":0,\"image\":{\"@id\":\"https:\\\/\\\/barcelona.euses.cat\\\/es\\\/la-profesora-andrea-fuente-vidal-participa-en-un-estudio-de-fisioterapia-en-la-fundacion-ace\\\/#primaryimage\"},\"thumbnailUrl\":\"https:\\\/\\\/barcelona.euses.cat\\\/wp-content\\\/uploads\\\/2020\\\/02\\\/andrea-fuente-vidal.jpg\",\"articleSection\":[\"Sin categorizar\"],\"inLanguage\":\"es\"},{\"@type\":\"WebPage\",\"@id\":\"https:\\\/\\\/barcelona.euses.cat\\\/es\\\/la-profesora-andrea-fuente-vidal-participa-en-un-estudio-de-fisioterapia-en-la-fundacion-ace\\\/\",\"url\":\"https:\\\/\\\/barcelona.euses.cat\\\/es\\\/la-profesora-andrea-fuente-vidal-participa-en-un-estudio-de-fisioterapia-en-la-fundacion-ace\\\/\",\"name\":\"La profesora Andrea Fuente Vidal participa en un estudio de fisioterapia en la Fundaci\u00f3n ACE | EUSES - Campus de Bellvitge (Barcelona)\",\"isPartOf\":{\"@id\":\"https:\\\/\\\/barcelona.euses.cat\\\/ca\\\/#website\"},\"primaryImageOfPage\":{\"@id\":\"https:\\\/\\\/barcelona.euses.cat\\\/es\\\/la-profesora-andrea-fuente-vidal-participa-en-un-estudio-de-fisioterapia-en-la-fundacion-ace\\\/#primaryimage\"},\"image\":{\"@id\":\"https:\\\/\\\/barcelona.euses.cat\\\/es\\\/la-profesora-andrea-fuente-vidal-participa-en-un-estudio-de-fisioterapia-en-la-fundacion-ace\\\/#primaryimage\"},\"thumbnailUrl\":\"https:\\\/\\\/barcelona.euses.cat\\\/wp-content\\\/uploads\\\/2020\\\/02\\\/andrea-fuente-vidal.jpg\",\"datePublished\":\"2020-02-12T09:25:38+00:00\",\"dateModified\":\"2020-02-12T09:25:39+00:00\",\"author\":{\"@id\":\"https:\\\/\\\/barcelona.euses.cat\\\/ca\\\/#\\\/schema\\\/person\\\/8ab46080dfc4814fa59383db317735bd\"},\"breadcrumb\":{\"@id\":\"https:\\\/\\\/barcelona.euses.cat\\\/es\\\/la-profesora-andrea-fuente-vidal-participa-en-un-estudio-de-fisioterapia-en-la-fundacion-ace\\\/#breadcrumb\"},\"inLanguage\":\"es\",\"potentialAction\":[{\"@type\":\"ReadAction\",\"target\":[\"https:\\\/\\\/barcelona.euses.cat\\\/es\\\/la-profesora-andrea-fuente-vidal-participa-en-un-estudio-de-fisioterapia-en-la-fundacion-ace\\\/\"]}]},{\"@type\":\"ImageObject\",\"inLanguage\":\"es\",\"@id\":\"https:\\\/\\\/barcelona.euses.cat\\\/es\\\/la-profesora-andrea-fuente-vidal-participa-en-un-estudio-de-fisioterapia-en-la-fundacion-ace\\\/#primaryimage\",\"url\":\"https:\\\/\\\/barcelona.euses.cat\\\/wp-content\\\/uploads\\\/2020\\\/02\\\/andrea-fuente-vidal.jpg\",\"contentUrl\":\"https:\\\/\\\/barcelona.euses.cat\\\/wp-content\\\/uploads\\\/2020\\\/02\\\/andrea-fuente-vidal.jpg\",\"width\":960,\"height\":824},{\"@type\":\"BreadcrumbList\",\"@id\":\"https:\\\/\\\/barcelona.euses.cat\\\/es\\\/la-profesora-andrea-fuente-vidal-participa-en-un-estudio-de-fisioterapia-en-la-fundacion-ace\\\/#breadcrumb\",\"itemListElement\":[{\"@type\":\"ListItem\",\"position\":1,\"name\":\"Portada\",\"item\":\"https:\\\/\\\/barcelona.euses.cat\\\/es\\\/\"},{\"@type\":\"ListItem\",\"position\":2,\"name\":\"La profesora Andrea Fuente Vidal participa en un estudio de fisioterapia en la Fundaci\u00f3n ACE\"}]},{\"@type\":\"WebSite\",\"@id\":\"https:\\\/\\\/barcelona.euses.cat\\\/ca\\\/#website\",\"url\":\"https:\\\/\\\/barcelona.euses.cat\\\/ca\\\/\",\"name\":\"EUSES - Campus de Bellvitge (Barcelona)\",\"description\":\"EUSES, Escuela Universitaria de Fisioterapia Internacional en Barcelona\",\"potentialAction\":[{\"@type\":\"SearchAction\",\"target\":{\"@type\":\"EntryPoint\",\"urlTemplate\":\"https:\\\/\\\/barcelona.euses.cat\\\/ca\\\/?s={search_term_string}\"},\"query-input\":{\"@type\":\"PropertyValueSpecification\",\"valueRequired\":true,\"valueName\":\"search_term_string\"}}],\"inLanguage\":\"es\"},{\"@type\":\"Person\",\"@id\":\"https:\\\/\\\/barcelona.euses.cat\\\/ca\\\/#\\\/schema\\\/person\\\/8ab46080dfc4814fa59383db317735bd\",\"name\":\"Jordi Danes\",\"image\":{\"@type\":\"ImageObject\",\"inLanguage\":\"es\",\"@id\":\"https:\\\/\\\/secure.gravatar.com\\\/avatar\\\/a9e4f443b594af225625ee8cfa665e41b1e0740ea34fbe0515b4ca559f8570ef?s=96&d=mm&r=g\",\"url\":\"https:\\\/\\\/secure.gravatar.com\\\/avatar\\\/a9e4f443b594af225625ee8cfa665e41b1e0740ea34fbe0515b4ca559f8570ef?s=96&d=mm&r=g\",\"contentUrl\":\"https:\\\/\\\/secure.gravatar.com\\\/avatar\\\/a9e4f443b594af225625ee8cfa665e41b1e0740ea34fbe0515b4ca559f8570ef?s=96&d=mm&r=g\",\"caption\":\"Jordi Danes\"},\"url\":\"https:\\\/\\\/barcelona.euses.cat\\\/es\\\/author\\\/jordi-danes\\\/\"}]}<\/script>\n<!-- \/ Yoast SEO plugin. -->","yoast_head_json":{"title":"La profesora Andrea Fuente Vidal participa en un estudio de fisioterapia en la Fundaci\u00f3n ACE | EUSES - Campus de Bellvitge (Barcelona)","robots":{"index":"index","follow":"follow","max-snippet":"max-snippet:-1","max-image-preview":"max-image-preview:large","max-video-preview":"max-video-preview:-1"},"canonical":"https:\/\/barcelona.euses.cat\/es\/la-profesora-andrea-fuente-vidal-participa-en-un-estudio-de-fisioterapia-en-la-fundacion-ace\/","og_locale":"es_ES","og_type":"article","og_title":"La profesora Andrea Fuente Vidal participa en un estudio de fisioterapia en la Fundaci\u00f3n ACE | EUSES - Campus de Bellvitge (Barcelona)","og_description":"La profesora Andrea Fuente Vidal, que en Bellvitge imparte las asignaturas de Evaluaci\u00f3n y Fundamentos (1\u00ba curso), Kinesioterapia y Cuidados B\u00e1sicos de Salud (2\u00ba curso), ha participado como \u00fanica evaluadora de habilidades f\u00edsicas en un estudio de fisioterapia titulado \u201cComparative Cognitive Effects of Choreographed Exercise and Multimodal Physical Therapy in Older Adults with Amnestic Mild [&hellip;]","og_url":"https:\/\/barcelona.euses.cat\/es\/la-profesora-andrea-fuente-vidal-participa-en-un-estudio-de-fisioterapia-en-la-fundacion-ace\/","og_site_name":"EUSES - Campus de Bellvitge (Barcelona)","article_publisher":"https:\/\/www.facebook.com\/PhysioBCN\/","article_published_time":"2020-02-12T09:25:38+00:00","article_modified_time":"2020-02-12T09:25:39+00:00","og_image":[{"width":960,"height":824,"url":"https:\/\/barcelona.euses.cat\/wp-content\/uploads\/2020\/02\/andrea-fuente-vidal.jpg","type":"image\/jpeg"}],"author":"Jordi Danes","twitter_card":"summary_large_image","twitter_misc":{"Escrito por":"Jordi Danes","Tiempo de lectura":"1 minuto"},"schema":{"@context":"https:\/\/schema.org","@graph":[{"@type":"Article","@id":"https:\/\/barcelona.euses.cat\/es\/la-profesora-andrea-fuente-vidal-participa-en-un-estudio-de-fisioterapia-en-la-fundacion-ace\/#article","isPartOf":{"@id":"https:\/\/barcelona.euses.cat\/es\/la-profesora-andrea-fuente-vidal-participa-en-un-estudio-de-fisioterapia-en-la-fundacion-ace\/"},"author":{"name":"Jordi Danes","@id":"https:\/\/barcelona.euses.cat\/ca\/#\/schema\/person\/8ab46080dfc4814fa59383db317735bd"},"headline":"La profesora Andrea Fuente Vidal participa en un estudio de fisioterapia en la Fundaci\u00f3n ACE","datePublished":"2020-02-12T09:25:38+00:00","dateModified":"2020-02-12T09:25:39+00:00","mainEntityOfPage":{"@id":"https:\/\/barcelona.euses.cat\/es\/la-profesora-andrea-fuente-vidal-participa-en-un-estudio-de-fisioterapia-en-la-fundacion-ace\/"},"wordCount":303,"commentCount":0,"image":{"@id":"https:\/\/barcelona.euses.cat\/es\/la-profesora-andrea-fuente-vidal-participa-en-un-estudio-de-fisioterapia-en-la-fundacion-ace\/#primaryimage"},"thumbnailUrl":"https:\/\/barcelona.euses.cat\/wp-content\/uploads\/2020\/02\/andrea-fuente-vidal.jpg","articleSection":["Sin categorizar"],"inLanguage":"es"},{"@type":"WebPage","@id":"https:\/\/barcelona.euses.cat\/es\/la-profesora-andrea-fuente-vidal-participa-en-un-estudio-de-fisioterapia-en-la-fundacion-ace\/","url":"https:\/\/barcelona.euses.cat\/es\/la-profesora-andrea-fuente-vidal-participa-en-un-estudio-de-fisioterapia-en-la-fundacion-ace\/","name":"La profesora Andrea Fuente Vidal participa en un estudio de fisioterapia en la Fundaci\u00f3n ACE | EUSES - Campus de Bellvitge (Barcelona)","isPartOf":{"@id":"https:\/\/barcelona.euses.cat\/ca\/#website"},"primaryImageOfPage":{"@id":"https:\/\/barcelona.euses.cat\/es\/la-profesora-andrea-fuente-vidal-participa-en-un-estudio-de-fisioterapia-en-la-fundacion-ace\/#primaryimage"},"image":{"@id":"https:\/\/barcelona.euses.cat\/es\/la-profesora-andrea-fuente-vidal-participa-en-un-estudio-de-fisioterapia-en-la-fundacion-ace\/#primaryimage"},"thumbnailUrl":"https:\/\/barcelona.euses.cat\/wp-content\/uploads\/2020\/02\/andrea-fuente-vidal.jpg","datePublished":"2020-02-12T09:25:38+00:00","dateModified":"2020-02-12T09:25:39+00:00","author":{"@id":"https:\/\/barcelona.euses.cat\/ca\/#\/schema\/person\/8ab46080dfc4814fa59383db317735bd"},"breadcrumb":{"@id":"https:\/\/barcelona.euses.cat\/es\/la-profesora-andrea-fuente-vidal-participa-en-un-estudio-de-fisioterapia-en-la-fundacion-ace\/#breadcrumb"},"inLanguage":"es","potentialAction":[{"@type":"ReadAction","target":["https:\/\/barcelona.euses.cat\/es\/la-profesora-andrea-fuente-vidal-participa-en-un-estudio-de-fisioterapia-en-la-fundacion-ace\/"]}]},{"@type":"ImageObject","inLanguage":"es","@id":"https:\/\/barcelona.euses.cat\/es\/la-profesora-andrea-fuente-vidal-participa-en-un-estudio-de-fisioterapia-en-la-fundacion-ace\/#primaryimage","url":"https:\/\/barcelona.euses.cat\/wp-content\/uploads\/2020\/02\/andrea-fuente-vidal.jpg","contentUrl":"https:\/\/barcelona.euses.cat\/wp-content\/uploads\/2020\/02\/andrea-fuente-vidal.jpg","width":960,"height":824},{"@type":"BreadcrumbList","@id":"https:\/\/barcelona.euses.cat\/es\/la-profesora-andrea-fuente-vidal-participa-en-un-estudio-de-fisioterapia-en-la-fundacion-ace\/#breadcrumb","itemListElement":[{"@type":"ListItem","position":1,"name":"Portada","item":"https:\/\/barcelona.euses.cat\/es\/"},{"@type":"ListItem","position":2,"name":"La profesora Andrea Fuente Vidal participa en un estudio de fisioterapia en la Fundaci\u00f3n ACE"}]},{"@type":"WebSite","@id":"https:\/\/barcelona.euses.cat\/ca\/#website","url":"https:\/\/barcelona.euses.cat\/ca\/","name":"EUSES - Campus de Bellvitge (Barcelona)","description":"EUSES, Escuela Universitaria de Fisioterapia Internacional en Barcelona","potentialAction":[{"@type":"SearchAction","target":{"@type":"EntryPoint","urlTemplate":"https:\/\/barcelona.euses.cat\/ca\/?s={search_term_string}"},"query-input":{"@type":"PropertyValueSpecification","valueRequired":true,"valueName":"search_term_string"}}],"inLanguage":"es"},{"@type":"Person","@id":"https:\/\/barcelona.euses.cat\/ca\/#\/schema\/person\/8ab46080dfc4814fa59383db317735bd","name":"Jordi Danes","image":{"@type":"ImageObject","inLanguage":"es","@id":"https:\/\/secure.gravatar.com\/avatar\/a9e4f443b594af225625ee8cfa665e41b1e0740ea34fbe0515b4ca559f8570ef?s=96&d=mm&r=g","url":"https:\/\/secure.gravatar.com\/avatar\/a9e4f443b594af225625ee8cfa665e41b1e0740ea34fbe0515b4ca559f8570ef?s=96&d=mm&r=g","contentUrl":"https:\/\/secure.gravatar.com\/avatar\/a9e4f443b594af225625ee8cfa665e41b1e0740ea34fbe0515b4ca559f8570ef?s=96&d=mm&r=g","caption":"Jordi Danes"},"url":"https:\/\/barcelona.euses.cat\/es\/author\/jordi-danes\/"}]}},"_links":{"self":[{"href":"https:\/\/barcelona.euses.cat\/es\/wp-json\/wp\/v2\/posts\/7935","targetHints":{"allow":["GET"]}}],"collection":[{"href":"https:\/\/barcelona.euses.cat\/es\/wp-json\/wp\/v2\/posts"}],"about":[{"href":"https:\/\/barcelona.euses.cat\/es\/wp-json\/wp\/v2\/types\/post"}],"author":[{"embeddable":true,"href":"https:\/\/barcelona.euses.cat\/es\/wp-json\/wp\/v2\/users\/3"}],"replies":[{"embeddable":true,"href":"https:\/\/barcelona.euses.cat\/es\/wp-json\/wp\/v2\/comments?post=7935"}],"version-history":[{"count":1,"href":"https:\/\/barcelona.euses.cat\/es\/wp-json\/wp\/v2\/posts\/7935\/revisions"}],"predecessor-version":[{"id":7940,"href":"https:\/\/barcelona.euses.cat\/es\/wp-json\/wp\/v2\/posts\/7935\/revisions\/7940"}],"wp:featuredmedia":[{"embeddable":true,"href":"https:\/\/barcelona.euses.cat\/es\/wp-json\/wp\/v2\/media\/7936"}],"wp:attachment":[{"href":"https:\/\/barcelona.euses.cat\/es\/wp-json\/wp\/v2\/media?parent=7935"}],"wp:term":[{"taxonomy":"category","embeddable":true,"href":"https:\/\/barcelona.euses.cat\/es\/wp-json\/wp\/v2\/categories?post=7935"},{"taxonomy":"post_tag","embeddable":true,"href":"https:\/\/barcelona.euses.cat\/es\/wp-json\/wp\/v2\/tags?post=7935"}],"curies":[{"name":"wp","href":"https:\/\/api.w.org\/{rel}","templated":true}]}}