{"id":7844,"date":"2020-02-03T11:51:10","date_gmt":"2020-02-03T10:51:10","guid":{"rendered":"https:\/\/barcelona.euses.cat\/?p=7844"},"modified":"2020-02-03T11:51:10","modified_gmt":"2020-02-03T10:51:10","slug":"alumnos-del-grado-en-fisioterapia-de-los-campus-de-bellvitge-y-de-salt-colaboran-en-la-mitja-marato-de-granollers","status":"publish","type":"post","link":"https:\/\/barcelona.euses.cat\/es\/alumnos-del-grado-en-fisioterapia-de-los-campus-de-bellvitge-y-de-salt-colaboran-en-la-mitja-marato-de-granollers\/","title":{"rendered":"Alumnos del grado en Fisioterapia de los campus de\u00a0Bellvitge\u00a0y de Salt colaboran en la Mitja Marat\u00f3 de Granollers"},"content":{"rendered":"<p>Seis estudiantes del Grado en Fisioterapia del Campus de Bellvitge (Hugo Dumas, Coline Roibet, Guillaume Neulet, Alice Cseko, L\u00e9a Hudson y Danielle Borgstrom) y seis m\u00e1s del Campus de Salt (Miquel Girald\u00f3, Nuria de Cruz, Luis Lombardo, Albert Taberner, Aleix Hortelano y Hippolyte Huet) han colaborado en una nueva edici\u00f3n, la 34\u00aa, de una de las pruebas de m\u00e1s relevancia del calendario de atletismo como es la <a href=\"https:\/\/www.lamitja.cat\/\" target=\"_blank\" rel=\"noopener noreferrer\">Mitja Marat\u00f3 de Granollers<\/a> y que ha reunido m\u00e1s de 10.000 participantes repartidos en las diferentes carreras que hab\u00eda programado la organizaci\u00f3n.<br \/>\nLos alumnos de EUSES\u00a0han sido supervisados por un grupo de fisioterapeutas, entre ellos el miembro de EUSES Alumni Fabi\u00e1n Peralta, a la hora de aplicar las t\u00e9cnicas de recuperaci\u00f3n muscular (principalmente masajes y estiramientos) a los deportistas. El servicio de fisioterapia se ha ubicado dentro del pabell\u00f3n ol\u00edmpico de deportes, muy cerca de la llegada, y ha estado muy visitado por los participantes.<\/p>\n\n\t\t<style type=\"text\/css\">\n\t\t\t#gallery-1 {\n\t\t\t\tmargin: auto;\n\t\t\t}\n\t\t\t#gallery-1 .gallery-item {\n\t\t\t\tfloat: left;\n\t\t\t\tmargin-top: 10px;\n\t\t\t\ttext-align: center;\n\t\t\t\twidth: 33%;\n\t\t\t}\n\t\t\t#gallery-1 img {\n\t\t\t\tborder: 2px solid #cfcfcf;\n\t\t\t}\n\t\t\t#gallery-1 .gallery-caption {\n\t\t\t\tmargin-left: 0;\n\t\t\t}\n\t\t\t\/* see gallery_shortcode() in wp-includes\/media.php *\/\n\t\t<\/style>\n\t\t<div id='gallery-1' class='gallery galleryid-7844 gallery-columns-3 gallery-size-thumbnail'><dl class='gallery-item'>\n\t\t\t<dt class='gallery-icon landscape'>\n\t\t\t\t<a href='https:\/\/barcelona.euses.cat\/es\/alumnos-del-grado-en-fisioterapia-de-los-campus-de-bellvitge-y-de-salt-colaboran-en-la-mitja-marato-de-granollers\/mitja-granollers-3-2\/'><img decoding=\"async\" width=\"150\" height=\"150\" src=\"https:\/\/barcelona.euses.cat\/wp-content\/uploads\/2020\/02\/mitja-granollers-3-150x150.jpg\" class=\"attachment-thumbnail size-thumbnail\" alt=\"\" srcset=\"https:\/\/barcelona.euses.cat\/wp-content\/uploads\/2020\/02\/mitja-granollers-3-150x150.jpg 150w, https:\/\/barcelona.euses.cat\/wp-content\/uploads\/2020\/02\/mitja-granollers-3-87x87.jpg 87w, https:\/\/barcelona.euses.cat\/wp-content\/uploads\/2020\/02\/mitja-granollers-3-300x300.jpg 300w, https:\/\/barcelona.euses.cat\/wp-content\/uploads\/2020\/02\/mitja-granollers-3-625x625.jpg 625w\" sizes=\"(max-width: 150px) 100vw, 150px\" \/><\/a>\n\t\t\t<\/dt><\/dl><dl class='gallery-item'>\n\t\t\t<dt class='gallery-icon landscape'>\n\t\t\t\t<a href='https:\/\/barcelona.euses.cat\/es\/alumnos-del-grado-en-fisioterapia-de-los-campus-de-bellvitge-y-de-salt-colaboran-en-la-mitja-marato-de-granollers\/mitja-granollers-1-2\/'><img decoding=\"async\" width=\"150\" height=\"150\" src=\"https:\/\/barcelona.euses.cat\/wp-content\/uploads\/2020\/02\/mitja-granollers-1-150x150.jpg\" class=\"attachment-thumbnail size-thumbnail\" alt=\"\" srcset=\"https:\/\/barcelona.euses.cat\/wp-content\/uploads\/2020\/02\/mitja-granollers-1-150x150.jpg 150w, https:\/\/barcelona.euses.cat\/wp-content\/uploads\/2020\/02\/mitja-granollers-1-87x87.jpg 87w, https:\/\/barcelona.euses.cat\/wp-content\/uploads\/2020\/02\/mitja-granollers-1-300x300.jpg 300w, https:\/\/barcelona.euses.cat\/wp-content\/uploads\/2020\/02\/mitja-granollers-1-625x625.jpg 625w\" sizes=\"(max-width: 150px) 100vw, 150px\" \/><\/a>\n\t\t\t<\/dt><\/dl>\n\t\t\t<br style='clear: both' \/>\n\t\t<\/div>\n\n<p>&nbsp;<\/p>\n","protected":false},"excerpt":{"rendered":"<p>Seis estudiantes del Grado en Fisioterapia del Campus de Bellvitge (Hugo Dumas, Coline Roibet, Guillaume Neulet, Alice Cseko, L\u00e9a Hudson y Danielle Borgstrom) y seis m\u00e1s del Campus de Salt (Miquel Girald\u00f3, Nuria de Cruz, Luis Lombardo, Albert Taberner, Aleix Hortelano y Hippolyte Huet) han colaborado en una nueva edici\u00f3n, la 34\u00aa, de una de [&hellip;]<\/p>\n","protected":false},"author":3,"featured_media":7898,"comment_status":"open","ping_status":"closed","sticky":false,"template":"","format":"standard","meta":{"_acf_changed":false,"inline_featured_image":false,"_joinchat":[],"footnotes":""},"categories":[1],"tags":[],"class_list":["post-7844","post","type-post","status-publish","format-standard","has-post-thumbnail","hentry","category-sin-categorizar"],"acf":[],"yoast_head":"<!-- This site is optimized with the Yoast SEO plugin v27.4 - https:\/\/yoast.com\/product\/yoast-seo-wordpress\/ -->\n<title>Alumnos del grado en Fisioterapia de los campus de\u00a0Bellvitge\u00a0y de Salt colaboran en la Mitja Marat\u00f3 de Granollers | EUSES - Campus de Bellvitge (Barcelona)<\/title>\n<meta name=\"robots\" content=\"index, follow, max-snippet:-1, max-image-preview:large, max-video-preview:-1\" \/>\n<link rel=\"canonical\" href=\"https:\/\/barcelona.euses.cat\/es\/alumnos-del-grado-en-fisioterapia-de-los-campus-de-bellvitge-y-de-salt-colaboran-en-la-mitja-marato-de-granollers\/\" \/>\n<meta property=\"og:locale\" content=\"es_ES\" \/>\n<meta property=\"og:type\" content=\"article\" \/>\n<meta property=\"og:title\" content=\"Alumnos del grado en Fisioterapia de los campus de\u00a0Bellvitge\u00a0y de Salt colaboran en la Mitja Marat\u00f3 de Granollers | EUSES - Campus de Bellvitge (Barcelona)\" \/>\n<meta property=\"og:description\" content=\"Seis estudiantes del Grado en Fisioterapia del Campus de Bellvitge (Hugo Dumas, Coline Roibet, Guillaume Neulet, Alice Cseko, L\u00e9a Hudson y Danielle Borgstrom) y seis m\u00e1s del Campus de Salt (Miquel Girald\u00f3, Nuria de Cruz, Luis Lombardo, Albert Taberner, Aleix Hortelano y Hippolyte Huet) han colaborado en una nueva edici\u00f3n, la 34\u00aa, de una de [&hellip;]\" \/>\n<meta property=\"og:url\" content=\"https:\/\/barcelona.euses.cat\/es\/alumnos-del-grado-en-fisioterapia-de-los-campus-de-bellvitge-y-de-salt-colaboran-en-la-mitja-marato-de-granollers\/\" \/>\n<meta property=\"og:site_name\" content=\"EUSES - Campus de Bellvitge (Barcelona)\" \/>\n<meta property=\"article:publisher\" content=\"https:\/\/www.facebook.com\/PhysioBCN\/\" \/>\n<meta property=\"article:published_time\" content=\"2020-02-03T10:51:10+00:00\" \/>\n<meta property=\"og:image\" content=\"https:\/\/barcelona.euses.cat\/wp-content\/uploads\/2020\/02\/gragra-768x1024.jpg\" \/>\n\t<meta property=\"og:image:width\" content=\"768\" \/>\n\t<meta property=\"og:image:height\" content=\"1024\" \/>\n\t<meta property=\"og:image:type\" content=\"image\/jpeg\" \/>\n<meta name=\"author\" content=\"Jordi Danes\" \/>\n<meta name=\"twitter:card\" content=\"summary_large_image\" \/>\n<meta name=\"twitter:label1\" content=\"Escrito por\" \/>\n\t<meta name=\"twitter:data1\" content=\"Jordi Danes\" \/>\n\t<meta name=\"twitter:label2\" content=\"Tiempo de lectura\" \/>\n\t<meta name=\"twitter:data2\" content=\"1 minuto\" \/>\n<script type=\"application\/ld+json\" class=\"yoast-schema-graph\">{\"@context\":\"https:\\\/\\\/schema.org\",\"@graph\":[{\"@type\":\"Article\",\"@id\":\"https:\\\/\\\/barcelona.euses.cat\\\/es\\\/alumnos-del-grado-en-fisioterapia-de-los-campus-de-bellvitge-y-de-salt-colaboran-en-la-mitja-marato-de-granollers\\\/#article\",\"isPartOf\":{\"@id\":\"https:\\\/\\\/barcelona.euses.cat\\\/es\\\/alumnos-del-grado-en-fisioterapia-de-los-campus-de-bellvitge-y-de-salt-colaboran-en-la-mitja-marato-de-granollers\\\/\"},\"author\":{\"name\":\"Jordi Danes\",\"@id\":\"https:\\\/\\\/barcelona.euses.cat\\\/ca\\\/#\\\/schema\\\/person\\\/8ab46080dfc4814fa59383db317735bd\"},\"headline\":\"Alumnos del grado en Fisioterapia de los campus de\u00a0Bellvitge\u00a0y de Salt colaboran en la Mitja Marat\u00f3 de Granollers\",\"datePublished\":\"2020-02-03T10:51:10+00:00\",\"mainEntityOfPage\":{\"@id\":\"https:\\\/\\\/barcelona.euses.cat\\\/es\\\/alumnos-del-grado-en-fisioterapia-de-los-campus-de-bellvitge-y-de-salt-colaboran-en-la-mitja-marato-de-granollers\\\/\"},\"wordCount\":186,\"commentCount\":0,\"image\":{\"@id\":\"https:\\\/\\\/barcelona.euses.cat\\\/es\\\/alumnos-del-grado-en-fisioterapia-de-los-campus-de-bellvitge-y-de-salt-colaboran-en-la-mitja-marato-de-granollers\\\/#primaryimage\"},\"thumbnailUrl\":\"https:\\\/\\\/barcelona.euses.cat\\\/wp-content\\\/uploads\\\/2020\\\/02\\\/gragra.jpg\",\"articleSection\":[\"Sin categorizar\"],\"inLanguage\":\"es\"},{\"@type\":\"WebPage\",\"@id\":\"https:\\\/\\\/barcelona.euses.cat\\\/es\\\/alumnos-del-grado-en-fisioterapia-de-los-campus-de-bellvitge-y-de-salt-colaboran-en-la-mitja-marato-de-granollers\\\/\",\"url\":\"https:\\\/\\\/barcelona.euses.cat\\\/es\\\/alumnos-del-grado-en-fisioterapia-de-los-campus-de-bellvitge-y-de-salt-colaboran-en-la-mitja-marato-de-granollers\\\/\",\"name\":\"Alumnos del grado en Fisioterapia de los campus de\u00a0Bellvitge\u00a0y de Salt colaboran en la Mitja Marat\u00f3 de Granollers | EUSES - Campus de Bellvitge (Barcelona)\",\"isPartOf\":{\"@id\":\"https:\\\/\\\/barcelona.euses.cat\\\/ca\\\/#website\"},\"primaryImageOfPage\":{\"@id\":\"https:\\\/\\\/barcelona.euses.cat\\\/es\\\/alumnos-del-grado-en-fisioterapia-de-los-campus-de-bellvitge-y-de-salt-colaboran-en-la-mitja-marato-de-granollers\\\/#primaryimage\"},\"image\":{\"@id\":\"https:\\\/\\\/barcelona.euses.cat\\\/es\\\/alumnos-del-grado-en-fisioterapia-de-los-campus-de-bellvitge-y-de-salt-colaboran-en-la-mitja-marato-de-granollers\\\/#primaryimage\"},\"thumbnailUrl\":\"https:\\\/\\\/barcelona.euses.cat\\\/wp-content\\\/uploads\\\/2020\\\/02\\\/gragra.jpg\",\"datePublished\":\"2020-02-03T10:51:10+00:00\",\"author\":{\"@id\":\"https:\\\/\\\/barcelona.euses.cat\\\/ca\\\/#\\\/schema\\\/person\\\/8ab46080dfc4814fa59383db317735bd\"},\"breadcrumb\":{\"@id\":\"https:\\\/\\\/barcelona.euses.cat\\\/es\\\/alumnos-del-grado-en-fisioterapia-de-los-campus-de-bellvitge-y-de-salt-colaboran-en-la-mitja-marato-de-granollers\\\/#breadcrumb\"},\"inLanguage\":\"es\",\"potentialAction\":[{\"@type\":\"ReadAction\",\"target\":[\"https:\\\/\\\/barcelona.euses.cat\\\/es\\\/alumnos-del-grado-en-fisioterapia-de-los-campus-de-bellvitge-y-de-salt-colaboran-en-la-mitja-marato-de-granollers\\\/\"]}]},{\"@type\":\"ImageObject\",\"inLanguage\":\"es\",\"@id\":\"https:\\\/\\\/barcelona.euses.cat\\\/es\\\/alumnos-del-grado-en-fisioterapia-de-los-campus-de-bellvitge-y-de-salt-colaboran-en-la-mitja-marato-de-granollers\\\/#primaryimage\",\"url\":\"https:\\\/\\\/barcelona.euses.cat\\\/wp-content\\\/uploads\\\/2020\\\/02\\\/gragra.jpg\",\"contentUrl\":\"https:\\\/\\\/barcelona.euses.cat\\\/wp-content\\\/uploads\\\/2020\\\/02\\\/gragra.jpg\",\"width\":3000,\"height\":4000},{\"@type\":\"BreadcrumbList\",\"@id\":\"https:\\\/\\\/barcelona.euses.cat\\\/es\\\/alumnos-del-grado-en-fisioterapia-de-los-campus-de-bellvitge-y-de-salt-colaboran-en-la-mitja-marato-de-granollers\\\/#breadcrumb\",\"itemListElement\":[{\"@type\":\"ListItem\",\"position\":1,\"name\":\"Portada\",\"item\":\"https:\\\/\\\/barcelona.euses.cat\\\/es\\\/\"},{\"@type\":\"ListItem\",\"position\":2,\"name\":\"Alumnos del grado en Fisioterapia de los campus de\u00a0Bellvitge\u00a0y de Salt colaboran en la Mitja Marat\u00f3 de Granollers\"}]},{\"@type\":\"WebSite\",\"@id\":\"https:\\\/\\\/barcelona.euses.cat\\\/ca\\\/#website\",\"url\":\"https:\\\/\\\/barcelona.euses.cat\\\/ca\\\/\",\"name\":\"EUSES - Campus de Bellvitge (Barcelona)\",\"description\":\"EUSES, Escuela Universitaria de Fisioterapia Internacional en Barcelona\",\"potentialAction\":[{\"@type\":\"SearchAction\",\"target\":{\"@type\":\"EntryPoint\",\"urlTemplate\":\"https:\\\/\\\/barcelona.euses.cat\\\/ca\\\/?s={search_term_string}\"},\"query-input\":{\"@type\":\"PropertyValueSpecification\",\"valueRequired\":true,\"valueName\":\"search_term_string\"}}],\"inLanguage\":\"es\"},{\"@type\":\"Person\",\"@id\":\"https:\\\/\\\/barcelona.euses.cat\\\/ca\\\/#\\\/schema\\\/person\\\/8ab46080dfc4814fa59383db317735bd\",\"name\":\"Jordi Danes\",\"image\":{\"@type\":\"ImageObject\",\"inLanguage\":\"es\",\"@id\":\"https:\\\/\\\/secure.gravatar.com\\\/avatar\\\/a9e4f443b594af225625ee8cfa665e41b1e0740ea34fbe0515b4ca559f8570ef?s=96&d=mm&r=g\",\"url\":\"https:\\\/\\\/secure.gravatar.com\\\/avatar\\\/a9e4f443b594af225625ee8cfa665e41b1e0740ea34fbe0515b4ca559f8570ef?s=96&d=mm&r=g\",\"contentUrl\":\"https:\\\/\\\/secure.gravatar.com\\\/avatar\\\/a9e4f443b594af225625ee8cfa665e41b1e0740ea34fbe0515b4ca559f8570ef?s=96&d=mm&r=g\",\"caption\":\"Jordi Danes\"},\"url\":\"https:\\\/\\\/barcelona.euses.cat\\\/es\\\/author\\\/jordi-danes\\\/\"}]}<\/script>\n<!-- \/ Yoast SEO plugin. -->","yoast_head_json":{"title":"Alumnos del grado en Fisioterapia de los campus de\u00a0Bellvitge\u00a0y de Salt colaboran en la Mitja Marat\u00f3 de Granollers | EUSES - Campus de Bellvitge (Barcelona)","robots":{"index":"index","follow":"follow","max-snippet":"max-snippet:-1","max-image-preview":"max-image-preview:large","max-video-preview":"max-video-preview:-1"},"canonical":"https:\/\/barcelona.euses.cat\/es\/alumnos-del-grado-en-fisioterapia-de-los-campus-de-bellvitge-y-de-salt-colaboran-en-la-mitja-marato-de-granollers\/","og_locale":"es_ES","og_type":"article","og_title":"Alumnos del grado en Fisioterapia de los campus de\u00a0Bellvitge\u00a0y de Salt colaboran en la Mitja Marat\u00f3 de Granollers | EUSES - Campus de Bellvitge (Barcelona)","og_description":"Seis estudiantes del Grado en Fisioterapia del Campus de Bellvitge (Hugo Dumas, Coline Roibet, Guillaume Neulet, Alice Cseko, L\u00e9a Hudson y Danielle Borgstrom) y seis m\u00e1s del Campus de Salt (Miquel Girald\u00f3, Nuria de Cruz, Luis Lombardo, Albert Taberner, Aleix Hortelano y Hippolyte Huet) han colaborado en una nueva edici\u00f3n, la 34\u00aa, de una de [&hellip;]","og_url":"https:\/\/barcelona.euses.cat\/es\/alumnos-del-grado-en-fisioterapia-de-los-campus-de-bellvitge-y-de-salt-colaboran-en-la-mitja-marato-de-granollers\/","og_site_name":"EUSES - Campus de Bellvitge (Barcelona)","article_publisher":"https:\/\/www.facebook.com\/PhysioBCN\/","article_published_time":"2020-02-03T10:51:10+00:00","og_image":[{"width":768,"height":1024,"url":"https:\/\/barcelona.euses.cat\/wp-content\/uploads\/2020\/02\/gragra-768x1024.jpg","type":"image\/jpeg"}],"author":"Jordi Danes","twitter_card":"summary_large_image","twitter_misc":{"Escrito por":"Jordi Danes","Tiempo de lectura":"1 minuto"},"schema":{"@context":"https:\/\/schema.org","@graph":[{"@type":"Article","@id":"https:\/\/barcelona.euses.cat\/es\/alumnos-del-grado-en-fisioterapia-de-los-campus-de-bellvitge-y-de-salt-colaboran-en-la-mitja-marato-de-granollers\/#article","isPartOf":{"@id":"https:\/\/barcelona.euses.cat\/es\/alumnos-del-grado-en-fisioterapia-de-los-campus-de-bellvitge-y-de-salt-colaboran-en-la-mitja-marato-de-granollers\/"},"author":{"name":"Jordi Danes","@id":"https:\/\/barcelona.euses.cat\/ca\/#\/schema\/person\/8ab46080dfc4814fa59383db317735bd"},"headline":"Alumnos del grado en Fisioterapia de los campus de\u00a0Bellvitge\u00a0y de Salt colaboran en la Mitja Marat\u00f3 de Granollers","datePublished":"2020-02-03T10:51:10+00:00","mainEntityOfPage":{"@id":"https:\/\/barcelona.euses.cat\/es\/alumnos-del-grado-en-fisioterapia-de-los-campus-de-bellvitge-y-de-salt-colaboran-en-la-mitja-marato-de-granollers\/"},"wordCount":186,"commentCount":0,"image":{"@id":"https:\/\/barcelona.euses.cat\/es\/alumnos-del-grado-en-fisioterapia-de-los-campus-de-bellvitge-y-de-salt-colaboran-en-la-mitja-marato-de-granollers\/#primaryimage"},"thumbnailUrl":"https:\/\/barcelona.euses.cat\/wp-content\/uploads\/2020\/02\/gragra.jpg","articleSection":["Sin categorizar"],"inLanguage":"es"},{"@type":"WebPage","@id":"https:\/\/barcelona.euses.cat\/es\/alumnos-del-grado-en-fisioterapia-de-los-campus-de-bellvitge-y-de-salt-colaboran-en-la-mitja-marato-de-granollers\/","url":"https:\/\/barcelona.euses.cat\/es\/alumnos-del-grado-en-fisioterapia-de-los-campus-de-bellvitge-y-de-salt-colaboran-en-la-mitja-marato-de-granollers\/","name":"Alumnos del grado en Fisioterapia de los campus de\u00a0Bellvitge\u00a0y de Salt colaboran en la Mitja Marat\u00f3 de Granollers | EUSES - Campus de Bellvitge (Barcelona)","isPartOf":{"@id":"https:\/\/barcelona.euses.cat\/ca\/#website"},"primaryImageOfPage":{"@id":"https:\/\/barcelona.euses.cat\/es\/alumnos-del-grado-en-fisioterapia-de-los-campus-de-bellvitge-y-de-salt-colaboran-en-la-mitja-marato-de-granollers\/#primaryimage"},"image":{"@id":"https:\/\/barcelona.euses.cat\/es\/alumnos-del-grado-en-fisioterapia-de-los-campus-de-bellvitge-y-de-salt-colaboran-en-la-mitja-marato-de-granollers\/#primaryimage"},"thumbnailUrl":"https:\/\/barcelona.euses.cat\/wp-content\/uploads\/2020\/02\/gragra.jpg","datePublished":"2020-02-03T10:51:10+00:00","author":{"@id":"https:\/\/barcelona.euses.cat\/ca\/#\/schema\/person\/8ab46080dfc4814fa59383db317735bd"},"breadcrumb":{"@id":"https:\/\/barcelona.euses.cat\/es\/alumnos-del-grado-en-fisioterapia-de-los-campus-de-bellvitge-y-de-salt-colaboran-en-la-mitja-marato-de-granollers\/#breadcrumb"},"inLanguage":"es","potentialAction":[{"@type":"ReadAction","target":["https:\/\/barcelona.euses.cat\/es\/alumnos-del-grado-en-fisioterapia-de-los-campus-de-bellvitge-y-de-salt-colaboran-en-la-mitja-marato-de-granollers\/"]}]},{"@type":"ImageObject","inLanguage":"es","@id":"https:\/\/barcelona.euses.cat\/es\/alumnos-del-grado-en-fisioterapia-de-los-campus-de-bellvitge-y-de-salt-colaboran-en-la-mitja-marato-de-granollers\/#primaryimage","url":"https:\/\/barcelona.euses.cat\/wp-content\/uploads\/2020\/02\/gragra.jpg","contentUrl":"https:\/\/barcelona.euses.cat\/wp-content\/uploads\/2020\/02\/gragra.jpg","width":3000,"height":4000},{"@type":"BreadcrumbList","@id":"https:\/\/barcelona.euses.cat\/es\/alumnos-del-grado-en-fisioterapia-de-los-campus-de-bellvitge-y-de-salt-colaboran-en-la-mitja-marato-de-granollers\/#breadcrumb","itemListElement":[{"@type":"ListItem","position":1,"name":"Portada","item":"https:\/\/barcelona.euses.cat\/es\/"},{"@type":"ListItem","position":2,"name":"Alumnos del grado en Fisioterapia de los campus de\u00a0Bellvitge\u00a0y de Salt colaboran en la Mitja Marat\u00f3 de Granollers"}]},{"@type":"WebSite","@id":"https:\/\/barcelona.euses.cat\/ca\/#website","url":"https:\/\/barcelona.euses.cat\/ca\/","name":"EUSES - Campus de Bellvitge (Barcelona)","description":"EUSES, Escuela Universitaria de Fisioterapia Internacional en Barcelona","potentialAction":[{"@type":"SearchAction","target":{"@type":"EntryPoint","urlTemplate":"https:\/\/barcelona.euses.cat\/ca\/?s={search_term_string}"},"query-input":{"@type":"PropertyValueSpecification","valueRequired":true,"valueName":"search_term_string"}}],"inLanguage":"es"},{"@type":"Person","@id":"https:\/\/barcelona.euses.cat\/ca\/#\/schema\/person\/8ab46080dfc4814fa59383db317735bd","name":"Jordi Danes","image":{"@type":"ImageObject","inLanguage":"es","@id":"https:\/\/secure.gravatar.com\/avatar\/a9e4f443b594af225625ee8cfa665e41b1e0740ea34fbe0515b4ca559f8570ef?s=96&d=mm&r=g","url":"https:\/\/secure.gravatar.com\/avatar\/a9e4f443b594af225625ee8cfa665e41b1e0740ea34fbe0515b4ca559f8570ef?s=96&d=mm&r=g","contentUrl":"https:\/\/secure.gravatar.com\/avatar\/a9e4f443b594af225625ee8cfa665e41b1e0740ea34fbe0515b4ca559f8570ef?s=96&d=mm&r=g","caption":"Jordi Danes"},"url":"https:\/\/barcelona.euses.cat\/es\/author\/jordi-danes\/"}]}},"_links":{"self":[{"href":"https:\/\/barcelona.euses.cat\/es\/wp-json\/wp\/v2\/posts\/7844","targetHints":{"allow":["GET"]}}],"collection":[{"href":"https:\/\/barcelona.euses.cat\/es\/wp-json\/wp\/v2\/posts"}],"about":[{"href":"https:\/\/barcelona.euses.cat\/es\/wp-json\/wp\/v2\/types\/post"}],"author":[{"embeddable":true,"href":"https:\/\/barcelona.euses.cat\/es\/wp-json\/wp\/v2\/users\/3"}],"replies":[{"embeddable":true,"href":"https:\/\/barcelona.euses.cat\/es\/wp-json\/wp\/v2\/comments?post=7844"}],"version-history":[{"count":2,"href":"https:\/\/barcelona.euses.cat\/es\/wp-json\/wp\/v2\/posts\/7844\/revisions"}],"predecessor-version":[{"id":7903,"href":"https:\/\/barcelona.euses.cat\/es\/wp-json\/wp\/v2\/posts\/7844\/revisions\/7903"}],"wp:featuredmedia":[{"embeddable":true,"href":"https:\/\/barcelona.euses.cat\/es\/wp-json\/wp\/v2\/media\/7898"}],"wp:attachment":[{"href":"https:\/\/barcelona.euses.cat\/es\/wp-json\/wp\/v2\/media?parent=7844"}],"wp:term":[{"taxonomy":"category","embeddable":true,"href":"https:\/\/barcelona.euses.cat\/es\/wp-json\/wp\/v2\/categories?post=7844"},{"taxonomy":"post_tag","embeddable":true,"href":"https:\/\/barcelona.euses.cat\/es\/wp-json\/wp\/v2\/tags?post=7844"}],"curies":[{"name":"wp","href":"https:\/\/api.w.org\/{rel}","templated":true}]}}