{"id":7407,"date":"2019-11-29T11:32:34","date_gmt":"2019-11-29T10:32:34","guid":{"rendered":"https:\/\/barcelona.euses.cat\/?p=7407"},"modified":"2019-12-01T19:58:11","modified_gmt":"2019-12-01T18:58:11","slug":"el-profesor-graham-sinclair-contribuye-con-un-capitulo-al-libro-dedicado-al-grupo-musical-the-clash","status":"publish","type":"post","link":"https:\/\/barcelona.euses.cat\/es\/el-profesor-graham-sinclair-contribuye-con-un-capitulo-al-libro-dedicado-al-grupo-musical-the-clash\/","title":{"rendered":"Los profesores  Graham Sinclair y Nathalie Pr\u00e9vot contribuyen con un cap\u00edtulo al libro dedicado al grupo musical The Clash"},"content":{"rendered":"<p class=\"western\" lang=\"fr-FR\"><span lang=\"es-ES\">El profesor de EUSES Graham Sinclair, que imparte docencia en los grados de CAFE y de Fisioterapia del Campus de Salt i de Fisioterapia Internacional en el Campus de Bellvitge, y Nathalie Pr\u00e9vot, profesora del grado de Fisioterapia a Salt, han contribuido con el cap\u00edtulo \u201cThe Clash Sell Out: Negotiating Space in the Ideological Superstructure\u201d al libro \u201c<a href=\"https:\/\/www.bloomsbury.com\/uk\/the-clash-takes-on-the-world-9781501348099\/\" target=\"_blank\" rel=\"noopener noreferrer\">The Clash Takes on the World: transnational perspectives on the only band that matters<\/a>\u201d, editado por <a href=\"https:\/\/www.bloomsbury.com\/academic\/\">Bloomsbury Academic<\/a>, una de las principales editoriales brit\u00e1nicas. El libro, que trata sobre la m\u00fasica i la pol\u00edtica del grupo musical <a href=\"https:\/\/www.theclash.com\/landing\" target=\"_blank\" rel=\"noopener noreferrer\">The Clash<\/a>, ha tenido una gran aceptaci\u00f3n y la editorial, tras publicarlo en tapa dura, ha hecho una segunda edici\u00f3n en tapa blanda. En el cap\u00edtulo escrito por Graham Sinclair y Nathalie Pr\u00e9vot, los docentes usan un enfoque interseccional para analizar el significado del grupo dentro de su contexto social y su relaci\u00f3n a veces contradictoria con la industria de la m\u00fasica.<\/span><\/p>\n<p lang=\"fr-FR\">\n","protected":false},"excerpt":{"rendered":"<p>El profesor de EUSES Graham Sinclair, que imparte docencia en los grados de CAFE y de Fisioterapia del Campus de Salt i de Fisioterapia Internacional en el Campus de Bellvitge, y Nathalie Pr\u00e9vot, profesora del grado de Fisioterapia a Salt, han contribuido con el cap\u00edtulo \u201cThe Clash Sell Out: Negotiating Space in the Ideological Superstructure\u201d [&hellip;]<\/p>\n","protected":false},"author":3,"featured_media":549,"comment_status":"open","ping_status":"closed","sticky":false,"template":"","format":"standard","meta":{"_acf_changed":false,"inline_featured_image":false,"_joinchat":[],"footnotes":""},"categories":[1],"tags":[],"class_list":["post-7407","post","type-post","status-publish","format-standard","has-post-thumbnail","hentry","category-sin-categorizar"],"acf":[],"yoast_head":"<!-- This site is optimized with the Yoast SEO plugin v27.4 - https:\/\/yoast.com\/product\/yoast-seo-wordpress\/ -->\n<title>Los profesores Graham Sinclair y Nathalie Pr\u00e9vot contribuyen con un cap\u00edtulo al libro dedicado al grupo musical The Clash | EUSES - Campus de Bellvitge (Barcelona)<\/title>\n<meta name=\"robots\" content=\"index, follow, max-snippet:-1, max-image-preview:large, max-video-preview:-1\" \/>\n<link rel=\"canonical\" href=\"https:\/\/barcelona.euses.cat\/es\/el-profesor-graham-sinclair-contribuye-con-un-capitulo-al-libro-dedicado-al-grupo-musical-the-clash\/\" \/>\n<meta property=\"og:locale\" content=\"es_ES\" \/>\n<meta property=\"og:type\" content=\"article\" \/>\n<meta property=\"og:title\" content=\"Los profesores Graham Sinclair y Nathalie Pr\u00e9vot contribuyen con un cap\u00edtulo al libro dedicado al grupo musical The Clash | EUSES - Campus de Bellvitge (Barcelona)\" \/>\n<meta property=\"og:description\" content=\"El profesor de EUSES Graham Sinclair, que imparte docencia en los grados de CAFE y de Fisioterapia del Campus de Salt i de Fisioterapia Internacional en el Campus de Bellvitge, y Nathalie Pr\u00e9vot, profesora del grado de Fisioterapia a Salt, han contribuido con el cap\u00edtulo \u201cThe Clash Sell Out: Negotiating Space in the Ideological Superstructure\u201d [&hellip;]\" \/>\n<meta property=\"og:url\" content=\"https:\/\/barcelona.euses.cat\/es\/el-profesor-graham-sinclair-contribuye-con-un-capitulo-al-libro-dedicado-al-grupo-musical-the-clash\/\" \/>\n<meta property=\"og:site_name\" content=\"EUSES - Campus de Bellvitge (Barcelona)\" \/>\n<meta property=\"article:publisher\" content=\"https:\/\/www.facebook.com\/PhysioBCN\/\" \/>\n<meta property=\"article:published_time\" content=\"2019-11-29T10:32:34+00:00\" \/>\n<meta property=\"article:modified_time\" content=\"2019-12-01T18:58:11+00:00\" \/>\n<meta property=\"og:image\" content=\"https:\/\/barcelona.euses.cat\/wp-content\/uploads\/2019\/01\/Graham-Murray-2-e1447929519973.jpg\" \/>\n\t<meta property=\"og:image:width\" content=\"1021\" \/>\n\t<meta property=\"og:image:height\" content=\"1021\" \/>\n\t<meta property=\"og:image:type\" content=\"image\/jpeg\" \/>\n<meta name=\"author\" content=\"Jordi Danes\" \/>\n<meta name=\"twitter:card\" content=\"summary_large_image\" \/>\n<meta name=\"twitter:label1\" content=\"Escrito por\" \/>\n\t<meta name=\"twitter:data1\" content=\"Jordi Danes\" \/>\n\t<meta name=\"twitter:label2\" content=\"Tiempo de lectura\" \/>\n\t<meta name=\"twitter:data2\" content=\"1 minuto\" \/>\n<script type=\"application\/ld+json\" class=\"yoast-schema-graph\">{\"@context\":\"https:\\\/\\\/schema.org\",\"@graph\":[{\"@type\":\"Article\",\"@id\":\"https:\\\/\\\/barcelona.euses.cat\\\/es\\\/el-profesor-graham-sinclair-contribuye-con-un-capitulo-al-libro-dedicado-al-grupo-musical-the-clash\\\/#article\",\"isPartOf\":{\"@id\":\"https:\\\/\\\/barcelona.euses.cat\\\/es\\\/el-profesor-graham-sinclair-contribuye-con-un-capitulo-al-libro-dedicado-al-grupo-musical-the-clash\\\/\"},\"author\":{\"name\":\"Jordi Danes\",\"@id\":\"https:\\\/\\\/barcelona.euses.cat\\\/ca\\\/#\\\/schema\\\/person\\\/8ab46080dfc4814fa59383db317735bd\"},\"headline\":\"Los profesores Graham Sinclair y Nathalie Pr\u00e9vot contribuyen con un cap\u00edtulo al libro dedicado al grupo musical The Clash\",\"datePublished\":\"2019-11-29T10:32:34+00:00\",\"dateModified\":\"2019-12-01T18:58:11+00:00\",\"mainEntityOfPage\":{\"@id\":\"https:\\\/\\\/barcelona.euses.cat\\\/es\\\/el-profesor-graham-sinclair-contribuye-con-un-capitulo-al-libro-dedicado-al-grupo-musical-the-clash\\\/\"},\"wordCount\":188,\"commentCount\":0,\"image\":{\"@id\":\"https:\\\/\\\/barcelona.euses.cat\\\/es\\\/el-profesor-graham-sinclair-contribuye-con-un-capitulo-al-libro-dedicado-al-grupo-musical-the-clash\\\/#primaryimage\"},\"thumbnailUrl\":\"https:\\\/\\\/barcelona.euses.cat\\\/wp-content\\\/uploads\\\/2019\\\/01\\\/Graham-Murray-2-e1447929519973.jpg\",\"articleSection\":[\"Sin categorizar\"],\"inLanguage\":\"es\"},{\"@type\":\"WebPage\",\"@id\":\"https:\\\/\\\/barcelona.euses.cat\\\/es\\\/el-profesor-graham-sinclair-contribuye-con-un-capitulo-al-libro-dedicado-al-grupo-musical-the-clash\\\/\",\"url\":\"https:\\\/\\\/barcelona.euses.cat\\\/es\\\/el-profesor-graham-sinclair-contribuye-con-un-capitulo-al-libro-dedicado-al-grupo-musical-the-clash\\\/\",\"name\":\"Los profesores Graham Sinclair y Nathalie Pr\u00e9vot contribuyen con un cap\u00edtulo al libro dedicado al grupo musical The Clash | EUSES - Campus de Bellvitge (Barcelona)\",\"isPartOf\":{\"@id\":\"https:\\\/\\\/barcelona.euses.cat\\\/ca\\\/#website\"},\"primaryImageOfPage\":{\"@id\":\"https:\\\/\\\/barcelona.euses.cat\\\/es\\\/el-profesor-graham-sinclair-contribuye-con-un-capitulo-al-libro-dedicado-al-grupo-musical-the-clash\\\/#primaryimage\"},\"image\":{\"@id\":\"https:\\\/\\\/barcelona.euses.cat\\\/es\\\/el-profesor-graham-sinclair-contribuye-con-un-capitulo-al-libro-dedicado-al-grupo-musical-the-clash\\\/#primaryimage\"},\"thumbnailUrl\":\"https:\\\/\\\/barcelona.euses.cat\\\/wp-content\\\/uploads\\\/2019\\\/01\\\/Graham-Murray-2-e1447929519973.jpg\",\"datePublished\":\"2019-11-29T10:32:34+00:00\",\"dateModified\":\"2019-12-01T18:58:11+00:00\",\"author\":{\"@id\":\"https:\\\/\\\/barcelona.euses.cat\\\/ca\\\/#\\\/schema\\\/person\\\/8ab46080dfc4814fa59383db317735bd\"},\"breadcrumb\":{\"@id\":\"https:\\\/\\\/barcelona.euses.cat\\\/es\\\/el-profesor-graham-sinclair-contribuye-con-un-capitulo-al-libro-dedicado-al-grupo-musical-the-clash\\\/#breadcrumb\"},\"inLanguage\":\"es\",\"potentialAction\":[{\"@type\":\"ReadAction\",\"target\":[\"https:\\\/\\\/barcelona.euses.cat\\\/es\\\/el-profesor-graham-sinclair-contribuye-con-un-capitulo-al-libro-dedicado-al-grupo-musical-the-clash\\\/\"]}]},{\"@type\":\"ImageObject\",\"inLanguage\":\"es\",\"@id\":\"https:\\\/\\\/barcelona.euses.cat\\\/es\\\/el-profesor-graham-sinclair-contribuye-con-un-capitulo-al-libro-dedicado-al-grupo-musical-the-clash\\\/#primaryimage\",\"url\":\"https:\\\/\\\/barcelona.euses.cat\\\/wp-content\\\/uploads\\\/2019\\\/01\\\/Graham-Murray-2-e1447929519973.jpg\",\"contentUrl\":\"https:\\\/\\\/barcelona.euses.cat\\\/wp-content\\\/uploads\\\/2019\\\/01\\\/Graham-Murray-2-e1447929519973.jpg\",\"width\":1021,\"height\":1021},{\"@type\":\"BreadcrumbList\",\"@id\":\"https:\\\/\\\/barcelona.euses.cat\\\/es\\\/el-profesor-graham-sinclair-contribuye-con-un-capitulo-al-libro-dedicado-al-grupo-musical-the-clash\\\/#breadcrumb\",\"itemListElement\":[{\"@type\":\"ListItem\",\"position\":1,\"name\":\"Portada\",\"item\":\"https:\\\/\\\/barcelona.euses.cat\\\/es\\\/\"},{\"@type\":\"ListItem\",\"position\":2,\"name\":\"Los profesores Graham Sinclair y Nathalie Pr\u00e9vot contribuyen con un cap\u00edtulo al libro dedicado al grupo musical The Clash\"}]},{\"@type\":\"WebSite\",\"@id\":\"https:\\\/\\\/barcelona.euses.cat\\\/ca\\\/#website\",\"url\":\"https:\\\/\\\/barcelona.euses.cat\\\/ca\\\/\",\"name\":\"EUSES - Campus de Bellvitge (Barcelona)\",\"description\":\"EUSES, Escuela Universitaria de Fisioterapia Internacional en Barcelona\",\"potentialAction\":[{\"@type\":\"SearchAction\",\"target\":{\"@type\":\"EntryPoint\",\"urlTemplate\":\"https:\\\/\\\/barcelona.euses.cat\\\/ca\\\/?s={search_term_string}\"},\"query-input\":{\"@type\":\"PropertyValueSpecification\",\"valueRequired\":true,\"valueName\":\"search_term_string\"}}],\"inLanguage\":\"es\"},{\"@type\":\"Person\",\"@id\":\"https:\\\/\\\/barcelona.euses.cat\\\/ca\\\/#\\\/schema\\\/person\\\/8ab46080dfc4814fa59383db317735bd\",\"name\":\"Jordi Danes\",\"image\":{\"@type\":\"ImageObject\",\"inLanguage\":\"es\",\"@id\":\"https:\\\/\\\/secure.gravatar.com\\\/avatar\\\/a9e4f443b594af225625ee8cfa665e41b1e0740ea34fbe0515b4ca559f8570ef?s=96&d=mm&r=g\",\"url\":\"https:\\\/\\\/secure.gravatar.com\\\/avatar\\\/a9e4f443b594af225625ee8cfa665e41b1e0740ea34fbe0515b4ca559f8570ef?s=96&d=mm&r=g\",\"contentUrl\":\"https:\\\/\\\/secure.gravatar.com\\\/avatar\\\/a9e4f443b594af225625ee8cfa665e41b1e0740ea34fbe0515b4ca559f8570ef?s=96&d=mm&r=g\",\"caption\":\"Jordi Danes\"},\"url\":\"https:\\\/\\\/barcelona.euses.cat\\\/es\\\/author\\\/jordi-danes\\\/\"}]}<\/script>\n<!-- \/ Yoast SEO plugin. -->","yoast_head_json":{"title":"Los profesores Graham Sinclair y Nathalie Pr\u00e9vot contribuyen con un cap\u00edtulo al libro dedicado al grupo musical The Clash | EUSES - Campus de Bellvitge (Barcelona)","robots":{"index":"index","follow":"follow","max-snippet":"max-snippet:-1","max-image-preview":"max-image-preview:large","max-video-preview":"max-video-preview:-1"},"canonical":"https:\/\/barcelona.euses.cat\/es\/el-profesor-graham-sinclair-contribuye-con-un-capitulo-al-libro-dedicado-al-grupo-musical-the-clash\/","og_locale":"es_ES","og_type":"article","og_title":"Los profesores Graham Sinclair y Nathalie Pr\u00e9vot contribuyen con un cap\u00edtulo al libro dedicado al grupo musical The Clash | EUSES - Campus de Bellvitge (Barcelona)","og_description":"El profesor de EUSES Graham Sinclair, que imparte docencia en los grados de CAFE y de Fisioterapia del Campus de Salt i de Fisioterapia Internacional en el Campus de Bellvitge, y Nathalie Pr\u00e9vot, profesora del grado de Fisioterapia a Salt, han contribuido con el cap\u00edtulo \u201cThe Clash Sell Out: Negotiating Space in the Ideological Superstructure\u201d [&hellip;]","og_url":"https:\/\/barcelona.euses.cat\/es\/el-profesor-graham-sinclair-contribuye-con-un-capitulo-al-libro-dedicado-al-grupo-musical-the-clash\/","og_site_name":"EUSES - Campus de Bellvitge (Barcelona)","article_publisher":"https:\/\/www.facebook.com\/PhysioBCN\/","article_published_time":"2019-11-29T10:32:34+00:00","article_modified_time":"2019-12-01T18:58:11+00:00","og_image":[{"width":1021,"height":1021,"url":"https:\/\/barcelona.euses.cat\/wp-content\/uploads\/2019\/01\/Graham-Murray-2-e1447929519973.jpg","type":"image\/jpeg"}],"author":"Jordi Danes","twitter_card":"summary_large_image","twitter_misc":{"Escrito por":"Jordi Danes","Tiempo de lectura":"1 minuto"},"schema":{"@context":"https:\/\/schema.org","@graph":[{"@type":"Article","@id":"https:\/\/barcelona.euses.cat\/es\/el-profesor-graham-sinclair-contribuye-con-un-capitulo-al-libro-dedicado-al-grupo-musical-the-clash\/#article","isPartOf":{"@id":"https:\/\/barcelona.euses.cat\/es\/el-profesor-graham-sinclair-contribuye-con-un-capitulo-al-libro-dedicado-al-grupo-musical-the-clash\/"},"author":{"name":"Jordi Danes","@id":"https:\/\/barcelona.euses.cat\/ca\/#\/schema\/person\/8ab46080dfc4814fa59383db317735bd"},"headline":"Los profesores Graham Sinclair y Nathalie Pr\u00e9vot contribuyen con un cap\u00edtulo al libro dedicado al grupo musical The Clash","datePublished":"2019-11-29T10:32:34+00:00","dateModified":"2019-12-01T18:58:11+00:00","mainEntityOfPage":{"@id":"https:\/\/barcelona.euses.cat\/es\/el-profesor-graham-sinclair-contribuye-con-un-capitulo-al-libro-dedicado-al-grupo-musical-the-clash\/"},"wordCount":188,"commentCount":0,"image":{"@id":"https:\/\/barcelona.euses.cat\/es\/el-profesor-graham-sinclair-contribuye-con-un-capitulo-al-libro-dedicado-al-grupo-musical-the-clash\/#primaryimage"},"thumbnailUrl":"https:\/\/barcelona.euses.cat\/wp-content\/uploads\/2019\/01\/Graham-Murray-2-e1447929519973.jpg","articleSection":["Sin categorizar"],"inLanguage":"es"},{"@type":"WebPage","@id":"https:\/\/barcelona.euses.cat\/es\/el-profesor-graham-sinclair-contribuye-con-un-capitulo-al-libro-dedicado-al-grupo-musical-the-clash\/","url":"https:\/\/barcelona.euses.cat\/es\/el-profesor-graham-sinclair-contribuye-con-un-capitulo-al-libro-dedicado-al-grupo-musical-the-clash\/","name":"Los profesores Graham Sinclair y Nathalie Pr\u00e9vot contribuyen con un cap\u00edtulo al libro dedicado al grupo musical The Clash | EUSES - Campus de Bellvitge (Barcelona)","isPartOf":{"@id":"https:\/\/barcelona.euses.cat\/ca\/#website"},"primaryImageOfPage":{"@id":"https:\/\/barcelona.euses.cat\/es\/el-profesor-graham-sinclair-contribuye-con-un-capitulo-al-libro-dedicado-al-grupo-musical-the-clash\/#primaryimage"},"image":{"@id":"https:\/\/barcelona.euses.cat\/es\/el-profesor-graham-sinclair-contribuye-con-un-capitulo-al-libro-dedicado-al-grupo-musical-the-clash\/#primaryimage"},"thumbnailUrl":"https:\/\/barcelona.euses.cat\/wp-content\/uploads\/2019\/01\/Graham-Murray-2-e1447929519973.jpg","datePublished":"2019-11-29T10:32:34+00:00","dateModified":"2019-12-01T18:58:11+00:00","author":{"@id":"https:\/\/barcelona.euses.cat\/ca\/#\/schema\/person\/8ab46080dfc4814fa59383db317735bd"},"breadcrumb":{"@id":"https:\/\/barcelona.euses.cat\/es\/el-profesor-graham-sinclair-contribuye-con-un-capitulo-al-libro-dedicado-al-grupo-musical-the-clash\/#breadcrumb"},"inLanguage":"es","potentialAction":[{"@type":"ReadAction","target":["https:\/\/barcelona.euses.cat\/es\/el-profesor-graham-sinclair-contribuye-con-un-capitulo-al-libro-dedicado-al-grupo-musical-the-clash\/"]}]},{"@type":"ImageObject","inLanguage":"es","@id":"https:\/\/barcelona.euses.cat\/es\/el-profesor-graham-sinclair-contribuye-con-un-capitulo-al-libro-dedicado-al-grupo-musical-the-clash\/#primaryimage","url":"https:\/\/barcelona.euses.cat\/wp-content\/uploads\/2019\/01\/Graham-Murray-2-e1447929519973.jpg","contentUrl":"https:\/\/barcelona.euses.cat\/wp-content\/uploads\/2019\/01\/Graham-Murray-2-e1447929519973.jpg","width":1021,"height":1021},{"@type":"BreadcrumbList","@id":"https:\/\/barcelona.euses.cat\/es\/el-profesor-graham-sinclair-contribuye-con-un-capitulo-al-libro-dedicado-al-grupo-musical-the-clash\/#breadcrumb","itemListElement":[{"@type":"ListItem","position":1,"name":"Portada","item":"https:\/\/barcelona.euses.cat\/es\/"},{"@type":"ListItem","position":2,"name":"Los profesores Graham Sinclair y Nathalie Pr\u00e9vot contribuyen con un cap\u00edtulo al libro dedicado al grupo musical The Clash"}]},{"@type":"WebSite","@id":"https:\/\/barcelona.euses.cat\/ca\/#website","url":"https:\/\/barcelona.euses.cat\/ca\/","name":"EUSES - Campus de Bellvitge (Barcelona)","description":"EUSES, Escuela Universitaria de Fisioterapia Internacional en Barcelona","potentialAction":[{"@type":"SearchAction","target":{"@type":"EntryPoint","urlTemplate":"https:\/\/barcelona.euses.cat\/ca\/?s={search_term_string}"},"query-input":{"@type":"PropertyValueSpecification","valueRequired":true,"valueName":"search_term_string"}}],"inLanguage":"es"},{"@type":"Person","@id":"https:\/\/barcelona.euses.cat\/ca\/#\/schema\/person\/8ab46080dfc4814fa59383db317735bd","name":"Jordi Danes","image":{"@type":"ImageObject","inLanguage":"es","@id":"https:\/\/secure.gravatar.com\/avatar\/a9e4f443b594af225625ee8cfa665e41b1e0740ea34fbe0515b4ca559f8570ef?s=96&d=mm&r=g","url":"https:\/\/secure.gravatar.com\/avatar\/a9e4f443b594af225625ee8cfa665e41b1e0740ea34fbe0515b4ca559f8570ef?s=96&d=mm&r=g","contentUrl":"https:\/\/secure.gravatar.com\/avatar\/a9e4f443b594af225625ee8cfa665e41b1e0740ea34fbe0515b4ca559f8570ef?s=96&d=mm&r=g","caption":"Jordi Danes"},"url":"https:\/\/barcelona.euses.cat\/es\/author\/jordi-danes\/"}]}},"_links":{"self":[{"href":"https:\/\/barcelona.euses.cat\/es\/wp-json\/wp\/v2\/posts\/7407","targetHints":{"allow":["GET"]}}],"collection":[{"href":"https:\/\/barcelona.euses.cat\/es\/wp-json\/wp\/v2\/posts"}],"about":[{"href":"https:\/\/barcelona.euses.cat\/es\/wp-json\/wp\/v2\/types\/post"}],"author":[{"embeddable":true,"href":"https:\/\/barcelona.euses.cat\/es\/wp-json\/wp\/v2\/users\/3"}],"replies":[{"embeddable":true,"href":"https:\/\/barcelona.euses.cat\/es\/wp-json\/wp\/v2\/comments?post=7407"}],"version-history":[{"count":4,"href":"https:\/\/barcelona.euses.cat\/es\/wp-json\/wp\/v2\/posts\/7407\/revisions"}],"predecessor-version":[{"id":7438,"href":"https:\/\/barcelona.euses.cat\/es\/wp-json\/wp\/v2\/posts\/7407\/revisions\/7438"}],"wp:featuredmedia":[{"embeddable":true,"href":"https:\/\/barcelona.euses.cat\/es\/wp-json\/wp\/v2\/media\/549"}],"wp:attachment":[{"href":"https:\/\/barcelona.euses.cat\/es\/wp-json\/wp\/v2\/media?parent=7407"}],"wp:term":[{"taxonomy":"category","embeddable":true,"href":"https:\/\/barcelona.euses.cat\/es\/wp-json\/wp\/v2\/categories?post=7407"},{"taxonomy":"post_tag","embeddable":true,"href":"https:\/\/barcelona.euses.cat\/es\/wp-json\/wp\/v2\/tags?post=7407"}],"curies":[{"name":"wp","href":"https:\/\/api.w.org\/{rel}","templated":true}]}}