{"id":7395,"date":"2019-11-27T10:33:46","date_gmt":"2019-11-27T09:33:46","guid":{"rendered":"https:\/\/barcelona.euses.cat\/?p=7395"},"modified":"2019-11-27T10:33:46","modified_gmt":"2019-11-27T09:33:46","slug":"la-profesora-andrea-fuente-participa-en-el-xv-congreso-de-la-sociedad-catalano-balear-de-fisioterapia","status":"publish","type":"post","link":"https:\/\/barcelona.euses.cat\/es\/la-profesora-andrea-fuente-participa-en-el-xv-congreso-de-la-sociedad-catalano-balear-de-fisioterapia\/","title":{"rendered":"La profesora Andrea Fuente participa en el XV Congreso de la Sociedad Catalano-Balear de Fisioterapia"},"content":{"rendered":"<p>Andrea Fuente Vidal, profesora asociada de EUSES, ha participado en el <a href=\"http:\/\/www.scfisioterapia.cat\/\" target=\"_blank\" rel=\"noopener noreferrer\">XV Congreso de la Sociedad Catalano-Balear de Fisioterapia<\/a>, celebrado el d\u00eda 23 de noviembre. Andrea Fuente present\u00f3 un p\u00f3ster elaborado con el grupo de investigaci\u00f3n M3O de la UVic-UCC sobre los factores determinantes en la elecci\u00f3n del grado de Fisioterapia. Se trata de un estudio importante en el cual han participado 10 universidades de Catalu\u00f1a (EUSES lo ha hecho con 277 estudiantes de primer curso de los Campus de Salt, Bellvitge y Terres de l\u2019Ebre) y m\u00e1s de 900 encuestados. Estos datos constituyen el mayor estudio sobre este tema a nivel mundial. El manuscrito final est\u00e1 en fase de elaboraci\u00f3n y ser\u00e1 pronto enviado para solicitar la publicaci\u00f3n.<\/p>\n<p>&nbsp;<\/p>\n","protected":false},"excerpt":{"rendered":"<p>Andrea Fuente Vidal, profesora asociada de EUSES, ha participado en el XV Congreso de la Sociedad Catalano-Balear de Fisioterapia, celebrado el d\u00eda 23 de noviembre. Andrea Fuente present\u00f3 un p\u00f3ster elaborado con el grupo de investigaci\u00f3n M3O de la UVic-UCC sobre los factores determinantes en la elecci\u00f3n del grado de Fisioterapia. Se trata de un [&hellip;]<\/p>\n","protected":false},"author":3,"featured_media":7392,"comment_status":"open","ping_status":"closed","sticky":false,"template":"","format":"standard","meta":{"_acf_changed":false,"inline_featured_image":false,"_joinchat":[],"footnotes":""},"categories":[1],"tags":[],"class_list":["post-7395","post","type-post","status-publish","format-standard","has-post-thumbnail","hentry","category-sin-categorizar"],"acf":[],"yoast_head":"<!-- This site is optimized with the Yoast SEO plugin v27.4 - https:\/\/yoast.com\/product\/yoast-seo-wordpress\/ -->\n<title>La profesora Andrea Fuente participa en el XV Congreso de la Sociedad Catalano-Balear de Fisioterapia | EUSES - Campus de Bellvitge (Barcelona)<\/title>\n<meta name=\"robots\" content=\"index, follow, max-snippet:-1, max-image-preview:large, max-video-preview:-1\" \/>\n<link rel=\"canonical\" href=\"https:\/\/barcelona.euses.cat\/es\/la-profesora-andrea-fuente-participa-en-el-xv-congreso-de-la-sociedad-catalano-balear-de-fisioterapia\/\" \/>\n<meta property=\"og:locale\" content=\"es_ES\" \/>\n<meta property=\"og:type\" content=\"article\" \/>\n<meta property=\"og:title\" content=\"La profesora Andrea Fuente participa en el XV Congreso de la Sociedad Catalano-Balear de Fisioterapia | EUSES - Campus de Bellvitge (Barcelona)\" \/>\n<meta property=\"og:description\" content=\"Andrea Fuente Vidal, profesora asociada de EUSES, ha participado en el XV Congreso de la Sociedad Catalano-Balear de Fisioterapia, celebrado el d\u00eda 23 de noviembre. Andrea Fuente present\u00f3 un p\u00f3ster elaborado con el grupo de investigaci\u00f3n M3O de la UVic-UCC sobre los factores determinantes en la elecci\u00f3n del grado de Fisioterapia. Se trata de un [&hellip;]\" \/>\n<meta property=\"og:url\" content=\"https:\/\/barcelona.euses.cat\/es\/la-profesora-andrea-fuente-participa-en-el-xv-congreso-de-la-sociedad-catalano-balear-de-fisioterapia\/\" \/>\n<meta property=\"og:site_name\" content=\"EUSES - Campus de Bellvitge (Barcelona)\" \/>\n<meta property=\"article:publisher\" content=\"https:\/\/www.facebook.com\/PhysioBCN\/\" \/>\n<meta property=\"article:published_time\" content=\"2019-11-27T09:33:46+00:00\" \/>\n<meta property=\"og:image\" content=\"https:\/\/barcelona.euses.cat\/wp-content\/uploads\/2019\/11\/andrea-fuente.jpg\" \/>\n\t<meta property=\"og:image:width\" content=\"1338\" \/>\n\t<meta property=\"og:image:height\" content=\"1512\" \/>\n\t<meta property=\"og:image:type\" content=\"image\/jpeg\" \/>\n<meta name=\"author\" content=\"Jordi Danes\" \/>\n<meta name=\"twitter:card\" content=\"summary_large_image\" \/>\n<meta name=\"twitter:label1\" content=\"Escrito por\" \/>\n\t<meta name=\"twitter:data1\" content=\"Jordi Danes\" \/>\n\t<meta name=\"twitter:label2\" content=\"Tiempo de lectura\" \/>\n\t<meta name=\"twitter:data2\" content=\"1 minuto\" \/>\n<script type=\"application\/ld+json\" class=\"yoast-schema-graph\">{\"@context\":\"https:\\\/\\\/schema.org\",\"@graph\":[{\"@type\":\"Article\",\"@id\":\"https:\\\/\\\/barcelona.euses.cat\\\/es\\\/la-profesora-andrea-fuente-participa-en-el-xv-congreso-de-la-sociedad-catalano-balear-de-fisioterapia\\\/#article\",\"isPartOf\":{\"@id\":\"https:\\\/\\\/barcelona.euses.cat\\\/es\\\/la-profesora-andrea-fuente-participa-en-el-xv-congreso-de-la-sociedad-catalano-balear-de-fisioterapia\\\/\"},\"author\":{\"name\":\"Jordi Danes\",\"@id\":\"https:\\\/\\\/barcelona.euses.cat\\\/ca\\\/#\\\/schema\\\/person\\\/8ab46080dfc4814fa59383db317735bd\"},\"headline\":\"La profesora Andrea Fuente participa en el XV Congreso de la Sociedad Catalano-Balear de Fisioterapia\",\"datePublished\":\"2019-11-27T09:33:46+00:00\",\"mainEntityOfPage\":{\"@id\":\"https:\\\/\\\/barcelona.euses.cat\\\/es\\\/la-profesora-andrea-fuente-participa-en-el-xv-congreso-de-la-sociedad-catalano-balear-de-fisioterapia\\\/\"},\"wordCount\":141,\"commentCount\":0,\"image\":{\"@id\":\"https:\\\/\\\/barcelona.euses.cat\\\/es\\\/la-profesora-andrea-fuente-participa-en-el-xv-congreso-de-la-sociedad-catalano-balear-de-fisioterapia\\\/#primaryimage\"},\"thumbnailUrl\":\"https:\\\/\\\/barcelona.euses.cat\\\/wp-content\\\/uploads\\\/2019\\\/11\\\/andrea-fuente.jpg\",\"articleSection\":[\"Sin categorizar\"],\"inLanguage\":\"es\"},{\"@type\":\"WebPage\",\"@id\":\"https:\\\/\\\/barcelona.euses.cat\\\/es\\\/la-profesora-andrea-fuente-participa-en-el-xv-congreso-de-la-sociedad-catalano-balear-de-fisioterapia\\\/\",\"url\":\"https:\\\/\\\/barcelona.euses.cat\\\/es\\\/la-profesora-andrea-fuente-participa-en-el-xv-congreso-de-la-sociedad-catalano-balear-de-fisioterapia\\\/\",\"name\":\"La profesora Andrea Fuente participa en el XV Congreso de la Sociedad Catalano-Balear de Fisioterapia | EUSES - Campus de Bellvitge (Barcelona)\",\"isPartOf\":{\"@id\":\"https:\\\/\\\/barcelona.euses.cat\\\/ca\\\/#website\"},\"primaryImageOfPage\":{\"@id\":\"https:\\\/\\\/barcelona.euses.cat\\\/es\\\/la-profesora-andrea-fuente-participa-en-el-xv-congreso-de-la-sociedad-catalano-balear-de-fisioterapia\\\/#primaryimage\"},\"image\":{\"@id\":\"https:\\\/\\\/barcelona.euses.cat\\\/es\\\/la-profesora-andrea-fuente-participa-en-el-xv-congreso-de-la-sociedad-catalano-balear-de-fisioterapia\\\/#primaryimage\"},\"thumbnailUrl\":\"https:\\\/\\\/barcelona.euses.cat\\\/wp-content\\\/uploads\\\/2019\\\/11\\\/andrea-fuente.jpg\",\"datePublished\":\"2019-11-27T09:33:46+00:00\",\"author\":{\"@id\":\"https:\\\/\\\/barcelona.euses.cat\\\/ca\\\/#\\\/schema\\\/person\\\/8ab46080dfc4814fa59383db317735bd\"},\"breadcrumb\":{\"@id\":\"https:\\\/\\\/barcelona.euses.cat\\\/es\\\/la-profesora-andrea-fuente-participa-en-el-xv-congreso-de-la-sociedad-catalano-balear-de-fisioterapia\\\/#breadcrumb\"},\"inLanguage\":\"es\",\"potentialAction\":[{\"@type\":\"ReadAction\",\"target\":[\"https:\\\/\\\/barcelona.euses.cat\\\/es\\\/la-profesora-andrea-fuente-participa-en-el-xv-congreso-de-la-sociedad-catalano-balear-de-fisioterapia\\\/\"]}]},{\"@type\":\"ImageObject\",\"inLanguage\":\"es\",\"@id\":\"https:\\\/\\\/barcelona.euses.cat\\\/es\\\/la-profesora-andrea-fuente-participa-en-el-xv-congreso-de-la-sociedad-catalano-balear-de-fisioterapia\\\/#primaryimage\",\"url\":\"https:\\\/\\\/barcelona.euses.cat\\\/wp-content\\\/uploads\\\/2019\\\/11\\\/andrea-fuente.jpg\",\"contentUrl\":\"https:\\\/\\\/barcelona.euses.cat\\\/wp-content\\\/uploads\\\/2019\\\/11\\\/andrea-fuente.jpg\",\"width\":1338,\"height\":1512},{\"@type\":\"BreadcrumbList\",\"@id\":\"https:\\\/\\\/barcelona.euses.cat\\\/es\\\/la-profesora-andrea-fuente-participa-en-el-xv-congreso-de-la-sociedad-catalano-balear-de-fisioterapia\\\/#breadcrumb\",\"itemListElement\":[{\"@type\":\"ListItem\",\"position\":1,\"name\":\"Portada\",\"item\":\"https:\\\/\\\/barcelona.euses.cat\\\/es\\\/\"},{\"@type\":\"ListItem\",\"position\":2,\"name\":\"La profesora Andrea Fuente participa en el XV Congreso de la Sociedad Catalano-Balear de Fisioterapia\"}]},{\"@type\":\"WebSite\",\"@id\":\"https:\\\/\\\/barcelona.euses.cat\\\/ca\\\/#website\",\"url\":\"https:\\\/\\\/barcelona.euses.cat\\\/ca\\\/\",\"name\":\"EUSES - Campus de Bellvitge (Barcelona)\",\"description\":\"EUSES, Escuela Universitaria de Fisioterapia Internacional en Barcelona\",\"potentialAction\":[{\"@type\":\"SearchAction\",\"target\":{\"@type\":\"EntryPoint\",\"urlTemplate\":\"https:\\\/\\\/barcelona.euses.cat\\\/ca\\\/?s={search_term_string}\"},\"query-input\":{\"@type\":\"PropertyValueSpecification\",\"valueRequired\":true,\"valueName\":\"search_term_string\"}}],\"inLanguage\":\"es\"},{\"@type\":\"Person\",\"@id\":\"https:\\\/\\\/barcelona.euses.cat\\\/ca\\\/#\\\/schema\\\/person\\\/8ab46080dfc4814fa59383db317735bd\",\"name\":\"Jordi Danes\",\"image\":{\"@type\":\"ImageObject\",\"inLanguage\":\"es\",\"@id\":\"https:\\\/\\\/secure.gravatar.com\\\/avatar\\\/a9e4f443b594af225625ee8cfa665e41b1e0740ea34fbe0515b4ca559f8570ef?s=96&d=mm&r=g\",\"url\":\"https:\\\/\\\/secure.gravatar.com\\\/avatar\\\/a9e4f443b594af225625ee8cfa665e41b1e0740ea34fbe0515b4ca559f8570ef?s=96&d=mm&r=g\",\"contentUrl\":\"https:\\\/\\\/secure.gravatar.com\\\/avatar\\\/a9e4f443b594af225625ee8cfa665e41b1e0740ea34fbe0515b4ca559f8570ef?s=96&d=mm&r=g\",\"caption\":\"Jordi Danes\"},\"url\":\"https:\\\/\\\/barcelona.euses.cat\\\/es\\\/author\\\/jordi-danes\\\/\"}]}<\/script>\n<!-- \/ Yoast SEO plugin. -->","yoast_head_json":{"title":"La profesora Andrea Fuente participa en el XV Congreso de la Sociedad Catalano-Balear de Fisioterapia | EUSES - Campus de Bellvitge (Barcelona)","robots":{"index":"index","follow":"follow","max-snippet":"max-snippet:-1","max-image-preview":"max-image-preview:large","max-video-preview":"max-video-preview:-1"},"canonical":"https:\/\/barcelona.euses.cat\/es\/la-profesora-andrea-fuente-participa-en-el-xv-congreso-de-la-sociedad-catalano-balear-de-fisioterapia\/","og_locale":"es_ES","og_type":"article","og_title":"La profesora Andrea Fuente participa en el XV Congreso de la Sociedad Catalano-Balear de Fisioterapia | EUSES - Campus de Bellvitge (Barcelona)","og_description":"Andrea Fuente Vidal, profesora asociada de EUSES, ha participado en el XV Congreso de la Sociedad Catalano-Balear de Fisioterapia, celebrado el d\u00eda 23 de noviembre. Andrea Fuente present\u00f3 un p\u00f3ster elaborado con el grupo de investigaci\u00f3n M3O de la UVic-UCC sobre los factores determinantes en la elecci\u00f3n del grado de Fisioterapia. Se trata de un [&hellip;]","og_url":"https:\/\/barcelona.euses.cat\/es\/la-profesora-andrea-fuente-participa-en-el-xv-congreso-de-la-sociedad-catalano-balear-de-fisioterapia\/","og_site_name":"EUSES - Campus de Bellvitge (Barcelona)","article_publisher":"https:\/\/www.facebook.com\/PhysioBCN\/","article_published_time":"2019-11-27T09:33:46+00:00","og_image":[{"width":1338,"height":1512,"url":"https:\/\/barcelona.euses.cat\/wp-content\/uploads\/2019\/11\/andrea-fuente.jpg","type":"image\/jpeg"}],"author":"Jordi Danes","twitter_card":"summary_large_image","twitter_misc":{"Escrito por":"Jordi Danes","Tiempo de lectura":"1 minuto"},"schema":{"@context":"https:\/\/schema.org","@graph":[{"@type":"Article","@id":"https:\/\/barcelona.euses.cat\/es\/la-profesora-andrea-fuente-participa-en-el-xv-congreso-de-la-sociedad-catalano-balear-de-fisioterapia\/#article","isPartOf":{"@id":"https:\/\/barcelona.euses.cat\/es\/la-profesora-andrea-fuente-participa-en-el-xv-congreso-de-la-sociedad-catalano-balear-de-fisioterapia\/"},"author":{"name":"Jordi Danes","@id":"https:\/\/barcelona.euses.cat\/ca\/#\/schema\/person\/8ab46080dfc4814fa59383db317735bd"},"headline":"La profesora Andrea Fuente participa en el XV Congreso de la Sociedad Catalano-Balear de Fisioterapia","datePublished":"2019-11-27T09:33:46+00:00","mainEntityOfPage":{"@id":"https:\/\/barcelona.euses.cat\/es\/la-profesora-andrea-fuente-participa-en-el-xv-congreso-de-la-sociedad-catalano-balear-de-fisioterapia\/"},"wordCount":141,"commentCount":0,"image":{"@id":"https:\/\/barcelona.euses.cat\/es\/la-profesora-andrea-fuente-participa-en-el-xv-congreso-de-la-sociedad-catalano-balear-de-fisioterapia\/#primaryimage"},"thumbnailUrl":"https:\/\/barcelona.euses.cat\/wp-content\/uploads\/2019\/11\/andrea-fuente.jpg","articleSection":["Sin categorizar"],"inLanguage":"es"},{"@type":"WebPage","@id":"https:\/\/barcelona.euses.cat\/es\/la-profesora-andrea-fuente-participa-en-el-xv-congreso-de-la-sociedad-catalano-balear-de-fisioterapia\/","url":"https:\/\/barcelona.euses.cat\/es\/la-profesora-andrea-fuente-participa-en-el-xv-congreso-de-la-sociedad-catalano-balear-de-fisioterapia\/","name":"La profesora Andrea Fuente participa en el XV Congreso de la Sociedad Catalano-Balear de Fisioterapia | EUSES - Campus de Bellvitge (Barcelona)","isPartOf":{"@id":"https:\/\/barcelona.euses.cat\/ca\/#website"},"primaryImageOfPage":{"@id":"https:\/\/barcelona.euses.cat\/es\/la-profesora-andrea-fuente-participa-en-el-xv-congreso-de-la-sociedad-catalano-balear-de-fisioterapia\/#primaryimage"},"image":{"@id":"https:\/\/barcelona.euses.cat\/es\/la-profesora-andrea-fuente-participa-en-el-xv-congreso-de-la-sociedad-catalano-balear-de-fisioterapia\/#primaryimage"},"thumbnailUrl":"https:\/\/barcelona.euses.cat\/wp-content\/uploads\/2019\/11\/andrea-fuente.jpg","datePublished":"2019-11-27T09:33:46+00:00","author":{"@id":"https:\/\/barcelona.euses.cat\/ca\/#\/schema\/person\/8ab46080dfc4814fa59383db317735bd"},"breadcrumb":{"@id":"https:\/\/barcelona.euses.cat\/es\/la-profesora-andrea-fuente-participa-en-el-xv-congreso-de-la-sociedad-catalano-balear-de-fisioterapia\/#breadcrumb"},"inLanguage":"es","potentialAction":[{"@type":"ReadAction","target":["https:\/\/barcelona.euses.cat\/es\/la-profesora-andrea-fuente-participa-en-el-xv-congreso-de-la-sociedad-catalano-balear-de-fisioterapia\/"]}]},{"@type":"ImageObject","inLanguage":"es","@id":"https:\/\/barcelona.euses.cat\/es\/la-profesora-andrea-fuente-participa-en-el-xv-congreso-de-la-sociedad-catalano-balear-de-fisioterapia\/#primaryimage","url":"https:\/\/barcelona.euses.cat\/wp-content\/uploads\/2019\/11\/andrea-fuente.jpg","contentUrl":"https:\/\/barcelona.euses.cat\/wp-content\/uploads\/2019\/11\/andrea-fuente.jpg","width":1338,"height":1512},{"@type":"BreadcrumbList","@id":"https:\/\/barcelona.euses.cat\/es\/la-profesora-andrea-fuente-participa-en-el-xv-congreso-de-la-sociedad-catalano-balear-de-fisioterapia\/#breadcrumb","itemListElement":[{"@type":"ListItem","position":1,"name":"Portada","item":"https:\/\/barcelona.euses.cat\/es\/"},{"@type":"ListItem","position":2,"name":"La profesora Andrea Fuente participa en el XV Congreso de la Sociedad Catalano-Balear de Fisioterapia"}]},{"@type":"WebSite","@id":"https:\/\/barcelona.euses.cat\/ca\/#website","url":"https:\/\/barcelona.euses.cat\/ca\/","name":"EUSES - Campus de Bellvitge (Barcelona)","description":"EUSES, Escuela Universitaria de Fisioterapia Internacional en Barcelona","potentialAction":[{"@type":"SearchAction","target":{"@type":"EntryPoint","urlTemplate":"https:\/\/barcelona.euses.cat\/ca\/?s={search_term_string}"},"query-input":{"@type":"PropertyValueSpecification","valueRequired":true,"valueName":"search_term_string"}}],"inLanguage":"es"},{"@type":"Person","@id":"https:\/\/barcelona.euses.cat\/ca\/#\/schema\/person\/8ab46080dfc4814fa59383db317735bd","name":"Jordi Danes","image":{"@type":"ImageObject","inLanguage":"es","@id":"https:\/\/secure.gravatar.com\/avatar\/a9e4f443b594af225625ee8cfa665e41b1e0740ea34fbe0515b4ca559f8570ef?s=96&d=mm&r=g","url":"https:\/\/secure.gravatar.com\/avatar\/a9e4f443b594af225625ee8cfa665e41b1e0740ea34fbe0515b4ca559f8570ef?s=96&d=mm&r=g","contentUrl":"https:\/\/secure.gravatar.com\/avatar\/a9e4f443b594af225625ee8cfa665e41b1e0740ea34fbe0515b4ca559f8570ef?s=96&d=mm&r=g","caption":"Jordi Danes"},"url":"https:\/\/barcelona.euses.cat\/es\/author\/jordi-danes\/"}]}},"_links":{"self":[{"href":"https:\/\/barcelona.euses.cat\/es\/wp-json\/wp\/v2\/posts\/7395","targetHints":{"allow":["GET"]}}],"collection":[{"href":"https:\/\/barcelona.euses.cat\/es\/wp-json\/wp\/v2\/posts"}],"about":[{"href":"https:\/\/barcelona.euses.cat\/es\/wp-json\/wp\/v2\/types\/post"}],"author":[{"embeddable":true,"href":"https:\/\/barcelona.euses.cat\/es\/wp-json\/wp\/v2\/users\/3"}],"replies":[{"embeddable":true,"href":"https:\/\/barcelona.euses.cat\/es\/wp-json\/wp\/v2\/comments?post=7395"}],"version-history":[{"count":1,"href":"https:\/\/barcelona.euses.cat\/es\/wp-json\/wp\/v2\/posts\/7395\/revisions"}],"predecessor-version":[{"id":7396,"href":"https:\/\/barcelona.euses.cat\/es\/wp-json\/wp\/v2\/posts\/7395\/revisions\/7396"}],"wp:featuredmedia":[{"embeddable":true,"href":"https:\/\/barcelona.euses.cat\/es\/wp-json\/wp\/v2\/media\/7392"}],"wp:attachment":[{"href":"https:\/\/barcelona.euses.cat\/es\/wp-json\/wp\/v2\/media?parent=7395"}],"wp:term":[{"taxonomy":"category","embeddable":true,"href":"https:\/\/barcelona.euses.cat\/es\/wp-json\/wp\/v2\/categories?post=7395"},{"taxonomy":"post_tag","embeddable":true,"href":"https:\/\/barcelona.euses.cat\/es\/wp-json\/wp\/v2\/tags?post=7395"}],"curies":[{"name":"wp","href":"https:\/\/api.w.org\/{rel}","templated":true}]}}