{"id":7268,"date":"2019-09-12T13:15:12","date_gmt":"2019-09-12T11:15:12","guid":{"rendered":"https:\/\/barcelona.euses.cat\/?p=7268"},"modified":"2019-09-12T13:15:12","modified_gmt":"2019-09-12T11:15:12","slug":"empieza-en-el-campus-de-bellvitge-el-curso-academico-2019-20-de-physiotherapy","status":"publish","type":"post","link":"https:\/\/barcelona.euses.cat\/es\/empieza-en-el-campus-de-bellvitge-el-curso-academico-2019-20-de-physiotherapy\/","title":{"rendered":"Empieza en el Campus de Bellvitge el curso acad\u00e9mico 2019\/20 de Physiotherapy"},"content":{"rendered":"<p>El Campus de Bellvitge ha dado hoy el pistoletazo de salida al curso acad\u00e9mico 2019\/20 para los estudiantes de 1\u00ba, 2\u00ba, 3\u00ba y 4\u00ba del grado en fisioterapia internacional. Cuando acabe el curso, en junio, saldr\u00e1 la segunda promoci\u00f3n de graduados en fisioterapia. Desde la Escuela Universit\u00e0ria de la Salut i l&#8217;Esport queremos dar la bienvenida a todos los estudiantes, especialmente a los que se han incorporado a la familia en este curso 2019\/20, y desearles a todos un a\u00f1o muy bueno y provechoso.<\/p>\n<p>&nbsp;<\/p>\n","protected":false},"excerpt":{"rendered":"<p>El Campus de Bellvitge ha dado hoy el pistoletazo de salida al curso acad\u00e9mico 2019\/20 para los estudiantes de 1\u00ba, 2\u00ba, 3\u00ba y 4\u00ba del grado en fisioterapia internacional. Cuando acabe el curso, en junio, saldr\u00e1 la segunda promoci\u00f3n de graduados en fisioterapia. Desde la Escuela Universit\u00e0ria de la Salut i l&#8217;Esport queremos dar la [&hellip;]<\/p>\n","protected":false},"author":3,"featured_media":7265,"comment_status":"open","ping_status":"closed","sticky":false,"template":"","format":"standard","meta":{"_acf_changed":false,"inline_featured_image":false,"_joinchat":[],"footnotes":""},"categories":[1],"tags":[],"class_list":["post-7268","post","type-post","status-publish","format-standard","has-post-thumbnail","hentry","category-sin-categorizar"],"acf":[],"yoast_head":"<!-- This site is optimized with the Yoast SEO plugin v27.4 - https:\/\/yoast.com\/product\/yoast-seo-wordpress\/ -->\n<title>Empieza en el Campus de Bellvitge el curso acad\u00e9mico 2019\/20 de Physiotherapy | EUSES - Campus de Bellvitge (Barcelona)<\/title>\n<meta name=\"robots\" content=\"index, follow, max-snippet:-1, max-image-preview:large, max-video-preview:-1\" \/>\n<link rel=\"canonical\" href=\"https:\/\/barcelona.euses.cat\/es\/empieza-en-el-campus-de-bellvitge-el-curso-academico-2019-20-de-physiotherapy\/\" \/>\n<meta property=\"og:locale\" content=\"es_ES\" \/>\n<meta property=\"og:type\" content=\"article\" \/>\n<meta property=\"og:title\" content=\"Empieza en el Campus de Bellvitge el curso acad\u00e9mico 2019\/20 de Physiotherapy | EUSES - Campus de Bellvitge (Barcelona)\" \/>\n<meta property=\"og:description\" content=\"El Campus de Bellvitge ha dado hoy el pistoletazo de salida al curso acad\u00e9mico 2019\/20 para los estudiantes de 1\u00ba, 2\u00ba, 3\u00ba y 4\u00ba del grado en fisioterapia internacional. Cuando acabe el curso, en junio, saldr\u00e1 la segunda promoci\u00f3n de graduados en fisioterapia. Desde la Escuela Universit\u00e0ria de la Salut i l&#8217;Esport queremos dar la [&hellip;]\" \/>\n<meta property=\"og:url\" content=\"https:\/\/barcelona.euses.cat\/es\/empieza-en-el-campus-de-bellvitge-el-curso-academico-2019-20-de-physiotherapy\/\" \/>\n<meta property=\"og:site_name\" content=\"EUSES - Campus de Bellvitge (Barcelona)\" \/>\n<meta property=\"article:publisher\" content=\"https:\/\/www.facebook.com\/PhysioBCN\/\" \/>\n<meta property=\"article:published_time\" content=\"2019-09-12T11:15:12+00:00\" \/>\n<meta property=\"og:image\" content=\"https:\/\/barcelona.euses.cat\/wp-content\/uploads\/2019\/09\/primer-dia-ph.jpeg\" \/>\n\t<meta property=\"og:image:width\" content=\"1599\" \/>\n\t<meta property=\"og:image:height\" content=\"1200\" \/>\n\t<meta property=\"og:image:type\" content=\"image\/jpeg\" \/>\n<meta name=\"author\" content=\"Jordi Danes\" \/>\n<meta name=\"twitter:card\" content=\"summary_large_image\" \/>\n<meta name=\"twitter:label1\" content=\"Escrito por\" \/>\n\t<meta name=\"twitter:data1\" content=\"Jordi Danes\" \/>\n<script type=\"application\/ld+json\" class=\"yoast-schema-graph\">{\"@context\":\"https:\\\/\\\/schema.org\",\"@graph\":[{\"@type\":\"Article\",\"@id\":\"https:\\\/\\\/barcelona.euses.cat\\\/es\\\/empieza-en-el-campus-de-bellvitge-el-curso-academico-2019-20-de-physiotherapy\\\/#article\",\"isPartOf\":{\"@id\":\"https:\\\/\\\/barcelona.euses.cat\\\/es\\\/empieza-en-el-campus-de-bellvitge-el-curso-academico-2019-20-de-physiotherapy\\\/\"},\"author\":{\"name\":\"Jordi Danes\",\"@id\":\"https:\\\/\\\/barcelona.euses.cat\\\/ca\\\/#\\\/schema\\\/person\\\/8ab46080dfc4814fa59383db317735bd\"},\"headline\":\"Empieza en el Campus de Bellvitge el curso acad\u00e9mico 2019\\\/20 de Physiotherapy\",\"datePublished\":\"2019-09-12T11:15:12+00:00\",\"mainEntityOfPage\":{\"@id\":\"https:\\\/\\\/barcelona.euses.cat\\\/es\\\/empieza-en-el-campus-de-bellvitge-el-curso-academico-2019-20-de-physiotherapy\\\/\"},\"wordCount\":96,\"commentCount\":0,\"image\":{\"@id\":\"https:\\\/\\\/barcelona.euses.cat\\\/es\\\/empieza-en-el-campus-de-bellvitge-el-curso-academico-2019-20-de-physiotherapy\\\/#primaryimage\"},\"thumbnailUrl\":\"https:\\\/\\\/barcelona.euses.cat\\\/wp-content\\\/uploads\\\/2019\\\/09\\\/primer-dia-ph.jpeg\",\"articleSection\":[\"Sin categorizar\"],\"inLanguage\":\"es\"},{\"@type\":\"WebPage\",\"@id\":\"https:\\\/\\\/barcelona.euses.cat\\\/es\\\/empieza-en-el-campus-de-bellvitge-el-curso-academico-2019-20-de-physiotherapy\\\/\",\"url\":\"https:\\\/\\\/barcelona.euses.cat\\\/es\\\/empieza-en-el-campus-de-bellvitge-el-curso-academico-2019-20-de-physiotherapy\\\/\",\"name\":\"Empieza en el Campus de Bellvitge el curso acad\u00e9mico 2019\\\/20 de Physiotherapy | EUSES - Campus de Bellvitge (Barcelona)\",\"isPartOf\":{\"@id\":\"https:\\\/\\\/barcelona.euses.cat\\\/ca\\\/#website\"},\"primaryImageOfPage\":{\"@id\":\"https:\\\/\\\/barcelona.euses.cat\\\/es\\\/empieza-en-el-campus-de-bellvitge-el-curso-academico-2019-20-de-physiotherapy\\\/#primaryimage\"},\"image\":{\"@id\":\"https:\\\/\\\/barcelona.euses.cat\\\/es\\\/empieza-en-el-campus-de-bellvitge-el-curso-academico-2019-20-de-physiotherapy\\\/#primaryimage\"},\"thumbnailUrl\":\"https:\\\/\\\/barcelona.euses.cat\\\/wp-content\\\/uploads\\\/2019\\\/09\\\/primer-dia-ph.jpeg\",\"datePublished\":\"2019-09-12T11:15:12+00:00\",\"author\":{\"@id\":\"https:\\\/\\\/barcelona.euses.cat\\\/ca\\\/#\\\/schema\\\/person\\\/8ab46080dfc4814fa59383db317735bd\"},\"breadcrumb\":{\"@id\":\"https:\\\/\\\/barcelona.euses.cat\\\/es\\\/empieza-en-el-campus-de-bellvitge-el-curso-academico-2019-20-de-physiotherapy\\\/#breadcrumb\"},\"inLanguage\":\"es\",\"potentialAction\":[{\"@type\":\"ReadAction\",\"target\":[\"https:\\\/\\\/barcelona.euses.cat\\\/es\\\/empieza-en-el-campus-de-bellvitge-el-curso-academico-2019-20-de-physiotherapy\\\/\"]}]},{\"@type\":\"ImageObject\",\"inLanguage\":\"es\",\"@id\":\"https:\\\/\\\/barcelona.euses.cat\\\/es\\\/empieza-en-el-campus-de-bellvitge-el-curso-academico-2019-20-de-physiotherapy\\\/#primaryimage\",\"url\":\"https:\\\/\\\/barcelona.euses.cat\\\/wp-content\\\/uploads\\\/2019\\\/09\\\/primer-dia-ph.jpeg\",\"contentUrl\":\"https:\\\/\\\/barcelona.euses.cat\\\/wp-content\\\/uploads\\\/2019\\\/09\\\/primer-dia-ph.jpeg\",\"width\":1599,\"height\":1200},{\"@type\":\"BreadcrumbList\",\"@id\":\"https:\\\/\\\/barcelona.euses.cat\\\/es\\\/empieza-en-el-campus-de-bellvitge-el-curso-academico-2019-20-de-physiotherapy\\\/#breadcrumb\",\"itemListElement\":[{\"@type\":\"ListItem\",\"position\":1,\"name\":\"Portada\",\"item\":\"https:\\\/\\\/barcelona.euses.cat\\\/es\\\/\"},{\"@type\":\"ListItem\",\"position\":2,\"name\":\"Empieza en el Campus de Bellvitge el curso acad\u00e9mico 2019\\\/20 de Physiotherapy\"}]},{\"@type\":\"WebSite\",\"@id\":\"https:\\\/\\\/barcelona.euses.cat\\\/ca\\\/#website\",\"url\":\"https:\\\/\\\/barcelona.euses.cat\\\/ca\\\/\",\"name\":\"EUSES - Campus de Bellvitge (Barcelona)\",\"description\":\"EUSES, Escuela Universitaria de Fisioterapia Internacional en Barcelona\",\"potentialAction\":[{\"@type\":\"SearchAction\",\"target\":{\"@type\":\"EntryPoint\",\"urlTemplate\":\"https:\\\/\\\/barcelona.euses.cat\\\/ca\\\/?s={search_term_string}\"},\"query-input\":{\"@type\":\"PropertyValueSpecification\",\"valueRequired\":true,\"valueName\":\"search_term_string\"}}],\"inLanguage\":\"es\"},{\"@type\":\"Person\",\"@id\":\"https:\\\/\\\/barcelona.euses.cat\\\/ca\\\/#\\\/schema\\\/person\\\/8ab46080dfc4814fa59383db317735bd\",\"name\":\"Jordi Danes\",\"image\":{\"@type\":\"ImageObject\",\"inLanguage\":\"es\",\"@id\":\"https:\\\/\\\/secure.gravatar.com\\\/avatar\\\/a9e4f443b594af225625ee8cfa665e41b1e0740ea34fbe0515b4ca559f8570ef?s=96&d=mm&r=g\",\"url\":\"https:\\\/\\\/secure.gravatar.com\\\/avatar\\\/a9e4f443b594af225625ee8cfa665e41b1e0740ea34fbe0515b4ca559f8570ef?s=96&d=mm&r=g\",\"contentUrl\":\"https:\\\/\\\/secure.gravatar.com\\\/avatar\\\/a9e4f443b594af225625ee8cfa665e41b1e0740ea34fbe0515b4ca559f8570ef?s=96&d=mm&r=g\",\"caption\":\"Jordi Danes\"},\"url\":\"https:\\\/\\\/barcelona.euses.cat\\\/es\\\/author\\\/jordi-danes\\\/\"}]}<\/script>\n<!-- \/ Yoast SEO plugin. -->","yoast_head_json":{"title":"Empieza en el Campus de Bellvitge el curso acad\u00e9mico 2019\/20 de Physiotherapy | EUSES - Campus de Bellvitge (Barcelona)","robots":{"index":"index","follow":"follow","max-snippet":"max-snippet:-1","max-image-preview":"max-image-preview:large","max-video-preview":"max-video-preview:-1"},"canonical":"https:\/\/barcelona.euses.cat\/es\/empieza-en-el-campus-de-bellvitge-el-curso-academico-2019-20-de-physiotherapy\/","og_locale":"es_ES","og_type":"article","og_title":"Empieza en el Campus de Bellvitge el curso acad\u00e9mico 2019\/20 de Physiotherapy | EUSES - Campus de Bellvitge (Barcelona)","og_description":"El Campus de Bellvitge ha dado hoy el pistoletazo de salida al curso acad\u00e9mico 2019\/20 para los estudiantes de 1\u00ba, 2\u00ba, 3\u00ba y 4\u00ba del grado en fisioterapia internacional. Cuando acabe el curso, en junio, saldr\u00e1 la segunda promoci\u00f3n de graduados en fisioterapia. Desde la Escuela Universit\u00e0ria de la Salut i l&#8217;Esport queremos dar la [&hellip;]","og_url":"https:\/\/barcelona.euses.cat\/es\/empieza-en-el-campus-de-bellvitge-el-curso-academico-2019-20-de-physiotherapy\/","og_site_name":"EUSES - Campus de Bellvitge (Barcelona)","article_publisher":"https:\/\/www.facebook.com\/PhysioBCN\/","article_published_time":"2019-09-12T11:15:12+00:00","og_image":[{"width":1599,"height":1200,"url":"https:\/\/barcelona.euses.cat\/wp-content\/uploads\/2019\/09\/primer-dia-ph.jpeg","type":"image\/jpeg"}],"author":"Jordi Danes","twitter_card":"summary_large_image","twitter_misc":{"Escrito por":"Jordi Danes"},"schema":{"@context":"https:\/\/schema.org","@graph":[{"@type":"Article","@id":"https:\/\/barcelona.euses.cat\/es\/empieza-en-el-campus-de-bellvitge-el-curso-academico-2019-20-de-physiotherapy\/#article","isPartOf":{"@id":"https:\/\/barcelona.euses.cat\/es\/empieza-en-el-campus-de-bellvitge-el-curso-academico-2019-20-de-physiotherapy\/"},"author":{"name":"Jordi Danes","@id":"https:\/\/barcelona.euses.cat\/ca\/#\/schema\/person\/8ab46080dfc4814fa59383db317735bd"},"headline":"Empieza en el Campus de Bellvitge el curso acad\u00e9mico 2019\/20 de Physiotherapy","datePublished":"2019-09-12T11:15:12+00:00","mainEntityOfPage":{"@id":"https:\/\/barcelona.euses.cat\/es\/empieza-en-el-campus-de-bellvitge-el-curso-academico-2019-20-de-physiotherapy\/"},"wordCount":96,"commentCount":0,"image":{"@id":"https:\/\/barcelona.euses.cat\/es\/empieza-en-el-campus-de-bellvitge-el-curso-academico-2019-20-de-physiotherapy\/#primaryimage"},"thumbnailUrl":"https:\/\/barcelona.euses.cat\/wp-content\/uploads\/2019\/09\/primer-dia-ph.jpeg","articleSection":["Sin categorizar"],"inLanguage":"es"},{"@type":"WebPage","@id":"https:\/\/barcelona.euses.cat\/es\/empieza-en-el-campus-de-bellvitge-el-curso-academico-2019-20-de-physiotherapy\/","url":"https:\/\/barcelona.euses.cat\/es\/empieza-en-el-campus-de-bellvitge-el-curso-academico-2019-20-de-physiotherapy\/","name":"Empieza en el Campus de Bellvitge el curso acad\u00e9mico 2019\/20 de Physiotherapy | EUSES - Campus de Bellvitge (Barcelona)","isPartOf":{"@id":"https:\/\/barcelona.euses.cat\/ca\/#website"},"primaryImageOfPage":{"@id":"https:\/\/barcelona.euses.cat\/es\/empieza-en-el-campus-de-bellvitge-el-curso-academico-2019-20-de-physiotherapy\/#primaryimage"},"image":{"@id":"https:\/\/barcelona.euses.cat\/es\/empieza-en-el-campus-de-bellvitge-el-curso-academico-2019-20-de-physiotherapy\/#primaryimage"},"thumbnailUrl":"https:\/\/barcelona.euses.cat\/wp-content\/uploads\/2019\/09\/primer-dia-ph.jpeg","datePublished":"2019-09-12T11:15:12+00:00","author":{"@id":"https:\/\/barcelona.euses.cat\/ca\/#\/schema\/person\/8ab46080dfc4814fa59383db317735bd"},"breadcrumb":{"@id":"https:\/\/barcelona.euses.cat\/es\/empieza-en-el-campus-de-bellvitge-el-curso-academico-2019-20-de-physiotherapy\/#breadcrumb"},"inLanguage":"es","potentialAction":[{"@type":"ReadAction","target":["https:\/\/barcelona.euses.cat\/es\/empieza-en-el-campus-de-bellvitge-el-curso-academico-2019-20-de-physiotherapy\/"]}]},{"@type":"ImageObject","inLanguage":"es","@id":"https:\/\/barcelona.euses.cat\/es\/empieza-en-el-campus-de-bellvitge-el-curso-academico-2019-20-de-physiotherapy\/#primaryimage","url":"https:\/\/barcelona.euses.cat\/wp-content\/uploads\/2019\/09\/primer-dia-ph.jpeg","contentUrl":"https:\/\/barcelona.euses.cat\/wp-content\/uploads\/2019\/09\/primer-dia-ph.jpeg","width":1599,"height":1200},{"@type":"BreadcrumbList","@id":"https:\/\/barcelona.euses.cat\/es\/empieza-en-el-campus-de-bellvitge-el-curso-academico-2019-20-de-physiotherapy\/#breadcrumb","itemListElement":[{"@type":"ListItem","position":1,"name":"Portada","item":"https:\/\/barcelona.euses.cat\/es\/"},{"@type":"ListItem","position":2,"name":"Empieza en el Campus de Bellvitge el curso acad\u00e9mico 2019\/20 de Physiotherapy"}]},{"@type":"WebSite","@id":"https:\/\/barcelona.euses.cat\/ca\/#website","url":"https:\/\/barcelona.euses.cat\/ca\/","name":"EUSES - Campus de Bellvitge (Barcelona)","description":"EUSES, Escuela Universitaria de Fisioterapia Internacional en Barcelona","potentialAction":[{"@type":"SearchAction","target":{"@type":"EntryPoint","urlTemplate":"https:\/\/barcelona.euses.cat\/ca\/?s={search_term_string}"},"query-input":{"@type":"PropertyValueSpecification","valueRequired":true,"valueName":"search_term_string"}}],"inLanguage":"es"},{"@type":"Person","@id":"https:\/\/barcelona.euses.cat\/ca\/#\/schema\/person\/8ab46080dfc4814fa59383db317735bd","name":"Jordi Danes","image":{"@type":"ImageObject","inLanguage":"es","@id":"https:\/\/secure.gravatar.com\/avatar\/a9e4f443b594af225625ee8cfa665e41b1e0740ea34fbe0515b4ca559f8570ef?s=96&d=mm&r=g","url":"https:\/\/secure.gravatar.com\/avatar\/a9e4f443b594af225625ee8cfa665e41b1e0740ea34fbe0515b4ca559f8570ef?s=96&d=mm&r=g","contentUrl":"https:\/\/secure.gravatar.com\/avatar\/a9e4f443b594af225625ee8cfa665e41b1e0740ea34fbe0515b4ca559f8570ef?s=96&d=mm&r=g","caption":"Jordi Danes"},"url":"https:\/\/barcelona.euses.cat\/es\/author\/jordi-danes\/"}]}},"_links":{"self":[{"href":"https:\/\/barcelona.euses.cat\/es\/wp-json\/wp\/v2\/posts\/7268","targetHints":{"allow":["GET"]}}],"collection":[{"href":"https:\/\/barcelona.euses.cat\/es\/wp-json\/wp\/v2\/posts"}],"about":[{"href":"https:\/\/barcelona.euses.cat\/es\/wp-json\/wp\/v2\/types\/post"}],"author":[{"embeddable":true,"href":"https:\/\/barcelona.euses.cat\/es\/wp-json\/wp\/v2\/users\/3"}],"replies":[{"embeddable":true,"href":"https:\/\/barcelona.euses.cat\/es\/wp-json\/wp\/v2\/comments?post=7268"}],"version-history":[{"count":1,"href":"https:\/\/barcelona.euses.cat\/es\/wp-json\/wp\/v2\/posts\/7268\/revisions"}],"predecessor-version":[{"id":7269,"href":"https:\/\/barcelona.euses.cat\/es\/wp-json\/wp\/v2\/posts\/7268\/revisions\/7269"}],"wp:featuredmedia":[{"embeddable":true,"href":"https:\/\/barcelona.euses.cat\/es\/wp-json\/wp\/v2\/media\/7265"}],"wp:attachment":[{"href":"https:\/\/barcelona.euses.cat\/es\/wp-json\/wp\/v2\/media?parent=7268"}],"wp:term":[{"taxonomy":"category","embeddable":true,"href":"https:\/\/barcelona.euses.cat\/es\/wp-json\/wp\/v2\/categories?post=7268"},{"taxonomy":"post_tag","embeddable":true,"href":"https:\/\/barcelona.euses.cat\/es\/wp-json\/wp\/v2\/tags?post=7268"}],"curies":[{"name":"wp","href":"https:\/\/api.w.org\/{rel}","templated":true}]}}