{"id":7230,"date":"2019-07-08T13:20:25","date_gmt":"2019-07-08T11:20:25","guid":{"rendered":"https:\/\/barcelona.euses.cat\/?p=7230"},"modified":"2019-07-17T10:08:07","modified_gmt":"2019-07-17T08:08:07","slug":"celebrado-en-la-sala-paranimf-el-acto-de-graduacion-de-la-primera-promocion-del-grado-en-fisioterapia-internacional-udg-ub","status":"publish","type":"post","link":"https:\/\/barcelona.euses.cat\/es\/celebrado-en-la-sala-paranimf-el-acto-de-graduacion-de-la-primera-promocion-del-grado-en-fisioterapia-internacional-udg-ub\/","title":{"rendered":"Celebrado en la Sala Paranimf el acto de graduaci\u00f3n de la primera promoci\u00f3n del Grado en Fisioterapia Internacional UdG-UB"},"content":{"rendered":"<p>La primera promoci\u00f3n del Grado en Fisioterapia Internacional EUSES-UdG y ENTI-UB ha visto la luz este mediod\u00eda en la Sala Paranimf de la Universidad de Barcelona con el acto de graduaci\u00f3n de los 22 nuevos fisioterapeutas, que han completado la formaci\u00f3n que iniciaron el 2015 y est\u00e1n preparados para entrar en el mercado laboral. Tambi\u00e9n formar\u00e1n parte de la primera hornada de graduados en Physiotherapy que podr\u00e1n entrar a formar parte de la familia de EUSES Alumni y se beneficiar\u00e1n de las m\u00faltiples ventajas de esta associaci\u00f3n.<\/p>\n<p>El acto ha contado con la presencia del Dr. Gaspar Rosell\u00f3 (Director de la Agencia de Pol\u00edticas y de Calidad de la Universidad de Barcelona); el Dr. Josep Antoni Donaire (Vicerrector de Comunicaci\u00f3n y Relaciones Exteriores de la Universidad de Girona); el Sr. Rafel Magriny\u00e0 (Director Acad\u00e9mico de EUSES-UdG y Director de Calidad de ENTI-UB); el Dr. Carles Vilella (Jefe de Estudios de ENTI-UB) y el Dr. Mariano Gacto (Director del Grado en Fisioterapia). Todos ellos han felicitado a la veintena de nuevos graduados en fisioterapia, al tiempo que los han alentado a no dejar nunca de formarse y mantener la pasi\u00f3n por esta esta profesi\u00f3n. El acto, que ha sido amenizado por las piezas musicales del pianista Llu\u00eds Guerra, ha tenido como puntos culminantes la entrega de diplomas y orlas, as\u00ed como las palabras que los representantes de los alumnos, Julie Grondin y Maria J\u00fadez, han dirigido a los asistentes. La graduaci\u00f3n se ha cerrado con el canto del himno universitario, el Gaudeamus Igitur.<\/p>\n<p><a href=\"https:\/\/business.facebook.com\/pg\/EUSESoficial\/photos\/?business_id=884012834978732&amp;tab=album&amp;album_id=1222685951246067\" target=\"_blank\" rel=\"noopener noreferrer\">LAS FOTOGRAF\u00cdAS DEL ACTO DE GRADUACI\u00d3N<\/a><\/p>\n<p><a href=\"https:\/\/barcelona.euses.cat\/wp-content\/uploads\/2019\/07\/graduacio-physio-1-1.jpeg\"><img fetchpriority=\"high\" decoding=\"async\" class=\"alignnone wp-image-7231 size-medium\" src=\"https:\/\/barcelona.euses.cat\/wp-content\/uploads\/2019\/07\/graduacio-physio-1-1-300x169.jpeg\" alt=\"\" width=\"300\" height=\"169\" srcset=\"https:\/\/barcelona.euses.cat\/wp-content\/uploads\/2019\/07\/graduacio-physio-1-1-300x169.jpeg 300w, https:\/\/barcelona.euses.cat\/wp-content\/uploads\/2019\/07\/graduacio-physio-1-1-768x432.jpeg 768w, https:\/\/barcelona.euses.cat\/wp-content\/uploads\/2019\/07\/graduacio-physio-1-1-1024x576.jpeg 1024w, https:\/\/barcelona.euses.cat\/wp-content\/uploads\/2019\/07\/graduacio-physio-1-1-350x197.jpeg 350w, https:\/\/barcelona.euses.cat\/wp-content\/uploads\/2019\/07\/graduacio-physio-1-1.jpeg 1600w\" sizes=\"(max-width: 300px) 100vw, 300px\" \/><\/a> <a href=\"https:\/\/barcelona.euses.cat\/wp-content\/uploads\/2019\/07\/graduacio-physio-2-1.jpeg\"><img decoding=\"async\" class=\"alignnone wp-image-7235 size-medium\" src=\"https:\/\/barcelona.euses.cat\/wp-content\/uploads\/2019\/07\/graduacio-physio-2-1-300x169.jpeg\" alt=\"\" width=\"300\" height=\"169\" srcset=\"https:\/\/barcelona.euses.cat\/wp-content\/uploads\/2019\/07\/graduacio-physio-2-1-300x169.jpeg 300w, https:\/\/barcelona.euses.cat\/wp-content\/uploads\/2019\/07\/graduacio-physio-2-1-768x432.jpeg 768w, https:\/\/barcelona.euses.cat\/wp-content\/uploads\/2019\/07\/graduacio-physio-2-1-1024x576.jpeg 1024w, https:\/\/barcelona.euses.cat\/wp-content\/uploads\/2019\/07\/graduacio-physio-2-1-350x197.jpeg 350w, https:\/\/barcelona.euses.cat\/wp-content\/uploads\/2019\/07\/graduacio-physio-2-1.jpeg 1600w\" sizes=\"(max-width: 300px) 100vw, 300px\" \/><\/a><\/p>\n","protected":false},"excerpt":{"rendered":"<p>La primera promoci\u00f3n del Grado en Fisioterapia Internacional EUSES-UdG y ENTI-UB ha visto la luz este mediod\u00eda en la Sala Paranimf de la Universidad de Barcelona con el acto de graduaci\u00f3n de los 22 nuevos fisioterapeutas, que han completado la formaci\u00f3n que iniciaron el 2015 y est\u00e1n preparados para entrar en el mercado laboral. Tambi\u00e9n [&hellip;]<\/p>\n","protected":false},"author":3,"featured_media":7239,"comment_status":"open","ping_status":"closed","sticky":false,"template":"","format":"standard","meta":{"_acf_changed":false,"inline_featured_image":false,"_joinchat":[],"footnotes":""},"categories":[1],"tags":[],"class_list":["post-7230","post","type-post","status-publish","format-standard","has-post-thumbnail","hentry","category-sin-categorizar"],"acf":[],"yoast_head":"<!-- This site is optimized with the Yoast SEO plugin v27.4 - https:\/\/yoast.com\/product\/yoast-seo-wordpress\/ -->\n<title>Celebrado en la Sala Paranimf el acto de graduaci\u00f3n de la primera promoci\u00f3n del Grado en Fisioterapia Internacional UdG-UB | EUSES - Campus de Bellvitge (Barcelona)<\/title>\n<meta name=\"robots\" content=\"index, follow, max-snippet:-1, max-image-preview:large, max-video-preview:-1\" \/>\n<link rel=\"canonical\" href=\"https:\/\/barcelona.euses.cat\/es\/celebrado-en-la-sala-paranimf-el-acto-de-graduacion-de-la-primera-promocion-del-grado-en-fisioterapia-internacional-udg-ub\/\" \/>\n<meta property=\"og:locale\" content=\"es_ES\" \/>\n<meta property=\"og:type\" content=\"article\" \/>\n<meta property=\"og:title\" content=\"Celebrado en la Sala Paranimf el acto de graduaci\u00f3n de la primera promoci\u00f3n del Grado en Fisioterapia Internacional UdG-UB | EUSES - Campus de Bellvitge (Barcelona)\" \/>\n<meta property=\"og:description\" content=\"La primera promoci\u00f3n del Grado en Fisioterapia Internacional EUSES-UdG y ENTI-UB ha visto la luz este mediod\u00eda en la Sala Paranimf de la Universidad de Barcelona con el acto de graduaci\u00f3n de los 22 nuevos fisioterapeutas, que han completado la formaci\u00f3n que iniciaron el 2015 y est\u00e1n preparados para entrar en el mercado laboral. Tambi\u00e9n [&hellip;]\" \/>\n<meta property=\"og:url\" content=\"https:\/\/barcelona.euses.cat\/es\/celebrado-en-la-sala-paranimf-el-acto-de-graduacion-de-la-primera-promocion-del-grado-en-fisioterapia-internacional-udg-ub\/\" \/>\n<meta property=\"og:site_name\" content=\"EUSES - Campus de Bellvitge (Barcelona)\" \/>\n<meta property=\"article:publisher\" content=\"https:\/\/www.facebook.com\/PhysioBCN\/\" \/>\n<meta property=\"article:published_time\" content=\"2019-07-08T11:20:25+00:00\" \/>\n<meta property=\"article:modified_time\" content=\"2019-07-17T08:08:07+00:00\" \/>\n<meta property=\"og:image\" content=\"https:\/\/barcelona.euses.cat\/wp-content\/uploads\/2019\/07\/graduacio-physio-3-1.jpeg\" \/>\n\t<meta property=\"og:image:width\" content=\"1600\" \/>\n\t<meta property=\"og:image:height\" content=\"900\" \/>\n\t<meta property=\"og:image:type\" content=\"image\/jpeg\" \/>\n<meta name=\"author\" content=\"Jordi Danes\" \/>\n<meta name=\"twitter:card\" content=\"summary_large_image\" \/>\n<meta name=\"twitter:label1\" content=\"Escrito por\" \/>\n\t<meta name=\"twitter:data1\" content=\"Jordi Danes\" \/>\n\t<meta name=\"twitter:label2\" content=\"Tiempo de lectura\" \/>\n\t<meta name=\"twitter:data2\" content=\"1 minuto\" \/>\n<script type=\"application\/ld+json\" class=\"yoast-schema-graph\">{\"@context\":\"https:\\\/\\\/schema.org\",\"@graph\":[{\"@type\":\"Article\",\"@id\":\"https:\\\/\\\/barcelona.euses.cat\\\/es\\\/celebrado-en-la-sala-paranimf-el-acto-de-graduacion-de-la-primera-promocion-del-grado-en-fisioterapia-internacional-udg-ub\\\/#article\",\"isPartOf\":{\"@id\":\"https:\\\/\\\/barcelona.euses.cat\\\/es\\\/celebrado-en-la-sala-paranimf-el-acto-de-graduacion-de-la-primera-promocion-del-grado-en-fisioterapia-internacional-udg-ub\\\/\"},\"author\":{\"name\":\"Jordi Danes\",\"@id\":\"https:\\\/\\\/barcelona.euses.cat\\\/ca\\\/#\\\/schema\\\/person\\\/8ab46080dfc4814fa59383db317735bd\"},\"headline\":\"Celebrado en la Sala Paranimf el acto de graduaci\u00f3n de la primera promoci\u00f3n del Grado en Fisioterapia Internacional UdG-UB\",\"datePublished\":\"2019-07-08T11:20:25+00:00\",\"dateModified\":\"2019-07-17T08:08:07+00:00\",\"mainEntityOfPage\":{\"@id\":\"https:\\\/\\\/barcelona.euses.cat\\\/es\\\/celebrado-en-la-sala-paranimf-el-acto-de-graduacion-de-la-primera-promocion-del-grado-en-fisioterapia-internacional-udg-ub\\\/\"},\"wordCount\":298,\"commentCount\":0,\"image\":{\"@id\":\"https:\\\/\\\/barcelona.euses.cat\\\/es\\\/celebrado-en-la-sala-paranimf-el-acto-de-graduacion-de-la-primera-promocion-del-grado-en-fisioterapia-internacional-udg-ub\\\/#primaryimage\"},\"thumbnailUrl\":\"https:\\\/\\\/barcelona.euses.cat\\\/wp-content\\\/uploads\\\/2019\\\/07\\\/graduacio-physio-3-1.jpeg\",\"articleSection\":[\"Sin categorizar\"],\"inLanguage\":\"es\"},{\"@type\":\"WebPage\",\"@id\":\"https:\\\/\\\/barcelona.euses.cat\\\/es\\\/celebrado-en-la-sala-paranimf-el-acto-de-graduacion-de-la-primera-promocion-del-grado-en-fisioterapia-internacional-udg-ub\\\/\",\"url\":\"https:\\\/\\\/barcelona.euses.cat\\\/es\\\/celebrado-en-la-sala-paranimf-el-acto-de-graduacion-de-la-primera-promocion-del-grado-en-fisioterapia-internacional-udg-ub\\\/\",\"name\":\"Celebrado en la Sala Paranimf el acto de graduaci\u00f3n de la primera promoci\u00f3n del Grado en Fisioterapia Internacional UdG-UB | EUSES - Campus de Bellvitge (Barcelona)\",\"isPartOf\":{\"@id\":\"https:\\\/\\\/barcelona.euses.cat\\\/ca\\\/#website\"},\"primaryImageOfPage\":{\"@id\":\"https:\\\/\\\/barcelona.euses.cat\\\/es\\\/celebrado-en-la-sala-paranimf-el-acto-de-graduacion-de-la-primera-promocion-del-grado-en-fisioterapia-internacional-udg-ub\\\/#primaryimage\"},\"image\":{\"@id\":\"https:\\\/\\\/barcelona.euses.cat\\\/es\\\/celebrado-en-la-sala-paranimf-el-acto-de-graduacion-de-la-primera-promocion-del-grado-en-fisioterapia-internacional-udg-ub\\\/#primaryimage\"},\"thumbnailUrl\":\"https:\\\/\\\/barcelona.euses.cat\\\/wp-content\\\/uploads\\\/2019\\\/07\\\/graduacio-physio-3-1.jpeg\",\"datePublished\":\"2019-07-08T11:20:25+00:00\",\"dateModified\":\"2019-07-17T08:08:07+00:00\",\"author\":{\"@id\":\"https:\\\/\\\/barcelona.euses.cat\\\/ca\\\/#\\\/schema\\\/person\\\/8ab46080dfc4814fa59383db317735bd\"},\"breadcrumb\":{\"@id\":\"https:\\\/\\\/barcelona.euses.cat\\\/es\\\/celebrado-en-la-sala-paranimf-el-acto-de-graduacion-de-la-primera-promocion-del-grado-en-fisioterapia-internacional-udg-ub\\\/#breadcrumb\"},\"inLanguage\":\"es\",\"potentialAction\":[{\"@type\":\"ReadAction\",\"target\":[\"https:\\\/\\\/barcelona.euses.cat\\\/es\\\/celebrado-en-la-sala-paranimf-el-acto-de-graduacion-de-la-primera-promocion-del-grado-en-fisioterapia-internacional-udg-ub\\\/\"]}]},{\"@type\":\"ImageObject\",\"inLanguage\":\"es\",\"@id\":\"https:\\\/\\\/barcelona.euses.cat\\\/es\\\/celebrado-en-la-sala-paranimf-el-acto-de-graduacion-de-la-primera-promocion-del-grado-en-fisioterapia-internacional-udg-ub\\\/#primaryimage\",\"url\":\"https:\\\/\\\/barcelona.euses.cat\\\/wp-content\\\/uploads\\\/2019\\\/07\\\/graduacio-physio-3-1.jpeg\",\"contentUrl\":\"https:\\\/\\\/barcelona.euses.cat\\\/wp-content\\\/uploads\\\/2019\\\/07\\\/graduacio-physio-3-1.jpeg\",\"width\":1600,\"height\":900},{\"@type\":\"BreadcrumbList\",\"@id\":\"https:\\\/\\\/barcelona.euses.cat\\\/es\\\/celebrado-en-la-sala-paranimf-el-acto-de-graduacion-de-la-primera-promocion-del-grado-en-fisioterapia-internacional-udg-ub\\\/#breadcrumb\",\"itemListElement\":[{\"@type\":\"ListItem\",\"position\":1,\"name\":\"Portada\",\"item\":\"https:\\\/\\\/barcelona.euses.cat\\\/es\\\/\"},{\"@type\":\"ListItem\",\"position\":2,\"name\":\"Celebrado en la Sala Paranimf el acto de graduaci\u00f3n de la primera promoci\u00f3n del Grado en Fisioterapia Internacional UdG-UB\"}]},{\"@type\":\"WebSite\",\"@id\":\"https:\\\/\\\/barcelona.euses.cat\\\/ca\\\/#website\",\"url\":\"https:\\\/\\\/barcelona.euses.cat\\\/ca\\\/\",\"name\":\"EUSES - Campus de Bellvitge (Barcelona)\",\"description\":\"EUSES, Escuela Universitaria de Fisioterapia Internacional en Barcelona\",\"potentialAction\":[{\"@type\":\"SearchAction\",\"target\":{\"@type\":\"EntryPoint\",\"urlTemplate\":\"https:\\\/\\\/barcelona.euses.cat\\\/ca\\\/?s={search_term_string}\"},\"query-input\":{\"@type\":\"PropertyValueSpecification\",\"valueRequired\":true,\"valueName\":\"search_term_string\"}}],\"inLanguage\":\"es\"},{\"@type\":\"Person\",\"@id\":\"https:\\\/\\\/barcelona.euses.cat\\\/ca\\\/#\\\/schema\\\/person\\\/8ab46080dfc4814fa59383db317735bd\",\"name\":\"Jordi Danes\",\"image\":{\"@type\":\"ImageObject\",\"inLanguage\":\"es\",\"@id\":\"https:\\\/\\\/secure.gravatar.com\\\/avatar\\\/a9e4f443b594af225625ee8cfa665e41b1e0740ea34fbe0515b4ca559f8570ef?s=96&d=mm&r=g\",\"url\":\"https:\\\/\\\/secure.gravatar.com\\\/avatar\\\/a9e4f443b594af225625ee8cfa665e41b1e0740ea34fbe0515b4ca559f8570ef?s=96&d=mm&r=g\",\"contentUrl\":\"https:\\\/\\\/secure.gravatar.com\\\/avatar\\\/a9e4f443b594af225625ee8cfa665e41b1e0740ea34fbe0515b4ca559f8570ef?s=96&d=mm&r=g\",\"caption\":\"Jordi Danes\"},\"url\":\"https:\\\/\\\/barcelona.euses.cat\\\/es\\\/author\\\/jordi-danes\\\/\"}]}<\/script>\n<!-- \/ Yoast SEO plugin. -->","yoast_head_json":{"title":"Celebrado en la Sala Paranimf el acto de graduaci\u00f3n de la primera promoci\u00f3n del Grado en Fisioterapia Internacional UdG-UB | EUSES - Campus de Bellvitge (Barcelona)","robots":{"index":"index","follow":"follow","max-snippet":"max-snippet:-1","max-image-preview":"max-image-preview:large","max-video-preview":"max-video-preview:-1"},"canonical":"https:\/\/barcelona.euses.cat\/es\/celebrado-en-la-sala-paranimf-el-acto-de-graduacion-de-la-primera-promocion-del-grado-en-fisioterapia-internacional-udg-ub\/","og_locale":"es_ES","og_type":"article","og_title":"Celebrado en la Sala Paranimf el acto de graduaci\u00f3n de la primera promoci\u00f3n del Grado en Fisioterapia Internacional UdG-UB | EUSES - Campus de Bellvitge (Barcelona)","og_description":"La primera promoci\u00f3n del Grado en Fisioterapia Internacional EUSES-UdG y ENTI-UB ha visto la luz este mediod\u00eda en la Sala Paranimf de la Universidad de Barcelona con el acto de graduaci\u00f3n de los 22 nuevos fisioterapeutas, que han completado la formaci\u00f3n que iniciaron el 2015 y est\u00e1n preparados para entrar en el mercado laboral. Tambi\u00e9n [&hellip;]","og_url":"https:\/\/barcelona.euses.cat\/es\/celebrado-en-la-sala-paranimf-el-acto-de-graduacion-de-la-primera-promocion-del-grado-en-fisioterapia-internacional-udg-ub\/","og_site_name":"EUSES - Campus de Bellvitge (Barcelona)","article_publisher":"https:\/\/www.facebook.com\/PhysioBCN\/","article_published_time":"2019-07-08T11:20:25+00:00","article_modified_time":"2019-07-17T08:08:07+00:00","og_image":[{"width":1600,"height":900,"url":"https:\/\/barcelona.euses.cat\/wp-content\/uploads\/2019\/07\/graduacio-physio-3-1.jpeg","type":"image\/jpeg"}],"author":"Jordi Danes","twitter_card":"summary_large_image","twitter_misc":{"Escrito por":"Jordi Danes","Tiempo de lectura":"1 minuto"},"schema":{"@context":"https:\/\/schema.org","@graph":[{"@type":"Article","@id":"https:\/\/barcelona.euses.cat\/es\/celebrado-en-la-sala-paranimf-el-acto-de-graduacion-de-la-primera-promocion-del-grado-en-fisioterapia-internacional-udg-ub\/#article","isPartOf":{"@id":"https:\/\/barcelona.euses.cat\/es\/celebrado-en-la-sala-paranimf-el-acto-de-graduacion-de-la-primera-promocion-del-grado-en-fisioterapia-internacional-udg-ub\/"},"author":{"name":"Jordi Danes","@id":"https:\/\/barcelona.euses.cat\/ca\/#\/schema\/person\/8ab46080dfc4814fa59383db317735bd"},"headline":"Celebrado en la Sala Paranimf el acto de graduaci\u00f3n de la primera promoci\u00f3n del Grado en Fisioterapia Internacional UdG-UB","datePublished":"2019-07-08T11:20:25+00:00","dateModified":"2019-07-17T08:08:07+00:00","mainEntityOfPage":{"@id":"https:\/\/barcelona.euses.cat\/es\/celebrado-en-la-sala-paranimf-el-acto-de-graduacion-de-la-primera-promocion-del-grado-en-fisioterapia-internacional-udg-ub\/"},"wordCount":298,"commentCount":0,"image":{"@id":"https:\/\/barcelona.euses.cat\/es\/celebrado-en-la-sala-paranimf-el-acto-de-graduacion-de-la-primera-promocion-del-grado-en-fisioterapia-internacional-udg-ub\/#primaryimage"},"thumbnailUrl":"https:\/\/barcelona.euses.cat\/wp-content\/uploads\/2019\/07\/graduacio-physio-3-1.jpeg","articleSection":["Sin categorizar"],"inLanguage":"es"},{"@type":"WebPage","@id":"https:\/\/barcelona.euses.cat\/es\/celebrado-en-la-sala-paranimf-el-acto-de-graduacion-de-la-primera-promocion-del-grado-en-fisioterapia-internacional-udg-ub\/","url":"https:\/\/barcelona.euses.cat\/es\/celebrado-en-la-sala-paranimf-el-acto-de-graduacion-de-la-primera-promocion-del-grado-en-fisioterapia-internacional-udg-ub\/","name":"Celebrado en la Sala Paranimf el acto de graduaci\u00f3n de la primera promoci\u00f3n del Grado en Fisioterapia Internacional UdG-UB | EUSES - Campus de Bellvitge (Barcelona)","isPartOf":{"@id":"https:\/\/barcelona.euses.cat\/ca\/#website"},"primaryImageOfPage":{"@id":"https:\/\/barcelona.euses.cat\/es\/celebrado-en-la-sala-paranimf-el-acto-de-graduacion-de-la-primera-promocion-del-grado-en-fisioterapia-internacional-udg-ub\/#primaryimage"},"image":{"@id":"https:\/\/barcelona.euses.cat\/es\/celebrado-en-la-sala-paranimf-el-acto-de-graduacion-de-la-primera-promocion-del-grado-en-fisioterapia-internacional-udg-ub\/#primaryimage"},"thumbnailUrl":"https:\/\/barcelona.euses.cat\/wp-content\/uploads\/2019\/07\/graduacio-physio-3-1.jpeg","datePublished":"2019-07-08T11:20:25+00:00","dateModified":"2019-07-17T08:08:07+00:00","author":{"@id":"https:\/\/barcelona.euses.cat\/ca\/#\/schema\/person\/8ab46080dfc4814fa59383db317735bd"},"breadcrumb":{"@id":"https:\/\/barcelona.euses.cat\/es\/celebrado-en-la-sala-paranimf-el-acto-de-graduacion-de-la-primera-promocion-del-grado-en-fisioterapia-internacional-udg-ub\/#breadcrumb"},"inLanguage":"es","potentialAction":[{"@type":"ReadAction","target":["https:\/\/barcelona.euses.cat\/es\/celebrado-en-la-sala-paranimf-el-acto-de-graduacion-de-la-primera-promocion-del-grado-en-fisioterapia-internacional-udg-ub\/"]}]},{"@type":"ImageObject","inLanguage":"es","@id":"https:\/\/barcelona.euses.cat\/es\/celebrado-en-la-sala-paranimf-el-acto-de-graduacion-de-la-primera-promocion-del-grado-en-fisioterapia-internacional-udg-ub\/#primaryimage","url":"https:\/\/barcelona.euses.cat\/wp-content\/uploads\/2019\/07\/graduacio-physio-3-1.jpeg","contentUrl":"https:\/\/barcelona.euses.cat\/wp-content\/uploads\/2019\/07\/graduacio-physio-3-1.jpeg","width":1600,"height":900},{"@type":"BreadcrumbList","@id":"https:\/\/barcelona.euses.cat\/es\/celebrado-en-la-sala-paranimf-el-acto-de-graduacion-de-la-primera-promocion-del-grado-en-fisioterapia-internacional-udg-ub\/#breadcrumb","itemListElement":[{"@type":"ListItem","position":1,"name":"Portada","item":"https:\/\/barcelona.euses.cat\/es\/"},{"@type":"ListItem","position":2,"name":"Celebrado en la Sala Paranimf el acto de graduaci\u00f3n de la primera promoci\u00f3n del Grado en Fisioterapia Internacional UdG-UB"}]},{"@type":"WebSite","@id":"https:\/\/barcelona.euses.cat\/ca\/#website","url":"https:\/\/barcelona.euses.cat\/ca\/","name":"EUSES - Campus de Bellvitge (Barcelona)","description":"EUSES, Escuela Universitaria de Fisioterapia Internacional en Barcelona","potentialAction":[{"@type":"SearchAction","target":{"@type":"EntryPoint","urlTemplate":"https:\/\/barcelona.euses.cat\/ca\/?s={search_term_string}"},"query-input":{"@type":"PropertyValueSpecification","valueRequired":true,"valueName":"search_term_string"}}],"inLanguage":"es"},{"@type":"Person","@id":"https:\/\/barcelona.euses.cat\/ca\/#\/schema\/person\/8ab46080dfc4814fa59383db317735bd","name":"Jordi Danes","image":{"@type":"ImageObject","inLanguage":"es","@id":"https:\/\/secure.gravatar.com\/avatar\/a9e4f443b594af225625ee8cfa665e41b1e0740ea34fbe0515b4ca559f8570ef?s=96&d=mm&r=g","url":"https:\/\/secure.gravatar.com\/avatar\/a9e4f443b594af225625ee8cfa665e41b1e0740ea34fbe0515b4ca559f8570ef?s=96&d=mm&r=g","contentUrl":"https:\/\/secure.gravatar.com\/avatar\/a9e4f443b594af225625ee8cfa665e41b1e0740ea34fbe0515b4ca559f8570ef?s=96&d=mm&r=g","caption":"Jordi Danes"},"url":"https:\/\/barcelona.euses.cat\/es\/author\/jordi-danes\/"}]}},"_links":{"self":[{"href":"https:\/\/barcelona.euses.cat\/es\/wp-json\/wp\/v2\/posts\/7230","targetHints":{"allow":["GET"]}}],"collection":[{"href":"https:\/\/barcelona.euses.cat\/es\/wp-json\/wp\/v2\/posts"}],"about":[{"href":"https:\/\/barcelona.euses.cat\/es\/wp-json\/wp\/v2\/types\/post"}],"author":[{"embeddable":true,"href":"https:\/\/barcelona.euses.cat\/es\/wp-json\/wp\/v2\/users\/3"}],"replies":[{"embeddable":true,"href":"https:\/\/barcelona.euses.cat\/es\/wp-json\/wp\/v2\/comments?post=7230"}],"version-history":[{"count":4,"href":"https:\/\/barcelona.euses.cat\/es\/wp-json\/wp\/v2\/posts\/7230\/revisions"}],"predecessor-version":[{"id":7255,"href":"https:\/\/barcelona.euses.cat\/es\/wp-json\/wp\/v2\/posts\/7230\/revisions\/7255"}],"wp:featuredmedia":[{"embeddable":true,"href":"https:\/\/barcelona.euses.cat\/es\/wp-json\/wp\/v2\/media\/7239"}],"wp:attachment":[{"href":"https:\/\/barcelona.euses.cat\/es\/wp-json\/wp\/v2\/media?parent=7230"}],"wp:term":[{"taxonomy":"category","embeddable":true,"href":"https:\/\/barcelona.euses.cat\/es\/wp-json\/wp\/v2\/categories?post=7230"},{"taxonomy":"post_tag","embeddable":true,"href":"https:\/\/barcelona.euses.cat\/es\/wp-json\/wp\/v2\/tags?post=7230"}],"curies":[{"name":"wp","href":"https:\/\/api.w.org\/{rel}","templated":true}]}}