{"id":6795,"date":"2019-05-25T13:10:38","date_gmt":"2019-05-25T11:10:38","guid":{"rendered":"https:\/\/barcelona.euses.cat\/?p=6795"},"modified":"2019-05-25T13:10:38","modified_gmt":"2019-05-25T11:10:38","slug":"notable-afluencia-de-publico-en-la-jornada-de-puertas-abiertas-en-el-campus-de-bellvitge-para-el-curso-2019-20","status":"publish","type":"post","link":"https:\/\/barcelona.euses.cat\/es\/notable-afluencia-de-publico-en-la-jornada-de-puertas-abiertas-en-el-campus-de-bellvitge-para-el-curso-2019-20\/","title":{"rendered":"Notable afluencia de p\u00fablico en la jornada de puertas abiertas en el Campus de Bellvitge para el curso 2019\/20"},"content":{"rendered":"<p>Esta ma\u00f1ana se ha celebrado la \u00faltima Jornada de Puertas Abiertas previa al inicio del curso acad\u00e9mico 2019\/20, con una notable asistencia de interesados \u200b\u200ben realizar el Grado de Fisioterapia en ingl\u00e9s (Physiotherapy) en el Campus de Bellvitge. El director del grado, Mariano Gacto, inform\u00f3 con detalle de aspectos como el plan de estudios, los convenios de colaboraci\u00f3n, las salidas profesionales, la movilidad &#8230; y posteriormente ha resuelto las dudas y respondido a las preguntas que los asistentes han planteado. La jornada ha finalizado con una visita guiada en las instalaciones.<\/p>\n<p>.<\/p>\n<p><a href=\"https:\/\/barcelona.euses.cat\/wp-content\/uploads\/2019\/05\/JPO-bellvitge-25M-10.jpeg\"><img fetchpriority=\"high\" decoding=\"async\" class=\"alignnone wp-image-6793 size-medium\" src=\"https:\/\/barcelona.euses.cat\/wp-content\/uploads\/2019\/05\/JPO-bellvitge-25M-10-300x169.jpeg\" alt=\"\" width=\"300\" height=\"169\" srcset=\"https:\/\/barcelona.euses.cat\/wp-content\/uploads\/2019\/05\/JPO-bellvitge-25M-10-300x169.jpeg 300w, https:\/\/barcelona.euses.cat\/wp-content\/uploads\/2019\/05\/JPO-bellvitge-25M-10-768x432.jpeg 768w, https:\/\/barcelona.euses.cat\/wp-content\/uploads\/2019\/05\/JPO-bellvitge-25M-10-1024x576.jpeg 1024w, https:\/\/barcelona.euses.cat\/wp-content\/uploads\/2019\/05\/JPO-bellvitge-25M-10-350x197.jpeg 350w, https:\/\/barcelona.euses.cat\/wp-content\/uploads\/2019\/05\/JPO-bellvitge-25M-10.jpeg 1600w\" sizes=\"(max-width: 300px) 100vw, 300px\" \/><\/a> <a href=\"https:\/\/barcelona.euses.cat\/wp-content\/uploads\/2019\/05\/JPO-bellvitge-25M-9.jpeg\"><img decoding=\"async\" class=\"alignnone wp-image-6789 size-medium\" src=\"https:\/\/barcelona.euses.cat\/wp-content\/uploads\/2019\/05\/JPO-bellvitge-25M-9-300x169.jpeg\" alt=\"\" width=\"300\" height=\"169\" srcset=\"https:\/\/barcelona.euses.cat\/wp-content\/uploads\/2019\/05\/JPO-bellvitge-25M-9-300x169.jpeg 300w, https:\/\/barcelona.euses.cat\/wp-content\/uploads\/2019\/05\/JPO-bellvitge-25M-9-768x432.jpeg 768w, https:\/\/barcelona.euses.cat\/wp-content\/uploads\/2019\/05\/JPO-bellvitge-25M-9-1024x576.jpeg 1024w, https:\/\/barcelona.euses.cat\/wp-content\/uploads\/2019\/05\/JPO-bellvitge-25M-9-350x197.jpeg 350w, https:\/\/barcelona.euses.cat\/wp-content\/uploads\/2019\/05\/JPO-bellvitge-25M-9.jpeg 1600w\" sizes=\"(max-width: 300px) 100vw, 300px\" \/><\/a> <a href=\"https:\/\/barcelona.euses.cat\/wp-content\/uploads\/2019\/05\/JPO-bellvitge-25M-8.jpeg\"><img decoding=\"async\" class=\"alignnone wp-image-6785 size-medium\" src=\"https:\/\/barcelona.euses.cat\/wp-content\/uploads\/2019\/05\/JPO-bellvitge-25M-8-300x169.jpeg\" alt=\"\" width=\"300\" height=\"169\" srcset=\"https:\/\/barcelona.euses.cat\/wp-content\/uploads\/2019\/05\/JPO-bellvitge-25M-8-300x169.jpeg 300w, https:\/\/barcelona.euses.cat\/wp-content\/uploads\/2019\/05\/JPO-bellvitge-25M-8-768x432.jpeg 768w, https:\/\/barcelona.euses.cat\/wp-content\/uploads\/2019\/05\/JPO-bellvitge-25M-8-1024x576.jpeg 1024w, https:\/\/barcelona.euses.cat\/wp-content\/uploads\/2019\/05\/JPO-bellvitge-25M-8-350x197.jpeg 350w, https:\/\/barcelona.euses.cat\/wp-content\/uploads\/2019\/05\/JPO-bellvitge-25M-8.jpeg 1600w\" sizes=\"(max-width: 300px) 100vw, 300px\" \/><\/a> <a href=\"https:\/\/barcelona.euses.cat\/wp-content\/uploads\/2019\/05\/JPO-bellvitge-25M-6.jpeg\"><img loading=\"lazy\" decoding=\"async\" class=\"alignnone wp-image-6777 size-medium\" src=\"https:\/\/barcelona.euses.cat\/wp-content\/uploads\/2019\/05\/JPO-bellvitge-25M-6-300x225.jpeg\" alt=\"\" width=\"300\" height=\"225\" srcset=\"https:\/\/barcelona.euses.cat\/wp-content\/uploads\/2019\/05\/JPO-bellvitge-25M-6-300x225.jpeg 300w, https:\/\/barcelona.euses.cat\/wp-content\/uploads\/2019\/05\/JPO-bellvitge-25M-6-768x576.jpeg 768w, https:\/\/barcelona.euses.cat\/wp-content\/uploads\/2019\/05\/JPO-bellvitge-25M-6-1024x768.jpeg 1024w, https:\/\/barcelona.euses.cat\/wp-content\/uploads\/2019\/05\/JPO-bellvitge-25M-6-267x200.jpeg 267w, https:\/\/barcelona.euses.cat\/wp-content\/uploads\/2019\/05\/JPO-bellvitge-25M-6-700x525.jpeg 700w, https:\/\/barcelona.euses.cat\/wp-content\/uploads\/2019\/05\/JPO-bellvitge-25M-6.jpeg 1600w\" sizes=\"(max-width: 300px) 100vw, 300px\" \/><\/a> <a href=\"https:\/\/barcelona.euses.cat\/wp-content\/uploads\/2019\/05\/JPO-bellvitge-25M-5.jpeg\"><img loading=\"lazy\" decoding=\"async\" class=\"alignnone wp-image-6773 size-medium\" src=\"https:\/\/barcelona.euses.cat\/wp-content\/uploads\/2019\/05\/JPO-bellvitge-25M-5-300x225.jpeg\" alt=\"\" width=\"300\" height=\"225\" srcset=\"https:\/\/barcelona.euses.cat\/wp-content\/uploads\/2019\/05\/JPO-bellvitge-25M-5-300x225.jpeg 300w, https:\/\/barcelona.euses.cat\/wp-content\/uploads\/2019\/05\/JPO-bellvitge-25M-5-768x576.jpeg 768w, https:\/\/barcelona.euses.cat\/wp-content\/uploads\/2019\/05\/JPO-bellvitge-25M-5-1024x768.jpeg 1024w, https:\/\/barcelona.euses.cat\/wp-content\/uploads\/2019\/05\/JPO-bellvitge-25M-5-267x200.jpeg 267w, https:\/\/barcelona.euses.cat\/wp-content\/uploads\/2019\/05\/JPO-bellvitge-25M-5-700x525.jpeg 700w, https:\/\/barcelona.euses.cat\/wp-content\/uploads\/2019\/05\/JPO-bellvitge-25M-5.jpeg 1600w\" sizes=\"(max-width: 300px) 100vw, 300px\" \/><\/a> <a href=\"https:\/\/barcelona.euses.cat\/wp-content\/uploads\/2019\/05\/JPO-bellvitge-25M-4.jpeg\"><img loading=\"lazy\" decoding=\"async\" class=\"alignnone wp-image-6769 size-medium\" src=\"https:\/\/barcelona.euses.cat\/wp-content\/uploads\/2019\/05\/JPO-bellvitge-25M-4-300x225.jpeg\" alt=\"\" width=\"300\" height=\"225\" srcset=\"https:\/\/barcelona.euses.cat\/wp-content\/uploads\/2019\/05\/JPO-bellvitge-25M-4-300x225.jpeg 300w, https:\/\/barcelona.euses.cat\/wp-content\/uploads\/2019\/05\/JPO-bellvitge-25M-4-768x576.jpeg 768w, https:\/\/barcelona.euses.cat\/wp-content\/uploads\/2019\/05\/JPO-bellvitge-25M-4-1024x768.jpeg 1024w, https:\/\/barcelona.euses.cat\/wp-content\/uploads\/2019\/05\/JPO-bellvitge-25M-4-267x200.jpeg 267w, https:\/\/barcelona.euses.cat\/wp-content\/uploads\/2019\/05\/JPO-bellvitge-25M-4-700x525.jpeg 700w, https:\/\/barcelona.euses.cat\/wp-content\/uploads\/2019\/05\/JPO-bellvitge-25M-4.jpeg 1600w\" sizes=\"(max-width: 300px) 100vw, 300px\" \/><\/a> <a href=\"https:\/\/barcelona.euses.cat\/wp-content\/uploads\/2019\/05\/JPO-bellvitge-25M-3.jpeg\"><img loading=\"lazy\" decoding=\"async\" class=\"alignnone wp-image-6765 size-medium\" src=\"https:\/\/barcelona.euses.cat\/wp-content\/uploads\/2019\/05\/JPO-bellvitge-25M-3-300x225.jpeg\" alt=\"\" width=\"300\" height=\"225\" srcset=\"https:\/\/barcelona.euses.cat\/wp-content\/uploads\/2019\/05\/JPO-bellvitge-25M-3-300x225.jpeg 300w, https:\/\/barcelona.euses.cat\/wp-content\/uploads\/2019\/05\/JPO-bellvitge-25M-3-768x576.jpeg 768w, https:\/\/barcelona.euses.cat\/wp-content\/uploads\/2019\/05\/JPO-bellvitge-25M-3-1024x768.jpeg 1024w, https:\/\/barcelona.euses.cat\/wp-content\/uploads\/2019\/05\/JPO-bellvitge-25M-3-267x200.jpeg 267w, https:\/\/barcelona.euses.cat\/wp-content\/uploads\/2019\/05\/JPO-bellvitge-25M-3-700x525.jpeg 700w, https:\/\/barcelona.euses.cat\/wp-content\/uploads\/2019\/05\/JPO-bellvitge-25M-3.jpeg 1600w\" sizes=\"(max-width: 300px) 100vw, 300px\" \/><\/a> <a href=\"https:\/\/barcelona.euses.cat\/wp-content\/uploads\/2019\/05\/JPO-bellvitge-25M-1.jpeg\"><img loading=\"lazy\" decoding=\"async\" class=\"alignnone wp-image-6757 size-medium\" src=\"https:\/\/barcelona.euses.cat\/wp-content\/uploads\/2019\/05\/JPO-bellvitge-25M-1-300x169.jpeg\" alt=\"\" width=\"300\" height=\"169\" srcset=\"https:\/\/barcelona.euses.cat\/wp-content\/uploads\/2019\/05\/JPO-bellvitge-25M-1-300x169.jpeg 300w, https:\/\/barcelona.euses.cat\/wp-content\/uploads\/2019\/05\/JPO-bellvitge-25M-1-768x432.jpeg 768w, https:\/\/barcelona.euses.cat\/wp-content\/uploads\/2019\/05\/JPO-bellvitge-25M-1-1024x576.jpeg 1024w, https:\/\/barcelona.euses.cat\/wp-content\/uploads\/2019\/05\/JPO-bellvitge-25M-1-350x197.jpeg 350w, https:\/\/barcelona.euses.cat\/wp-content\/uploads\/2019\/05\/JPO-bellvitge-25M-1.jpeg 1600w\" sizes=\"(max-width: 300px) 100vw, 300px\" \/><\/a><\/p>\n","protected":false},"excerpt":{"rendered":"<p>Esta ma\u00f1ana se ha celebrado la \u00faltima Jornada de Puertas Abiertas previa al inicio del curso acad\u00e9mico 2019\/20, con una notable asistencia de interesados \u200b\u200ben realizar el Grado de Fisioterapia en ingl\u00e9s (Physiotherapy) en el Campus de Bellvitge. El director del grado, Mariano Gacto, inform\u00f3 con detalle de aspectos como el plan de estudios, los [&hellip;]<\/p>\n","protected":false},"author":3,"featured_media":6761,"comment_status":"open","ping_status":"closed","sticky":false,"template":"","format":"standard","meta":{"_acf_changed":false,"inline_featured_image":false,"_joinchat":[],"footnotes":""},"categories":[1],"tags":[],"class_list":["post-6795","post","type-post","status-publish","format-standard","has-post-thumbnail","hentry","category-sin-categorizar"],"acf":[],"yoast_head":"<!-- This site is optimized with the Yoast SEO plugin v27.4 - https:\/\/yoast.com\/product\/yoast-seo-wordpress\/ -->\n<title>Notable afluencia de p\u00fablico en la jornada de puertas abiertas en el Campus de Bellvitge para el curso 2019\/20 | EUSES - Campus de Bellvitge (Barcelona)<\/title>\n<meta name=\"robots\" content=\"index, follow, max-snippet:-1, max-image-preview:large, max-video-preview:-1\" \/>\n<link rel=\"canonical\" href=\"https:\/\/barcelona.euses.cat\/es\/notable-afluencia-de-publico-en-la-jornada-de-puertas-abiertas-en-el-campus-de-bellvitge-para-el-curso-2019-20\/\" \/>\n<meta property=\"og:locale\" content=\"es_ES\" \/>\n<meta property=\"og:type\" content=\"article\" \/>\n<meta property=\"og:title\" content=\"Notable afluencia de p\u00fablico en la jornada de puertas abiertas en el Campus de Bellvitge para el curso 2019\/20 | EUSES - Campus de Bellvitge (Barcelona)\" \/>\n<meta property=\"og:description\" content=\"Esta ma\u00f1ana se ha celebrado la \u00faltima Jornada de Puertas Abiertas previa al inicio del curso acad\u00e9mico 2019\/20, con una notable asistencia de interesados \u200b\u200ben realizar el Grado de Fisioterapia en ingl\u00e9s (Physiotherapy) en el Campus de Bellvitge. El director del grado, Mariano Gacto, inform\u00f3 con detalle de aspectos como el plan de estudios, los [&hellip;]\" \/>\n<meta property=\"og:url\" content=\"https:\/\/barcelona.euses.cat\/es\/notable-afluencia-de-publico-en-la-jornada-de-puertas-abiertas-en-el-campus-de-bellvitge-para-el-curso-2019-20\/\" \/>\n<meta property=\"og:site_name\" content=\"EUSES - Campus de Bellvitge (Barcelona)\" \/>\n<meta property=\"article:publisher\" content=\"https:\/\/www.facebook.com\/PhysioBCN\/\" \/>\n<meta property=\"article:published_time\" content=\"2019-05-25T11:10:38+00:00\" \/>\n<meta property=\"og:image\" content=\"https:\/\/barcelona.euses.cat\/wp-content\/uploads\/2019\/05\/JPO-bellvitge-25M-2.jpeg\" \/>\n\t<meta property=\"og:image:width\" content=\"1600\" \/>\n\t<meta property=\"og:image:height\" content=\"1200\" \/>\n\t<meta property=\"og:image:type\" content=\"image\/jpeg\" \/>\n<meta name=\"author\" content=\"Jordi Danes\" \/>\n<meta name=\"twitter:card\" content=\"summary_large_image\" \/>\n<meta name=\"twitter:label1\" content=\"Escrito por\" \/>\n\t<meta name=\"twitter:data1\" content=\"Jordi Danes\" \/>\n<script type=\"application\/ld+json\" class=\"yoast-schema-graph\">{\"@context\":\"https:\\\/\\\/schema.org\",\"@graph\":[{\"@type\":\"Article\",\"@id\":\"https:\\\/\\\/barcelona.euses.cat\\\/es\\\/notable-afluencia-de-publico-en-la-jornada-de-puertas-abiertas-en-el-campus-de-bellvitge-para-el-curso-2019-20\\\/#article\",\"isPartOf\":{\"@id\":\"https:\\\/\\\/barcelona.euses.cat\\\/es\\\/notable-afluencia-de-publico-en-la-jornada-de-puertas-abiertas-en-el-campus-de-bellvitge-para-el-curso-2019-20\\\/\"},\"author\":{\"name\":\"Jordi Danes\",\"@id\":\"https:\\\/\\\/barcelona.euses.cat\\\/ca\\\/#\\\/schema\\\/person\\\/8ab46080dfc4814fa59383db317735bd\"},\"headline\":\"Notable afluencia de p\u00fablico en la jornada de puertas abiertas en el Campus de Bellvitge para el curso 2019\\\/20\",\"datePublished\":\"2019-05-25T11:10:38+00:00\",\"mainEntityOfPage\":{\"@id\":\"https:\\\/\\\/barcelona.euses.cat\\\/es\\\/notable-afluencia-de-publico-en-la-jornada-de-puertas-abiertas-en-el-campus-de-bellvitge-para-el-curso-2019-20\\\/\"},\"wordCount\":112,\"commentCount\":0,\"image\":{\"@id\":\"https:\\\/\\\/barcelona.euses.cat\\\/es\\\/notable-afluencia-de-publico-en-la-jornada-de-puertas-abiertas-en-el-campus-de-bellvitge-para-el-curso-2019-20\\\/#primaryimage\"},\"thumbnailUrl\":\"https:\\\/\\\/barcelona.euses.cat\\\/wp-content\\\/uploads\\\/2019\\\/05\\\/JPO-bellvitge-25M-2.jpeg\",\"articleSection\":[\"Sin categorizar\"],\"inLanguage\":\"es\"},{\"@type\":\"WebPage\",\"@id\":\"https:\\\/\\\/barcelona.euses.cat\\\/es\\\/notable-afluencia-de-publico-en-la-jornada-de-puertas-abiertas-en-el-campus-de-bellvitge-para-el-curso-2019-20\\\/\",\"url\":\"https:\\\/\\\/barcelona.euses.cat\\\/es\\\/notable-afluencia-de-publico-en-la-jornada-de-puertas-abiertas-en-el-campus-de-bellvitge-para-el-curso-2019-20\\\/\",\"name\":\"Notable afluencia de p\u00fablico en la jornada de puertas abiertas en el Campus de Bellvitge para el curso 2019\\\/20 | EUSES - Campus de Bellvitge (Barcelona)\",\"isPartOf\":{\"@id\":\"https:\\\/\\\/barcelona.euses.cat\\\/ca\\\/#website\"},\"primaryImageOfPage\":{\"@id\":\"https:\\\/\\\/barcelona.euses.cat\\\/es\\\/notable-afluencia-de-publico-en-la-jornada-de-puertas-abiertas-en-el-campus-de-bellvitge-para-el-curso-2019-20\\\/#primaryimage\"},\"image\":{\"@id\":\"https:\\\/\\\/barcelona.euses.cat\\\/es\\\/notable-afluencia-de-publico-en-la-jornada-de-puertas-abiertas-en-el-campus-de-bellvitge-para-el-curso-2019-20\\\/#primaryimage\"},\"thumbnailUrl\":\"https:\\\/\\\/barcelona.euses.cat\\\/wp-content\\\/uploads\\\/2019\\\/05\\\/JPO-bellvitge-25M-2.jpeg\",\"datePublished\":\"2019-05-25T11:10:38+00:00\",\"author\":{\"@id\":\"https:\\\/\\\/barcelona.euses.cat\\\/ca\\\/#\\\/schema\\\/person\\\/8ab46080dfc4814fa59383db317735bd\"},\"breadcrumb\":{\"@id\":\"https:\\\/\\\/barcelona.euses.cat\\\/es\\\/notable-afluencia-de-publico-en-la-jornada-de-puertas-abiertas-en-el-campus-de-bellvitge-para-el-curso-2019-20\\\/#breadcrumb\"},\"inLanguage\":\"es\",\"potentialAction\":[{\"@type\":\"ReadAction\",\"target\":[\"https:\\\/\\\/barcelona.euses.cat\\\/es\\\/notable-afluencia-de-publico-en-la-jornada-de-puertas-abiertas-en-el-campus-de-bellvitge-para-el-curso-2019-20\\\/\"]}]},{\"@type\":\"ImageObject\",\"inLanguage\":\"es\",\"@id\":\"https:\\\/\\\/barcelona.euses.cat\\\/es\\\/notable-afluencia-de-publico-en-la-jornada-de-puertas-abiertas-en-el-campus-de-bellvitge-para-el-curso-2019-20\\\/#primaryimage\",\"url\":\"https:\\\/\\\/barcelona.euses.cat\\\/wp-content\\\/uploads\\\/2019\\\/05\\\/JPO-bellvitge-25M-2.jpeg\",\"contentUrl\":\"https:\\\/\\\/barcelona.euses.cat\\\/wp-content\\\/uploads\\\/2019\\\/05\\\/JPO-bellvitge-25M-2.jpeg\",\"width\":1600,\"height\":1200},{\"@type\":\"BreadcrumbList\",\"@id\":\"https:\\\/\\\/barcelona.euses.cat\\\/es\\\/notable-afluencia-de-publico-en-la-jornada-de-puertas-abiertas-en-el-campus-de-bellvitge-para-el-curso-2019-20\\\/#breadcrumb\",\"itemListElement\":[{\"@type\":\"ListItem\",\"position\":1,\"name\":\"Portada\",\"item\":\"https:\\\/\\\/barcelona.euses.cat\\\/es\\\/\"},{\"@type\":\"ListItem\",\"position\":2,\"name\":\"Notable afluencia de p\u00fablico en la jornada de puertas abiertas en el Campus de Bellvitge para el curso 2019\\\/20\"}]},{\"@type\":\"WebSite\",\"@id\":\"https:\\\/\\\/barcelona.euses.cat\\\/ca\\\/#website\",\"url\":\"https:\\\/\\\/barcelona.euses.cat\\\/ca\\\/\",\"name\":\"EUSES - Campus de Bellvitge (Barcelona)\",\"description\":\"EUSES, Escuela Universitaria de Fisioterapia Internacional en Barcelona\",\"potentialAction\":[{\"@type\":\"SearchAction\",\"target\":{\"@type\":\"EntryPoint\",\"urlTemplate\":\"https:\\\/\\\/barcelona.euses.cat\\\/ca\\\/?s={search_term_string}\"},\"query-input\":{\"@type\":\"PropertyValueSpecification\",\"valueRequired\":true,\"valueName\":\"search_term_string\"}}],\"inLanguage\":\"es\"},{\"@type\":\"Person\",\"@id\":\"https:\\\/\\\/barcelona.euses.cat\\\/ca\\\/#\\\/schema\\\/person\\\/8ab46080dfc4814fa59383db317735bd\",\"name\":\"Jordi Danes\",\"image\":{\"@type\":\"ImageObject\",\"inLanguage\":\"es\",\"@id\":\"https:\\\/\\\/secure.gravatar.com\\\/avatar\\\/a9e4f443b594af225625ee8cfa665e41b1e0740ea34fbe0515b4ca559f8570ef?s=96&d=mm&r=g\",\"url\":\"https:\\\/\\\/secure.gravatar.com\\\/avatar\\\/a9e4f443b594af225625ee8cfa665e41b1e0740ea34fbe0515b4ca559f8570ef?s=96&d=mm&r=g\",\"contentUrl\":\"https:\\\/\\\/secure.gravatar.com\\\/avatar\\\/a9e4f443b594af225625ee8cfa665e41b1e0740ea34fbe0515b4ca559f8570ef?s=96&d=mm&r=g\",\"caption\":\"Jordi Danes\"},\"url\":\"https:\\\/\\\/barcelona.euses.cat\\\/es\\\/author\\\/jordi-danes\\\/\"}]}<\/script>\n<!-- \/ Yoast SEO plugin. -->","yoast_head_json":{"title":"Notable afluencia de p\u00fablico en la jornada de puertas abiertas en el Campus de Bellvitge para el curso 2019\/20 | EUSES - Campus de Bellvitge (Barcelona)","robots":{"index":"index","follow":"follow","max-snippet":"max-snippet:-1","max-image-preview":"max-image-preview:large","max-video-preview":"max-video-preview:-1"},"canonical":"https:\/\/barcelona.euses.cat\/es\/notable-afluencia-de-publico-en-la-jornada-de-puertas-abiertas-en-el-campus-de-bellvitge-para-el-curso-2019-20\/","og_locale":"es_ES","og_type":"article","og_title":"Notable afluencia de p\u00fablico en la jornada de puertas abiertas en el Campus de Bellvitge para el curso 2019\/20 | EUSES - Campus de Bellvitge (Barcelona)","og_description":"Esta ma\u00f1ana se ha celebrado la \u00faltima Jornada de Puertas Abiertas previa al inicio del curso acad\u00e9mico 2019\/20, con una notable asistencia de interesados \u200b\u200ben realizar el Grado de Fisioterapia en ingl\u00e9s (Physiotherapy) en el Campus de Bellvitge. El director del grado, Mariano Gacto, inform\u00f3 con detalle de aspectos como el plan de estudios, los [&hellip;]","og_url":"https:\/\/barcelona.euses.cat\/es\/notable-afluencia-de-publico-en-la-jornada-de-puertas-abiertas-en-el-campus-de-bellvitge-para-el-curso-2019-20\/","og_site_name":"EUSES - Campus de Bellvitge (Barcelona)","article_publisher":"https:\/\/www.facebook.com\/PhysioBCN\/","article_published_time":"2019-05-25T11:10:38+00:00","og_image":[{"width":1600,"height":1200,"url":"https:\/\/barcelona.euses.cat\/wp-content\/uploads\/2019\/05\/JPO-bellvitge-25M-2.jpeg","type":"image\/jpeg"}],"author":"Jordi Danes","twitter_card":"summary_large_image","twitter_misc":{"Escrito por":"Jordi Danes"},"schema":{"@context":"https:\/\/schema.org","@graph":[{"@type":"Article","@id":"https:\/\/barcelona.euses.cat\/es\/notable-afluencia-de-publico-en-la-jornada-de-puertas-abiertas-en-el-campus-de-bellvitge-para-el-curso-2019-20\/#article","isPartOf":{"@id":"https:\/\/barcelona.euses.cat\/es\/notable-afluencia-de-publico-en-la-jornada-de-puertas-abiertas-en-el-campus-de-bellvitge-para-el-curso-2019-20\/"},"author":{"name":"Jordi Danes","@id":"https:\/\/barcelona.euses.cat\/ca\/#\/schema\/person\/8ab46080dfc4814fa59383db317735bd"},"headline":"Notable afluencia de p\u00fablico en la jornada de puertas abiertas en el Campus de Bellvitge para el curso 2019\/20","datePublished":"2019-05-25T11:10:38+00:00","mainEntityOfPage":{"@id":"https:\/\/barcelona.euses.cat\/es\/notable-afluencia-de-publico-en-la-jornada-de-puertas-abiertas-en-el-campus-de-bellvitge-para-el-curso-2019-20\/"},"wordCount":112,"commentCount":0,"image":{"@id":"https:\/\/barcelona.euses.cat\/es\/notable-afluencia-de-publico-en-la-jornada-de-puertas-abiertas-en-el-campus-de-bellvitge-para-el-curso-2019-20\/#primaryimage"},"thumbnailUrl":"https:\/\/barcelona.euses.cat\/wp-content\/uploads\/2019\/05\/JPO-bellvitge-25M-2.jpeg","articleSection":["Sin categorizar"],"inLanguage":"es"},{"@type":"WebPage","@id":"https:\/\/barcelona.euses.cat\/es\/notable-afluencia-de-publico-en-la-jornada-de-puertas-abiertas-en-el-campus-de-bellvitge-para-el-curso-2019-20\/","url":"https:\/\/barcelona.euses.cat\/es\/notable-afluencia-de-publico-en-la-jornada-de-puertas-abiertas-en-el-campus-de-bellvitge-para-el-curso-2019-20\/","name":"Notable afluencia de p\u00fablico en la jornada de puertas abiertas en el Campus de Bellvitge para el curso 2019\/20 | EUSES - Campus de Bellvitge (Barcelona)","isPartOf":{"@id":"https:\/\/barcelona.euses.cat\/ca\/#website"},"primaryImageOfPage":{"@id":"https:\/\/barcelona.euses.cat\/es\/notable-afluencia-de-publico-en-la-jornada-de-puertas-abiertas-en-el-campus-de-bellvitge-para-el-curso-2019-20\/#primaryimage"},"image":{"@id":"https:\/\/barcelona.euses.cat\/es\/notable-afluencia-de-publico-en-la-jornada-de-puertas-abiertas-en-el-campus-de-bellvitge-para-el-curso-2019-20\/#primaryimage"},"thumbnailUrl":"https:\/\/barcelona.euses.cat\/wp-content\/uploads\/2019\/05\/JPO-bellvitge-25M-2.jpeg","datePublished":"2019-05-25T11:10:38+00:00","author":{"@id":"https:\/\/barcelona.euses.cat\/ca\/#\/schema\/person\/8ab46080dfc4814fa59383db317735bd"},"breadcrumb":{"@id":"https:\/\/barcelona.euses.cat\/es\/notable-afluencia-de-publico-en-la-jornada-de-puertas-abiertas-en-el-campus-de-bellvitge-para-el-curso-2019-20\/#breadcrumb"},"inLanguage":"es","potentialAction":[{"@type":"ReadAction","target":["https:\/\/barcelona.euses.cat\/es\/notable-afluencia-de-publico-en-la-jornada-de-puertas-abiertas-en-el-campus-de-bellvitge-para-el-curso-2019-20\/"]}]},{"@type":"ImageObject","inLanguage":"es","@id":"https:\/\/barcelona.euses.cat\/es\/notable-afluencia-de-publico-en-la-jornada-de-puertas-abiertas-en-el-campus-de-bellvitge-para-el-curso-2019-20\/#primaryimage","url":"https:\/\/barcelona.euses.cat\/wp-content\/uploads\/2019\/05\/JPO-bellvitge-25M-2.jpeg","contentUrl":"https:\/\/barcelona.euses.cat\/wp-content\/uploads\/2019\/05\/JPO-bellvitge-25M-2.jpeg","width":1600,"height":1200},{"@type":"BreadcrumbList","@id":"https:\/\/barcelona.euses.cat\/es\/notable-afluencia-de-publico-en-la-jornada-de-puertas-abiertas-en-el-campus-de-bellvitge-para-el-curso-2019-20\/#breadcrumb","itemListElement":[{"@type":"ListItem","position":1,"name":"Portada","item":"https:\/\/barcelona.euses.cat\/es\/"},{"@type":"ListItem","position":2,"name":"Notable afluencia de p\u00fablico en la jornada de puertas abiertas en el Campus de Bellvitge para el curso 2019\/20"}]},{"@type":"WebSite","@id":"https:\/\/barcelona.euses.cat\/ca\/#website","url":"https:\/\/barcelona.euses.cat\/ca\/","name":"EUSES - Campus de Bellvitge (Barcelona)","description":"EUSES, Escuela Universitaria de Fisioterapia Internacional en Barcelona","potentialAction":[{"@type":"SearchAction","target":{"@type":"EntryPoint","urlTemplate":"https:\/\/barcelona.euses.cat\/ca\/?s={search_term_string}"},"query-input":{"@type":"PropertyValueSpecification","valueRequired":true,"valueName":"search_term_string"}}],"inLanguage":"es"},{"@type":"Person","@id":"https:\/\/barcelona.euses.cat\/ca\/#\/schema\/person\/8ab46080dfc4814fa59383db317735bd","name":"Jordi Danes","image":{"@type":"ImageObject","inLanguage":"es","@id":"https:\/\/secure.gravatar.com\/avatar\/a9e4f443b594af225625ee8cfa665e41b1e0740ea34fbe0515b4ca559f8570ef?s=96&d=mm&r=g","url":"https:\/\/secure.gravatar.com\/avatar\/a9e4f443b594af225625ee8cfa665e41b1e0740ea34fbe0515b4ca559f8570ef?s=96&d=mm&r=g","contentUrl":"https:\/\/secure.gravatar.com\/avatar\/a9e4f443b594af225625ee8cfa665e41b1e0740ea34fbe0515b4ca559f8570ef?s=96&d=mm&r=g","caption":"Jordi Danes"},"url":"https:\/\/barcelona.euses.cat\/es\/author\/jordi-danes\/"}]}},"_links":{"self":[{"href":"https:\/\/barcelona.euses.cat\/es\/wp-json\/wp\/v2\/posts\/6795","targetHints":{"allow":["GET"]}}],"collection":[{"href":"https:\/\/barcelona.euses.cat\/es\/wp-json\/wp\/v2\/posts"}],"about":[{"href":"https:\/\/barcelona.euses.cat\/es\/wp-json\/wp\/v2\/types\/post"}],"author":[{"embeddable":true,"href":"https:\/\/barcelona.euses.cat\/es\/wp-json\/wp\/v2\/users\/3"}],"replies":[{"embeddable":true,"href":"https:\/\/barcelona.euses.cat\/es\/wp-json\/wp\/v2\/comments?post=6795"}],"version-history":[{"count":1,"href":"https:\/\/barcelona.euses.cat\/es\/wp-json\/wp\/v2\/posts\/6795\/revisions"}],"predecessor-version":[{"id":6796,"href":"https:\/\/barcelona.euses.cat\/es\/wp-json\/wp\/v2\/posts\/6795\/revisions\/6796"}],"wp:featuredmedia":[{"embeddable":true,"href":"https:\/\/barcelona.euses.cat\/es\/wp-json\/wp\/v2\/media\/6761"}],"wp:attachment":[{"href":"https:\/\/barcelona.euses.cat\/es\/wp-json\/wp\/v2\/media?parent=6795"}],"wp:term":[{"taxonomy":"category","embeddable":true,"href":"https:\/\/barcelona.euses.cat\/es\/wp-json\/wp\/v2\/categories?post=6795"},{"taxonomy":"post_tag","embeddable":true,"href":"https:\/\/barcelona.euses.cat\/es\/wp-json\/wp\/v2\/tags?post=6795"}],"curies":[{"name":"wp","href":"https:\/\/api.w.org\/{rel}","templated":true}]}}