{"id":5956,"date":"2015-03-16T00:00:00","date_gmt":"2015-03-15T23:00:00","guid":{"rendered":"http:\/\/physiotherapybarcelona.net\/la-dualidad-teorico-practica-de-nuestros-estudios\/"},"modified":"2015-03-16T00:00:00","modified_gmt":"2015-03-15T23:00:00","slug":"la-dualidad-teorico-practica-de-nuestros-estudios","status":"publish","type":"post","link":"https:\/\/barcelona.euses.cat\/es\/la-dualidad-teorico-practica-de-nuestros-estudios\/","title":{"rendered":"La dualidad te\u00f3rico-pr\u00e1ctica de nuestros estudios"},"content":{"rendered":"<p>Los estudios en Fisioterapia se basan en la dualidad te\u00f3rico-pr\u00e1ctica. Las clases te\u00f3ricas permiten al futuro fisioterapeuta la obtenci\u00f3n de herramientas de valoraci\u00f3n, terapia y dise\u00f1o de tratamientos.<\/p>\n<p><strong>Las clases pr\u00e1cticas tienen por objeto<\/strong> aplicar los principios te\u00f3ricos de modo t\u00e9cnico, as\u00ed como <strong>reproducir un ambiente situacional real a nivel profesional<\/strong>, para familiarizar al estudiante con aspectos terap\u00e9uticos y contextuales que encontrar\u00e1 en su incorporaci\u00f3n al mercado laboral. Adem\u00e1s, el Grado cuenta con un <strong>importante volumen de horas de pr\u00e1cticas<\/strong> cl\u00ednicas, realizadas en distintas estructuras socio-sanitarias, para dotar al alumno de un bagaje \u00f3ptimo.<\/p>\n<p>El <strong>seguimiento es individualizado<\/strong>, a trav\u00e9s de la organizaci\u00f3n de grupos de pr\u00e1cticas con un volumen de alumnado asumible, para garantizar la mejor calidad y seguimiento docente, as\u00ed como la organizaci\u00f3n de tutor\u00edas y seminarios para monitorizar y optimizar el rendimiento de cada alumno a lo largo del curso.<\/p>\n","protected":false},"excerpt":{"rendered":"<p>Los estudios en Fisioterapia se basan en la dualidad te\u00f3rico-pr\u00e1ctica. Las clases te\u00f3ricas permiten al futuro fisioterapeuta la obtenci\u00f3n de herramientas de valoraci\u00f3n, terapia y dise\u00f1o de tratamientos. Las clases pr\u00e1cticas tienen por objeto aplicar los principios te\u00f3ricos de modo t\u00e9cnico, as\u00ed como reproducir un ambiente situacional real a nivel profesional, para familiarizar al estudiante [&hellip;]<\/p>\n","protected":false},"author":1,"featured_media":5686,"comment_status":"closed","ping_status":"closed","sticky":false,"template":"","format":"standard","meta":{"_acf_changed":false,"inline_featured_image":false,"_joinchat":[],"footnotes":""},"categories":[1],"tags":[44],"class_list":["post-5956","post","type-post","status-publish","format-standard","has-post-thumbnail","hentry","category-sin-categorizar","tag-castellano"],"acf":[],"yoast_head":"<!-- This site is optimized with the Yoast SEO plugin v27.4 - https:\/\/yoast.com\/product\/yoast-seo-wordpress\/ -->\n<title>La dualidad te\u00f3rico-pr\u00e1ctica de nuestros estudios | EUSES - Campus de Bellvitge (Barcelona)<\/title>\n<meta name=\"robots\" content=\"index, follow, max-snippet:-1, max-image-preview:large, max-video-preview:-1\" \/>\n<link rel=\"canonical\" href=\"https:\/\/barcelona.euses.cat\/es\/la-dualidad-teorico-practica-de-nuestros-estudios\/\" \/>\n<meta property=\"og:locale\" content=\"es_ES\" \/>\n<meta property=\"og:type\" content=\"article\" \/>\n<meta property=\"og:title\" content=\"La dualidad te\u00f3rico-pr\u00e1ctica de nuestros estudios | EUSES - Campus de Bellvitge (Barcelona)\" \/>\n<meta property=\"og:description\" content=\"Los estudios en Fisioterapia se basan en la dualidad te\u00f3rico-pr\u00e1ctica. Las clases te\u00f3ricas permiten al futuro fisioterapeuta la obtenci\u00f3n de herramientas de valoraci\u00f3n, terapia y dise\u00f1o de tratamientos. Las clases pr\u00e1cticas tienen por objeto aplicar los principios te\u00f3ricos de modo t\u00e9cnico, as\u00ed como reproducir un ambiente situacional real a nivel profesional, para familiarizar al estudiante [&hellip;]\" \/>\n<meta property=\"og:url\" content=\"https:\/\/barcelona.euses.cat\/es\/la-dualidad-teorico-practica-de-nuestros-estudios\/\" \/>\n<meta property=\"og:site_name\" content=\"EUSES - Campus de Bellvitge (Barcelona)\" \/>\n<meta property=\"article:publisher\" content=\"https:\/\/www.facebook.com\/PhysioBCN\/\" \/>\n<meta property=\"article:published_time\" content=\"2015-03-15T23:00:00+00:00\" \/>\n<meta property=\"og:image\" content=\"https:\/\/barcelona.euses.cat\/wp-content\/uploads\/2018\/02\/fisio.jpg\" \/>\n\t<meta property=\"og:image:width\" content=\"1668\" \/>\n\t<meta property=\"og:image:height\" content=\"1054\" \/>\n\t<meta property=\"og:image:type\" content=\"image\/jpeg\" \/>\n<meta name=\"author\" content=\"neorg\" \/>\n<meta name=\"twitter:card\" content=\"summary_large_image\" \/>\n<meta name=\"twitter:label1\" content=\"Escrito por\" \/>\n\t<meta name=\"twitter:data1\" content=\"neorg\" \/>\n\t<meta name=\"twitter:label2\" content=\"Tiempo de lectura\" \/>\n\t<meta name=\"twitter:data2\" content=\"1 minuto\" \/>\n<script type=\"application\/ld+json\" class=\"yoast-schema-graph\">{\"@context\":\"https:\\\/\\\/schema.org\",\"@graph\":[{\"@type\":\"Article\",\"@id\":\"https:\\\/\\\/barcelona.euses.cat\\\/es\\\/la-dualidad-teorico-practica-de-nuestros-estudios\\\/#article\",\"isPartOf\":{\"@id\":\"https:\\\/\\\/barcelona.euses.cat\\\/es\\\/la-dualidad-teorico-practica-de-nuestros-estudios\\\/\"},\"author\":{\"name\":\"neorg\",\"@id\":\"https:\\\/\\\/barcelona.euses.cat\\\/ca\\\/#\\\/schema\\\/person\\\/c3074ca9d956eacf02e41e2ff78e53ab\"},\"headline\":\"La dualidad te\u00f3rico-pr\u00e1ctica de nuestros estudios\",\"datePublished\":\"2015-03-15T23:00:00+00:00\",\"mainEntityOfPage\":{\"@id\":\"https:\\\/\\\/barcelona.euses.cat\\\/es\\\/la-dualidad-teorico-practica-de-nuestros-estudios\\\/\"},\"wordCount\":170,\"image\":{\"@id\":\"https:\\\/\\\/barcelona.euses.cat\\\/es\\\/la-dualidad-teorico-practica-de-nuestros-estudios\\\/#primaryimage\"},\"thumbnailUrl\":\"https:\\\/\\\/barcelona.euses.cat\\\/wp-content\\\/uploads\\\/2018\\\/02\\\/fisio.jpg\",\"keywords\":[\"Castellano\"],\"articleSection\":[\"Sin categorizar\"],\"inLanguage\":\"es\"},{\"@type\":\"WebPage\",\"@id\":\"https:\\\/\\\/barcelona.euses.cat\\\/es\\\/la-dualidad-teorico-practica-de-nuestros-estudios\\\/\",\"url\":\"https:\\\/\\\/barcelona.euses.cat\\\/es\\\/la-dualidad-teorico-practica-de-nuestros-estudios\\\/\",\"name\":\"La dualidad te\u00f3rico-pr\u00e1ctica de nuestros estudios | EUSES - Campus de Bellvitge (Barcelona)\",\"isPartOf\":{\"@id\":\"https:\\\/\\\/barcelona.euses.cat\\\/ca\\\/#website\"},\"primaryImageOfPage\":{\"@id\":\"https:\\\/\\\/barcelona.euses.cat\\\/es\\\/la-dualidad-teorico-practica-de-nuestros-estudios\\\/#primaryimage\"},\"image\":{\"@id\":\"https:\\\/\\\/barcelona.euses.cat\\\/es\\\/la-dualidad-teorico-practica-de-nuestros-estudios\\\/#primaryimage\"},\"thumbnailUrl\":\"https:\\\/\\\/barcelona.euses.cat\\\/wp-content\\\/uploads\\\/2018\\\/02\\\/fisio.jpg\",\"datePublished\":\"2015-03-15T23:00:00+00:00\",\"author\":{\"@id\":\"https:\\\/\\\/barcelona.euses.cat\\\/ca\\\/#\\\/schema\\\/person\\\/c3074ca9d956eacf02e41e2ff78e53ab\"},\"breadcrumb\":{\"@id\":\"https:\\\/\\\/barcelona.euses.cat\\\/es\\\/la-dualidad-teorico-practica-de-nuestros-estudios\\\/#breadcrumb\"},\"inLanguage\":\"es\",\"potentialAction\":[{\"@type\":\"ReadAction\",\"target\":[\"https:\\\/\\\/barcelona.euses.cat\\\/es\\\/la-dualidad-teorico-practica-de-nuestros-estudios\\\/\"]}]},{\"@type\":\"ImageObject\",\"inLanguage\":\"es\",\"@id\":\"https:\\\/\\\/barcelona.euses.cat\\\/es\\\/la-dualidad-teorico-practica-de-nuestros-estudios\\\/#primaryimage\",\"url\":\"https:\\\/\\\/barcelona.euses.cat\\\/wp-content\\\/uploads\\\/2018\\\/02\\\/fisio.jpg\",\"contentUrl\":\"https:\\\/\\\/barcelona.euses.cat\\\/wp-content\\\/uploads\\\/2018\\\/02\\\/fisio.jpg\",\"width\":1668,\"height\":1054},{\"@type\":\"BreadcrumbList\",\"@id\":\"https:\\\/\\\/barcelona.euses.cat\\\/es\\\/la-dualidad-teorico-practica-de-nuestros-estudios\\\/#breadcrumb\",\"itemListElement\":[{\"@type\":\"ListItem\",\"position\":1,\"name\":\"Portada\",\"item\":\"https:\\\/\\\/barcelona.euses.cat\\\/es\\\/\"},{\"@type\":\"ListItem\",\"position\":2,\"name\":\"La dualidad te\u00f3rico-pr\u00e1ctica de nuestros estudios\"}]},{\"@type\":\"WebSite\",\"@id\":\"https:\\\/\\\/barcelona.euses.cat\\\/ca\\\/#website\",\"url\":\"https:\\\/\\\/barcelona.euses.cat\\\/ca\\\/\",\"name\":\"EUSES - Campus de Bellvitge (Barcelona)\",\"description\":\"EUSES, Escuela Universitaria de Fisioterapia Internacional en Barcelona\",\"potentialAction\":[{\"@type\":\"SearchAction\",\"target\":{\"@type\":\"EntryPoint\",\"urlTemplate\":\"https:\\\/\\\/barcelona.euses.cat\\\/ca\\\/?s={search_term_string}\"},\"query-input\":{\"@type\":\"PropertyValueSpecification\",\"valueRequired\":true,\"valueName\":\"search_term_string\"}}],\"inLanguage\":\"es\"},{\"@type\":\"Person\",\"@id\":\"https:\\\/\\\/barcelona.euses.cat\\\/ca\\\/#\\\/schema\\\/person\\\/c3074ca9d956eacf02e41e2ff78e53ab\",\"name\":\"neorg\",\"image\":{\"@type\":\"ImageObject\",\"inLanguage\":\"es\",\"@id\":\"https:\\\/\\\/secure.gravatar.com\\\/avatar\\\/709d3d8015183afa7401c02e2291a538cbfd4ffe62f4d86ce5f4871f22e86b09?s=96&d=mm&r=g\",\"url\":\"https:\\\/\\\/secure.gravatar.com\\\/avatar\\\/709d3d8015183afa7401c02e2291a538cbfd4ffe62f4d86ce5f4871f22e86b09?s=96&d=mm&r=g\",\"contentUrl\":\"https:\\\/\\\/secure.gravatar.com\\\/avatar\\\/709d3d8015183afa7401c02e2291a538cbfd4ffe62f4d86ce5f4871f22e86b09?s=96&d=mm&r=g\",\"caption\":\"neorg\"},\"url\":\"https:\\\/\\\/barcelona.euses.cat\\\/es\\\/author\\\/neorg\\\/\"}]}<\/script>\n<!-- \/ Yoast SEO plugin. -->","yoast_head_json":{"title":"La dualidad te\u00f3rico-pr\u00e1ctica de nuestros estudios | EUSES - Campus de Bellvitge (Barcelona)","robots":{"index":"index","follow":"follow","max-snippet":"max-snippet:-1","max-image-preview":"max-image-preview:large","max-video-preview":"max-video-preview:-1"},"canonical":"https:\/\/barcelona.euses.cat\/es\/la-dualidad-teorico-practica-de-nuestros-estudios\/","og_locale":"es_ES","og_type":"article","og_title":"La dualidad te\u00f3rico-pr\u00e1ctica de nuestros estudios | EUSES - Campus de Bellvitge (Barcelona)","og_description":"Los estudios en Fisioterapia se basan en la dualidad te\u00f3rico-pr\u00e1ctica. Las clases te\u00f3ricas permiten al futuro fisioterapeuta la obtenci\u00f3n de herramientas de valoraci\u00f3n, terapia y dise\u00f1o de tratamientos. Las clases pr\u00e1cticas tienen por objeto aplicar los principios te\u00f3ricos de modo t\u00e9cnico, as\u00ed como reproducir un ambiente situacional real a nivel profesional, para familiarizar al estudiante [&hellip;]","og_url":"https:\/\/barcelona.euses.cat\/es\/la-dualidad-teorico-practica-de-nuestros-estudios\/","og_site_name":"EUSES - Campus de Bellvitge (Barcelona)","article_publisher":"https:\/\/www.facebook.com\/PhysioBCN\/","article_published_time":"2015-03-15T23:00:00+00:00","og_image":[{"width":1668,"height":1054,"url":"https:\/\/barcelona.euses.cat\/wp-content\/uploads\/2018\/02\/fisio.jpg","type":"image\/jpeg"}],"author":"neorg","twitter_card":"summary_large_image","twitter_misc":{"Escrito por":"neorg","Tiempo de lectura":"1 minuto"},"schema":{"@context":"https:\/\/schema.org","@graph":[{"@type":"Article","@id":"https:\/\/barcelona.euses.cat\/es\/la-dualidad-teorico-practica-de-nuestros-estudios\/#article","isPartOf":{"@id":"https:\/\/barcelona.euses.cat\/es\/la-dualidad-teorico-practica-de-nuestros-estudios\/"},"author":{"name":"neorg","@id":"https:\/\/barcelona.euses.cat\/ca\/#\/schema\/person\/c3074ca9d956eacf02e41e2ff78e53ab"},"headline":"La dualidad te\u00f3rico-pr\u00e1ctica de nuestros estudios","datePublished":"2015-03-15T23:00:00+00:00","mainEntityOfPage":{"@id":"https:\/\/barcelona.euses.cat\/es\/la-dualidad-teorico-practica-de-nuestros-estudios\/"},"wordCount":170,"image":{"@id":"https:\/\/barcelona.euses.cat\/es\/la-dualidad-teorico-practica-de-nuestros-estudios\/#primaryimage"},"thumbnailUrl":"https:\/\/barcelona.euses.cat\/wp-content\/uploads\/2018\/02\/fisio.jpg","keywords":["Castellano"],"articleSection":["Sin categorizar"],"inLanguage":"es"},{"@type":"WebPage","@id":"https:\/\/barcelona.euses.cat\/es\/la-dualidad-teorico-practica-de-nuestros-estudios\/","url":"https:\/\/barcelona.euses.cat\/es\/la-dualidad-teorico-practica-de-nuestros-estudios\/","name":"La dualidad te\u00f3rico-pr\u00e1ctica de nuestros estudios | EUSES - Campus de Bellvitge (Barcelona)","isPartOf":{"@id":"https:\/\/barcelona.euses.cat\/ca\/#website"},"primaryImageOfPage":{"@id":"https:\/\/barcelona.euses.cat\/es\/la-dualidad-teorico-practica-de-nuestros-estudios\/#primaryimage"},"image":{"@id":"https:\/\/barcelona.euses.cat\/es\/la-dualidad-teorico-practica-de-nuestros-estudios\/#primaryimage"},"thumbnailUrl":"https:\/\/barcelona.euses.cat\/wp-content\/uploads\/2018\/02\/fisio.jpg","datePublished":"2015-03-15T23:00:00+00:00","author":{"@id":"https:\/\/barcelona.euses.cat\/ca\/#\/schema\/person\/c3074ca9d956eacf02e41e2ff78e53ab"},"breadcrumb":{"@id":"https:\/\/barcelona.euses.cat\/es\/la-dualidad-teorico-practica-de-nuestros-estudios\/#breadcrumb"},"inLanguage":"es","potentialAction":[{"@type":"ReadAction","target":["https:\/\/barcelona.euses.cat\/es\/la-dualidad-teorico-practica-de-nuestros-estudios\/"]}]},{"@type":"ImageObject","inLanguage":"es","@id":"https:\/\/barcelona.euses.cat\/es\/la-dualidad-teorico-practica-de-nuestros-estudios\/#primaryimage","url":"https:\/\/barcelona.euses.cat\/wp-content\/uploads\/2018\/02\/fisio.jpg","contentUrl":"https:\/\/barcelona.euses.cat\/wp-content\/uploads\/2018\/02\/fisio.jpg","width":1668,"height":1054},{"@type":"BreadcrumbList","@id":"https:\/\/barcelona.euses.cat\/es\/la-dualidad-teorico-practica-de-nuestros-estudios\/#breadcrumb","itemListElement":[{"@type":"ListItem","position":1,"name":"Portada","item":"https:\/\/barcelona.euses.cat\/es\/"},{"@type":"ListItem","position":2,"name":"La dualidad te\u00f3rico-pr\u00e1ctica de nuestros estudios"}]},{"@type":"WebSite","@id":"https:\/\/barcelona.euses.cat\/ca\/#website","url":"https:\/\/barcelona.euses.cat\/ca\/","name":"EUSES - Campus de Bellvitge (Barcelona)","description":"EUSES, Escuela Universitaria de Fisioterapia Internacional en Barcelona","potentialAction":[{"@type":"SearchAction","target":{"@type":"EntryPoint","urlTemplate":"https:\/\/barcelona.euses.cat\/ca\/?s={search_term_string}"},"query-input":{"@type":"PropertyValueSpecification","valueRequired":true,"valueName":"search_term_string"}}],"inLanguage":"es"},{"@type":"Person","@id":"https:\/\/barcelona.euses.cat\/ca\/#\/schema\/person\/c3074ca9d956eacf02e41e2ff78e53ab","name":"neorg","image":{"@type":"ImageObject","inLanguage":"es","@id":"https:\/\/secure.gravatar.com\/avatar\/709d3d8015183afa7401c02e2291a538cbfd4ffe62f4d86ce5f4871f22e86b09?s=96&d=mm&r=g","url":"https:\/\/secure.gravatar.com\/avatar\/709d3d8015183afa7401c02e2291a538cbfd4ffe62f4d86ce5f4871f22e86b09?s=96&d=mm&r=g","contentUrl":"https:\/\/secure.gravatar.com\/avatar\/709d3d8015183afa7401c02e2291a538cbfd4ffe62f4d86ce5f4871f22e86b09?s=96&d=mm&r=g","caption":"neorg"},"url":"https:\/\/barcelona.euses.cat\/es\/author\/neorg\/"}]}},"_links":{"self":[{"href":"https:\/\/barcelona.euses.cat\/es\/wp-json\/wp\/v2\/posts\/5956","targetHints":{"allow":["GET"]}}],"collection":[{"href":"https:\/\/barcelona.euses.cat\/es\/wp-json\/wp\/v2\/posts"}],"about":[{"href":"https:\/\/barcelona.euses.cat\/es\/wp-json\/wp\/v2\/types\/post"}],"author":[{"embeddable":true,"href":"https:\/\/barcelona.euses.cat\/es\/wp-json\/wp\/v2\/users\/1"}],"replies":[{"embeddable":true,"href":"https:\/\/barcelona.euses.cat\/es\/wp-json\/wp\/v2\/comments?post=5956"}],"version-history":[{"count":0,"href":"https:\/\/barcelona.euses.cat\/es\/wp-json\/wp\/v2\/posts\/5956\/revisions"}],"wp:featuredmedia":[{"embeddable":true,"href":"https:\/\/barcelona.euses.cat\/es\/wp-json\/wp\/v2\/media\/5686"}],"wp:attachment":[{"href":"https:\/\/barcelona.euses.cat\/es\/wp-json\/wp\/v2\/media?parent=5956"}],"wp:term":[{"taxonomy":"category","embeddable":true,"href":"https:\/\/barcelona.euses.cat\/es\/wp-json\/wp\/v2\/categories?post=5956"},{"taxonomy":"post_tag","embeddable":true,"href":"https:\/\/barcelona.euses.cat\/es\/wp-json\/wp\/v2\/tags?post=5956"}],"curies":[{"name":"wp","href":"https:\/\/api.w.org\/{rel}","templated":true}]}}