{"id":5950,"date":"2015-05-28T00:00:00","date_gmt":"2015-05-27T22:00:00","guid":{"rendered":"http:\/\/physiotherapybarcelona.net\/sal-de-tu-zona-de-confort-con-el-grado-de-fisioterapia-internacional\/"},"modified":"2015-05-28T00:00:00","modified_gmt":"2015-05-27T22:00:00","slug":"sal-de-tu-zona-de-confort-con-el-grado-de-fisioterapia-internacional","status":"publish","type":"post","link":"https:\/\/barcelona.euses.cat\/es\/sal-de-tu-zona-de-confort-con-el-grado-de-fisioterapia-internacional\/","title":{"rendered":"Sal de \u00abtu zona de confort\u00bb con el grado de Fisioterapia Internacional"},"content":{"rendered":"<p>Estamos inmersos en un <strong>mundo globalizado<\/strong>, conectado las 24 horas. De modo que los cambios en cualquier parte del planeta nos afectan cada vez m\u00e1s r\u00e1pidamente. Es importante tener en cuenta esta realidad porque tiene una implicaci\u00f3n directa en todos los \u00e1mbitos; desde el econ\u00f3mico, al social, educativo, pol\u00edtico y profesional. Precisamente, en el sector laboral es clave abrir horizontes. Tal como dec\u00eda, Steve Jobs, es <strong>imprescindible salir de nuestra zona de confort<\/strong>: \u2018<strong>Dare to think out the box\u2019<\/strong>.<\/p>\n<p><strong>\u00bfTe da v\u00e9rtigo no dominar el ingl\u00e9s?<\/strong> Cuanto antes te pongas, m\u00e1s r\u00e1pida ser\u00e1 tu puesta al d\u00eda en el \u00e1mbito laboral. En este sentido, el <strong>Grado de Fisioterapia Internacional<\/strong> \u00a0<strong>ENTI (UB) &#8211; EUSES (UdG) <\/strong>te ofrece una <strong>formaci\u00f3n acad\u00e9mica din\u00e1mica y de calidad<\/strong>, potenciando la realizaci\u00f3n de programas de intercambio internacional, as\u00ed como, la posterior ampliaci\u00f3n y <strong>continuaci\u00f3n de estudios<\/strong> de posgrado en <strong>otros pa\u00edses<\/strong>. Adem\u00e1s, las <strong>clases<\/strong> son <strong>\u00edntegramente en lengua inglesa<\/strong>, un idioma cuyo dominio supone no ya una necesidad en la sociedad actual, sino una competencia b\u00e1sica para el conocimiento de la producci\u00f3n cient\u00edfica y la adquisici\u00f3n de un \u00f3ptimo nivel profesional. \u00a0Piensa que <strong>en 4 a\u00f1os de Grado lograremos que lo aprendas y domines la jerga profesional del sector de la Fisioterapia<\/strong>.<\/p>\n<p>De manera que como\u00a0 alumno de <strong>Fisioterapia Internacional<\/strong> te convertir\u00e1s en un <strong>profesional muy competitivo<\/strong> para el <strong>mercado laboral europeo e internacional.<\/strong> Adem\u00e1s, gracias a la sinergia entre entre <strong>l\u2019Escola Universit\u00e0ria de la Salut i l\u2019Esport \u2013EUSES-UdG) y la Escola de Noves Tecnologies Interactives ENTI-UB),<\/strong> se trabajan <strong>competencias transversales<\/strong> de excelencia acad\u00e9mica e <strong>integraci\u00f3n<\/strong> curricular de las <strong>nuevas tecnolog\u00edas <\/strong>aplicadas al mundo de la<strong> Fisioterapia<\/strong>.<\/p>\n<p>Cabe destacar que la presencia de <strong>ENTI-UB<\/strong> en el <strong>Grado en Fisioterapia<\/strong> te permitir\u00e1 nutrirte del conocimiento sobre los \u00faltimos avances tecnol\u00f3gicos: desarrollo de herramientas de valoraci\u00f3n fisioter\u00e1pica, aplicaci\u00f3n de nuevos avances tecnol\u00f3gicos e incluso la posibilidad de trabajar en la creaci\u00f3n de nuevas aplicaciones tecnol\u00f3gicas (apps m\u00f3viles, software inform\u00e1tico, o modelaje tridimensional) en el \u00e1mbito de la Fisioterapia.<\/p>\n<p>En definitiva, te convertir\u00e1s en un <strong>profesional de car\u00e1cter internacional<\/strong> con un amplio <strong>conocimiento<\/strong> de las <strong>nuevas tecnolog\u00edas<\/strong>.<\/p>\n<p>Amplia tus perspectivas profesionales, estudiando el <strong>Grado de Fisioterapia Internacional<\/strong> <strong>ENTI (UB) &#8211; EUSES (UdG).<\/strong><\/p>\n<p>&nbsp;<\/p>\n<p>&nbsp;<\/p>\n","protected":false},"excerpt":{"rendered":"<p>Estamos inmersos en un mundo globalizado, conectado las 24 horas. De modo que los cambios en cualquier parte del planeta nos afectan cada vez m\u00e1s r\u00e1pidamente. Es importante tener en cuenta esta realidad porque tiene una implicaci\u00f3n directa en todos los \u00e1mbitos; desde el econ\u00f3mico, al social, educativo, pol\u00edtico y profesional. Precisamente, en el sector [&hellip;]<\/p>\n","protected":false},"author":1,"featured_media":5951,"comment_status":"closed","ping_status":"closed","sticky":false,"template":"","format":"standard","meta":{"_acf_changed":false,"inline_featured_image":false,"_joinchat":[],"footnotes":""},"categories":[1],"tags":[44],"class_list":["post-5950","post","type-post","status-publish","format-standard","has-post-thumbnail","hentry","category-sin-categorizar","tag-castellano"],"acf":[],"yoast_head":"<!-- This site is optimized with the Yoast SEO plugin v27.4 - https:\/\/yoast.com\/product\/yoast-seo-wordpress\/ -->\n<title>Sal de &quot;tu zona de confort&quot; con el grado de Fisioterapia Internacional | EUSES - Campus de Bellvitge (Barcelona)<\/title>\n<meta name=\"robots\" content=\"index, follow, max-snippet:-1, max-image-preview:large, max-video-preview:-1\" \/>\n<link rel=\"canonical\" href=\"https:\/\/barcelona.euses.cat\/es\/sal-de-tu-zona-de-confort-con-el-grado-de-fisioterapia-internacional\/\" \/>\n<meta property=\"og:locale\" content=\"es_ES\" \/>\n<meta property=\"og:type\" content=\"article\" \/>\n<meta property=\"og:title\" content=\"Sal de &quot;tu zona de confort&quot; con el grado de Fisioterapia Internacional | EUSES - Campus de Bellvitge (Barcelona)\" \/>\n<meta property=\"og:description\" content=\"Estamos inmersos en un mundo globalizado, conectado las 24 horas. De modo que los cambios en cualquier parte del planeta nos afectan cada vez m\u00e1s r\u00e1pidamente. Es importante tener en cuenta esta realidad porque tiene una implicaci\u00f3n directa en todos los \u00e1mbitos; desde el econ\u00f3mico, al social, educativo, pol\u00edtico y profesional. Precisamente, en el sector [&hellip;]\" \/>\n<meta property=\"og:url\" content=\"https:\/\/barcelona.euses.cat\/es\/sal-de-tu-zona-de-confort-con-el-grado-de-fisioterapia-internacional\/\" \/>\n<meta property=\"og:site_name\" content=\"EUSES - Campus de Bellvitge (Barcelona)\" \/>\n<meta property=\"article:publisher\" content=\"https:\/\/www.facebook.com\/PhysioBCN\/\" \/>\n<meta property=\"article:published_time\" content=\"2015-05-27T22:00:00+00:00\" \/>\n<meta property=\"og:image\" content=\"https:\/\/barcelona.euses.cat\/wp-content\/uploads\/2018\/02\/Foto-Fisio.jpg\" \/>\n\t<meta property=\"og:image:width\" content=\"699\" \/>\n\t<meta property=\"og:image:height\" content=\"543\" \/>\n\t<meta property=\"og:image:type\" content=\"image\/jpeg\" \/>\n<meta name=\"author\" content=\"neorg\" \/>\n<meta name=\"twitter:card\" content=\"summary_large_image\" \/>\n<meta name=\"twitter:label1\" content=\"Escrito por\" \/>\n\t<meta name=\"twitter:data1\" content=\"neorg\" \/>\n\t<meta name=\"twitter:label2\" content=\"Tiempo de lectura\" \/>\n\t<meta name=\"twitter:data2\" content=\"2 minutos\" \/>\n<script type=\"application\/ld+json\" class=\"yoast-schema-graph\">{\"@context\":\"https:\\\/\\\/schema.org\",\"@graph\":[{\"@type\":\"Article\",\"@id\":\"https:\\\/\\\/barcelona.euses.cat\\\/es\\\/sal-de-tu-zona-de-confort-con-el-grado-de-fisioterapia-internacional\\\/#article\",\"isPartOf\":{\"@id\":\"https:\\\/\\\/barcelona.euses.cat\\\/es\\\/sal-de-tu-zona-de-confort-con-el-grado-de-fisioterapia-internacional\\\/\"},\"author\":{\"name\":\"neorg\",\"@id\":\"https:\\\/\\\/barcelona.euses.cat\\\/ca\\\/#\\\/schema\\\/person\\\/c3074ca9d956eacf02e41e2ff78e53ab\"},\"headline\":\"Sal de \u00abtu zona de confort\u00bb con el grado de Fisioterapia Internacional\",\"datePublished\":\"2015-05-27T22:00:00+00:00\",\"mainEntityOfPage\":{\"@id\":\"https:\\\/\\\/barcelona.euses.cat\\\/es\\\/sal-de-tu-zona-de-confort-con-el-grado-de-fisioterapia-internacional\\\/\"},\"wordCount\":419,\"image\":{\"@id\":\"https:\\\/\\\/barcelona.euses.cat\\\/es\\\/sal-de-tu-zona-de-confort-con-el-grado-de-fisioterapia-internacional\\\/#primaryimage\"},\"thumbnailUrl\":\"https:\\\/\\\/barcelona.euses.cat\\\/wp-content\\\/uploads\\\/2018\\\/02\\\/Foto-Fisio.jpg\",\"keywords\":[\"Castellano\"],\"articleSection\":[\"Sin categorizar\"],\"inLanguage\":\"es\"},{\"@type\":\"WebPage\",\"@id\":\"https:\\\/\\\/barcelona.euses.cat\\\/es\\\/sal-de-tu-zona-de-confort-con-el-grado-de-fisioterapia-internacional\\\/\",\"url\":\"https:\\\/\\\/barcelona.euses.cat\\\/es\\\/sal-de-tu-zona-de-confort-con-el-grado-de-fisioterapia-internacional\\\/\",\"name\":\"Sal de \\\"tu zona de confort\\\" con el grado de Fisioterapia Internacional | EUSES - Campus de Bellvitge (Barcelona)\",\"isPartOf\":{\"@id\":\"https:\\\/\\\/barcelona.euses.cat\\\/ca\\\/#website\"},\"primaryImageOfPage\":{\"@id\":\"https:\\\/\\\/barcelona.euses.cat\\\/es\\\/sal-de-tu-zona-de-confort-con-el-grado-de-fisioterapia-internacional\\\/#primaryimage\"},\"image\":{\"@id\":\"https:\\\/\\\/barcelona.euses.cat\\\/es\\\/sal-de-tu-zona-de-confort-con-el-grado-de-fisioterapia-internacional\\\/#primaryimage\"},\"thumbnailUrl\":\"https:\\\/\\\/barcelona.euses.cat\\\/wp-content\\\/uploads\\\/2018\\\/02\\\/Foto-Fisio.jpg\",\"datePublished\":\"2015-05-27T22:00:00+00:00\",\"author\":{\"@id\":\"https:\\\/\\\/barcelona.euses.cat\\\/ca\\\/#\\\/schema\\\/person\\\/c3074ca9d956eacf02e41e2ff78e53ab\"},\"breadcrumb\":{\"@id\":\"https:\\\/\\\/barcelona.euses.cat\\\/es\\\/sal-de-tu-zona-de-confort-con-el-grado-de-fisioterapia-internacional\\\/#breadcrumb\"},\"inLanguage\":\"es\",\"potentialAction\":[{\"@type\":\"ReadAction\",\"target\":[\"https:\\\/\\\/barcelona.euses.cat\\\/es\\\/sal-de-tu-zona-de-confort-con-el-grado-de-fisioterapia-internacional\\\/\"]}]},{\"@type\":\"ImageObject\",\"inLanguage\":\"es\",\"@id\":\"https:\\\/\\\/barcelona.euses.cat\\\/es\\\/sal-de-tu-zona-de-confort-con-el-grado-de-fisioterapia-internacional\\\/#primaryimage\",\"url\":\"https:\\\/\\\/barcelona.euses.cat\\\/wp-content\\\/uploads\\\/2018\\\/02\\\/Foto-Fisio.jpg\",\"contentUrl\":\"https:\\\/\\\/barcelona.euses.cat\\\/wp-content\\\/uploads\\\/2018\\\/02\\\/Foto-Fisio.jpg\",\"width\":699,\"height\":543},{\"@type\":\"BreadcrumbList\",\"@id\":\"https:\\\/\\\/barcelona.euses.cat\\\/es\\\/sal-de-tu-zona-de-confort-con-el-grado-de-fisioterapia-internacional\\\/#breadcrumb\",\"itemListElement\":[{\"@type\":\"ListItem\",\"position\":1,\"name\":\"Portada\",\"item\":\"https:\\\/\\\/barcelona.euses.cat\\\/es\\\/\"},{\"@type\":\"ListItem\",\"position\":2,\"name\":\"Sal de \u00abtu zona de confort\u00bb con el grado de Fisioterapia Internacional\"}]},{\"@type\":\"WebSite\",\"@id\":\"https:\\\/\\\/barcelona.euses.cat\\\/ca\\\/#website\",\"url\":\"https:\\\/\\\/barcelona.euses.cat\\\/ca\\\/\",\"name\":\"EUSES - Campus de Bellvitge (Barcelona)\",\"description\":\"EUSES, Escuela Universitaria de Fisioterapia Internacional en Barcelona\",\"potentialAction\":[{\"@type\":\"SearchAction\",\"target\":{\"@type\":\"EntryPoint\",\"urlTemplate\":\"https:\\\/\\\/barcelona.euses.cat\\\/ca\\\/?s={search_term_string}\"},\"query-input\":{\"@type\":\"PropertyValueSpecification\",\"valueRequired\":true,\"valueName\":\"search_term_string\"}}],\"inLanguage\":\"es\"},{\"@type\":\"Person\",\"@id\":\"https:\\\/\\\/barcelona.euses.cat\\\/ca\\\/#\\\/schema\\\/person\\\/c3074ca9d956eacf02e41e2ff78e53ab\",\"name\":\"neorg\",\"image\":{\"@type\":\"ImageObject\",\"inLanguage\":\"es\",\"@id\":\"https:\\\/\\\/secure.gravatar.com\\\/avatar\\\/709d3d8015183afa7401c02e2291a538cbfd4ffe62f4d86ce5f4871f22e86b09?s=96&d=mm&r=g\",\"url\":\"https:\\\/\\\/secure.gravatar.com\\\/avatar\\\/709d3d8015183afa7401c02e2291a538cbfd4ffe62f4d86ce5f4871f22e86b09?s=96&d=mm&r=g\",\"contentUrl\":\"https:\\\/\\\/secure.gravatar.com\\\/avatar\\\/709d3d8015183afa7401c02e2291a538cbfd4ffe62f4d86ce5f4871f22e86b09?s=96&d=mm&r=g\",\"caption\":\"neorg\"},\"url\":\"https:\\\/\\\/barcelona.euses.cat\\\/es\\\/author\\\/neorg\\\/\"}]}<\/script>\n<!-- \/ Yoast SEO plugin. -->","yoast_head_json":{"title":"Sal de \"tu zona de confort\" con el grado de Fisioterapia Internacional | EUSES - Campus de Bellvitge (Barcelona)","robots":{"index":"index","follow":"follow","max-snippet":"max-snippet:-1","max-image-preview":"max-image-preview:large","max-video-preview":"max-video-preview:-1"},"canonical":"https:\/\/barcelona.euses.cat\/es\/sal-de-tu-zona-de-confort-con-el-grado-de-fisioterapia-internacional\/","og_locale":"es_ES","og_type":"article","og_title":"Sal de \"tu zona de confort\" con el grado de Fisioterapia Internacional | EUSES - Campus de Bellvitge (Barcelona)","og_description":"Estamos inmersos en un mundo globalizado, conectado las 24 horas. De modo que los cambios en cualquier parte del planeta nos afectan cada vez m\u00e1s r\u00e1pidamente. Es importante tener en cuenta esta realidad porque tiene una implicaci\u00f3n directa en todos los \u00e1mbitos; desde el econ\u00f3mico, al social, educativo, pol\u00edtico y profesional. Precisamente, en el sector [&hellip;]","og_url":"https:\/\/barcelona.euses.cat\/es\/sal-de-tu-zona-de-confort-con-el-grado-de-fisioterapia-internacional\/","og_site_name":"EUSES - Campus de Bellvitge (Barcelona)","article_publisher":"https:\/\/www.facebook.com\/PhysioBCN\/","article_published_time":"2015-05-27T22:00:00+00:00","og_image":[{"width":699,"height":543,"url":"https:\/\/barcelona.euses.cat\/wp-content\/uploads\/2018\/02\/Foto-Fisio.jpg","type":"image\/jpeg"}],"author":"neorg","twitter_card":"summary_large_image","twitter_misc":{"Escrito por":"neorg","Tiempo de lectura":"2 minutos"},"schema":{"@context":"https:\/\/schema.org","@graph":[{"@type":"Article","@id":"https:\/\/barcelona.euses.cat\/es\/sal-de-tu-zona-de-confort-con-el-grado-de-fisioterapia-internacional\/#article","isPartOf":{"@id":"https:\/\/barcelona.euses.cat\/es\/sal-de-tu-zona-de-confort-con-el-grado-de-fisioterapia-internacional\/"},"author":{"name":"neorg","@id":"https:\/\/barcelona.euses.cat\/ca\/#\/schema\/person\/c3074ca9d956eacf02e41e2ff78e53ab"},"headline":"Sal de \u00abtu zona de confort\u00bb con el grado de Fisioterapia Internacional","datePublished":"2015-05-27T22:00:00+00:00","mainEntityOfPage":{"@id":"https:\/\/barcelona.euses.cat\/es\/sal-de-tu-zona-de-confort-con-el-grado-de-fisioterapia-internacional\/"},"wordCount":419,"image":{"@id":"https:\/\/barcelona.euses.cat\/es\/sal-de-tu-zona-de-confort-con-el-grado-de-fisioterapia-internacional\/#primaryimage"},"thumbnailUrl":"https:\/\/barcelona.euses.cat\/wp-content\/uploads\/2018\/02\/Foto-Fisio.jpg","keywords":["Castellano"],"articleSection":["Sin categorizar"],"inLanguage":"es"},{"@type":"WebPage","@id":"https:\/\/barcelona.euses.cat\/es\/sal-de-tu-zona-de-confort-con-el-grado-de-fisioterapia-internacional\/","url":"https:\/\/barcelona.euses.cat\/es\/sal-de-tu-zona-de-confort-con-el-grado-de-fisioterapia-internacional\/","name":"Sal de \"tu zona de confort\" con el grado de Fisioterapia Internacional | EUSES - Campus de Bellvitge (Barcelona)","isPartOf":{"@id":"https:\/\/barcelona.euses.cat\/ca\/#website"},"primaryImageOfPage":{"@id":"https:\/\/barcelona.euses.cat\/es\/sal-de-tu-zona-de-confort-con-el-grado-de-fisioterapia-internacional\/#primaryimage"},"image":{"@id":"https:\/\/barcelona.euses.cat\/es\/sal-de-tu-zona-de-confort-con-el-grado-de-fisioterapia-internacional\/#primaryimage"},"thumbnailUrl":"https:\/\/barcelona.euses.cat\/wp-content\/uploads\/2018\/02\/Foto-Fisio.jpg","datePublished":"2015-05-27T22:00:00+00:00","author":{"@id":"https:\/\/barcelona.euses.cat\/ca\/#\/schema\/person\/c3074ca9d956eacf02e41e2ff78e53ab"},"breadcrumb":{"@id":"https:\/\/barcelona.euses.cat\/es\/sal-de-tu-zona-de-confort-con-el-grado-de-fisioterapia-internacional\/#breadcrumb"},"inLanguage":"es","potentialAction":[{"@type":"ReadAction","target":["https:\/\/barcelona.euses.cat\/es\/sal-de-tu-zona-de-confort-con-el-grado-de-fisioterapia-internacional\/"]}]},{"@type":"ImageObject","inLanguage":"es","@id":"https:\/\/barcelona.euses.cat\/es\/sal-de-tu-zona-de-confort-con-el-grado-de-fisioterapia-internacional\/#primaryimage","url":"https:\/\/barcelona.euses.cat\/wp-content\/uploads\/2018\/02\/Foto-Fisio.jpg","contentUrl":"https:\/\/barcelona.euses.cat\/wp-content\/uploads\/2018\/02\/Foto-Fisio.jpg","width":699,"height":543},{"@type":"BreadcrumbList","@id":"https:\/\/barcelona.euses.cat\/es\/sal-de-tu-zona-de-confort-con-el-grado-de-fisioterapia-internacional\/#breadcrumb","itemListElement":[{"@type":"ListItem","position":1,"name":"Portada","item":"https:\/\/barcelona.euses.cat\/es\/"},{"@type":"ListItem","position":2,"name":"Sal de \u00abtu zona de confort\u00bb con el grado de Fisioterapia Internacional"}]},{"@type":"WebSite","@id":"https:\/\/barcelona.euses.cat\/ca\/#website","url":"https:\/\/barcelona.euses.cat\/ca\/","name":"EUSES - Campus de Bellvitge (Barcelona)","description":"EUSES, Escuela Universitaria de Fisioterapia Internacional en Barcelona","potentialAction":[{"@type":"SearchAction","target":{"@type":"EntryPoint","urlTemplate":"https:\/\/barcelona.euses.cat\/ca\/?s={search_term_string}"},"query-input":{"@type":"PropertyValueSpecification","valueRequired":true,"valueName":"search_term_string"}}],"inLanguage":"es"},{"@type":"Person","@id":"https:\/\/barcelona.euses.cat\/ca\/#\/schema\/person\/c3074ca9d956eacf02e41e2ff78e53ab","name":"neorg","image":{"@type":"ImageObject","inLanguage":"es","@id":"https:\/\/secure.gravatar.com\/avatar\/709d3d8015183afa7401c02e2291a538cbfd4ffe62f4d86ce5f4871f22e86b09?s=96&d=mm&r=g","url":"https:\/\/secure.gravatar.com\/avatar\/709d3d8015183afa7401c02e2291a538cbfd4ffe62f4d86ce5f4871f22e86b09?s=96&d=mm&r=g","contentUrl":"https:\/\/secure.gravatar.com\/avatar\/709d3d8015183afa7401c02e2291a538cbfd4ffe62f4d86ce5f4871f22e86b09?s=96&d=mm&r=g","caption":"neorg"},"url":"https:\/\/barcelona.euses.cat\/es\/author\/neorg\/"}]}},"_links":{"self":[{"href":"https:\/\/barcelona.euses.cat\/es\/wp-json\/wp\/v2\/posts\/5950","targetHints":{"allow":["GET"]}}],"collection":[{"href":"https:\/\/barcelona.euses.cat\/es\/wp-json\/wp\/v2\/posts"}],"about":[{"href":"https:\/\/barcelona.euses.cat\/es\/wp-json\/wp\/v2\/types\/post"}],"author":[{"embeddable":true,"href":"https:\/\/barcelona.euses.cat\/es\/wp-json\/wp\/v2\/users\/1"}],"replies":[{"embeddable":true,"href":"https:\/\/barcelona.euses.cat\/es\/wp-json\/wp\/v2\/comments?post=5950"}],"version-history":[{"count":0,"href":"https:\/\/barcelona.euses.cat\/es\/wp-json\/wp\/v2\/posts\/5950\/revisions"}],"wp:featuredmedia":[{"embeddable":true,"href":"https:\/\/barcelona.euses.cat\/es\/wp-json\/wp\/v2\/media\/5951"}],"wp:attachment":[{"href":"https:\/\/barcelona.euses.cat\/es\/wp-json\/wp\/v2\/media?parent=5950"}],"wp:term":[{"taxonomy":"category","embeddable":true,"href":"https:\/\/barcelona.euses.cat\/es\/wp-json\/wp\/v2\/categories?post=5950"},{"taxonomy":"post_tag","embeddable":true,"href":"https:\/\/barcelona.euses.cat\/es\/wp-json\/wp\/v2\/tags?post=5950"}],"curies":[{"name":"wp","href":"https:\/\/api.w.org\/{rel}","templated":true}]}}