{"id":5939,"date":"2015-06-19T00:00:00","date_gmt":"2015-06-18T22:00:00","guid":{"rendered":"http:\/\/physiotherapybarcelona.net\/que-especializaciones-incluye-el-grado-en-fisioterapia-internacional-del-campus-de-barcelona\/"},"modified":"2015-06-19T00:00:00","modified_gmt":"2015-06-18T22:00:00","slug":"que-especializaciones-incluye-el-grado-en-fisioterapia-internacional-del-campus-de-barcelona","status":"publish","type":"post","link":"https:\/\/barcelona.euses.cat\/es\/que-especializaciones-incluye-el-grado-en-fisioterapia-internacional-del-campus-de-barcelona\/","title":{"rendered":"\u00bfQu\u00e9 especializaciones incluye el Grado en Fisioterapia internacional del campus de Barcelona?"},"content":{"rendered":"<p>El <strong>Grado<\/strong> interuniversitario en <strong>Fisioterapia Internacional<\/strong> de <strong>l\u2019Escola de Noves Tecnologies Interactives (ENTI-UB)<\/strong> y de <strong>l\u2019Escola de la Salut i l\u2019Esport (EUSES-UdG)<\/strong> consta de un amplio abanico de <strong>materias especializadas en fisioterapia<\/strong> que incorporan las \u00faltimas tendencias de la profesi\u00f3n. Al mismo tiempo, tambi\u00e9n <strong>incluye otro tipo de materias complementarias<\/strong> centradas en <strong>\u00e1mbitos cient\u00edficos y m\u00e9dicos<\/strong> como: la anatom\u00eda, la biolog\u00eda, bioqu\u00edmica, f\u00edsica, asistencia sanitaria b\u00e1sica, afecciones m\u00e9dico-quir\u00fargicas, patolog\u00eda cardio-respiratoria, entre otras.<\/p>\n<p>De manera que como <strong>alumno de este Grado<\/strong> adquirir\u00e1s <strong>conocimientos<\/strong> de rabiosa <strong>actualidad <\/strong>en el \u00e1mbito de la <strong>fisioterapia<\/strong>. Conocer\u00e1s en profundidad en que consiste la <strong>cinesiterapia<\/strong>: un m\u00e9todo de tratamiento, mediante movimientos activos o pasivos; la <strong>masoterapia<\/strong>: uso de distintas t\u00e9cnicas de masaje con fines terap\u00e9uticos para el tratamiento de enfermedades y lesiones; la aplicaci\u00f3n de la <strong>fisioterapia en especialidades cl\u00ednicas<\/strong> como la fisioterapia cardio-respiratoria, neurol\u00f3gica, etc.<\/p>\n<p>Todas estas <strong>materias<\/strong>, las cursar\u00e1s \u00edntegramente <strong>en ingl\u00e9s<\/strong>, un idioma cuyo <strong>dominio <\/strong>supone <strong>no <\/strong>s\u00f3lo <strong>una necesidad<\/strong> en la sociedad actual, sino una <strong>competencia b\u00e1sica<\/strong> para el conocimiento de la producci\u00f3n cient\u00edfica y la adquisici\u00f3n de un \u00f3ptimo nivel profesional. De manera que como alumno del <strong>Grado <\/strong>de <strong>Fisioterapia Internacional <\/strong>te convertir\u00e1s en un <strong>profesional de car\u00e1cter internacional<\/strong>. Es decir, se incrementar\u00e1n tus <strong>oportunidades<\/strong> reales de <strong>inserci\u00f3n<\/strong> en el <strong>mercado laboral<\/strong>, tanto a nivel nacional como internacional.<\/p>\n<p>Adem\u00e1s, en este <strong>Grado<\/strong> contar\u00e1s con un <strong>equipo docente<\/strong> altamente <strong>cualificado<\/strong> en el \u00e1mbito de la docencia, con a\u00f1os de experiencia en la pr\u00e1ctica cl\u00ednica y criterios curriculares de excelencia acad\u00e9mica en investigaci\u00f3n. Lo cual a\u00f1ade un mayor <strong>valor a\u00f1adido<\/strong> a esta titulaci\u00f3n.<\/p>\n<p>En definitiva, el <a href=\"http:\/\/goo.gl\/1Lv6Eg\"><strong>Grado de Fisioterapia Internacional <\/strong><strong>UB-UdG<\/strong><\/a> te ofrece una <strong>formaci\u00f3n<\/strong> acad\u00e9mica e<strong>specializada<\/strong> en las <strong>\u00faltimas tendencias<\/strong> en este sector.<\/p>\n<p>&nbsp;<\/p>\n","protected":false},"excerpt":{"rendered":"<p>El Grado interuniversitario en Fisioterapia Internacional de l\u2019Escola de Noves Tecnologies Interactives (ENTI-UB) y de l\u2019Escola de la Salut i l\u2019Esport (EUSES-UdG) consta de un amplio abanico de materias especializadas en fisioterapia que incorporan las \u00faltimas tendencias de la profesi\u00f3n. Al mismo tiempo, tambi\u00e9n incluye otro tipo de materias complementarias centradas en \u00e1mbitos cient\u00edficos y [&hellip;]<\/p>\n","protected":false},"author":1,"featured_media":5940,"comment_status":"closed","ping_status":"closed","sticky":false,"template":"","format":"standard","meta":{"_acf_changed":false,"inline_featured_image":false,"_joinchat":[],"footnotes":""},"categories":[1],"tags":[44],"class_list":["post-5939","post","type-post","status-publish","format-standard","has-post-thumbnail","hentry","category-sin-categorizar","tag-castellano"],"acf":[],"yoast_head":"<!-- This site is optimized with the Yoast SEO plugin v27.4 - https:\/\/yoast.com\/product\/yoast-seo-wordpress\/ -->\n<title>\u00bfQu\u00e9 especializaciones incluye el Grado en Fisioterapia internacional del campus de Barcelona? | EUSES - Campus de Bellvitge (Barcelona)<\/title>\n<meta name=\"robots\" content=\"index, follow, max-snippet:-1, max-image-preview:large, max-video-preview:-1\" \/>\n<link rel=\"canonical\" href=\"https:\/\/barcelona.euses.cat\/es\/que-especializaciones-incluye-el-grado-en-fisioterapia-internacional-del-campus-de-barcelona\/\" \/>\n<meta property=\"og:locale\" content=\"es_ES\" \/>\n<meta property=\"og:type\" content=\"article\" \/>\n<meta property=\"og:title\" content=\"\u00bfQu\u00e9 especializaciones incluye el Grado en Fisioterapia internacional del campus de Barcelona? | EUSES - Campus de Bellvitge (Barcelona)\" \/>\n<meta property=\"og:description\" content=\"El Grado interuniversitario en Fisioterapia Internacional de l\u2019Escola de Noves Tecnologies Interactives (ENTI-UB) y de l\u2019Escola de la Salut i l\u2019Esport (EUSES-UdG) consta de un amplio abanico de materias especializadas en fisioterapia que incorporan las \u00faltimas tendencias de la profesi\u00f3n. Al mismo tiempo, tambi\u00e9n incluye otro tipo de materias complementarias centradas en \u00e1mbitos cient\u00edficos y [&hellip;]\" \/>\n<meta property=\"og:url\" content=\"https:\/\/barcelona.euses.cat\/es\/que-especializaciones-incluye-el-grado-en-fisioterapia-internacional-del-campus-de-barcelona\/\" \/>\n<meta property=\"og:site_name\" content=\"EUSES - Campus de Bellvitge (Barcelona)\" \/>\n<meta property=\"article:publisher\" content=\"https:\/\/www.facebook.com\/PhysioBCN\/\" \/>\n<meta property=\"article:published_time\" content=\"2015-06-18T22:00:00+00:00\" \/>\n<meta property=\"og:image\" content=\"https:\/\/barcelona.euses.cat\/wp-content\/uploads\/2018\/02\/Art-propi-physio-int.jpg\" \/>\n\t<meta property=\"og:image:width\" content=\"1152\" \/>\n\t<meta property=\"og:image:height\" content=\"768\" \/>\n\t<meta property=\"og:image:type\" content=\"image\/jpeg\" \/>\n<meta name=\"author\" content=\"neorg\" \/>\n<meta name=\"twitter:card\" content=\"summary_large_image\" \/>\n<meta name=\"twitter:label1\" content=\"Escrito por\" \/>\n\t<meta name=\"twitter:data1\" content=\"neorg\" \/>\n\t<meta name=\"twitter:label2\" content=\"Tiempo de lectura\" \/>\n\t<meta name=\"twitter:data2\" content=\"2 minutos\" \/>\n<script type=\"application\/ld+json\" class=\"yoast-schema-graph\">{\"@context\":\"https:\\\/\\\/schema.org\",\"@graph\":[{\"@type\":\"Article\",\"@id\":\"https:\\\/\\\/barcelona.euses.cat\\\/es\\\/que-especializaciones-incluye-el-grado-en-fisioterapia-internacional-del-campus-de-barcelona\\\/#article\",\"isPartOf\":{\"@id\":\"https:\\\/\\\/barcelona.euses.cat\\\/es\\\/que-especializaciones-incluye-el-grado-en-fisioterapia-internacional-del-campus-de-barcelona\\\/\"},\"author\":{\"name\":\"neorg\",\"@id\":\"https:\\\/\\\/barcelona.euses.cat\\\/ca\\\/#\\\/schema\\\/person\\\/c3074ca9d956eacf02e41e2ff78e53ab\"},\"headline\":\"\u00bfQu\u00e9 especializaciones incluye el Grado en Fisioterapia internacional del campus de Barcelona?\",\"datePublished\":\"2015-06-18T22:00:00+00:00\",\"mainEntityOfPage\":{\"@id\":\"https:\\\/\\\/barcelona.euses.cat\\\/es\\\/que-especializaciones-incluye-el-grado-en-fisioterapia-internacional-del-campus-de-barcelona\\\/\"},\"wordCount\":340,\"image\":{\"@id\":\"https:\\\/\\\/barcelona.euses.cat\\\/es\\\/que-especializaciones-incluye-el-grado-en-fisioterapia-internacional-del-campus-de-barcelona\\\/#primaryimage\"},\"thumbnailUrl\":\"https:\\\/\\\/barcelona.euses.cat\\\/wp-content\\\/uploads\\\/2018\\\/02\\\/Art-propi-physio-int.jpg\",\"keywords\":[\"Castellano\"],\"articleSection\":[\"Sin categorizar\"],\"inLanguage\":\"es\"},{\"@type\":\"WebPage\",\"@id\":\"https:\\\/\\\/barcelona.euses.cat\\\/es\\\/que-especializaciones-incluye-el-grado-en-fisioterapia-internacional-del-campus-de-barcelona\\\/\",\"url\":\"https:\\\/\\\/barcelona.euses.cat\\\/es\\\/que-especializaciones-incluye-el-grado-en-fisioterapia-internacional-del-campus-de-barcelona\\\/\",\"name\":\"\u00bfQu\u00e9 especializaciones incluye el Grado en Fisioterapia internacional del campus de Barcelona? | EUSES - Campus de Bellvitge (Barcelona)\",\"isPartOf\":{\"@id\":\"https:\\\/\\\/barcelona.euses.cat\\\/ca\\\/#website\"},\"primaryImageOfPage\":{\"@id\":\"https:\\\/\\\/barcelona.euses.cat\\\/es\\\/que-especializaciones-incluye-el-grado-en-fisioterapia-internacional-del-campus-de-barcelona\\\/#primaryimage\"},\"image\":{\"@id\":\"https:\\\/\\\/barcelona.euses.cat\\\/es\\\/que-especializaciones-incluye-el-grado-en-fisioterapia-internacional-del-campus-de-barcelona\\\/#primaryimage\"},\"thumbnailUrl\":\"https:\\\/\\\/barcelona.euses.cat\\\/wp-content\\\/uploads\\\/2018\\\/02\\\/Art-propi-physio-int.jpg\",\"datePublished\":\"2015-06-18T22:00:00+00:00\",\"author\":{\"@id\":\"https:\\\/\\\/barcelona.euses.cat\\\/ca\\\/#\\\/schema\\\/person\\\/c3074ca9d956eacf02e41e2ff78e53ab\"},\"breadcrumb\":{\"@id\":\"https:\\\/\\\/barcelona.euses.cat\\\/es\\\/que-especializaciones-incluye-el-grado-en-fisioterapia-internacional-del-campus-de-barcelona\\\/#breadcrumb\"},\"inLanguage\":\"es\",\"potentialAction\":[{\"@type\":\"ReadAction\",\"target\":[\"https:\\\/\\\/barcelona.euses.cat\\\/es\\\/que-especializaciones-incluye-el-grado-en-fisioterapia-internacional-del-campus-de-barcelona\\\/\"]}]},{\"@type\":\"ImageObject\",\"inLanguage\":\"es\",\"@id\":\"https:\\\/\\\/barcelona.euses.cat\\\/es\\\/que-especializaciones-incluye-el-grado-en-fisioterapia-internacional-del-campus-de-barcelona\\\/#primaryimage\",\"url\":\"https:\\\/\\\/barcelona.euses.cat\\\/wp-content\\\/uploads\\\/2018\\\/02\\\/Art-propi-physio-int.jpg\",\"contentUrl\":\"https:\\\/\\\/barcelona.euses.cat\\\/wp-content\\\/uploads\\\/2018\\\/02\\\/Art-propi-physio-int.jpg\",\"width\":1152,\"height\":768},{\"@type\":\"BreadcrumbList\",\"@id\":\"https:\\\/\\\/barcelona.euses.cat\\\/es\\\/que-especializaciones-incluye-el-grado-en-fisioterapia-internacional-del-campus-de-barcelona\\\/#breadcrumb\",\"itemListElement\":[{\"@type\":\"ListItem\",\"position\":1,\"name\":\"Portada\",\"item\":\"https:\\\/\\\/barcelona.euses.cat\\\/es\\\/\"},{\"@type\":\"ListItem\",\"position\":2,\"name\":\"\u00bfQu\u00e9 especializaciones incluye el Grado en Fisioterapia internacional del campus de Barcelona?\"}]},{\"@type\":\"WebSite\",\"@id\":\"https:\\\/\\\/barcelona.euses.cat\\\/ca\\\/#website\",\"url\":\"https:\\\/\\\/barcelona.euses.cat\\\/ca\\\/\",\"name\":\"EUSES - Campus de Bellvitge (Barcelona)\",\"description\":\"EUSES, Escuela Universitaria de Fisioterapia Internacional en Barcelona\",\"potentialAction\":[{\"@type\":\"SearchAction\",\"target\":{\"@type\":\"EntryPoint\",\"urlTemplate\":\"https:\\\/\\\/barcelona.euses.cat\\\/ca\\\/?s={search_term_string}\"},\"query-input\":{\"@type\":\"PropertyValueSpecification\",\"valueRequired\":true,\"valueName\":\"search_term_string\"}}],\"inLanguage\":\"es\"},{\"@type\":\"Person\",\"@id\":\"https:\\\/\\\/barcelona.euses.cat\\\/ca\\\/#\\\/schema\\\/person\\\/c3074ca9d956eacf02e41e2ff78e53ab\",\"name\":\"neorg\",\"image\":{\"@type\":\"ImageObject\",\"inLanguage\":\"es\",\"@id\":\"https:\\\/\\\/secure.gravatar.com\\\/avatar\\\/709d3d8015183afa7401c02e2291a538cbfd4ffe62f4d86ce5f4871f22e86b09?s=96&d=mm&r=g\",\"url\":\"https:\\\/\\\/secure.gravatar.com\\\/avatar\\\/709d3d8015183afa7401c02e2291a538cbfd4ffe62f4d86ce5f4871f22e86b09?s=96&d=mm&r=g\",\"contentUrl\":\"https:\\\/\\\/secure.gravatar.com\\\/avatar\\\/709d3d8015183afa7401c02e2291a538cbfd4ffe62f4d86ce5f4871f22e86b09?s=96&d=mm&r=g\",\"caption\":\"neorg\"},\"url\":\"https:\\\/\\\/barcelona.euses.cat\\\/es\\\/author\\\/neorg\\\/\"}]}<\/script>\n<!-- \/ Yoast SEO plugin. -->","yoast_head_json":{"title":"\u00bfQu\u00e9 especializaciones incluye el Grado en Fisioterapia internacional del campus de Barcelona? | EUSES - Campus de Bellvitge (Barcelona)","robots":{"index":"index","follow":"follow","max-snippet":"max-snippet:-1","max-image-preview":"max-image-preview:large","max-video-preview":"max-video-preview:-1"},"canonical":"https:\/\/barcelona.euses.cat\/es\/que-especializaciones-incluye-el-grado-en-fisioterapia-internacional-del-campus-de-barcelona\/","og_locale":"es_ES","og_type":"article","og_title":"\u00bfQu\u00e9 especializaciones incluye el Grado en Fisioterapia internacional del campus de Barcelona? | EUSES - Campus de Bellvitge (Barcelona)","og_description":"El Grado interuniversitario en Fisioterapia Internacional de l\u2019Escola de Noves Tecnologies Interactives (ENTI-UB) y de l\u2019Escola de la Salut i l\u2019Esport (EUSES-UdG) consta de un amplio abanico de materias especializadas en fisioterapia que incorporan las \u00faltimas tendencias de la profesi\u00f3n. Al mismo tiempo, tambi\u00e9n incluye otro tipo de materias complementarias centradas en \u00e1mbitos cient\u00edficos y [&hellip;]","og_url":"https:\/\/barcelona.euses.cat\/es\/que-especializaciones-incluye-el-grado-en-fisioterapia-internacional-del-campus-de-barcelona\/","og_site_name":"EUSES - Campus de Bellvitge (Barcelona)","article_publisher":"https:\/\/www.facebook.com\/PhysioBCN\/","article_published_time":"2015-06-18T22:00:00+00:00","og_image":[{"width":1152,"height":768,"url":"https:\/\/barcelona.euses.cat\/wp-content\/uploads\/2018\/02\/Art-propi-physio-int.jpg","type":"image\/jpeg"}],"author":"neorg","twitter_card":"summary_large_image","twitter_misc":{"Escrito por":"neorg","Tiempo de lectura":"2 minutos"},"schema":{"@context":"https:\/\/schema.org","@graph":[{"@type":"Article","@id":"https:\/\/barcelona.euses.cat\/es\/que-especializaciones-incluye-el-grado-en-fisioterapia-internacional-del-campus-de-barcelona\/#article","isPartOf":{"@id":"https:\/\/barcelona.euses.cat\/es\/que-especializaciones-incluye-el-grado-en-fisioterapia-internacional-del-campus-de-barcelona\/"},"author":{"name":"neorg","@id":"https:\/\/barcelona.euses.cat\/ca\/#\/schema\/person\/c3074ca9d956eacf02e41e2ff78e53ab"},"headline":"\u00bfQu\u00e9 especializaciones incluye el Grado en Fisioterapia internacional del campus de Barcelona?","datePublished":"2015-06-18T22:00:00+00:00","mainEntityOfPage":{"@id":"https:\/\/barcelona.euses.cat\/es\/que-especializaciones-incluye-el-grado-en-fisioterapia-internacional-del-campus-de-barcelona\/"},"wordCount":340,"image":{"@id":"https:\/\/barcelona.euses.cat\/es\/que-especializaciones-incluye-el-grado-en-fisioterapia-internacional-del-campus-de-barcelona\/#primaryimage"},"thumbnailUrl":"https:\/\/barcelona.euses.cat\/wp-content\/uploads\/2018\/02\/Art-propi-physio-int.jpg","keywords":["Castellano"],"articleSection":["Sin categorizar"],"inLanguage":"es"},{"@type":"WebPage","@id":"https:\/\/barcelona.euses.cat\/es\/que-especializaciones-incluye-el-grado-en-fisioterapia-internacional-del-campus-de-barcelona\/","url":"https:\/\/barcelona.euses.cat\/es\/que-especializaciones-incluye-el-grado-en-fisioterapia-internacional-del-campus-de-barcelona\/","name":"\u00bfQu\u00e9 especializaciones incluye el Grado en Fisioterapia internacional del campus de Barcelona? | EUSES - Campus de Bellvitge (Barcelona)","isPartOf":{"@id":"https:\/\/barcelona.euses.cat\/ca\/#website"},"primaryImageOfPage":{"@id":"https:\/\/barcelona.euses.cat\/es\/que-especializaciones-incluye-el-grado-en-fisioterapia-internacional-del-campus-de-barcelona\/#primaryimage"},"image":{"@id":"https:\/\/barcelona.euses.cat\/es\/que-especializaciones-incluye-el-grado-en-fisioterapia-internacional-del-campus-de-barcelona\/#primaryimage"},"thumbnailUrl":"https:\/\/barcelona.euses.cat\/wp-content\/uploads\/2018\/02\/Art-propi-physio-int.jpg","datePublished":"2015-06-18T22:00:00+00:00","author":{"@id":"https:\/\/barcelona.euses.cat\/ca\/#\/schema\/person\/c3074ca9d956eacf02e41e2ff78e53ab"},"breadcrumb":{"@id":"https:\/\/barcelona.euses.cat\/es\/que-especializaciones-incluye-el-grado-en-fisioterapia-internacional-del-campus-de-barcelona\/#breadcrumb"},"inLanguage":"es","potentialAction":[{"@type":"ReadAction","target":["https:\/\/barcelona.euses.cat\/es\/que-especializaciones-incluye-el-grado-en-fisioterapia-internacional-del-campus-de-barcelona\/"]}]},{"@type":"ImageObject","inLanguage":"es","@id":"https:\/\/barcelona.euses.cat\/es\/que-especializaciones-incluye-el-grado-en-fisioterapia-internacional-del-campus-de-barcelona\/#primaryimage","url":"https:\/\/barcelona.euses.cat\/wp-content\/uploads\/2018\/02\/Art-propi-physio-int.jpg","contentUrl":"https:\/\/barcelona.euses.cat\/wp-content\/uploads\/2018\/02\/Art-propi-physio-int.jpg","width":1152,"height":768},{"@type":"BreadcrumbList","@id":"https:\/\/barcelona.euses.cat\/es\/que-especializaciones-incluye-el-grado-en-fisioterapia-internacional-del-campus-de-barcelona\/#breadcrumb","itemListElement":[{"@type":"ListItem","position":1,"name":"Portada","item":"https:\/\/barcelona.euses.cat\/es\/"},{"@type":"ListItem","position":2,"name":"\u00bfQu\u00e9 especializaciones incluye el Grado en Fisioterapia internacional del campus de Barcelona?"}]},{"@type":"WebSite","@id":"https:\/\/barcelona.euses.cat\/ca\/#website","url":"https:\/\/barcelona.euses.cat\/ca\/","name":"EUSES - Campus de Bellvitge (Barcelona)","description":"EUSES, Escuela Universitaria de Fisioterapia Internacional en Barcelona","potentialAction":[{"@type":"SearchAction","target":{"@type":"EntryPoint","urlTemplate":"https:\/\/barcelona.euses.cat\/ca\/?s={search_term_string}"},"query-input":{"@type":"PropertyValueSpecification","valueRequired":true,"valueName":"search_term_string"}}],"inLanguage":"es"},{"@type":"Person","@id":"https:\/\/barcelona.euses.cat\/ca\/#\/schema\/person\/c3074ca9d956eacf02e41e2ff78e53ab","name":"neorg","image":{"@type":"ImageObject","inLanguage":"es","@id":"https:\/\/secure.gravatar.com\/avatar\/709d3d8015183afa7401c02e2291a538cbfd4ffe62f4d86ce5f4871f22e86b09?s=96&d=mm&r=g","url":"https:\/\/secure.gravatar.com\/avatar\/709d3d8015183afa7401c02e2291a538cbfd4ffe62f4d86ce5f4871f22e86b09?s=96&d=mm&r=g","contentUrl":"https:\/\/secure.gravatar.com\/avatar\/709d3d8015183afa7401c02e2291a538cbfd4ffe62f4d86ce5f4871f22e86b09?s=96&d=mm&r=g","caption":"neorg"},"url":"https:\/\/barcelona.euses.cat\/es\/author\/neorg\/"}]}},"_links":{"self":[{"href":"https:\/\/barcelona.euses.cat\/es\/wp-json\/wp\/v2\/posts\/5939","targetHints":{"allow":["GET"]}}],"collection":[{"href":"https:\/\/barcelona.euses.cat\/es\/wp-json\/wp\/v2\/posts"}],"about":[{"href":"https:\/\/barcelona.euses.cat\/es\/wp-json\/wp\/v2\/types\/post"}],"author":[{"embeddable":true,"href":"https:\/\/barcelona.euses.cat\/es\/wp-json\/wp\/v2\/users\/1"}],"replies":[{"embeddable":true,"href":"https:\/\/barcelona.euses.cat\/es\/wp-json\/wp\/v2\/comments?post=5939"}],"version-history":[{"count":0,"href":"https:\/\/barcelona.euses.cat\/es\/wp-json\/wp\/v2\/posts\/5939\/revisions"}],"wp:featuredmedia":[{"embeddable":true,"href":"https:\/\/barcelona.euses.cat\/es\/wp-json\/wp\/v2\/media\/5940"}],"wp:attachment":[{"href":"https:\/\/barcelona.euses.cat\/es\/wp-json\/wp\/v2\/media?parent=5939"}],"wp:term":[{"taxonomy":"category","embeddable":true,"href":"https:\/\/barcelona.euses.cat\/es\/wp-json\/wp\/v2\/categories?post=5939"},{"taxonomy":"post_tag","embeddable":true,"href":"https:\/\/barcelona.euses.cat\/es\/wp-json\/wp\/v2\/tags?post=5939"}],"curies":[{"name":"wp","href":"https:\/\/api.w.org\/{rel}","templated":true}]}}