{"id":5929,"date":"2015-07-27T00:00:00","date_gmt":"2015-07-26T22:00:00","guid":{"rendered":"http:\/\/physiotherapybarcelona.net\/quieres-estudiar-un-grado-especializado-en-fisioterapia-en-ingles-con-vocacion-global-y-desde-barcelona-matriculate-en-septiembre-al-grado-en-fisioterapia-internacional\/"},"modified":"2015-07-27T00:00:00","modified_gmt":"2015-07-26T22:00:00","slug":"quieres-estudiar-un-grado-especializado-en-fisioterapia-en-ingles-con-vocacion-global-y-desde-barcelona-matriculate-en-septiembre-al-grado-en-fisioterapia-internacional","status":"publish","type":"post","link":"https:\/\/barcelona.euses.cat\/es\/quieres-estudiar-un-grado-especializado-en-fisioterapia-en-ingles-con-vocacion-global-y-desde-barcelona-matriculate-en-septiembre-al-grado-en-fisioterapia-internacional\/","title":{"rendered":"\u00bfQuieres estudiar un Grado especializado en fisioterapia en ingl\u00e9s, con vocaci\u00f3n global y desde Barcelona? Matric\u00falate en septiembre al Grado en Fisioterapia Internacional"},"content":{"rendered":"<p>El <strong>Grado en Fisioterapia Internacional<\/strong>, de <strong>l\u2019Escola de Noves Tecnologies Interactives (ENTI-UB) i de l\u2019Escola de la Salut i l\u2019Esport (EUSES-UdG)<\/strong>, es la <strong>primera titulaci\u00f3n<\/strong> 100% en <strong>ingl\u00e9s <\/strong>especializada en <strong>fisioterapia<\/strong>. Desde el primer curso, en el <strong>Campus de Barcelona<\/strong>, \u200b\u200blas <strong>clases <\/strong>se llevan a cabo <strong>\u00edntegramente<\/strong> <strong>en lengua inglesa<\/strong>. Un idioma imprescindible, tanto para el conocimiento de la producci\u00f3n cient\u00edfica como para la adquisici\u00f3n de un \u00f3ptimo nivel profesional. Sin duda, el dominio del <strong>ingl\u00e9s<\/strong> es clave para <strong>abrir las puertas de tu futuro laboral<\/strong>, tanto en el mercado nacional como en el europeo.<\/p>\n<p>Adem\u00e1s, gracias a la <strong>uni\u00f3n de EUSES y ENTI-UB<\/strong>, aprender\u00e1s los diferentes aspectos de la fisioterapia, <strong>aplicando las nuevas tecnolog\u00edas<\/strong>. Como alumno obtendr\u00e1s la experiencia de una <strong>formaci\u00f3n universitaria pionera en nuevas tecnolog\u00edas:<\/strong> desarrollo de herramientas de valoraci\u00f3n desde la fisioterapia; aplicaci\u00f3n de nuevos avances tecnol\u00f3gicos; e incluso, la posibilidad de trabajar en la <strong>creaci\u00f3n de nuevas aplicaciones tecnol\u00f3gicas<\/strong> como apps m\u00f3viles o software inform\u00e1tico en el \u00e1mbito de la fisioterapia.<\/p>\n<p>As\u00ed pues, mientras estudies el <strong>Grado en Fisioterapia Internacional UB-UdG<\/strong>, conocer\u00e1s a fondo c\u00f3mo se aplican las <strong>tecnolog\u00edas m\u00e1s punteras en el \u00e1mbito de la fisioterapia<\/strong> y la salud. Sin duda, las llamadas <strong>TIC sanitarias o la eHealth<\/strong> suponen un <strong>avance<\/strong> <strong>en la atenci\u00f3n sanitaria<\/strong> y en el <strong>intercambio<\/strong> <strong>de<\/strong> <strong>informaci\u00f3n<\/strong> entre los <strong>profesionales<\/strong> de la salud.<\/p>\n<p>Todo ello de la mano de un <strong>equipo docente<\/strong>, altamente <strong>cualificado<\/strong> en el \u00e1mbito de la <strong>docencia<\/strong>, con a\u00f1os de experiencia en la pr\u00e1ctica cl\u00ednica y criterios curriculares de excelencia acad\u00e9mica. Por tanto, una vez <strong>te hayas graduado<\/strong>, dispondr\u00e1s de <strong>notables conocimientos<\/strong> para convertirte en un <strong>nuevo profesional<\/strong> con car\u00e1cter internacional, con <strong>capacidad de generar nuevos recursos.<\/strong><\/p>\n<p>Por otra parte, cabe destacar que este <strong>Grado<\/strong> se fundamenta en el <strong>aprendizaje pr\u00e1ctico<\/strong>, basado en una s\u00f3lida formaci\u00f3n te\u00f3rica, manteniendo en todo momento un <strong>continuo v\u00ednculo<\/strong> entre el desarrollo <strong>acad\u00e9mico<\/strong> y el <strong>mundo profesional<\/strong>.<\/p>\n<p>Ven a estudiar el <strong>primer Grado en ingl\u00e9s<\/strong> especializado en <strong>fisioterapia<\/strong>. Matric\u00falate en el <a href=\"http:\/\/goo.gl\/58Beku\"><strong>Grado en Fisioterapia Internacional UB-UdG<\/strong><\/a><strong>.<\/strong><\/p>\n","protected":false},"excerpt":{"rendered":"<p>El Grado en Fisioterapia Internacional, de l\u2019Escola de Noves Tecnologies Interactives (ENTI-UB) i de l\u2019Escola de la Salut i l\u2019Esport (EUSES-UdG), es la primera titulaci\u00f3n 100% en ingl\u00e9s especializada en fisioterapia. Desde el primer curso, en el Campus de Barcelona, \u200b\u200blas clases se llevan a cabo \u00edntegramente en lengua inglesa. Un idioma imprescindible, tanto para [&hellip;]<\/p>\n","protected":false},"author":1,"featured_media":5632,"comment_status":"closed","ping_status":"closed","sticky":false,"template":"","format":"standard","meta":{"_acf_changed":false,"inline_featured_image":false,"_joinchat":[],"footnotes":""},"categories":[1],"tags":[44],"class_list":["post-5929","post","type-post","status-publish","format-standard","has-post-thumbnail","hentry","category-sin-categorizar","tag-castellano"],"acf":[],"yoast_head":"<!-- This site is optimized with the Yoast SEO plugin v27.4 - https:\/\/yoast.com\/product\/yoast-seo-wordpress\/ -->\n<title>\u00bfQuieres estudiar un Grado especializado en fisioterapia en ingl\u00e9s, con vocaci\u00f3n global y desde Barcelona? Matric\u00falate en septiembre al Grado en Fisioterapia Internacional | EUSES - Campus de Bellvitge (Barcelona)<\/title>\n<meta name=\"robots\" content=\"index, follow, max-snippet:-1, max-image-preview:large, max-video-preview:-1\" \/>\n<link rel=\"canonical\" href=\"https:\/\/barcelona.euses.cat\/es\/quieres-estudiar-un-grado-especializado-en-fisioterapia-en-ingles-con-vocacion-global-y-desde-barcelona-matriculate-en-septiembre-al-grado-en-fisioterapia-internacional\/\" \/>\n<meta property=\"og:locale\" content=\"es_ES\" \/>\n<meta property=\"og:type\" content=\"article\" \/>\n<meta property=\"og:title\" content=\"\u00bfQuieres estudiar un Grado especializado en fisioterapia en ingl\u00e9s, con vocaci\u00f3n global y desde Barcelona? Matric\u00falate en septiembre al Grado en Fisioterapia Internacional | EUSES - Campus de Bellvitge (Barcelona)\" \/>\n<meta property=\"og:description\" content=\"El Grado en Fisioterapia Internacional, de l\u2019Escola de Noves Tecnologies Interactives (ENTI-UB) i de l\u2019Escola de la Salut i l\u2019Esport (EUSES-UdG), es la primera titulaci\u00f3n 100% en ingl\u00e9s especializada en fisioterapia. Desde el primer curso, en el Campus de Barcelona, \u200b\u200blas clases se llevan a cabo \u00edntegramente en lengua inglesa. Un idioma imprescindible, tanto para [&hellip;]\" \/>\n<meta property=\"og:url\" content=\"https:\/\/barcelona.euses.cat\/es\/quieres-estudiar-un-grado-especializado-en-fisioterapia-en-ingles-con-vocacion-global-y-desde-barcelona-matriculate-en-septiembre-al-grado-en-fisioterapia-internacional\/\" \/>\n<meta property=\"og:site_name\" content=\"EUSES - Campus de Bellvitge (Barcelona)\" \/>\n<meta property=\"article:publisher\" content=\"https:\/\/www.facebook.com\/PhysioBCN\/\" \/>\n<meta property=\"article:published_time\" content=\"2015-07-26T22:00:00+00:00\" \/>\n<meta property=\"og:image\" content=\"https:\/\/barcelona.euses.cat\/wp-content\/uploads\/2018\/02\/Vols-estudiar-un-Grau-en-angl\u00e8s-especialitzat-en-fisioter\u00e0pia.-Matricula\u2019t-al-setembre-al-Grau-en-Fisioter\u00e0pia-Internacional-al-Campus-de-Barcelona.jpg\" \/>\n\t<meta property=\"og:image:width\" content=\"964\" \/>\n\t<meta property=\"og:image:height\" content=\"722\" \/>\n\t<meta property=\"og:image:type\" content=\"image\/jpeg\" \/>\n<meta name=\"author\" content=\"neorg\" \/>\n<meta name=\"twitter:card\" content=\"summary_large_image\" \/>\n<meta name=\"twitter:label1\" content=\"Escrito por\" \/>\n\t<meta name=\"twitter:data1\" content=\"neorg\" \/>\n\t<meta name=\"twitter:label2\" content=\"Tiempo de lectura\" \/>\n\t<meta name=\"twitter:data2\" content=\"2 minutos\" \/>\n<script type=\"application\/ld+json\" class=\"yoast-schema-graph\">{\"@context\":\"https:\\\/\\\/schema.org\",\"@graph\":[{\"@type\":\"Article\",\"@id\":\"https:\\\/\\\/barcelona.euses.cat\\\/es\\\/quieres-estudiar-un-grado-especializado-en-fisioterapia-en-ingles-con-vocacion-global-y-desde-barcelona-matriculate-en-septiembre-al-grado-en-fisioterapia-internacional\\\/#article\",\"isPartOf\":{\"@id\":\"https:\\\/\\\/barcelona.euses.cat\\\/es\\\/quieres-estudiar-un-grado-especializado-en-fisioterapia-en-ingles-con-vocacion-global-y-desde-barcelona-matriculate-en-septiembre-al-grado-en-fisioterapia-internacional\\\/\"},\"author\":{\"name\":\"neorg\",\"@id\":\"https:\\\/\\\/barcelona.euses.cat\\\/ca\\\/#\\\/schema\\\/person\\\/c3074ca9d956eacf02e41e2ff78e53ab\"},\"headline\":\"\u00bfQuieres estudiar un Grado especializado en fisioterapia en ingl\u00e9s, con vocaci\u00f3n global y desde Barcelona? Matric\u00falate en septiembre al Grado en Fisioterapia Internacional\",\"datePublished\":\"2015-07-26T22:00:00+00:00\",\"mainEntityOfPage\":{\"@id\":\"https:\\\/\\\/barcelona.euses.cat\\\/es\\\/quieres-estudiar-un-grado-especializado-en-fisioterapia-en-ingles-con-vocacion-global-y-desde-barcelona-matriculate-en-septiembre-al-grado-en-fisioterapia-internacional\\\/\"},\"wordCount\":402,\"image\":{\"@id\":\"https:\\\/\\\/barcelona.euses.cat\\\/es\\\/quieres-estudiar-un-grado-especializado-en-fisioterapia-en-ingles-con-vocacion-global-y-desde-barcelona-matriculate-en-septiembre-al-grado-en-fisioterapia-internacional\\\/#primaryimage\"},\"thumbnailUrl\":\"https:\\\/\\\/barcelona.euses.cat\\\/wp-content\\\/uploads\\\/2018\\\/02\\\/Vols-estudiar-un-Grau-en-angl\u00e8s-especialitzat-en-fisioter\u00e0pia.-Matricula\u2019t-al-setembre-al-Grau-en-Fisioter\u00e0pia-Internacional-al-Campus-de-Barcelona.jpg\",\"keywords\":[\"Castellano\"],\"articleSection\":[\"Sin categorizar\"],\"inLanguage\":\"es\"},{\"@type\":\"WebPage\",\"@id\":\"https:\\\/\\\/barcelona.euses.cat\\\/es\\\/quieres-estudiar-un-grado-especializado-en-fisioterapia-en-ingles-con-vocacion-global-y-desde-barcelona-matriculate-en-septiembre-al-grado-en-fisioterapia-internacional\\\/\",\"url\":\"https:\\\/\\\/barcelona.euses.cat\\\/es\\\/quieres-estudiar-un-grado-especializado-en-fisioterapia-en-ingles-con-vocacion-global-y-desde-barcelona-matriculate-en-septiembre-al-grado-en-fisioterapia-internacional\\\/\",\"name\":\"\u00bfQuieres estudiar un Grado especializado en fisioterapia en ingl\u00e9s, con vocaci\u00f3n global y desde Barcelona? Matric\u00falate en septiembre al Grado en Fisioterapia Internacional | EUSES - Campus de Bellvitge (Barcelona)\",\"isPartOf\":{\"@id\":\"https:\\\/\\\/barcelona.euses.cat\\\/ca\\\/#website\"},\"primaryImageOfPage\":{\"@id\":\"https:\\\/\\\/barcelona.euses.cat\\\/es\\\/quieres-estudiar-un-grado-especializado-en-fisioterapia-en-ingles-con-vocacion-global-y-desde-barcelona-matriculate-en-septiembre-al-grado-en-fisioterapia-internacional\\\/#primaryimage\"},\"image\":{\"@id\":\"https:\\\/\\\/barcelona.euses.cat\\\/es\\\/quieres-estudiar-un-grado-especializado-en-fisioterapia-en-ingles-con-vocacion-global-y-desde-barcelona-matriculate-en-septiembre-al-grado-en-fisioterapia-internacional\\\/#primaryimage\"},\"thumbnailUrl\":\"https:\\\/\\\/barcelona.euses.cat\\\/wp-content\\\/uploads\\\/2018\\\/02\\\/Vols-estudiar-un-Grau-en-angl\u00e8s-especialitzat-en-fisioter\u00e0pia.-Matricula\u2019t-al-setembre-al-Grau-en-Fisioter\u00e0pia-Internacional-al-Campus-de-Barcelona.jpg\",\"datePublished\":\"2015-07-26T22:00:00+00:00\",\"author\":{\"@id\":\"https:\\\/\\\/barcelona.euses.cat\\\/ca\\\/#\\\/schema\\\/person\\\/c3074ca9d956eacf02e41e2ff78e53ab\"},\"breadcrumb\":{\"@id\":\"https:\\\/\\\/barcelona.euses.cat\\\/es\\\/quieres-estudiar-un-grado-especializado-en-fisioterapia-en-ingles-con-vocacion-global-y-desde-barcelona-matriculate-en-septiembre-al-grado-en-fisioterapia-internacional\\\/#breadcrumb\"},\"inLanguage\":\"es\",\"potentialAction\":[{\"@type\":\"ReadAction\",\"target\":[\"https:\\\/\\\/barcelona.euses.cat\\\/es\\\/quieres-estudiar-un-grado-especializado-en-fisioterapia-en-ingles-con-vocacion-global-y-desde-barcelona-matriculate-en-septiembre-al-grado-en-fisioterapia-internacional\\\/\"]}]},{\"@type\":\"ImageObject\",\"inLanguage\":\"es\",\"@id\":\"https:\\\/\\\/barcelona.euses.cat\\\/es\\\/quieres-estudiar-un-grado-especializado-en-fisioterapia-en-ingles-con-vocacion-global-y-desde-barcelona-matriculate-en-septiembre-al-grado-en-fisioterapia-internacional\\\/#primaryimage\",\"url\":\"https:\\\/\\\/barcelona.euses.cat\\\/wp-content\\\/uploads\\\/2018\\\/02\\\/Vols-estudiar-un-Grau-en-angl\u00e8s-especialitzat-en-fisioter\u00e0pia.-Matricula\u2019t-al-setembre-al-Grau-en-Fisioter\u00e0pia-Internacional-al-Campus-de-Barcelona.jpg\",\"contentUrl\":\"https:\\\/\\\/barcelona.euses.cat\\\/wp-content\\\/uploads\\\/2018\\\/02\\\/Vols-estudiar-un-Grau-en-angl\u00e8s-especialitzat-en-fisioter\u00e0pia.-Matricula\u2019t-al-setembre-al-Grau-en-Fisioter\u00e0pia-Internacional-al-Campus-de-Barcelona.jpg\",\"width\":964,\"height\":722},{\"@type\":\"BreadcrumbList\",\"@id\":\"https:\\\/\\\/barcelona.euses.cat\\\/es\\\/quieres-estudiar-un-grado-especializado-en-fisioterapia-en-ingles-con-vocacion-global-y-desde-barcelona-matriculate-en-septiembre-al-grado-en-fisioterapia-internacional\\\/#breadcrumb\",\"itemListElement\":[{\"@type\":\"ListItem\",\"position\":1,\"name\":\"Portada\",\"item\":\"https:\\\/\\\/barcelona.euses.cat\\\/es\\\/\"},{\"@type\":\"ListItem\",\"position\":2,\"name\":\"\u00bfQuieres estudiar un Grado especializado en fisioterapia en ingl\u00e9s, con vocaci\u00f3n global y desde Barcelona? Matric\u00falate en septiembre al Grado en Fisioterapia Internacional\"}]},{\"@type\":\"WebSite\",\"@id\":\"https:\\\/\\\/barcelona.euses.cat\\\/ca\\\/#website\",\"url\":\"https:\\\/\\\/barcelona.euses.cat\\\/ca\\\/\",\"name\":\"EUSES - Campus de Bellvitge (Barcelona)\",\"description\":\"EUSES, Escuela Universitaria de Fisioterapia Internacional en Barcelona\",\"potentialAction\":[{\"@type\":\"SearchAction\",\"target\":{\"@type\":\"EntryPoint\",\"urlTemplate\":\"https:\\\/\\\/barcelona.euses.cat\\\/ca\\\/?s={search_term_string}\"},\"query-input\":{\"@type\":\"PropertyValueSpecification\",\"valueRequired\":true,\"valueName\":\"search_term_string\"}}],\"inLanguage\":\"es\"},{\"@type\":\"Person\",\"@id\":\"https:\\\/\\\/barcelona.euses.cat\\\/ca\\\/#\\\/schema\\\/person\\\/c3074ca9d956eacf02e41e2ff78e53ab\",\"name\":\"neorg\",\"image\":{\"@type\":\"ImageObject\",\"inLanguage\":\"es\",\"@id\":\"https:\\\/\\\/secure.gravatar.com\\\/avatar\\\/709d3d8015183afa7401c02e2291a538cbfd4ffe62f4d86ce5f4871f22e86b09?s=96&d=mm&r=g\",\"url\":\"https:\\\/\\\/secure.gravatar.com\\\/avatar\\\/709d3d8015183afa7401c02e2291a538cbfd4ffe62f4d86ce5f4871f22e86b09?s=96&d=mm&r=g\",\"contentUrl\":\"https:\\\/\\\/secure.gravatar.com\\\/avatar\\\/709d3d8015183afa7401c02e2291a538cbfd4ffe62f4d86ce5f4871f22e86b09?s=96&d=mm&r=g\",\"caption\":\"neorg\"},\"url\":\"https:\\\/\\\/barcelona.euses.cat\\\/es\\\/author\\\/neorg\\\/\"}]}<\/script>\n<!-- \/ Yoast SEO plugin. -->","yoast_head_json":{"title":"\u00bfQuieres estudiar un Grado especializado en fisioterapia en ingl\u00e9s, con vocaci\u00f3n global y desde Barcelona? Matric\u00falate en septiembre al Grado en Fisioterapia Internacional | EUSES - Campus de Bellvitge (Barcelona)","robots":{"index":"index","follow":"follow","max-snippet":"max-snippet:-1","max-image-preview":"max-image-preview:large","max-video-preview":"max-video-preview:-1"},"canonical":"https:\/\/barcelona.euses.cat\/es\/quieres-estudiar-un-grado-especializado-en-fisioterapia-en-ingles-con-vocacion-global-y-desde-barcelona-matriculate-en-septiembre-al-grado-en-fisioterapia-internacional\/","og_locale":"es_ES","og_type":"article","og_title":"\u00bfQuieres estudiar un Grado especializado en fisioterapia en ingl\u00e9s, con vocaci\u00f3n global y desde Barcelona? Matric\u00falate en septiembre al Grado en Fisioterapia Internacional | EUSES - Campus de Bellvitge (Barcelona)","og_description":"El Grado en Fisioterapia Internacional, de l\u2019Escola de Noves Tecnologies Interactives (ENTI-UB) i de l\u2019Escola de la Salut i l\u2019Esport (EUSES-UdG), es la primera titulaci\u00f3n 100% en ingl\u00e9s especializada en fisioterapia. Desde el primer curso, en el Campus de Barcelona, \u200b\u200blas clases se llevan a cabo \u00edntegramente en lengua inglesa. Un idioma imprescindible, tanto para [&hellip;]","og_url":"https:\/\/barcelona.euses.cat\/es\/quieres-estudiar-un-grado-especializado-en-fisioterapia-en-ingles-con-vocacion-global-y-desde-barcelona-matriculate-en-septiembre-al-grado-en-fisioterapia-internacional\/","og_site_name":"EUSES - Campus de Bellvitge (Barcelona)","article_publisher":"https:\/\/www.facebook.com\/PhysioBCN\/","article_published_time":"2015-07-26T22:00:00+00:00","og_image":[{"width":964,"height":722,"url":"https:\/\/barcelona.euses.cat\/wp-content\/uploads\/2018\/02\/Vols-estudiar-un-Grau-en-angl\u00e8s-especialitzat-en-fisioter\u00e0pia.-Matricula\u2019t-al-setembre-al-Grau-en-Fisioter\u00e0pia-Internacional-al-Campus-de-Barcelona.jpg","type":"image\/jpeg"}],"author":"neorg","twitter_card":"summary_large_image","twitter_misc":{"Escrito por":"neorg","Tiempo de lectura":"2 minutos"},"schema":{"@context":"https:\/\/schema.org","@graph":[{"@type":"Article","@id":"https:\/\/barcelona.euses.cat\/es\/quieres-estudiar-un-grado-especializado-en-fisioterapia-en-ingles-con-vocacion-global-y-desde-barcelona-matriculate-en-septiembre-al-grado-en-fisioterapia-internacional\/#article","isPartOf":{"@id":"https:\/\/barcelona.euses.cat\/es\/quieres-estudiar-un-grado-especializado-en-fisioterapia-en-ingles-con-vocacion-global-y-desde-barcelona-matriculate-en-septiembre-al-grado-en-fisioterapia-internacional\/"},"author":{"name":"neorg","@id":"https:\/\/barcelona.euses.cat\/ca\/#\/schema\/person\/c3074ca9d956eacf02e41e2ff78e53ab"},"headline":"\u00bfQuieres estudiar un Grado especializado en fisioterapia en ingl\u00e9s, con vocaci\u00f3n global y desde Barcelona? Matric\u00falate en septiembre al Grado en Fisioterapia Internacional","datePublished":"2015-07-26T22:00:00+00:00","mainEntityOfPage":{"@id":"https:\/\/barcelona.euses.cat\/es\/quieres-estudiar-un-grado-especializado-en-fisioterapia-en-ingles-con-vocacion-global-y-desde-barcelona-matriculate-en-septiembre-al-grado-en-fisioterapia-internacional\/"},"wordCount":402,"image":{"@id":"https:\/\/barcelona.euses.cat\/es\/quieres-estudiar-un-grado-especializado-en-fisioterapia-en-ingles-con-vocacion-global-y-desde-barcelona-matriculate-en-septiembre-al-grado-en-fisioterapia-internacional\/#primaryimage"},"thumbnailUrl":"https:\/\/barcelona.euses.cat\/wp-content\/uploads\/2018\/02\/Vols-estudiar-un-Grau-en-angl\u00e8s-especialitzat-en-fisioter\u00e0pia.-Matricula\u2019t-al-setembre-al-Grau-en-Fisioter\u00e0pia-Internacional-al-Campus-de-Barcelona.jpg","keywords":["Castellano"],"articleSection":["Sin categorizar"],"inLanguage":"es"},{"@type":"WebPage","@id":"https:\/\/barcelona.euses.cat\/es\/quieres-estudiar-un-grado-especializado-en-fisioterapia-en-ingles-con-vocacion-global-y-desde-barcelona-matriculate-en-septiembre-al-grado-en-fisioterapia-internacional\/","url":"https:\/\/barcelona.euses.cat\/es\/quieres-estudiar-un-grado-especializado-en-fisioterapia-en-ingles-con-vocacion-global-y-desde-barcelona-matriculate-en-septiembre-al-grado-en-fisioterapia-internacional\/","name":"\u00bfQuieres estudiar un Grado especializado en fisioterapia en ingl\u00e9s, con vocaci\u00f3n global y desde Barcelona? Matric\u00falate en septiembre al Grado en Fisioterapia Internacional | EUSES - Campus de Bellvitge (Barcelona)","isPartOf":{"@id":"https:\/\/barcelona.euses.cat\/ca\/#website"},"primaryImageOfPage":{"@id":"https:\/\/barcelona.euses.cat\/es\/quieres-estudiar-un-grado-especializado-en-fisioterapia-en-ingles-con-vocacion-global-y-desde-barcelona-matriculate-en-septiembre-al-grado-en-fisioterapia-internacional\/#primaryimage"},"image":{"@id":"https:\/\/barcelona.euses.cat\/es\/quieres-estudiar-un-grado-especializado-en-fisioterapia-en-ingles-con-vocacion-global-y-desde-barcelona-matriculate-en-septiembre-al-grado-en-fisioterapia-internacional\/#primaryimage"},"thumbnailUrl":"https:\/\/barcelona.euses.cat\/wp-content\/uploads\/2018\/02\/Vols-estudiar-un-Grau-en-angl\u00e8s-especialitzat-en-fisioter\u00e0pia.-Matricula\u2019t-al-setembre-al-Grau-en-Fisioter\u00e0pia-Internacional-al-Campus-de-Barcelona.jpg","datePublished":"2015-07-26T22:00:00+00:00","author":{"@id":"https:\/\/barcelona.euses.cat\/ca\/#\/schema\/person\/c3074ca9d956eacf02e41e2ff78e53ab"},"breadcrumb":{"@id":"https:\/\/barcelona.euses.cat\/es\/quieres-estudiar-un-grado-especializado-en-fisioterapia-en-ingles-con-vocacion-global-y-desde-barcelona-matriculate-en-septiembre-al-grado-en-fisioterapia-internacional\/#breadcrumb"},"inLanguage":"es","potentialAction":[{"@type":"ReadAction","target":["https:\/\/barcelona.euses.cat\/es\/quieres-estudiar-un-grado-especializado-en-fisioterapia-en-ingles-con-vocacion-global-y-desde-barcelona-matriculate-en-septiembre-al-grado-en-fisioterapia-internacional\/"]}]},{"@type":"ImageObject","inLanguage":"es","@id":"https:\/\/barcelona.euses.cat\/es\/quieres-estudiar-un-grado-especializado-en-fisioterapia-en-ingles-con-vocacion-global-y-desde-barcelona-matriculate-en-septiembre-al-grado-en-fisioterapia-internacional\/#primaryimage","url":"https:\/\/barcelona.euses.cat\/wp-content\/uploads\/2018\/02\/Vols-estudiar-un-Grau-en-angl\u00e8s-especialitzat-en-fisioter\u00e0pia.-Matricula\u2019t-al-setembre-al-Grau-en-Fisioter\u00e0pia-Internacional-al-Campus-de-Barcelona.jpg","contentUrl":"https:\/\/barcelona.euses.cat\/wp-content\/uploads\/2018\/02\/Vols-estudiar-un-Grau-en-angl\u00e8s-especialitzat-en-fisioter\u00e0pia.-Matricula\u2019t-al-setembre-al-Grau-en-Fisioter\u00e0pia-Internacional-al-Campus-de-Barcelona.jpg","width":964,"height":722},{"@type":"BreadcrumbList","@id":"https:\/\/barcelona.euses.cat\/es\/quieres-estudiar-un-grado-especializado-en-fisioterapia-en-ingles-con-vocacion-global-y-desde-barcelona-matriculate-en-septiembre-al-grado-en-fisioterapia-internacional\/#breadcrumb","itemListElement":[{"@type":"ListItem","position":1,"name":"Portada","item":"https:\/\/barcelona.euses.cat\/es\/"},{"@type":"ListItem","position":2,"name":"\u00bfQuieres estudiar un Grado especializado en fisioterapia en ingl\u00e9s, con vocaci\u00f3n global y desde Barcelona? Matric\u00falate en septiembre al Grado en Fisioterapia Internacional"}]},{"@type":"WebSite","@id":"https:\/\/barcelona.euses.cat\/ca\/#website","url":"https:\/\/barcelona.euses.cat\/ca\/","name":"EUSES - Campus de Bellvitge (Barcelona)","description":"EUSES, Escuela Universitaria de Fisioterapia Internacional en Barcelona","potentialAction":[{"@type":"SearchAction","target":{"@type":"EntryPoint","urlTemplate":"https:\/\/barcelona.euses.cat\/ca\/?s={search_term_string}"},"query-input":{"@type":"PropertyValueSpecification","valueRequired":true,"valueName":"search_term_string"}}],"inLanguage":"es"},{"@type":"Person","@id":"https:\/\/barcelona.euses.cat\/ca\/#\/schema\/person\/c3074ca9d956eacf02e41e2ff78e53ab","name":"neorg","image":{"@type":"ImageObject","inLanguage":"es","@id":"https:\/\/secure.gravatar.com\/avatar\/709d3d8015183afa7401c02e2291a538cbfd4ffe62f4d86ce5f4871f22e86b09?s=96&d=mm&r=g","url":"https:\/\/secure.gravatar.com\/avatar\/709d3d8015183afa7401c02e2291a538cbfd4ffe62f4d86ce5f4871f22e86b09?s=96&d=mm&r=g","contentUrl":"https:\/\/secure.gravatar.com\/avatar\/709d3d8015183afa7401c02e2291a538cbfd4ffe62f4d86ce5f4871f22e86b09?s=96&d=mm&r=g","caption":"neorg"},"url":"https:\/\/barcelona.euses.cat\/es\/author\/neorg\/"}]}},"_links":{"self":[{"href":"https:\/\/barcelona.euses.cat\/es\/wp-json\/wp\/v2\/posts\/5929","targetHints":{"allow":["GET"]}}],"collection":[{"href":"https:\/\/barcelona.euses.cat\/es\/wp-json\/wp\/v2\/posts"}],"about":[{"href":"https:\/\/barcelona.euses.cat\/es\/wp-json\/wp\/v2\/types\/post"}],"author":[{"embeddable":true,"href":"https:\/\/barcelona.euses.cat\/es\/wp-json\/wp\/v2\/users\/1"}],"replies":[{"embeddable":true,"href":"https:\/\/barcelona.euses.cat\/es\/wp-json\/wp\/v2\/comments?post=5929"}],"version-history":[{"count":0,"href":"https:\/\/barcelona.euses.cat\/es\/wp-json\/wp\/v2\/posts\/5929\/revisions"}],"wp:featuredmedia":[{"embeddable":true,"href":"https:\/\/barcelona.euses.cat\/es\/wp-json\/wp\/v2\/media\/5632"}],"wp:attachment":[{"href":"https:\/\/barcelona.euses.cat\/es\/wp-json\/wp\/v2\/media?parent=5929"}],"wp:term":[{"taxonomy":"category","embeddable":true,"href":"https:\/\/barcelona.euses.cat\/es\/wp-json\/wp\/v2\/categories?post=5929"},{"taxonomy":"post_tag","embeddable":true,"href":"https:\/\/barcelona.euses.cat\/es\/wp-json\/wp\/v2\/tags?post=5929"}],"curies":[{"name":"wp","href":"https:\/\/api.w.org\/{rel}","templated":true}]}}